{"id":3148,"date":"2026-03-24T04:28:54","date_gmt":"2026-03-24T04:28:54","guid":{"rendered":"https:\/\/viniciojarquin.com\/blog\/?p=3148"},"modified":"2026-03-24T04:29:37","modified_gmt":"2026-03-24T04:29:37","slug":"cuando-el-pensamiento-se-vuelve-opcional","status":"publish","type":"post","link":"https:\/\/viniciojarquin.com\/blog\/cuando-el-pensamiento-se-vuelve-opcional\/","title":{"rendered":"Cuando el pensamiento se vuelve opcional"},"content":{"rendered":"\n<figure class=\"wp-block-image size-full\"><img decoding=\"async\" width=\"800\" height=\"533\" data-src=\"https:\/\/viniciojarquin.com\/blog\/wp-content\/uploads\/2026\/03\/Cuando-el-pensamiento-se-vuelve-opcional.png\" alt=\"\" class=\"wp-image-3149 lazyload\" data-srcset=\"https:\/\/viniciojarquin.com\/blog\/wp-content\/uploads\/2026\/03\/Cuando-el-pensamiento-se-vuelve-opcional.png 800w, https:\/\/viniciojarquin.com\/blog\/wp-content\/uploads\/2026\/03\/Cuando-el-pensamiento-se-vuelve-opcional-300x200.png 300w, https:\/\/viniciojarquin.com\/blog\/wp-content\/uploads\/2026\/03\/Cuando-el-pensamiento-se-vuelve-opcional-768x512.png 768w\" data-sizes=\"(max-width: 800px) 100vw, 800px\" src=\"data:image\/svg+xml;base64,PHN2ZyB3aWR0aD0iMSIgaGVpZ2h0PSIxIiB4bWxucz0iaHR0cDovL3d3dy53My5vcmcvMjAwMC9zdmciPjwvc3ZnPg==\" style=\"--smush-placeholder-width: 800px; --smush-placeholder-aspect-ratio: 800\/533;\" \/><\/figure>\n\n\n\n<p>Hay momentos en los que el voto deja de ser una decisi\u00f3n consciente y empieza a parecerse m\u00e1s a una reacci\u00f3n autom\u00e1tica. No lo digo para descalificar a nadie, sino para invitar a una reflexi\u00f3n inc\u00f3moda pero necesaria. Porque cuando una persona vota, no solo elige a alguien\u2026 tambi\u00e9n asume la responsabilidad de seguir pensando despu\u00e9s de haber elegido. Y esa responsabilidad, para muchos, nunca lleg\u00f3.<\/p>\n\n\n\n<p>Porque no hubo an\u00e1lisis. Hubo repetici\u00f3n. Se adoptaron frases, posturas y defensas sin procesarlas. Se repitieron consignas como si fueran convicciones. Y lo que apareci\u00f3 no fue criterio propio, sino la necesidad urgente de sostener una decisi\u00f3n que nunca se examin\u00f3 a fondo.<\/p>\n\n\n\n<p>Ah\u00ed es donde el riesgo se vuelve m\u00e1s evidente. No en haber votado por alguien, sino en sentirse obligado a justificar todo lo que venga despu\u00e9s, sin importar lo que sea. Cuando el voto no fue reflexionado, lo que sigue es un intento constante de validarlo. Y en ese proceso, los argumentos pierden solidez. Se vuelven circulares, emocionales, incapaces de sostenerse cuando se les exige l\u00f3gica b\u00e1sica. No porque la persona sea incapaz de pensar, sino porque dej\u00f3 de hacerlo en alg\u00fan punto del camino.<\/p>\n\n\n\n<p>Y entonces ocurre algo m\u00e1s inquietante: se empiezan a aceptar \u2014p\u00fablicamente\u2014 acciones y resultados que antes habr\u00edan generado rechazo inmediato. Cosas que antes incomodaban, ahora se justifican. Cosas que antes parec\u00edan inaceptables, ahora se defienden con fervor. La democracia, los derechos humanos, la institucionalidad\u2026 todo eso que alguna vez import\u00f3, se convierte en obst\u00e1culo o en pretexto del enemigo. No porque se haya llegado a esa conclusi\u00f3n por razonamiento propio, sino porque el l\u00edder lo dijo, y el l\u00edder no puede estar equivocado.<\/p>\n\n\n\n<p>Porque eso es exactamente lo que caracteriza una din\u00e1mica de secta: la figura central es intocable. Cuestionarla no est\u00e1 permitido. No como regla escrita, sino como mecanismo emocional profundo. Si alguien se\u00f1ala una contradicci\u00f3n, no se responde con argumentos: se ataca al mensajero. Si la evidencia no favorece al l\u00edder, no se analiza: se descarta como fabricaci\u00f3n, como conspiraci\u00f3n, como ataque coordinado. La evidencia no les aplica porque, si les aplicara, tendr\u00edan que admitir algo que duele demasiado: que los utilizaron. Que creyeron. Que se equivocaron. Y eso, para quien construy\u00f3 su identidad alrededor de esa decisi\u00f3n, se siente como una humillaci\u00f3n inaceptable.<\/p>\n\n\n\n<p>Pero hay algo m\u00e1s sofisticado en este fen\u00f3meno, y es la redefinici\u00f3n sistem\u00e1tica de conceptos. Poco a poco, las palabras empiezan a significar lo que el l\u00edder necesita que signifiquen. La justicia ya no es lo que imparten los tribunales independientes: es lo que \u00e9l declara justo. La democracia ya no es el sistema de frenos y contrapesos: es la voluntad de su base. Lo institucional se vuelve sospechoso; lo que antes era garant\u00eda, ahora es obst\u00e1culo. Y quienes siguen creyendo en las definiciones originales son se\u00f1alados como enemigos del pueblo, del cambio, del progreso. As\u00ed, sin que nadie lo note claramente, el lenguaje se vac\u00eda y se rellena con otro contenido.<\/p>\n\n\n\n<p>Lo m\u00e1s complejo es que estas estructuras no suelen romperse desde afuera. No es la cr\u00edtica externa lo que las desarma. Es el momento interno en que algo deja de encajar. Cuando la repetici\u00f3n ya no alcanza. Cuando la defensa autom\u00e1tica empieza a sentirse vac\u00eda. Cuando demasiadas cosas no cuadran y ya no hay forma de ignorarlas todas al mismo tiempo.<\/p>\n\n\n\n<p>Y ah\u00ed empieza el colapso. Porque las sectas no se destruyen solo desde afuera: se carcomen desde dentro. Los primeros en irse no son los convencidos tibios, sino los que estuvieron m\u00e1s cerca, los que vieron m\u00e1s, los que saben m\u00e1s. Y cuando se van, no se van en silencio. Se van con suficiente informaci\u00f3n acumulada, con suficiente rabia por haberse sentido usados, como para convertirse en los testigos m\u00e1s devastadores. Las hienas terminan comi\u00e9ndose a Oskar. No se pueden criar cuervos sin que te saquen los ojos.<\/p>\n\n\n\n<p>Y mientras eso ocurre, hay otros esperando en los m\u00e1rgenes. Los carro\u00f1eros. Los pol\u00edticos que nunca creyeron en el l\u00edder pero fingieron creer porque era conveniente, que se acomodaron al poder y que ahora, cuando el declive se vuelve evidente, empiezan a reposicionarse. No para servir al pa\u00eds. Para quedarse con lo que quede. Son parte del mismo ecosistema de fondo: viven del cad\u00e1ver, no del proyecto.<\/p>\n\n\n\n<p>El problema nunca fue votar por alguien. El problema es dejar de pensar para no tener que revisar esa decisi\u00f3n. Porque cuando cuestionar se vuelve inc\u00f3modo, cuando analizar pone en riesgo una identidad construida, es m\u00e1s f\u00e1cil repetir que revisar. Y ah\u00ed el pensamiento deja de ser una herramienta y se convierte en una carga que se evita.<\/p>\n\n\n\n<p>Ojal\u00e1 ese momento de quiebre llegue a tiempo. No como ruptura violenta, sino como toma de conciencia. Porque al final, m\u00e1s all\u00e1 de l\u00edderes, de sectas y de carro\u00f1eros, lo que define todo es esto: la capacidad de volver a pensar\u2026 incluso cuando eso implique cuestionarte a vos mismo.<\/p>\n\n\n\n<p>Y si en alg\u00fan momento algo de lo que le\u00edste te incomod\u00f3, tal vez no tiene que ver con a qui\u00e9n iba dirigido\u2026 sino con lo que te hizo pensar.<\/p>\n","protected":false},"excerpt":{"rendered":"<p>Hay momentos en los que el voto deja de ser una decisi\u00f3n consciente y empieza a parecerse m\u00e1s a una [&hellip;]<\/p>\n","protected":false},"author":1,"featured_media":3149,"comment_status":"open","ping_status":"open","sticky":false,"template":"","format":"standard","meta":{"site-sidebar-layout":"default","site-content-layout":"","ast-site-content-layout":"","site-content-style":"default","site-sidebar-style":"default","ast-global-header-display":"","ast-banner-title-visibility":"","ast-main-header-display":"","ast-hfb-above-header-display":"","ast-hfb-below-header-display":"","ast-hfb-mobile-header-display":"","site-post-title":"","ast-breadcrumbs-content":"","ast-featured-img":"","footer-sml-layout":"","theme-transparent-header-meta":"","adv-header-id-meta":"","stick-header-meta":"","header-above-stick-meta":"","header-main-stick-meta":"","header-below-stick-meta":"","astra-migrate-meta-layouts":"default","ast-page-background-enabled":"default","ast-page-background-meta":{"desktop":{"background-color":"var(--ast-global-color-5)","background-image":"","background-repeat":"repeat","background-position":"center center","background-size":"auto","background-attachment":"scroll","background-type":"","background-media":"","overlay-type":"","overlay-color":"","overlay-opacity":"","overlay-gradient":""},"tablet":{"background-color":"","background-image":"","background-repeat":"repeat","background-position":"center center","background-size":"auto","background-attachment":"scroll","background-type":"","background-media":"","overlay-type":"","overlay-color":"","overlay-opacity":"","overlay-gradient":""},"mobile":{"background-color":"","background-image":"","background-repeat":"repeat","background-position":"center center","background-size":"auto","background-attachment":"scroll","background-type":"","background-media":"","overlay-type":"","overlay-color":"","overlay-opacity":"","overlay-gradient":""}},"ast-content-background-meta":{"desktop":{"background-color":"var(--ast-global-color-4)","background-image":"","background-repeat":"repeat","background-position":"center center","background-size":"auto","background-attachment":"scroll","background-type":"","background-media":"","overlay-type":"","overlay-color":"","overlay-opacity":"","overlay-gradient":""},"tablet":{"background-color":"var(--ast-global-color-4)","background-image":"","background-repeat":"repeat","background-position":"center center","background-size":"auto","background-attachment":"scroll","background-type":"","background-media":"","overlay-type":"","overlay-color":"","overlay-opacity":"","overlay-gradient":""},"mobile":{"background-color":"var(--ast-global-color-4)","background-image":"","background-repeat":"repeat","background-position":"center center","background-size":"auto","background-attachment":"scroll","background-type":"","background-media":"","overlay-type":"","overlay-color":"","overlay-opacity":"","overlay-gradient":""}},"footnotes":""},"categories":[12],"tags":[],"class_list":["post-3148","post","type-post","status-publish","format-standard","has-post-thumbnail","hentry","category-politica-o-gobierno"],"yoast_head":"<!-- This site is optimized with the Yoast SEO plugin v26.0 - https:\/\/yoast.com\/wordpress\/plugins\/seo\/ -->\n<title>Cuando el pensamiento se vuelve opcional - MI BLOG<\/title>\n<meta name=\"robots\" content=\"index, follow, max-snippet:-1, max-image-preview:large, max-video-preview:-1\" \/>\n<link rel=\"canonical\" href=\"https:\/\/viniciojarquin.com\/blog\/cuando-el-pensamiento-se-vuelve-opcional\/\" \/>\n<meta property=\"og:locale\" content=\"es_ES\" \/>\n<meta property=\"og:type\" content=\"article\" \/>\n<meta property=\"og:title\" content=\"Cuando el pensamiento se vuelve opcional - MI BLOG\" \/>\n<meta property=\"og:description\" content=\"Hay momentos en los que el voto deja de ser una decisi\u00f3n consciente y empieza a parecerse m\u00e1s a una [&hellip;]\" \/>\n<meta property=\"og:url\" content=\"https:\/\/viniciojarquin.com\/blog\/cuando-el-pensamiento-se-vuelve-opcional\/\" \/>\n<meta property=\"og:site_name\" content=\"MI BLOG\" \/>\n<meta property=\"article:publisher\" content=\"https:\/\/www.facebook.com\/vinicio.jarquin\" \/>\n<meta property=\"article:author\" content=\"https:\/\/www.facebook.com\/vinicio.jarquin\" \/>\n<meta property=\"article:published_time\" content=\"2026-03-24T04:28:54+00:00\" \/>\n<meta property=\"article:modified_time\" content=\"2026-03-24T04:29:37+00:00\" \/>\n<meta property=\"og:image\" content=\"https:\/\/viniciojarquin.com\/blog\/wp-content\/uploads\/2026\/03\/Cuando-el-pensamiento-se-vuelve-opcional.png\" \/>\n\t<meta property=\"og:image:width\" content=\"800\" \/>\n\t<meta property=\"og:image:height\" content=\"533\" \/>\n\t<meta property=\"og:image:type\" content=\"image\/png\" \/>\n<meta name=\"author\" content=\"Vinicio Jarqu\u00edn\" \/>\n<meta name=\"twitter:card\" content=\"summary_large_image\" \/>\n<meta name=\"twitter:label1\" content=\"Escrito por\" \/>\n\t<meta name=\"twitter:data1\" content=\"Vinicio Jarqu\u00edn\" \/>\n\t<meta name=\"twitter:label2\" content=\"Tiempo de lectura\" \/>\n\t<meta name=\"twitter:data2\" content=\"5 minutos\" \/>\n<script type=\"application\/ld+json\" class=\"yoast-schema-graph\">{\"@context\":\"https:\/\/schema.org\",\"@graph\":[{\"@type\":\"Article\",\"@id\":\"https:\/\/viniciojarquin.com\/blog\/cuando-el-pensamiento-se-vuelve-opcional\/#article\",\"isPartOf\":{\"@id\":\"https:\/\/viniciojarquin.com\/blog\/cuando-el-pensamiento-se-vuelve-opcional\/\"},\"author\":{\"name\":\"Vinicio Jarqu\u00edn\",\"@id\":\"https:\/\/viniciojarquin.com\/blog\/#\/schema\/person\/90100c8845ae55462ec0657d3d2f8d3b\"},\"headline\":\"Cuando el pensamiento se vuelve opcional\",\"datePublished\":\"2026-03-24T04:28:54+00:00\",\"dateModified\":\"2026-03-24T04:29:37+00:00\",\"mainEntityOfPage\":{\"@id\":\"https:\/\/viniciojarquin.com\/blog\/cuando-el-pensamiento-se-vuelve-opcional\/\"},\"wordCount\":920,\"commentCount\":0,\"publisher\":{\"@id\":\"https:\/\/viniciojarquin.com\/blog\/#\/schema\/person\/90100c8845ae55462ec0657d3d2f8d3b\"},\"image\":{\"@id\":\"https:\/\/viniciojarquin.com\/blog\/cuando-el-pensamiento-se-vuelve-opcional\/#primaryimage\"},\"thumbnailUrl\":\"https:\/\/viniciojarquin.com\/blog\/wp-content\/uploads\/2026\/03\/Cuando-el-pensamiento-se-vuelve-opcional.png\",\"articleSection\":[\"Pol\u00edtica varios\"],\"inLanguage\":\"es\",\"potentialAction\":[{\"@type\":\"CommentAction\",\"name\":\"Comment\",\"target\":[\"https:\/\/viniciojarquin.com\/blog\/cuando-el-pensamiento-se-vuelve-opcional\/#respond\"]}]},{\"@type\":\"WebPage\",\"@id\":\"https:\/\/viniciojarquin.com\/blog\/cuando-el-pensamiento-se-vuelve-opcional\/\",\"url\":\"https:\/\/viniciojarquin.com\/blog\/cuando-el-pensamiento-se-vuelve-opcional\/\",\"name\":\"Cuando el pensamiento se vuelve opcional - MI BLOG\",\"isPartOf\":{\"@id\":\"https:\/\/viniciojarquin.com\/blog\/#website\"},\"primaryImageOfPage\":{\"@id\":\"https:\/\/viniciojarquin.com\/blog\/cuando-el-pensamiento-se-vuelve-opcional\/#primaryimage\"},\"image\":{\"@id\":\"https:\/\/viniciojarquin.com\/blog\/cuando-el-pensamiento-se-vuelve-opcional\/#primaryimage\"},\"thumbnailUrl\":\"https:\/\/viniciojarquin.com\/blog\/wp-content\/uploads\/2026\/03\/Cuando-el-pensamiento-se-vuelve-opcional.png\",\"datePublished\":\"2026-03-24T04:28:54+00:00\",\"dateModified\":\"2026-03-24T04:29:37+00:00\",\"breadcrumb\":{\"@id\":\"https:\/\/viniciojarquin.com\/blog\/cuando-el-pensamiento-se-vuelve-opcional\/#breadcrumb\"},\"inLanguage\":\"es\",\"potentialAction\":[{\"@type\":\"ReadAction\",\"target\":[\"https:\/\/viniciojarquin.com\/blog\/cuando-el-pensamiento-se-vuelve-opcional\/\"]}]},{\"@type\":\"ImageObject\",\"inLanguage\":\"es\",\"@id\":\"https:\/\/viniciojarquin.com\/blog\/cuando-el-pensamiento-se-vuelve-opcional\/#primaryimage\",\"url\":\"https:\/\/viniciojarquin.com\/blog\/wp-content\/uploads\/2026\/03\/Cuando-el-pensamiento-se-vuelve-opcional.png\",\"contentUrl\":\"https:\/\/viniciojarquin.com\/blog\/wp-content\/uploads\/2026\/03\/Cuando-el-pensamiento-se-vuelve-opcional.png\",\"width\":800,\"height\":533},{\"@type\":\"BreadcrumbList\",\"@id\":\"https:\/\/viniciojarquin.com\/blog\/cuando-el-pensamiento-se-vuelve-opcional\/#breadcrumb\",\"itemListElement\":[{\"@type\":\"ListItem\",\"position\":1,\"name\":\"Portada\",\"item\":\"https:\/\/viniciojarquin.com\/blog\/\"},{\"@type\":\"ListItem\",\"position\":2,\"name\":\"Cuando el pensamiento se vuelve opcional\"}]},{\"@type\":\"WebSite\",\"@id\":\"https:\/\/viniciojarquin.com\/blog\/#website\",\"url\":\"https:\/\/viniciojarquin.com\/blog\/\",\"name\":\"Vinicio Jarqu\u00edn BLOG\",\"description\":\"\",\"publisher\":{\"@id\":\"https:\/\/viniciojarquin.com\/blog\/#\/schema\/person\/90100c8845ae55462ec0657d3d2f8d3b\"},\"potentialAction\":[{\"@type\":\"SearchAction\",\"target\":{\"@type\":\"EntryPoint\",\"urlTemplate\":\"https:\/\/viniciojarquin.com\/blog\/?s={search_term_string}\"},\"query-input\":{\"@type\":\"PropertyValueSpecification\",\"valueRequired\":true,\"valueName\":\"search_term_string\"}}],\"inLanguage\":\"es\"},{\"@type\":[\"Person\",\"Organization\"],\"@id\":\"https:\/\/viniciojarquin.com\/blog\/#\/schema\/person\/90100c8845ae55462ec0657d3d2f8d3b\",\"name\":\"Vinicio Jarqu\u00edn\",\"image\":{\"@type\":\"ImageObject\",\"inLanguage\":\"es\",\"@id\":\"https:\/\/viniciojarquin.com\/blog\/#\/schema\/person\/image\/\",\"url\":\"https:\/\/viniciojarquin.com\/blog\/wp-content\/uploads\/2024\/10\/Logo-VinicioJarquin-original-400.png\",\"contentUrl\":\"https:\/\/viniciojarquin.com\/blog\/wp-content\/uploads\/2024\/10\/Logo-VinicioJarquin-original-400.png\",\"width\":400,\"height\":130,\"caption\":\"Vinicio Jarqu\u00edn\"},\"logo\":{\"@id\":\"https:\/\/viniciojarquin.com\/blog\/#\/schema\/person\/image\/\"},\"description\":\"Empresario textil, artista pl\u00e1stico, escritor, coach de vida y fot\u00f3grafo.\",\"sameAs\":[\"https:\/\/viniciojarquin.com\/blog\",\"https:\/\/www.facebook.com\/vinicio.jarquin\",\"https:\/\/www.instagram.com\/vinicio_jarquin\/\",\"https:\/\/www.pinterest.com\/vinnyjc\/\",\"https:\/\/www.youtube.com\/@VinicioJarquin\"],\"url\":\"https:\/\/viniciojarquin.com\/blog\/author\/admin_s02au25i\/\"}]}<\/script>\n<!-- \/ Yoast SEO plugin. -->","yoast_head_json":{"title":"Cuando el pensamiento se vuelve opcional - MI BLOG","robots":{"index":"index","follow":"follow","max-snippet":"max-snippet:-1","max-image-preview":"max-image-preview:large","max-video-preview":"max-video-preview:-1"},"canonical":"https:\/\/viniciojarquin.com\/blog\/cuando-el-pensamiento-se-vuelve-opcional\/","og_locale":"es_ES","og_type":"article","og_title":"Cuando el pensamiento se vuelve opcional - MI BLOG","og_description":"Hay momentos en los que el voto deja de ser una decisi\u00f3n consciente y empieza a parecerse m\u00e1s a una [&hellip;]","og_url":"https:\/\/viniciojarquin.com\/blog\/cuando-el-pensamiento-se-vuelve-opcional\/","og_site_name":"MI BLOG","article_publisher":"https:\/\/www.facebook.com\/vinicio.jarquin","article_author":"https:\/\/www.facebook.com\/vinicio.jarquin","article_published_time":"2026-03-24T04:28:54+00:00","article_modified_time":"2026-03-24T04:29:37+00:00","og_image":[{"width":800,"height":533,"url":"https:\/\/viniciojarquin.com\/blog\/wp-content\/uploads\/2026\/03\/Cuando-el-pensamiento-se-vuelve-opcional.png","type":"image\/png"}],"author":"Vinicio Jarqu\u00edn","twitter_card":"summary_large_image","twitter_misc":{"Escrito por":"Vinicio Jarqu\u00edn","Tiempo de lectura":"5 minutos"},"schema":{"@context":"https:\/\/schema.org","@graph":[{"@type":"Article","@id":"https:\/\/viniciojarquin.com\/blog\/cuando-el-pensamiento-se-vuelve-opcional\/#article","isPartOf":{"@id":"https:\/\/viniciojarquin.com\/blog\/cuando-el-pensamiento-se-vuelve-opcional\/"},"author":{"name":"Vinicio Jarqu\u00edn","@id":"https:\/\/viniciojarquin.com\/blog\/#\/schema\/person\/90100c8845ae55462ec0657d3d2f8d3b"},"headline":"Cuando el pensamiento se vuelve opcional","datePublished":"2026-03-24T04:28:54+00:00","dateModified":"2026-03-24T04:29:37+00:00","mainEntityOfPage":{"@id":"https:\/\/viniciojarquin.com\/blog\/cuando-el-pensamiento-se-vuelve-opcional\/"},"wordCount":920,"commentCount":0,"publisher":{"@id":"https:\/\/viniciojarquin.com\/blog\/#\/schema\/person\/90100c8845ae55462ec0657d3d2f8d3b"},"image":{"@id":"https:\/\/viniciojarquin.com\/blog\/cuando-el-pensamiento-se-vuelve-opcional\/#primaryimage"},"thumbnailUrl":"https:\/\/viniciojarquin.com\/blog\/wp-content\/uploads\/2026\/03\/Cuando-el-pensamiento-se-vuelve-opcional.png","articleSection":["Pol\u00edtica varios"],"inLanguage":"es","potentialAction":[{"@type":"CommentAction","name":"Comment","target":["https:\/\/viniciojarquin.com\/blog\/cuando-el-pensamiento-se-vuelve-opcional\/#respond"]}]},{"@type":"WebPage","@id":"https:\/\/viniciojarquin.com\/blog\/cuando-el-pensamiento-se-vuelve-opcional\/","url":"https:\/\/viniciojarquin.com\/blog\/cuando-el-pensamiento-se-vuelve-opcional\/","name":"Cuando el pensamiento se vuelve opcional - MI BLOG","isPartOf":{"@id":"https:\/\/viniciojarquin.com\/blog\/#website"},"primaryImageOfPage":{"@id":"https:\/\/viniciojarquin.com\/blog\/cuando-el-pensamiento-se-vuelve-opcional\/#primaryimage"},"image":{"@id":"https:\/\/viniciojarquin.com\/blog\/cuando-el-pensamiento-se-vuelve-opcional\/#primaryimage"},"thumbnailUrl":"https:\/\/viniciojarquin.com\/blog\/wp-content\/uploads\/2026\/03\/Cuando-el-pensamiento-se-vuelve-opcional.png","datePublished":"2026-03-24T04:28:54+00:00","dateModified":"2026-03-24T04:29:37+00:00","breadcrumb":{"@id":"https:\/\/viniciojarquin.com\/blog\/cuando-el-pensamiento-se-vuelve-opcional\/#breadcrumb"},"inLanguage":"es","potentialAction":[{"@type":"ReadAction","target":["https:\/\/viniciojarquin.com\/blog\/cuando-el-pensamiento-se-vuelve-opcional\/"]}]},{"@type":"ImageObject","inLanguage":"es","@id":"https:\/\/viniciojarquin.com\/blog\/cuando-el-pensamiento-se-vuelve-opcional\/#primaryimage","url":"https:\/\/viniciojarquin.com\/blog\/wp-content\/uploads\/2026\/03\/Cuando-el-pensamiento-se-vuelve-opcional.png","contentUrl":"https:\/\/viniciojarquin.com\/blog\/wp-content\/uploads\/2026\/03\/Cuando-el-pensamiento-se-vuelve-opcional.png","width":800,"height":533},{"@type":"BreadcrumbList","@id":"https:\/\/viniciojarquin.com\/blog\/cuando-el-pensamiento-se-vuelve-opcional\/#breadcrumb","itemListElement":[{"@type":"ListItem","position":1,"name":"Portada","item":"https:\/\/viniciojarquin.com\/blog\/"},{"@type":"ListItem","position":2,"name":"Cuando el pensamiento se vuelve opcional"}]},{"@type":"WebSite","@id":"https:\/\/viniciojarquin.com\/blog\/#website","url":"https:\/\/viniciojarquin.com\/blog\/","name":"Vinicio Jarqu\u00edn BLOG","description":"","publisher":{"@id":"https:\/\/viniciojarquin.com\/blog\/#\/schema\/person\/90100c8845ae55462ec0657d3d2f8d3b"},"potentialAction":[{"@type":"SearchAction","target":{"@type":"EntryPoint","urlTemplate":"https:\/\/viniciojarquin.com\/blog\/?s={search_term_string}"},"query-input":{"@type":"PropertyValueSpecification","valueRequired":true,"valueName":"search_term_string"}}],"inLanguage":"es"},{"@type":["Person","Organization"],"@id":"https:\/\/viniciojarquin.com\/blog\/#\/schema\/person\/90100c8845ae55462ec0657d3d2f8d3b","name":"Vinicio Jarqu\u00edn","image":{"@type":"ImageObject","inLanguage":"es","@id":"https:\/\/viniciojarquin.com\/blog\/#\/schema\/person\/image\/","url":"https:\/\/viniciojarquin.com\/blog\/wp-content\/uploads\/2024\/10\/Logo-VinicioJarquin-original-400.png","contentUrl":"https:\/\/viniciojarquin.com\/blog\/wp-content\/uploads\/2024\/10\/Logo-VinicioJarquin-original-400.png","width":400,"height":130,"caption":"Vinicio Jarqu\u00edn"},"logo":{"@id":"https:\/\/viniciojarquin.com\/blog\/#\/schema\/person\/image\/"},"description":"Empresario textil, artista pl\u00e1stico, escritor, coach de vida y fot\u00f3grafo.","sameAs":["https:\/\/viniciojarquin.com\/blog","https:\/\/www.facebook.com\/vinicio.jarquin","https:\/\/www.instagram.com\/vinicio_jarquin\/","https:\/\/www.pinterest.com\/vinnyjc\/","https:\/\/www.youtube.com\/@VinicioJarquin"],"url":"https:\/\/viniciojarquin.com\/blog\/author\/admin_s02au25i\/"}]}},"blog_post_layout_featured_media_urls":{"thumbnail":["https:\/\/viniciojarquin.com\/blog\/wp-content\/uploads\/2026\/03\/Cuando-el-pensamiento-se-vuelve-opcional-150x150.png",150,150,true],"full":["https:\/\/viniciojarquin.com\/blog\/wp-content\/uploads\/2026\/03\/Cuando-el-pensamiento-se-vuelve-opcional.png",800,533,false]},"categories_names":{"12":{"name":"Pol\u00edtica varios","link":"https:\/\/viniciojarquin.com\/blog\/category\/politica-o-gobierno\/"}},"tags_names":[],"comments_number":"0","_links":{"self":[{"href":"https:\/\/viniciojarquin.com\/blog\/wp-json\/wp\/v2\/posts\/3148","targetHints":{"allow":["GET"]}}],"collection":[{"href":"https:\/\/viniciojarquin.com\/blog\/wp-json\/wp\/v2\/posts"}],"about":[{"href":"https:\/\/viniciojarquin.com\/blog\/wp-json\/wp\/v2\/types\/post"}],"author":[{"embeddable":true,"href":"https:\/\/viniciojarquin.com\/blog\/wp-json\/wp\/v2\/users\/1"}],"replies":[{"embeddable":true,"href":"https:\/\/viniciojarquin.com\/blog\/wp-json\/wp\/v2\/comments?post=3148"}],"version-history":[{"count":2,"href":"https:\/\/viniciojarquin.com\/blog\/wp-json\/wp\/v2\/posts\/3148\/revisions"}],"predecessor-version":[{"id":3151,"href":"https:\/\/viniciojarquin.com\/blog\/wp-json\/wp\/v2\/posts\/3148\/revisions\/3151"}],"wp:featuredmedia":[{"embeddable":true,"href":"https:\/\/viniciojarquin.com\/blog\/wp-json\/wp\/v2\/media\/3149"}],"wp:attachment":[{"href":"https:\/\/viniciojarquin.com\/blog\/wp-json\/wp\/v2\/media?parent=3148"}],"wp:term":[{"taxonomy":"category","embeddable":true,"href":"https:\/\/viniciojarquin.com\/blog\/wp-json\/wp\/v2\/categories?post=3148"},{"taxonomy":"post_tag","embeddable":true,"href":"https:\/\/viniciojarquin.com\/blog\/wp-json\/wp\/v2\/tags?post=3148"}],"curies":[{"name":"wp","href":"https:\/\/api.w.org\/{rel}","templated":true}]}}