{"id":3156,"date":"2026-03-24T14:23:50","date_gmt":"2026-03-24T14:23:50","guid":{"rendered":"https:\/\/viniciojarquin.com\/blog\/?p=3156"},"modified":"2026-03-24T14:43:08","modified_gmt":"2026-03-24T14:43:08","slug":"dona-laura-y-dona-pilar","status":"publish","type":"post","link":"https:\/\/viniciojarquin.com\/blog\/dona-laura-y-dona-pilar\/","title":{"rendered":"Do\u00f1a Laura y do\u00f1a Pilar"},"content":{"rendered":"\n<figure class=\"wp-block-image size-full\"><img decoding=\"async\" width=\"800\" height=\"533\" data-src=\"https:\/\/viniciojarquin.com\/blog\/wp-content\/uploads\/2026\/03\/Una-mirada-en-calma-reduc.png\" alt=\"\" class=\"wp-image-3159 lazyload\" data-srcset=\"https:\/\/viniciojarquin.com\/blog\/wp-content\/uploads\/2026\/03\/Una-mirada-en-calma-reduc.png 800w, https:\/\/viniciojarquin.com\/blog\/wp-content\/uploads\/2026\/03\/Una-mirada-en-calma-reduc-300x200.png 300w, https:\/\/viniciojarquin.com\/blog\/wp-content\/uploads\/2026\/03\/Una-mirada-en-calma-reduc-768x512.png 768w\" data-sizes=\"(max-width: 800px) 100vw, 800px\" src=\"data:image\/svg+xml;base64,PHN2ZyB3aWR0aD0iMSIgaGVpZ2h0PSIxIiB4bWxucz0iaHR0cDovL3d3dy53My5vcmcvMjAwMC9zdmciPjwvc3ZnPg==\" style=\"--smush-placeholder-width: 800px; --smush-placeholder-aspect-ratio: 800\/533;\" \/><\/figure>\n\n\n\n<p>La diputada y jefa de fracci\u00f3n oficialista, Pilar Cisneros, le respondi\u00f3 con todo a la expresidenta Laura Chinchilla, luego de que esta arremetiera p\u00fablicamente en su contra, calificando su trabajo como \u201cpopulista, amarillista y demagogo\u201d, asegurando adem\u00e1s que \u201cnunca fue una periodista inquisitiva\u201d, criticando su \u201cret\u00f3rica incendiaria\u201d y \u201cnarrativa alarmista\u201d, e incluso afirmando que su objetivo \u201cno era que el sistema corrigiera, sino que se deslegitimara\u201d, rematando con una de sus frases m\u00e1s fuertes: \u201cA quienes a\u00fan dicen que cambi\u00f3, yo digo que simplemente la descubrieron\u201d.<\/p>\n\n\n\n<p>Las declaraciones de Chinchilla encendieron el debate pol\u00edtico nacional, al tratarse de un cuestionamiento directo a la trayectoria de Cisneros, a quien tambi\u00e9n se\u00f1al\u00f3 de haber contribuido a \u201cerigir el populismo como forma de gobierno\u201d. Pero ante ese duro se\u00f1alamiento, Pilar Cisneros no se qued\u00f3 callada y le respondi\u00f3 con todo, sin filtros y de forma frontal.<\/p>\n\n\n\n<p>La diputada le ech\u00f3 en cara a la exmandataria lo que calific\u00f3 como un temor a la opini\u00f3n p\u00fablica: \u201c\u00bfQu\u00e9 es lo que le da miedo? \u00bfAh? \u00bfQu\u00e9 es lo que le da miedo?\u201d, lanz\u00f3 de forma reiterada. Cisneros fue m\u00e1s all\u00e1 y cuestion\u00f3 directamente que Chinchilla tenga desactivados los comentarios en sus redes sociales, insinuando que evita el contacto con la ciudadan\u00eda.<\/p>\n\n\n\n<p>&nbsp;\u201c\u00bfPor qu\u00e9 ser\u00e1 que ella no acepta los comentarios en sus redes sociales? \u00bfQu\u00e9 es lo que le da miedo? \u00bfQue la gente le diga las cosas?\u201d, agreg\u00f3 en tono desafiante. Lejos de quedarse ah\u00ed, la legisladora tambi\u00e9n defendi\u00f3 su trayectoria y ret\u00f3 p\u00fablicamente a la expresidenta a someter su credibilidad al criterio de la poblaci\u00f3n. \u201cY si ella cree que yo he sido una periodista populista y todo, ojal\u00e1 de su dinero pague una encuesta para ver qu\u00e9 opina la gente sobre Pilar Cisneros periodista. Creo que se va a llevar una bonita sorpresa\u201d, remat\u00f3 la legisladora.<\/p>\n\n\n\n<p>El cruce de declaraciones evidencia un choque cada vez m\u00e1s directo entre figuras del oficialismo y sectores pol\u00edticos tradicionales, en un ambiente de alta confrontaci\u00f3n que sigue escalando en la discusi\u00f3n p\u00fablica nacional.<\/p>\n\n\n\n<p><strong>Cuando la pregunta no busca respuestas, sino reacciones<\/strong><br><strong>Por Vinicio Jarqu\u00edn<\/strong><\/p>\n\n\n\n<p>En medio del reciente cruce entre Pilar Cisneros y Laura Chinchilla, m\u00e1s all\u00e1 de las frases fuertes, los calificativos y la confrontaci\u00f3n pol\u00edtica, hay algo que merece ser observado con m\u00e1s calma. No tanto lo que se dijo\u2026 sino c\u00f3mo se dijo.<\/p>\n\n\n\n<p>Porque cuando Pilar responde, no responde con argumentos estructurados ni con datos que sostengan una posici\u00f3n. Responde con preguntas. Preguntas lanzadas al aire, repetidas, insistentes: \u201c\u00bfQu\u00e9 es lo que le da miedo?\u201d, \u201c\u00bfPor qu\u00e9 no acepta comentarios?\u201d, \u201c\u00bfQu\u00e9 es lo que le da miedo?\u201d<\/p>\n\n\n\n<p>Y eso, aunque pueda parecer espont\u00e1neo o emocional, no necesariamente lo es.<\/p>\n\n\n\n<p>Hay una t\u00e9cnica detr\u00e1s.<\/p>\n\n\n\n<p>Cuando alguien formula una afirmaci\u00f3n, asume la responsabilidad de sostenerla. Tiene que explicarla, defenderla, respaldarla. Pero cuando alguien formula una pregunta\u2026 la carga cambia de lugar. La respuesta ya no viene de quien habla, sino de quien escucha. Y ah\u00ed es donde ocurre algo interesante.<\/p>\n\n\n\n<p>Tu mente, casi sin darte cuenta, intenta completar el vac\u00edo. Empieza a construir posibles respuestas. Empieza a imaginar escenarios. Empieza a justificar o a sospechar. Y en ese proceso, algo muy sutil sucede: ya no est\u00e1s analizando lo que te dijeron\u2026 est\u00e1s participando en la construcci\u00f3n de la idea.<\/p>\n\n\n\n<p>Y cuando una idea la constru\u00eds vos, aunque haya sido inducida\u2026 se siente m\u00e1s real. Ese es el punto. No se trata de informar. Se trata de activar. No se trata de demostrar. Se trata de insinuar.<\/p>\n\n\n\n<p>Porque una pregunta bien colocada no necesita evidencia. Solo necesita sembrar una duda. Y la duda, cuando encuentra terreno f\u00e9rtil \u2014emocional, pol\u00edtico o ideol\u00f3gico\u2014 crece sola.<\/p>\n\n\n\n<p>El problema es que esa construcci\u00f3n interna no necesariamente est\u00e1 basada en informaci\u00f3n. Est\u00e1 basada en percepciones, sesgos, emociones previas y, muchas veces, en lo que ya quer\u00edas creer.<\/p>\n\n\n\n<p>Entonces, la pregunta no abre un espacio de reflexi\u00f3n\u2026 abre un espacio de confirmaci\u00f3n.<\/p>\n\n\n\n<p>Y ah\u00ed es donde deja de ser una herramienta de di\u00e1logo para convertirse en una herramienta de influencia.<\/p>\n\n\n\n<p>No porque preguntar sea malo. Preguntar es fundamental en cualquier proceso de pensamiento cr\u00edtico. Pero hay una diferencia enorme entre una pregunta que busca entender\u2026 y una pregunta que ya viene cargada de intenci\u00f3n.<\/p>\n\n\n\n<p>Una pregunta honesta abre caminos. Una pregunta manipulada dirige conclusiones. Y cuando en el discurso p\u00fablico predominan este tipo de preguntas, lo que se debilita no es una persona u otra\u2026 es la calidad del pensamiento colectivo.<\/p>\n\n\n\n<p>Porque empezamos a reaccionar m\u00e1s de lo que analizamos. A sentir m\u00e1s de lo que verificamos. A concluir m\u00e1s de lo que comprendemos.<\/p>\n\n\n\n<p>Y poco a poco, sin darnos cuenta, dejamos de pedir evidencia\u2026 porque ya sentimos que \u201csabemos\u201d.<\/p>\n\n\n\n<p>Tal vez por eso estas formas de comunicaci\u00f3n son tan efectivas. No imponen ideas. Las siembran. Y dejan que cada uno las riegue con lo que ya lleva dentro. Pero ah\u00ed tambi\u00e9n est\u00e1 la oportunidad.<\/p>\n\n\n\n<p>Porque en el momento en que te deten\u00e9s y te pregunt\u00e1s \u2014de verdad\u2014 si esa pregunta que te hicieron ven\u00eda a aportar claridad o a dirigir tu respuesta\u2026 algo cambia. Recuper\u00e1s el control.<\/p>\n\n\n\n<p>Y en un entorno donde cada vez m\u00e1s se busca influir en lo que pens\u00e1s sin que lo not\u00e9s, eso ya es un acto de conciencia.<\/p>\n","protected":false},"excerpt":{"rendered":"<p>La diputada y jefa de fracci\u00f3n oficialista, Pilar Cisneros, le respondi\u00f3 con todo a la expresidenta Laura Chinchilla, luego de [&hellip;]<\/p>\n","protected":false},"author":1,"featured_media":3159,"comment_status":"open","ping_status":"open","sticky":false,"template":"","format":"standard","meta":{"site-sidebar-layout":"default","site-content-layout":"","ast-site-content-layout":"","site-content-style":"default","site-sidebar-style":"default","ast-global-header-display":"","ast-banner-title-visibility":"","ast-main-header-display":"","ast-hfb-above-header-display":"","ast-hfb-below-header-display":"","ast-hfb-mobile-header-display":"","site-post-title":"","ast-breadcrumbs-content":"","ast-featured-img":"","footer-sml-layout":"","theme-transparent-header-meta":"","adv-header-id-meta":"","stick-header-meta":"","header-above-stick-meta":"","header-main-stick-meta":"","header-below-stick-meta":"","astra-migrate-meta-layouts":"default","ast-page-background-enabled":"default","ast-page-background-meta":{"desktop":{"background-color":"var(--ast-global-color-5)","background-image":"","background-repeat":"repeat","background-position":"center center","background-size":"auto","background-attachment":"scroll","background-type":"","background-media":"","overlay-type":"","overlay-color":"","overlay-opacity":"","overlay-gradient":""},"tablet":{"background-color":"","background-image":"","background-repeat":"repeat","background-position":"center center","background-size":"auto","background-attachment":"scroll","background-type":"","background-media":"","overlay-type":"","overlay-color":"","overlay-opacity":"","overlay-gradient":""},"mobile":{"background-color":"","background-image":"","background-repeat":"repeat","background-position":"center center","background-size":"auto","background-attachment":"scroll","background-type":"","background-media":"","overlay-type":"","overlay-color":"","overlay-opacity":"","overlay-gradient":""}},"ast-content-background-meta":{"desktop":{"background-color":"var(--ast-global-color-4)","background-image":"","background-repeat":"repeat","background-position":"center center","background-size":"auto","background-attachment":"scroll","background-type":"","background-media":"","overlay-type":"","overlay-color":"","overlay-opacity":"","overlay-gradient":""},"tablet":{"background-color":"var(--ast-global-color-4)","background-image":"","background-repeat":"repeat","background-position":"center center","background-size":"auto","background-attachment":"scroll","background-type":"","background-media":"","overlay-type":"","overlay-color":"","overlay-opacity":"","overlay-gradient":""},"mobile":{"background-color":"var(--ast-global-color-4)","background-image":"","background-repeat":"repeat","background-position":"center center","background-size":"auto","background-attachment":"scroll","background-type":"","background-media":"","overlay-type":"","overlay-color":"","overlay-opacity":"","overlay-gradient":""}},"footnotes":""},"categories":[12],"tags":[],"class_list":["post-3156","post","type-post","status-publish","format-standard","has-post-thumbnail","hentry","category-politica-o-gobierno"],"yoast_head":"<!-- This site is optimized with the Yoast SEO plugin v26.0 - https:\/\/yoast.com\/wordpress\/plugins\/seo\/ -->\n<title>Do\u00f1a Laura y do\u00f1a Pilar - MI BLOG<\/title>\n<meta name=\"robots\" content=\"index, follow, max-snippet:-1, max-image-preview:large, max-video-preview:-1\" \/>\n<link rel=\"canonical\" href=\"https:\/\/viniciojarquin.com\/blog\/dona-laura-y-dona-pilar\/\" \/>\n<meta property=\"og:locale\" content=\"es_ES\" \/>\n<meta property=\"og:type\" content=\"article\" \/>\n<meta property=\"og:title\" content=\"Do\u00f1a Laura y do\u00f1a Pilar - MI BLOG\" \/>\n<meta property=\"og:description\" content=\"La diputada y jefa de fracci\u00f3n oficialista, Pilar Cisneros, le respondi\u00f3 con todo a la expresidenta Laura Chinchilla, luego de [&hellip;]\" \/>\n<meta property=\"og:url\" content=\"https:\/\/viniciojarquin.com\/blog\/dona-laura-y-dona-pilar\/\" \/>\n<meta property=\"og:site_name\" content=\"MI BLOG\" \/>\n<meta property=\"article:publisher\" content=\"https:\/\/www.facebook.com\/vinicio.jarquin\" \/>\n<meta property=\"article:author\" content=\"https:\/\/www.facebook.com\/vinicio.jarquin\" \/>\n<meta property=\"article:published_time\" content=\"2026-03-24T14:23:50+00:00\" \/>\n<meta property=\"article:modified_time\" content=\"2026-03-24T14:43:08+00:00\" \/>\n<meta property=\"og:image\" content=\"https:\/\/viniciojarquin.com\/blog\/wp-content\/uploads\/2026\/03\/Una-mirada-en-calma-reduc.png\" \/>\n\t<meta property=\"og:image:width\" content=\"800\" \/>\n\t<meta property=\"og:image:height\" content=\"533\" \/>\n\t<meta property=\"og:image:type\" content=\"image\/png\" \/>\n<meta name=\"author\" content=\"Vinicio Jarqu\u00edn\" \/>\n<meta name=\"twitter:card\" content=\"summary_large_image\" \/>\n<meta name=\"twitter:label1\" content=\"Escrito por\" \/>\n\t<meta name=\"twitter:data1\" content=\"Vinicio Jarqu\u00edn\" \/>\n\t<meta name=\"twitter:label2\" content=\"Tiempo de lectura\" \/>\n\t<meta name=\"twitter:data2\" content=\"5 minutos\" \/>\n<script type=\"application\/ld+json\" class=\"yoast-schema-graph\">{\"@context\":\"https:\/\/schema.org\",\"@graph\":[{\"@type\":\"Article\",\"@id\":\"https:\/\/viniciojarquin.com\/blog\/dona-laura-y-dona-pilar\/#article\",\"isPartOf\":{\"@id\":\"https:\/\/viniciojarquin.com\/blog\/dona-laura-y-dona-pilar\/\"},\"author\":{\"name\":\"Vinicio Jarqu\u00edn\",\"@id\":\"https:\/\/viniciojarquin.com\/blog\/#\/schema\/person\/90100c8845ae55462ec0657d3d2f8d3b\"},\"headline\":\"Do\u00f1a Laura y do\u00f1a Pilar\",\"datePublished\":\"2026-03-24T14:23:50+00:00\",\"dateModified\":\"2026-03-24T14:43:08+00:00\",\"mainEntityOfPage\":{\"@id\":\"https:\/\/viniciojarquin.com\/blog\/dona-laura-y-dona-pilar\/\"},\"wordCount\":943,\"commentCount\":0,\"publisher\":{\"@id\":\"https:\/\/viniciojarquin.com\/blog\/#\/schema\/person\/90100c8845ae55462ec0657d3d2f8d3b\"},\"image\":{\"@id\":\"https:\/\/viniciojarquin.com\/blog\/dona-laura-y-dona-pilar\/#primaryimage\"},\"thumbnailUrl\":\"https:\/\/viniciojarquin.com\/blog\/wp-content\/uploads\/2026\/03\/Una-mirada-en-calma-reduc.png\",\"articleSection\":[\"Pol\u00edtica varios\"],\"inLanguage\":\"es\",\"potentialAction\":[{\"@type\":\"CommentAction\",\"name\":\"Comment\",\"target\":[\"https:\/\/viniciojarquin.com\/blog\/dona-laura-y-dona-pilar\/#respond\"]}]},{\"@type\":\"WebPage\",\"@id\":\"https:\/\/viniciojarquin.com\/blog\/dona-laura-y-dona-pilar\/\",\"url\":\"https:\/\/viniciojarquin.com\/blog\/dona-laura-y-dona-pilar\/\",\"name\":\"Do\u00f1a Laura y do\u00f1a Pilar - MI BLOG\",\"isPartOf\":{\"@id\":\"https:\/\/viniciojarquin.com\/blog\/#website\"},\"primaryImageOfPage\":{\"@id\":\"https:\/\/viniciojarquin.com\/blog\/dona-laura-y-dona-pilar\/#primaryimage\"},\"image\":{\"@id\":\"https:\/\/viniciojarquin.com\/blog\/dona-laura-y-dona-pilar\/#primaryimage\"},\"thumbnailUrl\":\"https:\/\/viniciojarquin.com\/blog\/wp-content\/uploads\/2026\/03\/Una-mirada-en-calma-reduc.png\",\"datePublished\":\"2026-03-24T14:23:50+00:00\",\"dateModified\":\"2026-03-24T14:43:08+00:00\",\"breadcrumb\":{\"@id\":\"https:\/\/viniciojarquin.com\/blog\/dona-laura-y-dona-pilar\/#breadcrumb\"},\"inLanguage\":\"es\",\"potentialAction\":[{\"@type\":\"ReadAction\",\"target\":[\"https:\/\/viniciojarquin.com\/blog\/dona-laura-y-dona-pilar\/\"]}]},{\"@type\":\"ImageObject\",\"inLanguage\":\"es\",\"@id\":\"https:\/\/viniciojarquin.com\/blog\/dona-laura-y-dona-pilar\/#primaryimage\",\"url\":\"https:\/\/viniciojarquin.com\/blog\/wp-content\/uploads\/2026\/03\/Una-mirada-en-calma-reduc.png\",\"contentUrl\":\"https:\/\/viniciojarquin.com\/blog\/wp-content\/uploads\/2026\/03\/Una-mirada-en-calma-reduc.png\",\"width\":800,\"height\":533},{\"@type\":\"BreadcrumbList\",\"@id\":\"https:\/\/viniciojarquin.com\/blog\/dona-laura-y-dona-pilar\/#breadcrumb\",\"itemListElement\":[{\"@type\":\"ListItem\",\"position\":1,\"name\":\"Portada\",\"item\":\"https:\/\/viniciojarquin.com\/blog\/\"},{\"@type\":\"ListItem\",\"position\":2,\"name\":\"Do\u00f1a Laura y do\u00f1a Pilar\"}]},{\"@type\":\"WebSite\",\"@id\":\"https:\/\/viniciojarquin.com\/blog\/#website\",\"url\":\"https:\/\/viniciojarquin.com\/blog\/\",\"name\":\"Vinicio Jarqu\u00edn BLOG\",\"description\":\"\",\"publisher\":{\"@id\":\"https:\/\/viniciojarquin.com\/blog\/#\/schema\/person\/90100c8845ae55462ec0657d3d2f8d3b\"},\"potentialAction\":[{\"@type\":\"SearchAction\",\"target\":{\"@type\":\"EntryPoint\",\"urlTemplate\":\"https:\/\/viniciojarquin.com\/blog\/?s={search_term_string}\"},\"query-input\":{\"@type\":\"PropertyValueSpecification\",\"valueRequired\":true,\"valueName\":\"search_term_string\"}}],\"inLanguage\":\"es\"},{\"@type\":[\"Person\",\"Organization\"],\"@id\":\"https:\/\/viniciojarquin.com\/blog\/#\/schema\/person\/90100c8845ae55462ec0657d3d2f8d3b\",\"name\":\"Vinicio Jarqu\u00edn\",\"image\":{\"@type\":\"ImageObject\",\"inLanguage\":\"es\",\"@id\":\"https:\/\/viniciojarquin.com\/blog\/#\/schema\/person\/image\/\",\"url\":\"https:\/\/viniciojarquin.com\/blog\/wp-content\/uploads\/2024\/10\/Logo-VinicioJarquin-original-400.png\",\"contentUrl\":\"https:\/\/viniciojarquin.com\/blog\/wp-content\/uploads\/2024\/10\/Logo-VinicioJarquin-original-400.png\",\"width\":400,\"height\":130,\"caption\":\"Vinicio Jarqu\u00edn\"},\"logo\":{\"@id\":\"https:\/\/viniciojarquin.com\/blog\/#\/schema\/person\/image\/\"},\"description\":\"Empresario textil, artista pl\u00e1stico, escritor, coach de vida y fot\u00f3grafo.\",\"sameAs\":[\"https:\/\/viniciojarquin.com\/blog\",\"https:\/\/www.facebook.com\/vinicio.jarquin\",\"https:\/\/www.instagram.com\/vinicio_jarquin\/\",\"https:\/\/www.pinterest.com\/vinnyjc\/\",\"https:\/\/www.youtube.com\/@VinicioJarquin\"],\"url\":\"https:\/\/viniciojarquin.com\/blog\/author\/admin_s02au25i\/\"}]}<\/script>\n<!-- \/ Yoast SEO plugin. -->","yoast_head_json":{"title":"Do\u00f1a Laura y do\u00f1a Pilar - MI BLOG","robots":{"index":"index","follow":"follow","max-snippet":"max-snippet:-1","max-image-preview":"max-image-preview:large","max-video-preview":"max-video-preview:-1"},"canonical":"https:\/\/viniciojarquin.com\/blog\/dona-laura-y-dona-pilar\/","og_locale":"es_ES","og_type":"article","og_title":"Do\u00f1a Laura y do\u00f1a Pilar - MI BLOG","og_description":"La diputada y jefa de fracci\u00f3n oficialista, Pilar Cisneros, le respondi\u00f3 con todo a la expresidenta Laura Chinchilla, luego de [&hellip;]","og_url":"https:\/\/viniciojarquin.com\/blog\/dona-laura-y-dona-pilar\/","og_site_name":"MI BLOG","article_publisher":"https:\/\/www.facebook.com\/vinicio.jarquin","article_author":"https:\/\/www.facebook.com\/vinicio.jarquin","article_published_time":"2026-03-24T14:23:50+00:00","article_modified_time":"2026-03-24T14:43:08+00:00","og_image":[{"width":800,"height":533,"url":"https:\/\/viniciojarquin.com\/blog\/wp-content\/uploads\/2026\/03\/Una-mirada-en-calma-reduc.png","type":"image\/png"}],"author":"Vinicio Jarqu\u00edn","twitter_card":"summary_large_image","twitter_misc":{"Escrito por":"Vinicio Jarqu\u00edn","Tiempo de lectura":"5 minutos"},"schema":{"@context":"https:\/\/schema.org","@graph":[{"@type":"Article","@id":"https:\/\/viniciojarquin.com\/blog\/dona-laura-y-dona-pilar\/#article","isPartOf":{"@id":"https:\/\/viniciojarquin.com\/blog\/dona-laura-y-dona-pilar\/"},"author":{"name":"Vinicio Jarqu\u00edn","@id":"https:\/\/viniciojarquin.com\/blog\/#\/schema\/person\/90100c8845ae55462ec0657d3d2f8d3b"},"headline":"Do\u00f1a Laura y do\u00f1a Pilar","datePublished":"2026-03-24T14:23:50+00:00","dateModified":"2026-03-24T14:43:08+00:00","mainEntityOfPage":{"@id":"https:\/\/viniciojarquin.com\/blog\/dona-laura-y-dona-pilar\/"},"wordCount":943,"commentCount":0,"publisher":{"@id":"https:\/\/viniciojarquin.com\/blog\/#\/schema\/person\/90100c8845ae55462ec0657d3d2f8d3b"},"image":{"@id":"https:\/\/viniciojarquin.com\/blog\/dona-laura-y-dona-pilar\/#primaryimage"},"thumbnailUrl":"https:\/\/viniciojarquin.com\/blog\/wp-content\/uploads\/2026\/03\/Una-mirada-en-calma-reduc.png","articleSection":["Pol\u00edtica varios"],"inLanguage":"es","potentialAction":[{"@type":"CommentAction","name":"Comment","target":["https:\/\/viniciojarquin.com\/blog\/dona-laura-y-dona-pilar\/#respond"]}]},{"@type":"WebPage","@id":"https:\/\/viniciojarquin.com\/blog\/dona-laura-y-dona-pilar\/","url":"https:\/\/viniciojarquin.com\/blog\/dona-laura-y-dona-pilar\/","name":"Do\u00f1a Laura y do\u00f1a Pilar - MI BLOG","isPartOf":{"@id":"https:\/\/viniciojarquin.com\/blog\/#website"},"primaryImageOfPage":{"@id":"https:\/\/viniciojarquin.com\/blog\/dona-laura-y-dona-pilar\/#primaryimage"},"image":{"@id":"https:\/\/viniciojarquin.com\/blog\/dona-laura-y-dona-pilar\/#primaryimage"},"thumbnailUrl":"https:\/\/viniciojarquin.com\/blog\/wp-content\/uploads\/2026\/03\/Una-mirada-en-calma-reduc.png","datePublished":"2026-03-24T14:23:50+00:00","dateModified":"2026-03-24T14:43:08+00:00","breadcrumb":{"@id":"https:\/\/viniciojarquin.com\/blog\/dona-laura-y-dona-pilar\/#breadcrumb"},"inLanguage":"es","potentialAction":[{"@type":"ReadAction","target":["https:\/\/viniciojarquin.com\/blog\/dona-laura-y-dona-pilar\/"]}]},{"@type":"ImageObject","inLanguage":"es","@id":"https:\/\/viniciojarquin.com\/blog\/dona-laura-y-dona-pilar\/#primaryimage","url":"https:\/\/viniciojarquin.com\/blog\/wp-content\/uploads\/2026\/03\/Una-mirada-en-calma-reduc.png","contentUrl":"https:\/\/viniciojarquin.com\/blog\/wp-content\/uploads\/2026\/03\/Una-mirada-en-calma-reduc.png","width":800,"height":533},{"@type":"BreadcrumbList","@id":"https:\/\/viniciojarquin.com\/blog\/dona-laura-y-dona-pilar\/#breadcrumb","itemListElement":[{"@type":"ListItem","position":1,"name":"Portada","item":"https:\/\/viniciojarquin.com\/blog\/"},{"@type":"ListItem","position":2,"name":"Do\u00f1a Laura y do\u00f1a Pilar"}]},{"@type":"WebSite","@id":"https:\/\/viniciojarquin.com\/blog\/#website","url":"https:\/\/viniciojarquin.com\/blog\/","name":"Vinicio Jarqu\u00edn BLOG","description":"","publisher":{"@id":"https:\/\/viniciojarquin.com\/blog\/#\/schema\/person\/90100c8845ae55462ec0657d3d2f8d3b"},"potentialAction":[{"@type":"SearchAction","target":{"@type":"EntryPoint","urlTemplate":"https:\/\/viniciojarquin.com\/blog\/?s={search_term_string}"},"query-input":{"@type":"PropertyValueSpecification","valueRequired":true,"valueName":"search_term_string"}}],"inLanguage":"es"},{"@type":["Person","Organization"],"@id":"https:\/\/viniciojarquin.com\/blog\/#\/schema\/person\/90100c8845ae55462ec0657d3d2f8d3b","name":"Vinicio Jarqu\u00edn","image":{"@type":"ImageObject","inLanguage":"es","@id":"https:\/\/viniciojarquin.com\/blog\/#\/schema\/person\/image\/","url":"https:\/\/viniciojarquin.com\/blog\/wp-content\/uploads\/2024\/10\/Logo-VinicioJarquin-original-400.png","contentUrl":"https:\/\/viniciojarquin.com\/blog\/wp-content\/uploads\/2024\/10\/Logo-VinicioJarquin-original-400.png","width":400,"height":130,"caption":"Vinicio Jarqu\u00edn"},"logo":{"@id":"https:\/\/viniciojarquin.com\/blog\/#\/schema\/person\/image\/"},"description":"Empresario textil, artista pl\u00e1stico, escritor, coach de vida y fot\u00f3grafo.","sameAs":["https:\/\/viniciojarquin.com\/blog","https:\/\/www.facebook.com\/vinicio.jarquin","https:\/\/www.instagram.com\/vinicio_jarquin\/","https:\/\/www.pinterest.com\/vinnyjc\/","https:\/\/www.youtube.com\/@VinicioJarquin"],"url":"https:\/\/viniciojarquin.com\/blog\/author\/admin_s02au25i\/"}]}},"blog_post_layout_featured_media_urls":{"thumbnail":["https:\/\/viniciojarquin.com\/blog\/wp-content\/uploads\/2026\/03\/Una-mirada-en-calma-reduc-150x150.png",150,150,true],"full":["https:\/\/viniciojarquin.com\/blog\/wp-content\/uploads\/2026\/03\/Una-mirada-en-calma-reduc.png",800,533,false]},"categories_names":{"12":{"name":"Pol\u00edtica varios","link":"https:\/\/viniciojarquin.com\/blog\/category\/politica-o-gobierno\/"}},"tags_names":[],"comments_number":"0","_links":{"self":[{"href":"https:\/\/viniciojarquin.com\/blog\/wp-json\/wp\/v2\/posts\/3156","targetHints":{"allow":["GET"]}}],"collection":[{"href":"https:\/\/viniciojarquin.com\/blog\/wp-json\/wp\/v2\/posts"}],"about":[{"href":"https:\/\/viniciojarquin.com\/blog\/wp-json\/wp\/v2\/types\/post"}],"author":[{"embeddable":true,"href":"https:\/\/viniciojarquin.com\/blog\/wp-json\/wp\/v2\/users\/1"}],"replies":[{"embeddable":true,"href":"https:\/\/viniciojarquin.com\/blog\/wp-json\/wp\/v2\/comments?post=3156"}],"version-history":[{"count":2,"href":"https:\/\/viniciojarquin.com\/blog\/wp-json\/wp\/v2\/posts\/3156\/revisions"}],"predecessor-version":[{"id":3160,"href":"https:\/\/viniciojarquin.com\/blog\/wp-json\/wp\/v2\/posts\/3156\/revisions\/3160"}],"wp:featuredmedia":[{"embeddable":true,"href":"https:\/\/viniciojarquin.com\/blog\/wp-json\/wp\/v2\/media\/3159"}],"wp:attachment":[{"href":"https:\/\/viniciojarquin.com\/blog\/wp-json\/wp\/v2\/media?parent=3156"}],"wp:term":[{"taxonomy":"category","embeddable":true,"href":"https:\/\/viniciojarquin.com\/blog\/wp-json\/wp\/v2\/categories?post=3156"},{"taxonomy":"post_tag","embeddable":true,"href":"https:\/\/viniciojarquin.com\/blog\/wp-json\/wp\/v2\/tags?post=3156"}],"curies":[{"name":"wp","href":"https:\/\/api.w.org\/{rel}","templated":true}]}}