{"id":3161,"date":"2026-03-25T04:10:53","date_gmt":"2026-03-25T04:10:53","guid":{"rendered":"https:\/\/viniciojarquin.com\/blog\/?p=3161"},"modified":"2026-03-25T04:11:35","modified_gmt":"2026-03-25T04:11:35","slug":"3161-2","status":"publish","type":"post","link":"https:\/\/viniciojarquin.com\/blog\/3161-2\/","title":{"rendered":"La primera vez que la extra\u00f1\u00e9 de verdad"},"content":{"rendered":"\n<figure class=\"wp-block-image size-large\"><img decoding=\"async\" width=\"1024\" height=\"768\" data-src=\"https:\/\/viniciojarquin.com\/blog\/wp-content\/uploads\/2026\/03\/469040678_10165307509089554_5781285482975867478_n-1024x768.jpg\" alt=\"\" class=\"wp-image-3162 lazyload\" data-srcset=\"https:\/\/viniciojarquin.com\/blog\/wp-content\/uploads\/2026\/03\/469040678_10165307509089554_5781285482975867478_n-1024x768.jpg 1024w, https:\/\/viniciojarquin.com\/blog\/wp-content\/uploads\/2026\/03\/469040678_10165307509089554_5781285482975867478_n-300x225.jpg 300w, https:\/\/viniciojarquin.com\/blog\/wp-content\/uploads\/2026\/03\/469040678_10165307509089554_5781285482975867478_n-768x576.jpg 768w, https:\/\/viniciojarquin.com\/blog\/wp-content\/uploads\/2026\/03\/469040678_10165307509089554_5781285482975867478_n.jpg 1136w\" data-sizes=\"(max-width: 1024px) 100vw, 1024px\" src=\"data:image\/svg+xml;base64,PHN2ZyB3aWR0aD0iMSIgaGVpZ2h0PSIxIiB4bWxucz0iaHR0cDovL3d3dy53My5vcmcvMjAwMC9zdmciPjwvc3ZnPg==\" style=\"--smush-placeholder-width: 1024px; --smush-placeholder-aspect-ratio: 1024\/768;\" \/><\/figure>\n\n\n\n<p>Algunas veces, cuando estoy cenando, para no quedarme atrapado en las redes sociales contestando mensajes, abro YouTube y dejo que aparezcan esos videos que uno no busca\u2026 pero que terminan encontr\u00e1ndolo. Reencuentros. Personas que vuelven despu\u00e9s de a\u00f1os, abrazos que se sostienen m\u00e1s de la cuenta, miradas que dicen todo lo que el tiempo no pudo borrar. Y entonces, casi sin darme cuenta, mi cena se llena de l\u00e1grimas. Siempre lloro. Siempre. Hay algo en esos encuentros que toca un lugar muy profundo, como si despertara una memoria que todos llevamos dentro\u2026 esa necesidad de volver a ver, de volver a abrazar, de volver a sentir.<\/p>\n\n\n\n<p>A veces, en medio de esos videos, me sorprendo imaginando algo distinto. No un reencuentro con alguien que estuvo lejos\u2026 sino con quienes ya no est\u00e1n. Y no es lo mismo. Porque esos videos tienen regreso, tienen continuidad, tienen final feliz. Pero cuando pens\u00e1s en alguien que se fue\u2026 la escena cambia. Aun as\u00ed, aparece. Imaginar a mi pap\u00e1, abrazarlo otra vez. Imaginar a mi hermano, que pudiera ver todo lo que he caminado, todo lo que ha pasado en este tiempo. Es una imagen que no se puede sostener mucho\u2026 porque se desarma sola. Pero llega.<\/p>\n\n\n\n<p>Pero hoy fue distinto. Hoy pens\u00e9 en mi abuelita. Oh\u2026 mi abuelita.<\/p>\n\n\n\n<p>Se fue al cielo cuando ten\u00eda 103 a\u00f1os. Yo ten\u00eda 53. Tuve abuelita durante 53 a\u00f1os. Mi abuelita materna. Y mientras cenaba, viendo uno de esos videos\u2026 empec\u00e9 a llorar. Pero no era un llanto cualquiera. Era distinto. Era m\u00e1s suave y al mismo tiempo m\u00e1s profundo, como si no viniera de la tristeza solamente\u2026 sino de un amor acumulado que, por primera vez, se estaba dejando sentir completo.<\/p>\n\n\n\n<p>Y empec\u00e9 a recordarla\u2026 no como una imagen lejana, sino como si estuviera ah\u00ed.<\/p>\n\n\n\n<p>Llegar a su casa. Esa casa que ten\u00eda sus reglas, sus espacios, su orden. Donde el comedor principal y la sala eran casi territorios sagrados, y uno aprend\u00eda, sin que nadie lo explicara, que hab\u00eda lugares que se respetaban. Sentarme en el antecomedor, en ese espacio permitido, cercano, humano. Comer pan con jalea de guayaba. Esos s\u00e1ndwiches de lomito que hac\u00eda\u2026 tan perfectos, tan bien pensados, que uno pod\u00eda morderlos sin que nada se desarmara, sin que nada colgara, como si hasta eso fuera una forma de cuidado, una forma de amor puesta en los detalles.<\/p>\n\n\n\n<p>Record\u00e9 su forma de ser. Su gracia natural. Su simpat\u00eda. Su inteligencia que no necesitaba mostrarse, porque simplemente estaba. Todo lo que sab\u00eda, todo lo que hab\u00eda vivido, todo lo que hab\u00eda aprendido. Era chispa. Era atinada. Era de esas personas que dec\u00edan lo justo en el momento exacto, con una naturalidad que no se ense\u00f1a\u2026 se trae. Record\u00e9 sus juegos, cuando me sentaba en una cobija y me jalaba por la casa, o incluso por las gradas, para que yo sintiera ese brincoteo que se mezclaba con la risa, con la confianza, con la certeza de que estaba en un lugar seguro.<\/p>\n\n\n\n<p>Y su sonrisa\u2026 Siempre de buen humor. Siempre simp\u00e1tica. Siempre presente.<\/p>\n\n\n\n<p>Y m\u00e1s adelante, ya con el pelo blanco, peinado de sal\u00f3n, siempre elegante, siempre bien vestida, siempre sobria. Con esa presencia que no necesitaba hacerse notar, porque simplemente llenaba el espacio. Era de esas personas que no ocupan hablar fuerte\u2026 porque su forma de estar ya dice todo.<\/p>\n\n\n\n<p>Y entonces pas\u00f3. La extra\u00f1\u00e9. Pero no como se extra\u00f1a en ciertos momentos. La extra\u00f1\u00e9 profundamente.<\/p>\n\n\n\n<p>Como si de pronto todo lo vivido con ella se acomodara dentro de m\u00ed de una forma nueva. Como si cada recuerdo tomara m\u00e1s peso, m\u00e1s sentido, m\u00e1s presencia. Como si su ausencia, por primera vez, se sintiera completa\u2026 no como un vac\u00edo, sino como la otra cara de todo el amor que hubo. Y hay algo dif\u00edcil en eso.<\/p>\n\n\n\n<p>En darte cuenta de cosas que, de ninguna manera, pod\u00e9s cambiar. En entender que hay momentos, abrazos, miradas\u2026 que ya ocurrieron. Y que no van a volver. No porque algo est\u00e9 mal\u2026 sino porque as\u00ed es la vida. Y aun as\u00ed, en medio de esa certeza, aparece algo que sostiene.<\/p>\n\n\n\n<p>Porque si duele as\u00ed\u2026 es porque hubo mucho amor.<\/p>\n\n\n\n<p>Y entonces, entre l\u00e1grimas, entre recuerdos, entre esa sensaci\u00f3n que aprieta el pecho y al mismo tiempo lo llena\u2026 aparece una gratitud profunda.<\/p>\n\n\n\n<p>Qu\u00e9 dicha haberla tenido. Qu\u00e9 dicha haberla vivido. Qu\u00e9 dicha poder extra\u00f1arla as\u00ed.<\/p>\n","protected":false},"excerpt":{"rendered":"<p>Algunas veces, cuando estoy cenando, para no quedarme atrapado en las redes sociales contestando mensajes, abro YouTube y dejo que [&hellip;]<\/p>\n","protected":false},"author":1,"featured_media":3162,"comment_status":"open","ping_status":"open","sticky":false,"template":"","format":"standard","meta":{"site-sidebar-layout":"default","site-content-layout":"","ast-site-content-layout":"","site-content-style":"default","site-sidebar-style":"default","ast-global-header-display":"","ast-banner-title-visibility":"","ast-main-header-display":"","ast-hfb-above-header-display":"","ast-hfb-below-header-display":"","ast-hfb-mobile-header-display":"","site-post-title":"","ast-breadcrumbs-content":"","ast-featured-img":"","footer-sml-layout":"","theme-transparent-header-meta":"","adv-header-id-meta":"","stick-header-meta":"","header-above-stick-meta":"","header-main-stick-meta":"","header-below-stick-meta":"","astra-migrate-meta-layouts":"default","ast-page-background-enabled":"default","ast-page-background-meta":{"desktop":{"background-color":"var(--ast-global-color-5)","background-image":"","background-repeat":"repeat","background-position":"center center","background-size":"auto","background-attachment":"scroll","background-type":"","background-media":"","overlay-type":"","overlay-color":"","overlay-opacity":"","overlay-gradient":""},"tablet":{"background-color":"","background-image":"","background-repeat":"repeat","background-position":"center center","background-size":"auto","background-attachment":"scroll","background-type":"","background-media":"","overlay-type":"","overlay-color":"","overlay-opacity":"","overlay-gradient":""},"mobile":{"background-color":"","background-image":"","background-repeat":"repeat","background-position":"center center","background-size":"auto","background-attachment":"scroll","background-type":"","background-media":"","overlay-type":"","overlay-color":"","overlay-opacity":"","overlay-gradient":""}},"ast-content-background-meta":{"desktop":{"background-color":"var(--ast-global-color-4)","background-image":"","background-repeat":"repeat","background-position":"center center","background-size":"auto","background-attachment":"scroll","background-type":"","background-media":"","overlay-type":"","overlay-color":"","overlay-opacity":"","overlay-gradient":""},"tablet":{"background-color":"var(--ast-global-color-4)","background-image":"","background-repeat":"repeat","background-position":"center center","background-size":"auto","background-attachment":"scroll","background-type":"","background-media":"","overlay-type":"","overlay-color":"","overlay-opacity":"","overlay-gradient":""},"mobile":{"background-color":"var(--ast-global-color-4)","background-image":"","background-repeat":"repeat","background-position":"center center","background-size":"auto","background-attachment":"scroll","background-type":"","background-media":"","overlay-type":"","overlay-color":"","overlay-opacity":"","overlay-gradient":""}},"footnotes":""},"categories":[9],"tags":[],"class_list":["post-3161","post","type-post","status-publish","format-standard","has-post-thumbnail","hentry","category-mis-escritos"],"yoast_head":"<!-- This site is optimized with the Yoast SEO plugin v26.0 - https:\/\/yoast.com\/wordpress\/plugins\/seo\/ -->\n<title>La primera vez que la extra\u00f1\u00e9 de verdad - MI BLOG<\/title>\n<meta name=\"robots\" content=\"index, follow, max-snippet:-1, max-image-preview:large, max-video-preview:-1\" \/>\n<link rel=\"canonical\" href=\"https:\/\/viniciojarquin.com\/blog\/3161-2\/\" \/>\n<meta property=\"og:locale\" content=\"es_ES\" \/>\n<meta property=\"og:type\" content=\"article\" \/>\n<meta property=\"og:title\" content=\"La primera vez que la extra\u00f1\u00e9 de verdad - MI BLOG\" \/>\n<meta property=\"og:description\" content=\"Algunas veces, cuando estoy cenando, para no quedarme atrapado en las redes sociales contestando mensajes, abro YouTube y dejo que [&hellip;]\" \/>\n<meta property=\"og:url\" content=\"https:\/\/viniciojarquin.com\/blog\/3161-2\/\" \/>\n<meta property=\"og:site_name\" content=\"MI BLOG\" \/>\n<meta property=\"article:publisher\" content=\"https:\/\/www.facebook.com\/vinicio.jarquin\" \/>\n<meta property=\"article:author\" content=\"https:\/\/www.facebook.com\/vinicio.jarquin\" \/>\n<meta property=\"article:published_time\" content=\"2026-03-25T04:10:53+00:00\" \/>\n<meta property=\"article:modified_time\" content=\"2026-03-25T04:11:35+00:00\" \/>\n<meta property=\"og:image\" content=\"https:\/\/viniciojarquin.com\/blog\/wp-content\/uploads\/2026\/03\/469040678_10165307509089554_5781285482975867478_n.jpg\" \/>\n\t<meta property=\"og:image:width\" content=\"1136\" \/>\n\t<meta property=\"og:image:height\" content=\"852\" \/>\n\t<meta property=\"og:image:type\" content=\"image\/jpeg\" \/>\n<meta name=\"author\" content=\"Vinicio Jarqu\u00edn\" \/>\n<meta name=\"twitter:card\" content=\"summary_large_image\" \/>\n<meta name=\"twitter:label1\" content=\"Escrito por\" \/>\n\t<meta name=\"twitter:data1\" content=\"Vinicio Jarqu\u00edn\" \/>\n\t<meta name=\"twitter:label2\" content=\"Tiempo de lectura\" \/>\n\t<meta name=\"twitter:data2\" content=\"4 minutos\" \/>\n<script type=\"application\/ld+json\" class=\"yoast-schema-graph\">{\"@context\":\"https:\/\/schema.org\",\"@graph\":[{\"@type\":\"Article\",\"@id\":\"https:\/\/viniciojarquin.com\/blog\/3161-2\/#article\",\"isPartOf\":{\"@id\":\"https:\/\/viniciojarquin.com\/blog\/3161-2\/\"},\"author\":{\"name\":\"Vinicio Jarqu\u00edn\",\"@id\":\"https:\/\/viniciojarquin.com\/blog\/#\/schema\/person\/90100c8845ae55462ec0657d3d2f8d3b\"},\"headline\":\"La primera vez que la extra\u00f1\u00e9 de verdad\",\"datePublished\":\"2026-03-25T04:10:53+00:00\",\"dateModified\":\"2026-03-25T04:11:35+00:00\",\"mainEntityOfPage\":{\"@id\":\"https:\/\/viniciojarquin.com\/blog\/3161-2\/\"},\"wordCount\":770,\"commentCount\":0,\"publisher\":{\"@id\":\"https:\/\/viniciojarquin.com\/blog\/#\/schema\/person\/90100c8845ae55462ec0657d3d2f8d3b\"},\"image\":{\"@id\":\"https:\/\/viniciojarquin.com\/blog\/3161-2\/#primaryimage\"},\"thumbnailUrl\":\"https:\/\/viniciojarquin.com\/blog\/wp-content\/uploads\/2026\/03\/469040678_10165307509089554_5781285482975867478_n.jpg\",\"articleSection\":[\"Escritos generales\"],\"inLanguage\":\"es\",\"potentialAction\":[{\"@type\":\"CommentAction\",\"name\":\"Comment\",\"target\":[\"https:\/\/viniciojarquin.com\/blog\/3161-2\/#respond\"]}]},{\"@type\":\"WebPage\",\"@id\":\"https:\/\/viniciojarquin.com\/blog\/3161-2\/\",\"url\":\"https:\/\/viniciojarquin.com\/blog\/3161-2\/\",\"name\":\"La primera vez que la extra\u00f1\u00e9 de verdad - MI BLOG\",\"isPartOf\":{\"@id\":\"https:\/\/viniciojarquin.com\/blog\/#website\"},\"primaryImageOfPage\":{\"@id\":\"https:\/\/viniciojarquin.com\/blog\/3161-2\/#primaryimage\"},\"image\":{\"@id\":\"https:\/\/viniciojarquin.com\/blog\/3161-2\/#primaryimage\"},\"thumbnailUrl\":\"https:\/\/viniciojarquin.com\/blog\/wp-content\/uploads\/2026\/03\/469040678_10165307509089554_5781285482975867478_n.jpg\",\"datePublished\":\"2026-03-25T04:10:53+00:00\",\"dateModified\":\"2026-03-25T04:11:35+00:00\",\"breadcrumb\":{\"@id\":\"https:\/\/viniciojarquin.com\/blog\/3161-2\/#breadcrumb\"},\"inLanguage\":\"es\",\"potentialAction\":[{\"@type\":\"ReadAction\",\"target\":[\"https:\/\/viniciojarquin.com\/blog\/3161-2\/\"]}]},{\"@type\":\"ImageObject\",\"inLanguage\":\"es\",\"@id\":\"https:\/\/viniciojarquin.com\/blog\/3161-2\/#primaryimage\",\"url\":\"https:\/\/viniciojarquin.com\/blog\/wp-content\/uploads\/2026\/03\/469040678_10165307509089554_5781285482975867478_n.jpg\",\"contentUrl\":\"https:\/\/viniciojarquin.com\/blog\/wp-content\/uploads\/2026\/03\/469040678_10165307509089554_5781285482975867478_n.jpg\",\"width\":1136,\"height\":852},{\"@type\":\"BreadcrumbList\",\"@id\":\"https:\/\/viniciojarquin.com\/blog\/3161-2\/#breadcrumb\",\"itemListElement\":[{\"@type\":\"ListItem\",\"position\":1,\"name\":\"Portada\",\"item\":\"https:\/\/viniciojarquin.com\/blog\/\"},{\"@type\":\"ListItem\",\"position\":2,\"name\":\"La primera vez que la extra\u00f1\u00e9 de verdad\"}]},{\"@type\":\"WebSite\",\"@id\":\"https:\/\/viniciojarquin.com\/blog\/#website\",\"url\":\"https:\/\/viniciojarquin.com\/blog\/\",\"name\":\"Vinicio Jarqu\u00edn BLOG\",\"description\":\"\",\"publisher\":{\"@id\":\"https:\/\/viniciojarquin.com\/blog\/#\/schema\/person\/90100c8845ae55462ec0657d3d2f8d3b\"},\"potentialAction\":[{\"@type\":\"SearchAction\",\"target\":{\"@type\":\"EntryPoint\",\"urlTemplate\":\"https:\/\/viniciojarquin.com\/blog\/?s={search_term_string}\"},\"query-input\":{\"@type\":\"PropertyValueSpecification\",\"valueRequired\":true,\"valueName\":\"search_term_string\"}}],\"inLanguage\":\"es\"},{\"@type\":[\"Person\",\"Organization\"],\"@id\":\"https:\/\/viniciojarquin.com\/blog\/#\/schema\/person\/90100c8845ae55462ec0657d3d2f8d3b\",\"name\":\"Vinicio Jarqu\u00edn\",\"image\":{\"@type\":\"ImageObject\",\"inLanguage\":\"es\",\"@id\":\"https:\/\/viniciojarquin.com\/blog\/#\/schema\/person\/image\/\",\"url\":\"https:\/\/viniciojarquin.com\/blog\/wp-content\/uploads\/2024\/10\/Logo-VinicioJarquin-original-400.png\",\"contentUrl\":\"https:\/\/viniciojarquin.com\/blog\/wp-content\/uploads\/2024\/10\/Logo-VinicioJarquin-original-400.png\",\"width\":400,\"height\":130,\"caption\":\"Vinicio Jarqu\u00edn\"},\"logo\":{\"@id\":\"https:\/\/viniciojarquin.com\/blog\/#\/schema\/person\/image\/\"},\"description\":\"Empresario textil, artista pl\u00e1stico, escritor, coach de vida y fot\u00f3grafo.\",\"sameAs\":[\"https:\/\/viniciojarquin.com\/blog\",\"https:\/\/www.facebook.com\/vinicio.jarquin\",\"https:\/\/www.instagram.com\/vinicio_jarquin\/\",\"https:\/\/www.pinterest.com\/vinnyjc\/\",\"https:\/\/www.youtube.com\/@VinicioJarquin\"],\"url\":\"https:\/\/viniciojarquin.com\/blog\/author\/admin_s02au25i\/\"}]}<\/script>\n<!-- \/ Yoast SEO plugin. -->","yoast_head_json":{"title":"La primera vez que la extra\u00f1\u00e9 de verdad - MI BLOG","robots":{"index":"index","follow":"follow","max-snippet":"max-snippet:-1","max-image-preview":"max-image-preview:large","max-video-preview":"max-video-preview:-1"},"canonical":"https:\/\/viniciojarquin.com\/blog\/3161-2\/","og_locale":"es_ES","og_type":"article","og_title":"La primera vez que la extra\u00f1\u00e9 de verdad - MI BLOG","og_description":"Algunas veces, cuando estoy cenando, para no quedarme atrapado en las redes sociales contestando mensajes, abro YouTube y dejo que [&hellip;]","og_url":"https:\/\/viniciojarquin.com\/blog\/3161-2\/","og_site_name":"MI BLOG","article_publisher":"https:\/\/www.facebook.com\/vinicio.jarquin","article_author":"https:\/\/www.facebook.com\/vinicio.jarquin","article_published_time":"2026-03-25T04:10:53+00:00","article_modified_time":"2026-03-25T04:11:35+00:00","og_image":[{"width":1136,"height":852,"url":"https:\/\/viniciojarquin.com\/blog\/wp-content\/uploads\/2026\/03\/469040678_10165307509089554_5781285482975867478_n.jpg","type":"image\/jpeg"}],"author":"Vinicio Jarqu\u00edn","twitter_card":"summary_large_image","twitter_misc":{"Escrito por":"Vinicio Jarqu\u00edn","Tiempo de lectura":"4 minutos"},"schema":{"@context":"https:\/\/schema.org","@graph":[{"@type":"Article","@id":"https:\/\/viniciojarquin.com\/blog\/3161-2\/#article","isPartOf":{"@id":"https:\/\/viniciojarquin.com\/blog\/3161-2\/"},"author":{"name":"Vinicio Jarqu\u00edn","@id":"https:\/\/viniciojarquin.com\/blog\/#\/schema\/person\/90100c8845ae55462ec0657d3d2f8d3b"},"headline":"La primera vez que la extra\u00f1\u00e9 de verdad","datePublished":"2026-03-25T04:10:53+00:00","dateModified":"2026-03-25T04:11:35+00:00","mainEntityOfPage":{"@id":"https:\/\/viniciojarquin.com\/blog\/3161-2\/"},"wordCount":770,"commentCount":0,"publisher":{"@id":"https:\/\/viniciojarquin.com\/blog\/#\/schema\/person\/90100c8845ae55462ec0657d3d2f8d3b"},"image":{"@id":"https:\/\/viniciojarquin.com\/blog\/3161-2\/#primaryimage"},"thumbnailUrl":"https:\/\/viniciojarquin.com\/blog\/wp-content\/uploads\/2026\/03\/469040678_10165307509089554_5781285482975867478_n.jpg","articleSection":["Escritos generales"],"inLanguage":"es","potentialAction":[{"@type":"CommentAction","name":"Comment","target":["https:\/\/viniciojarquin.com\/blog\/3161-2\/#respond"]}]},{"@type":"WebPage","@id":"https:\/\/viniciojarquin.com\/blog\/3161-2\/","url":"https:\/\/viniciojarquin.com\/blog\/3161-2\/","name":"La primera vez que la extra\u00f1\u00e9 de verdad - MI BLOG","isPartOf":{"@id":"https:\/\/viniciojarquin.com\/blog\/#website"},"primaryImageOfPage":{"@id":"https:\/\/viniciojarquin.com\/blog\/3161-2\/#primaryimage"},"image":{"@id":"https:\/\/viniciojarquin.com\/blog\/3161-2\/#primaryimage"},"thumbnailUrl":"https:\/\/viniciojarquin.com\/blog\/wp-content\/uploads\/2026\/03\/469040678_10165307509089554_5781285482975867478_n.jpg","datePublished":"2026-03-25T04:10:53+00:00","dateModified":"2026-03-25T04:11:35+00:00","breadcrumb":{"@id":"https:\/\/viniciojarquin.com\/blog\/3161-2\/#breadcrumb"},"inLanguage":"es","potentialAction":[{"@type":"ReadAction","target":["https:\/\/viniciojarquin.com\/blog\/3161-2\/"]}]},{"@type":"ImageObject","inLanguage":"es","@id":"https:\/\/viniciojarquin.com\/blog\/3161-2\/#primaryimage","url":"https:\/\/viniciojarquin.com\/blog\/wp-content\/uploads\/2026\/03\/469040678_10165307509089554_5781285482975867478_n.jpg","contentUrl":"https:\/\/viniciojarquin.com\/blog\/wp-content\/uploads\/2026\/03\/469040678_10165307509089554_5781285482975867478_n.jpg","width":1136,"height":852},{"@type":"BreadcrumbList","@id":"https:\/\/viniciojarquin.com\/blog\/3161-2\/#breadcrumb","itemListElement":[{"@type":"ListItem","position":1,"name":"Portada","item":"https:\/\/viniciojarquin.com\/blog\/"},{"@type":"ListItem","position":2,"name":"La primera vez que la extra\u00f1\u00e9 de verdad"}]},{"@type":"WebSite","@id":"https:\/\/viniciojarquin.com\/blog\/#website","url":"https:\/\/viniciojarquin.com\/blog\/","name":"Vinicio Jarqu\u00edn BLOG","description":"","publisher":{"@id":"https:\/\/viniciojarquin.com\/blog\/#\/schema\/person\/90100c8845ae55462ec0657d3d2f8d3b"},"potentialAction":[{"@type":"SearchAction","target":{"@type":"EntryPoint","urlTemplate":"https:\/\/viniciojarquin.com\/blog\/?s={search_term_string}"},"query-input":{"@type":"PropertyValueSpecification","valueRequired":true,"valueName":"search_term_string"}}],"inLanguage":"es"},{"@type":["Person","Organization"],"@id":"https:\/\/viniciojarquin.com\/blog\/#\/schema\/person\/90100c8845ae55462ec0657d3d2f8d3b","name":"Vinicio Jarqu\u00edn","image":{"@type":"ImageObject","inLanguage":"es","@id":"https:\/\/viniciojarquin.com\/blog\/#\/schema\/person\/image\/","url":"https:\/\/viniciojarquin.com\/blog\/wp-content\/uploads\/2024\/10\/Logo-VinicioJarquin-original-400.png","contentUrl":"https:\/\/viniciojarquin.com\/blog\/wp-content\/uploads\/2024\/10\/Logo-VinicioJarquin-original-400.png","width":400,"height":130,"caption":"Vinicio Jarqu\u00edn"},"logo":{"@id":"https:\/\/viniciojarquin.com\/blog\/#\/schema\/person\/image\/"},"description":"Empresario textil, artista pl\u00e1stico, escritor, coach de vida y fot\u00f3grafo.","sameAs":["https:\/\/viniciojarquin.com\/blog","https:\/\/www.facebook.com\/vinicio.jarquin","https:\/\/www.instagram.com\/vinicio_jarquin\/","https:\/\/www.pinterest.com\/vinnyjc\/","https:\/\/www.youtube.com\/@VinicioJarquin"],"url":"https:\/\/viniciojarquin.com\/blog\/author\/admin_s02au25i\/"}]}},"blog_post_layout_featured_media_urls":{"thumbnail":["https:\/\/viniciojarquin.com\/blog\/wp-content\/uploads\/2026\/03\/469040678_10165307509089554_5781285482975867478_n-150x150.jpg",150,150,true],"full":["https:\/\/viniciojarquin.com\/blog\/wp-content\/uploads\/2026\/03\/469040678_10165307509089554_5781285482975867478_n.jpg",1136,852,false]},"categories_names":{"9":{"name":"Escritos generales","link":"https:\/\/viniciojarquin.com\/blog\/category\/mis-escritos\/"}},"tags_names":[],"comments_number":"0","_links":{"self":[{"href":"https:\/\/viniciojarquin.com\/blog\/wp-json\/wp\/v2\/posts\/3161","targetHints":{"allow":["GET"]}}],"collection":[{"href":"https:\/\/viniciojarquin.com\/blog\/wp-json\/wp\/v2\/posts"}],"about":[{"href":"https:\/\/viniciojarquin.com\/blog\/wp-json\/wp\/v2\/types\/post"}],"author":[{"embeddable":true,"href":"https:\/\/viniciojarquin.com\/blog\/wp-json\/wp\/v2\/users\/1"}],"replies":[{"embeddable":true,"href":"https:\/\/viniciojarquin.com\/blog\/wp-json\/wp\/v2\/comments?post=3161"}],"version-history":[{"count":2,"href":"https:\/\/viniciojarquin.com\/blog\/wp-json\/wp\/v2\/posts\/3161\/revisions"}],"predecessor-version":[{"id":3164,"href":"https:\/\/viniciojarquin.com\/blog\/wp-json\/wp\/v2\/posts\/3161\/revisions\/3164"}],"wp:featuredmedia":[{"embeddable":true,"href":"https:\/\/viniciojarquin.com\/blog\/wp-json\/wp\/v2\/media\/3162"}],"wp:attachment":[{"href":"https:\/\/viniciojarquin.com\/blog\/wp-json\/wp\/v2\/media?parent=3161"}],"wp:term":[{"taxonomy":"category","embeddable":true,"href":"https:\/\/viniciojarquin.com\/blog\/wp-json\/wp\/v2\/categories?post=3161"},{"taxonomy":"post_tag","embeddable":true,"href":"https:\/\/viniciojarquin.com\/blog\/wp-json\/wp\/v2\/tags?post=3161"}],"curies":[{"name":"wp","href":"https:\/\/api.w.org\/{rel}","templated":true}]}}