{"id":3165,"date":"2026-03-26T00:07:56","date_gmt":"2026-03-26T00:07:56","guid":{"rendered":"https:\/\/viniciojarquin.com\/blog\/?p=3165"},"modified":"2026-03-26T00:07:58","modified_gmt":"2026-03-26T00:07:58","slug":"cuando-lo-que-pasa-lejos-nos-golpea-cerca","status":"publish","type":"post","link":"https:\/\/viniciojarquin.com\/blog\/cuando-lo-que-pasa-lejos-nos-golpea-cerca\/","title":{"rendered":"Cuando lo que pasa lejos\u2026 nos golpea cerca"},"content":{"rendered":"\n<figure class=\"wp-block-image size-full\"><img decoding=\"async\" width=\"800\" height=\"533\" data-src=\"https:\/\/viniciojarquin.com\/blog\/wp-content\/uploads\/2026\/03\/Una-mirada-en-calma-2-reduc.png\" alt=\"\" class=\"wp-image-3166 lazyload\" data-srcset=\"https:\/\/viniciojarquin.com\/blog\/wp-content\/uploads\/2026\/03\/Una-mirada-en-calma-2-reduc.png 800w, https:\/\/viniciojarquin.com\/blog\/wp-content\/uploads\/2026\/03\/Una-mirada-en-calma-2-reduc-300x200.png 300w, https:\/\/viniciojarquin.com\/blog\/wp-content\/uploads\/2026\/03\/Una-mirada-en-calma-2-reduc-768x512.png 768w\" data-sizes=\"(max-width: 800px) 100vw, 800px\" src=\"data:image\/svg+xml;base64,PHN2ZyB3aWR0aD0iMSIgaGVpZ2h0PSIxIiB4bWxucz0iaHR0cDovL3d3dy53My5vcmcvMjAwMC9zdmciPjwvc3ZnPg==\" style=\"--smush-placeholder-width: 800px; --smush-placeholder-aspect-ratio: 800\/533;\" \/><\/figure>\n\n\n\n<p>Esta ma\u00f1ana, en una reuni\u00f3n sobre el agro de Costa Rica, tuve la dicha de conversar con el ingeniero Carlos Pineda. No s\u00e9 si llamarlo influencer o generador de contenido\u2026 pero lo que s\u00ed s\u00e9 es que tiene la capacidad de explicar, con claridad y sin adornos, la realidad que viven nuestros agricultores. Escucharlo no solo informa\u2026 tambi\u00e9n despierta. Y en mi caso, me refresc\u00f3 algo importante: el compromiso de seguir trabajando con un sector que muchas veces se da por sentado, pero que sostiene mucho m\u00e1s de lo que creemos.<\/p>\n\n\n\n<p>M\u00e1s tarde, Carlos me comparti\u00f3 un video sobre la posible situaci\u00f3n que podr\u00edamos vivir en Costa Rica a ra\u00edz de la guerra en Medio Oriente. Y aunque el conflicto suena lejano, la consecuencia no lo es tanto. Porque cuando se habla del posible cierre del estrecho de Ormuz, no se est\u00e1 hablando solo de geopol\u00edtica\u2026 se est\u00e1 hablando de lo que podr\u00eda terminar pasando en la mesa de cada familia.<\/p>\n\n\n\n<p>Desde mi punto de vista, hay algo que no siempre vemos con claridad. Gran parte de los fertilizantes que sostienen la producci\u00f3n agr\u00edcola dependen del petr\u00f3leo. Y una porci\u00f3n importante de esos insumos pasa por esa zona estrat\u00e9gica. Si ese flujo se ve afectado, los precios suben. Y cuando suben los fertilizantes, suben los costos de producci\u00f3n. Y cuando suben los costos de producci\u00f3n\u2026 suben los alimentos.<\/p>\n\n\n\n<p>Y ah\u00ed es donde la historia deja de ser internacional\u2026 y se vuelve personal.<\/p>\n\n\n\n<p>Porque no todos los pa\u00edses enfrentan ese escenario de la misma manera. Hay econom\u00edas grandes que producen para su propio consumo, que tienen margen, que pueden absorber impactos. Pero pa\u00edses como el nuestro, y muchos otros en Am\u00e9rica Latina o \u00c1frica, dependen de lo que viene de afuera. Dependemos de insumos, de transporte, de mercados que no controlamos.<\/p>\n\n\n\n<p>Y eso nos vuelve vulnerables.<\/p>\n\n\n\n<p>Porque cuando el modelo se basa en importar, en depender, en no fortalecer lo propio, cualquier movimiento externo se convierte en un golpe interno. No es solo un tema de precios. Es un tema de seguridad. De estabilidad. De capacidad de sostenernos como pa\u00eds en momentos complejos.<\/p>\n\n\n\n<p>Tal vez esta no es una conversaci\u00f3n c\u00f3moda. Porque implica cuestionar decisiones, modelos, prioridades. Pero s\u00ed es necesaria. Porque la riqueza de nuestros suelos, el conocimiento de nuestros agricultores, la capacidad productiva que tenemos\u2026 no deber\u00eda ser secundaria.<\/p>\n\n\n\n<p>Y tal vez ah\u00ed est\u00e1 la reflexi\u00f3n.<\/p>\n\n\n\n<p>Lo que pasa lejos s\u00ed importa. Pero lo que decidimos hacer aqu\u00ed\u2026 importa mucho m\u00e1s. Porque en esa decisi\u00f3n est\u00e1 la diferencia entre depender\u2026 o sostenernos.<\/p>\n","protected":false},"excerpt":{"rendered":"<p>Esta ma\u00f1ana, en una reuni\u00f3n sobre el agro de Costa Rica, tuve la dicha de conversar con el ingeniero Carlos [&hellip;]<\/p>\n","protected":false},"author":1,"featured_media":3166,"comment_status":"open","ping_status":"open","sticky":false,"template":"","format":"standard","meta":{"site-sidebar-layout":"default","site-content-layout":"","ast-site-content-layout":"","site-content-style":"default","site-sidebar-style":"default","ast-global-header-display":"","ast-banner-title-visibility":"","ast-main-header-display":"","ast-hfb-above-header-display":"","ast-hfb-below-header-display":"","ast-hfb-mobile-header-display":"","site-post-title":"","ast-breadcrumbs-content":"","ast-featured-img":"","footer-sml-layout":"","theme-transparent-header-meta":"","adv-header-id-meta":"","stick-header-meta":"","header-above-stick-meta":"","header-main-stick-meta":"","header-below-stick-meta":"","astra-migrate-meta-layouts":"default","ast-page-background-enabled":"default","ast-page-background-meta":{"desktop":{"background-color":"var(--ast-global-color-5)","background-image":"","background-repeat":"repeat","background-position":"center center","background-size":"auto","background-attachment":"scroll","background-type":"","background-media":"","overlay-type":"","overlay-color":"","overlay-opacity":"","overlay-gradient":""},"tablet":{"background-color":"","background-image":"","background-repeat":"repeat","background-position":"center center","background-size":"auto","background-attachment":"scroll","background-type":"","background-media":"","overlay-type":"","overlay-color":"","overlay-opacity":"","overlay-gradient":""},"mobile":{"background-color":"","background-image":"","background-repeat":"repeat","background-position":"center center","background-size":"auto","background-attachment":"scroll","background-type":"","background-media":"","overlay-type":"","overlay-color":"","overlay-opacity":"","overlay-gradient":""}},"ast-content-background-meta":{"desktop":{"background-color":"var(--ast-global-color-4)","background-image":"","background-repeat":"repeat","background-position":"center center","background-size":"auto","background-attachment":"scroll","background-type":"","background-media":"","overlay-type":"","overlay-color":"","overlay-opacity":"","overlay-gradient":""},"tablet":{"background-color":"var(--ast-global-color-4)","background-image":"","background-repeat":"repeat","background-position":"center center","background-size":"auto","background-attachment":"scroll","background-type":"","background-media":"","overlay-type":"","overlay-color":"","overlay-opacity":"","overlay-gradient":""},"mobile":{"background-color":"var(--ast-global-color-4)","background-image":"","background-repeat":"repeat","background-position":"center center","background-size":"auto","background-attachment":"scroll","background-type":"","background-media":"","overlay-type":"","overlay-color":"","overlay-opacity":"","overlay-gradient":""}},"footnotes":""},"categories":[12],"tags":[],"class_list":["post-3165","post","type-post","status-publish","format-standard","has-post-thumbnail","hentry","category-politica-o-gobierno"],"yoast_head":"<!-- This site is optimized with the Yoast SEO plugin v26.0 - https:\/\/yoast.com\/wordpress\/plugins\/seo\/ -->\n<title>Cuando lo que pasa lejos\u2026 nos golpea cerca - MI BLOG<\/title>\n<meta name=\"robots\" content=\"index, follow, max-snippet:-1, max-image-preview:large, max-video-preview:-1\" \/>\n<link rel=\"canonical\" href=\"https:\/\/viniciojarquin.com\/blog\/cuando-lo-que-pasa-lejos-nos-golpea-cerca\/\" \/>\n<meta property=\"og:locale\" content=\"es_ES\" \/>\n<meta property=\"og:type\" content=\"article\" \/>\n<meta property=\"og:title\" content=\"Cuando lo que pasa lejos\u2026 nos golpea cerca - MI BLOG\" \/>\n<meta property=\"og:description\" content=\"Esta ma\u00f1ana, en una reuni\u00f3n sobre el agro de Costa Rica, tuve la dicha de conversar con el ingeniero Carlos [&hellip;]\" \/>\n<meta property=\"og:url\" content=\"https:\/\/viniciojarquin.com\/blog\/cuando-lo-que-pasa-lejos-nos-golpea-cerca\/\" \/>\n<meta property=\"og:site_name\" content=\"MI BLOG\" \/>\n<meta property=\"article:publisher\" content=\"https:\/\/www.facebook.com\/vinicio.jarquin\" \/>\n<meta property=\"article:author\" content=\"https:\/\/www.facebook.com\/vinicio.jarquin\" \/>\n<meta property=\"article:published_time\" content=\"2026-03-26T00:07:56+00:00\" \/>\n<meta property=\"article:modified_time\" content=\"2026-03-26T00:07:58+00:00\" \/>\n<meta property=\"og:image\" content=\"https:\/\/viniciojarquin.com\/blog\/wp-content\/uploads\/2026\/03\/Una-mirada-en-calma-2-reduc.png\" \/>\n\t<meta property=\"og:image:width\" content=\"800\" \/>\n\t<meta property=\"og:image:height\" content=\"533\" \/>\n\t<meta property=\"og:image:type\" content=\"image\/png\" \/>\n<meta name=\"author\" content=\"Vinicio Jarqu\u00edn\" \/>\n<meta name=\"twitter:card\" content=\"summary_large_image\" \/>\n<meta name=\"twitter:label1\" content=\"Escrito por\" \/>\n\t<meta name=\"twitter:data1\" content=\"Vinicio Jarqu\u00edn\" \/>\n\t<meta name=\"twitter:label2\" content=\"Tiempo de lectura\" \/>\n\t<meta name=\"twitter:data2\" content=\"3 minutos\" \/>\n<script type=\"application\/ld+json\" class=\"yoast-schema-graph\">{\"@context\":\"https:\/\/schema.org\",\"@graph\":[{\"@type\":\"Article\",\"@id\":\"https:\/\/viniciojarquin.com\/blog\/cuando-lo-que-pasa-lejos-nos-golpea-cerca\/#article\",\"isPartOf\":{\"@id\":\"https:\/\/viniciojarquin.com\/blog\/cuando-lo-que-pasa-lejos-nos-golpea-cerca\/\"},\"author\":{\"name\":\"Vinicio Jarqu\u00edn\",\"@id\":\"https:\/\/viniciojarquin.com\/blog\/#\/schema\/person\/90100c8845ae55462ec0657d3d2f8d3b\"},\"headline\":\"Cuando lo que pasa lejos\u2026 nos golpea cerca\",\"datePublished\":\"2026-03-26T00:07:56+00:00\",\"dateModified\":\"2026-03-26T00:07:58+00:00\",\"mainEntityOfPage\":{\"@id\":\"https:\/\/viniciojarquin.com\/blog\/cuando-lo-que-pasa-lejos-nos-golpea-cerca\/\"},\"wordCount\":459,\"commentCount\":0,\"publisher\":{\"@id\":\"https:\/\/viniciojarquin.com\/blog\/#\/schema\/person\/90100c8845ae55462ec0657d3d2f8d3b\"},\"image\":{\"@id\":\"https:\/\/viniciojarquin.com\/blog\/cuando-lo-que-pasa-lejos-nos-golpea-cerca\/#primaryimage\"},\"thumbnailUrl\":\"https:\/\/viniciojarquin.com\/blog\/wp-content\/uploads\/2026\/03\/Una-mirada-en-calma-2-reduc.png\",\"articleSection\":[\"Pol\u00edtica varios\"],\"inLanguage\":\"es\",\"potentialAction\":[{\"@type\":\"CommentAction\",\"name\":\"Comment\",\"target\":[\"https:\/\/viniciojarquin.com\/blog\/cuando-lo-que-pasa-lejos-nos-golpea-cerca\/#respond\"]}]},{\"@type\":\"WebPage\",\"@id\":\"https:\/\/viniciojarquin.com\/blog\/cuando-lo-que-pasa-lejos-nos-golpea-cerca\/\",\"url\":\"https:\/\/viniciojarquin.com\/blog\/cuando-lo-que-pasa-lejos-nos-golpea-cerca\/\",\"name\":\"Cuando lo que pasa lejos\u2026 nos golpea cerca - MI BLOG\",\"isPartOf\":{\"@id\":\"https:\/\/viniciojarquin.com\/blog\/#website\"},\"primaryImageOfPage\":{\"@id\":\"https:\/\/viniciojarquin.com\/blog\/cuando-lo-que-pasa-lejos-nos-golpea-cerca\/#primaryimage\"},\"image\":{\"@id\":\"https:\/\/viniciojarquin.com\/blog\/cuando-lo-que-pasa-lejos-nos-golpea-cerca\/#primaryimage\"},\"thumbnailUrl\":\"https:\/\/viniciojarquin.com\/blog\/wp-content\/uploads\/2026\/03\/Una-mirada-en-calma-2-reduc.png\",\"datePublished\":\"2026-03-26T00:07:56+00:00\",\"dateModified\":\"2026-03-26T00:07:58+00:00\",\"breadcrumb\":{\"@id\":\"https:\/\/viniciojarquin.com\/blog\/cuando-lo-que-pasa-lejos-nos-golpea-cerca\/#breadcrumb\"},\"inLanguage\":\"es\",\"potentialAction\":[{\"@type\":\"ReadAction\",\"target\":[\"https:\/\/viniciojarquin.com\/blog\/cuando-lo-que-pasa-lejos-nos-golpea-cerca\/\"]}]},{\"@type\":\"ImageObject\",\"inLanguage\":\"es\",\"@id\":\"https:\/\/viniciojarquin.com\/blog\/cuando-lo-que-pasa-lejos-nos-golpea-cerca\/#primaryimage\",\"url\":\"https:\/\/viniciojarquin.com\/blog\/wp-content\/uploads\/2026\/03\/Una-mirada-en-calma-2-reduc.png\",\"contentUrl\":\"https:\/\/viniciojarquin.com\/blog\/wp-content\/uploads\/2026\/03\/Una-mirada-en-calma-2-reduc.png\",\"width\":800,\"height\":533},{\"@type\":\"BreadcrumbList\",\"@id\":\"https:\/\/viniciojarquin.com\/blog\/cuando-lo-que-pasa-lejos-nos-golpea-cerca\/#breadcrumb\",\"itemListElement\":[{\"@type\":\"ListItem\",\"position\":1,\"name\":\"Portada\",\"item\":\"https:\/\/viniciojarquin.com\/blog\/\"},{\"@type\":\"ListItem\",\"position\":2,\"name\":\"Cuando lo que pasa lejos\u2026 nos golpea cerca\"}]},{\"@type\":\"WebSite\",\"@id\":\"https:\/\/viniciojarquin.com\/blog\/#website\",\"url\":\"https:\/\/viniciojarquin.com\/blog\/\",\"name\":\"Vinicio Jarqu\u00edn BLOG\",\"description\":\"\",\"publisher\":{\"@id\":\"https:\/\/viniciojarquin.com\/blog\/#\/schema\/person\/90100c8845ae55462ec0657d3d2f8d3b\"},\"potentialAction\":[{\"@type\":\"SearchAction\",\"target\":{\"@type\":\"EntryPoint\",\"urlTemplate\":\"https:\/\/viniciojarquin.com\/blog\/?s={search_term_string}\"},\"query-input\":{\"@type\":\"PropertyValueSpecification\",\"valueRequired\":true,\"valueName\":\"search_term_string\"}}],\"inLanguage\":\"es\"},{\"@type\":[\"Person\",\"Organization\"],\"@id\":\"https:\/\/viniciojarquin.com\/blog\/#\/schema\/person\/90100c8845ae55462ec0657d3d2f8d3b\",\"name\":\"Vinicio Jarqu\u00edn\",\"image\":{\"@type\":\"ImageObject\",\"inLanguage\":\"es\",\"@id\":\"https:\/\/viniciojarquin.com\/blog\/#\/schema\/person\/image\/\",\"url\":\"https:\/\/viniciojarquin.com\/blog\/wp-content\/uploads\/2024\/10\/Logo-VinicioJarquin-original-400.png\",\"contentUrl\":\"https:\/\/viniciojarquin.com\/blog\/wp-content\/uploads\/2024\/10\/Logo-VinicioJarquin-original-400.png\",\"width\":400,\"height\":130,\"caption\":\"Vinicio Jarqu\u00edn\"},\"logo\":{\"@id\":\"https:\/\/viniciojarquin.com\/blog\/#\/schema\/person\/image\/\"},\"description\":\"Empresario textil, artista pl\u00e1stico, escritor, coach de vida y fot\u00f3grafo.\",\"sameAs\":[\"https:\/\/viniciojarquin.com\/blog\",\"https:\/\/www.facebook.com\/vinicio.jarquin\",\"https:\/\/www.instagram.com\/vinicio_jarquin\/\",\"https:\/\/www.pinterest.com\/vinnyjc\/\",\"https:\/\/www.youtube.com\/@VinicioJarquin\"],\"url\":\"https:\/\/viniciojarquin.com\/blog\/author\/admin_s02au25i\/\"}]}<\/script>\n<!-- \/ Yoast SEO plugin. -->","yoast_head_json":{"title":"Cuando lo que pasa lejos\u2026 nos golpea cerca - MI BLOG","robots":{"index":"index","follow":"follow","max-snippet":"max-snippet:-1","max-image-preview":"max-image-preview:large","max-video-preview":"max-video-preview:-1"},"canonical":"https:\/\/viniciojarquin.com\/blog\/cuando-lo-que-pasa-lejos-nos-golpea-cerca\/","og_locale":"es_ES","og_type":"article","og_title":"Cuando lo que pasa lejos\u2026 nos golpea cerca - MI BLOG","og_description":"Esta ma\u00f1ana, en una reuni\u00f3n sobre el agro de Costa Rica, tuve la dicha de conversar con el ingeniero Carlos [&hellip;]","og_url":"https:\/\/viniciojarquin.com\/blog\/cuando-lo-que-pasa-lejos-nos-golpea-cerca\/","og_site_name":"MI BLOG","article_publisher":"https:\/\/www.facebook.com\/vinicio.jarquin","article_author":"https:\/\/www.facebook.com\/vinicio.jarquin","article_published_time":"2026-03-26T00:07:56+00:00","article_modified_time":"2026-03-26T00:07:58+00:00","og_image":[{"width":800,"height":533,"url":"https:\/\/viniciojarquin.com\/blog\/wp-content\/uploads\/2026\/03\/Una-mirada-en-calma-2-reduc.png","type":"image\/png"}],"author":"Vinicio Jarqu\u00edn","twitter_card":"summary_large_image","twitter_misc":{"Escrito por":"Vinicio Jarqu\u00edn","Tiempo de lectura":"3 minutos"},"schema":{"@context":"https:\/\/schema.org","@graph":[{"@type":"Article","@id":"https:\/\/viniciojarquin.com\/blog\/cuando-lo-que-pasa-lejos-nos-golpea-cerca\/#article","isPartOf":{"@id":"https:\/\/viniciojarquin.com\/blog\/cuando-lo-que-pasa-lejos-nos-golpea-cerca\/"},"author":{"name":"Vinicio Jarqu\u00edn","@id":"https:\/\/viniciojarquin.com\/blog\/#\/schema\/person\/90100c8845ae55462ec0657d3d2f8d3b"},"headline":"Cuando lo que pasa lejos\u2026 nos golpea cerca","datePublished":"2026-03-26T00:07:56+00:00","dateModified":"2026-03-26T00:07:58+00:00","mainEntityOfPage":{"@id":"https:\/\/viniciojarquin.com\/blog\/cuando-lo-que-pasa-lejos-nos-golpea-cerca\/"},"wordCount":459,"commentCount":0,"publisher":{"@id":"https:\/\/viniciojarquin.com\/blog\/#\/schema\/person\/90100c8845ae55462ec0657d3d2f8d3b"},"image":{"@id":"https:\/\/viniciojarquin.com\/blog\/cuando-lo-que-pasa-lejos-nos-golpea-cerca\/#primaryimage"},"thumbnailUrl":"https:\/\/viniciojarquin.com\/blog\/wp-content\/uploads\/2026\/03\/Una-mirada-en-calma-2-reduc.png","articleSection":["Pol\u00edtica varios"],"inLanguage":"es","potentialAction":[{"@type":"CommentAction","name":"Comment","target":["https:\/\/viniciojarquin.com\/blog\/cuando-lo-que-pasa-lejos-nos-golpea-cerca\/#respond"]}]},{"@type":"WebPage","@id":"https:\/\/viniciojarquin.com\/blog\/cuando-lo-que-pasa-lejos-nos-golpea-cerca\/","url":"https:\/\/viniciojarquin.com\/blog\/cuando-lo-que-pasa-lejos-nos-golpea-cerca\/","name":"Cuando lo que pasa lejos\u2026 nos golpea cerca - MI BLOG","isPartOf":{"@id":"https:\/\/viniciojarquin.com\/blog\/#website"},"primaryImageOfPage":{"@id":"https:\/\/viniciojarquin.com\/blog\/cuando-lo-que-pasa-lejos-nos-golpea-cerca\/#primaryimage"},"image":{"@id":"https:\/\/viniciojarquin.com\/blog\/cuando-lo-que-pasa-lejos-nos-golpea-cerca\/#primaryimage"},"thumbnailUrl":"https:\/\/viniciojarquin.com\/blog\/wp-content\/uploads\/2026\/03\/Una-mirada-en-calma-2-reduc.png","datePublished":"2026-03-26T00:07:56+00:00","dateModified":"2026-03-26T00:07:58+00:00","breadcrumb":{"@id":"https:\/\/viniciojarquin.com\/blog\/cuando-lo-que-pasa-lejos-nos-golpea-cerca\/#breadcrumb"},"inLanguage":"es","potentialAction":[{"@type":"ReadAction","target":["https:\/\/viniciojarquin.com\/blog\/cuando-lo-que-pasa-lejos-nos-golpea-cerca\/"]}]},{"@type":"ImageObject","inLanguage":"es","@id":"https:\/\/viniciojarquin.com\/blog\/cuando-lo-que-pasa-lejos-nos-golpea-cerca\/#primaryimage","url":"https:\/\/viniciojarquin.com\/blog\/wp-content\/uploads\/2026\/03\/Una-mirada-en-calma-2-reduc.png","contentUrl":"https:\/\/viniciojarquin.com\/blog\/wp-content\/uploads\/2026\/03\/Una-mirada-en-calma-2-reduc.png","width":800,"height":533},{"@type":"BreadcrumbList","@id":"https:\/\/viniciojarquin.com\/blog\/cuando-lo-que-pasa-lejos-nos-golpea-cerca\/#breadcrumb","itemListElement":[{"@type":"ListItem","position":1,"name":"Portada","item":"https:\/\/viniciojarquin.com\/blog\/"},{"@type":"ListItem","position":2,"name":"Cuando lo que pasa lejos\u2026 nos golpea cerca"}]},{"@type":"WebSite","@id":"https:\/\/viniciojarquin.com\/blog\/#website","url":"https:\/\/viniciojarquin.com\/blog\/","name":"Vinicio Jarqu\u00edn BLOG","description":"","publisher":{"@id":"https:\/\/viniciojarquin.com\/blog\/#\/schema\/person\/90100c8845ae55462ec0657d3d2f8d3b"},"potentialAction":[{"@type":"SearchAction","target":{"@type":"EntryPoint","urlTemplate":"https:\/\/viniciojarquin.com\/blog\/?s={search_term_string}"},"query-input":{"@type":"PropertyValueSpecification","valueRequired":true,"valueName":"search_term_string"}}],"inLanguage":"es"},{"@type":["Person","Organization"],"@id":"https:\/\/viniciojarquin.com\/blog\/#\/schema\/person\/90100c8845ae55462ec0657d3d2f8d3b","name":"Vinicio Jarqu\u00edn","image":{"@type":"ImageObject","inLanguage":"es","@id":"https:\/\/viniciojarquin.com\/blog\/#\/schema\/person\/image\/","url":"https:\/\/viniciojarquin.com\/blog\/wp-content\/uploads\/2024\/10\/Logo-VinicioJarquin-original-400.png","contentUrl":"https:\/\/viniciojarquin.com\/blog\/wp-content\/uploads\/2024\/10\/Logo-VinicioJarquin-original-400.png","width":400,"height":130,"caption":"Vinicio Jarqu\u00edn"},"logo":{"@id":"https:\/\/viniciojarquin.com\/blog\/#\/schema\/person\/image\/"},"description":"Empresario textil, artista pl\u00e1stico, escritor, coach de vida y fot\u00f3grafo.","sameAs":["https:\/\/viniciojarquin.com\/blog","https:\/\/www.facebook.com\/vinicio.jarquin","https:\/\/www.instagram.com\/vinicio_jarquin\/","https:\/\/www.pinterest.com\/vinnyjc\/","https:\/\/www.youtube.com\/@VinicioJarquin"],"url":"https:\/\/viniciojarquin.com\/blog\/author\/admin_s02au25i\/"}]}},"blog_post_layout_featured_media_urls":{"thumbnail":["https:\/\/viniciojarquin.com\/blog\/wp-content\/uploads\/2026\/03\/Una-mirada-en-calma-2-reduc-150x150.png",150,150,true],"full":["https:\/\/viniciojarquin.com\/blog\/wp-content\/uploads\/2026\/03\/Una-mirada-en-calma-2-reduc.png",800,533,false]},"categories_names":{"12":{"name":"Pol\u00edtica varios","link":"https:\/\/viniciojarquin.com\/blog\/category\/politica-o-gobierno\/"}},"tags_names":[],"comments_number":"0","_links":{"self":[{"href":"https:\/\/viniciojarquin.com\/blog\/wp-json\/wp\/v2\/posts\/3165","targetHints":{"allow":["GET"]}}],"collection":[{"href":"https:\/\/viniciojarquin.com\/blog\/wp-json\/wp\/v2\/posts"}],"about":[{"href":"https:\/\/viniciojarquin.com\/blog\/wp-json\/wp\/v2\/types\/post"}],"author":[{"embeddable":true,"href":"https:\/\/viniciojarquin.com\/blog\/wp-json\/wp\/v2\/users\/1"}],"replies":[{"embeddable":true,"href":"https:\/\/viniciojarquin.com\/blog\/wp-json\/wp\/v2\/comments?post=3165"}],"version-history":[{"count":1,"href":"https:\/\/viniciojarquin.com\/blog\/wp-json\/wp\/v2\/posts\/3165\/revisions"}],"predecessor-version":[{"id":3167,"href":"https:\/\/viniciojarquin.com\/blog\/wp-json\/wp\/v2\/posts\/3165\/revisions\/3167"}],"wp:featuredmedia":[{"embeddable":true,"href":"https:\/\/viniciojarquin.com\/blog\/wp-json\/wp\/v2\/media\/3166"}],"wp:attachment":[{"href":"https:\/\/viniciojarquin.com\/blog\/wp-json\/wp\/v2\/media?parent=3165"}],"wp:term":[{"taxonomy":"category","embeddable":true,"href":"https:\/\/viniciojarquin.com\/blog\/wp-json\/wp\/v2\/categories?post=3165"},{"taxonomy":"post_tag","embeddable":true,"href":"https:\/\/viniciojarquin.com\/blog\/wp-json\/wp\/v2\/tags?post=3165"}],"curies":[{"name":"wp","href":"https:\/\/api.w.org\/{rel}","templated":true}]}}