{"id":3174,"date":"2026-03-26T03:21:37","date_gmt":"2026-03-26T03:21:37","guid":{"rendered":"https:\/\/viniciojarquin.com\/blog\/?p=3174"},"modified":"2026-03-26T03:21:42","modified_gmt":"2026-03-26T03:21:42","slug":"cuando-las-decisiones-globales-tocan-la-tierra","status":"publish","type":"post","link":"https:\/\/viniciojarquin.com\/blog\/cuando-las-decisiones-globales-tocan-la-tierra\/","title":{"rendered":"Cuando las decisiones globales tocan la tierra"},"content":{"rendered":"\n<figure class=\"wp-block-image size-full\"><img decoding=\"async\" width=\"800\" height=\"533\" data-src=\"https:\/\/viniciojarquin.com\/blog\/wp-content\/uploads\/2026\/03\/El-campo-se-levanta-reduc.jpg\" alt=\"\" class=\"wp-image-3175 lazyload\" data-srcset=\"https:\/\/viniciojarquin.com\/blog\/wp-content\/uploads\/2026\/03\/El-campo-se-levanta-reduc.jpg 800w, https:\/\/viniciojarquin.com\/blog\/wp-content\/uploads\/2026\/03\/El-campo-se-levanta-reduc-300x200.jpg 300w, https:\/\/viniciojarquin.com\/blog\/wp-content\/uploads\/2026\/03\/El-campo-se-levanta-reduc-768x512.jpg 768w\" data-sizes=\"(max-width: 800px) 100vw, 800px\" src=\"data:image\/svg+xml;base64,PHN2ZyB3aWR0aD0iMSIgaGVpZ2h0PSIxIiB4bWxucz0iaHR0cDovL3d3dy53My5vcmcvMjAwMC9zdmciPjwvc3ZnPg==\" style=\"--smush-placeholder-width: 800px; --smush-placeholder-aspect-ratio: 800\/533;\" \/><\/figure>\n\n\n\n<p>Fui invitado por el Grupo Liderazgo, que apoya estrat\u00e9gicamente a distintas agrupaciones de agricultores, principalmente de la zona de Cartago. La reuni\u00f3n estaba programada para hoy a las diez de la ma\u00f1ana, aunque me pidieron estar desde las nueve y treinta, y se extendi\u00f3 hasta pasada la una y quince de la tarde. Fue un espacio de escucha, de datos, pero tambi\u00e9n de realidad. Una de esas reuniones donde uno no solo oye cifras\u2026 sino que empieza a entender lo que hay detr\u00e1s de ellas.<\/p>\n\n\n\n<p>Los expositores compartieron n\u00fameros interesantes sobre producci\u00f3n, proyecciones de cosecha, riesgos actuales y escenarios posibles. Pero m\u00e1s all\u00e1 de los n\u00fameros, hab\u00eda una preocupaci\u00f3n clara que atravesaba la conversaci\u00f3n: el posible ingreso de Costa Rica al acuerdo transpac\u00edfico.<\/p>\n\n\n\n<p>Y aqu\u00ed vale la pena hacer una pausa para entender de qu\u00e9 estamos hablando.<\/p>\n\n\n\n<p>El acuerdo transpac\u00edfico, conocido como CPTPP, es un tratado de libre comercio entre varios pa\u00edses de la cuenca del Pac\u00edfico. Su objetivo es facilitar el comercio, reducir aranceles y abrir mercados entre los pa\u00edses miembros. En teor\u00eda, suena positivo: m\u00e1s acceso, m\u00e1s intercambio, m\u00e1s oportunidades.<\/p>\n\n\n\n<p>Pero como suele pasar, la teor\u00eda no siempre refleja la realidad completa.<\/p>\n\n\n\n<p>Porque cuando un pa\u00eds entra a un acuerdo de este tipo, no solo gana acceso a otros mercados\u2026 tambi\u00e9n abre el suyo. Y eso implica que productos agr\u00edcolas de otros pa\u00edses, muchas veces m\u00e1s baratos o producidos en condiciones distintas, empiezan a competir directamente con los productores locales.<\/p>\n\n\n\n<p>Y ah\u00ed es donde la conversaci\u00f3n se vuelve m\u00e1s seria.<\/p>\n\n\n\n<p>Porque no todos compiten en igualdad de condiciones. Muchos de nuestros agricultores enfrentan costos altos, dependencia de insumos importados, limitaciones log\u00edsticas y, en algunos casos, poco respaldo estructural. Entonces, abrir el mercado sin haber fortalecido primero al productor local, puede convertirse m\u00e1s en un riesgo que en una oportunidad.<\/p>\n\n\n\n<p>Desde lo que escuch\u00e9 hoy, y desde mi propia percepci\u00f3n, la preocupaci\u00f3n no es el tratado en s\u00ed\u2026 es la forma en la que llegamos a \u00e9l.<\/p>\n\n\n\n<p>Durante la actividad tambi\u00e9n estuvieron presentes varios diputados electos que firmaron el acuerdo, entre ellos Jos\u00e9 Mar\u00eda Villalta, del Frente Amplio, como jefe de bancada. Por parte de Liberaci\u00f3n Nacional, \u00c1lvaro Ram\u00edrez como jefe de bancada, Janice Sandi de Cartago, Marco Badilla, Ronald Campos de Guanacaste y Rafael Vargas. Su presencia le dio al encuentro un peso pol\u00edtico importante, pero tambi\u00e9n dej\u00f3 ver que este tema ya est\u00e1 caminando\u2026 no es una idea lejana.<\/p>\n\n\n\n<p>Tambi\u00e9n pas\u00f3 a saludar \u00c1lvaro Ramos, excandidato por Liberaci\u00f3n Nacional, quien comparti\u00f3 con los agricultores y los asistentes. Convers\u00e9 un poco con Carlos Pineda, con la intenci\u00f3n de, eventualmente, construir algo en favor del agro costarricense. Y aprovech\u00e9 el momento, luego de dar unas palabras, para acercarme a la representante de la embajada china, disculparme por lo sucedido desde el Ejecutivo, y compartirle el v\u00eddeo de disculpa que hab\u00eda hecho en su momento.<\/p>\n\n\n\n<p>Entre los presentes tambi\u00e9n estaba don Luis Felipe Arauz, quien acompa\u00f1\u00f3 a Claudia Dobles como candidato a la vicepresidencia. Y como el evento se extendi\u00f3 m\u00e1s de lo previsto, ya no me dio tiempo de almorzar con ellos. Me ofrecieron comida para llevar, la traje a casa, y aqu\u00ed termin\u00e9 el d\u00eda con un delicioso vigor\u00f3n con dos tipos de chicharr\u00f3n. Muy agradecido.<\/p>\n\n\n\n<p>Pero m\u00e1s all\u00e1 de lo humano, de las conversaciones, de los encuentros, lo que queda es una sensaci\u00f3n clara: esto no es un tema t\u00e9cnico. Es un tema pa\u00eds.<\/p>\n\n\n\n<p>Porque competir no es solo participar. Competir implica estar preparado. Tener condiciones. Tener respaldo. Tener equilibrio.<\/p>\n\n\n\n<p>Y cuando eso no existe, lo que se presenta como una oportunidad puede terminar siendo una presi\u00f3n adicional para un sector que ya viene sosteniendo mucho m\u00e1s de lo que se ve.<\/p>\n\n\n\n<p>Lo que est\u00e1 en juego no es solo un tratado. Es la forma en la que decidimos producir, alimentarnos y sostenernos como pa\u00eds. Y eso, aunque parezca lejano\u2026 empieza en la tierra.<\/p>\n\n\n\n<p>Aprovech\u00e9 el evento para saludar a varias personas y presentarme con otros tantos, como con Jos\u00e9 Mar\u00eda Villalta, a quien le ofrec\u00ed el mismo paquete que le he ofrecido a otros diputados. Espero poder trabajar con \u00e9l tambi\u00e9n en la nueva Asamblea Legislativa, de manera externa y ad honorem.<\/p>\n","protected":false},"excerpt":{"rendered":"<p>Fui invitado por el Grupo Liderazgo, que apoya estrat\u00e9gicamente a distintas agrupaciones de agricultores, principalmente de la zona de Cartago. [&hellip;]<\/p>\n","protected":false},"author":1,"featured_media":3175,"comment_status":"open","ping_status":"open","sticky":false,"template":"","format":"standard","meta":{"site-sidebar-layout":"default","site-content-layout":"","ast-site-content-layout":"","site-content-style":"default","site-sidebar-style":"default","ast-global-header-display":"","ast-banner-title-visibility":"","ast-main-header-display":"","ast-hfb-above-header-display":"","ast-hfb-below-header-display":"","ast-hfb-mobile-header-display":"","site-post-title":"","ast-breadcrumbs-content":"","ast-featured-img":"","footer-sml-layout":"","theme-transparent-header-meta":"","adv-header-id-meta":"","stick-header-meta":"","header-above-stick-meta":"","header-main-stick-meta":"","header-below-stick-meta":"","astra-migrate-meta-layouts":"default","ast-page-background-enabled":"default","ast-page-background-meta":{"desktop":{"background-color":"var(--ast-global-color-5)","background-image":"","background-repeat":"repeat","background-position":"center center","background-size":"auto","background-attachment":"scroll","background-type":"","background-media":"","overlay-type":"","overlay-color":"","overlay-opacity":"","overlay-gradient":""},"tablet":{"background-color":"","background-image":"","background-repeat":"repeat","background-position":"center center","background-size":"auto","background-attachment":"scroll","background-type":"","background-media":"","overlay-type":"","overlay-color":"","overlay-opacity":"","overlay-gradient":""},"mobile":{"background-color":"","background-image":"","background-repeat":"repeat","background-position":"center center","background-size":"auto","background-attachment":"scroll","background-type":"","background-media":"","overlay-type":"","overlay-color":"","overlay-opacity":"","overlay-gradient":""}},"ast-content-background-meta":{"desktop":{"background-color":"var(--ast-global-color-4)","background-image":"","background-repeat":"repeat","background-position":"center center","background-size":"auto","background-attachment":"scroll","background-type":"","background-media":"","overlay-type":"","overlay-color":"","overlay-opacity":"","overlay-gradient":""},"tablet":{"background-color":"var(--ast-global-color-4)","background-image":"","background-repeat":"repeat","background-position":"center center","background-size":"auto","background-attachment":"scroll","background-type":"","background-media":"","overlay-type":"","overlay-color":"","overlay-opacity":"","overlay-gradient":""},"mobile":{"background-color":"var(--ast-global-color-4)","background-image":"","background-repeat":"repeat","background-position":"center center","background-size":"auto","background-attachment":"scroll","background-type":"","background-media":"","overlay-type":"","overlay-color":"","overlay-opacity":"","overlay-gradient":""}},"footnotes":""},"categories":[12],"tags":[],"class_list":["post-3174","post","type-post","status-publish","format-standard","has-post-thumbnail","hentry","category-politica-o-gobierno"],"yoast_head":"<!-- This site is optimized with the Yoast SEO plugin v26.0 - https:\/\/yoast.com\/wordpress\/plugins\/seo\/ -->\n<title>Cuando las decisiones globales tocan la tierra - MI BLOG<\/title>\n<meta name=\"robots\" content=\"index, follow, max-snippet:-1, max-image-preview:large, max-video-preview:-1\" \/>\n<link rel=\"canonical\" href=\"https:\/\/viniciojarquin.com\/blog\/cuando-las-decisiones-globales-tocan-la-tierra\/\" \/>\n<meta property=\"og:locale\" content=\"es_ES\" \/>\n<meta property=\"og:type\" content=\"article\" \/>\n<meta property=\"og:title\" content=\"Cuando las decisiones globales tocan la tierra - MI BLOG\" \/>\n<meta property=\"og:description\" content=\"Fui invitado por el Grupo Liderazgo, que apoya estrat\u00e9gicamente a distintas agrupaciones de agricultores, principalmente de la zona de Cartago. [&hellip;]\" \/>\n<meta property=\"og:url\" content=\"https:\/\/viniciojarquin.com\/blog\/cuando-las-decisiones-globales-tocan-la-tierra\/\" \/>\n<meta property=\"og:site_name\" content=\"MI BLOG\" \/>\n<meta property=\"article:publisher\" content=\"https:\/\/www.facebook.com\/vinicio.jarquin\" \/>\n<meta property=\"article:author\" content=\"https:\/\/www.facebook.com\/vinicio.jarquin\" \/>\n<meta property=\"article:published_time\" content=\"2026-03-26T03:21:37+00:00\" \/>\n<meta property=\"article:modified_time\" content=\"2026-03-26T03:21:42+00:00\" \/>\n<meta property=\"og:image\" content=\"https:\/\/viniciojarquin.com\/blog\/wp-content\/uploads\/2026\/03\/El-campo-se-levanta-reduc.jpg\" \/>\n\t<meta property=\"og:image:width\" content=\"800\" \/>\n\t<meta property=\"og:image:height\" content=\"533\" \/>\n\t<meta property=\"og:image:type\" content=\"image\/jpeg\" \/>\n<meta name=\"author\" content=\"Vinicio Jarqu\u00edn\" \/>\n<meta name=\"twitter:card\" content=\"summary_large_image\" \/>\n<meta name=\"twitter:label1\" content=\"Escrito por\" \/>\n\t<meta name=\"twitter:data1\" content=\"Vinicio Jarqu\u00edn\" \/>\n\t<meta name=\"twitter:label2\" content=\"Tiempo de lectura\" \/>\n\t<meta name=\"twitter:data2\" content=\"4 minutos\" \/>\n<script type=\"application\/ld+json\" class=\"yoast-schema-graph\">{\"@context\":\"https:\/\/schema.org\",\"@graph\":[{\"@type\":\"Article\",\"@id\":\"https:\/\/viniciojarquin.com\/blog\/cuando-las-decisiones-globales-tocan-la-tierra\/#article\",\"isPartOf\":{\"@id\":\"https:\/\/viniciojarquin.com\/blog\/cuando-las-decisiones-globales-tocan-la-tierra\/\"},\"author\":{\"name\":\"Vinicio Jarqu\u00edn\",\"@id\":\"https:\/\/viniciojarquin.com\/blog\/#\/schema\/person\/90100c8845ae55462ec0657d3d2f8d3b\"},\"headline\":\"Cuando las decisiones globales tocan la tierra\",\"datePublished\":\"2026-03-26T03:21:37+00:00\",\"dateModified\":\"2026-03-26T03:21:42+00:00\",\"mainEntityOfPage\":{\"@id\":\"https:\/\/viniciojarquin.com\/blog\/cuando-las-decisiones-globales-tocan-la-tierra\/\"},\"wordCount\":761,\"commentCount\":0,\"publisher\":{\"@id\":\"https:\/\/viniciojarquin.com\/blog\/#\/schema\/person\/90100c8845ae55462ec0657d3d2f8d3b\"},\"image\":{\"@id\":\"https:\/\/viniciojarquin.com\/blog\/cuando-las-decisiones-globales-tocan-la-tierra\/#primaryimage\"},\"thumbnailUrl\":\"https:\/\/viniciojarquin.com\/blog\/wp-content\/uploads\/2026\/03\/El-campo-se-levanta-reduc.jpg\",\"articleSection\":[\"Pol\u00edtica varios\"],\"inLanguage\":\"es\",\"potentialAction\":[{\"@type\":\"CommentAction\",\"name\":\"Comment\",\"target\":[\"https:\/\/viniciojarquin.com\/blog\/cuando-las-decisiones-globales-tocan-la-tierra\/#respond\"]}]},{\"@type\":\"WebPage\",\"@id\":\"https:\/\/viniciojarquin.com\/blog\/cuando-las-decisiones-globales-tocan-la-tierra\/\",\"url\":\"https:\/\/viniciojarquin.com\/blog\/cuando-las-decisiones-globales-tocan-la-tierra\/\",\"name\":\"Cuando las decisiones globales tocan la tierra - MI BLOG\",\"isPartOf\":{\"@id\":\"https:\/\/viniciojarquin.com\/blog\/#website\"},\"primaryImageOfPage\":{\"@id\":\"https:\/\/viniciojarquin.com\/blog\/cuando-las-decisiones-globales-tocan-la-tierra\/#primaryimage\"},\"image\":{\"@id\":\"https:\/\/viniciojarquin.com\/blog\/cuando-las-decisiones-globales-tocan-la-tierra\/#primaryimage\"},\"thumbnailUrl\":\"https:\/\/viniciojarquin.com\/blog\/wp-content\/uploads\/2026\/03\/El-campo-se-levanta-reduc.jpg\",\"datePublished\":\"2026-03-26T03:21:37+00:00\",\"dateModified\":\"2026-03-26T03:21:42+00:00\",\"breadcrumb\":{\"@id\":\"https:\/\/viniciojarquin.com\/blog\/cuando-las-decisiones-globales-tocan-la-tierra\/#breadcrumb\"},\"inLanguage\":\"es\",\"potentialAction\":[{\"@type\":\"ReadAction\",\"target\":[\"https:\/\/viniciojarquin.com\/blog\/cuando-las-decisiones-globales-tocan-la-tierra\/\"]}]},{\"@type\":\"ImageObject\",\"inLanguage\":\"es\",\"@id\":\"https:\/\/viniciojarquin.com\/blog\/cuando-las-decisiones-globales-tocan-la-tierra\/#primaryimage\",\"url\":\"https:\/\/viniciojarquin.com\/blog\/wp-content\/uploads\/2026\/03\/El-campo-se-levanta-reduc.jpg\",\"contentUrl\":\"https:\/\/viniciojarquin.com\/blog\/wp-content\/uploads\/2026\/03\/El-campo-se-levanta-reduc.jpg\",\"width\":800,\"height\":533},{\"@type\":\"BreadcrumbList\",\"@id\":\"https:\/\/viniciojarquin.com\/blog\/cuando-las-decisiones-globales-tocan-la-tierra\/#breadcrumb\",\"itemListElement\":[{\"@type\":\"ListItem\",\"position\":1,\"name\":\"Portada\",\"item\":\"https:\/\/viniciojarquin.com\/blog\/\"},{\"@type\":\"ListItem\",\"position\":2,\"name\":\"Cuando las decisiones globales tocan la tierra\"}]},{\"@type\":\"WebSite\",\"@id\":\"https:\/\/viniciojarquin.com\/blog\/#website\",\"url\":\"https:\/\/viniciojarquin.com\/blog\/\",\"name\":\"Vinicio Jarqu\u00edn BLOG\",\"description\":\"\",\"publisher\":{\"@id\":\"https:\/\/viniciojarquin.com\/blog\/#\/schema\/person\/90100c8845ae55462ec0657d3d2f8d3b\"},\"potentialAction\":[{\"@type\":\"SearchAction\",\"target\":{\"@type\":\"EntryPoint\",\"urlTemplate\":\"https:\/\/viniciojarquin.com\/blog\/?s={search_term_string}\"},\"query-input\":{\"@type\":\"PropertyValueSpecification\",\"valueRequired\":true,\"valueName\":\"search_term_string\"}}],\"inLanguage\":\"es\"},{\"@type\":[\"Person\",\"Organization\"],\"@id\":\"https:\/\/viniciojarquin.com\/blog\/#\/schema\/person\/90100c8845ae55462ec0657d3d2f8d3b\",\"name\":\"Vinicio Jarqu\u00edn\",\"image\":{\"@type\":\"ImageObject\",\"inLanguage\":\"es\",\"@id\":\"https:\/\/viniciojarquin.com\/blog\/#\/schema\/person\/image\/\",\"url\":\"https:\/\/viniciojarquin.com\/blog\/wp-content\/uploads\/2024\/10\/Logo-VinicioJarquin-original-400.png\",\"contentUrl\":\"https:\/\/viniciojarquin.com\/blog\/wp-content\/uploads\/2024\/10\/Logo-VinicioJarquin-original-400.png\",\"width\":400,\"height\":130,\"caption\":\"Vinicio Jarqu\u00edn\"},\"logo\":{\"@id\":\"https:\/\/viniciojarquin.com\/blog\/#\/schema\/person\/image\/\"},\"description\":\"Empresario textil, artista pl\u00e1stico, escritor, coach de vida y fot\u00f3grafo.\",\"sameAs\":[\"https:\/\/viniciojarquin.com\/blog\",\"https:\/\/www.facebook.com\/vinicio.jarquin\",\"https:\/\/www.instagram.com\/vinicio_jarquin\/\",\"https:\/\/www.pinterest.com\/vinnyjc\/\",\"https:\/\/www.youtube.com\/@VinicioJarquin\"],\"url\":\"https:\/\/viniciojarquin.com\/blog\/author\/admin_s02au25i\/\"}]}<\/script>\n<!-- \/ Yoast SEO plugin. -->","yoast_head_json":{"title":"Cuando las decisiones globales tocan la tierra - MI BLOG","robots":{"index":"index","follow":"follow","max-snippet":"max-snippet:-1","max-image-preview":"max-image-preview:large","max-video-preview":"max-video-preview:-1"},"canonical":"https:\/\/viniciojarquin.com\/blog\/cuando-las-decisiones-globales-tocan-la-tierra\/","og_locale":"es_ES","og_type":"article","og_title":"Cuando las decisiones globales tocan la tierra - MI BLOG","og_description":"Fui invitado por el Grupo Liderazgo, que apoya estrat\u00e9gicamente a distintas agrupaciones de agricultores, principalmente de la zona de Cartago. [&hellip;]","og_url":"https:\/\/viniciojarquin.com\/blog\/cuando-las-decisiones-globales-tocan-la-tierra\/","og_site_name":"MI BLOG","article_publisher":"https:\/\/www.facebook.com\/vinicio.jarquin","article_author":"https:\/\/www.facebook.com\/vinicio.jarquin","article_published_time":"2026-03-26T03:21:37+00:00","article_modified_time":"2026-03-26T03:21:42+00:00","og_image":[{"width":800,"height":533,"url":"https:\/\/viniciojarquin.com\/blog\/wp-content\/uploads\/2026\/03\/El-campo-se-levanta-reduc.jpg","type":"image\/jpeg"}],"author":"Vinicio Jarqu\u00edn","twitter_card":"summary_large_image","twitter_misc":{"Escrito por":"Vinicio Jarqu\u00edn","Tiempo de lectura":"4 minutos"},"schema":{"@context":"https:\/\/schema.org","@graph":[{"@type":"Article","@id":"https:\/\/viniciojarquin.com\/blog\/cuando-las-decisiones-globales-tocan-la-tierra\/#article","isPartOf":{"@id":"https:\/\/viniciojarquin.com\/blog\/cuando-las-decisiones-globales-tocan-la-tierra\/"},"author":{"name":"Vinicio Jarqu\u00edn","@id":"https:\/\/viniciojarquin.com\/blog\/#\/schema\/person\/90100c8845ae55462ec0657d3d2f8d3b"},"headline":"Cuando las decisiones globales tocan la tierra","datePublished":"2026-03-26T03:21:37+00:00","dateModified":"2026-03-26T03:21:42+00:00","mainEntityOfPage":{"@id":"https:\/\/viniciojarquin.com\/blog\/cuando-las-decisiones-globales-tocan-la-tierra\/"},"wordCount":761,"commentCount":0,"publisher":{"@id":"https:\/\/viniciojarquin.com\/blog\/#\/schema\/person\/90100c8845ae55462ec0657d3d2f8d3b"},"image":{"@id":"https:\/\/viniciojarquin.com\/blog\/cuando-las-decisiones-globales-tocan-la-tierra\/#primaryimage"},"thumbnailUrl":"https:\/\/viniciojarquin.com\/blog\/wp-content\/uploads\/2026\/03\/El-campo-se-levanta-reduc.jpg","articleSection":["Pol\u00edtica varios"],"inLanguage":"es","potentialAction":[{"@type":"CommentAction","name":"Comment","target":["https:\/\/viniciojarquin.com\/blog\/cuando-las-decisiones-globales-tocan-la-tierra\/#respond"]}]},{"@type":"WebPage","@id":"https:\/\/viniciojarquin.com\/blog\/cuando-las-decisiones-globales-tocan-la-tierra\/","url":"https:\/\/viniciojarquin.com\/blog\/cuando-las-decisiones-globales-tocan-la-tierra\/","name":"Cuando las decisiones globales tocan la tierra - MI BLOG","isPartOf":{"@id":"https:\/\/viniciojarquin.com\/blog\/#website"},"primaryImageOfPage":{"@id":"https:\/\/viniciojarquin.com\/blog\/cuando-las-decisiones-globales-tocan-la-tierra\/#primaryimage"},"image":{"@id":"https:\/\/viniciojarquin.com\/blog\/cuando-las-decisiones-globales-tocan-la-tierra\/#primaryimage"},"thumbnailUrl":"https:\/\/viniciojarquin.com\/blog\/wp-content\/uploads\/2026\/03\/El-campo-se-levanta-reduc.jpg","datePublished":"2026-03-26T03:21:37+00:00","dateModified":"2026-03-26T03:21:42+00:00","breadcrumb":{"@id":"https:\/\/viniciojarquin.com\/blog\/cuando-las-decisiones-globales-tocan-la-tierra\/#breadcrumb"},"inLanguage":"es","potentialAction":[{"@type":"ReadAction","target":["https:\/\/viniciojarquin.com\/blog\/cuando-las-decisiones-globales-tocan-la-tierra\/"]}]},{"@type":"ImageObject","inLanguage":"es","@id":"https:\/\/viniciojarquin.com\/blog\/cuando-las-decisiones-globales-tocan-la-tierra\/#primaryimage","url":"https:\/\/viniciojarquin.com\/blog\/wp-content\/uploads\/2026\/03\/El-campo-se-levanta-reduc.jpg","contentUrl":"https:\/\/viniciojarquin.com\/blog\/wp-content\/uploads\/2026\/03\/El-campo-se-levanta-reduc.jpg","width":800,"height":533},{"@type":"BreadcrumbList","@id":"https:\/\/viniciojarquin.com\/blog\/cuando-las-decisiones-globales-tocan-la-tierra\/#breadcrumb","itemListElement":[{"@type":"ListItem","position":1,"name":"Portada","item":"https:\/\/viniciojarquin.com\/blog\/"},{"@type":"ListItem","position":2,"name":"Cuando las decisiones globales tocan la tierra"}]},{"@type":"WebSite","@id":"https:\/\/viniciojarquin.com\/blog\/#website","url":"https:\/\/viniciojarquin.com\/blog\/","name":"Vinicio Jarqu\u00edn BLOG","description":"","publisher":{"@id":"https:\/\/viniciojarquin.com\/blog\/#\/schema\/person\/90100c8845ae55462ec0657d3d2f8d3b"},"potentialAction":[{"@type":"SearchAction","target":{"@type":"EntryPoint","urlTemplate":"https:\/\/viniciojarquin.com\/blog\/?s={search_term_string}"},"query-input":{"@type":"PropertyValueSpecification","valueRequired":true,"valueName":"search_term_string"}}],"inLanguage":"es"},{"@type":["Person","Organization"],"@id":"https:\/\/viniciojarquin.com\/blog\/#\/schema\/person\/90100c8845ae55462ec0657d3d2f8d3b","name":"Vinicio Jarqu\u00edn","image":{"@type":"ImageObject","inLanguage":"es","@id":"https:\/\/viniciojarquin.com\/blog\/#\/schema\/person\/image\/","url":"https:\/\/viniciojarquin.com\/blog\/wp-content\/uploads\/2024\/10\/Logo-VinicioJarquin-original-400.png","contentUrl":"https:\/\/viniciojarquin.com\/blog\/wp-content\/uploads\/2024\/10\/Logo-VinicioJarquin-original-400.png","width":400,"height":130,"caption":"Vinicio Jarqu\u00edn"},"logo":{"@id":"https:\/\/viniciojarquin.com\/blog\/#\/schema\/person\/image\/"},"description":"Empresario textil, artista pl\u00e1stico, escritor, coach de vida y fot\u00f3grafo.","sameAs":["https:\/\/viniciojarquin.com\/blog","https:\/\/www.facebook.com\/vinicio.jarquin","https:\/\/www.instagram.com\/vinicio_jarquin\/","https:\/\/www.pinterest.com\/vinnyjc\/","https:\/\/www.youtube.com\/@VinicioJarquin"],"url":"https:\/\/viniciojarquin.com\/blog\/author\/admin_s02au25i\/"}]}},"blog_post_layout_featured_media_urls":{"thumbnail":["https:\/\/viniciojarquin.com\/blog\/wp-content\/uploads\/2026\/03\/El-campo-se-levanta-reduc-150x150.jpg",150,150,true],"full":["https:\/\/viniciojarquin.com\/blog\/wp-content\/uploads\/2026\/03\/El-campo-se-levanta-reduc.jpg",800,533,false]},"categories_names":{"12":{"name":"Pol\u00edtica varios","link":"https:\/\/viniciojarquin.com\/blog\/category\/politica-o-gobierno\/"}},"tags_names":[],"comments_number":"0","_links":{"self":[{"href":"https:\/\/viniciojarquin.com\/blog\/wp-json\/wp\/v2\/posts\/3174","targetHints":{"allow":["GET"]}}],"collection":[{"href":"https:\/\/viniciojarquin.com\/blog\/wp-json\/wp\/v2\/posts"}],"about":[{"href":"https:\/\/viniciojarquin.com\/blog\/wp-json\/wp\/v2\/types\/post"}],"author":[{"embeddable":true,"href":"https:\/\/viniciojarquin.com\/blog\/wp-json\/wp\/v2\/users\/1"}],"replies":[{"embeddable":true,"href":"https:\/\/viniciojarquin.com\/blog\/wp-json\/wp\/v2\/comments?post=3174"}],"version-history":[{"count":1,"href":"https:\/\/viniciojarquin.com\/blog\/wp-json\/wp\/v2\/posts\/3174\/revisions"}],"predecessor-version":[{"id":3176,"href":"https:\/\/viniciojarquin.com\/blog\/wp-json\/wp\/v2\/posts\/3174\/revisions\/3176"}],"wp:featuredmedia":[{"embeddable":true,"href":"https:\/\/viniciojarquin.com\/blog\/wp-json\/wp\/v2\/media\/3175"}],"wp:attachment":[{"href":"https:\/\/viniciojarquin.com\/blog\/wp-json\/wp\/v2\/media?parent=3174"}],"wp:term":[{"taxonomy":"category","embeddable":true,"href":"https:\/\/viniciojarquin.com\/blog\/wp-json\/wp\/v2\/categories?post=3174"},{"taxonomy":"post_tag","embeddable":true,"href":"https:\/\/viniciojarquin.com\/blog\/wp-json\/wp\/v2\/tags?post=3174"}],"curies":[{"name":"wp","href":"https:\/\/api.w.org\/{rel}","templated":true}]}}