{"id":3180,"date":"2026-03-27T14:35:48","date_gmt":"2026-03-27T14:35:48","guid":{"rendered":"https:\/\/viniciojarquin.com\/blog\/?p=3180"},"modified":"2026-03-28T00:45:45","modified_gmt":"2026-03-28T00:45:45","slug":"capitulo-i-el-inicio","status":"publish","type":"post","link":"https:\/\/viniciojarquin.com\/blog\/capitulo-i-el-inicio\/","title":{"rendered":"Procedimientos est\u00e9ticos &#8211; Cap\u00edtulo I"},"content":{"rendered":"\n<p>El inicio<\/p>\n\n\n\n<p><strong>Cl\u00ednica M\u00e9dica Rohrmoser. Dr. Esteban Herrera Carro.<\/strong><\/p>\n\n\n\n<figure class=\"wp-block-image size-large\"><img decoding=\"async\" width=\"683\" height=\"1024\" data-src=\"https:\/\/viniciojarquin.com\/blog\/wp-content\/uploads\/2026\/03\/En-las-manos-de-Esteban-2-REDUC-683x1024.jpg\" alt=\"\" class=\"wp-image-3199 lazyload\" data-srcset=\"https:\/\/viniciojarquin.com\/blog\/wp-content\/uploads\/2026\/03\/En-las-manos-de-Esteban-2-REDUC-683x1024.jpg 683w, https:\/\/viniciojarquin.com\/blog\/wp-content\/uploads\/2026\/03\/En-las-manos-de-Esteban-2-REDUC-200x300.jpg 200w, https:\/\/viniciojarquin.com\/blog\/wp-content\/uploads\/2026\/03\/En-las-manos-de-Esteban-2-REDUC-768x1152.jpg 768w, https:\/\/viniciojarquin.com\/blog\/wp-content\/uploads\/2026\/03\/En-las-manos-de-Esteban-2-REDUC.jpg 800w\" data-sizes=\"(max-width: 683px) 100vw, 683px\" src=\"data:image\/svg+xml;base64,PHN2ZyB3aWR0aD0iMSIgaGVpZ2h0PSIxIiB4bWxucz0iaHR0cDovL3d3dy53My5vcmcvMjAwMC9zdmciPjwvc3ZnPg==\" style=\"--smush-placeholder-width: 683px; --smush-placeholder-aspect-ratio: 683\/1024;\" \/><\/figure>\n\n\n\n<p>A veces las cosas no llegan con aviso\u2026 simplemente aparecen, en medio de lo cotidiano, como si ya supieran que uno estaba listo para escucharlas. Mientras cenaba en el restaurante Silvestre, entre un bocado y otro, me entr\u00f3 un mensaje. Era Daniel Blanco, de la Cl\u00ednica M\u00e9dica Rohrmoser. Me escrib\u00eda para proponerme algo distinto\u2026 una experiencia, de esas que uno no anda buscando, pero que de alguna forma lo encuentran.<\/p>\n\n\n\n<p>Segu\u00ed con mi noche, y m\u00e1s tarde decid\u00ed responderle. Conversamos. Y en esa conversaci\u00f3n no solo apareci\u00f3 la idea de un procedimiento\u2026 apareci\u00f3 algo m\u00e1s estructurado. Un tratamiento personalizado, acompa\u00f1amiento profesional durante todo el proceso, registro del antes y el despu\u00e9s, y la posibilidad de ir contando todo lo que vaya sucediendo. Una colaboraci\u00f3n, clara desde el inicio. Ellos muestran lo que hacen\u2026 y yo me presto a vivirlo.<\/p>\n\n\n\n<p>Y eso, lejos de incomodarme, me parece que vale la pena hacerlo de frente.<\/p>\n\n\n\n<p>Porque si algo quiero en este proceso, es que sep\u00e1s exactamente qu\u00e9 est\u00e1 pasando. Sin adornos. Sin vueltas. Sin ese intento de disfrazar las cosas para que parezcan otra cosa. Esto es lo que es\u2026 y desde ah\u00ed lo voy a vivir, observar y contar.<\/p>\n\n\n\n<p>En esa primera conversaci\u00f3n tambi\u00e9n apareci\u00f3 el abanico de opciones. Botox, \u00e1cido hialur\u00f3nico, peelings, l\u00e1ser, bioestimuladores\u2026 un men\u00fa amplio que, siendo honesto, me dej\u00f3 m\u00e1s curioso que decidido. Tengo una inclinaci\u00f3n, s\u00ed. El tema de las ojeras me viene haciendo ojitos desde hace rato. Pero tambi\u00e9n s\u00e9 que esto no se trata solo de lo que uno cree, sino de lo que un profesional observa.<\/p>\n\n\n\n<p>En alg\u00fan momento cercano voy a sentarme con el doctor Esteban Herrera. Y tengo la sensaci\u00f3n de que ah\u00ed va a empezar realmente esta historia.<\/p>\n\n\n\n<p>Y dentro de todo esto, hay algo que me interesa a\u00fan m\u00e1s\u2026 que vos pod\u00e1s acompa\u00f1arme. No para decidir por m\u00ed. Esa parte me corresponde. Pero s\u00ed para observar, para ser testigo, para caminar conmigo este proceso que apenas est\u00e1 comenzando. Tal vez esta experiencia tambi\u00e9n te sirva. Por si en alg\u00fan momento has pensado en hacerte algo similar a lo que yo me har\u00e9\u2026 y lo que vaya viviendo, lo que vaya sintiendo, pueda darte una referencia real.<\/p>\n\n\n\n<p>Ellos quieren que los conozcamos\u2026 y yo pens\u00e9, \u00bfpor qu\u00e9 no ir juntos?<\/p>\n\n\n\n<p>\u00bfTe parece?<\/p>\n\n\n\n<p>Porque m\u00e1s all\u00e1 del procedimiento en s\u00ed, lo que realmente me intriga es la experiencia. C\u00f3mo se siente. Qu\u00e9 pasa antes, durante y despu\u00e9s. Qu\u00e9 cambia\u2026 y qu\u00e9 no.<\/p>\n\n\n\n<p>Esto apenas empieza. A ver c\u00f3mo nos va.<\/p>\n","protected":false},"excerpt":{"rendered":"<p>El inicio Cl\u00ednica M\u00e9dica Rohrmoser. Dr. Esteban Herrera Carro. A veces las cosas no llegan con aviso\u2026 simplemente aparecen, en [&hellip;]<\/p>\n","protected":false},"author":1,"featured_media":3199,"comment_status":"open","ping_status":"open","sticky":false,"template":"","format":"standard","meta":{"site-sidebar-layout":"default","site-content-layout":"","ast-site-content-layout":"","site-content-style":"default","site-sidebar-style":"default","ast-global-header-display":"","ast-banner-title-visibility":"","ast-main-header-display":"","ast-hfb-above-header-display":"","ast-hfb-below-header-display":"","ast-hfb-mobile-header-display":"","site-post-title":"","ast-breadcrumbs-content":"","ast-featured-img":"","footer-sml-layout":"","theme-transparent-header-meta":"","adv-header-id-meta":"","stick-header-meta":"","header-above-stick-meta":"","header-main-stick-meta":"","header-below-stick-meta":"","astra-migrate-meta-layouts":"default","ast-page-background-enabled":"default","ast-page-background-meta":{"desktop":{"background-color":"var(--ast-global-color-5)","background-image":"","background-repeat":"repeat","background-position":"center center","background-size":"auto","background-attachment":"scroll","background-type":"","background-media":"","overlay-type":"","overlay-color":"","overlay-opacity":"","overlay-gradient":""},"tablet":{"background-color":"","background-image":"","background-repeat":"repeat","background-position":"center center","background-size":"auto","background-attachment":"scroll","background-type":"","background-media":"","overlay-type":"","overlay-color":"","overlay-opacity":"","overlay-gradient":""},"mobile":{"background-color":"","background-image":"","background-repeat":"repeat","background-position":"center center","background-size":"auto","background-attachment":"scroll","background-type":"","background-media":"","overlay-type":"","overlay-color":"","overlay-opacity":"","overlay-gradient":""}},"ast-content-background-meta":{"desktop":{"background-color":"var(--ast-global-color-4)","background-image":"","background-repeat":"repeat","background-position":"center center","background-size":"auto","background-attachment":"scroll","background-type":"","background-media":"","overlay-type":"","overlay-color":"","overlay-opacity":"","overlay-gradient":""},"tablet":{"background-color":"var(--ast-global-color-4)","background-image":"","background-repeat":"repeat","background-position":"center center","background-size":"auto","background-attachment":"scroll","background-type":"","background-media":"","overlay-type":"","overlay-color":"","overlay-opacity":"","overlay-gradient":""},"mobile":{"background-color":"var(--ast-global-color-4)","background-image":"","background-repeat":"repeat","background-position":"center center","background-size":"auto","background-attachment":"scroll","background-type":"","background-media":"","overlay-type":"","overlay-color":"","overlay-opacity":"","overlay-gradient":""}},"footnotes":""},"categories":[40],"tags":[],"class_list":["post-3180","post","type-post","status-publish","format-standard","has-post-thumbnail","hentry","category-clinica-medica-rohrmoser"],"yoast_head":"<!-- This site is optimized with the Yoast SEO plugin v26.0 - https:\/\/yoast.com\/wordpress\/plugins\/seo\/ -->\n<title>Procedimientos est\u00e9ticos - Cap\u00edtulo I - MI BLOG<\/title>\n<meta name=\"robots\" content=\"index, follow, max-snippet:-1, max-image-preview:large, max-video-preview:-1\" \/>\n<link rel=\"canonical\" href=\"https:\/\/viniciojarquin.com\/blog\/capitulo-i-el-inicio\/\" \/>\n<meta property=\"og:locale\" content=\"es_ES\" \/>\n<meta property=\"og:type\" content=\"article\" \/>\n<meta property=\"og:title\" content=\"Procedimientos est\u00e9ticos - Cap\u00edtulo I - MI BLOG\" \/>\n<meta property=\"og:description\" content=\"El inicio Cl\u00ednica M\u00e9dica Rohrmoser. Dr. Esteban Herrera Carro. A veces las cosas no llegan con aviso\u2026 simplemente aparecen, en [&hellip;]\" \/>\n<meta property=\"og:url\" content=\"https:\/\/viniciojarquin.com\/blog\/capitulo-i-el-inicio\/\" \/>\n<meta property=\"og:site_name\" content=\"MI BLOG\" \/>\n<meta property=\"article:publisher\" content=\"https:\/\/www.facebook.com\/vinicio.jarquin\" \/>\n<meta property=\"article:author\" content=\"https:\/\/www.facebook.com\/vinicio.jarquin\" \/>\n<meta property=\"article:published_time\" content=\"2026-03-27T14:35:48+00:00\" \/>\n<meta property=\"article:modified_time\" content=\"2026-03-28T00:45:45+00:00\" \/>\n<meta property=\"og:image\" content=\"https:\/\/viniciojarquin.com\/blog\/wp-content\/uploads\/2026\/03\/En-las-manos-de-Esteban-2-REDUC.jpg\" \/>\n\t<meta property=\"og:image:width\" content=\"800\" \/>\n\t<meta property=\"og:image:height\" content=\"1200\" \/>\n\t<meta property=\"og:image:type\" content=\"image\/jpeg\" \/>\n<meta name=\"author\" content=\"Vinicio Jarqu\u00edn\" \/>\n<meta name=\"twitter:card\" content=\"summary_large_image\" \/>\n<meta name=\"twitter:label1\" content=\"Escrito por\" \/>\n\t<meta name=\"twitter:data1\" content=\"Vinicio Jarqu\u00edn\" \/>\n\t<meta name=\"twitter:label2\" content=\"Tiempo de lectura\" \/>\n\t<meta name=\"twitter:data2\" content=\"3 minutos\" \/>\n<script type=\"application\/ld+json\" class=\"yoast-schema-graph\">{\"@context\":\"https:\/\/schema.org\",\"@graph\":[{\"@type\":\"Article\",\"@id\":\"https:\/\/viniciojarquin.com\/blog\/capitulo-i-el-inicio\/#article\",\"isPartOf\":{\"@id\":\"https:\/\/viniciojarquin.com\/blog\/capitulo-i-el-inicio\/\"},\"author\":{\"name\":\"Vinicio Jarqu\u00edn\",\"@id\":\"https:\/\/viniciojarquin.com\/blog\/#\/schema\/person\/90100c8845ae55462ec0657d3d2f8d3b\"},\"headline\":\"Procedimientos est\u00e9ticos &#8211; Cap\u00edtulo I\",\"datePublished\":\"2026-03-27T14:35:48+00:00\",\"dateModified\":\"2026-03-28T00:45:45+00:00\",\"mainEntityOfPage\":{\"@id\":\"https:\/\/viniciojarquin.com\/blog\/capitulo-i-el-inicio\/\"},\"wordCount\":466,\"commentCount\":0,\"publisher\":{\"@id\":\"https:\/\/viniciojarquin.com\/blog\/#\/schema\/person\/90100c8845ae55462ec0657d3d2f8d3b\"},\"image\":{\"@id\":\"https:\/\/viniciojarquin.com\/blog\/capitulo-i-el-inicio\/#primaryimage\"},\"thumbnailUrl\":\"https:\/\/viniciojarquin.com\/blog\/wp-content\/uploads\/2026\/03\/En-las-manos-de-Esteban-2-REDUC.jpg\",\"articleSection\":[\"Procedimientos m\u00e9dicos\"],\"inLanguage\":\"es\",\"potentialAction\":[{\"@type\":\"CommentAction\",\"name\":\"Comment\",\"target\":[\"https:\/\/viniciojarquin.com\/blog\/capitulo-i-el-inicio\/#respond\"]}]},{\"@type\":\"WebPage\",\"@id\":\"https:\/\/viniciojarquin.com\/blog\/capitulo-i-el-inicio\/\",\"url\":\"https:\/\/viniciojarquin.com\/blog\/capitulo-i-el-inicio\/\",\"name\":\"Procedimientos est\u00e9ticos - Cap\u00edtulo I - MI BLOG\",\"isPartOf\":{\"@id\":\"https:\/\/viniciojarquin.com\/blog\/#website\"},\"primaryImageOfPage\":{\"@id\":\"https:\/\/viniciojarquin.com\/blog\/capitulo-i-el-inicio\/#primaryimage\"},\"image\":{\"@id\":\"https:\/\/viniciojarquin.com\/blog\/capitulo-i-el-inicio\/#primaryimage\"},\"thumbnailUrl\":\"https:\/\/viniciojarquin.com\/blog\/wp-content\/uploads\/2026\/03\/En-las-manos-de-Esteban-2-REDUC.jpg\",\"datePublished\":\"2026-03-27T14:35:48+00:00\",\"dateModified\":\"2026-03-28T00:45:45+00:00\",\"breadcrumb\":{\"@id\":\"https:\/\/viniciojarquin.com\/blog\/capitulo-i-el-inicio\/#breadcrumb\"},\"inLanguage\":\"es\",\"potentialAction\":[{\"@type\":\"ReadAction\",\"target\":[\"https:\/\/viniciojarquin.com\/blog\/capitulo-i-el-inicio\/\"]}]},{\"@type\":\"ImageObject\",\"inLanguage\":\"es\",\"@id\":\"https:\/\/viniciojarquin.com\/blog\/capitulo-i-el-inicio\/#primaryimage\",\"url\":\"https:\/\/viniciojarquin.com\/blog\/wp-content\/uploads\/2026\/03\/En-las-manos-de-Esteban-2-REDUC.jpg\",\"contentUrl\":\"https:\/\/viniciojarquin.com\/blog\/wp-content\/uploads\/2026\/03\/En-las-manos-de-Esteban-2-REDUC.jpg\",\"width\":800,\"height\":1200},{\"@type\":\"BreadcrumbList\",\"@id\":\"https:\/\/viniciojarquin.com\/blog\/capitulo-i-el-inicio\/#breadcrumb\",\"itemListElement\":[{\"@type\":\"ListItem\",\"position\":1,\"name\":\"Portada\",\"item\":\"https:\/\/viniciojarquin.com\/blog\/\"},{\"@type\":\"ListItem\",\"position\":2,\"name\":\"Procedimientos est\u00e9ticos &#8211; Cap\u00edtulo I\"}]},{\"@type\":\"WebSite\",\"@id\":\"https:\/\/viniciojarquin.com\/blog\/#website\",\"url\":\"https:\/\/viniciojarquin.com\/blog\/\",\"name\":\"Vinicio Jarqu\u00edn BLOG\",\"description\":\"\",\"publisher\":{\"@id\":\"https:\/\/viniciojarquin.com\/blog\/#\/schema\/person\/90100c8845ae55462ec0657d3d2f8d3b\"},\"potentialAction\":[{\"@type\":\"SearchAction\",\"target\":{\"@type\":\"EntryPoint\",\"urlTemplate\":\"https:\/\/viniciojarquin.com\/blog\/?s={search_term_string}\"},\"query-input\":{\"@type\":\"PropertyValueSpecification\",\"valueRequired\":true,\"valueName\":\"search_term_string\"}}],\"inLanguage\":\"es\"},{\"@type\":[\"Person\",\"Organization\"],\"@id\":\"https:\/\/viniciojarquin.com\/blog\/#\/schema\/person\/90100c8845ae55462ec0657d3d2f8d3b\",\"name\":\"Vinicio Jarqu\u00edn\",\"image\":{\"@type\":\"ImageObject\",\"inLanguage\":\"es\",\"@id\":\"https:\/\/viniciojarquin.com\/blog\/#\/schema\/person\/image\/\",\"url\":\"https:\/\/viniciojarquin.com\/blog\/wp-content\/uploads\/2024\/10\/Logo-VinicioJarquin-original-400.png\",\"contentUrl\":\"https:\/\/viniciojarquin.com\/blog\/wp-content\/uploads\/2024\/10\/Logo-VinicioJarquin-original-400.png\",\"width\":400,\"height\":130,\"caption\":\"Vinicio Jarqu\u00edn\"},\"logo\":{\"@id\":\"https:\/\/viniciojarquin.com\/blog\/#\/schema\/person\/image\/\"},\"description\":\"Empresario textil, artista pl\u00e1stico, escritor, coach de vida y fot\u00f3grafo.\",\"sameAs\":[\"https:\/\/viniciojarquin.com\/blog\",\"https:\/\/www.facebook.com\/vinicio.jarquin\",\"https:\/\/www.instagram.com\/vinicio_jarquin\/\",\"https:\/\/www.pinterest.com\/vinnyjc\/\",\"https:\/\/www.youtube.com\/@VinicioJarquin\"],\"url\":\"https:\/\/viniciojarquin.com\/blog\/author\/admin_s02au25i\/\"}]}<\/script>\n<!-- \/ Yoast SEO plugin. -->","yoast_head_json":{"title":"Procedimientos est\u00e9ticos - Cap\u00edtulo I - MI BLOG","robots":{"index":"index","follow":"follow","max-snippet":"max-snippet:-1","max-image-preview":"max-image-preview:large","max-video-preview":"max-video-preview:-1"},"canonical":"https:\/\/viniciojarquin.com\/blog\/capitulo-i-el-inicio\/","og_locale":"es_ES","og_type":"article","og_title":"Procedimientos est\u00e9ticos - Cap\u00edtulo I - MI BLOG","og_description":"El inicio Cl\u00ednica M\u00e9dica Rohrmoser. Dr. Esteban Herrera Carro. A veces las cosas no llegan con aviso\u2026 simplemente aparecen, en [&hellip;]","og_url":"https:\/\/viniciojarquin.com\/blog\/capitulo-i-el-inicio\/","og_site_name":"MI BLOG","article_publisher":"https:\/\/www.facebook.com\/vinicio.jarquin","article_author":"https:\/\/www.facebook.com\/vinicio.jarquin","article_published_time":"2026-03-27T14:35:48+00:00","article_modified_time":"2026-03-28T00:45:45+00:00","og_image":[{"width":800,"height":1200,"url":"https:\/\/viniciojarquin.com\/blog\/wp-content\/uploads\/2026\/03\/En-las-manos-de-Esteban-2-REDUC.jpg","type":"image\/jpeg"}],"author":"Vinicio Jarqu\u00edn","twitter_card":"summary_large_image","twitter_misc":{"Escrito por":"Vinicio Jarqu\u00edn","Tiempo de lectura":"3 minutos"},"schema":{"@context":"https:\/\/schema.org","@graph":[{"@type":"Article","@id":"https:\/\/viniciojarquin.com\/blog\/capitulo-i-el-inicio\/#article","isPartOf":{"@id":"https:\/\/viniciojarquin.com\/blog\/capitulo-i-el-inicio\/"},"author":{"name":"Vinicio Jarqu\u00edn","@id":"https:\/\/viniciojarquin.com\/blog\/#\/schema\/person\/90100c8845ae55462ec0657d3d2f8d3b"},"headline":"Procedimientos est\u00e9ticos &#8211; Cap\u00edtulo I","datePublished":"2026-03-27T14:35:48+00:00","dateModified":"2026-03-28T00:45:45+00:00","mainEntityOfPage":{"@id":"https:\/\/viniciojarquin.com\/blog\/capitulo-i-el-inicio\/"},"wordCount":466,"commentCount":0,"publisher":{"@id":"https:\/\/viniciojarquin.com\/blog\/#\/schema\/person\/90100c8845ae55462ec0657d3d2f8d3b"},"image":{"@id":"https:\/\/viniciojarquin.com\/blog\/capitulo-i-el-inicio\/#primaryimage"},"thumbnailUrl":"https:\/\/viniciojarquin.com\/blog\/wp-content\/uploads\/2026\/03\/En-las-manos-de-Esteban-2-REDUC.jpg","articleSection":["Procedimientos m\u00e9dicos"],"inLanguage":"es","potentialAction":[{"@type":"CommentAction","name":"Comment","target":["https:\/\/viniciojarquin.com\/blog\/capitulo-i-el-inicio\/#respond"]}]},{"@type":"WebPage","@id":"https:\/\/viniciojarquin.com\/blog\/capitulo-i-el-inicio\/","url":"https:\/\/viniciojarquin.com\/blog\/capitulo-i-el-inicio\/","name":"Procedimientos est\u00e9ticos - Cap\u00edtulo I - MI BLOG","isPartOf":{"@id":"https:\/\/viniciojarquin.com\/blog\/#website"},"primaryImageOfPage":{"@id":"https:\/\/viniciojarquin.com\/blog\/capitulo-i-el-inicio\/#primaryimage"},"image":{"@id":"https:\/\/viniciojarquin.com\/blog\/capitulo-i-el-inicio\/#primaryimage"},"thumbnailUrl":"https:\/\/viniciojarquin.com\/blog\/wp-content\/uploads\/2026\/03\/En-las-manos-de-Esteban-2-REDUC.jpg","datePublished":"2026-03-27T14:35:48+00:00","dateModified":"2026-03-28T00:45:45+00:00","breadcrumb":{"@id":"https:\/\/viniciojarquin.com\/blog\/capitulo-i-el-inicio\/#breadcrumb"},"inLanguage":"es","potentialAction":[{"@type":"ReadAction","target":["https:\/\/viniciojarquin.com\/blog\/capitulo-i-el-inicio\/"]}]},{"@type":"ImageObject","inLanguage":"es","@id":"https:\/\/viniciojarquin.com\/blog\/capitulo-i-el-inicio\/#primaryimage","url":"https:\/\/viniciojarquin.com\/blog\/wp-content\/uploads\/2026\/03\/En-las-manos-de-Esteban-2-REDUC.jpg","contentUrl":"https:\/\/viniciojarquin.com\/blog\/wp-content\/uploads\/2026\/03\/En-las-manos-de-Esteban-2-REDUC.jpg","width":800,"height":1200},{"@type":"BreadcrumbList","@id":"https:\/\/viniciojarquin.com\/blog\/capitulo-i-el-inicio\/#breadcrumb","itemListElement":[{"@type":"ListItem","position":1,"name":"Portada","item":"https:\/\/viniciojarquin.com\/blog\/"},{"@type":"ListItem","position":2,"name":"Procedimientos est\u00e9ticos &#8211; Cap\u00edtulo I"}]},{"@type":"WebSite","@id":"https:\/\/viniciojarquin.com\/blog\/#website","url":"https:\/\/viniciojarquin.com\/blog\/","name":"Vinicio Jarqu\u00edn BLOG","description":"","publisher":{"@id":"https:\/\/viniciojarquin.com\/blog\/#\/schema\/person\/90100c8845ae55462ec0657d3d2f8d3b"},"potentialAction":[{"@type":"SearchAction","target":{"@type":"EntryPoint","urlTemplate":"https:\/\/viniciojarquin.com\/blog\/?s={search_term_string}"},"query-input":{"@type":"PropertyValueSpecification","valueRequired":true,"valueName":"search_term_string"}}],"inLanguage":"es"},{"@type":["Person","Organization"],"@id":"https:\/\/viniciojarquin.com\/blog\/#\/schema\/person\/90100c8845ae55462ec0657d3d2f8d3b","name":"Vinicio Jarqu\u00edn","image":{"@type":"ImageObject","inLanguage":"es","@id":"https:\/\/viniciojarquin.com\/blog\/#\/schema\/person\/image\/","url":"https:\/\/viniciojarquin.com\/blog\/wp-content\/uploads\/2024\/10\/Logo-VinicioJarquin-original-400.png","contentUrl":"https:\/\/viniciojarquin.com\/blog\/wp-content\/uploads\/2024\/10\/Logo-VinicioJarquin-original-400.png","width":400,"height":130,"caption":"Vinicio Jarqu\u00edn"},"logo":{"@id":"https:\/\/viniciojarquin.com\/blog\/#\/schema\/person\/image\/"},"description":"Empresario textil, artista pl\u00e1stico, escritor, coach de vida y fot\u00f3grafo.","sameAs":["https:\/\/viniciojarquin.com\/blog","https:\/\/www.facebook.com\/vinicio.jarquin","https:\/\/www.instagram.com\/vinicio_jarquin\/","https:\/\/www.pinterest.com\/vinnyjc\/","https:\/\/www.youtube.com\/@VinicioJarquin"],"url":"https:\/\/viniciojarquin.com\/blog\/author\/admin_s02au25i\/"}]}},"blog_post_layout_featured_media_urls":{"thumbnail":["https:\/\/viniciojarquin.com\/blog\/wp-content\/uploads\/2026\/03\/En-las-manos-de-Esteban-2-REDUC-150x150.jpg",150,150,true],"full":["https:\/\/viniciojarquin.com\/blog\/wp-content\/uploads\/2026\/03\/En-las-manos-de-Esteban-2-REDUC.jpg",800,1200,false]},"categories_names":{"40":{"name":"Procedimientos m\u00e9dicos","link":"https:\/\/viniciojarquin.com\/blog\/category\/clinica-medica-rohrmoser\/"}},"tags_names":[],"comments_number":"0","_links":{"self":[{"href":"https:\/\/viniciojarquin.com\/blog\/wp-json\/wp\/v2\/posts\/3180","targetHints":{"allow":["GET"]}}],"collection":[{"href":"https:\/\/viniciojarquin.com\/blog\/wp-json\/wp\/v2\/posts"}],"about":[{"href":"https:\/\/viniciojarquin.com\/blog\/wp-json\/wp\/v2\/types\/post"}],"author":[{"embeddable":true,"href":"https:\/\/viniciojarquin.com\/blog\/wp-json\/wp\/v2\/users\/1"}],"replies":[{"embeddable":true,"href":"https:\/\/viniciojarquin.com\/blog\/wp-json\/wp\/v2\/comments?post=3180"}],"version-history":[{"count":5,"href":"https:\/\/viniciojarquin.com\/blog\/wp-json\/wp\/v2\/posts\/3180\/revisions"}],"predecessor-version":[{"id":3205,"href":"https:\/\/viniciojarquin.com\/blog\/wp-json\/wp\/v2\/posts\/3180\/revisions\/3205"}],"wp:featuredmedia":[{"embeddable":true,"href":"https:\/\/viniciojarquin.com\/blog\/wp-json\/wp\/v2\/media\/3199"}],"wp:attachment":[{"href":"https:\/\/viniciojarquin.com\/blog\/wp-json\/wp\/v2\/media?parent=3180"}],"wp:term":[{"taxonomy":"category","embeddable":true,"href":"https:\/\/viniciojarquin.com\/blog\/wp-json\/wp\/v2\/categories?post=3180"},{"taxonomy":"post_tag","embeddable":true,"href":"https:\/\/viniciojarquin.com\/blog\/wp-json\/wp\/v2\/tags?post=3180"}],"curies":[{"name":"wp","href":"https:\/\/api.w.org\/{rel}","templated":true}]}}