{"id":3182,"date":"2026-03-27T05:28:12","date_gmt":"2026-03-27T05:28:12","guid":{"rendered":"https:\/\/viniciojarquin.com\/blog\/?p=3182"},"modified":"2026-03-27T05:28:51","modified_gmt":"2026-03-27T05:28:51","slug":"cuando-el-juicio-reemplaza-al-pensamiento","status":"publish","type":"post","link":"https:\/\/viniciojarquin.com\/blog\/cuando-el-juicio-reemplaza-al-pensamiento\/","title":{"rendered":"Cuando el juicio reemplaza al pensamiento"},"content":{"rendered":"\n<figure class=\"wp-block-image size-full\"><img decoding=\"async\" width=\"800\" height=\"533\" data-src=\"https:\/\/viniciojarquin.com\/blog\/wp-content\/uploads\/2026\/03\/Cuando-el-juicio-reemplaza-el-pensamiento.png\" alt=\"\" class=\"wp-image-3183 lazyload\" data-srcset=\"https:\/\/viniciojarquin.com\/blog\/wp-content\/uploads\/2026\/03\/Cuando-el-juicio-reemplaza-el-pensamiento.png 800w, https:\/\/viniciojarquin.com\/blog\/wp-content\/uploads\/2026\/03\/Cuando-el-juicio-reemplaza-el-pensamiento-300x200.png 300w, https:\/\/viniciojarquin.com\/blog\/wp-content\/uploads\/2026\/03\/Cuando-el-juicio-reemplaza-el-pensamiento-768x512.png 768w\" data-sizes=\"(max-width: 800px) 100vw, 800px\" src=\"data:image\/svg+xml;base64,PHN2ZyB3aWR0aD0iMSIgaGVpZ2h0PSIxIiB4bWxucz0iaHR0cDovL3d3dy53My5vcmcvMjAwMC9zdmciPjwvc3ZnPg==\" style=\"--smush-placeholder-width: 800px; --smush-placeholder-aspect-ratio: 800\/533;\" \/><\/figure>\n\n\n\n<p>Me resulta interesante \u2014y a la vez preocupante\u2014 observar c\u00f3mo, en ciertos momentos, el an\u00e1lisis desaparece y es reemplazado por etiquetas. No por reflexi\u00f3n, no por criterio, sino por una reacci\u00f3n casi autom\u00e1tica ante lo que se ve, se oye o se asume.<\/p>\n\n\n\n<p>Porque basta una foto, un saludo, una coincidencia en un espacio, para que aparezcan conclusiones inmediatas. Si est\u00e1s con uno, sos de ese grupo. Si est\u00e1s con otro, ya te ubicaron en otro lado. Si no dec\u00eds por qui\u00e9n votaste, entonces te asignan una intenci\u00f3n. Y todo eso ocurre sin contexto, sin conversaci\u00f3n, sin el m\u00e1s m\u00ednimo intento de entender.<\/p>\n\n\n\n<p>Hace poco tiempo elegimos presidente. Yo, como muchos, tengo mi posici\u00f3n. Pero eso no convierte cada interacci\u00f3n en una bandera pol\u00edtica. No todo es tan simple como \u201cde qu\u00e9 lado est\u00e1s\u201d. La vida p\u00fablica \u2014y la privada tambi\u00e9n\u2014 es mucho m\u00e1s compleja que una fotograf\u00eda o una frase aislada.<\/p>\n\n\n\n<p>Desde mi punto de vista, el problema no es que la gente tenga opiniones. El problema es cuando esas opiniones se construyen sin an\u00e1lisis. Cuando se sustituyen las ideas por etiquetas. Cuando se deja de escuchar y se empieza a clasificar. Y entonces la conversaci\u00f3n deja de ser un espacio para entender\u2026 y se convierte en un espacio para juzgar.<\/p>\n\n\n\n<p>Y en ese proceso ocurre algo m\u00e1s sutil, pero m\u00e1s profundo. Cambia la forma en la que nos hablamos. Cambia la forma en la que nos relacionamos. Aparece el insulto f\u00e1cil, la descalificaci\u00f3n r\u00e1pida, la necesidad de gritar en lugar de argumentar. Y poco a poco, eso se normaliza.<\/p>\n\n\n\n<p>Y entonces vale la pena hacerse una pregunta inc\u00f3moda.<\/p>\n\n\n\n<p>Cuando ves un comentario al que quer\u00e9s responderle con odio, con furia o con insultos\u2026 \u00bflo hac\u00e9s a escondidas de tus hijos? \u00bfPorque no quer\u00e9s que vean esa parte tuya? \u00bfO lo hac\u00e9s delante de ellos, ense\u00f1\u00e1ndoles que esa es una forma v\u00e1lida de reaccionar ante quien piensa distinto?<\/p>\n\n\n\n<p>Porque ah\u00ed no solo est\u00e1 en juego una discusi\u00f3n. Est\u00e1 en juego el ejemplo. La forma en la que se transmite lo que somos\u2026 incluso cuando no lo estamos diciendo en voz alta.<\/p>\n\n\n\n<p>No se trata de qui\u00e9n gan\u00f3 o qui\u00e9n perdi\u00f3. Se trata de c\u00f3mo estamos participando despu\u00e9s de ese resultado. Porque una sociedad no se define solo por sus elecciones\u2026 se define por la calidad de su conversaci\u00f3n.<\/p>\n\n\n\n<p>Y tal vez ah\u00ed est\u00e1 la reflexi\u00f3n.<\/p>\n\n\n\n<p>Antes de se\u00f1alar, antes de asumir, antes de etiquetar\u2026 vale la pena hacer una pausa. No para tener siempre la raz\u00f3n, sino para recuperar algo que no deber\u00edamos perder: la capacidad de analizar antes de reaccionar.<\/p>\n","protected":false},"excerpt":{"rendered":"<p>Me resulta interesante \u2014y a la vez preocupante\u2014 observar c\u00f3mo, en ciertos momentos, el an\u00e1lisis desaparece y es reemplazado por [&hellip;]<\/p>\n","protected":false},"author":1,"featured_media":3183,"comment_status":"open","ping_status":"open","sticky":false,"template":"","format":"standard","meta":{"site-sidebar-layout":"default","site-content-layout":"","ast-site-content-layout":"","site-content-style":"default","site-sidebar-style":"default","ast-global-header-display":"","ast-banner-title-visibility":"","ast-main-header-display":"","ast-hfb-above-header-display":"","ast-hfb-below-header-display":"","ast-hfb-mobile-header-display":"","site-post-title":"","ast-breadcrumbs-content":"","ast-featured-img":"","footer-sml-layout":"","theme-transparent-header-meta":"","adv-header-id-meta":"","stick-header-meta":"","header-above-stick-meta":"","header-main-stick-meta":"","header-below-stick-meta":"","astra-migrate-meta-layouts":"default","ast-page-background-enabled":"default","ast-page-background-meta":{"desktop":{"background-color":"var(--ast-global-color-5)","background-image":"","background-repeat":"repeat","background-position":"center center","background-size":"auto","background-attachment":"scroll","background-type":"","background-media":"","overlay-type":"","overlay-color":"","overlay-opacity":"","overlay-gradient":""},"tablet":{"background-color":"","background-image":"","background-repeat":"repeat","background-position":"center center","background-size":"auto","background-attachment":"scroll","background-type":"","background-media":"","overlay-type":"","overlay-color":"","overlay-opacity":"","overlay-gradient":""},"mobile":{"background-color":"","background-image":"","background-repeat":"repeat","background-position":"center center","background-size":"auto","background-attachment":"scroll","background-type":"","background-media":"","overlay-type":"","overlay-color":"","overlay-opacity":"","overlay-gradient":""}},"ast-content-background-meta":{"desktop":{"background-color":"var(--ast-global-color-4)","background-image":"","background-repeat":"repeat","background-position":"center center","background-size":"auto","background-attachment":"scroll","background-type":"","background-media":"","overlay-type":"","overlay-color":"","overlay-opacity":"","overlay-gradient":""},"tablet":{"background-color":"var(--ast-global-color-4)","background-image":"","background-repeat":"repeat","background-position":"center center","background-size":"auto","background-attachment":"scroll","background-type":"","background-media":"","overlay-type":"","overlay-color":"","overlay-opacity":"","overlay-gradient":""},"mobile":{"background-color":"var(--ast-global-color-4)","background-image":"","background-repeat":"repeat","background-position":"center center","background-size":"auto","background-attachment":"scroll","background-type":"","background-media":"","overlay-type":"","overlay-color":"","overlay-opacity":"","overlay-gradient":""}},"footnotes":""},"categories":[13,12],"tags":[],"class_list":["post-3182","post","type-post","status-publish","format-standard","has-post-thumbnail","hentry","category-desarrollo-personal","category-politica-o-gobierno"],"yoast_head":"<!-- This site is optimized with the Yoast SEO plugin v26.0 - https:\/\/yoast.com\/wordpress\/plugins\/seo\/ -->\n<title>Cuando el juicio reemplaza al pensamiento - MI BLOG<\/title>\n<meta name=\"robots\" content=\"index, follow, max-snippet:-1, max-image-preview:large, max-video-preview:-1\" \/>\n<link rel=\"canonical\" href=\"https:\/\/viniciojarquin.com\/blog\/cuando-el-juicio-reemplaza-al-pensamiento\/\" \/>\n<meta property=\"og:locale\" content=\"es_ES\" \/>\n<meta property=\"og:type\" content=\"article\" \/>\n<meta property=\"og:title\" content=\"Cuando el juicio reemplaza al pensamiento - MI BLOG\" \/>\n<meta property=\"og:description\" content=\"Me resulta interesante \u2014y a la vez preocupante\u2014 observar c\u00f3mo, en ciertos momentos, el an\u00e1lisis desaparece y es reemplazado por [&hellip;]\" \/>\n<meta property=\"og:url\" content=\"https:\/\/viniciojarquin.com\/blog\/cuando-el-juicio-reemplaza-al-pensamiento\/\" \/>\n<meta property=\"og:site_name\" content=\"MI BLOG\" \/>\n<meta property=\"article:publisher\" content=\"https:\/\/www.facebook.com\/vinicio.jarquin\" \/>\n<meta property=\"article:author\" content=\"https:\/\/www.facebook.com\/vinicio.jarquin\" \/>\n<meta property=\"article:published_time\" content=\"2026-03-27T05:28:12+00:00\" \/>\n<meta property=\"article:modified_time\" content=\"2026-03-27T05:28:51+00:00\" \/>\n<meta property=\"og:image\" content=\"https:\/\/viniciojarquin.com\/blog\/wp-content\/uploads\/2026\/03\/Cuando-el-juicio-reemplaza-el-pensamiento.png\" \/>\n\t<meta property=\"og:image:width\" content=\"800\" \/>\n\t<meta property=\"og:image:height\" content=\"533\" \/>\n\t<meta property=\"og:image:type\" content=\"image\/png\" \/>\n<meta name=\"author\" content=\"Vinicio Jarqu\u00edn\" \/>\n<meta name=\"twitter:card\" content=\"summary_large_image\" \/>\n<meta name=\"twitter:label1\" content=\"Escrito por\" \/>\n\t<meta name=\"twitter:data1\" content=\"Vinicio Jarqu\u00edn\" \/>\n\t<meta name=\"twitter:label2\" content=\"Tiempo de lectura\" \/>\n\t<meta name=\"twitter:data2\" content=\"3 minutos\" \/>\n<script type=\"application\/ld+json\" class=\"yoast-schema-graph\">{\"@context\":\"https:\/\/schema.org\",\"@graph\":[{\"@type\":\"Article\",\"@id\":\"https:\/\/viniciojarquin.com\/blog\/cuando-el-juicio-reemplaza-al-pensamiento\/#article\",\"isPartOf\":{\"@id\":\"https:\/\/viniciojarquin.com\/blog\/cuando-el-juicio-reemplaza-al-pensamiento\/\"},\"author\":{\"name\":\"Vinicio Jarqu\u00edn\",\"@id\":\"https:\/\/viniciojarquin.com\/blog\/#\/schema\/person\/90100c8845ae55462ec0657d3d2f8d3b\"},\"headline\":\"Cuando el juicio reemplaza al pensamiento\",\"datePublished\":\"2026-03-27T05:28:12+00:00\",\"dateModified\":\"2026-03-27T05:28:51+00:00\",\"mainEntityOfPage\":{\"@id\":\"https:\/\/viniciojarquin.com\/blog\/cuando-el-juicio-reemplaza-al-pensamiento\/\"},\"wordCount\":483,\"commentCount\":0,\"publisher\":{\"@id\":\"https:\/\/viniciojarquin.com\/blog\/#\/schema\/person\/90100c8845ae55462ec0657d3d2f8d3b\"},\"image\":{\"@id\":\"https:\/\/viniciojarquin.com\/blog\/cuando-el-juicio-reemplaza-al-pensamiento\/#primaryimage\"},\"thumbnailUrl\":\"https:\/\/viniciojarquin.com\/blog\/wp-content\/uploads\/2026\/03\/Cuando-el-juicio-reemplaza-el-pensamiento.png\",\"articleSection\":[\"Desarrollo personal\",\"Pol\u00edtica varios\"],\"inLanguage\":\"es\",\"potentialAction\":[{\"@type\":\"CommentAction\",\"name\":\"Comment\",\"target\":[\"https:\/\/viniciojarquin.com\/blog\/cuando-el-juicio-reemplaza-al-pensamiento\/#respond\"]}]},{\"@type\":\"WebPage\",\"@id\":\"https:\/\/viniciojarquin.com\/blog\/cuando-el-juicio-reemplaza-al-pensamiento\/\",\"url\":\"https:\/\/viniciojarquin.com\/blog\/cuando-el-juicio-reemplaza-al-pensamiento\/\",\"name\":\"Cuando el juicio reemplaza al pensamiento - MI BLOG\",\"isPartOf\":{\"@id\":\"https:\/\/viniciojarquin.com\/blog\/#website\"},\"primaryImageOfPage\":{\"@id\":\"https:\/\/viniciojarquin.com\/blog\/cuando-el-juicio-reemplaza-al-pensamiento\/#primaryimage\"},\"image\":{\"@id\":\"https:\/\/viniciojarquin.com\/blog\/cuando-el-juicio-reemplaza-al-pensamiento\/#primaryimage\"},\"thumbnailUrl\":\"https:\/\/viniciojarquin.com\/blog\/wp-content\/uploads\/2026\/03\/Cuando-el-juicio-reemplaza-el-pensamiento.png\",\"datePublished\":\"2026-03-27T05:28:12+00:00\",\"dateModified\":\"2026-03-27T05:28:51+00:00\",\"breadcrumb\":{\"@id\":\"https:\/\/viniciojarquin.com\/blog\/cuando-el-juicio-reemplaza-al-pensamiento\/#breadcrumb\"},\"inLanguage\":\"es\",\"potentialAction\":[{\"@type\":\"ReadAction\",\"target\":[\"https:\/\/viniciojarquin.com\/blog\/cuando-el-juicio-reemplaza-al-pensamiento\/\"]}]},{\"@type\":\"ImageObject\",\"inLanguage\":\"es\",\"@id\":\"https:\/\/viniciojarquin.com\/blog\/cuando-el-juicio-reemplaza-al-pensamiento\/#primaryimage\",\"url\":\"https:\/\/viniciojarquin.com\/blog\/wp-content\/uploads\/2026\/03\/Cuando-el-juicio-reemplaza-el-pensamiento.png\",\"contentUrl\":\"https:\/\/viniciojarquin.com\/blog\/wp-content\/uploads\/2026\/03\/Cuando-el-juicio-reemplaza-el-pensamiento.png\",\"width\":800,\"height\":533},{\"@type\":\"BreadcrumbList\",\"@id\":\"https:\/\/viniciojarquin.com\/blog\/cuando-el-juicio-reemplaza-al-pensamiento\/#breadcrumb\",\"itemListElement\":[{\"@type\":\"ListItem\",\"position\":1,\"name\":\"Portada\",\"item\":\"https:\/\/viniciojarquin.com\/blog\/\"},{\"@type\":\"ListItem\",\"position\":2,\"name\":\"Cuando el juicio reemplaza al pensamiento\"}]},{\"@type\":\"WebSite\",\"@id\":\"https:\/\/viniciojarquin.com\/blog\/#website\",\"url\":\"https:\/\/viniciojarquin.com\/blog\/\",\"name\":\"Vinicio Jarqu\u00edn BLOG\",\"description\":\"\",\"publisher\":{\"@id\":\"https:\/\/viniciojarquin.com\/blog\/#\/schema\/person\/90100c8845ae55462ec0657d3d2f8d3b\"},\"potentialAction\":[{\"@type\":\"SearchAction\",\"target\":{\"@type\":\"EntryPoint\",\"urlTemplate\":\"https:\/\/viniciojarquin.com\/blog\/?s={search_term_string}\"},\"query-input\":{\"@type\":\"PropertyValueSpecification\",\"valueRequired\":true,\"valueName\":\"search_term_string\"}}],\"inLanguage\":\"es\"},{\"@type\":[\"Person\",\"Organization\"],\"@id\":\"https:\/\/viniciojarquin.com\/blog\/#\/schema\/person\/90100c8845ae55462ec0657d3d2f8d3b\",\"name\":\"Vinicio Jarqu\u00edn\",\"image\":{\"@type\":\"ImageObject\",\"inLanguage\":\"es\",\"@id\":\"https:\/\/viniciojarquin.com\/blog\/#\/schema\/person\/image\/\",\"url\":\"https:\/\/viniciojarquin.com\/blog\/wp-content\/uploads\/2024\/10\/Logo-VinicioJarquin-original-400.png\",\"contentUrl\":\"https:\/\/viniciojarquin.com\/blog\/wp-content\/uploads\/2024\/10\/Logo-VinicioJarquin-original-400.png\",\"width\":400,\"height\":130,\"caption\":\"Vinicio Jarqu\u00edn\"},\"logo\":{\"@id\":\"https:\/\/viniciojarquin.com\/blog\/#\/schema\/person\/image\/\"},\"description\":\"Empresario textil, artista pl\u00e1stico, escritor, coach de vida y fot\u00f3grafo.\",\"sameAs\":[\"https:\/\/viniciojarquin.com\/blog\",\"https:\/\/www.facebook.com\/vinicio.jarquin\",\"https:\/\/www.instagram.com\/vinicio_jarquin\/\",\"https:\/\/www.pinterest.com\/vinnyjc\/\",\"https:\/\/www.youtube.com\/@VinicioJarquin\"],\"url\":\"https:\/\/viniciojarquin.com\/blog\/author\/admin_s02au25i\/\"}]}<\/script>\n<!-- \/ Yoast SEO plugin. -->","yoast_head_json":{"title":"Cuando el juicio reemplaza al pensamiento - MI BLOG","robots":{"index":"index","follow":"follow","max-snippet":"max-snippet:-1","max-image-preview":"max-image-preview:large","max-video-preview":"max-video-preview:-1"},"canonical":"https:\/\/viniciojarquin.com\/blog\/cuando-el-juicio-reemplaza-al-pensamiento\/","og_locale":"es_ES","og_type":"article","og_title":"Cuando el juicio reemplaza al pensamiento - MI BLOG","og_description":"Me resulta interesante \u2014y a la vez preocupante\u2014 observar c\u00f3mo, en ciertos momentos, el an\u00e1lisis desaparece y es reemplazado por [&hellip;]","og_url":"https:\/\/viniciojarquin.com\/blog\/cuando-el-juicio-reemplaza-al-pensamiento\/","og_site_name":"MI BLOG","article_publisher":"https:\/\/www.facebook.com\/vinicio.jarquin","article_author":"https:\/\/www.facebook.com\/vinicio.jarquin","article_published_time":"2026-03-27T05:28:12+00:00","article_modified_time":"2026-03-27T05:28:51+00:00","og_image":[{"width":800,"height":533,"url":"https:\/\/viniciojarquin.com\/blog\/wp-content\/uploads\/2026\/03\/Cuando-el-juicio-reemplaza-el-pensamiento.png","type":"image\/png"}],"author":"Vinicio Jarqu\u00edn","twitter_card":"summary_large_image","twitter_misc":{"Escrito por":"Vinicio Jarqu\u00edn","Tiempo de lectura":"3 minutos"},"schema":{"@context":"https:\/\/schema.org","@graph":[{"@type":"Article","@id":"https:\/\/viniciojarquin.com\/blog\/cuando-el-juicio-reemplaza-al-pensamiento\/#article","isPartOf":{"@id":"https:\/\/viniciojarquin.com\/blog\/cuando-el-juicio-reemplaza-al-pensamiento\/"},"author":{"name":"Vinicio Jarqu\u00edn","@id":"https:\/\/viniciojarquin.com\/blog\/#\/schema\/person\/90100c8845ae55462ec0657d3d2f8d3b"},"headline":"Cuando el juicio reemplaza al pensamiento","datePublished":"2026-03-27T05:28:12+00:00","dateModified":"2026-03-27T05:28:51+00:00","mainEntityOfPage":{"@id":"https:\/\/viniciojarquin.com\/blog\/cuando-el-juicio-reemplaza-al-pensamiento\/"},"wordCount":483,"commentCount":0,"publisher":{"@id":"https:\/\/viniciojarquin.com\/blog\/#\/schema\/person\/90100c8845ae55462ec0657d3d2f8d3b"},"image":{"@id":"https:\/\/viniciojarquin.com\/blog\/cuando-el-juicio-reemplaza-al-pensamiento\/#primaryimage"},"thumbnailUrl":"https:\/\/viniciojarquin.com\/blog\/wp-content\/uploads\/2026\/03\/Cuando-el-juicio-reemplaza-el-pensamiento.png","articleSection":["Desarrollo personal","Pol\u00edtica varios"],"inLanguage":"es","potentialAction":[{"@type":"CommentAction","name":"Comment","target":["https:\/\/viniciojarquin.com\/blog\/cuando-el-juicio-reemplaza-al-pensamiento\/#respond"]}]},{"@type":"WebPage","@id":"https:\/\/viniciojarquin.com\/blog\/cuando-el-juicio-reemplaza-al-pensamiento\/","url":"https:\/\/viniciojarquin.com\/blog\/cuando-el-juicio-reemplaza-al-pensamiento\/","name":"Cuando el juicio reemplaza al pensamiento - MI BLOG","isPartOf":{"@id":"https:\/\/viniciojarquin.com\/blog\/#website"},"primaryImageOfPage":{"@id":"https:\/\/viniciojarquin.com\/blog\/cuando-el-juicio-reemplaza-al-pensamiento\/#primaryimage"},"image":{"@id":"https:\/\/viniciojarquin.com\/blog\/cuando-el-juicio-reemplaza-al-pensamiento\/#primaryimage"},"thumbnailUrl":"https:\/\/viniciojarquin.com\/blog\/wp-content\/uploads\/2026\/03\/Cuando-el-juicio-reemplaza-el-pensamiento.png","datePublished":"2026-03-27T05:28:12+00:00","dateModified":"2026-03-27T05:28:51+00:00","breadcrumb":{"@id":"https:\/\/viniciojarquin.com\/blog\/cuando-el-juicio-reemplaza-al-pensamiento\/#breadcrumb"},"inLanguage":"es","potentialAction":[{"@type":"ReadAction","target":["https:\/\/viniciojarquin.com\/blog\/cuando-el-juicio-reemplaza-al-pensamiento\/"]}]},{"@type":"ImageObject","inLanguage":"es","@id":"https:\/\/viniciojarquin.com\/blog\/cuando-el-juicio-reemplaza-al-pensamiento\/#primaryimage","url":"https:\/\/viniciojarquin.com\/blog\/wp-content\/uploads\/2026\/03\/Cuando-el-juicio-reemplaza-el-pensamiento.png","contentUrl":"https:\/\/viniciojarquin.com\/blog\/wp-content\/uploads\/2026\/03\/Cuando-el-juicio-reemplaza-el-pensamiento.png","width":800,"height":533},{"@type":"BreadcrumbList","@id":"https:\/\/viniciojarquin.com\/blog\/cuando-el-juicio-reemplaza-al-pensamiento\/#breadcrumb","itemListElement":[{"@type":"ListItem","position":1,"name":"Portada","item":"https:\/\/viniciojarquin.com\/blog\/"},{"@type":"ListItem","position":2,"name":"Cuando el juicio reemplaza al pensamiento"}]},{"@type":"WebSite","@id":"https:\/\/viniciojarquin.com\/blog\/#website","url":"https:\/\/viniciojarquin.com\/blog\/","name":"Vinicio Jarqu\u00edn BLOG","description":"","publisher":{"@id":"https:\/\/viniciojarquin.com\/blog\/#\/schema\/person\/90100c8845ae55462ec0657d3d2f8d3b"},"potentialAction":[{"@type":"SearchAction","target":{"@type":"EntryPoint","urlTemplate":"https:\/\/viniciojarquin.com\/blog\/?s={search_term_string}"},"query-input":{"@type":"PropertyValueSpecification","valueRequired":true,"valueName":"search_term_string"}}],"inLanguage":"es"},{"@type":["Person","Organization"],"@id":"https:\/\/viniciojarquin.com\/blog\/#\/schema\/person\/90100c8845ae55462ec0657d3d2f8d3b","name":"Vinicio Jarqu\u00edn","image":{"@type":"ImageObject","inLanguage":"es","@id":"https:\/\/viniciojarquin.com\/blog\/#\/schema\/person\/image\/","url":"https:\/\/viniciojarquin.com\/blog\/wp-content\/uploads\/2024\/10\/Logo-VinicioJarquin-original-400.png","contentUrl":"https:\/\/viniciojarquin.com\/blog\/wp-content\/uploads\/2024\/10\/Logo-VinicioJarquin-original-400.png","width":400,"height":130,"caption":"Vinicio Jarqu\u00edn"},"logo":{"@id":"https:\/\/viniciojarquin.com\/blog\/#\/schema\/person\/image\/"},"description":"Empresario textil, artista pl\u00e1stico, escritor, coach de vida y fot\u00f3grafo.","sameAs":["https:\/\/viniciojarquin.com\/blog","https:\/\/www.facebook.com\/vinicio.jarquin","https:\/\/www.instagram.com\/vinicio_jarquin\/","https:\/\/www.pinterest.com\/vinnyjc\/","https:\/\/www.youtube.com\/@VinicioJarquin"],"url":"https:\/\/viniciojarquin.com\/blog\/author\/admin_s02au25i\/"}]}},"blog_post_layout_featured_media_urls":{"thumbnail":["https:\/\/viniciojarquin.com\/blog\/wp-content\/uploads\/2026\/03\/Cuando-el-juicio-reemplaza-el-pensamiento-150x150.png",150,150,true],"full":["https:\/\/viniciojarquin.com\/blog\/wp-content\/uploads\/2026\/03\/Cuando-el-juicio-reemplaza-el-pensamiento.png",800,533,false]},"categories_names":{"13":{"name":"Desarrollo personal","link":"https:\/\/viniciojarquin.com\/blog\/category\/desarrollo-personal\/"},"12":{"name":"Pol\u00edtica varios","link":"https:\/\/viniciojarquin.com\/blog\/category\/politica-o-gobierno\/"}},"tags_names":[],"comments_number":"0","_links":{"self":[{"href":"https:\/\/viniciojarquin.com\/blog\/wp-json\/wp\/v2\/posts\/3182","targetHints":{"allow":["GET"]}}],"collection":[{"href":"https:\/\/viniciojarquin.com\/blog\/wp-json\/wp\/v2\/posts"}],"about":[{"href":"https:\/\/viniciojarquin.com\/blog\/wp-json\/wp\/v2\/types\/post"}],"author":[{"embeddable":true,"href":"https:\/\/viniciojarquin.com\/blog\/wp-json\/wp\/v2\/users\/1"}],"replies":[{"embeddable":true,"href":"https:\/\/viniciojarquin.com\/blog\/wp-json\/wp\/v2\/comments?post=3182"}],"version-history":[{"count":2,"href":"https:\/\/viniciojarquin.com\/blog\/wp-json\/wp\/v2\/posts\/3182\/revisions"}],"predecessor-version":[{"id":3185,"href":"https:\/\/viniciojarquin.com\/blog\/wp-json\/wp\/v2\/posts\/3182\/revisions\/3185"}],"wp:featuredmedia":[{"embeddable":true,"href":"https:\/\/viniciojarquin.com\/blog\/wp-json\/wp\/v2\/media\/3183"}],"wp:attachment":[{"href":"https:\/\/viniciojarquin.com\/blog\/wp-json\/wp\/v2\/media?parent=3182"}],"wp:term":[{"taxonomy":"category","embeddable":true,"href":"https:\/\/viniciojarquin.com\/blog\/wp-json\/wp\/v2\/categories?post=3182"},{"taxonomy":"post_tag","embeddable":true,"href":"https:\/\/viniciojarquin.com\/blog\/wp-json\/wp\/v2\/tags?post=3182"}],"curies":[{"name":"wp","href":"https:\/\/api.w.org\/{rel}","templated":true}]}}