{"id":3190,"date":"2026-03-27T14:53:15","date_gmt":"2026-03-27T14:53:15","guid":{"rendered":"https:\/\/viniciojarquin.com\/blog\/?p=3190"},"modified":"2026-03-28T00:45:48","modified_gmt":"2026-03-28T00:45:48","slug":"capitulo-ii-el-doctor","status":"publish","type":"post","link":"https:\/\/viniciojarquin.com\/blog\/capitulo-ii-el-doctor\/","title":{"rendered":"Procedimientos est\u00e9ticos &#8211; Cap\u00edtulo II"},"content":{"rendered":"\n<p>El doctor<\/p>\n\n\n\n<p>Cl\u00ednica M\u00e9dica Rohrmoser. Dr. Esteban Herrera Carro.<\/p>\n\n\n\n<figure class=\"wp-block-image size-large\"><img decoding=\"async\" width=\"683\" height=\"1024\" data-src=\"https:\/\/viniciojarquin.com\/blog\/wp-content\/uploads\/2026\/03\/En-las-manos-de-Esteban-2-REDUC-683x1024.jpg\" alt=\"\" class=\"wp-image-3199 lazyload\" data-srcset=\"https:\/\/viniciojarquin.com\/blog\/wp-content\/uploads\/2026\/03\/En-las-manos-de-Esteban-2-REDUC-683x1024.jpg 683w, https:\/\/viniciojarquin.com\/blog\/wp-content\/uploads\/2026\/03\/En-las-manos-de-Esteban-2-REDUC-200x300.jpg 200w, https:\/\/viniciojarquin.com\/blog\/wp-content\/uploads\/2026\/03\/En-las-manos-de-Esteban-2-REDUC-768x1152.jpg 768w, https:\/\/viniciojarquin.com\/blog\/wp-content\/uploads\/2026\/03\/En-las-manos-de-Esteban-2-REDUC.jpg 800w\" data-sizes=\"(max-width: 683px) 100vw, 683px\" src=\"data:image\/svg+xml;base64,PHN2ZyB3aWR0aD0iMSIgaGVpZ2h0PSIxIiB4bWxucz0iaHR0cDovL3d3dy53My5vcmcvMjAwMC9zdmciPjwvc3ZnPg==\" style=\"--smush-placeholder-width: 683px; --smush-placeholder-aspect-ratio: 683\/1024;\" \/><\/figure>\n\n\n\n<p>Hay algo curioso en la vida\u2026 c\u00f3mo algunas personas aparecen, se vuelven cercanas, luego el tiempo toma su rumbo\u2026 y un d\u00eda, sin aviso, vuelven a cruzarse en el camino. A Esteban lo conozco desde hace varios a\u00f1os, en otra etapa, en otro momento, cuando todo era m\u00e1s simple y los caminos apenas se estaban dibujando. Recuerdo sus inicios, su formaci\u00f3n, ese proceso que uno observa de lejos sin saber exactamente en qu\u00e9 se va a convertir. Y el tiempo hizo lo suyo. La vida nos llev\u00f3 por rutas distintas, dejamos de coincidir\u2026 y cuando su nombre volvi\u00f3 a aparecer, ya no era aquel muchacho que estaba empezando. Era un m\u00e9dico formado, reconocido, con trayectoria. Y ah\u00ed, sin planearlo, nuestras historias volvieron a tocarse.<\/p>\n\n\n\n<p>Daniel Blanco, quien se encarga de temas publicitarios y de mercadeo en la Cl\u00ednica M\u00e9dica Rohrmoser, fue quien tuvo la idea. Vio en m\u00ed \u2014no s\u00e9 si por la edad, por algunos detalles que ya empiezan a notarse, o simplemente por la cantidad de personas que leen lo que escribo\u2014 una oportunidad para hacer algo distinto. Tal vez un \u201cexperimento\u201d \u2014dicho en tono de broma\u2014, tal vez un caso real, visible, cercano. La verdad\u2026 no s\u00e9 exactamente por qu\u00e9 pens\u00f3 en m\u00ed. Pero s\u00ed s\u00e9 algo: cualquiera que haya sido la raz\u00f3n, yo salgo ganando. Porque si esto se va a hacer, espero quedar un poquito mejor\u2026 y porque hacerlo de frente, desde el inicio, tambi\u00e9n habla de la seguridad que hay detr\u00e1s.<\/p>\n\n\n\n<p>No es lo mismo decir: \u201chagamos algo, vemos c\u00f3mo queda y despu\u00e9s decidimos si lo mostramos\u201d \u2026 que decir: \u201chag\u00e1moslo de cara a todos\u201d. Eso no es casualidad. Eso habla de confianza en el propio trabajo. Y ah\u00ed es donde, para m\u00ed, esto empieza a tomar otro sentido.<\/p>\n\n\n\n<p>Porque m\u00e1s all\u00e1 de la propuesta, hay algo que tambi\u00e9n pesa\u2026 a qui\u00e9n le est\u00e1s confiando algo tan personal. Y en ese punto, la historia cambia. No es solo una cl\u00ednica, no es solo un procedimiento, no es solo contenido. Es una decisi\u00f3n que pasa por otro lugar. Por la confianza.<\/p>\n\n\n\n<p>Todav\u00eda no me he sentado con ellos. Eso vendr\u00e1 pronto. Y ah\u00ed empezar\u00e1n a definirse los detalles: qu\u00e9 hacer, c\u00f3mo hacerlo, c\u00f3mo documentarlo\u2026 si habr\u00e1 fotos, videos, o si esto se contar\u00e1 \u00fanicamente desde lo escrito. Pero m\u00e1s all\u00e1 de la forma\u2026 lo que realmente me interesa es el fondo. Qu\u00e9 pasa cuando uno decide hacer algo as\u00ed, de frente, sin esconder el proceso. Qu\u00e9 pasa cuando uno se expone, no solo al cambio\u2026 sino a la mirada de los dem\u00e1s.<\/p>\n\n\n\n<p>Esto sigue tomando forma.<\/p>\n","protected":false},"excerpt":{"rendered":"<p>El doctor Cl\u00ednica M\u00e9dica Rohrmoser. Dr. Esteban Herrera Carro. Hay algo curioso en la vida\u2026 c\u00f3mo algunas personas aparecen, se [&hellip;]<\/p>\n","protected":false},"author":1,"featured_media":3199,"comment_status":"open","ping_status":"open","sticky":false,"template":"","format":"standard","meta":{"site-sidebar-layout":"default","site-content-layout":"","ast-site-content-layout":"","site-content-style":"default","site-sidebar-style":"default","ast-global-header-display":"","ast-banner-title-visibility":"","ast-main-header-display":"","ast-hfb-above-header-display":"","ast-hfb-below-header-display":"","ast-hfb-mobile-header-display":"","site-post-title":"","ast-breadcrumbs-content":"","ast-featured-img":"","footer-sml-layout":"","theme-transparent-header-meta":"","adv-header-id-meta":"","stick-header-meta":"","header-above-stick-meta":"","header-main-stick-meta":"","header-below-stick-meta":"","astra-migrate-meta-layouts":"default","ast-page-background-enabled":"default","ast-page-background-meta":{"desktop":{"background-color":"var(--ast-global-color-5)","background-image":"","background-repeat":"repeat","background-position":"center center","background-size":"auto","background-attachment":"scroll","background-type":"","background-media":"","overlay-type":"","overlay-color":"","overlay-opacity":"","overlay-gradient":""},"tablet":{"background-color":"","background-image":"","background-repeat":"repeat","background-position":"center center","background-size":"auto","background-attachment":"scroll","background-type":"","background-media":"","overlay-type":"","overlay-color":"","overlay-opacity":"","overlay-gradient":""},"mobile":{"background-color":"","background-image":"","background-repeat":"repeat","background-position":"center center","background-size":"auto","background-attachment":"scroll","background-type":"","background-media":"","overlay-type":"","overlay-color":"","overlay-opacity":"","overlay-gradient":""}},"ast-content-background-meta":{"desktop":{"background-color":"var(--ast-global-color-4)","background-image":"","background-repeat":"repeat","background-position":"center center","background-size":"auto","background-attachment":"scroll","background-type":"","background-media":"","overlay-type":"","overlay-color":"","overlay-opacity":"","overlay-gradient":""},"tablet":{"background-color":"var(--ast-global-color-4)","background-image":"","background-repeat":"repeat","background-position":"center center","background-size":"auto","background-attachment":"scroll","background-type":"","background-media":"","overlay-type":"","overlay-color":"","overlay-opacity":"","overlay-gradient":""},"mobile":{"background-color":"var(--ast-global-color-4)","background-image":"","background-repeat":"repeat","background-position":"center center","background-size":"auto","background-attachment":"scroll","background-type":"","background-media":"","overlay-type":"","overlay-color":"","overlay-opacity":"","overlay-gradient":""}},"footnotes":""},"categories":[40],"tags":[],"class_list":["post-3190","post","type-post","status-publish","format-standard","has-post-thumbnail","hentry","category-clinica-medica-rohrmoser"],"yoast_head":"<!-- This site is optimized with the Yoast SEO plugin v26.0 - https:\/\/yoast.com\/wordpress\/plugins\/seo\/ -->\n<title>Procedimientos est\u00e9ticos - Cap\u00edtulo II - MI BLOG<\/title>\n<meta name=\"robots\" content=\"index, follow, max-snippet:-1, max-image-preview:large, max-video-preview:-1\" \/>\n<link rel=\"canonical\" href=\"https:\/\/viniciojarquin.com\/blog\/capitulo-ii-el-doctor\/\" \/>\n<meta property=\"og:locale\" content=\"es_ES\" \/>\n<meta property=\"og:type\" content=\"article\" \/>\n<meta property=\"og:title\" content=\"Procedimientos est\u00e9ticos - Cap\u00edtulo II - MI BLOG\" \/>\n<meta property=\"og:description\" content=\"El doctor Cl\u00ednica M\u00e9dica Rohrmoser. Dr. Esteban Herrera Carro. Hay algo curioso en la vida\u2026 c\u00f3mo algunas personas aparecen, se [&hellip;]\" \/>\n<meta property=\"og:url\" content=\"https:\/\/viniciojarquin.com\/blog\/capitulo-ii-el-doctor\/\" \/>\n<meta property=\"og:site_name\" content=\"MI BLOG\" \/>\n<meta property=\"article:publisher\" content=\"https:\/\/www.facebook.com\/vinicio.jarquin\" \/>\n<meta property=\"article:author\" content=\"https:\/\/www.facebook.com\/vinicio.jarquin\" \/>\n<meta property=\"article:published_time\" content=\"2026-03-27T14:53:15+00:00\" \/>\n<meta property=\"article:modified_time\" content=\"2026-03-28T00:45:48+00:00\" \/>\n<meta property=\"og:image\" content=\"https:\/\/viniciojarquin.com\/blog\/wp-content\/uploads\/2026\/03\/En-las-manos-de-Esteban-2-REDUC.jpg\" \/>\n\t<meta property=\"og:image:width\" content=\"800\" \/>\n\t<meta property=\"og:image:height\" content=\"1200\" \/>\n\t<meta property=\"og:image:type\" content=\"image\/jpeg\" \/>\n<meta name=\"author\" content=\"Vinicio Jarqu\u00edn\" \/>\n<meta name=\"twitter:card\" content=\"summary_large_image\" \/>\n<meta name=\"twitter:label1\" content=\"Escrito por\" \/>\n\t<meta name=\"twitter:data1\" content=\"Vinicio Jarqu\u00edn\" \/>\n\t<meta name=\"twitter:label2\" content=\"Tiempo de lectura\" \/>\n\t<meta name=\"twitter:data2\" content=\"3 minutos\" \/>\n<script type=\"application\/ld+json\" class=\"yoast-schema-graph\">{\"@context\":\"https:\/\/schema.org\",\"@graph\":[{\"@type\":\"Article\",\"@id\":\"https:\/\/viniciojarquin.com\/blog\/capitulo-ii-el-doctor\/#article\",\"isPartOf\":{\"@id\":\"https:\/\/viniciojarquin.com\/blog\/capitulo-ii-el-doctor\/\"},\"author\":{\"name\":\"Vinicio Jarqu\u00edn\",\"@id\":\"https:\/\/viniciojarquin.com\/blog\/#\/schema\/person\/90100c8845ae55462ec0657d3d2f8d3b\"},\"headline\":\"Procedimientos est\u00e9ticos &#8211; Cap\u00edtulo II\",\"datePublished\":\"2026-03-27T14:53:15+00:00\",\"dateModified\":\"2026-03-28T00:45:48+00:00\",\"mainEntityOfPage\":{\"@id\":\"https:\/\/viniciojarquin.com\/blog\/capitulo-ii-el-doctor\/\"},\"wordCount\":474,\"commentCount\":0,\"publisher\":{\"@id\":\"https:\/\/viniciojarquin.com\/blog\/#\/schema\/person\/90100c8845ae55462ec0657d3d2f8d3b\"},\"image\":{\"@id\":\"https:\/\/viniciojarquin.com\/blog\/capitulo-ii-el-doctor\/#primaryimage\"},\"thumbnailUrl\":\"https:\/\/viniciojarquin.com\/blog\/wp-content\/uploads\/2026\/03\/En-las-manos-de-Esteban-2-REDUC.jpg\",\"articleSection\":[\"Procedimientos m\u00e9dicos\"],\"inLanguage\":\"es\",\"potentialAction\":[{\"@type\":\"CommentAction\",\"name\":\"Comment\",\"target\":[\"https:\/\/viniciojarquin.com\/blog\/capitulo-ii-el-doctor\/#respond\"]}]},{\"@type\":\"WebPage\",\"@id\":\"https:\/\/viniciojarquin.com\/blog\/capitulo-ii-el-doctor\/\",\"url\":\"https:\/\/viniciojarquin.com\/blog\/capitulo-ii-el-doctor\/\",\"name\":\"Procedimientos est\u00e9ticos - Cap\u00edtulo II - MI BLOG\",\"isPartOf\":{\"@id\":\"https:\/\/viniciojarquin.com\/blog\/#website\"},\"primaryImageOfPage\":{\"@id\":\"https:\/\/viniciojarquin.com\/blog\/capitulo-ii-el-doctor\/#primaryimage\"},\"image\":{\"@id\":\"https:\/\/viniciojarquin.com\/blog\/capitulo-ii-el-doctor\/#primaryimage\"},\"thumbnailUrl\":\"https:\/\/viniciojarquin.com\/blog\/wp-content\/uploads\/2026\/03\/En-las-manos-de-Esteban-2-REDUC.jpg\",\"datePublished\":\"2026-03-27T14:53:15+00:00\",\"dateModified\":\"2026-03-28T00:45:48+00:00\",\"breadcrumb\":{\"@id\":\"https:\/\/viniciojarquin.com\/blog\/capitulo-ii-el-doctor\/#breadcrumb\"},\"inLanguage\":\"es\",\"potentialAction\":[{\"@type\":\"ReadAction\",\"target\":[\"https:\/\/viniciojarquin.com\/blog\/capitulo-ii-el-doctor\/\"]}]},{\"@type\":\"ImageObject\",\"inLanguage\":\"es\",\"@id\":\"https:\/\/viniciojarquin.com\/blog\/capitulo-ii-el-doctor\/#primaryimage\",\"url\":\"https:\/\/viniciojarquin.com\/blog\/wp-content\/uploads\/2026\/03\/En-las-manos-de-Esteban-2-REDUC.jpg\",\"contentUrl\":\"https:\/\/viniciojarquin.com\/blog\/wp-content\/uploads\/2026\/03\/En-las-manos-de-Esteban-2-REDUC.jpg\",\"width\":800,\"height\":1200},{\"@type\":\"BreadcrumbList\",\"@id\":\"https:\/\/viniciojarquin.com\/blog\/capitulo-ii-el-doctor\/#breadcrumb\",\"itemListElement\":[{\"@type\":\"ListItem\",\"position\":1,\"name\":\"Portada\",\"item\":\"https:\/\/viniciojarquin.com\/blog\/\"},{\"@type\":\"ListItem\",\"position\":2,\"name\":\"Procedimientos est\u00e9ticos &#8211; Cap\u00edtulo II\"}]},{\"@type\":\"WebSite\",\"@id\":\"https:\/\/viniciojarquin.com\/blog\/#website\",\"url\":\"https:\/\/viniciojarquin.com\/blog\/\",\"name\":\"Vinicio Jarqu\u00edn BLOG\",\"description\":\"\",\"publisher\":{\"@id\":\"https:\/\/viniciojarquin.com\/blog\/#\/schema\/person\/90100c8845ae55462ec0657d3d2f8d3b\"},\"potentialAction\":[{\"@type\":\"SearchAction\",\"target\":{\"@type\":\"EntryPoint\",\"urlTemplate\":\"https:\/\/viniciojarquin.com\/blog\/?s={search_term_string}\"},\"query-input\":{\"@type\":\"PropertyValueSpecification\",\"valueRequired\":true,\"valueName\":\"search_term_string\"}}],\"inLanguage\":\"es\"},{\"@type\":[\"Person\",\"Organization\"],\"@id\":\"https:\/\/viniciojarquin.com\/blog\/#\/schema\/person\/90100c8845ae55462ec0657d3d2f8d3b\",\"name\":\"Vinicio Jarqu\u00edn\",\"image\":{\"@type\":\"ImageObject\",\"inLanguage\":\"es\",\"@id\":\"https:\/\/viniciojarquin.com\/blog\/#\/schema\/person\/image\/\",\"url\":\"https:\/\/viniciojarquin.com\/blog\/wp-content\/uploads\/2024\/10\/Logo-VinicioJarquin-original-400.png\",\"contentUrl\":\"https:\/\/viniciojarquin.com\/blog\/wp-content\/uploads\/2024\/10\/Logo-VinicioJarquin-original-400.png\",\"width\":400,\"height\":130,\"caption\":\"Vinicio Jarqu\u00edn\"},\"logo\":{\"@id\":\"https:\/\/viniciojarquin.com\/blog\/#\/schema\/person\/image\/\"},\"description\":\"Empresario textil, artista pl\u00e1stico, escritor, coach de vida y fot\u00f3grafo.\",\"sameAs\":[\"https:\/\/viniciojarquin.com\/blog\",\"https:\/\/www.facebook.com\/vinicio.jarquin\",\"https:\/\/www.instagram.com\/vinicio_jarquin\/\",\"https:\/\/www.pinterest.com\/vinnyjc\/\",\"https:\/\/www.youtube.com\/@VinicioJarquin\"],\"url\":\"https:\/\/viniciojarquin.com\/blog\/author\/admin_s02au25i\/\"}]}<\/script>\n<!-- \/ Yoast SEO plugin. -->","yoast_head_json":{"title":"Procedimientos est\u00e9ticos - Cap\u00edtulo II - MI BLOG","robots":{"index":"index","follow":"follow","max-snippet":"max-snippet:-1","max-image-preview":"max-image-preview:large","max-video-preview":"max-video-preview:-1"},"canonical":"https:\/\/viniciojarquin.com\/blog\/capitulo-ii-el-doctor\/","og_locale":"es_ES","og_type":"article","og_title":"Procedimientos est\u00e9ticos - Cap\u00edtulo II - MI BLOG","og_description":"El doctor Cl\u00ednica M\u00e9dica Rohrmoser. Dr. Esteban Herrera Carro. Hay algo curioso en la vida\u2026 c\u00f3mo algunas personas aparecen, se [&hellip;]","og_url":"https:\/\/viniciojarquin.com\/blog\/capitulo-ii-el-doctor\/","og_site_name":"MI BLOG","article_publisher":"https:\/\/www.facebook.com\/vinicio.jarquin","article_author":"https:\/\/www.facebook.com\/vinicio.jarquin","article_published_time":"2026-03-27T14:53:15+00:00","article_modified_time":"2026-03-28T00:45:48+00:00","og_image":[{"width":800,"height":1200,"url":"https:\/\/viniciojarquin.com\/blog\/wp-content\/uploads\/2026\/03\/En-las-manos-de-Esteban-2-REDUC.jpg","type":"image\/jpeg"}],"author":"Vinicio Jarqu\u00edn","twitter_card":"summary_large_image","twitter_misc":{"Escrito por":"Vinicio Jarqu\u00edn","Tiempo de lectura":"3 minutos"},"schema":{"@context":"https:\/\/schema.org","@graph":[{"@type":"Article","@id":"https:\/\/viniciojarquin.com\/blog\/capitulo-ii-el-doctor\/#article","isPartOf":{"@id":"https:\/\/viniciojarquin.com\/blog\/capitulo-ii-el-doctor\/"},"author":{"name":"Vinicio Jarqu\u00edn","@id":"https:\/\/viniciojarquin.com\/blog\/#\/schema\/person\/90100c8845ae55462ec0657d3d2f8d3b"},"headline":"Procedimientos est\u00e9ticos &#8211; Cap\u00edtulo II","datePublished":"2026-03-27T14:53:15+00:00","dateModified":"2026-03-28T00:45:48+00:00","mainEntityOfPage":{"@id":"https:\/\/viniciojarquin.com\/blog\/capitulo-ii-el-doctor\/"},"wordCount":474,"commentCount":0,"publisher":{"@id":"https:\/\/viniciojarquin.com\/blog\/#\/schema\/person\/90100c8845ae55462ec0657d3d2f8d3b"},"image":{"@id":"https:\/\/viniciojarquin.com\/blog\/capitulo-ii-el-doctor\/#primaryimage"},"thumbnailUrl":"https:\/\/viniciojarquin.com\/blog\/wp-content\/uploads\/2026\/03\/En-las-manos-de-Esteban-2-REDUC.jpg","articleSection":["Procedimientos m\u00e9dicos"],"inLanguage":"es","potentialAction":[{"@type":"CommentAction","name":"Comment","target":["https:\/\/viniciojarquin.com\/blog\/capitulo-ii-el-doctor\/#respond"]}]},{"@type":"WebPage","@id":"https:\/\/viniciojarquin.com\/blog\/capitulo-ii-el-doctor\/","url":"https:\/\/viniciojarquin.com\/blog\/capitulo-ii-el-doctor\/","name":"Procedimientos est\u00e9ticos - Cap\u00edtulo II - MI BLOG","isPartOf":{"@id":"https:\/\/viniciojarquin.com\/blog\/#website"},"primaryImageOfPage":{"@id":"https:\/\/viniciojarquin.com\/blog\/capitulo-ii-el-doctor\/#primaryimage"},"image":{"@id":"https:\/\/viniciojarquin.com\/blog\/capitulo-ii-el-doctor\/#primaryimage"},"thumbnailUrl":"https:\/\/viniciojarquin.com\/blog\/wp-content\/uploads\/2026\/03\/En-las-manos-de-Esteban-2-REDUC.jpg","datePublished":"2026-03-27T14:53:15+00:00","dateModified":"2026-03-28T00:45:48+00:00","breadcrumb":{"@id":"https:\/\/viniciojarquin.com\/blog\/capitulo-ii-el-doctor\/#breadcrumb"},"inLanguage":"es","potentialAction":[{"@type":"ReadAction","target":["https:\/\/viniciojarquin.com\/blog\/capitulo-ii-el-doctor\/"]}]},{"@type":"ImageObject","inLanguage":"es","@id":"https:\/\/viniciojarquin.com\/blog\/capitulo-ii-el-doctor\/#primaryimage","url":"https:\/\/viniciojarquin.com\/blog\/wp-content\/uploads\/2026\/03\/En-las-manos-de-Esteban-2-REDUC.jpg","contentUrl":"https:\/\/viniciojarquin.com\/blog\/wp-content\/uploads\/2026\/03\/En-las-manos-de-Esteban-2-REDUC.jpg","width":800,"height":1200},{"@type":"BreadcrumbList","@id":"https:\/\/viniciojarquin.com\/blog\/capitulo-ii-el-doctor\/#breadcrumb","itemListElement":[{"@type":"ListItem","position":1,"name":"Portada","item":"https:\/\/viniciojarquin.com\/blog\/"},{"@type":"ListItem","position":2,"name":"Procedimientos est\u00e9ticos &#8211; Cap\u00edtulo II"}]},{"@type":"WebSite","@id":"https:\/\/viniciojarquin.com\/blog\/#website","url":"https:\/\/viniciojarquin.com\/blog\/","name":"Vinicio Jarqu\u00edn BLOG","description":"","publisher":{"@id":"https:\/\/viniciojarquin.com\/blog\/#\/schema\/person\/90100c8845ae55462ec0657d3d2f8d3b"},"potentialAction":[{"@type":"SearchAction","target":{"@type":"EntryPoint","urlTemplate":"https:\/\/viniciojarquin.com\/blog\/?s={search_term_string}"},"query-input":{"@type":"PropertyValueSpecification","valueRequired":true,"valueName":"search_term_string"}}],"inLanguage":"es"},{"@type":["Person","Organization"],"@id":"https:\/\/viniciojarquin.com\/blog\/#\/schema\/person\/90100c8845ae55462ec0657d3d2f8d3b","name":"Vinicio Jarqu\u00edn","image":{"@type":"ImageObject","inLanguage":"es","@id":"https:\/\/viniciojarquin.com\/blog\/#\/schema\/person\/image\/","url":"https:\/\/viniciojarquin.com\/blog\/wp-content\/uploads\/2024\/10\/Logo-VinicioJarquin-original-400.png","contentUrl":"https:\/\/viniciojarquin.com\/blog\/wp-content\/uploads\/2024\/10\/Logo-VinicioJarquin-original-400.png","width":400,"height":130,"caption":"Vinicio Jarqu\u00edn"},"logo":{"@id":"https:\/\/viniciojarquin.com\/blog\/#\/schema\/person\/image\/"},"description":"Empresario textil, artista pl\u00e1stico, escritor, coach de vida y fot\u00f3grafo.","sameAs":["https:\/\/viniciojarquin.com\/blog","https:\/\/www.facebook.com\/vinicio.jarquin","https:\/\/www.instagram.com\/vinicio_jarquin\/","https:\/\/www.pinterest.com\/vinnyjc\/","https:\/\/www.youtube.com\/@VinicioJarquin"],"url":"https:\/\/viniciojarquin.com\/blog\/author\/admin_s02au25i\/"}]}},"blog_post_layout_featured_media_urls":{"thumbnail":["https:\/\/viniciojarquin.com\/blog\/wp-content\/uploads\/2026\/03\/En-las-manos-de-Esteban-2-REDUC-150x150.jpg",150,150,true],"full":["https:\/\/viniciojarquin.com\/blog\/wp-content\/uploads\/2026\/03\/En-las-manos-de-Esteban-2-REDUC.jpg",800,1200,false]},"categories_names":{"40":{"name":"Procedimientos m\u00e9dicos","link":"https:\/\/viniciojarquin.com\/blog\/category\/clinica-medica-rohrmoser\/"}},"tags_names":[],"comments_number":"0","_links":{"self":[{"href":"https:\/\/viniciojarquin.com\/blog\/wp-json\/wp\/v2\/posts\/3190","targetHints":{"allow":["GET"]}}],"collection":[{"href":"https:\/\/viniciojarquin.com\/blog\/wp-json\/wp\/v2\/posts"}],"about":[{"href":"https:\/\/viniciojarquin.com\/blog\/wp-json\/wp\/v2\/types\/post"}],"author":[{"embeddable":true,"href":"https:\/\/viniciojarquin.com\/blog\/wp-json\/wp\/v2\/users\/1"}],"replies":[{"embeddable":true,"href":"https:\/\/viniciojarquin.com\/blog\/wp-json\/wp\/v2\/comments?post=3190"}],"version-history":[{"count":5,"href":"https:\/\/viniciojarquin.com\/blog\/wp-json\/wp\/v2\/posts\/3190\/revisions"}],"predecessor-version":[{"id":3206,"href":"https:\/\/viniciojarquin.com\/blog\/wp-json\/wp\/v2\/posts\/3190\/revisions\/3206"}],"wp:featuredmedia":[{"embeddable":true,"href":"https:\/\/viniciojarquin.com\/blog\/wp-json\/wp\/v2\/media\/3199"}],"wp:attachment":[{"href":"https:\/\/viniciojarquin.com\/blog\/wp-json\/wp\/v2\/media?parent=3190"}],"wp:term":[{"taxonomy":"category","embeddable":true,"href":"https:\/\/viniciojarquin.com\/blog\/wp-json\/wp\/v2\/categories?post=3190"},{"taxonomy":"post_tag","embeddable":true,"href":"https:\/\/viniciojarquin.com\/blog\/wp-json\/wp\/v2\/tags?post=3190"}],"curies":[{"name":"wp","href":"https:\/\/api.w.org\/{rel}","templated":true}]}}