{"id":3213,"date":"2026-03-28T03:12:00","date_gmt":"2026-03-28T03:12:00","guid":{"rendered":"https:\/\/viniciojarquin.com\/blog\/?p=3213"},"modified":"2026-03-28T03:12:01","modified_gmt":"2026-03-28T03:12:01","slug":"cuando-las-piezas-empiezan-a-encajar","status":"publish","type":"post","link":"https:\/\/viniciojarquin.com\/blog\/cuando-las-piezas-empiezan-a-encajar\/","title":{"rendered":"Cuando las piezas empiezan a encajar"},"content":{"rendered":"\n<p><strong>Por Vinicio Jarqu\u00edn<\/strong><\/p>\n\n\n\n<p>Los derechos humanos no son un juego. No son una historia que uno escucha, comenta y luego deja pasar. No son un tema de conversaci\u00f3n que se agota en un caf\u00e9 o en una discusi\u00f3n en redes sociales. Son una l\u00ednea viva, delicada, que se sostiene todos los d\u00edas, y que se rompe, no de golpe, sino poco a poco, casi sin que nos demos cuenta.<\/p>\n\n\n\n<p>Porque las p\u00e9rdidas de derechos humanos no siempre llegan con ruido. A veces llegan en silencio, disfrazadas de decisiones aisladas, de situaciones \u201cpuntuales\u201d, de casos que parecen no tener relaci\u00f3n entre s\u00ed. Y ah\u00ed es donde ocurre algo que, a mi forma de verlo, es profundamente preocupante: analizamos cada hecho por separado, lo comentamos un par de d\u00edas\u2026 y seguimos adelante.<\/p>\n\n\n\n<p>La vida contin\u00faa. La conversaci\u00f3n cambia. Y lo que ayer parec\u00eda importante, hoy ya no lo es tanto.<\/p>\n\n\n\n<p>Pero si uno hace un ejercicio distinto, si en lugar de ver los hechos como eventos aislados decide detenerse y empezar a unirlos, a colocarlos uno al lado del otro, como piezas de un rompecabezas, la imagen que aparece deja de ser casual. Empieza a sentirse\u2026 estructurada. M\u00e1s grande. M\u00e1s consistente de lo que quisi\u00e9ramos aceptar.<\/p>\n\n\n\n<p>Y entonces surge una pregunta inc\u00f3moda.<\/p>\n\n\n\n<p>\u00bfY si no son hechos aislados?<\/p>\n\n\n\n<p>Hace algunos meses, en plena campa\u00f1a electoral, ocurri\u00f3 algo que llam\u00f3 la atenci\u00f3n por unos d\u00edas\u2026 y luego se diluy\u00f3. El tema de los migrantes. Ni\u00f1os cuya nacionalidad no coincid\u00eda con lo que se dec\u00eda, personas que no encajaban con las descripciones oficiales, acentos que no correspond\u00edan, historias que no terminaban de cerrar. Hab\u00eda algo extra\u00f1o, algo que no calzaba del todo, pero el contexto electoral hizo lo suyo.<\/p>\n\n\n\n<p>La atenci\u00f3n estaba en otro lado.<\/p>\n\n\n\n<p>Y como suele pasar, el tema se solt\u00f3.<\/p>\n\n\n\n<p>Pero m\u00e1s all\u00e1 de si ese hecho nos afectaba directamente o no \u2014porque muchos podr\u00edan decir \u201ceso no tiene que ver conmigo, yo no soy migrante\u201d\u2014 segu\u00eda siendo un tema de derechos humanos. Y eso, por s\u00ed solo, deber\u00eda haber sido suficiente para sostener la conversaci\u00f3n.<\/p>\n\n\n\n<p>No lo fue.<\/p>\n\n\n\n<p>Poco tiempo despu\u00e9s, comenzaron a circular relatos sobre lo que estaba ocurriendo en El Salvador. Detenciones masivas, personas privadas de libertad sin procesos judiciales claros. \u00bfEs cierto todo? \u00bfNo lo es? Yo no vivo all\u00e1, no tengo la certeza absoluta. Pero nuevamente, estamos frente a un tema de derechos humanos. Otro m\u00e1s.<\/p>\n\n\n\n<p>Y se trat\u00f3 como otro tema aislado.<\/p>\n\n\n\n<p>Despu\u00e9s, aparece algo todav\u00eda m\u00e1s cercano. Voces desde el oficialismo hablando de las garant\u00edas individuales. Sugiriendo que podr\u00edan no ser necesarias en ciertos contextos, que podr\u00edan suspenderse, modificarse, adaptarse seg\u00fan la circunstancia. Y nuevamente, el pa\u00eds reacciona\u2026 pero reacciona a ese punto espec\u00edfico.<\/p>\n\n\n\n<p>Como si no existiera nada antes.<\/p>\n\n\n\n<p>Como si no hubiera contexto.<\/p>\n\n\n\n<p>Como si cada conversaci\u00f3n naciera en cero.<\/p>\n\n\n\n<p>Luego viene el tema de los allanamientos sin orden judicial. Se discute, se debate, se polariza la opini\u00f3n p\u00fablica. Pero en esa discusi\u00f3n ya no est\u00e1n presentes los migrantes, ni El Salvador, ni las garant\u00edas individuales. Cada tema se consume en su propio momento\u2026 y se archiva.<\/p>\n\n\n\n<p>Y entonces aparece otro hecho.<\/p>\n\n\n\n<p>Una lancha en aguas territoriales costarricenses que, aparentemente, es hundida como parte de acciones contra el narcotr\u00e1fico. Sin un proceso judicial previo, sin claridad sobre los procedimientos, sin una operaci\u00f3n conjunta formalmente establecida. Se habla del hecho. Se opina. Se discute.<\/p>\n\n\n\n<p>Y otra vez\u2026 se olvida todo lo anterior.<\/p>\n\n\n\n<p>Como si no hubiera continuidad.<\/p>\n\n\n\n<p>Como si no hubiera una l\u00ednea que conecta.<\/p>\n\n\n\n<p>Y ahora, una nueva posibilidad: que el gobierno de los Estados Unidos env\u00ede migrantes a Costa Rica. Otro tema que, por s\u00ed solo, generar\u00e1 conversaci\u00f3n, posiciones, argumentos. Otro tema que corre el riesgo de ser analizado de forma aislada.<\/p>\n\n\n\n<p>Otro punto m\u00e1s.<\/p>\n\n\n\n<p>Otra pieza m\u00e1s.<\/p>\n\n\n\n<p>Lo verdaderamente inquietante no es cada uno de estos hechos por separado. Es la forma en que los estamos procesando como sociedad. Es esa especie de amnesia selectiva que nos permite indignarnos por turnos, pero no construir una visi\u00f3n completa de lo que est\u00e1 ocurriendo.<\/p>\n\n\n\n<p>Porque cuando uno une los puntos, cuando deja de verlos como eventos independientes y empieza a mirarlos como parte de una secuencia, la pregunta ya no es si cada caso es correcto o incorrecto.<\/p>\n\n\n\n<p>La pregunta es otra.<\/p>\n\n\n\n<p>\u00bfHacia d\u00f3nde nos est\u00e1 llevando todo esto?<\/p>\n\n\n\n<p>No podemos, y no debemos, seguir viendo todos estos hechos como eventos aislados. No son puntos sueltos. No son coincidencias. No son situaciones independientes que aparecen y desaparecen sin relaci\u00f3n entre s\u00ed. Todo esto forma parte de una cadena.<\/p>\n\n\n\n<p>Y la pregunta ya no es si cada uno de esos hechos, por separado, tiene justificaci\u00f3n o no.<\/p>\n\n\n\n<p>La pregunta es otra.<\/p>\n\n\n\n<p>\u00bfCu\u00e1ntos llevamos?<\/p>\n\n\n\n<p>Cinco. Seis. Siete. Ocho.<\/p>\n\n\n\n<p>Ocho momentos distintos, ocho conversaciones distintas, ocho discusiones que nacieron, se encendieron\u2026 y se apagaron.<\/p>\n\n\n\n<p>Ocho oportunidades en las que pudimos haber hecho algo m\u00e1s que reaccionar.<\/p>\n\n\n\n<p>Ocho momentos en los que pudimos haber conectado los puntos.<\/p>\n\n\n\n<p>\u00bfY cu\u00e1ntos m\u00e1s faltan?<\/p>\n\n\n\n<p>Porque ese es el verdadero fondo del asunto. No lo que ya pas\u00f3, sino lo que podr\u00eda venir despu\u00e9s si seguimos procesando la realidad de esta forma fragmentada, superficial, por turnos.<\/p>\n\n\n\n<p>Hay algo que empieza a inquietar cuando uno deja de ver cada caso por separado y se obliga a observar el conjunto. Porque entonces ya no parece improvisado. Ya no parece casual. Empieza a sentirse\u2026 consistente.<\/p>\n\n\n\n<p>Casi met\u00f3dico.<\/p>\n\n\n\n<p>Casi dise\u00f1ado.<\/p>\n\n\n\n<p>Y en ese momento aparece una posibilidad que incomoda, que cuesta aceptar, que incluso muchos preferir\u00e1n rechazar de inmediato.<\/p>\n\n\n\n<p>\u00bfY si no estamos frente a errores aislados?<\/p>\n\n\n\n<p>\u00bfY si estamos frente a un patr\u00f3n?<\/p>\n\n\n\n<p>Un patr\u00f3n que no necesita imponerse de golpe, porque avanza poco a poco. Que no necesita confrontar directamente, porque se apoya en el olvido. Que no necesita convencer a todos, porque le basta con que la mayor\u00eda no conecte las piezas.<\/p>\n\n\n\n<p>Y ah\u00ed es donde esto deja de ser un tema pol\u00edtico.<\/p>\n\n\n\n<p>Se vuelve un tema de conciencia.<\/p>\n\n\n\n<p>Porque el mayor riesgo no es lo que est\u00e1 pasando.<\/p>\n\n\n\n<p>El mayor riesgo es que no lo estemos viendo completo.<\/p>\n","protected":false},"excerpt":{"rendered":"<p>Por Vinicio Jarqu\u00edn Los derechos humanos no son un juego. No son una historia que uno escucha, comenta y luego [&hellip;]<\/p>\n","protected":false},"author":1,"featured_media":0,"comment_status":"open","ping_status":"open","sticky":false,"template":"","format":"standard","meta":{"site-sidebar-layout":"default","site-content-layout":"","ast-site-content-layout":"","site-content-style":"default","site-sidebar-style":"default","ast-global-header-display":"","ast-banner-title-visibility":"","ast-main-header-display":"","ast-hfb-above-header-display":"","ast-hfb-below-header-display":"","ast-hfb-mobile-header-display":"","site-post-title":"","ast-breadcrumbs-content":"","ast-featured-img":"","footer-sml-layout":"","theme-transparent-header-meta":"","adv-header-id-meta":"","stick-header-meta":"","header-above-stick-meta":"","header-main-stick-meta":"","header-below-stick-meta":"","astra-migrate-meta-layouts":"default","ast-page-background-enabled":"default","ast-page-background-meta":{"desktop":{"background-color":"var(--ast-global-color-5)","background-image":"","background-repeat":"repeat","background-position":"center center","background-size":"auto","background-attachment":"scroll","background-type":"","background-media":"","overlay-type":"","overlay-color":"","overlay-opacity":"","overlay-gradient":""},"tablet":{"background-color":"","background-image":"","background-repeat":"repeat","background-position":"center center","background-size":"auto","background-attachment":"scroll","background-type":"","background-media":"","overlay-type":"","overlay-color":"","overlay-opacity":"","overlay-gradient":""},"mobile":{"background-color":"","background-image":"","background-repeat":"repeat","background-position":"center center","background-size":"auto","background-attachment":"scroll","background-type":"","background-media":"","overlay-type":"","overlay-color":"","overlay-opacity":"","overlay-gradient":""}},"ast-content-background-meta":{"desktop":{"background-color":"var(--ast-global-color-4)","background-image":"","background-repeat":"repeat","background-position":"center center","background-size":"auto","background-attachment":"scroll","background-type":"","background-media":"","overlay-type":"","overlay-color":"","overlay-opacity":"","overlay-gradient":""},"tablet":{"background-color":"var(--ast-global-color-4)","background-image":"","background-repeat":"repeat","background-position":"center center","background-size":"auto","background-attachment":"scroll","background-type":"","background-media":"","overlay-type":"","overlay-color":"","overlay-opacity":"","overlay-gradient":""},"mobile":{"background-color":"var(--ast-global-color-4)","background-image":"","background-repeat":"repeat","background-position":"center center","background-size":"auto","background-attachment":"scroll","background-type":"","background-media":"","overlay-type":"","overlay-color":"","overlay-opacity":"","overlay-gradient":""}},"footnotes":""},"categories":[1],"tags":[],"class_list":["post-3213","post","type-post","status-publish","format-standard","hentry","category-uncategorized"],"yoast_head":"<!-- This site is optimized with the Yoast SEO plugin v26.0 - https:\/\/yoast.com\/wordpress\/plugins\/seo\/ -->\n<title>Cuando las piezas empiezan a encajar - MI BLOG<\/title>\n<meta name=\"robots\" content=\"index, follow, max-snippet:-1, max-image-preview:large, max-video-preview:-1\" \/>\n<link rel=\"canonical\" href=\"https:\/\/viniciojarquin.com\/blog\/cuando-las-piezas-empiezan-a-encajar\/\" \/>\n<meta property=\"og:locale\" content=\"es_ES\" \/>\n<meta property=\"og:type\" content=\"article\" \/>\n<meta property=\"og:title\" content=\"Cuando las piezas empiezan a encajar - MI BLOG\" \/>\n<meta property=\"og:description\" content=\"Por Vinicio Jarqu\u00edn Los derechos humanos no son un juego. No son una historia que uno escucha, comenta y luego [&hellip;]\" \/>\n<meta property=\"og:url\" content=\"https:\/\/viniciojarquin.com\/blog\/cuando-las-piezas-empiezan-a-encajar\/\" \/>\n<meta property=\"og:site_name\" content=\"MI BLOG\" \/>\n<meta property=\"article:publisher\" content=\"https:\/\/www.facebook.com\/vinicio.jarquin\" \/>\n<meta property=\"article:author\" content=\"https:\/\/www.facebook.com\/vinicio.jarquin\" \/>\n<meta property=\"article:published_time\" content=\"2026-03-28T03:12:00+00:00\" \/>\n<meta property=\"article:modified_time\" content=\"2026-03-28T03:12:01+00:00\" \/>\n<meta name=\"author\" content=\"Vinicio Jarqu\u00edn\" \/>\n<meta name=\"twitter:card\" content=\"summary_large_image\" \/>\n<meta name=\"twitter:label1\" content=\"Escrito por\" \/>\n\t<meta name=\"twitter:data1\" content=\"Vinicio Jarqu\u00edn\" \/>\n\t<meta name=\"twitter:label2\" content=\"Tiempo de lectura\" \/>\n\t<meta name=\"twitter:data2\" content=\"5 minutos\" \/>\n<script type=\"application\/ld+json\" class=\"yoast-schema-graph\">{\"@context\":\"https:\/\/schema.org\",\"@graph\":[{\"@type\":\"Article\",\"@id\":\"https:\/\/viniciojarquin.com\/blog\/cuando-las-piezas-empiezan-a-encajar\/#article\",\"isPartOf\":{\"@id\":\"https:\/\/viniciojarquin.com\/blog\/cuando-las-piezas-empiezan-a-encajar\/\"},\"author\":{\"name\":\"Vinicio Jarqu\u00edn\",\"@id\":\"https:\/\/viniciojarquin.com\/blog\/#\/schema\/person\/90100c8845ae55462ec0657d3d2f8d3b\"},\"headline\":\"Cuando las piezas empiezan a encajar\",\"datePublished\":\"2026-03-28T03:12:00+00:00\",\"dateModified\":\"2026-03-28T03:12:01+00:00\",\"mainEntityOfPage\":{\"@id\":\"https:\/\/viniciojarquin.com\/blog\/cuando-las-piezas-empiezan-a-encajar\/\"},\"wordCount\":1085,\"commentCount\":0,\"publisher\":{\"@id\":\"https:\/\/viniciojarquin.com\/blog\/#\/schema\/person\/90100c8845ae55462ec0657d3d2f8d3b\"},\"articleSection\":[\"Uncategorized\"],\"inLanguage\":\"es\",\"potentialAction\":[{\"@type\":\"CommentAction\",\"name\":\"Comment\",\"target\":[\"https:\/\/viniciojarquin.com\/blog\/cuando-las-piezas-empiezan-a-encajar\/#respond\"]}]},{\"@type\":\"WebPage\",\"@id\":\"https:\/\/viniciojarquin.com\/blog\/cuando-las-piezas-empiezan-a-encajar\/\",\"url\":\"https:\/\/viniciojarquin.com\/blog\/cuando-las-piezas-empiezan-a-encajar\/\",\"name\":\"Cuando las piezas empiezan a encajar - MI BLOG\",\"isPartOf\":{\"@id\":\"https:\/\/viniciojarquin.com\/blog\/#website\"},\"datePublished\":\"2026-03-28T03:12:00+00:00\",\"dateModified\":\"2026-03-28T03:12:01+00:00\",\"breadcrumb\":{\"@id\":\"https:\/\/viniciojarquin.com\/blog\/cuando-las-piezas-empiezan-a-encajar\/#breadcrumb\"},\"inLanguage\":\"es\",\"potentialAction\":[{\"@type\":\"ReadAction\",\"target\":[\"https:\/\/viniciojarquin.com\/blog\/cuando-las-piezas-empiezan-a-encajar\/\"]}]},{\"@type\":\"BreadcrumbList\",\"@id\":\"https:\/\/viniciojarquin.com\/blog\/cuando-las-piezas-empiezan-a-encajar\/#breadcrumb\",\"itemListElement\":[{\"@type\":\"ListItem\",\"position\":1,\"name\":\"Portada\",\"item\":\"https:\/\/viniciojarquin.com\/blog\/\"},{\"@type\":\"ListItem\",\"position\":2,\"name\":\"Cuando las piezas empiezan a encajar\"}]},{\"@type\":\"WebSite\",\"@id\":\"https:\/\/viniciojarquin.com\/blog\/#website\",\"url\":\"https:\/\/viniciojarquin.com\/blog\/\",\"name\":\"Vinicio Jarqu\u00edn BLOG\",\"description\":\"\",\"publisher\":{\"@id\":\"https:\/\/viniciojarquin.com\/blog\/#\/schema\/person\/90100c8845ae55462ec0657d3d2f8d3b\"},\"potentialAction\":[{\"@type\":\"SearchAction\",\"target\":{\"@type\":\"EntryPoint\",\"urlTemplate\":\"https:\/\/viniciojarquin.com\/blog\/?s={search_term_string}\"},\"query-input\":{\"@type\":\"PropertyValueSpecification\",\"valueRequired\":true,\"valueName\":\"search_term_string\"}}],\"inLanguage\":\"es\"},{\"@type\":[\"Person\",\"Organization\"],\"@id\":\"https:\/\/viniciojarquin.com\/blog\/#\/schema\/person\/90100c8845ae55462ec0657d3d2f8d3b\",\"name\":\"Vinicio Jarqu\u00edn\",\"image\":{\"@type\":\"ImageObject\",\"inLanguage\":\"es\",\"@id\":\"https:\/\/viniciojarquin.com\/blog\/#\/schema\/person\/image\/\",\"url\":\"https:\/\/viniciojarquin.com\/blog\/wp-content\/uploads\/2024\/10\/Logo-VinicioJarquin-original-400.png\",\"contentUrl\":\"https:\/\/viniciojarquin.com\/blog\/wp-content\/uploads\/2024\/10\/Logo-VinicioJarquin-original-400.png\",\"width\":400,\"height\":130,\"caption\":\"Vinicio Jarqu\u00edn\"},\"logo\":{\"@id\":\"https:\/\/viniciojarquin.com\/blog\/#\/schema\/person\/image\/\"},\"description\":\"Empresario textil, artista pl\u00e1stico, escritor, coach de vida y fot\u00f3grafo.\",\"sameAs\":[\"https:\/\/viniciojarquin.com\/blog\",\"https:\/\/www.facebook.com\/vinicio.jarquin\",\"https:\/\/www.instagram.com\/vinicio_jarquin\/\",\"https:\/\/www.pinterest.com\/vinnyjc\/\",\"https:\/\/www.youtube.com\/@VinicioJarquin\"],\"url\":\"https:\/\/viniciojarquin.com\/blog\/author\/admin_s02au25i\/\"}]}<\/script>\n<!-- \/ Yoast SEO plugin. -->","yoast_head_json":{"title":"Cuando las piezas empiezan a encajar - MI BLOG","robots":{"index":"index","follow":"follow","max-snippet":"max-snippet:-1","max-image-preview":"max-image-preview:large","max-video-preview":"max-video-preview:-1"},"canonical":"https:\/\/viniciojarquin.com\/blog\/cuando-las-piezas-empiezan-a-encajar\/","og_locale":"es_ES","og_type":"article","og_title":"Cuando las piezas empiezan a encajar - MI BLOG","og_description":"Por Vinicio Jarqu\u00edn Los derechos humanos no son un juego. No son una historia que uno escucha, comenta y luego [&hellip;]","og_url":"https:\/\/viniciojarquin.com\/blog\/cuando-las-piezas-empiezan-a-encajar\/","og_site_name":"MI BLOG","article_publisher":"https:\/\/www.facebook.com\/vinicio.jarquin","article_author":"https:\/\/www.facebook.com\/vinicio.jarquin","article_published_time":"2026-03-28T03:12:00+00:00","article_modified_time":"2026-03-28T03:12:01+00:00","author":"Vinicio Jarqu\u00edn","twitter_card":"summary_large_image","twitter_misc":{"Escrito por":"Vinicio Jarqu\u00edn","Tiempo de lectura":"5 minutos"},"schema":{"@context":"https:\/\/schema.org","@graph":[{"@type":"Article","@id":"https:\/\/viniciojarquin.com\/blog\/cuando-las-piezas-empiezan-a-encajar\/#article","isPartOf":{"@id":"https:\/\/viniciojarquin.com\/blog\/cuando-las-piezas-empiezan-a-encajar\/"},"author":{"name":"Vinicio Jarqu\u00edn","@id":"https:\/\/viniciojarquin.com\/blog\/#\/schema\/person\/90100c8845ae55462ec0657d3d2f8d3b"},"headline":"Cuando las piezas empiezan a encajar","datePublished":"2026-03-28T03:12:00+00:00","dateModified":"2026-03-28T03:12:01+00:00","mainEntityOfPage":{"@id":"https:\/\/viniciojarquin.com\/blog\/cuando-las-piezas-empiezan-a-encajar\/"},"wordCount":1085,"commentCount":0,"publisher":{"@id":"https:\/\/viniciojarquin.com\/blog\/#\/schema\/person\/90100c8845ae55462ec0657d3d2f8d3b"},"articleSection":["Uncategorized"],"inLanguage":"es","potentialAction":[{"@type":"CommentAction","name":"Comment","target":["https:\/\/viniciojarquin.com\/blog\/cuando-las-piezas-empiezan-a-encajar\/#respond"]}]},{"@type":"WebPage","@id":"https:\/\/viniciojarquin.com\/blog\/cuando-las-piezas-empiezan-a-encajar\/","url":"https:\/\/viniciojarquin.com\/blog\/cuando-las-piezas-empiezan-a-encajar\/","name":"Cuando las piezas empiezan a encajar - MI BLOG","isPartOf":{"@id":"https:\/\/viniciojarquin.com\/blog\/#website"},"datePublished":"2026-03-28T03:12:00+00:00","dateModified":"2026-03-28T03:12:01+00:00","breadcrumb":{"@id":"https:\/\/viniciojarquin.com\/blog\/cuando-las-piezas-empiezan-a-encajar\/#breadcrumb"},"inLanguage":"es","potentialAction":[{"@type":"ReadAction","target":["https:\/\/viniciojarquin.com\/blog\/cuando-las-piezas-empiezan-a-encajar\/"]}]},{"@type":"BreadcrumbList","@id":"https:\/\/viniciojarquin.com\/blog\/cuando-las-piezas-empiezan-a-encajar\/#breadcrumb","itemListElement":[{"@type":"ListItem","position":1,"name":"Portada","item":"https:\/\/viniciojarquin.com\/blog\/"},{"@type":"ListItem","position":2,"name":"Cuando las piezas empiezan a encajar"}]},{"@type":"WebSite","@id":"https:\/\/viniciojarquin.com\/blog\/#website","url":"https:\/\/viniciojarquin.com\/blog\/","name":"Vinicio Jarqu\u00edn BLOG","description":"","publisher":{"@id":"https:\/\/viniciojarquin.com\/blog\/#\/schema\/person\/90100c8845ae55462ec0657d3d2f8d3b"},"potentialAction":[{"@type":"SearchAction","target":{"@type":"EntryPoint","urlTemplate":"https:\/\/viniciojarquin.com\/blog\/?s={search_term_string}"},"query-input":{"@type":"PropertyValueSpecification","valueRequired":true,"valueName":"search_term_string"}}],"inLanguage":"es"},{"@type":["Person","Organization"],"@id":"https:\/\/viniciojarquin.com\/blog\/#\/schema\/person\/90100c8845ae55462ec0657d3d2f8d3b","name":"Vinicio Jarqu\u00edn","image":{"@type":"ImageObject","inLanguage":"es","@id":"https:\/\/viniciojarquin.com\/blog\/#\/schema\/person\/image\/","url":"https:\/\/viniciojarquin.com\/blog\/wp-content\/uploads\/2024\/10\/Logo-VinicioJarquin-original-400.png","contentUrl":"https:\/\/viniciojarquin.com\/blog\/wp-content\/uploads\/2024\/10\/Logo-VinicioJarquin-original-400.png","width":400,"height":130,"caption":"Vinicio Jarqu\u00edn"},"logo":{"@id":"https:\/\/viniciojarquin.com\/blog\/#\/schema\/person\/image\/"},"description":"Empresario textil, artista pl\u00e1stico, escritor, coach de vida y fot\u00f3grafo.","sameAs":["https:\/\/viniciojarquin.com\/blog","https:\/\/www.facebook.com\/vinicio.jarquin","https:\/\/www.instagram.com\/vinicio_jarquin\/","https:\/\/www.pinterest.com\/vinnyjc\/","https:\/\/www.youtube.com\/@VinicioJarquin"],"url":"https:\/\/viniciojarquin.com\/blog\/author\/admin_s02au25i\/"}]}},"blog_post_layout_featured_media_urls":{"thumbnail":"","full":""},"categories_names":{"1":{"name":"Uncategorized","link":"https:\/\/viniciojarquin.com\/blog\/category\/uncategorized\/"}},"tags_names":[],"comments_number":"0","_links":{"self":[{"href":"https:\/\/viniciojarquin.com\/blog\/wp-json\/wp\/v2\/posts\/3213","targetHints":{"allow":["GET"]}}],"collection":[{"href":"https:\/\/viniciojarquin.com\/blog\/wp-json\/wp\/v2\/posts"}],"about":[{"href":"https:\/\/viniciojarquin.com\/blog\/wp-json\/wp\/v2\/types\/post"}],"author":[{"embeddable":true,"href":"https:\/\/viniciojarquin.com\/blog\/wp-json\/wp\/v2\/users\/1"}],"replies":[{"embeddable":true,"href":"https:\/\/viniciojarquin.com\/blog\/wp-json\/wp\/v2\/comments?post=3213"}],"version-history":[{"count":1,"href":"https:\/\/viniciojarquin.com\/blog\/wp-json\/wp\/v2\/posts\/3213\/revisions"}],"predecessor-version":[{"id":3214,"href":"https:\/\/viniciojarquin.com\/blog\/wp-json\/wp\/v2\/posts\/3213\/revisions\/3214"}],"wp:attachment":[{"href":"https:\/\/viniciojarquin.com\/blog\/wp-json\/wp\/v2\/media?parent=3213"}],"wp:term":[{"taxonomy":"category","embeddable":true,"href":"https:\/\/viniciojarquin.com\/blog\/wp-json\/wp\/v2\/categories?post=3213"},{"taxonomy":"post_tag","embeddable":true,"href":"https:\/\/viniciojarquin.com\/blog\/wp-json\/wp\/v2\/tags?post=3213"}],"curies":[{"name":"wp","href":"https:\/\/api.w.org\/{rel}","templated":true}]}}