{"id":3216,"date":"2026-03-29T15:40:08","date_gmt":"2026-03-29T15:40:08","guid":{"rendered":"https:\/\/viniciojarquin.com\/blog\/?p=3216"},"modified":"2026-03-29T15:40:09","modified_gmt":"2026-03-29T15:40:09","slug":"el-cuerpo-habla-y-hay-quien-sabe-escucharlo","status":"publish","type":"post","link":"https:\/\/viniciojarquin.com\/blog\/el-cuerpo-habla-y-hay-quien-sabe-escucharlo\/","title":{"rendered":"El cuerpo habla\u2026 y hay quien sabe escucharlo"},"content":{"rendered":"\n<figure class=\"wp-block-image size-full\"><img decoding=\"async\" width=\"800\" height=\"533\" data-src=\"https:\/\/viniciojarquin.com\/blog\/wp-content\/uploads\/2026\/03\/Ana-Maria.png\" alt=\"\" class=\"wp-image-3217 lazyload\" data-srcset=\"https:\/\/viniciojarquin.com\/blog\/wp-content\/uploads\/2026\/03\/Ana-Maria.png 800w, https:\/\/viniciojarquin.com\/blog\/wp-content\/uploads\/2026\/03\/Ana-Maria-300x200.png 300w, https:\/\/viniciojarquin.com\/blog\/wp-content\/uploads\/2026\/03\/Ana-Maria-768x512.png 768w\" data-sizes=\"(max-width: 800px) 100vw, 800px\" src=\"data:image\/svg+xml;base64,PHN2ZyB3aWR0aD0iMSIgaGVpZ2h0PSIxIiB4bWxucz0iaHR0cDovL3d3dy53My5vcmcvMjAwMC9zdmciPjwvc3ZnPg==\" style=\"--smush-placeholder-width: 800px; --smush-placeholder-aspect-ratio: 800\/533;\" \/><\/figure>\n\n\n\n<p>Quiero hablarte de alguien que quiz\u00e1 pueda ayudar a m\u00e1s de una persona que est\u00e9 leyendo esto.<\/p>\n\n\n\n<p>Se llama Ana Mar\u00eda, y lo que hace es muy particular. No es f\u00e1cil encasillarla en una etiqueta, porque su trabajo no es solamente f\u00edsico ni \u00fanicamente emocional. Ella trabaja con el cuerpo como punto de entrada para comprender lo que est\u00e1 pasando m\u00e1s adentro: en el sistema nervioso, en la memoria corporal, en lo que cargamos sin darnos cuenta.<\/p>\n\n\n\n<p>Muchos llegan a ella por un dolor, por una lesi\u00f3n que no mejora, por insomnio, por una sensaci\u00f3n de agotamiento constante, o porque el cuerpo simplemente \u201cya no responde como antes\u201d. Y lo que sucede en ese proceso es interesante: el cuerpo empieza a contar su propia historia.<\/p>\n\n\n\n<p>Ana Mar\u00eda observa el cuerpo como si fuera un mapa. No como un conjunto de m\u00fasculos y huesos, sino como un registro vivo de lo que hemos vivido. Tensiones, experiencias no resueltas, impactos emocionales, h\u00e1bitos de defensa del sistema nervioso\u2026 todo eso puede manifestarse f\u00edsicamente. Y su trabajo consiste en identificar d\u00f3nde est\u00e1n esos \u201catascos\u201d \u2014esas tuber\u00edas internas, f\u00edsicas y emocionales\u2014 que impiden que la persona vuelva a sentirse bien.<\/p>\n\n\n\n<p>No es un masaje. No es una terapia psicol\u00f3gica tradicional. No es \u00fanicamente fisioterapia.<\/p>\n\n\n\n<p>Es un enfoque integrador, donde el cuerpo es la puerta de entrada para comprender lo que est\u00e1 ocurriendo y permitir que vuelva a fluir lo que estaba bloqueado.<\/p>\n\n\n\n<p>Ella tiene formaci\u00f3n en fisioterapia, se ha especializado en osteopat\u00eda, tiene formaci\u00f3n en gerontolog\u00eda y adem\u00e1s es facilitadora de PSYCH-K, lo que le permite abordar no solo lo f\u00edsico, sino tambi\u00e9n los aspectos emocionales cuando aparecen en el proceso.<\/p>\n\n\n\n<p>He conocido a personas que han llegado por un dolor f\u00edsico y terminaron descubriendo que detr\u00e1s hab\u00eda una emoci\u00f3n guardada por a\u00f1os. Y tambi\u00e9n he visto c\u00f3mo, al liberar ese bloqueo, el cuerpo cambia: se mueve distinto, descansa mejor, respira diferente.<\/p>\n\n\n\n<p>Si alguna vez has sentido que tu cuerpo est\u00e1 intentando decirte algo y no sab\u00e9s c\u00f3mo escucharlo, quiz\u00e1 este tipo de trabajo pueda resonar contigo.<\/p>\n\n\n\n<p>No se trata de \u201carreglar\u201d el cuerpo. Se trata de permitirle volver a su estado natural de equilibrio. Y a veces, eso empieza simplemente escuch\u00e1ndolo.<\/p>\n\n\n\n<p>Este art\u00edculo no es patrocinado ni promocional, lo escribo porque s\u00e9 que Ana Mar\u00eda se ha especializado para trabajar con las personas y lograr hacerles la vida m\u00e1s f\u00e1cil, y si yo puedo aportar a eso, poni\u00e9ndolos en contacto con ella, me sentir\u00e9 feliz por haber aportado como canal de contacto entre ella y alguno de ustedes, si es que lo necesitan.<\/p>\n","protected":false},"excerpt":{"rendered":"<p>Quiero hablarte de alguien que quiz\u00e1 pueda ayudar a m\u00e1s de una persona que est\u00e9 leyendo esto. Se llama Ana [&hellip;]<\/p>\n","protected":false},"author":1,"featured_media":3217,"comment_status":"open","ping_status":"open","sticky":false,"template":"","format":"standard","meta":{"site-sidebar-layout":"default","site-content-layout":"","ast-site-content-layout":"","site-content-style":"default","site-sidebar-style":"default","ast-global-header-display":"","ast-banner-title-visibility":"","ast-main-header-display":"","ast-hfb-above-header-display":"","ast-hfb-below-header-display":"","ast-hfb-mobile-header-display":"","site-post-title":"","ast-breadcrumbs-content":"","ast-featured-img":"","footer-sml-layout":"","theme-transparent-header-meta":"","adv-header-id-meta":"","stick-header-meta":"","header-above-stick-meta":"","header-main-stick-meta":"","header-below-stick-meta":"","astra-migrate-meta-layouts":"default","ast-page-background-enabled":"default","ast-page-background-meta":{"desktop":{"background-color":"var(--ast-global-color-5)","background-image":"","background-repeat":"repeat","background-position":"center center","background-size":"auto","background-attachment":"scroll","background-type":"","background-media":"","overlay-type":"","overlay-color":"","overlay-opacity":"","overlay-gradient":""},"tablet":{"background-color":"","background-image":"","background-repeat":"repeat","background-position":"center center","background-size":"auto","background-attachment":"scroll","background-type":"","background-media":"","overlay-type":"","overlay-color":"","overlay-opacity":"","overlay-gradient":""},"mobile":{"background-color":"","background-image":"","background-repeat":"repeat","background-position":"center center","background-size":"auto","background-attachment":"scroll","background-type":"","background-media":"","overlay-type":"","overlay-color":"","overlay-opacity":"","overlay-gradient":""}},"ast-content-background-meta":{"desktop":{"background-color":"var(--ast-global-color-4)","background-image":"","background-repeat":"repeat","background-position":"center center","background-size":"auto","background-attachment":"scroll","background-type":"","background-media":"","overlay-type":"","overlay-color":"","overlay-opacity":"","overlay-gradient":""},"tablet":{"background-color":"var(--ast-global-color-4)","background-image":"","background-repeat":"repeat","background-position":"center center","background-size":"auto","background-attachment":"scroll","background-type":"","background-media":"","overlay-type":"","overlay-color":"","overlay-opacity":"","overlay-gradient":""},"mobile":{"background-color":"var(--ast-global-color-4)","background-image":"","background-repeat":"repeat","background-position":"center center","background-size":"auto","background-attachment":"scroll","background-type":"","background-media":"","overlay-type":"","overlay-color":"","overlay-opacity":"","overlay-gradient":""}},"footnotes":""},"categories":[9],"tags":[],"class_list":["post-3216","post","type-post","status-publish","format-standard","has-post-thumbnail","hentry","category-mis-escritos"],"yoast_head":"<!-- This site is optimized with the Yoast SEO plugin v26.0 - https:\/\/yoast.com\/wordpress\/plugins\/seo\/ -->\n<title>El cuerpo habla\u2026 y hay quien sabe escucharlo - MI BLOG<\/title>\n<meta name=\"robots\" content=\"index, follow, max-snippet:-1, max-image-preview:large, max-video-preview:-1\" \/>\n<link rel=\"canonical\" href=\"https:\/\/viniciojarquin.com\/blog\/el-cuerpo-habla-y-hay-quien-sabe-escucharlo\/\" \/>\n<meta property=\"og:locale\" content=\"es_ES\" \/>\n<meta property=\"og:type\" content=\"article\" \/>\n<meta property=\"og:title\" content=\"El cuerpo habla\u2026 y hay quien sabe escucharlo - MI BLOG\" \/>\n<meta property=\"og:description\" content=\"Quiero hablarte de alguien que quiz\u00e1 pueda ayudar a m\u00e1s de una persona que est\u00e9 leyendo esto. Se llama Ana [&hellip;]\" \/>\n<meta property=\"og:url\" content=\"https:\/\/viniciojarquin.com\/blog\/el-cuerpo-habla-y-hay-quien-sabe-escucharlo\/\" \/>\n<meta property=\"og:site_name\" content=\"MI BLOG\" \/>\n<meta property=\"article:publisher\" content=\"https:\/\/www.facebook.com\/vinicio.jarquin\" \/>\n<meta property=\"article:author\" content=\"https:\/\/www.facebook.com\/vinicio.jarquin\" \/>\n<meta property=\"article:published_time\" content=\"2026-03-29T15:40:08+00:00\" \/>\n<meta property=\"article:modified_time\" content=\"2026-03-29T15:40:09+00:00\" \/>\n<meta property=\"og:image\" content=\"https:\/\/viniciojarquin.com\/blog\/wp-content\/uploads\/2026\/03\/Ana-Maria.png\" \/>\n\t<meta property=\"og:image:width\" content=\"800\" \/>\n\t<meta property=\"og:image:height\" content=\"533\" \/>\n\t<meta property=\"og:image:type\" content=\"image\/png\" \/>\n<meta name=\"author\" content=\"Vinicio Jarqu\u00edn\" \/>\n<meta name=\"twitter:card\" content=\"summary_large_image\" \/>\n<meta name=\"twitter:label1\" content=\"Escrito por\" \/>\n\t<meta name=\"twitter:data1\" content=\"Vinicio Jarqu\u00edn\" \/>\n\t<meta name=\"twitter:label2\" content=\"Tiempo de lectura\" \/>\n\t<meta name=\"twitter:data2\" content=\"3 minutos\" \/>\n<script type=\"application\/ld+json\" class=\"yoast-schema-graph\">{\"@context\":\"https:\/\/schema.org\",\"@graph\":[{\"@type\":\"Article\",\"@id\":\"https:\/\/viniciojarquin.com\/blog\/el-cuerpo-habla-y-hay-quien-sabe-escucharlo\/#article\",\"isPartOf\":{\"@id\":\"https:\/\/viniciojarquin.com\/blog\/el-cuerpo-habla-y-hay-quien-sabe-escucharlo\/\"},\"author\":{\"name\":\"Vinicio Jarqu\u00edn\",\"@id\":\"https:\/\/viniciojarquin.com\/blog\/#\/schema\/person\/90100c8845ae55462ec0657d3d2f8d3b\"},\"headline\":\"El cuerpo habla\u2026 y hay quien sabe escucharlo\",\"datePublished\":\"2026-03-29T15:40:08+00:00\",\"dateModified\":\"2026-03-29T15:40:09+00:00\",\"mainEntityOfPage\":{\"@id\":\"https:\/\/viniciojarquin.com\/blog\/el-cuerpo-habla-y-hay-quien-sabe-escucharlo\/\"},\"wordCount\":475,\"commentCount\":0,\"publisher\":{\"@id\":\"https:\/\/viniciojarquin.com\/blog\/#\/schema\/person\/90100c8845ae55462ec0657d3d2f8d3b\"},\"image\":{\"@id\":\"https:\/\/viniciojarquin.com\/blog\/el-cuerpo-habla-y-hay-quien-sabe-escucharlo\/#primaryimage\"},\"thumbnailUrl\":\"https:\/\/viniciojarquin.com\/blog\/wp-content\/uploads\/2026\/03\/Ana-Maria.png\",\"articleSection\":[\"Escritos generales\"],\"inLanguage\":\"es\",\"potentialAction\":[{\"@type\":\"CommentAction\",\"name\":\"Comment\",\"target\":[\"https:\/\/viniciojarquin.com\/blog\/el-cuerpo-habla-y-hay-quien-sabe-escucharlo\/#respond\"]}]},{\"@type\":\"WebPage\",\"@id\":\"https:\/\/viniciojarquin.com\/blog\/el-cuerpo-habla-y-hay-quien-sabe-escucharlo\/\",\"url\":\"https:\/\/viniciojarquin.com\/blog\/el-cuerpo-habla-y-hay-quien-sabe-escucharlo\/\",\"name\":\"El cuerpo habla\u2026 y hay quien sabe escucharlo - MI BLOG\",\"isPartOf\":{\"@id\":\"https:\/\/viniciojarquin.com\/blog\/#website\"},\"primaryImageOfPage\":{\"@id\":\"https:\/\/viniciojarquin.com\/blog\/el-cuerpo-habla-y-hay-quien-sabe-escucharlo\/#primaryimage\"},\"image\":{\"@id\":\"https:\/\/viniciojarquin.com\/blog\/el-cuerpo-habla-y-hay-quien-sabe-escucharlo\/#primaryimage\"},\"thumbnailUrl\":\"https:\/\/viniciojarquin.com\/blog\/wp-content\/uploads\/2026\/03\/Ana-Maria.png\",\"datePublished\":\"2026-03-29T15:40:08+00:00\",\"dateModified\":\"2026-03-29T15:40:09+00:00\",\"breadcrumb\":{\"@id\":\"https:\/\/viniciojarquin.com\/blog\/el-cuerpo-habla-y-hay-quien-sabe-escucharlo\/#breadcrumb\"},\"inLanguage\":\"es\",\"potentialAction\":[{\"@type\":\"ReadAction\",\"target\":[\"https:\/\/viniciojarquin.com\/blog\/el-cuerpo-habla-y-hay-quien-sabe-escucharlo\/\"]}]},{\"@type\":\"ImageObject\",\"inLanguage\":\"es\",\"@id\":\"https:\/\/viniciojarquin.com\/blog\/el-cuerpo-habla-y-hay-quien-sabe-escucharlo\/#primaryimage\",\"url\":\"https:\/\/viniciojarquin.com\/blog\/wp-content\/uploads\/2026\/03\/Ana-Maria.png\",\"contentUrl\":\"https:\/\/viniciojarquin.com\/blog\/wp-content\/uploads\/2026\/03\/Ana-Maria.png\",\"width\":800,\"height\":533},{\"@type\":\"BreadcrumbList\",\"@id\":\"https:\/\/viniciojarquin.com\/blog\/el-cuerpo-habla-y-hay-quien-sabe-escucharlo\/#breadcrumb\",\"itemListElement\":[{\"@type\":\"ListItem\",\"position\":1,\"name\":\"Portada\",\"item\":\"https:\/\/viniciojarquin.com\/blog\/\"},{\"@type\":\"ListItem\",\"position\":2,\"name\":\"El cuerpo habla\u2026 y hay quien sabe escucharlo\"}]},{\"@type\":\"WebSite\",\"@id\":\"https:\/\/viniciojarquin.com\/blog\/#website\",\"url\":\"https:\/\/viniciojarquin.com\/blog\/\",\"name\":\"Vinicio Jarqu\u00edn BLOG\",\"description\":\"\",\"publisher\":{\"@id\":\"https:\/\/viniciojarquin.com\/blog\/#\/schema\/person\/90100c8845ae55462ec0657d3d2f8d3b\"},\"potentialAction\":[{\"@type\":\"SearchAction\",\"target\":{\"@type\":\"EntryPoint\",\"urlTemplate\":\"https:\/\/viniciojarquin.com\/blog\/?s={search_term_string}\"},\"query-input\":{\"@type\":\"PropertyValueSpecification\",\"valueRequired\":true,\"valueName\":\"search_term_string\"}}],\"inLanguage\":\"es\"},{\"@type\":[\"Person\",\"Organization\"],\"@id\":\"https:\/\/viniciojarquin.com\/blog\/#\/schema\/person\/90100c8845ae55462ec0657d3d2f8d3b\",\"name\":\"Vinicio Jarqu\u00edn\",\"image\":{\"@type\":\"ImageObject\",\"inLanguage\":\"es\",\"@id\":\"https:\/\/viniciojarquin.com\/blog\/#\/schema\/person\/image\/\",\"url\":\"https:\/\/viniciojarquin.com\/blog\/wp-content\/uploads\/2024\/10\/Logo-VinicioJarquin-original-400.png\",\"contentUrl\":\"https:\/\/viniciojarquin.com\/blog\/wp-content\/uploads\/2024\/10\/Logo-VinicioJarquin-original-400.png\",\"width\":400,\"height\":130,\"caption\":\"Vinicio Jarqu\u00edn\"},\"logo\":{\"@id\":\"https:\/\/viniciojarquin.com\/blog\/#\/schema\/person\/image\/\"},\"description\":\"Empresario textil, artista pl\u00e1stico, escritor, coach de vida y fot\u00f3grafo.\",\"sameAs\":[\"https:\/\/viniciojarquin.com\/blog\",\"https:\/\/www.facebook.com\/vinicio.jarquin\",\"https:\/\/www.instagram.com\/vinicio_jarquin\/\",\"https:\/\/www.pinterest.com\/vinnyjc\/\",\"https:\/\/www.youtube.com\/@VinicioJarquin\"],\"url\":\"https:\/\/viniciojarquin.com\/blog\/author\/admin_s02au25i\/\"}]}<\/script>\n<!-- \/ Yoast SEO plugin. -->","yoast_head_json":{"title":"El cuerpo habla\u2026 y hay quien sabe escucharlo - MI BLOG","robots":{"index":"index","follow":"follow","max-snippet":"max-snippet:-1","max-image-preview":"max-image-preview:large","max-video-preview":"max-video-preview:-1"},"canonical":"https:\/\/viniciojarquin.com\/blog\/el-cuerpo-habla-y-hay-quien-sabe-escucharlo\/","og_locale":"es_ES","og_type":"article","og_title":"El cuerpo habla\u2026 y hay quien sabe escucharlo - MI BLOG","og_description":"Quiero hablarte de alguien que quiz\u00e1 pueda ayudar a m\u00e1s de una persona que est\u00e9 leyendo esto. Se llama Ana [&hellip;]","og_url":"https:\/\/viniciojarquin.com\/blog\/el-cuerpo-habla-y-hay-quien-sabe-escucharlo\/","og_site_name":"MI BLOG","article_publisher":"https:\/\/www.facebook.com\/vinicio.jarquin","article_author":"https:\/\/www.facebook.com\/vinicio.jarquin","article_published_time":"2026-03-29T15:40:08+00:00","article_modified_time":"2026-03-29T15:40:09+00:00","og_image":[{"width":800,"height":533,"url":"https:\/\/viniciojarquin.com\/blog\/wp-content\/uploads\/2026\/03\/Ana-Maria.png","type":"image\/png"}],"author":"Vinicio Jarqu\u00edn","twitter_card":"summary_large_image","twitter_misc":{"Escrito por":"Vinicio Jarqu\u00edn","Tiempo de lectura":"3 minutos"},"schema":{"@context":"https:\/\/schema.org","@graph":[{"@type":"Article","@id":"https:\/\/viniciojarquin.com\/blog\/el-cuerpo-habla-y-hay-quien-sabe-escucharlo\/#article","isPartOf":{"@id":"https:\/\/viniciojarquin.com\/blog\/el-cuerpo-habla-y-hay-quien-sabe-escucharlo\/"},"author":{"name":"Vinicio Jarqu\u00edn","@id":"https:\/\/viniciojarquin.com\/blog\/#\/schema\/person\/90100c8845ae55462ec0657d3d2f8d3b"},"headline":"El cuerpo habla\u2026 y hay quien sabe escucharlo","datePublished":"2026-03-29T15:40:08+00:00","dateModified":"2026-03-29T15:40:09+00:00","mainEntityOfPage":{"@id":"https:\/\/viniciojarquin.com\/blog\/el-cuerpo-habla-y-hay-quien-sabe-escucharlo\/"},"wordCount":475,"commentCount":0,"publisher":{"@id":"https:\/\/viniciojarquin.com\/blog\/#\/schema\/person\/90100c8845ae55462ec0657d3d2f8d3b"},"image":{"@id":"https:\/\/viniciojarquin.com\/blog\/el-cuerpo-habla-y-hay-quien-sabe-escucharlo\/#primaryimage"},"thumbnailUrl":"https:\/\/viniciojarquin.com\/blog\/wp-content\/uploads\/2026\/03\/Ana-Maria.png","articleSection":["Escritos generales"],"inLanguage":"es","potentialAction":[{"@type":"CommentAction","name":"Comment","target":["https:\/\/viniciojarquin.com\/blog\/el-cuerpo-habla-y-hay-quien-sabe-escucharlo\/#respond"]}]},{"@type":"WebPage","@id":"https:\/\/viniciojarquin.com\/blog\/el-cuerpo-habla-y-hay-quien-sabe-escucharlo\/","url":"https:\/\/viniciojarquin.com\/blog\/el-cuerpo-habla-y-hay-quien-sabe-escucharlo\/","name":"El cuerpo habla\u2026 y hay quien sabe escucharlo - MI BLOG","isPartOf":{"@id":"https:\/\/viniciojarquin.com\/blog\/#website"},"primaryImageOfPage":{"@id":"https:\/\/viniciojarquin.com\/blog\/el-cuerpo-habla-y-hay-quien-sabe-escucharlo\/#primaryimage"},"image":{"@id":"https:\/\/viniciojarquin.com\/blog\/el-cuerpo-habla-y-hay-quien-sabe-escucharlo\/#primaryimage"},"thumbnailUrl":"https:\/\/viniciojarquin.com\/blog\/wp-content\/uploads\/2026\/03\/Ana-Maria.png","datePublished":"2026-03-29T15:40:08+00:00","dateModified":"2026-03-29T15:40:09+00:00","breadcrumb":{"@id":"https:\/\/viniciojarquin.com\/blog\/el-cuerpo-habla-y-hay-quien-sabe-escucharlo\/#breadcrumb"},"inLanguage":"es","potentialAction":[{"@type":"ReadAction","target":["https:\/\/viniciojarquin.com\/blog\/el-cuerpo-habla-y-hay-quien-sabe-escucharlo\/"]}]},{"@type":"ImageObject","inLanguage":"es","@id":"https:\/\/viniciojarquin.com\/blog\/el-cuerpo-habla-y-hay-quien-sabe-escucharlo\/#primaryimage","url":"https:\/\/viniciojarquin.com\/blog\/wp-content\/uploads\/2026\/03\/Ana-Maria.png","contentUrl":"https:\/\/viniciojarquin.com\/blog\/wp-content\/uploads\/2026\/03\/Ana-Maria.png","width":800,"height":533},{"@type":"BreadcrumbList","@id":"https:\/\/viniciojarquin.com\/blog\/el-cuerpo-habla-y-hay-quien-sabe-escucharlo\/#breadcrumb","itemListElement":[{"@type":"ListItem","position":1,"name":"Portada","item":"https:\/\/viniciojarquin.com\/blog\/"},{"@type":"ListItem","position":2,"name":"El cuerpo habla\u2026 y hay quien sabe escucharlo"}]},{"@type":"WebSite","@id":"https:\/\/viniciojarquin.com\/blog\/#website","url":"https:\/\/viniciojarquin.com\/blog\/","name":"Vinicio Jarqu\u00edn BLOG","description":"","publisher":{"@id":"https:\/\/viniciojarquin.com\/blog\/#\/schema\/person\/90100c8845ae55462ec0657d3d2f8d3b"},"potentialAction":[{"@type":"SearchAction","target":{"@type":"EntryPoint","urlTemplate":"https:\/\/viniciojarquin.com\/blog\/?s={search_term_string}"},"query-input":{"@type":"PropertyValueSpecification","valueRequired":true,"valueName":"search_term_string"}}],"inLanguage":"es"},{"@type":["Person","Organization"],"@id":"https:\/\/viniciojarquin.com\/blog\/#\/schema\/person\/90100c8845ae55462ec0657d3d2f8d3b","name":"Vinicio Jarqu\u00edn","image":{"@type":"ImageObject","inLanguage":"es","@id":"https:\/\/viniciojarquin.com\/blog\/#\/schema\/person\/image\/","url":"https:\/\/viniciojarquin.com\/blog\/wp-content\/uploads\/2024\/10\/Logo-VinicioJarquin-original-400.png","contentUrl":"https:\/\/viniciojarquin.com\/blog\/wp-content\/uploads\/2024\/10\/Logo-VinicioJarquin-original-400.png","width":400,"height":130,"caption":"Vinicio Jarqu\u00edn"},"logo":{"@id":"https:\/\/viniciojarquin.com\/blog\/#\/schema\/person\/image\/"},"description":"Empresario textil, artista pl\u00e1stico, escritor, coach de vida y fot\u00f3grafo.","sameAs":["https:\/\/viniciojarquin.com\/blog","https:\/\/www.facebook.com\/vinicio.jarquin","https:\/\/www.instagram.com\/vinicio_jarquin\/","https:\/\/www.pinterest.com\/vinnyjc\/","https:\/\/www.youtube.com\/@VinicioJarquin"],"url":"https:\/\/viniciojarquin.com\/blog\/author\/admin_s02au25i\/"}]}},"blog_post_layout_featured_media_urls":{"thumbnail":["https:\/\/viniciojarquin.com\/blog\/wp-content\/uploads\/2026\/03\/Ana-Maria-150x150.png",150,150,true],"full":["https:\/\/viniciojarquin.com\/blog\/wp-content\/uploads\/2026\/03\/Ana-Maria.png",800,533,false]},"categories_names":{"9":{"name":"Escritos generales","link":"https:\/\/viniciojarquin.com\/blog\/category\/mis-escritos\/"}},"tags_names":[],"comments_number":"0","_links":{"self":[{"href":"https:\/\/viniciojarquin.com\/blog\/wp-json\/wp\/v2\/posts\/3216","targetHints":{"allow":["GET"]}}],"collection":[{"href":"https:\/\/viniciojarquin.com\/blog\/wp-json\/wp\/v2\/posts"}],"about":[{"href":"https:\/\/viniciojarquin.com\/blog\/wp-json\/wp\/v2\/types\/post"}],"author":[{"embeddable":true,"href":"https:\/\/viniciojarquin.com\/blog\/wp-json\/wp\/v2\/users\/1"}],"replies":[{"embeddable":true,"href":"https:\/\/viniciojarquin.com\/blog\/wp-json\/wp\/v2\/comments?post=3216"}],"version-history":[{"count":1,"href":"https:\/\/viniciojarquin.com\/blog\/wp-json\/wp\/v2\/posts\/3216\/revisions"}],"predecessor-version":[{"id":3218,"href":"https:\/\/viniciojarquin.com\/blog\/wp-json\/wp\/v2\/posts\/3216\/revisions\/3218"}],"wp:featuredmedia":[{"embeddable":true,"href":"https:\/\/viniciojarquin.com\/blog\/wp-json\/wp\/v2\/media\/3217"}],"wp:attachment":[{"href":"https:\/\/viniciojarquin.com\/blog\/wp-json\/wp\/v2\/media?parent=3216"}],"wp:term":[{"taxonomy":"category","embeddable":true,"href":"https:\/\/viniciojarquin.com\/blog\/wp-json\/wp\/v2\/categories?post=3216"},{"taxonomy":"post_tag","embeddable":true,"href":"https:\/\/viniciojarquin.com\/blog\/wp-json\/wp\/v2\/tags?post=3216"}],"curies":[{"name":"wp","href":"https:\/\/api.w.org\/{rel}","templated":true}]}}