{"id":3219,"date":"2026-03-30T00:51:36","date_gmt":"2026-03-30T00:51:36","guid":{"rendered":"https:\/\/viniciojarquin.com\/blog\/?p=3219"},"modified":"2026-03-30T04:56:06","modified_gmt":"2026-03-30T04:56:06","slug":"no-todo-comentario-merece-respuesta","status":"publish","type":"post","link":"https:\/\/viniciojarquin.com\/blog\/no-todo-comentario-merece-respuesta\/","title":{"rendered":"No todo comentario merece respuesta"},"content":{"rendered":"\n<p><\/p>\n\n\n\n<p>Como ya lo he dicho antes: insultos, ofensas o cualquier forma de agresi\u00f3n ser\u00e1n eliminados, y quienes insistan en ese camino ser\u00e1n bloqueados. No es un tema personal, es un tema de orden. Este espacio no est\u00e1 para la descarga emocional sin control, sino para la conversaci\u00f3n.<\/p>\n\n\n\n<p>Pero hoy quiero decir algo m\u00e1s.<\/p>\n\n\n\n<p>Hay personas \u2014y eso lo reconozco\u2014 que escriben bien, que tienen buena ortograf\u00eda, que se expresan con aparente educaci\u00f3n, y que nunca han estado de acuerdo conmigo. O al menos, cuando no lo est\u00e1n, lo hacen saber. Y cuando s\u00ed lo est\u00e1n, probablemente prefieren no decirlo. Eso tambi\u00e9n es v\u00e1lido.<\/p>\n\n\n\n<p>Sin embargo, hay algo que se empieza a notar.<\/p>\n\n\n\n<p>En algunos de esos comentarios, m\u00e1s all\u00e1 del desacuerdo, pareciera haber una intenci\u00f3n de restarle valor a lo que se publica aqu\u00ed. No de debatir ideas para construir, sino de desarmar punto por punto, de imponer una narrativa distinta, de convertir cada publicaci\u00f3n en un campo de disputa constante. Y desde mi punto de vista, eso no es di\u00e1logo\u2026 es desgaste.<\/p>\n\n\n\n<p>Y ah\u00ed es donde pongo un l\u00edmite.<\/p>\n\n\n\n<p>Si alguien tiene una posici\u00f3n distinta, que la tome, que la desarrolle, que la publique en su propio espacio, que genere su propia conversaci\u00f3n. Eso tambi\u00e9n es parte de la libertad de expresi\u00f3n. Pero este no es un espacio para convertir cada publicaci\u00f3n en una batalla interminable de respuestas largas, juicios personales o interpretaciones sobre qui\u00e9n soy o c\u00f3mo pienso.<\/p>\n\n\n\n<p>No tengo tiempo para eso.<\/p>\n\n\n\n<p>Y no lo digo desde la soberbia, lo digo desde la claridad. Porque mientras algunos est\u00e1n frente a un teclado intentando descalificar, yo estoy en la calle, investigando, reuni\u00e9ndome, conversando, asistiendo a espacios donde se toman decisiones, escuchando a personas con experiencia en pol\u00edtica, democracia, institucionalidad y derechos humanos.<\/p>\n\n\n\n<p>Esto no es solo escribir.<\/p>\n\n\n\n<p>Es trabajo.<\/p>\n\n\n\n<p>Y ese trabajo requiere enfoque.<\/p>\n\n\n\n<p>Estoy cansado de estar tratando de no \u201cresbalarme\u201d en las constantes trampas que me ponen para ver c\u00f3mo respondo o reacciono, escarbando mis palabras para ver c\u00f3mo hacerme caer.<\/p>\n\n\n\n<p>Eso, se\u00f1ores, es un irrespeto para alguien que, como yo \u2014s\u00ed, como yo\u2014 ha construido lo que ha construido con esfuerzo de tiempo, moral, de sue\u00f1o y financiero, que probablemente muchos no dimensionan.<\/p>\n\n\n\n<p>A ratos quisiera poder dormir cinco horas seguidas y dejar todo esto tirado. Pero no lo hago. Y si mientras estoy despierto, cansado, incluso bostezando, adem\u00e1s tengo que estar cuid\u00e1ndome de ese tipo de din\u00e1micas, eso se convierte en un desgaste adicional que no estoy dispuesto a permitir.<\/p>\n\n\n\n<p>Por eso, con respeto pero con firmeza, lo digo as\u00ed: no voy a entrar en ese tipo de din\u00e1micas. No voy a responder cada intento de descalificaci\u00f3n elegante disfrazada de argumento. No voy a perder tiempo en discusiones que no buscan construir.<\/p>\n\n\n\n<p>Cuando haya intenci\u00f3n real de conversar, de aportar, de intercambiar ideas desde el respeto y con sustancia, ese espacio siempre estar\u00e1 abierto.<\/p>\n\n\n\n<p>Pero mientras tanto, hay algo m\u00e1s importante que atender.<\/p>\n\n\n\n<p>El pa\u00eds.<\/p>\n\n\n\n<p>Y en eso estoy.<\/p>\n","protected":false},"excerpt":{"rendered":"<p>Como ya lo he dicho antes: insultos, ofensas o cualquier forma de agresi\u00f3n ser\u00e1n eliminados, y quienes insistan en ese [&hellip;]<\/p>\n","protected":false},"author":1,"featured_media":0,"comment_status":"open","ping_status":"open","sticky":false,"template":"","format":"standard","meta":{"site-sidebar-layout":"default","site-content-layout":"","ast-site-content-layout":"","site-content-style":"default","site-sidebar-style":"default","ast-global-header-display":"","ast-banner-title-visibility":"","ast-main-header-display":"","ast-hfb-above-header-display":"","ast-hfb-below-header-display":"","ast-hfb-mobile-header-display":"","site-post-title":"","ast-breadcrumbs-content":"","ast-featured-img":"","footer-sml-layout":"","theme-transparent-header-meta":"","adv-header-id-meta":"","stick-header-meta":"","header-above-stick-meta":"","header-main-stick-meta":"","header-below-stick-meta":"","astra-migrate-meta-layouts":"default","ast-page-background-enabled":"default","ast-page-background-meta":{"desktop":{"background-color":"var(--ast-global-color-5)","background-image":"","background-repeat":"repeat","background-position":"center center","background-size":"auto","background-attachment":"scroll","background-type":"","background-media":"","overlay-type":"","overlay-color":"","overlay-opacity":"","overlay-gradient":""},"tablet":{"background-color":"","background-image":"","background-repeat":"repeat","background-position":"center center","background-size":"auto","background-attachment":"scroll","background-type":"","background-media":"","overlay-type":"","overlay-color":"","overlay-opacity":"","overlay-gradient":""},"mobile":{"background-color":"","background-image":"","background-repeat":"repeat","background-position":"center center","background-size":"auto","background-attachment":"scroll","background-type":"","background-media":"","overlay-type":"","overlay-color":"","overlay-opacity":"","overlay-gradient":""}},"ast-content-background-meta":{"desktop":{"background-color":"var(--ast-global-color-4)","background-image":"","background-repeat":"repeat","background-position":"center center","background-size":"auto","background-attachment":"scroll","background-type":"","background-media":"","overlay-type":"","overlay-color":"","overlay-opacity":"","overlay-gradient":""},"tablet":{"background-color":"var(--ast-global-color-4)","background-image":"","background-repeat":"repeat","background-position":"center center","background-size":"auto","background-attachment":"scroll","background-type":"","background-media":"","overlay-type":"","overlay-color":"","overlay-opacity":"","overlay-gradient":""},"mobile":{"background-color":"var(--ast-global-color-4)","background-image":"","background-repeat":"repeat","background-position":"center center","background-size":"auto","background-attachment":"scroll","background-type":"","background-media":"","overlay-type":"","overlay-color":"","overlay-opacity":"","overlay-gradient":""}},"footnotes":""},"categories":[12],"tags":[],"class_list":["post-3219","post","type-post","status-publish","format-standard","hentry","category-politica-o-gobierno"],"yoast_head":"<!-- This site is optimized with the Yoast SEO plugin v26.0 - https:\/\/yoast.com\/wordpress\/plugins\/seo\/ -->\n<title>No todo comentario merece respuesta - MI BLOG<\/title>\n<meta name=\"robots\" content=\"index, follow, max-snippet:-1, max-image-preview:large, max-video-preview:-1\" \/>\n<link rel=\"canonical\" href=\"https:\/\/viniciojarquin.com\/blog\/no-todo-comentario-merece-respuesta\/\" \/>\n<meta property=\"og:locale\" content=\"es_ES\" \/>\n<meta property=\"og:type\" content=\"article\" \/>\n<meta property=\"og:title\" content=\"No todo comentario merece respuesta - MI BLOG\" \/>\n<meta property=\"og:description\" content=\"Como ya lo he dicho antes: insultos, ofensas o cualquier forma de agresi\u00f3n ser\u00e1n eliminados, y quienes insistan en ese [&hellip;]\" \/>\n<meta property=\"og:url\" content=\"https:\/\/viniciojarquin.com\/blog\/no-todo-comentario-merece-respuesta\/\" \/>\n<meta property=\"og:site_name\" content=\"MI BLOG\" \/>\n<meta property=\"article:publisher\" content=\"https:\/\/www.facebook.com\/vinicio.jarquin\" \/>\n<meta property=\"article:author\" content=\"https:\/\/www.facebook.com\/vinicio.jarquin\" \/>\n<meta property=\"article:published_time\" content=\"2026-03-30T00:51:36+00:00\" \/>\n<meta property=\"article:modified_time\" content=\"2026-03-30T04:56:06+00:00\" \/>\n<meta name=\"author\" content=\"Vinicio Jarqu\u00edn\" \/>\n<meta name=\"twitter:card\" content=\"summary_large_image\" \/>\n<meta name=\"twitter:label1\" content=\"Escrito por\" \/>\n\t<meta name=\"twitter:data1\" content=\"Vinicio Jarqu\u00edn\" \/>\n\t<meta name=\"twitter:label2\" content=\"Tiempo de lectura\" \/>\n\t<meta name=\"twitter:data2\" content=\"3 minutos\" \/>\n<script type=\"application\/ld+json\" class=\"yoast-schema-graph\">{\"@context\":\"https:\/\/schema.org\",\"@graph\":[{\"@type\":\"Article\",\"@id\":\"https:\/\/viniciojarquin.com\/blog\/no-todo-comentario-merece-respuesta\/#article\",\"isPartOf\":{\"@id\":\"https:\/\/viniciojarquin.com\/blog\/no-todo-comentario-merece-respuesta\/\"},\"author\":{\"name\":\"Vinicio Jarqu\u00edn\",\"@id\":\"https:\/\/viniciojarquin.com\/blog\/#\/schema\/person\/90100c8845ae55462ec0657d3d2f8d3b\"},\"headline\":\"No todo comentario merece respuesta\",\"datePublished\":\"2026-03-30T00:51:36+00:00\",\"dateModified\":\"2026-03-30T04:56:06+00:00\",\"mainEntityOfPage\":{\"@id\":\"https:\/\/viniciojarquin.com\/blog\/no-todo-comentario-merece-respuesta\/\"},\"wordCount\":538,\"commentCount\":0,\"publisher\":{\"@id\":\"https:\/\/viniciojarquin.com\/blog\/#\/schema\/person\/90100c8845ae55462ec0657d3d2f8d3b\"},\"articleSection\":[\"Pol\u00edtica varios\"],\"inLanguage\":\"es\",\"potentialAction\":[{\"@type\":\"CommentAction\",\"name\":\"Comment\",\"target\":[\"https:\/\/viniciojarquin.com\/blog\/no-todo-comentario-merece-respuesta\/#respond\"]}]},{\"@type\":\"WebPage\",\"@id\":\"https:\/\/viniciojarquin.com\/blog\/no-todo-comentario-merece-respuesta\/\",\"url\":\"https:\/\/viniciojarquin.com\/blog\/no-todo-comentario-merece-respuesta\/\",\"name\":\"No todo comentario merece respuesta - MI BLOG\",\"isPartOf\":{\"@id\":\"https:\/\/viniciojarquin.com\/blog\/#website\"},\"datePublished\":\"2026-03-30T00:51:36+00:00\",\"dateModified\":\"2026-03-30T04:56:06+00:00\",\"breadcrumb\":{\"@id\":\"https:\/\/viniciojarquin.com\/blog\/no-todo-comentario-merece-respuesta\/#breadcrumb\"},\"inLanguage\":\"es\",\"potentialAction\":[{\"@type\":\"ReadAction\",\"target\":[\"https:\/\/viniciojarquin.com\/blog\/no-todo-comentario-merece-respuesta\/\"]}]},{\"@type\":\"BreadcrumbList\",\"@id\":\"https:\/\/viniciojarquin.com\/blog\/no-todo-comentario-merece-respuesta\/#breadcrumb\",\"itemListElement\":[{\"@type\":\"ListItem\",\"position\":1,\"name\":\"Portada\",\"item\":\"https:\/\/viniciojarquin.com\/blog\/\"},{\"@type\":\"ListItem\",\"position\":2,\"name\":\"No todo comentario merece respuesta\"}]},{\"@type\":\"WebSite\",\"@id\":\"https:\/\/viniciojarquin.com\/blog\/#website\",\"url\":\"https:\/\/viniciojarquin.com\/blog\/\",\"name\":\"Vinicio Jarqu\u00edn BLOG\",\"description\":\"\",\"publisher\":{\"@id\":\"https:\/\/viniciojarquin.com\/blog\/#\/schema\/person\/90100c8845ae55462ec0657d3d2f8d3b\"},\"potentialAction\":[{\"@type\":\"SearchAction\",\"target\":{\"@type\":\"EntryPoint\",\"urlTemplate\":\"https:\/\/viniciojarquin.com\/blog\/?s={search_term_string}\"},\"query-input\":{\"@type\":\"PropertyValueSpecification\",\"valueRequired\":true,\"valueName\":\"search_term_string\"}}],\"inLanguage\":\"es\"},{\"@type\":[\"Person\",\"Organization\"],\"@id\":\"https:\/\/viniciojarquin.com\/blog\/#\/schema\/person\/90100c8845ae55462ec0657d3d2f8d3b\",\"name\":\"Vinicio Jarqu\u00edn\",\"image\":{\"@type\":\"ImageObject\",\"inLanguage\":\"es\",\"@id\":\"https:\/\/viniciojarquin.com\/blog\/#\/schema\/person\/image\/\",\"url\":\"https:\/\/viniciojarquin.com\/blog\/wp-content\/uploads\/2024\/10\/Logo-VinicioJarquin-original-400.png\",\"contentUrl\":\"https:\/\/viniciojarquin.com\/blog\/wp-content\/uploads\/2024\/10\/Logo-VinicioJarquin-original-400.png\",\"width\":400,\"height\":130,\"caption\":\"Vinicio Jarqu\u00edn\"},\"logo\":{\"@id\":\"https:\/\/viniciojarquin.com\/blog\/#\/schema\/person\/image\/\"},\"description\":\"Empresario textil, artista pl\u00e1stico, escritor, coach de vida y fot\u00f3grafo.\",\"sameAs\":[\"https:\/\/viniciojarquin.com\/blog\",\"https:\/\/www.facebook.com\/vinicio.jarquin\",\"https:\/\/www.instagram.com\/vinicio_jarquin\/\",\"https:\/\/www.pinterest.com\/vinnyjc\/\",\"https:\/\/www.youtube.com\/@VinicioJarquin\"],\"url\":\"https:\/\/viniciojarquin.com\/blog\/author\/admin_s02au25i\/\"}]}<\/script>\n<!-- \/ Yoast SEO plugin. -->","yoast_head_json":{"title":"No todo comentario merece respuesta - MI BLOG","robots":{"index":"index","follow":"follow","max-snippet":"max-snippet:-1","max-image-preview":"max-image-preview:large","max-video-preview":"max-video-preview:-1"},"canonical":"https:\/\/viniciojarquin.com\/blog\/no-todo-comentario-merece-respuesta\/","og_locale":"es_ES","og_type":"article","og_title":"No todo comentario merece respuesta - MI BLOG","og_description":"Como ya lo he dicho antes: insultos, ofensas o cualquier forma de agresi\u00f3n ser\u00e1n eliminados, y quienes insistan en ese [&hellip;]","og_url":"https:\/\/viniciojarquin.com\/blog\/no-todo-comentario-merece-respuesta\/","og_site_name":"MI BLOG","article_publisher":"https:\/\/www.facebook.com\/vinicio.jarquin","article_author":"https:\/\/www.facebook.com\/vinicio.jarquin","article_published_time":"2026-03-30T00:51:36+00:00","article_modified_time":"2026-03-30T04:56:06+00:00","author":"Vinicio Jarqu\u00edn","twitter_card":"summary_large_image","twitter_misc":{"Escrito por":"Vinicio Jarqu\u00edn","Tiempo de lectura":"3 minutos"},"schema":{"@context":"https:\/\/schema.org","@graph":[{"@type":"Article","@id":"https:\/\/viniciojarquin.com\/blog\/no-todo-comentario-merece-respuesta\/#article","isPartOf":{"@id":"https:\/\/viniciojarquin.com\/blog\/no-todo-comentario-merece-respuesta\/"},"author":{"name":"Vinicio Jarqu\u00edn","@id":"https:\/\/viniciojarquin.com\/blog\/#\/schema\/person\/90100c8845ae55462ec0657d3d2f8d3b"},"headline":"No todo comentario merece respuesta","datePublished":"2026-03-30T00:51:36+00:00","dateModified":"2026-03-30T04:56:06+00:00","mainEntityOfPage":{"@id":"https:\/\/viniciojarquin.com\/blog\/no-todo-comentario-merece-respuesta\/"},"wordCount":538,"commentCount":0,"publisher":{"@id":"https:\/\/viniciojarquin.com\/blog\/#\/schema\/person\/90100c8845ae55462ec0657d3d2f8d3b"},"articleSection":["Pol\u00edtica varios"],"inLanguage":"es","potentialAction":[{"@type":"CommentAction","name":"Comment","target":["https:\/\/viniciojarquin.com\/blog\/no-todo-comentario-merece-respuesta\/#respond"]}]},{"@type":"WebPage","@id":"https:\/\/viniciojarquin.com\/blog\/no-todo-comentario-merece-respuesta\/","url":"https:\/\/viniciojarquin.com\/blog\/no-todo-comentario-merece-respuesta\/","name":"No todo comentario merece respuesta - MI BLOG","isPartOf":{"@id":"https:\/\/viniciojarquin.com\/blog\/#website"},"datePublished":"2026-03-30T00:51:36+00:00","dateModified":"2026-03-30T04:56:06+00:00","breadcrumb":{"@id":"https:\/\/viniciojarquin.com\/blog\/no-todo-comentario-merece-respuesta\/#breadcrumb"},"inLanguage":"es","potentialAction":[{"@type":"ReadAction","target":["https:\/\/viniciojarquin.com\/blog\/no-todo-comentario-merece-respuesta\/"]}]},{"@type":"BreadcrumbList","@id":"https:\/\/viniciojarquin.com\/blog\/no-todo-comentario-merece-respuesta\/#breadcrumb","itemListElement":[{"@type":"ListItem","position":1,"name":"Portada","item":"https:\/\/viniciojarquin.com\/blog\/"},{"@type":"ListItem","position":2,"name":"No todo comentario merece respuesta"}]},{"@type":"WebSite","@id":"https:\/\/viniciojarquin.com\/blog\/#website","url":"https:\/\/viniciojarquin.com\/blog\/","name":"Vinicio Jarqu\u00edn BLOG","description":"","publisher":{"@id":"https:\/\/viniciojarquin.com\/blog\/#\/schema\/person\/90100c8845ae55462ec0657d3d2f8d3b"},"potentialAction":[{"@type":"SearchAction","target":{"@type":"EntryPoint","urlTemplate":"https:\/\/viniciojarquin.com\/blog\/?s={search_term_string}"},"query-input":{"@type":"PropertyValueSpecification","valueRequired":true,"valueName":"search_term_string"}}],"inLanguage":"es"},{"@type":["Person","Organization"],"@id":"https:\/\/viniciojarquin.com\/blog\/#\/schema\/person\/90100c8845ae55462ec0657d3d2f8d3b","name":"Vinicio Jarqu\u00edn","image":{"@type":"ImageObject","inLanguage":"es","@id":"https:\/\/viniciojarquin.com\/blog\/#\/schema\/person\/image\/","url":"https:\/\/viniciojarquin.com\/blog\/wp-content\/uploads\/2024\/10\/Logo-VinicioJarquin-original-400.png","contentUrl":"https:\/\/viniciojarquin.com\/blog\/wp-content\/uploads\/2024\/10\/Logo-VinicioJarquin-original-400.png","width":400,"height":130,"caption":"Vinicio Jarqu\u00edn"},"logo":{"@id":"https:\/\/viniciojarquin.com\/blog\/#\/schema\/person\/image\/"},"description":"Empresario textil, artista pl\u00e1stico, escritor, coach de vida y fot\u00f3grafo.","sameAs":["https:\/\/viniciojarquin.com\/blog","https:\/\/www.facebook.com\/vinicio.jarquin","https:\/\/www.instagram.com\/vinicio_jarquin\/","https:\/\/www.pinterest.com\/vinnyjc\/","https:\/\/www.youtube.com\/@VinicioJarquin"],"url":"https:\/\/viniciojarquin.com\/blog\/author\/admin_s02au25i\/"}]}},"blog_post_layout_featured_media_urls":{"thumbnail":"","full":""},"categories_names":{"12":{"name":"Pol\u00edtica varios","link":"https:\/\/viniciojarquin.com\/blog\/category\/politica-o-gobierno\/"}},"tags_names":[],"comments_number":"0","_links":{"self":[{"href":"https:\/\/viniciojarquin.com\/blog\/wp-json\/wp\/v2\/posts\/3219","targetHints":{"allow":["GET"]}}],"collection":[{"href":"https:\/\/viniciojarquin.com\/blog\/wp-json\/wp\/v2\/posts"}],"about":[{"href":"https:\/\/viniciojarquin.com\/blog\/wp-json\/wp\/v2\/types\/post"}],"author":[{"embeddable":true,"href":"https:\/\/viniciojarquin.com\/blog\/wp-json\/wp\/v2\/users\/1"}],"replies":[{"embeddable":true,"href":"https:\/\/viniciojarquin.com\/blog\/wp-json\/wp\/v2\/comments?post=3219"}],"version-history":[{"count":1,"href":"https:\/\/viniciojarquin.com\/blog\/wp-json\/wp\/v2\/posts\/3219\/revisions"}],"predecessor-version":[{"id":3220,"href":"https:\/\/viniciojarquin.com\/blog\/wp-json\/wp\/v2\/posts\/3219\/revisions\/3220"}],"wp:attachment":[{"href":"https:\/\/viniciojarquin.com\/blog\/wp-json\/wp\/v2\/media?parent=3219"}],"wp:term":[{"taxonomy":"category","embeddable":true,"href":"https:\/\/viniciojarquin.com\/blog\/wp-json\/wp\/v2\/categories?post=3219"},{"taxonomy":"post_tag","embeddable":true,"href":"https:\/\/viniciojarquin.com\/blog\/wp-json\/wp\/v2\/tags?post=3219"}],"curies":[{"name":"wp","href":"https:\/\/api.w.org\/{rel}","templated":true}]}}