{"id":3222,"date":"2026-03-30T23:08:53","date_gmt":"2026-03-30T23:08:53","guid":{"rendered":"https:\/\/viniciojarquin.com\/blog\/?p=3222"},"modified":"2026-03-30T23:13:53","modified_gmt":"2026-03-30T23:13:53","slug":"cuando-incomoda-es-porque-funciona","status":"publish","type":"post","link":"https:\/\/viniciojarquin.com\/blog\/cuando-incomoda-es-porque-funciona\/","title":{"rendered":"Cuando incomoda\u2026 es porque funciona"},"content":{"rendered":"\n<figure class=\"wp-block-image size-large\"><img decoding=\"async\" width=\"683\" height=\"1024\" data-src=\"https:\/\/viniciojarquin.com\/blog\/wp-content\/uploads\/2026\/03\/La-Defensoria-683x1024.png\" alt=\"\" class=\"wp-image-3224 lazyload\" data-srcset=\"https:\/\/viniciojarquin.com\/blog\/wp-content\/uploads\/2026\/03\/La-Defensoria-683x1024.png 683w, https:\/\/viniciojarquin.com\/blog\/wp-content\/uploads\/2026\/03\/La-Defensoria-200x300.png 200w, https:\/\/viniciojarquin.com\/blog\/wp-content\/uploads\/2026\/03\/La-Defensoria-768x1152.png 768w, https:\/\/viniciojarquin.com\/blog\/wp-content\/uploads\/2026\/03\/La-Defensoria.png 800w\" data-sizes=\"(max-width: 683px) 100vw, 683px\" src=\"data:image\/svg+xml;base64,PHN2ZyB3aWR0aD0iMSIgaGVpZ2h0PSIxIiB4bWxucz0iaHR0cDovL3d3dy53My5vcmcvMjAwMC9zdmciPjwvc3ZnPg==\" style=\"--smush-placeholder-width: 683px; --smush-placeholder-aspect-ratio: 683\/1024;\" \/><\/figure>\n\n\n\n<p>Hay declaraciones que no solo llaman la atenci\u00f3n\u2026 encienden alarmas. Decir que la Defensor\u00eda de los Habitantes es \u201cabsolutamente in\u00fatil\u201d no es una opini\u00f3n menor. Es un posicionamiento que, m\u00e1s all\u00e1 de lo pol\u00edtico, toca directamente uno de los pilares de protecci\u00f3n ciudadana dentro del Estado costarricense.<\/p>\n\n\n\n<p>Y ah\u00ed es donde hay que detenerse.<\/p>\n\n\n\n<p>Porque la Defensor\u00eda no est\u00e1 dise\u00f1ada para agradar al poder. Est\u00e1 dise\u00f1ada, precisamente, para incomodarlo cuando sea necesario. Para se\u00f1alar, para cuestionar, para abrir espacios donde el ciudadano no tiene voz frente a la institucionalidad. No es un adorno del Estado. Es un contrapeso.<\/p>\n\n\n\n<p>Desde mi punto de vista, cuando una instituci\u00f3n incomoda, cuando recibe ataques, cuando se le intenta restar valor, muchas veces no es porque no funcione\u2026 sino porque est\u00e1 cumpliendo su rol. Y esto no ocurre en el vac\u00edo.<\/p>\n\n\n\n<p>Porque cuando tambi\u00e9n se ataca a la Contralor\u00eda General de la Rep\u00fablica \u2014seg\u00fan se ha informado\u2014 por no avalar proyectos cuestionados o mal planteados, empieza a dibujarse un patr\u00f3n. Un patr\u00f3n donde las instituciones que fiscalizan, que revisan, que ponen l\u00edmites\u2026 se convierten en estorbos para quienes quieren avanzar sin ese control. Y eso s\u00ed es peligroso.<\/p>\n\n\n\n<p>Porque la institucionalidad no est\u00e1 para facilitarle el camino al poder. Est\u00e1 para regularlo. Para frenarlo cuando se excede. Para proteger al ciudadano cuando el sistema no lo hace por s\u00ed solo.<\/p>\n\n\n\n<p>Decir que la Defensor\u00eda no sirve porque no resuelve todo, es como decir que un sem\u00e1foro no sirve porque no elimina los accidentes. No es su funci\u00f3n resolverlo todo. Es su funci\u00f3n alertar, ordenar, proteger.<\/p>\n\n\n\n<p>Y cuando empezamos a despreciar esas funciones, cuando empezamos a ver como \u201cin\u00fatiles\u201d a las instituciones que nos defienden, lo que estamos haciendo no es modernizar el Estado\u2026 es debilitarlo.<\/p>\n\n\n\n<p>Aqu\u00ed no se trata de defender personas. Se trata de defender principios. Porque hoy puede ser la Defensor\u00eda. Ayer fue la Contralor\u00eda. Ma\u00f1ana puede ser cualquier otra instituci\u00f3n que no se alinee con el discurso del momento.<\/p>\n\n\n\n<p>Y entonces la pregunta deja de ser pol\u00edtica y se vuelve estructural. \u00bfQu\u00e9 tipo de pa\u00eds queremos? \u00bfUno donde las instituciones funcionen como contrapeso\u2026 o uno donde se les quite valor cada vez que incomodan?<\/p>\n\n\n\n<p>Porque cuando los contrapesos desaparecen, el poder no se equilibra\u2026 se concentra. Y cuando eso pasa, ya no hay quien defienda al ciudadano. Y ese d\u00eda, la Defensor\u00eda no ser\u00e1 la que falte. El que va a quedar desprotegido\u2026 sos vos.<\/p>\n","protected":false},"excerpt":{"rendered":"<p>Hay declaraciones que no solo llaman la atenci\u00f3n\u2026 encienden alarmas. Decir que la Defensor\u00eda de los Habitantes es \u201cabsolutamente in\u00fatil\u201d [&hellip;]<\/p>\n","protected":false},"author":1,"featured_media":3224,"comment_status":"open","ping_status":"open","sticky":false,"template":"","format":"standard","meta":{"site-sidebar-layout":"default","site-content-layout":"","ast-site-content-layout":"","site-content-style":"default","site-sidebar-style":"default","ast-global-header-display":"","ast-banner-title-visibility":"","ast-main-header-display":"","ast-hfb-above-header-display":"","ast-hfb-below-header-display":"","ast-hfb-mobile-header-display":"","site-post-title":"","ast-breadcrumbs-content":"","ast-featured-img":"","footer-sml-layout":"","theme-transparent-header-meta":"","adv-header-id-meta":"","stick-header-meta":"","header-above-stick-meta":"","header-main-stick-meta":"","header-below-stick-meta":"","astra-migrate-meta-layouts":"default","ast-page-background-enabled":"default","ast-page-background-meta":{"desktop":{"background-color":"var(--ast-global-color-5)","background-image":"","background-repeat":"repeat","background-position":"center center","background-size":"auto","background-attachment":"scroll","background-type":"","background-media":"","overlay-type":"","overlay-color":"","overlay-opacity":"","overlay-gradient":""},"tablet":{"background-color":"","background-image":"","background-repeat":"repeat","background-position":"center center","background-size":"auto","background-attachment":"scroll","background-type":"","background-media":"","overlay-type":"","overlay-color":"","overlay-opacity":"","overlay-gradient":""},"mobile":{"background-color":"","background-image":"","background-repeat":"repeat","background-position":"center center","background-size":"auto","background-attachment":"scroll","background-type":"","background-media":"","overlay-type":"","overlay-color":"","overlay-opacity":"","overlay-gradient":""}},"ast-content-background-meta":{"desktop":{"background-color":"var(--ast-global-color-4)","background-image":"","background-repeat":"repeat","background-position":"center center","background-size":"auto","background-attachment":"scroll","background-type":"","background-media":"","overlay-type":"","overlay-color":"","overlay-opacity":"","overlay-gradient":""},"tablet":{"background-color":"var(--ast-global-color-4)","background-image":"","background-repeat":"repeat","background-position":"center center","background-size":"auto","background-attachment":"scroll","background-type":"","background-media":"","overlay-type":"","overlay-color":"","overlay-opacity":"","overlay-gradient":""},"mobile":{"background-color":"var(--ast-global-color-4)","background-image":"","background-repeat":"repeat","background-position":"center center","background-size":"auto","background-attachment":"scroll","background-type":"","background-media":"","overlay-type":"","overlay-color":"","overlay-opacity":"","overlay-gradient":""}},"footnotes":""},"categories":[12],"tags":[],"class_list":["post-3222","post","type-post","status-publish","format-standard","has-post-thumbnail","hentry","category-politica-o-gobierno"],"yoast_head":"<!-- This site is optimized with the Yoast SEO plugin v26.0 - https:\/\/yoast.com\/wordpress\/plugins\/seo\/ -->\n<title>Cuando incomoda\u2026 es porque funciona - MI BLOG<\/title>\n<meta name=\"robots\" content=\"index, follow, max-snippet:-1, max-image-preview:large, max-video-preview:-1\" \/>\n<link rel=\"canonical\" href=\"https:\/\/viniciojarquin.com\/blog\/cuando-incomoda-es-porque-funciona\/\" \/>\n<meta property=\"og:locale\" content=\"es_ES\" \/>\n<meta property=\"og:type\" content=\"article\" \/>\n<meta property=\"og:title\" content=\"Cuando incomoda\u2026 es porque funciona - MI BLOG\" \/>\n<meta property=\"og:description\" content=\"Hay declaraciones que no solo llaman la atenci\u00f3n\u2026 encienden alarmas. Decir que la Defensor\u00eda de los Habitantes es \u201cabsolutamente in\u00fatil\u201d [&hellip;]\" \/>\n<meta property=\"og:url\" content=\"https:\/\/viniciojarquin.com\/blog\/cuando-incomoda-es-porque-funciona\/\" \/>\n<meta property=\"og:site_name\" content=\"MI BLOG\" \/>\n<meta property=\"article:publisher\" content=\"https:\/\/www.facebook.com\/vinicio.jarquin\" \/>\n<meta property=\"article:author\" content=\"https:\/\/www.facebook.com\/vinicio.jarquin\" \/>\n<meta property=\"article:published_time\" content=\"2026-03-30T23:08:53+00:00\" \/>\n<meta property=\"article:modified_time\" content=\"2026-03-30T23:13:53+00:00\" \/>\n<meta property=\"og:image\" content=\"https:\/\/viniciojarquin.com\/blog\/wp-content\/uploads\/2026\/03\/La-Defensoria.png\" \/>\n\t<meta property=\"og:image:width\" content=\"800\" \/>\n\t<meta property=\"og:image:height\" content=\"1200\" \/>\n\t<meta property=\"og:image:type\" content=\"image\/png\" \/>\n<meta name=\"author\" content=\"Vinicio Jarqu\u00edn\" \/>\n<meta name=\"twitter:card\" content=\"summary_large_image\" \/>\n<meta name=\"twitter:label1\" content=\"Escrito por\" \/>\n\t<meta name=\"twitter:data1\" content=\"Vinicio Jarqu\u00edn\" \/>\n\t<meta name=\"twitter:label2\" content=\"Tiempo de lectura\" \/>\n\t<meta name=\"twitter:data2\" content=\"3 minutos\" \/>\n<script type=\"application\/ld+json\" class=\"yoast-schema-graph\">{\"@context\":\"https:\/\/schema.org\",\"@graph\":[{\"@type\":\"Article\",\"@id\":\"https:\/\/viniciojarquin.com\/blog\/cuando-incomoda-es-porque-funciona\/#article\",\"isPartOf\":{\"@id\":\"https:\/\/viniciojarquin.com\/blog\/cuando-incomoda-es-porque-funciona\/\"},\"author\":{\"name\":\"Vinicio Jarqu\u00edn\",\"@id\":\"https:\/\/viniciojarquin.com\/blog\/#\/schema\/person\/90100c8845ae55462ec0657d3d2f8d3b\"},\"headline\":\"Cuando incomoda\u2026 es porque funciona\",\"datePublished\":\"2026-03-30T23:08:53+00:00\",\"dateModified\":\"2026-03-30T23:13:53+00:00\",\"mainEntityOfPage\":{\"@id\":\"https:\/\/viniciojarquin.com\/blog\/cuando-incomoda-es-porque-funciona\/\"},\"wordCount\":441,\"commentCount\":0,\"publisher\":{\"@id\":\"https:\/\/viniciojarquin.com\/blog\/#\/schema\/person\/90100c8845ae55462ec0657d3d2f8d3b\"},\"image\":{\"@id\":\"https:\/\/viniciojarquin.com\/blog\/cuando-incomoda-es-porque-funciona\/#primaryimage\"},\"thumbnailUrl\":\"https:\/\/viniciojarquin.com\/blog\/wp-content\/uploads\/2026\/03\/La-Defensoria.png\",\"articleSection\":[\"Pol\u00edtica varios\"],\"inLanguage\":\"es\",\"potentialAction\":[{\"@type\":\"CommentAction\",\"name\":\"Comment\",\"target\":[\"https:\/\/viniciojarquin.com\/blog\/cuando-incomoda-es-porque-funciona\/#respond\"]}]},{\"@type\":\"WebPage\",\"@id\":\"https:\/\/viniciojarquin.com\/blog\/cuando-incomoda-es-porque-funciona\/\",\"url\":\"https:\/\/viniciojarquin.com\/blog\/cuando-incomoda-es-porque-funciona\/\",\"name\":\"Cuando incomoda\u2026 es porque funciona - MI BLOG\",\"isPartOf\":{\"@id\":\"https:\/\/viniciojarquin.com\/blog\/#website\"},\"primaryImageOfPage\":{\"@id\":\"https:\/\/viniciojarquin.com\/blog\/cuando-incomoda-es-porque-funciona\/#primaryimage\"},\"image\":{\"@id\":\"https:\/\/viniciojarquin.com\/blog\/cuando-incomoda-es-porque-funciona\/#primaryimage\"},\"thumbnailUrl\":\"https:\/\/viniciojarquin.com\/blog\/wp-content\/uploads\/2026\/03\/La-Defensoria.png\",\"datePublished\":\"2026-03-30T23:08:53+00:00\",\"dateModified\":\"2026-03-30T23:13:53+00:00\",\"breadcrumb\":{\"@id\":\"https:\/\/viniciojarquin.com\/blog\/cuando-incomoda-es-porque-funciona\/#breadcrumb\"},\"inLanguage\":\"es\",\"potentialAction\":[{\"@type\":\"ReadAction\",\"target\":[\"https:\/\/viniciojarquin.com\/blog\/cuando-incomoda-es-porque-funciona\/\"]}]},{\"@type\":\"ImageObject\",\"inLanguage\":\"es\",\"@id\":\"https:\/\/viniciojarquin.com\/blog\/cuando-incomoda-es-porque-funciona\/#primaryimage\",\"url\":\"https:\/\/viniciojarquin.com\/blog\/wp-content\/uploads\/2026\/03\/La-Defensoria.png\",\"contentUrl\":\"https:\/\/viniciojarquin.com\/blog\/wp-content\/uploads\/2026\/03\/La-Defensoria.png\",\"width\":800,\"height\":1200},{\"@type\":\"BreadcrumbList\",\"@id\":\"https:\/\/viniciojarquin.com\/blog\/cuando-incomoda-es-porque-funciona\/#breadcrumb\",\"itemListElement\":[{\"@type\":\"ListItem\",\"position\":1,\"name\":\"Portada\",\"item\":\"https:\/\/viniciojarquin.com\/blog\/\"},{\"@type\":\"ListItem\",\"position\":2,\"name\":\"Cuando incomoda\u2026 es porque funciona\"}]},{\"@type\":\"WebSite\",\"@id\":\"https:\/\/viniciojarquin.com\/blog\/#website\",\"url\":\"https:\/\/viniciojarquin.com\/blog\/\",\"name\":\"Vinicio Jarqu\u00edn BLOG\",\"description\":\"\",\"publisher\":{\"@id\":\"https:\/\/viniciojarquin.com\/blog\/#\/schema\/person\/90100c8845ae55462ec0657d3d2f8d3b\"},\"potentialAction\":[{\"@type\":\"SearchAction\",\"target\":{\"@type\":\"EntryPoint\",\"urlTemplate\":\"https:\/\/viniciojarquin.com\/blog\/?s={search_term_string}\"},\"query-input\":{\"@type\":\"PropertyValueSpecification\",\"valueRequired\":true,\"valueName\":\"search_term_string\"}}],\"inLanguage\":\"es\"},{\"@type\":[\"Person\",\"Organization\"],\"@id\":\"https:\/\/viniciojarquin.com\/blog\/#\/schema\/person\/90100c8845ae55462ec0657d3d2f8d3b\",\"name\":\"Vinicio Jarqu\u00edn\",\"image\":{\"@type\":\"ImageObject\",\"inLanguage\":\"es\",\"@id\":\"https:\/\/viniciojarquin.com\/blog\/#\/schema\/person\/image\/\",\"url\":\"https:\/\/viniciojarquin.com\/blog\/wp-content\/uploads\/2024\/10\/Logo-VinicioJarquin-original-400.png\",\"contentUrl\":\"https:\/\/viniciojarquin.com\/blog\/wp-content\/uploads\/2024\/10\/Logo-VinicioJarquin-original-400.png\",\"width\":400,\"height\":130,\"caption\":\"Vinicio Jarqu\u00edn\"},\"logo\":{\"@id\":\"https:\/\/viniciojarquin.com\/blog\/#\/schema\/person\/image\/\"},\"description\":\"Empresario textil, artista pl\u00e1stico, escritor, coach de vida y fot\u00f3grafo.\",\"sameAs\":[\"https:\/\/viniciojarquin.com\/blog\",\"https:\/\/www.facebook.com\/vinicio.jarquin\",\"https:\/\/www.instagram.com\/vinicio_jarquin\/\",\"https:\/\/www.pinterest.com\/vinnyjc\/\",\"https:\/\/www.youtube.com\/@VinicioJarquin\"],\"url\":\"https:\/\/viniciojarquin.com\/blog\/author\/admin_s02au25i\/\"}]}<\/script>\n<!-- \/ Yoast SEO plugin. -->","yoast_head_json":{"title":"Cuando incomoda\u2026 es porque funciona - MI BLOG","robots":{"index":"index","follow":"follow","max-snippet":"max-snippet:-1","max-image-preview":"max-image-preview:large","max-video-preview":"max-video-preview:-1"},"canonical":"https:\/\/viniciojarquin.com\/blog\/cuando-incomoda-es-porque-funciona\/","og_locale":"es_ES","og_type":"article","og_title":"Cuando incomoda\u2026 es porque funciona - MI BLOG","og_description":"Hay declaraciones que no solo llaman la atenci\u00f3n\u2026 encienden alarmas. Decir que la Defensor\u00eda de los Habitantes es \u201cabsolutamente in\u00fatil\u201d [&hellip;]","og_url":"https:\/\/viniciojarquin.com\/blog\/cuando-incomoda-es-porque-funciona\/","og_site_name":"MI BLOG","article_publisher":"https:\/\/www.facebook.com\/vinicio.jarquin","article_author":"https:\/\/www.facebook.com\/vinicio.jarquin","article_published_time":"2026-03-30T23:08:53+00:00","article_modified_time":"2026-03-30T23:13:53+00:00","og_image":[{"width":800,"height":1200,"url":"https:\/\/viniciojarquin.com\/blog\/wp-content\/uploads\/2026\/03\/La-Defensoria.png","type":"image\/png"}],"author":"Vinicio Jarqu\u00edn","twitter_card":"summary_large_image","twitter_misc":{"Escrito por":"Vinicio Jarqu\u00edn","Tiempo de lectura":"3 minutos"},"schema":{"@context":"https:\/\/schema.org","@graph":[{"@type":"Article","@id":"https:\/\/viniciojarquin.com\/blog\/cuando-incomoda-es-porque-funciona\/#article","isPartOf":{"@id":"https:\/\/viniciojarquin.com\/blog\/cuando-incomoda-es-porque-funciona\/"},"author":{"name":"Vinicio Jarqu\u00edn","@id":"https:\/\/viniciojarquin.com\/blog\/#\/schema\/person\/90100c8845ae55462ec0657d3d2f8d3b"},"headline":"Cuando incomoda\u2026 es porque funciona","datePublished":"2026-03-30T23:08:53+00:00","dateModified":"2026-03-30T23:13:53+00:00","mainEntityOfPage":{"@id":"https:\/\/viniciojarquin.com\/blog\/cuando-incomoda-es-porque-funciona\/"},"wordCount":441,"commentCount":0,"publisher":{"@id":"https:\/\/viniciojarquin.com\/blog\/#\/schema\/person\/90100c8845ae55462ec0657d3d2f8d3b"},"image":{"@id":"https:\/\/viniciojarquin.com\/blog\/cuando-incomoda-es-porque-funciona\/#primaryimage"},"thumbnailUrl":"https:\/\/viniciojarquin.com\/blog\/wp-content\/uploads\/2026\/03\/La-Defensoria.png","articleSection":["Pol\u00edtica varios"],"inLanguage":"es","potentialAction":[{"@type":"CommentAction","name":"Comment","target":["https:\/\/viniciojarquin.com\/blog\/cuando-incomoda-es-porque-funciona\/#respond"]}]},{"@type":"WebPage","@id":"https:\/\/viniciojarquin.com\/blog\/cuando-incomoda-es-porque-funciona\/","url":"https:\/\/viniciojarquin.com\/blog\/cuando-incomoda-es-porque-funciona\/","name":"Cuando incomoda\u2026 es porque funciona - MI BLOG","isPartOf":{"@id":"https:\/\/viniciojarquin.com\/blog\/#website"},"primaryImageOfPage":{"@id":"https:\/\/viniciojarquin.com\/blog\/cuando-incomoda-es-porque-funciona\/#primaryimage"},"image":{"@id":"https:\/\/viniciojarquin.com\/blog\/cuando-incomoda-es-porque-funciona\/#primaryimage"},"thumbnailUrl":"https:\/\/viniciojarquin.com\/blog\/wp-content\/uploads\/2026\/03\/La-Defensoria.png","datePublished":"2026-03-30T23:08:53+00:00","dateModified":"2026-03-30T23:13:53+00:00","breadcrumb":{"@id":"https:\/\/viniciojarquin.com\/blog\/cuando-incomoda-es-porque-funciona\/#breadcrumb"},"inLanguage":"es","potentialAction":[{"@type":"ReadAction","target":["https:\/\/viniciojarquin.com\/blog\/cuando-incomoda-es-porque-funciona\/"]}]},{"@type":"ImageObject","inLanguage":"es","@id":"https:\/\/viniciojarquin.com\/blog\/cuando-incomoda-es-porque-funciona\/#primaryimage","url":"https:\/\/viniciojarquin.com\/blog\/wp-content\/uploads\/2026\/03\/La-Defensoria.png","contentUrl":"https:\/\/viniciojarquin.com\/blog\/wp-content\/uploads\/2026\/03\/La-Defensoria.png","width":800,"height":1200},{"@type":"BreadcrumbList","@id":"https:\/\/viniciojarquin.com\/blog\/cuando-incomoda-es-porque-funciona\/#breadcrumb","itemListElement":[{"@type":"ListItem","position":1,"name":"Portada","item":"https:\/\/viniciojarquin.com\/blog\/"},{"@type":"ListItem","position":2,"name":"Cuando incomoda\u2026 es porque funciona"}]},{"@type":"WebSite","@id":"https:\/\/viniciojarquin.com\/blog\/#website","url":"https:\/\/viniciojarquin.com\/blog\/","name":"Vinicio Jarqu\u00edn BLOG","description":"","publisher":{"@id":"https:\/\/viniciojarquin.com\/blog\/#\/schema\/person\/90100c8845ae55462ec0657d3d2f8d3b"},"potentialAction":[{"@type":"SearchAction","target":{"@type":"EntryPoint","urlTemplate":"https:\/\/viniciojarquin.com\/blog\/?s={search_term_string}"},"query-input":{"@type":"PropertyValueSpecification","valueRequired":true,"valueName":"search_term_string"}}],"inLanguage":"es"},{"@type":["Person","Organization"],"@id":"https:\/\/viniciojarquin.com\/blog\/#\/schema\/person\/90100c8845ae55462ec0657d3d2f8d3b","name":"Vinicio Jarqu\u00edn","image":{"@type":"ImageObject","inLanguage":"es","@id":"https:\/\/viniciojarquin.com\/blog\/#\/schema\/person\/image\/","url":"https:\/\/viniciojarquin.com\/blog\/wp-content\/uploads\/2024\/10\/Logo-VinicioJarquin-original-400.png","contentUrl":"https:\/\/viniciojarquin.com\/blog\/wp-content\/uploads\/2024\/10\/Logo-VinicioJarquin-original-400.png","width":400,"height":130,"caption":"Vinicio Jarqu\u00edn"},"logo":{"@id":"https:\/\/viniciojarquin.com\/blog\/#\/schema\/person\/image\/"},"description":"Empresario textil, artista pl\u00e1stico, escritor, coach de vida y fot\u00f3grafo.","sameAs":["https:\/\/viniciojarquin.com\/blog","https:\/\/www.facebook.com\/vinicio.jarquin","https:\/\/www.instagram.com\/vinicio_jarquin\/","https:\/\/www.pinterest.com\/vinnyjc\/","https:\/\/www.youtube.com\/@VinicioJarquin"],"url":"https:\/\/viniciojarquin.com\/blog\/author\/admin_s02au25i\/"}]}},"blog_post_layout_featured_media_urls":{"thumbnail":["https:\/\/viniciojarquin.com\/blog\/wp-content\/uploads\/2026\/03\/La-Defensoria-150x150.png",150,150,true],"full":["https:\/\/viniciojarquin.com\/blog\/wp-content\/uploads\/2026\/03\/La-Defensoria.png",800,1200,false]},"categories_names":{"12":{"name":"Pol\u00edtica varios","link":"https:\/\/viniciojarquin.com\/blog\/category\/politica-o-gobierno\/"}},"tags_names":[],"comments_number":"0","_links":{"self":[{"href":"https:\/\/viniciojarquin.com\/blog\/wp-json\/wp\/v2\/posts\/3222","targetHints":{"allow":["GET"]}}],"collection":[{"href":"https:\/\/viniciojarquin.com\/blog\/wp-json\/wp\/v2\/posts"}],"about":[{"href":"https:\/\/viniciojarquin.com\/blog\/wp-json\/wp\/v2\/types\/post"}],"author":[{"embeddable":true,"href":"https:\/\/viniciojarquin.com\/blog\/wp-json\/wp\/v2\/users\/1"}],"replies":[{"embeddable":true,"href":"https:\/\/viniciojarquin.com\/blog\/wp-json\/wp\/v2\/comments?post=3222"}],"version-history":[{"count":2,"href":"https:\/\/viniciojarquin.com\/blog\/wp-json\/wp\/v2\/posts\/3222\/revisions"}],"predecessor-version":[{"id":3225,"href":"https:\/\/viniciojarquin.com\/blog\/wp-json\/wp\/v2\/posts\/3222\/revisions\/3225"}],"wp:featuredmedia":[{"embeddable":true,"href":"https:\/\/viniciojarquin.com\/blog\/wp-json\/wp\/v2\/media\/3224"}],"wp:attachment":[{"href":"https:\/\/viniciojarquin.com\/blog\/wp-json\/wp\/v2\/media?parent=3222"}],"wp:term":[{"taxonomy":"category","embeddable":true,"href":"https:\/\/viniciojarquin.com\/blog\/wp-json\/wp\/v2\/categories?post=3222"},{"taxonomy":"post_tag","embeddable":true,"href":"https:\/\/viniciojarquin.com\/blog\/wp-json\/wp\/v2\/tags?post=3222"}],"curies":[{"name":"wp","href":"https:\/\/api.w.org\/{rel}","templated":true}]}}