{"id":3227,"date":"2026-03-30T23:22:41","date_gmt":"2026-03-30T23:22:41","guid":{"rendered":"https:\/\/viniciojarquin.com\/blog\/?p=3227"},"modified":"2026-03-30T23:32:40","modified_gmt":"2026-03-30T23:32:40","slug":"votaron-por-una-persona-o-por-una-continuidad","status":"publish","type":"post","link":"https:\/\/viniciojarquin.com\/blog\/votaron-por-una-persona-o-por-una-continuidad\/","title":{"rendered":"\u00bfVotaron por una persona\u2026 o por una continuidad?"},"content":{"rendered":"\n<p>Hay algo que me llama la atenci\u00f3n en la forma en la que se habla del resultado electoral. Se repite, con bastante seguridad, que la presidenta electa es la figura que convenci\u00f3, que moviliz\u00f3, que gan\u00f3 por m\u00e9rito propio. Y puede que as\u00ed sea. Pero tambi\u00e9n vale la pena hacerse una pregunta, aunque incomode.<\/p>\n\n\n\n<p>\u00bfRealmente el voto fue hacia ella\u2026 o hacia lo que representa?<\/p>\n\n\n\n<p>Porque cuando un presidente sale con niveles altos de aprobaci\u00f3n, no solo deja un legado. Tambi\u00e9n deja una influencia. Una capacidad de transferir respaldo, de inclinar la balanza, de convertir una elecci\u00f3n en una extensi\u00f3n de su propio liderazgo. Y eso no es necesariamente negativo\u2026 pero s\u00ed es algo que merece ser reconocido con honestidad.<\/p>\n\n\n\n<p>Desde mi punto de vista, es v\u00e1lido preguntarse si una parte importante de ese voto no estuvo motivada m\u00e1s por la figura que ya estaba, que por la que ven\u00eda. No como descalificaci\u00f3n, sino como lectura pol\u00edtica. Porque en muchos casos, lo que la gente elige no es solo una persona\u2026 es una continuidad, una sensaci\u00f3n de estabilidad, o incluso una apuesta por mantener lo que ya conoce.<\/p>\n\n\n\n<p>Y aqu\u00ed aparece otra capa de la conversaci\u00f3n.<\/p>\n\n\n\n<p>Cuando se construye la idea de que la persona electa es, por s\u00ed sola, incuestionable, perfecta o completamente autosuficiente, se deja de lado algo importante: el an\u00e1lisis real de sus capacidades, de sus retos y de lo que implicar\u00e1 gobernar sin el contexto que la llev\u00f3 ah\u00ed.<\/p>\n\n\n\n<p>No estoy afirmando que no tenga la capacidad. Tampoco estoy afirmando que la tenga. Lo que s\u00ed creo es que muchas veces estas conversaciones no se dan con la profundidad que merecen. Porque es m\u00e1s f\u00e1cil sostener una narrativa que cuestionarla.<\/p>\n\n\n\n<p>Y tal vez ah\u00ed est\u00e1 el punto.<\/p>\n\n\n\n<p>Porque incluso quienes votaron por esa opci\u00f3n \u2014y esto es una percepci\u00f3n, no una afirmaci\u00f3n\u2014 podr\u00edan estar m\u00e1s claros de lo que parece sobre lo que realmente eligieron. No necesariamente una figura aislada, sino una continuidad de poder, de estilo y de direcci\u00f3n.<\/p>\n\n\n\n<p>Y eso abre una pregunta que no es menor.<\/p>\n\n\n\n<p>\u00bfQu\u00e9 pasa cuando esa continuidad ya no est\u00e9? \u00bfQu\u00e9 pasa cuando toque sostener el liderazgo desde lo propio, sin la sombra ni el impulso de quien estuvo antes?<\/p>\n\n\n\n<p>Tal vez todo salga bien. Tal vez no. Perfectamente puedo estar equivocado.<\/p>\n\n\n\n<p>Pero lo que s\u00ed creo es que vale la pena hacerse la pregunta\u2026 antes de dar por sentado algo que, en el fondo, muchos todav\u00eda est\u00e1n tratando de entender.<\/p>\n\n\n\n<figure class=\"wp-block-image size-full\"><img decoding=\"async\" width=\"800\" height=\"533\" data-src=\"https:\/\/viniciojarquin.com\/blog\/wp-content\/uploads\/2026\/03\/Votaron-por-una-persona-o-por-la-continuidad.png\" alt=\"\" class=\"wp-image-3235 lazyload\" data-srcset=\"https:\/\/viniciojarquin.com\/blog\/wp-content\/uploads\/2026\/03\/Votaron-por-una-persona-o-por-la-continuidad.png 800w, https:\/\/viniciojarquin.com\/blog\/wp-content\/uploads\/2026\/03\/Votaron-por-una-persona-o-por-la-continuidad-300x200.png 300w, https:\/\/viniciojarquin.com\/blog\/wp-content\/uploads\/2026\/03\/Votaron-por-una-persona-o-por-la-continuidad-768x512.png 768w\" data-sizes=\"(max-width: 800px) 100vw, 800px\" src=\"data:image\/svg+xml;base64,PHN2ZyB3aWR0aD0iMSIgaGVpZ2h0PSIxIiB4bWxucz0iaHR0cDovL3d3dy53My5vcmcvMjAwMC9zdmciPjwvc3ZnPg==\" style=\"--smush-placeholder-width: 800px; --smush-placeholder-aspect-ratio: 800\/533;\" \/><\/figure>\n","protected":false},"excerpt":{"rendered":"<p>Hay algo que me llama la atenci\u00f3n en la forma en la que se habla del resultado electoral. Se repite, [&hellip;]<\/p>\n","protected":false},"author":1,"featured_media":3235,"comment_status":"open","ping_status":"open","sticky":false,"template":"","format":"standard","meta":{"site-sidebar-layout":"default","site-content-layout":"","ast-site-content-layout":"","site-content-style":"default","site-sidebar-style":"default","ast-global-header-display":"","ast-banner-title-visibility":"","ast-main-header-display":"","ast-hfb-above-header-display":"","ast-hfb-below-header-display":"","ast-hfb-mobile-header-display":"","site-post-title":"","ast-breadcrumbs-content":"","ast-featured-img":"","footer-sml-layout":"","theme-transparent-header-meta":"","adv-header-id-meta":"","stick-header-meta":"","header-above-stick-meta":"","header-main-stick-meta":"","header-below-stick-meta":"","astra-migrate-meta-layouts":"default","ast-page-background-enabled":"default","ast-page-background-meta":{"desktop":{"background-color":"var(--ast-global-color-5)","background-image":"","background-repeat":"repeat","background-position":"center center","background-size":"auto","background-attachment":"scroll","background-type":"","background-media":"","overlay-type":"","overlay-color":"","overlay-opacity":"","overlay-gradient":""},"tablet":{"background-color":"","background-image":"","background-repeat":"repeat","background-position":"center center","background-size":"auto","background-attachment":"scroll","background-type":"","background-media":"","overlay-type":"","overlay-color":"","overlay-opacity":"","overlay-gradient":""},"mobile":{"background-color":"","background-image":"","background-repeat":"repeat","background-position":"center center","background-size":"auto","background-attachment":"scroll","background-type":"","background-media":"","overlay-type":"","overlay-color":"","overlay-opacity":"","overlay-gradient":""}},"ast-content-background-meta":{"desktop":{"background-color":"var(--ast-global-color-4)","background-image":"","background-repeat":"repeat","background-position":"center center","background-size":"auto","background-attachment":"scroll","background-type":"","background-media":"","overlay-type":"","overlay-color":"","overlay-opacity":"","overlay-gradient":""},"tablet":{"background-color":"var(--ast-global-color-4)","background-image":"","background-repeat":"repeat","background-position":"center center","background-size":"auto","background-attachment":"scroll","background-type":"","background-media":"","overlay-type":"","overlay-color":"","overlay-opacity":"","overlay-gradient":""},"mobile":{"background-color":"var(--ast-global-color-4)","background-image":"","background-repeat":"repeat","background-position":"center center","background-size":"auto","background-attachment":"scroll","background-type":"","background-media":"","overlay-type":"","overlay-color":"","overlay-opacity":"","overlay-gradient":""}},"footnotes":""},"categories":[12],"tags":[],"class_list":["post-3227","post","type-post","status-publish","format-standard","has-post-thumbnail","hentry","category-politica-o-gobierno"],"yoast_head":"<!-- This site is optimized with the Yoast SEO plugin v26.0 - https:\/\/yoast.com\/wordpress\/plugins\/seo\/ -->\n<title>\u00bfVotaron por una persona\u2026 o por una continuidad? - MI BLOG<\/title>\n<meta name=\"robots\" content=\"index, follow, max-snippet:-1, max-image-preview:large, max-video-preview:-1\" \/>\n<link rel=\"canonical\" href=\"https:\/\/viniciojarquin.com\/blog\/votaron-por-una-persona-o-por-una-continuidad\/\" \/>\n<meta property=\"og:locale\" content=\"es_ES\" \/>\n<meta property=\"og:type\" content=\"article\" \/>\n<meta property=\"og:title\" content=\"\u00bfVotaron por una persona\u2026 o por una continuidad? - MI BLOG\" \/>\n<meta property=\"og:description\" content=\"Hay algo que me llama la atenci\u00f3n en la forma en la que se habla del resultado electoral. Se repite, [&hellip;]\" \/>\n<meta property=\"og:url\" content=\"https:\/\/viniciojarquin.com\/blog\/votaron-por-una-persona-o-por-una-continuidad\/\" \/>\n<meta property=\"og:site_name\" content=\"MI BLOG\" \/>\n<meta property=\"article:publisher\" content=\"https:\/\/www.facebook.com\/vinicio.jarquin\" \/>\n<meta property=\"article:author\" content=\"https:\/\/www.facebook.com\/vinicio.jarquin\" \/>\n<meta property=\"article:published_time\" content=\"2026-03-30T23:22:41+00:00\" \/>\n<meta property=\"article:modified_time\" content=\"2026-03-30T23:32:40+00:00\" \/>\n<meta property=\"og:image\" content=\"https:\/\/viniciojarquin.com\/blog\/wp-content\/uploads\/2026\/03\/Votaron-por-una-persona-o-por-la-continuidad.png\" \/>\n\t<meta property=\"og:image:width\" content=\"800\" \/>\n\t<meta property=\"og:image:height\" content=\"533\" \/>\n\t<meta property=\"og:image:type\" content=\"image\/png\" \/>\n<meta name=\"author\" content=\"Vinicio Jarqu\u00edn\" \/>\n<meta name=\"twitter:card\" content=\"summary_large_image\" \/>\n<meta name=\"twitter:label1\" content=\"Escrito por\" \/>\n\t<meta name=\"twitter:data1\" content=\"Vinicio Jarqu\u00edn\" \/>\n\t<meta name=\"twitter:label2\" content=\"Tiempo de lectura\" \/>\n\t<meta name=\"twitter:data2\" content=\"3 minutos\" \/>\n<script type=\"application\/ld+json\" class=\"yoast-schema-graph\">{\"@context\":\"https:\/\/schema.org\",\"@graph\":[{\"@type\":\"Article\",\"@id\":\"https:\/\/viniciojarquin.com\/blog\/votaron-por-una-persona-o-por-una-continuidad\/#article\",\"isPartOf\":{\"@id\":\"https:\/\/viniciojarquin.com\/blog\/votaron-por-una-persona-o-por-una-continuidad\/\"},\"author\":{\"name\":\"Vinicio Jarqu\u00edn\",\"@id\":\"https:\/\/viniciojarquin.com\/blog\/#\/schema\/person\/90100c8845ae55462ec0657d3d2f8d3b\"},\"headline\":\"\u00bfVotaron por una persona\u2026 o por una continuidad?\",\"datePublished\":\"2026-03-30T23:22:41+00:00\",\"dateModified\":\"2026-03-30T23:32:40+00:00\",\"mainEntityOfPage\":{\"@id\":\"https:\/\/viniciojarquin.com\/blog\/votaron-por-una-persona-o-por-una-continuidad\/\"},\"wordCount\":445,\"commentCount\":0,\"publisher\":{\"@id\":\"https:\/\/viniciojarquin.com\/blog\/#\/schema\/person\/90100c8845ae55462ec0657d3d2f8d3b\"},\"image\":{\"@id\":\"https:\/\/viniciojarquin.com\/blog\/votaron-por-una-persona-o-por-una-continuidad\/#primaryimage\"},\"thumbnailUrl\":\"https:\/\/viniciojarquin.com\/blog\/wp-content\/uploads\/2026\/03\/Votaron-por-una-persona-o-por-la-continuidad.png\",\"articleSection\":[\"Pol\u00edtica varios\"],\"inLanguage\":\"es\",\"potentialAction\":[{\"@type\":\"CommentAction\",\"name\":\"Comment\",\"target\":[\"https:\/\/viniciojarquin.com\/blog\/votaron-por-una-persona-o-por-una-continuidad\/#respond\"]}]},{\"@type\":\"WebPage\",\"@id\":\"https:\/\/viniciojarquin.com\/blog\/votaron-por-una-persona-o-por-una-continuidad\/\",\"url\":\"https:\/\/viniciojarquin.com\/blog\/votaron-por-una-persona-o-por-una-continuidad\/\",\"name\":\"\u00bfVotaron por una persona\u2026 o por una continuidad? - MI BLOG\",\"isPartOf\":{\"@id\":\"https:\/\/viniciojarquin.com\/blog\/#website\"},\"primaryImageOfPage\":{\"@id\":\"https:\/\/viniciojarquin.com\/blog\/votaron-por-una-persona-o-por-una-continuidad\/#primaryimage\"},\"image\":{\"@id\":\"https:\/\/viniciojarquin.com\/blog\/votaron-por-una-persona-o-por-una-continuidad\/#primaryimage\"},\"thumbnailUrl\":\"https:\/\/viniciojarquin.com\/blog\/wp-content\/uploads\/2026\/03\/Votaron-por-una-persona-o-por-la-continuidad.png\",\"datePublished\":\"2026-03-30T23:22:41+00:00\",\"dateModified\":\"2026-03-30T23:32:40+00:00\",\"breadcrumb\":{\"@id\":\"https:\/\/viniciojarquin.com\/blog\/votaron-por-una-persona-o-por-una-continuidad\/#breadcrumb\"},\"inLanguage\":\"es\",\"potentialAction\":[{\"@type\":\"ReadAction\",\"target\":[\"https:\/\/viniciojarquin.com\/blog\/votaron-por-una-persona-o-por-una-continuidad\/\"]}]},{\"@type\":\"ImageObject\",\"inLanguage\":\"es\",\"@id\":\"https:\/\/viniciojarquin.com\/blog\/votaron-por-una-persona-o-por-una-continuidad\/#primaryimage\",\"url\":\"https:\/\/viniciojarquin.com\/blog\/wp-content\/uploads\/2026\/03\/Votaron-por-una-persona-o-por-la-continuidad.png\",\"contentUrl\":\"https:\/\/viniciojarquin.com\/blog\/wp-content\/uploads\/2026\/03\/Votaron-por-una-persona-o-por-la-continuidad.png\",\"width\":800,\"height\":533},{\"@type\":\"BreadcrumbList\",\"@id\":\"https:\/\/viniciojarquin.com\/blog\/votaron-por-una-persona-o-por-una-continuidad\/#breadcrumb\",\"itemListElement\":[{\"@type\":\"ListItem\",\"position\":1,\"name\":\"Portada\",\"item\":\"https:\/\/viniciojarquin.com\/blog\/\"},{\"@type\":\"ListItem\",\"position\":2,\"name\":\"\u00bfVotaron por una persona\u2026 o por una continuidad?\"}]},{\"@type\":\"WebSite\",\"@id\":\"https:\/\/viniciojarquin.com\/blog\/#website\",\"url\":\"https:\/\/viniciojarquin.com\/blog\/\",\"name\":\"Vinicio Jarqu\u00edn BLOG\",\"description\":\"\",\"publisher\":{\"@id\":\"https:\/\/viniciojarquin.com\/blog\/#\/schema\/person\/90100c8845ae55462ec0657d3d2f8d3b\"},\"potentialAction\":[{\"@type\":\"SearchAction\",\"target\":{\"@type\":\"EntryPoint\",\"urlTemplate\":\"https:\/\/viniciojarquin.com\/blog\/?s={search_term_string}\"},\"query-input\":{\"@type\":\"PropertyValueSpecification\",\"valueRequired\":true,\"valueName\":\"search_term_string\"}}],\"inLanguage\":\"es\"},{\"@type\":[\"Person\",\"Organization\"],\"@id\":\"https:\/\/viniciojarquin.com\/blog\/#\/schema\/person\/90100c8845ae55462ec0657d3d2f8d3b\",\"name\":\"Vinicio Jarqu\u00edn\",\"image\":{\"@type\":\"ImageObject\",\"inLanguage\":\"es\",\"@id\":\"https:\/\/viniciojarquin.com\/blog\/#\/schema\/person\/image\/\",\"url\":\"https:\/\/viniciojarquin.com\/blog\/wp-content\/uploads\/2024\/10\/Logo-VinicioJarquin-original-400.png\",\"contentUrl\":\"https:\/\/viniciojarquin.com\/blog\/wp-content\/uploads\/2024\/10\/Logo-VinicioJarquin-original-400.png\",\"width\":400,\"height\":130,\"caption\":\"Vinicio Jarqu\u00edn\"},\"logo\":{\"@id\":\"https:\/\/viniciojarquin.com\/blog\/#\/schema\/person\/image\/\"},\"description\":\"Empresario textil, artista pl\u00e1stico, escritor, coach de vida y fot\u00f3grafo.\",\"sameAs\":[\"https:\/\/viniciojarquin.com\/blog\",\"https:\/\/www.facebook.com\/vinicio.jarquin\",\"https:\/\/www.instagram.com\/vinicio_jarquin\/\",\"https:\/\/www.pinterest.com\/vinnyjc\/\",\"https:\/\/www.youtube.com\/@VinicioJarquin\"],\"url\":\"https:\/\/viniciojarquin.com\/blog\/author\/admin_s02au25i\/\"}]}<\/script>\n<!-- \/ Yoast SEO plugin. -->","yoast_head_json":{"title":"\u00bfVotaron por una persona\u2026 o por una continuidad? - MI BLOG","robots":{"index":"index","follow":"follow","max-snippet":"max-snippet:-1","max-image-preview":"max-image-preview:large","max-video-preview":"max-video-preview:-1"},"canonical":"https:\/\/viniciojarquin.com\/blog\/votaron-por-una-persona-o-por-una-continuidad\/","og_locale":"es_ES","og_type":"article","og_title":"\u00bfVotaron por una persona\u2026 o por una continuidad? - MI BLOG","og_description":"Hay algo que me llama la atenci\u00f3n en la forma en la que se habla del resultado electoral. Se repite, [&hellip;]","og_url":"https:\/\/viniciojarquin.com\/blog\/votaron-por-una-persona-o-por-una-continuidad\/","og_site_name":"MI BLOG","article_publisher":"https:\/\/www.facebook.com\/vinicio.jarquin","article_author":"https:\/\/www.facebook.com\/vinicio.jarquin","article_published_time":"2026-03-30T23:22:41+00:00","article_modified_time":"2026-03-30T23:32:40+00:00","og_image":[{"width":800,"height":533,"url":"https:\/\/viniciojarquin.com\/blog\/wp-content\/uploads\/2026\/03\/Votaron-por-una-persona-o-por-la-continuidad.png","type":"image\/png"}],"author":"Vinicio Jarqu\u00edn","twitter_card":"summary_large_image","twitter_misc":{"Escrito por":"Vinicio Jarqu\u00edn","Tiempo de lectura":"3 minutos"},"schema":{"@context":"https:\/\/schema.org","@graph":[{"@type":"Article","@id":"https:\/\/viniciojarquin.com\/blog\/votaron-por-una-persona-o-por-una-continuidad\/#article","isPartOf":{"@id":"https:\/\/viniciojarquin.com\/blog\/votaron-por-una-persona-o-por-una-continuidad\/"},"author":{"name":"Vinicio Jarqu\u00edn","@id":"https:\/\/viniciojarquin.com\/blog\/#\/schema\/person\/90100c8845ae55462ec0657d3d2f8d3b"},"headline":"\u00bfVotaron por una persona\u2026 o por una continuidad?","datePublished":"2026-03-30T23:22:41+00:00","dateModified":"2026-03-30T23:32:40+00:00","mainEntityOfPage":{"@id":"https:\/\/viniciojarquin.com\/blog\/votaron-por-una-persona-o-por-una-continuidad\/"},"wordCount":445,"commentCount":0,"publisher":{"@id":"https:\/\/viniciojarquin.com\/blog\/#\/schema\/person\/90100c8845ae55462ec0657d3d2f8d3b"},"image":{"@id":"https:\/\/viniciojarquin.com\/blog\/votaron-por-una-persona-o-por-una-continuidad\/#primaryimage"},"thumbnailUrl":"https:\/\/viniciojarquin.com\/blog\/wp-content\/uploads\/2026\/03\/Votaron-por-una-persona-o-por-la-continuidad.png","articleSection":["Pol\u00edtica varios"],"inLanguage":"es","potentialAction":[{"@type":"CommentAction","name":"Comment","target":["https:\/\/viniciojarquin.com\/blog\/votaron-por-una-persona-o-por-una-continuidad\/#respond"]}]},{"@type":"WebPage","@id":"https:\/\/viniciojarquin.com\/blog\/votaron-por-una-persona-o-por-una-continuidad\/","url":"https:\/\/viniciojarquin.com\/blog\/votaron-por-una-persona-o-por-una-continuidad\/","name":"\u00bfVotaron por una persona\u2026 o por una continuidad? - MI BLOG","isPartOf":{"@id":"https:\/\/viniciojarquin.com\/blog\/#website"},"primaryImageOfPage":{"@id":"https:\/\/viniciojarquin.com\/blog\/votaron-por-una-persona-o-por-una-continuidad\/#primaryimage"},"image":{"@id":"https:\/\/viniciojarquin.com\/blog\/votaron-por-una-persona-o-por-una-continuidad\/#primaryimage"},"thumbnailUrl":"https:\/\/viniciojarquin.com\/blog\/wp-content\/uploads\/2026\/03\/Votaron-por-una-persona-o-por-la-continuidad.png","datePublished":"2026-03-30T23:22:41+00:00","dateModified":"2026-03-30T23:32:40+00:00","breadcrumb":{"@id":"https:\/\/viniciojarquin.com\/blog\/votaron-por-una-persona-o-por-una-continuidad\/#breadcrumb"},"inLanguage":"es","potentialAction":[{"@type":"ReadAction","target":["https:\/\/viniciojarquin.com\/blog\/votaron-por-una-persona-o-por-una-continuidad\/"]}]},{"@type":"ImageObject","inLanguage":"es","@id":"https:\/\/viniciojarquin.com\/blog\/votaron-por-una-persona-o-por-una-continuidad\/#primaryimage","url":"https:\/\/viniciojarquin.com\/blog\/wp-content\/uploads\/2026\/03\/Votaron-por-una-persona-o-por-la-continuidad.png","contentUrl":"https:\/\/viniciojarquin.com\/blog\/wp-content\/uploads\/2026\/03\/Votaron-por-una-persona-o-por-la-continuidad.png","width":800,"height":533},{"@type":"BreadcrumbList","@id":"https:\/\/viniciojarquin.com\/blog\/votaron-por-una-persona-o-por-una-continuidad\/#breadcrumb","itemListElement":[{"@type":"ListItem","position":1,"name":"Portada","item":"https:\/\/viniciojarquin.com\/blog\/"},{"@type":"ListItem","position":2,"name":"\u00bfVotaron por una persona\u2026 o por una continuidad?"}]},{"@type":"WebSite","@id":"https:\/\/viniciojarquin.com\/blog\/#website","url":"https:\/\/viniciojarquin.com\/blog\/","name":"Vinicio Jarqu\u00edn BLOG","description":"","publisher":{"@id":"https:\/\/viniciojarquin.com\/blog\/#\/schema\/person\/90100c8845ae55462ec0657d3d2f8d3b"},"potentialAction":[{"@type":"SearchAction","target":{"@type":"EntryPoint","urlTemplate":"https:\/\/viniciojarquin.com\/blog\/?s={search_term_string}"},"query-input":{"@type":"PropertyValueSpecification","valueRequired":true,"valueName":"search_term_string"}}],"inLanguage":"es"},{"@type":["Person","Organization"],"@id":"https:\/\/viniciojarquin.com\/blog\/#\/schema\/person\/90100c8845ae55462ec0657d3d2f8d3b","name":"Vinicio Jarqu\u00edn","image":{"@type":"ImageObject","inLanguage":"es","@id":"https:\/\/viniciojarquin.com\/blog\/#\/schema\/person\/image\/","url":"https:\/\/viniciojarquin.com\/blog\/wp-content\/uploads\/2024\/10\/Logo-VinicioJarquin-original-400.png","contentUrl":"https:\/\/viniciojarquin.com\/blog\/wp-content\/uploads\/2024\/10\/Logo-VinicioJarquin-original-400.png","width":400,"height":130,"caption":"Vinicio Jarqu\u00edn"},"logo":{"@id":"https:\/\/viniciojarquin.com\/blog\/#\/schema\/person\/image\/"},"description":"Empresario textil, artista pl\u00e1stico, escritor, coach de vida y fot\u00f3grafo.","sameAs":["https:\/\/viniciojarquin.com\/blog","https:\/\/www.facebook.com\/vinicio.jarquin","https:\/\/www.instagram.com\/vinicio_jarquin\/","https:\/\/www.pinterest.com\/vinnyjc\/","https:\/\/www.youtube.com\/@VinicioJarquin"],"url":"https:\/\/viniciojarquin.com\/blog\/author\/admin_s02au25i\/"}]}},"blog_post_layout_featured_media_urls":{"thumbnail":["https:\/\/viniciojarquin.com\/blog\/wp-content\/uploads\/2026\/03\/Votaron-por-una-persona-o-por-la-continuidad-150x150.png",150,150,true],"full":["https:\/\/viniciojarquin.com\/blog\/wp-content\/uploads\/2026\/03\/Votaron-por-una-persona-o-por-la-continuidad.png",800,533,false]},"categories_names":{"12":{"name":"Pol\u00edtica varios","link":"https:\/\/viniciojarquin.com\/blog\/category\/politica-o-gobierno\/"}},"tags_names":[],"comments_number":"0","_links":{"self":[{"href":"https:\/\/viniciojarquin.com\/blog\/wp-json\/wp\/v2\/posts\/3227","targetHints":{"allow":["GET"]}}],"collection":[{"href":"https:\/\/viniciojarquin.com\/blog\/wp-json\/wp\/v2\/posts"}],"about":[{"href":"https:\/\/viniciojarquin.com\/blog\/wp-json\/wp\/v2\/types\/post"}],"author":[{"embeddable":true,"href":"https:\/\/viniciojarquin.com\/blog\/wp-json\/wp\/v2\/users\/1"}],"replies":[{"embeddable":true,"href":"https:\/\/viniciojarquin.com\/blog\/wp-json\/wp\/v2\/comments?post=3227"}],"version-history":[{"count":2,"href":"https:\/\/viniciojarquin.com\/blog\/wp-json\/wp\/v2\/posts\/3227\/revisions"}],"predecessor-version":[{"id":3236,"href":"https:\/\/viniciojarquin.com\/blog\/wp-json\/wp\/v2\/posts\/3227\/revisions\/3236"}],"wp:featuredmedia":[{"embeddable":true,"href":"https:\/\/viniciojarquin.com\/blog\/wp-json\/wp\/v2\/media\/3235"}],"wp:attachment":[{"href":"https:\/\/viniciojarquin.com\/blog\/wp-json\/wp\/v2\/media?parent=3227"}],"wp:term":[{"taxonomy":"category","embeddable":true,"href":"https:\/\/viniciojarquin.com\/blog\/wp-json\/wp\/v2\/categories?post=3227"},{"taxonomy":"post_tag","embeddable":true,"href":"https:\/\/viniciojarquin.com\/blog\/wp-json\/wp\/v2\/tags?post=3227"}],"curies":[{"name":"wp","href":"https:\/\/api.w.org\/{rel}","templated":true}]}}