{"id":3228,"date":"2026-03-30T23:22:06","date_gmt":"2026-03-30T23:22:06","guid":{"rendered":"https:\/\/viniciojarquin.com\/blog\/?p=3228"},"modified":"2026-03-30T23:33:03","modified_gmt":"2026-03-30T23:33:03","slug":"cuando-la-logica-cambia-segun-a-quien-le-toque","status":"publish","type":"post","link":"https:\/\/viniciojarquin.com\/blog\/cuando-la-logica-cambia-segun-a-quien-le-toque\/","title":{"rendered":"Cuando la l\u00f3gica cambia seg\u00fan a qui\u00e9n le toque"},"content":{"rendered":"\n<p>En estos d\u00edas, el gobierno de Estados Unidos ha venido retirando visas a algunos costarricenses reconocidos. Las razones no siempre son claras p\u00fablicamente, pero lo que s\u00ed ha sido evidente es la reacci\u00f3n de muchas personas: si les quitaron la visa, \u201cpor algo ser\u00e1\u201d. Como si la decisi\u00f3n, por venir de un pa\u00eds poderoso, autom\u00e1ticamente se convirtiera en verdad incuestionable.<\/p>\n\n\n\n<p>Y ah\u00ed es donde vale la pena detenerse.<\/p>\n\n\n\n<p>Porque esa l\u00f3gica no es menor. Es una forma de pensar. Es asumir que la autoridad externa siempre tiene raz\u00f3n, que sus decisiones no se cuestionan, que su criterio es suficiente para definir la reputaci\u00f3n de alguien. Y cuando eso se instala, el an\u00e1lisis desaparece y es reemplazado por una especie de fe en el poder.<\/p>\n\n\n\n<p>Pero entonces aparece otro escenario.<\/p>\n\n\n\n<p>Se comenta \u2014seg\u00fan informaci\u00f3n que circula\u2014 que Australia estar\u00eda considerando restringir el ingreso a su territorio a Donald Trump, a miembros de su gabinete e incluso a su familia. No entro a afirmar si eso se concretar\u00e1 o no. Lo interesante no es el hecho en s\u00ed\u2026 es la reacci\u00f3n que podr\u00eda generar.<\/p>\n\n\n\n<p>Porque si aplicamos la misma l\u00f3gica, la misma que muchos han defendido con tanta facilidad, la pregunta es inevitable.<\/p>\n\n\n\n<p>Si un pa\u00eds decide retirarle o negarle la entrada a alguien\u2026 \u00bftambi\u00e9n \u201cpor algo ser\u00e1\u201d? \u00bfTambi\u00e9n deber\u00edamos asumir que hay una verdad incuestionable detr\u00e1s? \u00bfO ah\u00ed s\u00ed cambia el criterio?<\/p>\n\n\n\n<p>Desde mi punto de vista, lo que esto pone en evidencia no es un caso espec\u00edfico, sino una inconsistencia. La facilidad con la que se acepta una premisa cuando conviene\u2026 y se cuestiona cuando ya no encaja con la narrativa propia.<\/p>\n\n\n\n<p>Y eso no es un tema de pol\u00edtica internacional. Es un tema de coherencia.<\/p>\n\n\n\n<p>Porque si el criterio depende de a qui\u00e9n le pasa, entonces no es criterio\u2026 es preferencia. Y cuando eso ocurre, dejamos de analizar y empezamos a acomodar la realidad seg\u00fan lo que queremos creer.<\/p>\n\n\n\n<p>Y tal vez ah\u00ed est\u00e1 la reflexi\u00f3n.<\/p>\n\n\n\n<p>No se trata de qui\u00e9n tiene la visa y qui\u00e9n no. Se trata de si est\u00e1s dispuesto a aplicar la misma l\u00f3gica\u2026 incluso cuando no te favorece. Porque ah\u00ed es donde realmente se mide la capacidad de pensar.<\/p>\n\n\n\n<figure class=\"wp-block-image size-full\"><img decoding=\"async\" width=\"800\" height=\"533\" data-src=\"https:\/\/viniciojarquin.com\/blog\/wp-content\/uploads\/2026\/03\/Ana-Maria.png\" alt=\"\" class=\"wp-image-3217 lazyload\" data-srcset=\"https:\/\/viniciojarquin.com\/blog\/wp-content\/uploads\/2026\/03\/Ana-Maria.png 800w, https:\/\/viniciojarquin.com\/blog\/wp-content\/uploads\/2026\/03\/Ana-Maria-300x200.png 300w, https:\/\/viniciojarquin.com\/blog\/wp-content\/uploads\/2026\/03\/Ana-Maria-768x512.png 768w\" data-sizes=\"(max-width: 800px) 100vw, 800px\" src=\"data:image\/svg+xml;base64,PHN2ZyB3aWR0aD0iMSIgaGVpZ2h0PSIxIiB4bWxucz0iaHR0cDovL3d3dy53My5vcmcvMjAwMC9zdmciPjwvc3ZnPg==\" style=\"--smush-placeholder-width: 800px; --smush-placeholder-aspect-ratio: 800\/533;\" \/><\/figure>\n","protected":false},"excerpt":{"rendered":"<p>En estos d\u00edas, el gobierno de Estados Unidos ha venido retirando visas a algunos costarricenses reconocidos. Las razones no siempre [&hellip;]<\/p>\n","protected":false},"author":1,"featured_media":3217,"comment_status":"open","ping_status":"open","sticky":false,"template":"","format":"standard","meta":{"site-sidebar-layout":"default","site-content-layout":"","ast-site-content-layout":"","site-content-style":"default","site-sidebar-style":"default","ast-global-header-display":"","ast-banner-title-visibility":"","ast-main-header-display":"","ast-hfb-above-header-display":"","ast-hfb-below-header-display":"","ast-hfb-mobile-header-display":"","site-post-title":"","ast-breadcrumbs-content":"","ast-featured-img":"","footer-sml-layout":"","theme-transparent-header-meta":"","adv-header-id-meta":"","stick-header-meta":"","header-above-stick-meta":"","header-main-stick-meta":"","header-below-stick-meta":"","astra-migrate-meta-layouts":"default","ast-page-background-enabled":"default","ast-page-background-meta":{"desktop":{"background-color":"var(--ast-global-color-5)","background-image":"","background-repeat":"repeat","background-position":"center center","background-size":"auto","background-attachment":"scroll","background-type":"","background-media":"","overlay-type":"","overlay-color":"","overlay-opacity":"","overlay-gradient":""},"tablet":{"background-color":"","background-image":"","background-repeat":"repeat","background-position":"center center","background-size":"auto","background-attachment":"scroll","background-type":"","background-media":"","overlay-type":"","overlay-color":"","overlay-opacity":"","overlay-gradient":""},"mobile":{"background-color":"","background-image":"","background-repeat":"repeat","background-position":"center center","background-size":"auto","background-attachment":"scroll","background-type":"","background-media":"","overlay-type":"","overlay-color":"","overlay-opacity":"","overlay-gradient":""}},"ast-content-background-meta":{"desktop":{"background-color":"var(--ast-global-color-4)","background-image":"","background-repeat":"repeat","background-position":"center center","background-size":"auto","background-attachment":"scroll","background-type":"","background-media":"","overlay-type":"","overlay-color":"","overlay-opacity":"","overlay-gradient":""},"tablet":{"background-color":"var(--ast-global-color-4)","background-image":"","background-repeat":"repeat","background-position":"center center","background-size":"auto","background-attachment":"scroll","background-type":"","background-media":"","overlay-type":"","overlay-color":"","overlay-opacity":"","overlay-gradient":""},"mobile":{"background-color":"var(--ast-global-color-4)","background-image":"","background-repeat":"repeat","background-position":"center center","background-size":"auto","background-attachment":"scroll","background-type":"","background-media":"","overlay-type":"","overlay-color":"","overlay-opacity":"","overlay-gradient":""}},"footnotes":""},"categories":[12],"tags":[],"class_list":["post-3228","post","type-post","status-publish","format-standard","has-post-thumbnail","hentry","category-politica-o-gobierno"],"yoast_head":"<!-- This site is optimized with the Yoast SEO plugin v26.0 - https:\/\/yoast.com\/wordpress\/plugins\/seo\/ -->\n<title>Cuando la l\u00f3gica cambia seg\u00fan a qui\u00e9n le toque - MI BLOG<\/title>\n<meta name=\"robots\" content=\"index, follow, max-snippet:-1, max-image-preview:large, max-video-preview:-1\" \/>\n<link rel=\"canonical\" href=\"https:\/\/viniciojarquin.com\/blog\/cuando-la-logica-cambia-segun-a-quien-le-toque\/\" \/>\n<meta property=\"og:locale\" content=\"es_ES\" \/>\n<meta property=\"og:type\" content=\"article\" \/>\n<meta property=\"og:title\" content=\"Cuando la l\u00f3gica cambia seg\u00fan a qui\u00e9n le toque - MI BLOG\" \/>\n<meta property=\"og:description\" content=\"En estos d\u00edas, el gobierno de Estados Unidos ha venido retirando visas a algunos costarricenses reconocidos. Las razones no siempre [&hellip;]\" \/>\n<meta property=\"og:url\" content=\"https:\/\/viniciojarquin.com\/blog\/cuando-la-logica-cambia-segun-a-quien-le-toque\/\" \/>\n<meta property=\"og:site_name\" content=\"MI BLOG\" \/>\n<meta property=\"article:publisher\" content=\"https:\/\/www.facebook.com\/vinicio.jarquin\" \/>\n<meta property=\"article:author\" content=\"https:\/\/www.facebook.com\/vinicio.jarquin\" \/>\n<meta property=\"article:published_time\" content=\"2026-03-30T23:22:06+00:00\" \/>\n<meta property=\"article:modified_time\" content=\"2026-03-30T23:33:03+00:00\" \/>\n<meta property=\"og:image\" content=\"https:\/\/viniciojarquin.com\/blog\/wp-content\/uploads\/2026\/03\/Ana-Maria.png\" \/>\n\t<meta property=\"og:image:width\" content=\"800\" \/>\n\t<meta property=\"og:image:height\" content=\"533\" \/>\n\t<meta property=\"og:image:type\" content=\"image\/png\" \/>\n<meta name=\"author\" content=\"Vinicio Jarqu\u00edn\" \/>\n<meta name=\"twitter:card\" content=\"summary_large_image\" \/>\n<meta name=\"twitter:label1\" content=\"Escrito por\" \/>\n\t<meta name=\"twitter:data1\" content=\"Vinicio Jarqu\u00edn\" \/>\n\t<meta name=\"twitter:label2\" content=\"Tiempo de lectura\" \/>\n\t<meta name=\"twitter:data2\" content=\"3 minutos\" \/>\n<script type=\"application\/ld+json\" class=\"yoast-schema-graph\">{\"@context\":\"https:\/\/schema.org\",\"@graph\":[{\"@type\":\"Article\",\"@id\":\"https:\/\/viniciojarquin.com\/blog\/cuando-la-logica-cambia-segun-a-quien-le-toque\/#article\",\"isPartOf\":{\"@id\":\"https:\/\/viniciojarquin.com\/blog\/cuando-la-logica-cambia-segun-a-quien-le-toque\/\"},\"author\":{\"name\":\"Vinicio Jarqu\u00edn\",\"@id\":\"https:\/\/viniciojarquin.com\/blog\/#\/schema\/person\/90100c8845ae55462ec0657d3d2f8d3b\"},\"headline\":\"Cuando la l\u00f3gica cambia seg\u00fan a qui\u00e9n le toque\",\"datePublished\":\"2026-03-30T23:22:06+00:00\",\"dateModified\":\"2026-03-30T23:33:03+00:00\",\"mainEntityOfPage\":{\"@id\":\"https:\/\/viniciojarquin.com\/blog\/cuando-la-logica-cambia-segun-a-quien-le-toque\/\"},\"wordCount\":407,\"commentCount\":0,\"publisher\":{\"@id\":\"https:\/\/viniciojarquin.com\/blog\/#\/schema\/person\/90100c8845ae55462ec0657d3d2f8d3b\"},\"image\":{\"@id\":\"https:\/\/viniciojarquin.com\/blog\/cuando-la-logica-cambia-segun-a-quien-le-toque\/#primaryimage\"},\"thumbnailUrl\":\"https:\/\/viniciojarquin.com\/blog\/wp-content\/uploads\/2026\/03\/Ana-Maria.png\",\"articleSection\":[\"Pol\u00edtica varios\"],\"inLanguage\":\"es\",\"potentialAction\":[{\"@type\":\"CommentAction\",\"name\":\"Comment\",\"target\":[\"https:\/\/viniciojarquin.com\/blog\/cuando-la-logica-cambia-segun-a-quien-le-toque\/#respond\"]}]},{\"@type\":\"WebPage\",\"@id\":\"https:\/\/viniciojarquin.com\/blog\/cuando-la-logica-cambia-segun-a-quien-le-toque\/\",\"url\":\"https:\/\/viniciojarquin.com\/blog\/cuando-la-logica-cambia-segun-a-quien-le-toque\/\",\"name\":\"Cuando la l\u00f3gica cambia seg\u00fan a qui\u00e9n le toque - MI BLOG\",\"isPartOf\":{\"@id\":\"https:\/\/viniciojarquin.com\/blog\/#website\"},\"primaryImageOfPage\":{\"@id\":\"https:\/\/viniciojarquin.com\/blog\/cuando-la-logica-cambia-segun-a-quien-le-toque\/#primaryimage\"},\"image\":{\"@id\":\"https:\/\/viniciojarquin.com\/blog\/cuando-la-logica-cambia-segun-a-quien-le-toque\/#primaryimage\"},\"thumbnailUrl\":\"https:\/\/viniciojarquin.com\/blog\/wp-content\/uploads\/2026\/03\/Ana-Maria.png\",\"datePublished\":\"2026-03-30T23:22:06+00:00\",\"dateModified\":\"2026-03-30T23:33:03+00:00\",\"breadcrumb\":{\"@id\":\"https:\/\/viniciojarquin.com\/blog\/cuando-la-logica-cambia-segun-a-quien-le-toque\/#breadcrumb\"},\"inLanguage\":\"es\",\"potentialAction\":[{\"@type\":\"ReadAction\",\"target\":[\"https:\/\/viniciojarquin.com\/blog\/cuando-la-logica-cambia-segun-a-quien-le-toque\/\"]}]},{\"@type\":\"ImageObject\",\"inLanguage\":\"es\",\"@id\":\"https:\/\/viniciojarquin.com\/blog\/cuando-la-logica-cambia-segun-a-quien-le-toque\/#primaryimage\",\"url\":\"https:\/\/viniciojarquin.com\/blog\/wp-content\/uploads\/2026\/03\/Ana-Maria.png\",\"contentUrl\":\"https:\/\/viniciojarquin.com\/blog\/wp-content\/uploads\/2026\/03\/Ana-Maria.png\",\"width\":800,\"height\":533},{\"@type\":\"BreadcrumbList\",\"@id\":\"https:\/\/viniciojarquin.com\/blog\/cuando-la-logica-cambia-segun-a-quien-le-toque\/#breadcrumb\",\"itemListElement\":[{\"@type\":\"ListItem\",\"position\":1,\"name\":\"Portada\",\"item\":\"https:\/\/viniciojarquin.com\/blog\/\"},{\"@type\":\"ListItem\",\"position\":2,\"name\":\"Cuando la l\u00f3gica cambia seg\u00fan a qui\u00e9n le toque\"}]},{\"@type\":\"WebSite\",\"@id\":\"https:\/\/viniciojarquin.com\/blog\/#website\",\"url\":\"https:\/\/viniciojarquin.com\/blog\/\",\"name\":\"Vinicio Jarqu\u00edn BLOG\",\"description\":\"\",\"publisher\":{\"@id\":\"https:\/\/viniciojarquin.com\/blog\/#\/schema\/person\/90100c8845ae55462ec0657d3d2f8d3b\"},\"potentialAction\":[{\"@type\":\"SearchAction\",\"target\":{\"@type\":\"EntryPoint\",\"urlTemplate\":\"https:\/\/viniciojarquin.com\/blog\/?s={search_term_string}\"},\"query-input\":{\"@type\":\"PropertyValueSpecification\",\"valueRequired\":true,\"valueName\":\"search_term_string\"}}],\"inLanguage\":\"es\"},{\"@type\":[\"Person\",\"Organization\"],\"@id\":\"https:\/\/viniciojarquin.com\/blog\/#\/schema\/person\/90100c8845ae55462ec0657d3d2f8d3b\",\"name\":\"Vinicio Jarqu\u00edn\",\"image\":{\"@type\":\"ImageObject\",\"inLanguage\":\"es\",\"@id\":\"https:\/\/viniciojarquin.com\/blog\/#\/schema\/person\/image\/\",\"url\":\"https:\/\/viniciojarquin.com\/blog\/wp-content\/uploads\/2024\/10\/Logo-VinicioJarquin-original-400.png\",\"contentUrl\":\"https:\/\/viniciojarquin.com\/blog\/wp-content\/uploads\/2024\/10\/Logo-VinicioJarquin-original-400.png\",\"width\":400,\"height\":130,\"caption\":\"Vinicio Jarqu\u00edn\"},\"logo\":{\"@id\":\"https:\/\/viniciojarquin.com\/blog\/#\/schema\/person\/image\/\"},\"description\":\"Empresario textil, artista pl\u00e1stico, escritor, coach de vida y fot\u00f3grafo.\",\"sameAs\":[\"https:\/\/viniciojarquin.com\/blog\",\"https:\/\/www.facebook.com\/vinicio.jarquin\",\"https:\/\/www.instagram.com\/vinicio_jarquin\/\",\"https:\/\/www.pinterest.com\/vinnyjc\/\",\"https:\/\/www.youtube.com\/@VinicioJarquin\"],\"url\":\"https:\/\/viniciojarquin.com\/blog\/author\/admin_s02au25i\/\"}]}<\/script>\n<!-- \/ Yoast SEO plugin. -->","yoast_head_json":{"title":"Cuando la l\u00f3gica cambia seg\u00fan a qui\u00e9n le toque - MI BLOG","robots":{"index":"index","follow":"follow","max-snippet":"max-snippet:-1","max-image-preview":"max-image-preview:large","max-video-preview":"max-video-preview:-1"},"canonical":"https:\/\/viniciojarquin.com\/blog\/cuando-la-logica-cambia-segun-a-quien-le-toque\/","og_locale":"es_ES","og_type":"article","og_title":"Cuando la l\u00f3gica cambia seg\u00fan a qui\u00e9n le toque - MI BLOG","og_description":"En estos d\u00edas, el gobierno de Estados Unidos ha venido retirando visas a algunos costarricenses reconocidos. Las razones no siempre [&hellip;]","og_url":"https:\/\/viniciojarquin.com\/blog\/cuando-la-logica-cambia-segun-a-quien-le-toque\/","og_site_name":"MI BLOG","article_publisher":"https:\/\/www.facebook.com\/vinicio.jarquin","article_author":"https:\/\/www.facebook.com\/vinicio.jarquin","article_published_time":"2026-03-30T23:22:06+00:00","article_modified_time":"2026-03-30T23:33:03+00:00","og_image":[{"width":800,"height":533,"url":"https:\/\/viniciojarquin.com\/blog\/wp-content\/uploads\/2026\/03\/Ana-Maria.png","type":"image\/png"}],"author":"Vinicio Jarqu\u00edn","twitter_card":"summary_large_image","twitter_misc":{"Escrito por":"Vinicio Jarqu\u00edn","Tiempo de lectura":"3 minutos"},"schema":{"@context":"https:\/\/schema.org","@graph":[{"@type":"Article","@id":"https:\/\/viniciojarquin.com\/blog\/cuando-la-logica-cambia-segun-a-quien-le-toque\/#article","isPartOf":{"@id":"https:\/\/viniciojarquin.com\/blog\/cuando-la-logica-cambia-segun-a-quien-le-toque\/"},"author":{"name":"Vinicio Jarqu\u00edn","@id":"https:\/\/viniciojarquin.com\/blog\/#\/schema\/person\/90100c8845ae55462ec0657d3d2f8d3b"},"headline":"Cuando la l\u00f3gica cambia seg\u00fan a qui\u00e9n le toque","datePublished":"2026-03-30T23:22:06+00:00","dateModified":"2026-03-30T23:33:03+00:00","mainEntityOfPage":{"@id":"https:\/\/viniciojarquin.com\/blog\/cuando-la-logica-cambia-segun-a-quien-le-toque\/"},"wordCount":407,"commentCount":0,"publisher":{"@id":"https:\/\/viniciojarquin.com\/blog\/#\/schema\/person\/90100c8845ae55462ec0657d3d2f8d3b"},"image":{"@id":"https:\/\/viniciojarquin.com\/blog\/cuando-la-logica-cambia-segun-a-quien-le-toque\/#primaryimage"},"thumbnailUrl":"https:\/\/viniciojarquin.com\/blog\/wp-content\/uploads\/2026\/03\/Ana-Maria.png","articleSection":["Pol\u00edtica varios"],"inLanguage":"es","potentialAction":[{"@type":"CommentAction","name":"Comment","target":["https:\/\/viniciojarquin.com\/blog\/cuando-la-logica-cambia-segun-a-quien-le-toque\/#respond"]}]},{"@type":"WebPage","@id":"https:\/\/viniciojarquin.com\/blog\/cuando-la-logica-cambia-segun-a-quien-le-toque\/","url":"https:\/\/viniciojarquin.com\/blog\/cuando-la-logica-cambia-segun-a-quien-le-toque\/","name":"Cuando la l\u00f3gica cambia seg\u00fan a qui\u00e9n le toque - MI BLOG","isPartOf":{"@id":"https:\/\/viniciojarquin.com\/blog\/#website"},"primaryImageOfPage":{"@id":"https:\/\/viniciojarquin.com\/blog\/cuando-la-logica-cambia-segun-a-quien-le-toque\/#primaryimage"},"image":{"@id":"https:\/\/viniciojarquin.com\/blog\/cuando-la-logica-cambia-segun-a-quien-le-toque\/#primaryimage"},"thumbnailUrl":"https:\/\/viniciojarquin.com\/blog\/wp-content\/uploads\/2026\/03\/Ana-Maria.png","datePublished":"2026-03-30T23:22:06+00:00","dateModified":"2026-03-30T23:33:03+00:00","breadcrumb":{"@id":"https:\/\/viniciojarquin.com\/blog\/cuando-la-logica-cambia-segun-a-quien-le-toque\/#breadcrumb"},"inLanguage":"es","potentialAction":[{"@type":"ReadAction","target":["https:\/\/viniciojarquin.com\/blog\/cuando-la-logica-cambia-segun-a-quien-le-toque\/"]}]},{"@type":"ImageObject","inLanguage":"es","@id":"https:\/\/viniciojarquin.com\/blog\/cuando-la-logica-cambia-segun-a-quien-le-toque\/#primaryimage","url":"https:\/\/viniciojarquin.com\/blog\/wp-content\/uploads\/2026\/03\/Ana-Maria.png","contentUrl":"https:\/\/viniciojarquin.com\/blog\/wp-content\/uploads\/2026\/03\/Ana-Maria.png","width":800,"height":533},{"@type":"BreadcrumbList","@id":"https:\/\/viniciojarquin.com\/blog\/cuando-la-logica-cambia-segun-a-quien-le-toque\/#breadcrumb","itemListElement":[{"@type":"ListItem","position":1,"name":"Portada","item":"https:\/\/viniciojarquin.com\/blog\/"},{"@type":"ListItem","position":2,"name":"Cuando la l\u00f3gica cambia seg\u00fan a qui\u00e9n le toque"}]},{"@type":"WebSite","@id":"https:\/\/viniciojarquin.com\/blog\/#website","url":"https:\/\/viniciojarquin.com\/blog\/","name":"Vinicio Jarqu\u00edn BLOG","description":"","publisher":{"@id":"https:\/\/viniciojarquin.com\/blog\/#\/schema\/person\/90100c8845ae55462ec0657d3d2f8d3b"},"potentialAction":[{"@type":"SearchAction","target":{"@type":"EntryPoint","urlTemplate":"https:\/\/viniciojarquin.com\/blog\/?s={search_term_string}"},"query-input":{"@type":"PropertyValueSpecification","valueRequired":true,"valueName":"search_term_string"}}],"inLanguage":"es"},{"@type":["Person","Organization"],"@id":"https:\/\/viniciojarquin.com\/blog\/#\/schema\/person\/90100c8845ae55462ec0657d3d2f8d3b","name":"Vinicio Jarqu\u00edn","image":{"@type":"ImageObject","inLanguage":"es","@id":"https:\/\/viniciojarquin.com\/blog\/#\/schema\/person\/image\/","url":"https:\/\/viniciojarquin.com\/blog\/wp-content\/uploads\/2024\/10\/Logo-VinicioJarquin-original-400.png","contentUrl":"https:\/\/viniciojarquin.com\/blog\/wp-content\/uploads\/2024\/10\/Logo-VinicioJarquin-original-400.png","width":400,"height":130,"caption":"Vinicio Jarqu\u00edn"},"logo":{"@id":"https:\/\/viniciojarquin.com\/blog\/#\/schema\/person\/image\/"},"description":"Empresario textil, artista pl\u00e1stico, escritor, coach de vida y fot\u00f3grafo.","sameAs":["https:\/\/viniciojarquin.com\/blog","https:\/\/www.facebook.com\/vinicio.jarquin","https:\/\/www.instagram.com\/vinicio_jarquin\/","https:\/\/www.pinterest.com\/vinnyjc\/","https:\/\/www.youtube.com\/@VinicioJarquin"],"url":"https:\/\/viniciojarquin.com\/blog\/author\/admin_s02au25i\/"}]}},"blog_post_layout_featured_media_urls":{"thumbnail":["https:\/\/viniciojarquin.com\/blog\/wp-content\/uploads\/2026\/03\/Ana-Maria-150x150.png",150,150,true],"full":["https:\/\/viniciojarquin.com\/blog\/wp-content\/uploads\/2026\/03\/Ana-Maria.png",800,533,false]},"categories_names":{"12":{"name":"Pol\u00edtica varios","link":"https:\/\/viniciojarquin.com\/blog\/category\/politica-o-gobierno\/"}},"tags_names":[],"comments_number":"0","_links":{"self":[{"href":"https:\/\/viniciojarquin.com\/blog\/wp-json\/wp\/v2\/posts\/3228","targetHints":{"allow":["GET"]}}],"collection":[{"href":"https:\/\/viniciojarquin.com\/blog\/wp-json\/wp\/v2\/posts"}],"about":[{"href":"https:\/\/viniciojarquin.com\/blog\/wp-json\/wp\/v2\/types\/post"}],"author":[{"embeddable":true,"href":"https:\/\/viniciojarquin.com\/blog\/wp-json\/wp\/v2\/users\/1"}],"replies":[{"embeddable":true,"href":"https:\/\/viniciojarquin.com\/blog\/wp-json\/wp\/v2\/comments?post=3228"}],"version-history":[{"count":2,"href":"https:\/\/viniciojarquin.com\/blog\/wp-json\/wp\/v2\/posts\/3228\/revisions"}],"predecessor-version":[{"id":3237,"href":"https:\/\/viniciojarquin.com\/blog\/wp-json\/wp\/v2\/posts\/3228\/revisions\/3237"}],"wp:featuredmedia":[{"embeddable":true,"href":"https:\/\/viniciojarquin.com\/blog\/wp-json\/wp\/v2\/media\/3217"}],"wp:attachment":[{"href":"https:\/\/viniciojarquin.com\/blog\/wp-json\/wp\/v2\/media?parent=3228"}],"wp:term":[{"taxonomy":"category","embeddable":true,"href":"https:\/\/viniciojarquin.com\/blog\/wp-json\/wp\/v2\/categories?post=3228"},{"taxonomy":"post_tag","embeddable":true,"href":"https:\/\/viniciojarquin.com\/blog\/wp-json\/wp\/v2\/tags?post=3228"}],"curies":[{"name":"wp","href":"https:\/\/api.w.org\/{rel}","templated":true}]}}