{"id":3239,"date":"2026-03-31T06:07:28","date_gmt":"2026-03-31T06:07:28","guid":{"rendered":"https:\/\/viniciojarquin.com\/blog\/?p=3239"},"modified":"2026-03-31T06:34:33","modified_gmt":"2026-03-31T06:34:33","slug":"lo-que-divide-tambien-revela","status":"publish","type":"post","link":"https:\/\/viniciojarquin.com\/blog\/lo-que-divide-tambien-revela\/","title":{"rendered":"Lo que divide\u2026 tambi\u00e9n revela"},"content":{"rendered":"\n<figure class=\"wp-block-image size-large\"><img decoding=\"async\" width=\"683\" height=\"1024\" data-src=\"https:\/\/viniciojarquin.com\/blog\/wp-content\/uploads\/2026\/03\/Chicos-con-la-bandera-de-Apacigua-683x1024.png\" alt=\"\" class=\"wp-image-3242 lazyload\" data-srcset=\"https:\/\/viniciojarquin.com\/blog\/wp-content\/uploads\/2026\/03\/Chicos-con-la-bandera-de-Apacigua-683x1024.png 683w, https:\/\/viniciojarquin.com\/blog\/wp-content\/uploads\/2026\/03\/Chicos-con-la-bandera-de-Apacigua-200x300.png 200w, https:\/\/viniciojarquin.com\/blog\/wp-content\/uploads\/2026\/03\/Chicos-con-la-bandera-de-Apacigua-768x1152.png 768w, https:\/\/viniciojarquin.com\/blog\/wp-content\/uploads\/2026\/03\/Chicos-con-la-bandera-de-Apacigua.png 800w\" data-sizes=\"(max-width: 683px) 100vw, 683px\" src=\"data:image\/svg+xml;base64,PHN2ZyB3aWR0aD0iMSIgaGVpZ2h0PSIxIiB4bWxucz0iaHR0cDovL3d3dy53My5vcmcvMjAwMC9zdmciPjwvc3ZnPg==\" style=\"--smush-placeholder-width: 683px; --smush-placeholder-aspect-ratio: 683\/1024;\" \/><\/figure>\n\n\n\n<p>La eficiencia desde el Ejecutivo \u2014ya sea desde la presidencia en ejercicio o desde la oficina de la presidenta electa\u2014 termina siendo, a estas alturas, un tema difuso. Porque m\u00e1s all\u00e1 de qui\u00e9n toma decisiones o desde d\u00f3nde se ejecutan, lo que s\u00ed ha sido claro es el impacto que esta forma de gobernar ha tenido en la sociedad costarricense.<\/p>\n\n\n\n<p>Desde que esta administraci\u00f3n inici\u00f3, y con mayor fuerza durante la campa\u00f1a electoral, se han enviado mensajes cargados de confrontaci\u00f3n, de divisi\u00f3n, de enfrentamiento constante. Un tono que, desde mi punto de vista, ha ido perdiendo contenci\u00f3n y ha terminado permeando la forma en la que nos hablamos, en la forma en la que nos relacionamos como pa\u00eds. Y seg\u00fan advierten algunos expertos, este tipo de fracturas sociales no se corrigen r\u00e1pido\u2026 pueden tomar a\u00f1os, incluso d\u00e9cadas, en sanar. Pero no todo es negativo.<\/p>\n\n\n\n<p>Porque si bien es cierto que hoy vemos una Costa Rica dividida en dos visiones muy marcadas, tambi\u00e9n es cierto que una de esas visiones ha encontrado algo que antes no ten\u00eda con esta claridad: cohesi\u00f3n.<\/p>\n\n\n\n<p>Hist\u00f3ricamente, en los procesos electorales, siempre han existido m\u00faltiples bandos, m\u00faltiples candidaturas, m\u00faltiples diferencias incluso dentro de quienes defend\u00edan principios similares. Pero hoy, lo que se empieza a ver es algo distinto.<\/p>\n\n\n\n<p>Hay un grupo importante de ciudadanos que, m\u00e1s all\u00e1 de los partidos, se ha alineado alrededor de principios. Democracia, institucionalidad, respeto a la Constituci\u00f3n Pol\u00edtica, defensa del Tribunal Supremo de Elecciones, de la Contralor\u00eda, de los equilibrios del Estado. Y dentro de ese grupo, se empieza a notar algo que no siempre era com\u00fan: la capacidad de convivir en la diferencia.<\/p>\n\n\n\n<p>Se puede ver a un candidato de otro partido\u2026 sin necesidad de insultarlo.<br>Se puede reconocer a un diputado electo\u2026 aunque no haya sido la opci\u00f3n propia.<br>Se puede decir \u201cno vot\u00e9 por \u00e9l o por ella\u2026 pero me parece bien\u201d sin que eso genere conflicto.<\/p>\n\n\n\n<p>Y eso, aunque parezca sencillo, es profundamente valioso.<\/p>\n\n\n\n<p>Porque habla de una forma distinta de entender la pol\u00edtica. No desde la reacci\u00f3n, sino desde el criterio. No desde el insulto, sino desde el respeto.<\/p>\n\n\n\n<p>Mientras tanto, del otro lado \u2014y esto es una percepci\u00f3n que cada uno podr\u00e1 validar o no\u2014 se observa algo distinto. A pesar de haber ganado, no aparece la calma. Aparece la necesidad constante de responder, de atacar, de defender, de confrontar. Como si la victoria no hubiera tra\u00eddo tranquilidad, sino una especie de tensi\u00f3n permanente.<\/p>\n\n\n\n<p>Y eso tambi\u00e9n dice algo.<\/p>\n\n\n\n<p>Porque al final, m\u00e1s all\u00e1 de los discursos, lo que se proyecta hacia afuera refleja lo que se vive hacia adentro.<\/p>\n\n\n\n<p>S\u00ed, este proceso ha generado una separaci\u00f3n fuerte en el pa\u00eds. Eso es innegable. Pero tambi\u00e9n, si se mira desde otro \u00e1ngulo, ha provocado una uni\u00f3n distinta en un sector de la poblaci\u00f3n. Una uni\u00f3n basada no en una persona, sino en principios.<\/p>\n\n\n\n<p>Y tal vez ah\u00ed est\u00e1 la reflexi\u00f3n.<\/p>\n\n\n\n<p>Cuando uno vive desde la calma, el respeto y la coherencia, eso se nota\u2026 y se multiplica.<br>Y cuando se vive desde la confrontaci\u00f3n constante, desde la furia, desde la necesidad de atacar\u2026 tambi\u00e9n se nota.<\/p>\n\n\n\n<p>Porque al final, no es solo lo que se dice. Es lo que se transmite.<\/p>\n","protected":false},"excerpt":{"rendered":"<p>La eficiencia desde el Ejecutivo \u2014ya sea desde la presidencia en ejercicio o desde la oficina de la presidenta electa\u2014 [&hellip;]<\/p>\n","protected":false},"author":1,"featured_media":3242,"comment_status":"open","ping_status":"open","sticky":false,"template":"","format":"standard","meta":{"site-sidebar-layout":"default","site-content-layout":"","ast-site-content-layout":"","site-content-style":"default","site-sidebar-style":"default","ast-global-header-display":"","ast-banner-title-visibility":"","ast-main-header-display":"","ast-hfb-above-header-display":"","ast-hfb-below-header-display":"","ast-hfb-mobile-header-display":"","site-post-title":"","ast-breadcrumbs-content":"","ast-featured-img":"","footer-sml-layout":"","theme-transparent-header-meta":"","adv-header-id-meta":"","stick-header-meta":"","header-above-stick-meta":"","header-main-stick-meta":"","header-below-stick-meta":"","astra-migrate-meta-layouts":"default","ast-page-background-enabled":"default","ast-page-background-meta":{"desktop":{"background-color":"var(--ast-global-color-5)","background-image":"","background-repeat":"repeat","background-position":"center center","background-size":"auto","background-attachment":"scroll","background-type":"","background-media":"","overlay-type":"","overlay-color":"","overlay-opacity":"","overlay-gradient":""},"tablet":{"background-color":"","background-image":"","background-repeat":"repeat","background-position":"center center","background-size":"auto","background-attachment":"scroll","background-type":"","background-media":"","overlay-type":"","overlay-color":"","overlay-opacity":"","overlay-gradient":""},"mobile":{"background-color":"","background-image":"","background-repeat":"repeat","background-position":"center center","background-size":"auto","background-attachment":"scroll","background-type":"","background-media":"","overlay-type":"","overlay-color":"","overlay-opacity":"","overlay-gradient":""}},"ast-content-background-meta":{"desktop":{"background-color":"var(--ast-global-color-4)","background-image":"","background-repeat":"repeat","background-position":"center center","background-size":"auto","background-attachment":"scroll","background-type":"","background-media":"","overlay-type":"","overlay-color":"","overlay-opacity":"","overlay-gradient":""},"tablet":{"background-color":"var(--ast-global-color-4)","background-image":"","background-repeat":"repeat","background-position":"center center","background-size":"auto","background-attachment":"scroll","background-type":"","background-media":"","overlay-type":"","overlay-color":"","overlay-opacity":"","overlay-gradient":""},"mobile":{"background-color":"var(--ast-global-color-4)","background-image":"","background-repeat":"repeat","background-position":"center center","background-size":"auto","background-attachment":"scroll","background-type":"","background-media":"","overlay-type":"","overlay-color":"","overlay-opacity":"","overlay-gradient":""}},"footnotes":""},"categories":[12],"tags":[],"class_list":["post-3239","post","type-post","status-publish","format-standard","has-post-thumbnail","hentry","category-politica-o-gobierno"],"yoast_head":"<!-- This site is optimized with the Yoast SEO plugin v26.0 - https:\/\/yoast.com\/wordpress\/plugins\/seo\/ -->\n<title>Lo que divide\u2026 tambi\u00e9n revela - MI BLOG<\/title>\n<meta name=\"robots\" content=\"index, follow, max-snippet:-1, max-image-preview:large, max-video-preview:-1\" \/>\n<link rel=\"canonical\" href=\"https:\/\/viniciojarquin.com\/blog\/lo-que-divide-tambien-revela\/\" \/>\n<meta property=\"og:locale\" content=\"es_ES\" \/>\n<meta property=\"og:type\" content=\"article\" \/>\n<meta property=\"og:title\" content=\"Lo que divide\u2026 tambi\u00e9n revela - MI BLOG\" \/>\n<meta property=\"og:description\" content=\"La eficiencia desde el Ejecutivo \u2014ya sea desde la presidencia en ejercicio o desde la oficina de la presidenta electa\u2014 [&hellip;]\" \/>\n<meta property=\"og:url\" content=\"https:\/\/viniciojarquin.com\/blog\/lo-que-divide-tambien-revela\/\" \/>\n<meta property=\"og:site_name\" content=\"MI BLOG\" \/>\n<meta property=\"article:publisher\" content=\"https:\/\/www.facebook.com\/vinicio.jarquin\" \/>\n<meta property=\"article:author\" content=\"https:\/\/www.facebook.com\/vinicio.jarquin\" \/>\n<meta property=\"article:published_time\" content=\"2026-03-31T06:07:28+00:00\" \/>\n<meta property=\"article:modified_time\" content=\"2026-03-31T06:34:33+00:00\" \/>\n<meta property=\"og:image\" content=\"https:\/\/viniciojarquin.com\/blog\/wp-content\/uploads\/2026\/03\/Chicos-con-la-bandera-de-Apacigua.png\" \/>\n\t<meta property=\"og:image:width\" content=\"800\" \/>\n\t<meta property=\"og:image:height\" content=\"1200\" \/>\n\t<meta property=\"og:image:type\" content=\"image\/png\" \/>\n<meta name=\"author\" content=\"Vinicio Jarqu\u00edn\" \/>\n<meta name=\"twitter:card\" content=\"summary_large_image\" \/>\n<meta name=\"twitter:label1\" content=\"Escrito por\" \/>\n\t<meta name=\"twitter:data1\" content=\"Vinicio Jarqu\u00edn\" \/>\n\t<meta name=\"twitter:label2\" content=\"Tiempo de lectura\" \/>\n\t<meta name=\"twitter:data2\" content=\"3 minutos\" \/>\n<script type=\"application\/ld+json\" class=\"yoast-schema-graph\">{\"@context\":\"https:\/\/schema.org\",\"@graph\":[{\"@type\":\"Article\",\"@id\":\"https:\/\/viniciojarquin.com\/blog\/lo-que-divide-tambien-revela\/#article\",\"isPartOf\":{\"@id\":\"https:\/\/viniciojarquin.com\/blog\/lo-que-divide-tambien-revela\/\"},\"author\":{\"name\":\"Vinicio Jarqu\u00edn\",\"@id\":\"https:\/\/viniciojarquin.com\/blog\/#\/schema\/person\/90100c8845ae55462ec0657d3d2f8d3b\"},\"headline\":\"Lo que divide\u2026 tambi\u00e9n revela\",\"datePublished\":\"2026-03-31T06:07:28+00:00\",\"dateModified\":\"2026-03-31T06:34:33+00:00\",\"mainEntityOfPage\":{\"@id\":\"https:\/\/viniciojarquin.com\/blog\/lo-que-divide-tambien-revela\/\"},\"wordCount\":585,\"commentCount\":0,\"publisher\":{\"@id\":\"https:\/\/viniciojarquin.com\/blog\/#\/schema\/person\/90100c8845ae55462ec0657d3d2f8d3b\"},\"image\":{\"@id\":\"https:\/\/viniciojarquin.com\/blog\/lo-que-divide-tambien-revela\/#primaryimage\"},\"thumbnailUrl\":\"https:\/\/viniciojarquin.com\/blog\/wp-content\/uploads\/2026\/03\/Chicos-con-la-bandera-de-Apacigua.png\",\"articleSection\":[\"Pol\u00edtica varios\"],\"inLanguage\":\"es\",\"potentialAction\":[{\"@type\":\"CommentAction\",\"name\":\"Comment\",\"target\":[\"https:\/\/viniciojarquin.com\/blog\/lo-que-divide-tambien-revela\/#respond\"]}]},{\"@type\":\"WebPage\",\"@id\":\"https:\/\/viniciojarquin.com\/blog\/lo-que-divide-tambien-revela\/\",\"url\":\"https:\/\/viniciojarquin.com\/blog\/lo-que-divide-tambien-revela\/\",\"name\":\"Lo que divide\u2026 tambi\u00e9n revela - MI BLOG\",\"isPartOf\":{\"@id\":\"https:\/\/viniciojarquin.com\/blog\/#website\"},\"primaryImageOfPage\":{\"@id\":\"https:\/\/viniciojarquin.com\/blog\/lo-que-divide-tambien-revela\/#primaryimage\"},\"image\":{\"@id\":\"https:\/\/viniciojarquin.com\/blog\/lo-que-divide-tambien-revela\/#primaryimage\"},\"thumbnailUrl\":\"https:\/\/viniciojarquin.com\/blog\/wp-content\/uploads\/2026\/03\/Chicos-con-la-bandera-de-Apacigua.png\",\"datePublished\":\"2026-03-31T06:07:28+00:00\",\"dateModified\":\"2026-03-31T06:34:33+00:00\",\"breadcrumb\":{\"@id\":\"https:\/\/viniciojarquin.com\/blog\/lo-que-divide-tambien-revela\/#breadcrumb\"},\"inLanguage\":\"es\",\"potentialAction\":[{\"@type\":\"ReadAction\",\"target\":[\"https:\/\/viniciojarquin.com\/blog\/lo-que-divide-tambien-revela\/\"]}]},{\"@type\":\"ImageObject\",\"inLanguage\":\"es\",\"@id\":\"https:\/\/viniciojarquin.com\/blog\/lo-que-divide-tambien-revela\/#primaryimage\",\"url\":\"https:\/\/viniciojarquin.com\/blog\/wp-content\/uploads\/2026\/03\/Chicos-con-la-bandera-de-Apacigua.png\",\"contentUrl\":\"https:\/\/viniciojarquin.com\/blog\/wp-content\/uploads\/2026\/03\/Chicos-con-la-bandera-de-Apacigua.png\",\"width\":800,\"height\":1200},{\"@type\":\"BreadcrumbList\",\"@id\":\"https:\/\/viniciojarquin.com\/blog\/lo-que-divide-tambien-revela\/#breadcrumb\",\"itemListElement\":[{\"@type\":\"ListItem\",\"position\":1,\"name\":\"Portada\",\"item\":\"https:\/\/viniciojarquin.com\/blog\/\"},{\"@type\":\"ListItem\",\"position\":2,\"name\":\"Lo que divide\u2026 tambi\u00e9n revela\"}]},{\"@type\":\"WebSite\",\"@id\":\"https:\/\/viniciojarquin.com\/blog\/#website\",\"url\":\"https:\/\/viniciojarquin.com\/blog\/\",\"name\":\"Vinicio Jarqu\u00edn BLOG\",\"description\":\"\",\"publisher\":{\"@id\":\"https:\/\/viniciojarquin.com\/blog\/#\/schema\/person\/90100c8845ae55462ec0657d3d2f8d3b\"},\"potentialAction\":[{\"@type\":\"SearchAction\",\"target\":{\"@type\":\"EntryPoint\",\"urlTemplate\":\"https:\/\/viniciojarquin.com\/blog\/?s={search_term_string}\"},\"query-input\":{\"@type\":\"PropertyValueSpecification\",\"valueRequired\":true,\"valueName\":\"search_term_string\"}}],\"inLanguage\":\"es\"},{\"@type\":[\"Person\",\"Organization\"],\"@id\":\"https:\/\/viniciojarquin.com\/blog\/#\/schema\/person\/90100c8845ae55462ec0657d3d2f8d3b\",\"name\":\"Vinicio Jarqu\u00edn\",\"image\":{\"@type\":\"ImageObject\",\"inLanguage\":\"es\",\"@id\":\"https:\/\/viniciojarquin.com\/blog\/#\/schema\/person\/image\/\",\"url\":\"https:\/\/viniciojarquin.com\/blog\/wp-content\/uploads\/2024\/10\/Logo-VinicioJarquin-original-400.png\",\"contentUrl\":\"https:\/\/viniciojarquin.com\/blog\/wp-content\/uploads\/2024\/10\/Logo-VinicioJarquin-original-400.png\",\"width\":400,\"height\":130,\"caption\":\"Vinicio Jarqu\u00edn\"},\"logo\":{\"@id\":\"https:\/\/viniciojarquin.com\/blog\/#\/schema\/person\/image\/\"},\"description\":\"Empresario textil, artista pl\u00e1stico, escritor, coach de vida y fot\u00f3grafo.\",\"sameAs\":[\"https:\/\/viniciojarquin.com\/blog\",\"https:\/\/www.facebook.com\/vinicio.jarquin\",\"https:\/\/www.instagram.com\/vinicio_jarquin\/\",\"https:\/\/www.pinterest.com\/vinnyjc\/\",\"https:\/\/www.youtube.com\/@VinicioJarquin\"],\"url\":\"https:\/\/viniciojarquin.com\/blog\/author\/admin_s02au25i\/\"}]}<\/script>\n<!-- \/ Yoast SEO plugin. -->","yoast_head_json":{"title":"Lo que divide\u2026 tambi\u00e9n revela - MI BLOG","robots":{"index":"index","follow":"follow","max-snippet":"max-snippet:-1","max-image-preview":"max-image-preview:large","max-video-preview":"max-video-preview:-1"},"canonical":"https:\/\/viniciojarquin.com\/blog\/lo-que-divide-tambien-revela\/","og_locale":"es_ES","og_type":"article","og_title":"Lo que divide\u2026 tambi\u00e9n revela - MI BLOG","og_description":"La eficiencia desde el Ejecutivo \u2014ya sea desde la presidencia en ejercicio o desde la oficina de la presidenta electa\u2014 [&hellip;]","og_url":"https:\/\/viniciojarquin.com\/blog\/lo-que-divide-tambien-revela\/","og_site_name":"MI BLOG","article_publisher":"https:\/\/www.facebook.com\/vinicio.jarquin","article_author":"https:\/\/www.facebook.com\/vinicio.jarquin","article_published_time":"2026-03-31T06:07:28+00:00","article_modified_time":"2026-03-31T06:34:33+00:00","og_image":[{"width":800,"height":1200,"url":"https:\/\/viniciojarquin.com\/blog\/wp-content\/uploads\/2026\/03\/Chicos-con-la-bandera-de-Apacigua.png","type":"image\/png"}],"author":"Vinicio Jarqu\u00edn","twitter_card":"summary_large_image","twitter_misc":{"Escrito por":"Vinicio Jarqu\u00edn","Tiempo de lectura":"3 minutos"},"schema":{"@context":"https:\/\/schema.org","@graph":[{"@type":"Article","@id":"https:\/\/viniciojarquin.com\/blog\/lo-que-divide-tambien-revela\/#article","isPartOf":{"@id":"https:\/\/viniciojarquin.com\/blog\/lo-que-divide-tambien-revela\/"},"author":{"name":"Vinicio Jarqu\u00edn","@id":"https:\/\/viniciojarquin.com\/blog\/#\/schema\/person\/90100c8845ae55462ec0657d3d2f8d3b"},"headline":"Lo que divide\u2026 tambi\u00e9n revela","datePublished":"2026-03-31T06:07:28+00:00","dateModified":"2026-03-31T06:34:33+00:00","mainEntityOfPage":{"@id":"https:\/\/viniciojarquin.com\/blog\/lo-que-divide-tambien-revela\/"},"wordCount":585,"commentCount":0,"publisher":{"@id":"https:\/\/viniciojarquin.com\/blog\/#\/schema\/person\/90100c8845ae55462ec0657d3d2f8d3b"},"image":{"@id":"https:\/\/viniciojarquin.com\/blog\/lo-que-divide-tambien-revela\/#primaryimage"},"thumbnailUrl":"https:\/\/viniciojarquin.com\/blog\/wp-content\/uploads\/2026\/03\/Chicos-con-la-bandera-de-Apacigua.png","articleSection":["Pol\u00edtica varios"],"inLanguage":"es","potentialAction":[{"@type":"CommentAction","name":"Comment","target":["https:\/\/viniciojarquin.com\/blog\/lo-que-divide-tambien-revela\/#respond"]}]},{"@type":"WebPage","@id":"https:\/\/viniciojarquin.com\/blog\/lo-que-divide-tambien-revela\/","url":"https:\/\/viniciojarquin.com\/blog\/lo-que-divide-tambien-revela\/","name":"Lo que divide\u2026 tambi\u00e9n revela - MI BLOG","isPartOf":{"@id":"https:\/\/viniciojarquin.com\/blog\/#website"},"primaryImageOfPage":{"@id":"https:\/\/viniciojarquin.com\/blog\/lo-que-divide-tambien-revela\/#primaryimage"},"image":{"@id":"https:\/\/viniciojarquin.com\/blog\/lo-que-divide-tambien-revela\/#primaryimage"},"thumbnailUrl":"https:\/\/viniciojarquin.com\/blog\/wp-content\/uploads\/2026\/03\/Chicos-con-la-bandera-de-Apacigua.png","datePublished":"2026-03-31T06:07:28+00:00","dateModified":"2026-03-31T06:34:33+00:00","breadcrumb":{"@id":"https:\/\/viniciojarquin.com\/blog\/lo-que-divide-tambien-revela\/#breadcrumb"},"inLanguage":"es","potentialAction":[{"@type":"ReadAction","target":["https:\/\/viniciojarquin.com\/blog\/lo-que-divide-tambien-revela\/"]}]},{"@type":"ImageObject","inLanguage":"es","@id":"https:\/\/viniciojarquin.com\/blog\/lo-que-divide-tambien-revela\/#primaryimage","url":"https:\/\/viniciojarquin.com\/blog\/wp-content\/uploads\/2026\/03\/Chicos-con-la-bandera-de-Apacigua.png","contentUrl":"https:\/\/viniciojarquin.com\/blog\/wp-content\/uploads\/2026\/03\/Chicos-con-la-bandera-de-Apacigua.png","width":800,"height":1200},{"@type":"BreadcrumbList","@id":"https:\/\/viniciojarquin.com\/blog\/lo-que-divide-tambien-revela\/#breadcrumb","itemListElement":[{"@type":"ListItem","position":1,"name":"Portada","item":"https:\/\/viniciojarquin.com\/blog\/"},{"@type":"ListItem","position":2,"name":"Lo que divide\u2026 tambi\u00e9n revela"}]},{"@type":"WebSite","@id":"https:\/\/viniciojarquin.com\/blog\/#website","url":"https:\/\/viniciojarquin.com\/blog\/","name":"Vinicio Jarqu\u00edn BLOG","description":"","publisher":{"@id":"https:\/\/viniciojarquin.com\/blog\/#\/schema\/person\/90100c8845ae55462ec0657d3d2f8d3b"},"potentialAction":[{"@type":"SearchAction","target":{"@type":"EntryPoint","urlTemplate":"https:\/\/viniciojarquin.com\/blog\/?s={search_term_string}"},"query-input":{"@type":"PropertyValueSpecification","valueRequired":true,"valueName":"search_term_string"}}],"inLanguage":"es"},{"@type":["Person","Organization"],"@id":"https:\/\/viniciojarquin.com\/blog\/#\/schema\/person\/90100c8845ae55462ec0657d3d2f8d3b","name":"Vinicio Jarqu\u00edn","image":{"@type":"ImageObject","inLanguage":"es","@id":"https:\/\/viniciojarquin.com\/blog\/#\/schema\/person\/image\/","url":"https:\/\/viniciojarquin.com\/blog\/wp-content\/uploads\/2024\/10\/Logo-VinicioJarquin-original-400.png","contentUrl":"https:\/\/viniciojarquin.com\/blog\/wp-content\/uploads\/2024\/10\/Logo-VinicioJarquin-original-400.png","width":400,"height":130,"caption":"Vinicio Jarqu\u00edn"},"logo":{"@id":"https:\/\/viniciojarquin.com\/blog\/#\/schema\/person\/image\/"},"description":"Empresario textil, artista pl\u00e1stico, escritor, coach de vida y fot\u00f3grafo.","sameAs":["https:\/\/viniciojarquin.com\/blog","https:\/\/www.facebook.com\/vinicio.jarquin","https:\/\/www.instagram.com\/vinicio_jarquin\/","https:\/\/www.pinterest.com\/vinnyjc\/","https:\/\/www.youtube.com\/@VinicioJarquin"],"url":"https:\/\/viniciojarquin.com\/blog\/author\/admin_s02au25i\/"}]}},"blog_post_layout_featured_media_urls":{"thumbnail":["https:\/\/viniciojarquin.com\/blog\/wp-content\/uploads\/2026\/03\/Chicos-con-la-bandera-de-Apacigua-150x150.png",150,150,true],"full":["https:\/\/viniciojarquin.com\/blog\/wp-content\/uploads\/2026\/03\/Chicos-con-la-bandera-de-Apacigua.png",800,1200,false]},"categories_names":{"12":{"name":"Pol\u00edtica varios","link":"https:\/\/viniciojarquin.com\/blog\/category\/politica-o-gobierno\/"}},"tags_names":[],"comments_number":"0","_links":{"self":[{"href":"https:\/\/viniciojarquin.com\/blog\/wp-json\/wp\/v2\/posts\/3239","targetHints":{"allow":["GET"]}}],"collection":[{"href":"https:\/\/viniciojarquin.com\/blog\/wp-json\/wp\/v2\/posts"}],"about":[{"href":"https:\/\/viniciojarquin.com\/blog\/wp-json\/wp\/v2\/types\/post"}],"author":[{"embeddable":true,"href":"https:\/\/viniciojarquin.com\/blog\/wp-json\/wp\/v2\/users\/1"}],"replies":[{"embeddable":true,"href":"https:\/\/viniciojarquin.com\/blog\/wp-json\/wp\/v2\/comments?post=3239"}],"version-history":[{"count":2,"href":"https:\/\/viniciojarquin.com\/blog\/wp-json\/wp\/v2\/posts\/3239\/revisions"}],"predecessor-version":[{"id":3243,"href":"https:\/\/viniciojarquin.com\/blog\/wp-json\/wp\/v2\/posts\/3239\/revisions\/3243"}],"wp:featuredmedia":[{"embeddable":true,"href":"https:\/\/viniciojarquin.com\/blog\/wp-json\/wp\/v2\/media\/3242"}],"wp:attachment":[{"href":"https:\/\/viniciojarquin.com\/blog\/wp-json\/wp\/v2\/media?parent=3239"}],"wp:term":[{"taxonomy":"category","embeddable":true,"href":"https:\/\/viniciojarquin.com\/blog\/wp-json\/wp\/v2\/categories?post=3239"},{"taxonomy":"post_tag","embeddable":true,"href":"https:\/\/viniciojarquin.com\/blog\/wp-json\/wp\/v2\/tags?post=3239"}],"curies":[{"name":"wp","href":"https:\/\/api.w.org\/{rel}","templated":true}]}}