{"id":3244,"date":"2026-03-31T15:43:14","date_gmt":"2026-03-31T15:43:14","guid":{"rendered":"https:\/\/viniciojarquin.com\/blog\/?p=3244"},"modified":"2026-03-31T15:43:16","modified_gmt":"2026-03-31T15:43:16","slug":"cuando-un-ranking-dice-mas-de-quien-lo-comparte-que-del-presidente","status":"publish","type":"post","link":"https:\/\/viniciojarquin.com\/blog\/cuando-un-ranking-dice-mas-de-quien-lo-comparte-que-del-presidente\/","title":{"rendered":"Cuando un ranking dice m\u00e1s de quien lo comparte que del presidente"},"content":{"rendered":"\n<figure class=\"wp-block-image size-full\"><img decoding=\"async\" width=\"800\" height=\"533\" data-src=\"https:\/\/viniciojarquin.com\/blog\/wp-content\/uploads\/2026\/03\/Cuando-el-ranking-dice.png\" alt=\"\" class=\"wp-image-3248 lazyload\" data-srcset=\"https:\/\/viniciojarquin.com\/blog\/wp-content\/uploads\/2026\/03\/Cuando-el-ranking-dice.png 800w, https:\/\/viniciojarquin.com\/blog\/wp-content\/uploads\/2026\/03\/Cuando-el-ranking-dice-300x200.png 300w, https:\/\/viniciojarquin.com\/blog\/wp-content\/uploads\/2026\/03\/Cuando-el-ranking-dice-768x512.png 768w\" data-sizes=\"(max-width: 800px) 100vw, 800px\" src=\"data:image\/svg+xml;base64,PHN2ZyB3aWR0aD0iMSIgaGVpZ2h0PSIxIiB4bWxucz0iaHR0cDovL3d3dy53My5vcmcvMjAwMC9zdmciPjwvc3ZnPg==\" style=\"--smush-placeholder-width: 800px; --smush-placeholder-aspect-ratio: 800\/533;\" \/><\/figure>\n\n\n\n<p>En estos d\u00edas ha circulado una noticia que ubica al presidente Rodrigo Chaves Robles como el quinto mejor mandatario de Am\u00e9rica Latina. Y como suele pasar con este tipo de titulares, la reacci\u00f3n ha sido inmediata: orgullo para unos, duda para otros, y celebraci\u00f3n casi autom\u00e1tica para quienes ya est\u00e1n convencidos de su gesti\u00f3n.<\/p>\n\n\n\n<p>Hasta ah\u00ed, nada nuevo.<\/p>\n\n\n\n<p>Porque s\u00ed, es cierto que el presidente cuenta con un nivel importante de popularidad dentro del pa\u00eds. Eso no es un misterio, ni algo que deba ocultarse. M\u00e1s bien, es parte del an\u00e1lisis pol\u00edtico b\u00e1sico: cuando una figura tiene respaldo, ese respaldo se refleja en encuestas, en elecciones y en la conversaci\u00f3n p\u00fablica. Incluso, muchos interpretan que ese capital pol\u00edtico influy\u00f3 en el resultado electoral reciente, favoreciendo a figuras cercanas a su l\u00ednea.<\/p>\n\n\n\n<p>Pero hay algo que vale la pena mirar con calma.<\/p>\n\n\n\n<p>La noticia no habla de un reconocimiento internacional institucional. No se trata de organismos multilaterales, ni de evaluaciones t\u00e9cnicas de desempe\u00f1o, ni de rankings construidos a partir de indicadores verificables como crecimiento econ\u00f3mico, institucionalidad o desarrollo humano. Lo que se presenta es, seg\u00fan la misma informaci\u00f3n, una encuesta de opini\u00f3n. Y eso cambia todo.<\/p>\n\n\n\n<p>Porque una encuesta no mide \u201cqu\u00e9 tan buen presidente es alguien\u201d en t\u00e9rminos objetivos. Mide percepci\u00f3n. Mide simpat\u00eda. Mide respaldo emocional. Mide narrativa.<\/p>\n\n\n\n<p>Y cuando confundimos percepci\u00f3n con evaluaci\u00f3n t\u00e9cnica, empezamos a construir conclusiones que no necesariamente se sostienen fuera del contexto donde nacieron.<\/p>\n\n\n\n<p>Aqu\u00ed es donde el tema se vuelve interesante.<\/p>\n\n\n\n<p>Porque celebrar un quinto lugar puede parecer positivo\u2026 hasta que uno observa el contexto completo del ranking. Y cuando en esa misma lista aparece Daniel Ortega en posiciones cercanas, la pregunta ya no es qui\u00e9n qued\u00f3 de quinto\u2026 sino qu\u00e9 tipo de medici\u00f3n se est\u00e1 utilizando.<\/p>\n\n\n\n<p>Y esa pregunta no es un ataque. Es una invitaci\u00f3n.<\/p>\n\n\n\n<p>Una invitaci\u00f3n a diferenciar entre popularidad y calidad de gesti\u00f3n. Entre respaldo interno y validaci\u00f3n internacional. Entre lo que queremos creer\u2026 y lo que realmente se est\u00e1 midiendo.<\/p>\n\n\n\n<p>Porque en pol\u00edtica \u2014como en la vida\u2014 no todo lo que suena bien, necesariamente significa lo que parece.<\/p>\n\n\n\n<p>Y aqu\u00ed viene algo m\u00e1s profundo.<\/p>\n\n\n\n<p>No se trata de negar que un presidente pueda tener apoyo. Tampoco de invalidar a quienes lo reconocen. Se trata de algo m\u00e1s inc\u00f3modo, pero m\u00e1s honesto: entender que muchas veces no analizamos la informaci\u00f3n\u2026 la confirmamos.<\/p>\n\n\n\n<p>Si una noticia refuerza lo que ya pensamos, la aceptamos sin cuestionar. Si la contradice, la descartamos. Y en ese proceso, dejamos de informarnos\u2026 para empezar a reafirmarnos.<\/p>\n\n\n\n<p>Por eso, m\u00e1s all\u00e1 del ranking, la verdadera conversaci\u00f3n no es sobre el lugar n\u00famero cinco.<\/p>\n\n\n\n<p>Es sobre nosotros. Sobre c\u00f3mo leemos. Sobre qu\u00e9 creemos. Sobre cu\u00e1nto estamos dispuestos a cuestionar incluso aquello que nos gusta escuchar.<\/p>\n\n\n\n<p>Porque una ciudadan\u00eda consciente no es la que celebra todo\u2026 ni la que critica todo.<\/p>\n\n\n\n<p>Es la que se detiene. Observa. Y piensa.<\/p>\n","protected":false},"excerpt":{"rendered":"<p>En estos d\u00edas ha circulado una noticia que ubica al presidente Rodrigo Chaves Robles como el quinto mejor mandatario de [&hellip;]<\/p>\n","protected":false},"author":1,"featured_media":3248,"comment_status":"open","ping_status":"open","sticky":false,"template":"","format":"standard","meta":{"site-sidebar-layout":"default","site-content-layout":"","ast-site-content-layout":"","site-content-style":"default","site-sidebar-style":"default","ast-global-header-display":"","ast-banner-title-visibility":"","ast-main-header-display":"","ast-hfb-above-header-display":"","ast-hfb-below-header-display":"","ast-hfb-mobile-header-display":"","site-post-title":"","ast-breadcrumbs-content":"","ast-featured-img":"","footer-sml-layout":"","theme-transparent-header-meta":"","adv-header-id-meta":"","stick-header-meta":"","header-above-stick-meta":"","header-main-stick-meta":"","header-below-stick-meta":"","astra-migrate-meta-layouts":"default","ast-page-background-enabled":"default","ast-page-background-meta":{"desktop":{"background-color":"var(--ast-global-color-5)","background-image":"","background-repeat":"repeat","background-position":"center center","background-size":"auto","background-attachment":"scroll","background-type":"","background-media":"","overlay-type":"","overlay-color":"","overlay-opacity":"","overlay-gradient":""},"tablet":{"background-color":"","background-image":"","background-repeat":"repeat","background-position":"center center","background-size":"auto","background-attachment":"scroll","background-type":"","background-media":"","overlay-type":"","overlay-color":"","overlay-opacity":"","overlay-gradient":""},"mobile":{"background-color":"","background-image":"","background-repeat":"repeat","background-position":"center center","background-size":"auto","background-attachment":"scroll","background-type":"","background-media":"","overlay-type":"","overlay-color":"","overlay-opacity":"","overlay-gradient":""}},"ast-content-background-meta":{"desktop":{"background-color":"var(--ast-global-color-4)","background-image":"","background-repeat":"repeat","background-position":"center center","background-size":"auto","background-attachment":"scroll","background-type":"","background-media":"","overlay-type":"","overlay-color":"","overlay-opacity":"","overlay-gradient":""},"tablet":{"background-color":"var(--ast-global-color-4)","background-image":"","background-repeat":"repeat","background-position":"center center","background-size":"auto","background-attachment":"scroll","background-type":"","background-media":"","overlay-type":"","overlay-color":"","overlay-opacity":"","overlay-gradient":""},"mobile":{"background-color":"var(--ast-global-color-4)","background-image":"","background-repeat":"repeat","background-position":"center center","background-size":"auto","background-attachment":"scroll","background-type":"","background-media":"","overlay-type":"","overlay-color":"","overlay-opacity":"","overlay-gradient":""}},"footnotes":""},"categories":[1],"tags":[],"class_list":["post-3244","post","type-post","status-publish","format-standard","has-post-thumbnail","hentry","category-uncategorized"],"yoast_head":"<!-- This site is optimized with the Yoast SEO plugin v26.0 - https:\/\/yoast.com\/wordpress\/plugins\/seo\/ -->\n<title>Cuando un ranking dice m\u00e1s de quien lo comparte que del presidente - MI BLOG<\/title>\n<meta name=\"robots\" content=\"index, follow, max-snippet:-1, max-image-preview:large, max-video-preview:-1\" \/>\n<link rel=\"canonical\" href=\"https:\/\/viniciojarquin.com\/blog\/cuando-un-ranking-dice-mas-de-quien-lo-comparte-que-del-presidente\/\" \/>\n<meta property=\"og:locale\" content=\"es_ES\" \/>\n<meta property=\"og:type\" content=\"article\" \/>\n<meta property=\"og:title\" content=\"Cuando un ranking dice m\u00e1s de quien lo comparte que del presidente - MI BLOG\" \/>\n<meta property=\"og:description\" content=\"En estos d\u00edas ha circulado una noticia que ubica al presidente Rodrigo Chaves Robles como el quinto mejor mandatario de [&hellip;]\" \/>\n<meta property=\"og:url\" content=\"https:\/\/viniciojarquin.com\/blog\/cuando-un-ranking-dice-mas-de-quien-lo-comparte-que-del-presidente\/\" \/>\n<meta property=\"og:site_name\" content=\"MI BLOG\" \/>\n<meta property=\"article:publisher\" content=\"https:\/\/www.facebook.com\/vinicio.jarquin\" \/>\n<meta property=\"article:author\" content=\"https:\/\/www.facebook.com\/vinicio.jarquin\" \/>\n<meta property=\"article:published_time\" content=\"2026-03-31T15:43:14+00:00\" \/>\n<meta property=\"article:modified_time\" content=\"2026-03-31T15:43:16+00:00\" \/>\n<meta property=\"og:image\" content=\"https:\/\/viniciojarquin.com\/blog\/wp-content\/uploads\/2026\/03\/Cuando-el-ranking-dice.png\" \/>\n\t<meta property=\"og:image:width\" content=\"800\" \/>\n\t<meta property=\"og:image:height\" content=\"533\" \/>\n\t<meta property=\"og:image:type\" content=\"image\/png\" \/>\n<meta name=\"author\" content=\"Vinicio Jarqu\u00edn\" \/>\n<meta name=\"twitter:card\" content=\"summary_large_image\" \/>\n<meta name=\"twitter:label1\" content=\"Escrito por\" \/>\n\t<meta name=\"twitter:data1\" content=\"Vinicio Jarqu\u00edn\" \/>\n\t<meta name=\"twitter:label2\" content=\"Tiempo de lectura\" \/>\n\t<meta name=\"twitter:data2\" content=\"3 minutos\" \/>\n<script type=\"application\/ld+json\" class=\"yoast-schema-graph\">{\"@context\":\"https:\/\/schema.org\",\"@graph\":[{\"@type\":\"Article\",\"@id\":\"https:\/\/viniciojarquin.com\/blog\/cuando-un-ranking-dice-mas-de-quien-lo-comparte-que-del-presidente\/#article\",\"isPartOf\":{\"@id\":\"https:\/\/viniciojarquin.com\/blog\/cuando-un-ranking-dice-mas-de-quien-lo-comparte-que-del-presidente\/\"},\"author\":{\"name\":\"Vinicio Jarqu\u00edn\",\"@id\":\"https:\/\/viniciojarquin.com\/blog\/#\/schema\/person\/90100c8845ae55462ec0657d3d2f8d3b\"},\"headline\":\"Cuando un ranking dice m\u00e1s de quien lo comparte que del presidente\",\"datePublished\":\"2026-03-31T15:43:14+00:00\",\"dateModified\":\"2026-03-31T15:43:16+00:00\",\"mainEntityOfPage\":{\"@id\":\"https:\/\/viniciojarquin.com\/blog\/cuando-un-ranking-dice-mas-de-quien-lo-comparte-que-del-presidente\/\"},\"wordCount\":539,\"commentCount\":0,\"publisher\":{\"@id\":\"https:\/\/viniciojarquin.com\/blog\/#\/schema\/person\/90100c8845ae55462ec0657d3d2f8d3b\"},\"image\":{\"@id\":\"https:\/\/viniciojarquin.com\/blog\/cuando-un-ranking-dice-mas-de-quien-lo-comparte-que-del-presidente\/#primaryimage\"},\"thumbnailUrl\":\"https:\/\/viniciojarquin.com\/blog\/wp-content\/uploads\/2026\/03\/Cuando-el-ranking-dice.png\",\"articleSection\":[\"Uncategorized\"],\"inLanguage\":\"es\",\"potentialAction\":[{\"@type\":\"CommentAction\",\"name\":\"Comment\",\"target\":[\"https:\/\/viniciojarquin.com\/blog\/cuando-un-ranking-dice-mas-de-quien-lo-comparte-que-del-presidente\/#respond\"]}]},{\"@type\":\"WebPage\",\"@id\":\"https:\/\/viniciojarquin.com\/blog\/cuando-un-ranking-dice-mas-de-quien-lo-comparte-que-del-presidente\/\",\"url\":\"https:\/\/viniciojarquin.com\/blog\/cuando-un-ranking-dice-mas-de-quien-lo-comparte-que-del-presidente\/\",\"name\":\"Cuando un ranking dice m\u00e1s de quien lo comparte que del presidente - MI BLOG\",\"isPartOf\":{\"@id\":\"https:\/\/viniciojarquin.com\/blog\/#website\"},\"primaryImageOfPage\":{\"@id\":\"https:\/\/viniciojarquin.com\/blog\/cuando-un-ranking-dice-mas-de-quien-lo-comparte-que-del-presidente\/#primaryimage\"},\"image\":{\"@id\":\"https:\/\/viniciojarquin.com\/blog\/cuando-un-ranking-dice-mas-de-quien-lo-comparte-que-del-presidente\/#primaryimage\"},\"thumbnailUrl\":\"https:\/\/viniciojarquin.com\/blog\/wp-content\/uploads\/2026\/03\/Cuando-el-ranking-dice.png\",\"datePublished\":\"2026-03-31T15:43:14+00:00\",\"dateModified\":\"2026-03-31T15:43:16+00:00\",\"breadcrumb\":{\"@id\":\"https:\/\/viniciojarquin.com\/blog\/cuando-un-ranking-dice-mas-de-quien-lo-comparte-que-del-presidente\/#breadcrumb\"},\"inLanguage\":\"es\",\"potentialAction\":[{\"@type\":\"ReadAction\",\"target\":[\"https:\/\/viniciojarquin.com\/blog\/cuando-un-ranking-dice-mas-de-quien-lo-comparte-que-del-presidente\/\"]}]},{\"@type\":\"ImageObject\",\"inLanguage\":\"es\",\"@id\":\"https:\/\/viniciojarquin.com\/blog\/cuando-un-ranking-dice-mas-de-quien-lo-comparte-que-del-presidente\/#primaryimage\",\"url\":\"https:\/\/viniciojarquin.com\/blog\/wp-content\/uploads\/2026\/03\/Cuando-el-ranking-dice.png\",\"contentUrl\":\"https:\/\/viniciojarquin.com\/blog\/wp-content\/uploads\/2026\/03\/Cuando-el-ranking-dice.png\",\"width\":800,\"height\":533},{\"@type\":\"BreadcrumbList\",\"@id\":\"https:\/\/viniciojarquin.com\/blog\/cuando-un-ranking-dice-mas-de-quien-lo-comparte-que-del-presidente\/#breadcrumb\",\"itemListElement\":[{\"@type\":\"ListItem\",\"position\":1,\"name\":\"Portada\",\"item\":\"https:\/\/viniciojarquin.com\/blog\/\"},{\"@type\":\"ListItem\",\"position\":2,\"name\":\"Cuando un ranking dice m\u00e1s de quien lo comparte que del presidente\"}]},{\"@type\":\"WebSite\",\"@id\":\"https:\/\/viniciojarquin.com\/blog\/#website\",\"url\":\"https:\/\/viniciojarquin.com\/blog\/\",\"name\":\"Vinicio Jarqu\u00edn BLOG\",\"description\":\"\",\"publisher\":{\"@id\":\"https:\/\/viniciojarquin.com\/blog\/#\/schema\/person\/90100c8845ae55462ec0657d3d2f8d3b\"},\"potentialAction\":[{\"@type\":\"SearchAction\",\"target\":{\"@type\":\"EntryPoint\",\"urlTemplate\":\"https:\/\/viniciojarquin.com\/blog\/?s={search_term_string}\"},\"query-input\":{\"@type\":\"PropertyValueSpecification\",\"valueRequired\":true,\"valueName\":\"search_term_string\"}}],\"inLanguage\":\"es\"},{\"@type\":[\"Person\",\"Organization\"],\"@id\":\"https:\/\/viniciojarquin.com\/blog\/#\/schema\/person\/90100c8845ae55462ec0657d3d2f8d3b\",\"name\":\"Vinicio Jarqu\u00edn\",\"image\":{\"@type\":\"ImageObject\",\"inLanguage\":\"es\",\"@id\":\"https:\/\/viniciojarquin.com\/blog\/#\/schema\/person\/image\/\",\"url\":\"https:\/\/viniciojarquin.com\/blog\/wp-content\/uploads\/2024\/10\/Logo-VinicioJarquin-original-400.png\",\"contentUrl\":\"https:\/\/viniciojarquin.com\/blog\/wp-content\/uploads\/2024\/10\/Logo-VinicioJarquin-original-400.png\",\"width\":400,\"height\":130,\"caption\":\"Vinicio Jarqu\u00edn\"},\"logo\":{\"@id\":\"https:\/\/viniciojarquin.com\/blog\/#\/schema\/person\/image\/\"},\"description\":\"Empresario textil, artista pl\u00e1stico, escritor, coach de vida y fot\u00f3grafo.\",\"sameAs\":[\"https:\/\/viniciojarquin.com\/blog\",\"https:\/\/www.facebook.com\/vinicio.jarquin\",\"https:\/\/www.instagram.com\/vinicio_jarquin\/\",\"https:\/\/www.pinterest.com\/vinnyjc\/\",\"https:\/\/www.youtube.com\/@VinicioJarquin\"],\"url\":\"https:\/\/viniciojarquin.com\/blog\/author\/admin_s02au25i\/\"}]}<\/script>\n<!-- \/ Yoast SEO plugin. -->","yoast_head_json":{"title":"Cuando un ranking dice m\u00e1s de quien lo comparte que del presidente - MI BLOG","robots":{"index":"index","follow":"follow","max-snippet":"max-snippet:-1","max-image-preview":"max-image-preview:large","max-video-preview":"max-video-preview:-1"},"canonical":"https:\/\/viniciojarquin.com\/blog\/cuando-un-ranking-dice-mas-de-quien-lo-comparte-que-del-presidente\/","og_locale":"es_ES","og_type":"article","og_title":"Cuando un ranking dice m\u00e1s de quien lo comparte que del presidente - MI BLOG","og_description":"En estos d\u00edas ha circulado una noticia que ubica al presidente Rodrigo Chaves Robles como el quinto mejor mandatario de [&hellip;]","og_url":"https:\/\/viniciojarquin.com\/blog\/cuando-un-ranking-dice-mas-de-quien-lo-comparte-que-del-presidente\/","og_site_name":"MI BLOG","article_publisher":"https:\/\/www.facebook.com\/vinicio.jarquin","article_author":"https:\/\/www.facebook.com\/vinicio.jarquin","article_published_time":"2026-03-31T15:43:14+00:00","article_modified_time":"2026-03-31T15:43:16+00:00","og_image":[{"width":800,"height":533,"url":"https:\/\/viniciojarquin.com\/blog\/wp-content\/uploads\/2026\/03\/Cuando-el-ranking-dice.png","type":"image\/png"}],"author":"Vinicio Jarqu\u00edn","twitter_card":"summary_large_image","twitter_misc":{"Escrito por":"Vinicio Jarqu\u00edn","Tiempo de lectura":"3 minutos"},"schema":{"@context":"https:\/\/schema.org","@graph":[{"@type":"Article","@id":"https:\/\/viniciojarquin.com\/blog\/cuando-un-ranking-dice-mas-de-quien-lo-comparte-que-del-presidente\/#article","isPartOf":{"@id":"https:\/\/viniciojarquin.com\/blog\/cuando-un-ranking-dice-mas-de-quien-lo-comparte-que-del-presidente\/"},"author":{"name":"Vinicio Jarqu\u00edn","@id":"https:\/\/viniciojarquin.com\/blog\/#\/schema\/person\/90100c8845ae55462ec0657d3d2f8d3b"},"headline":"Cuando un ranking dice m\u00e1s de quien lo comparte que del presidente","datePublished":"2026-03-31T15:43:14+00:00","dateModified":"2026-03-31T15:43:16+00:00","mainEntityOfPage":{"@id":"https:\/\/viniciojarquin.com\/blog\/cuando-un-ranking-dice-mas-de-quien-lo-comparte-que-del-presidente\/"},"wordCount":539,"commentCount":0,"publisher":{"@id":"https:\/\/viniciojarquin.com\/blog\/#\/schema\/person\/90100c8845ae55462ec0657d3d2f8d3b"},"image":{"@id":"https:\/\/viniciojarquin.com\/blog\/cuando-un-ranking-dice-mas-de-quien-lo-comparte-que-del-presidente\/#primaryimage"},"thumbnailUrl":"https:\/\/viniciojarquin.com\/blog\/wp-content\/uploads\/2026\/03\/Cuando-el-ranking-dice.png","articleSection":["Uncategorized"],"inLanguage":"es","potentialAction":[{"@type":"CommentAction","name":"Comment","target":["https:\/\/viniciojarquin.com\/blog\/cuando-un-ranking-dice-mas-de-quien-lo-comparte-que-del-presidente\/#respond"]}]},{"@type":"WebPage","@id":"https:\/\/viniciojarquin.com\/blog\/cuando-un-ranking-dice-mas-de-quien-lo-comparte-que-del-presidente\/","url":"https:\/\/viniciojarquin.com\/blog\/cuando-un-ranking-dice-mas-de-quien-lo-comparte-que-del-presidente\/","name":"Cuando un ranking dice m\u00e1s de quien lo comparte que del presidente - MI BLOG","isPartOf":{"@id":"https:\/\/viniciojarquin.com\/blog\/#website"},"primaryImageOfPage":{"@id":"https:\/\/viniciojarquin.com\/blog\/cuando-un-ranking-dice-mas-de-quien-lo-comparte-que-del-presidente\/#primaryimage"},"image":{"@id":"https:\/\/viniciojarquin.com\/blog\/cuando-un-ranking-dice-mas-de-quien-lo-comparte-que-del-presidente\/#primaryimage"},"thumbnailUrl":"https:\/\/viniciojarquin.com\/blog\/wp-content\/uploads\/2026\/03\/Cuando-el-ranking-dice.png","datePublished":"2026-03-31T15:43:14+00:00","dateModified":"2026-03-31T15:43:16+00:00","breadcrumb":{"@id":"https:\/\/viniciojarquin.com\/blog\/cuando-un-ranking-dice-mas-de-quien-lo-comparte-que-del-presidente\/#breadcrumb"},"inLanguage":"es","potentialAction":[{"@type":"ReadAction","target":["https:\/\/viniciojarquin.com\/blog\/cuando-un-ranking-dice-mas-de-quien-lo-comparte-que-del-presidente\/"]}]},{"@type":"ImageObject","inLanguage":"es","@id":"https:\/\/viniciojarquin.com\/blog\/cuando-un-ranking-dice-mas-de-quien-lo-comparte-que-del-presidente\/#primaryimage","url":"https:\/\/viniciojarquin.com\/blog\/wp-content\/uploads\/2026\/03\/Cuando-el-ranking-dice.png","contentUrl":"https:\/\/viniciojarquin.com\/blog\/wp-content\/uploads\/2026\/03\/Cuando-el-ranking-dice.png","width":800,"height":533},{"@type":"BreadcrumbList","@id":"https:\/\/viniciojarquin.com\/blog\/cuando-un-ranking-dice-mas-de-quien-lo-comparte-que-del-presidente\/#breadcrumb","itemListElement":[{"@type":"ListItem","position":1,"name":"Portada","item":"https:\/\/viniciojarquin.com\/blog\/"},{"@type":"ListItem","position":2,"name":"Cuando un ranking dice m\u00e1s de quien lo comparte que del presidente"}]},{"@type":"WebSite","@id":"https:\/\/viniciojarquin.com\/blog\/#website","url":"https:\/\/viniciojarquin.com\/blog\/","name":"Vinicio Jarqu\u00edn BLOG","description":"","publisher":{"@id":"https:\/\/viniciojarquin.com\/blog\/#\/schema\/person\/90100c8845ae55462ec0657d3d2f8d3b"},"potentialAction":[{"@type":"SearchAction","target":{"@type":"EntryPoint","urlTemplate":"https:\/\/viniciojarquin.com\/blog\/?s={search_term_string}"},"query-input":{"@type":"PropertyValueSpecification","valueRequired":true,"valueName":"search_term_string"}}],"inLanguage":"es"},{"@type":["Person","Organization"],"@id":"https:\/\/viniciojarquin.com\/blog\/#\/schema\/person\/90100c8845ae55462ec0657d3d2f8d3b","name":"Vinicio Jarqu\u00edn","image":{"@type":"ImageObject","inLanguage":"es","@id":"https:\/\/viniciojarquin.com\/blog\/#\/schema\/person\/image\/","url":"https:\/\/viniciojarquin.com\/blog\/wp-content\/uploads\/2024\/10\/Logo-VinicioJarquin-original-400.png","contentUrl":"https:\/\/viniciojarquin.com\/blog\/wp-content\/uploads\/2024\/10\/Logo-VinicioJarquin-original-400.png","width":400,"height":130,"caption":"Vinicio Jarqu\u00edn"},"logo":{"@id":"https:\/\/viniciojarquin.com\/blog\/#\/schema\/person\/image\/"},"description":"Empresario textil, artista pl\u00e1stico, escritor, coach de vida y fot\u00f3grafo.","sameAs":["https:\/\/viniciojarquin.com\/blog","https:\/\/www.facebook.com\/vinicio.jarquin","https:\/\/www.instagram.com\/vinicio_jarquin\/","https:\/\/www.pinterest.com\/vinnyjc\/","https:\/\/www.youtube.com\/@VinicioJarquin"],"url":"https:\/\/viniciojarquin.com\/blog\/author\/admin_s02au25i\/"}]}},"blog_post_layout_featured_media_urls":{"thumbnail":["https:\/\/viniciojarquin.com\/blog\/wp-content\/uploads\/2026\/03\/Cuando-el-ranking-dice-150x150.png",150,150,true],"full":["https:\/\/viniciojarquin.com\/blog\/wp-content\/uploads\/2026\/03\/Cuando-el-ranking-dice.png",800,533,false]},"categories_names":{"1":{"name":"Uncategorized","link":"https:\/\/viniciojarquin.com\/blog\/category\/uncategorized\/"}},"tags_names":[],"comments_number":"0","_links":{"self":[{"href":"https:\/\/viniciojarquin.com\/blog\/wp-json\/wp\/v2\/posts\/3244","targetHints":{"allow":["GET"]}}],"collection":[{"href":"https:\/\/viniciojarquin.com\/blog\/wp-json\/wp\/v2\/posts"}],"about":[{"href":"https:\/\/viniciojarquin.com\/blog\/wp-json\/wp\/v2\/types\/post"}],"author":[{"embeddable":true,"href":"https:\/\/viniciojarquin.com\/blog\/wp-json\/wp\/v2\/users\/1"}],"replies":[{"embeddable":true,"href":"https:\/\/viniciojarquin.com\/blog\/wp-json\/wp\/v2\/comments?post=3244"}],"version-history":[{"count":1,"href":"https:\/\/viniciojarquin.com\/blog\/wp-json\/wp\/v2\/posts\/3244\/revisions"}],"predecessor-version":[{"id":3251,"href":"https:\/\/viniciojarquin.com\/blog\/wp-json\/wp\/v2\/posts\/3244\/revisions\/3251"}],"wp:featuredmedia":[{"embeddable":true,"href":"https:\/\/viniciojarquin.com\/blog\/wp-json\/wp\/v2\/media\/3248"}],"wp:attachment":[{"href":"https:\/\/viniciojarquin.com\/blog\/wp-json\/wp\/v2\/media?parent=3244"}],"wp:term":[{"taxonomy":"category","embeddable":true,"href":"https:\/\/viniciojarquin.com\/blog\/wp-json\/wp\/v2\/categories?post=3244"},{"taxonomy":"post_tag","embeddable":true,"href":"https:\/\/viniciojarquin.com\/blog\/wp-json\/wp\/v2\/tags?post=3244"}],"curies":[{"name":"wp","href":"https:\/\/api.w.org\/{rel}","templated":true}]}}