{"id":3245,"date":"2026-03-31T15:43:01","date_gmt":"2026-03-31T15:43:01","guid":{"rendered":"https:\/\/viniciojarquin.com\/blog\/?p=3245"},"modified":"2026-03-31T15:43:02","modified_gmt":"2026-03-31T15:43:02","slug":"cuando-lo-que-se-debilita-no-es-una-institucion-sino-todo-el-sistema","status":"publish","type":"post","link":"https:\/\/viniciojarquin.com\/blog\/cuando-lo-que-se-debilita-no-es-una-institucion-sino-todo-el-sistema\/","title":{"rendered":"Cuando lo que se debilita no es una instituci\u00f3n\u2026 sino todo el sistema"},"content":{"rendered":"\n<figure class=\"wp-block-image size-full\"><img decoding=\"async\" width=\"800\" height=\"533\" data-src=\"https:\/\/viniciojarquin.com\/blog\/wp-content\/uploads\/2026\/03\/Cuando-lo-que-se-debilita-no-es-una-institucion.png\" alt=\"\" class=\"wp-image-3249 lazyload\" data-srcset=\"https:\/\/viniciojarquin.com\/blog\/wp-content\/uploads\/2026\/03\/Cuando-lo-que-se-debilita-no-es-una-institucion.png 800w, https:\/\/viniciojarquin.com\/blog\/wp-content\/uploads\/2026\/03\/Cuando-lo-que-se-debilita-no-es-una-institucion-300x200.png 300w, https:\/\/viniciojarquin.com\/blog\/wp-content\/uploads\/2026\/03\/Cuando-lo-que-se-debilita-no-es-una-institucion-768x512.png 768w\" data-sizes=\"(max-width: 800px) 100vw, 800px\" src=\"data:image\/svg+xml;base64,PHN2ZyB3aWR0aD0iMSIgaGVpZ2h0PSIxIiB4bWxucz0iaHR0cDovL3d3dy53My5vcmcvMjAwMC9zdmciPjwvc3ZnPg==\" style=\"--smush-placeholder-width: 800px; --smush-placeholder-aspect-ratio: 800\/533;\" \/><\/figure>\n\n\n\n<p>Hay algo que me preocupa m\u00e1s que cualquier encuesta o ranking. Y no tiene que ver con posiciones, ni con porcentajes, ni con percepciones moment\u00e1neas. Tiene que ver con algo mucho m\u00e1s profundo\u2026 con la forma en que, poco a poco, se empieza a mirar y a tratar a las instituciones que sostienen nuestra democracia.<\/p>\n\n\n\n<p>Cuando se instala la idea de que la prensa que cuestiona es enemiga, que la Sala Constitucional no sirve, que la Contralor\u00eda estorba\u2026 no estamos frente a una simple cr\u00edtica. No es un desacuerdo puntual. Es algo m\u00e1s delicado: es un desgaste progresivo del sistema completo. Porque cada vez que una de esas piezas se desacredita sin matices, lo que se resquebraja no es una instituci\u00f3n aislada\u2026 es el equilibrio que las mantiene a todas funcionando.<\/p>\n\n\n\n<p>Una democracia no depende de una sola figura, por fuerte o popular que sea. Depende de un entramado. De instituciones que se observan entre s\u00ed. De una prensa que incomoda cuando hace preguntas. De jueces que toman decisiones basadas en derecho, no en emociones. De reglas que se respetan, incluso cuando no nos gustan. Ese equilibrio no siempre es c\u00f3modo, pero es precisamente lo que evita que el poder se vuelva absoluto.<\/p>\n\n\n\n<p>Y en medio de todo esto aparece un tema a\u00fan m\u00e1s sensible. Los derechos humanos.<\/p>\n\n\n\n<p>Porque cuando alguien dice \u201c\u00bfpara qu\u00e9 un juicio si igual los sueltan?\u201d, lo que est\u00e1 diciendo \u2014aunque no lo formule as\u00ed\u2014 es que el juicio ya no importa. Que la evidencia deja de ser relevante. Que el debido proceso puede ser sustituido por la frustraci\u00f3n o por la percepci\u00f3n. Y en ese punto, sin darnos cuenta, dejamos de hablar de justicia\u2026 para empezar a movernos en un terreno mucho m\u00e1s peligroso.<\/p>\n\n\n\n<p>Los derechos humanos no son negociables. No son selectivos. No dependen de si alguien nos cae bien, mal o terrible. Son, justamente, el l\u00edmite que nos protege a todos, incluso cuando no pensamos en ello.<\/p>\n\n\n\n<p>Porque el d\u00eda que dejamos de defenderlos para todos\u2026 ese mismo d\u00eda empezamos, poco a poco, a perderlos para nosotros mismos.<\/p>\n","protected":false},"excerpt":{"rendered":"<p>Hay algo que me preocupa m\u00e1s que cualquier encuesta o ranking. Y no tiene que ver con posiciones, ni con [&hellip;]<\/p>\n","protected":false},"author":1,"featured_media":3249,"comment_status":"open","ping_status":"open","sticky":false,"template":"","format":"standard","meta":{"site-sidebar-layout":"default","site-content-layout":"","ast-site-content-layout":"","site-content-style":"default","site-sidebar-style":"default","ast-global-header-display":"","ast-banner-title-visibility":"","ast-main-header-display":"","ast-hfb-above-header-display":"","ast-hfb-below-header-display":"","ast-hfb-mobile-header-display":"","site-post-title":"","ast-breadcrumbs-content":"","ast-featured-img":"","footer-sml-layout":"","theme-transparent-header-meta":"","adv-header-id-meta":"","stick-header-meta":"","header-above-stick-meta":"","header-main-stick-meta":"","header-below-stick-meta":"","astra-migrate-meta-layouts":"default","ast-page-background-enabled":"default","ast-page-background-meta":{"desktop":{"background-color":"var(--ast-global-color-5)","background-image":"","background-repeat":"repeat","background-position":"center center","background-size":"auto","background-attachment":"scroll","background-type":"","background-media":"","overlay-type":"","overlay-color":"","overlay-opacity":"","overlay-gradient":""},"tablet":{"background-color":"","background-image":"","background-repeat":"repeat","background-position":"center center","background-size":"auto","background-attachment":"scroll","background-type":"","background-media":"","overlay-type":"","overlay-color":"","overlay-opacity":"","overlay-gradient":""},"mobile":{"background-color":"","background-image":"","background-repeat":"repeat","background-position":"center center","background-size":"auto","background-attachment":"scroll","background-type":"","background-media":"","overlay-type":"","overlay-color":"","overlay-opacity":"","overlay-gradient":""}},"ast-content-background-meta":{"desktop":{"background-color":"var(--ast-global-color-4)","background-image":"","background-repeat":"repeat","background-position":"center center","background-size":"auto","background-attachment":"scroll","background-type":"","background-media":"","overlay-type":"","overlay-color":"","overlay-opacity":"","overlay-gradient":""},"tablet":{"background-color":"var(--ast-global-color-4)","background-image":"","background-repeat":"repeat","background-position":"center center","background-size":"auto","background-attachment":"scroll","background-type":"","background-media":"","overlay-type":"","overlay-color":"","overlay-opacity":"","overlay-gradient":""},"mobile":{"background-color":"var(--ast-global-color-4)","background-image":"","background-repeat":"repeat","background-position":"center center","background-size":"auto","background-attachment":"scroll","background-type":"","background-media":"","overlay-type":"","overlay-color":"","overlay-opacity":"","overlay-gradient":""}},"footnotes":""},"categories":[1],"tags":[],"class_list":["post-3245","post","type-post","status-publish","format-standard","has-post-thumbnail","hentry","category-uncategorized"],"yoast_head":"<!-- This site is optimized with the Yoast SEO plugin v26.0 - https:\/\/yoast.com\/wordpress\/plugins\/seo\/ -->\n<title>Cuando lo que se debilita no es una instituci\u00f3n\u2026 sino todo el sistema - MI BLOG<\/title>\n<meta name=\"robots\" content=\"index, follow, max-snippet:-1, max-image-preview:large, max-video-preview:-1\" \/>\n<link rel=\"canonical\" href=\"https:\/\/viniciojarquin.com\/blog\/cuando-lo-que-se-debilita-no-es-una-institucion-sino-todo-el-sistema\/\" \/>\n<meta property=\"og:locale\" content=\"es_ES\" \/>\n<meta property=\"og:type\" content=\"article\" \/>\n<meta property=\"og:title\" content=\"Cuando lo que se debilita no es una instituci\u00f3n\u2026 sino todo el sistema - MI BLOG\" \/>\n<meta property=\"og:description\" content=\"Hay algo que me preocupa m\u00e1s que cualquier encuesta o ranking. Y no tiene que ver con posiciones, ni con [&hellip;]\" \/>\n<meta property=\"og:url\" content=\"https:\/\/viniciojarquin.com\/blog\/cuando-lo-que-se-debilita-no-es-una-institucion-sino-todo-el-sistema\/\" \/>\n<meta property=\"og:site_name\" content=\"MI BLOG\" \/>\n<meta property=\"article:publisher\" content=\"https:\/\/www.facebook.com\/vinicio.jarquin\" \/>\n<meta property=\"article:author\" content=\"https:\/\/www.facebook.com\/vinicio.jarquin\" \/>\n<meta property=\"article:published_time\" content=\"2026-03-31T15:43:01+00:00\" \/>\n<meta property=\"article:modified_time\" content=\"2026-03-31T15:43:02+00:00\" \/>\n<meta property=\"og:image\" content=\"https:\/\/viniciojarquin.com\/blog\/wp-content\/uploads\/2026\/03\/Cuando-lo-que-se-debilita-no-es-una-institucion.png\" \/>\n\t<meta property=\"og:image:width\" content=\"800\" \/>\n\t<meta property=\"og:image:height\" content=\"533\" \/>\n\t<meta property=\"og:image:type\" content=\"image\/png\" \/>\n<meta name=\"author\" content=\"Vinicio Jarqu\u00edn\" \/>\n<meta name=\"twitter:card\" content=\"summary_large_image\" \/>\n<meta name=\"twitter:label1\" content=\"Escrito por\" \/>\n\t<meta name=\"twitter:data1\" content=\"Vinicio Jarqu\u00edn\" \/>\n\t<meta name=\"twitter:label2\" content=\"Tiempo de lectura\" \/>\n\t<meta name=\"twitter:data2\" content=\"2 minutos\" \/>\n<script type=\"application\/ld+json\" class=\"yoast-schema-graph\">{\"@context\":\"https:\/\/schema.org\",\"@graph\":[{\"@type\":\"Article\",\"@id\":\"https:\/\/viniciojarquin.com\/blog\/cuando-lo-que-se-debilita-no-es-una-institucion-sino-todo-el-sistema\/#article\",\"isPartOf\":{\"@id\":\"https:\/\/viniciojarquin.com\/blog\/cuando-lo-que-se-debilita-no-es-una-institucion-sino-todo-el-sistema\/\"},\"author\":{\"name\":\"Vinicio Jarqu\u00edn\",\"@id\":\"https:\/\/viniciojarquin.com\/blog\/#\/schema\/person\/90100c8845ae55462ec0657d3d2f8d3b\"},\"headline\":\"Cuando lo que se debilita no es una instituci\u00f3n\u2026 sino todo el sistema\",\"datePublished\":\"2026-03-31T15:43:01+00:00\",\"dateModified\":\"2026-03-31T15:43:02+00:00\",\"mainEntityOfPage\":{\"@id\":\"https:\/\/viniciojarquin.com\/blog\/cuando-lo-que-se-debilita-no-es-una-institucion-sino-todo-el-sistema\/\"},\"wordCount\":375,\"commentCount\":0,\"publisher\":{\"@id\":\"https:\/\/viniciojarquin.com\/blog\/#\/schema\/person\/90100c8845ae55462ec0657d3d2f8d3b\"},\"image\":{\"@id\":\"https:\/\/viniciojarquin.com\/blog\/cuando-lo-que-se-debilita-no-es-una-institucion-sino-todo-el-sistema\/#primaryimage\"},\"thumbnailUrl\":\"https:\/\/viniciojarquin.com\/blog\/wp-content\/uploads\/2026\/03\/Cuando-lo-que-se-debilita-no-es-una-institucion.png\",\"articleSection\":[\"Uncategorized\"],\"inLanguage\":\"es\",\"potentialAction\":[{\"@type\":\"CommentAction\",\"name\":\"Comment\",\"target\":[\"https:\/\/viniciojarquin.com\/blog\/cuando-lo-que-se-debilita-no-es-una-institucion-sino-todo-el-sistema\/#respond\"]}]},{\"@type\":\"WebPage\",\"@id\":\"https:\/\/viniciojarquin.com\/blog\/cuando-lo-que-se-debilita-no-es-una-institucion-sino-todo-el-sistema\/\",\"url\":\"https:\/\/viniciojarquin.com\/blog\/cuando-lo-que-se-debilita-no-es-una-institucion-sino-todo-el-sistema\/\",\"name\":\"Cuando lo que se debilita no es una instituci\u00f3n\u2026 sino todo el sistema - MI BLOG\",\"isPartOf\":{\"@id\":\"https:\/\/viniciojarquin.com\/blog\/#website\"},\"primaryImageOfPage\":{\"@id\":\"https:\/\/viniciojarquin.com\/blog\/cuando-lo-que-se-debilita-no-es-una-institucion-sino-todo-el-sistema\/#primaryimage\"},\"image\":{\"@id\":\"https:\/\/viniciojarquin.com\/blog\/cuando-lo-que-se-debilita-no-es-una-institucion-sino-todo-el-sistema\/#primaryimage\"},\"thumbnailUrl\":\"https:\/\/viniciojarquin.com\/blog\/wp-content\/uploads\/2026\/03\/Cuando-lo-que-se-debilita-no-es-una-institucion.png\",\"datePublished\":\"2026-03-31T15:43:01+00:00\",\"dateModified\":\"2026-03-31T15:43:02+00:00\",\"breadcrumb\":{\"@id\":\"https:\/\/viniciojarquin.com\/blog\/cuando-lo-que-se-debilita-no-es-una-institucion-sino-todo-el-sistema\/#breadcrumb\"},\"inLanguage\":\"es\",\"potentialAction\":[{\"@type\":\"ReadAction\",\"target\":[\"https:\/\/viniciojarquin.com\/blog\/cuando-lo-que-se-debilita-no-es-una-institucion-sino-todo-el-sistema\/\"]}]},{\"@type\":\"ImageObject\",\"inLanguage\":\"es\",\"@id\":\"https:\/\/viniciojarquin.com\/blog\/cuando-lo-que-se-debilita-no-es-una-institucion-sino-todo-el-sistema\/#primaryimage\",\"url\":\"https:\/\/viniciojarquin.com\/blog\/wp-content\/uploads\/2026\/03\/Cuando-lo-que-se-debilita-no-es-una-institucion.png\",\"contentUrl\":\"https:\/\/viniciojarquin.com\/blog\/wp-content\/uploads\/2026\/03\/Cuando-lo-que-se-debilita-no-es-una-institucion.png\",\"width\":800,\"height\":533},{\"@type\":\"BreadcrumbList\",\"@id\":\"https:\/\/viniciojarquin.com\/blog\/cuando-lo-que-se-debilita-no-es-una-institucion-sino-todo-el-sistema\/#breadcrumb\",\"itemListElement\":[{\"@type\":\"ListItem\",\"position\":1,\"name\":\"Portada\",\"item\":\"https:\/\/viniciojarquin.com\/blog\/\"},{\"@type\":\"ListItem\",\"position\":2,\"name\":\"Cuando lo que se debilita no es una instituci\u00f3n\u2026 sino todo el sistema\"}]},{\"@type\":\"WebSite\",\"@id\":\"https:\/\/viniciojarquin.com\/blog\/#website\",\"url\":\"https:\/\/viniciojarquin.com\/blog\/\",\"name\":\"Vinicio Jarqu\u00edn BLOG\",\"description\":\"\",\"publisher\":{\"@id\":\"https:\/\/viniciojarquin.com\/blog\/#\/schema\/person\/90100c8845ae55462ec0657d3d2f8d3b\"},\"potentialAction\":[{\"@type\":\"SearchAction\",\"target\":{\"@type\":\"EntryPoint\",\"urlTemplate\":\"https:\/\/viniciojarquin.com\/blog\/?s={search_term_string}\"},\"query-input\":{\"@type\":\"PropertyValueSpecification\",\"valueRequired\":true,\"valueName\":\"search_term_string\"}}],\"inLanguage\":\"es\"},{\"@type\":[\"Person\",\"Organization\"],\"@id\":\"https:\/\/viniciojarquin.com\/blog\/#\/schema\/person\/90100c8845ae55462ec0657d3d2f8d3b\",\"name\":\"Vinicio Jarqu\u00edn\",\"image\":{\"@type\":\"ImageObject\",\"inLanguage\":\"es\",\"@id\":\"https:\/\/viniciojarquin.com\/blog\/#\/schema\/person\/image\/\",\"url\":\"https:\/\/viniciojarquin.com\/blog\/wp-content\/uploads\/2024\/10\/Logo-VinicioJarquin-original-400.png\",\"contentUrl\":\"https:\/\/viniciojarquin.com\/blog\/wp-content\/uploads\/2024\/10\/Logo-VinicioJarquin-original-400.png\",\"width\":400,\"height\":130,\"caption\":\"Vinicio Jarqu\u00edn\"},\"logo\":{\"@id\":\"https:\/\/viniciojarquin.com\/blog\/#\/schema\/person\/image\/\"},\"description\":\"Empresario textil, artista pl\u00e1stico, escritor, coach de vida y fot\u00f3grafo.\",\"sameAs\":[\"https:\/\/viniciojarquin.com\/blog\",\"https:\/\/www.facebook.com\/vinicio.jarquin\",\"https:\/\/www.instagram.com\/vinicio_jarquin\/\",\"https:\/\/www.pinterest.com\/vinnyjc\/\",\"https:\/\/www.youtube.com\/@VinicioJarquin\"],\"url\":\"https:\/\/viniciojarquin.com\/blog\/author\/admin_s02au25i\/\"}]}<\/script>\n<!-- \/ Yoast SEO plugin. -->","yoast_head_json":{"title":"Cuando lo que se debilita no es una instituci\u00f3n\u2026 sino todo el sistema - MI BLOG","robots":{"index":"index","follow":"follow","max-snippet":"max-snippet:-1","max-image-preview":"max-image-preview:large","max-video-preview":"max-video-preview:-1"},"canonical":"https:\/\/viniciojarquin.com\/blog\/cuando-lo-que-se-debilita-no-es-una-institucion-sino-todo-el-sistema\/","og_locale":"es_ES","og_type":"article","og_title":"Cuando lo que se debilita no es una instituci\u00f3n\u2026 sino todo el sistema - MI BLOG","og_description":"Hay algo que me preocupa m\u00e1s que cualquier encuesta o ranking. Y no tiene que ver con posiciones, ni con [&hellip;]","og_url":"https:\/\/viniciojarquin.com\/blog\/cuando-lo-que-se-debilita-no-es-una-institucion-sino-todo-el-sistema\/","og_site_name":"MI BLOG","article_publisher":"https:\/\/www.facebook.com\/vinicio.jarquin","article_author":"https:\/\/www.facebook.com\/vinicio.jarquin","article_published_time":"2026-03-31T15:43:01+00:00","article_modified_time":"2026-03-31T15:43:02+00:00","og_image":[{"width":800,"height":533,"url":"https:\/\/viniciojarquin.com\/blog\/wp-content\/uploads\/2026\/03\/Cuando-lo-que-se-debilita-no-es-una-institucion.png","type":"image\/png"}],"author":"Vinicio Jarqu\u00edn","twitter_card":"summary_large_image","twitter_misc":{"Escrito por":"Vinicio Jarqu\u00edn","Tiempo de lectura":"2 minutos"},"schema":{"@context":"https:\/\/schema.org","@graph":[{"@type":"Article","@id":"https:\/\/viniciojarquin.com\/blog\/cuando-lo-que-se-debilita-no-es-una-institucion-sino-todo-el-sistema\/#article","isPartOf":{"@id":"https:\/\/viniciojarquin.com\/blog\/cuando-lo-que-se-debilita-no-es-una-institucion-sino-todo-el-sistema\/"},"author":{"name":"Vinicio Jarqu\u00edn","@id":"https:\/\/viniciojarquin.com\/blog\/#\/schema\/person\/90100c8845ae55462ec0657d3d2f8d3b"},"headline":"Cuando lo que se debilita no es una instituci\u00f3n\u2026 sino todo el sistema","datePublished":"2026-03-31T15:43:01+00:00","dateModified":"2026-03-31T15:43:02+00:00","mainEntityOfPage":{"@id":"https:\/\/viniciojarquin.com\/blog\/cuando-lo-que-se-debilita-no-es-una-institucion-sino-todo-el-sistema\/"},"wordCount":375,"commentCount":0,"publisher":{"@id":"https:\/\/viniciojarquin.com\/blog\/#\/schema\/person\/90100c8845ae55462ec0657d3d2f8d3b"},"image":{"@id":"https:\/\/viniciojarquin.com\/blog\/cuando-lo-que-se-debilita-no-es-una-institucion-sino-todo-el-sistema\/#primaryimage"},"thumbnailUrl":"https:\/\/viniciojarquin.com\/blog\/wp-content\/uploads\/2026\/03\/Cuando-lo-que-se-debilita-no-es-una-institucion.png","articleSection":["Uncategorized"],"inLanguage":"es","potentialAction":[{"@type":"CommentAction","name":"Comment","target":["https:\/\/viniciojarquin.com\/blog\/cuando-lo-que-se-debilita-no-es-una-institucion-sino-todo-el-sistema\/#respond"]}]},{"@type":"WebPage","@id":"https:\/\/viniciojarquin.com\/blog\/cuando-lo-que-se-debilita-no-es-una-institucion-sino-todo-el-sistema\/","url":"https:\/\/viniciojarquin.com\/blog\/cuando-lo-que-se-debilita-no-es-una-institucion-sino-todo-el-sistema\/","name":"Cuando lo que se debilita no es una instituci\u00f3n\u2026 sino todo el sistema - MI BLOG","isPartOf":{"@id":"https:\/\/viniciojarquin.com\/blog\/#website"},"primaryImageOfPage":{"@id":"https:\/\/viniciojarquin.com\/blog\/cuando-lo-que-se-debilita-no-es-una-institucion-sino-todo-el-sistema\/#primaryimage"},"image":{"@id":"https:\/\/viniciojarquin.com\/blog\/cuando-lo-que-se-debilita-no-es-una-institucion-sino-todo-el-sistema\/#primaryimage"},"thumbnailUrl":"https:\/\/viniciojarquin.com\/blog\/wp-content\/uploads\/2026\/03\/Cuando-lo-que-se-debilita-no-es-una-institucion.png","datePublished":"2026-03-31T15:43:01+00:00","dateModified":"2026-03-31T15:43:02+00:00","breadcrumb":{"@id":"https:\/\/viniciojarquin.com\/blog\/cuando-lo-que-se-debilita-no-es-una-institucion-sino-todo-el-sistema\/#breadcrumb"},"inLanguage":"es","potentialAction":[{"@type":"ReadAction","target":["https:\/\/viniciojarquin.com\/blog\/cuando-lo-que-se-debilita-no-es-una-institucion-sino-todo-el-sistema\/"]}]},{"@type":"ImageObject","inLanguage":"es","@id":"https:\/\/viniciojarquin.com\/blog\/cuando-lo-que-se-debilita-no-es-una-institucion-sino-todo-el-sistema\/#primaryimage","url":"https:\/\/viniciojarquin.com\/blog\/wp-content\/uploads\/2026\/03\/Cuando-lo-que-se-debilita-no-es-una-institucion.png","contentUrl":"https:\/\/viniciojarquin.com\/blog\/wp-content\/uploads\/2026\/03\/Cuando-lo-que-se-debilita-no-es-una-institucion.png","width":800,"height":533},{"@type":"BreadcrumbList","@id":"https:\/\/viniciojarquin.com\/blog\/cuando-lo-que-se-debilita-no-es-una-institucion-sino-todo-el-sistema\/#breadcrumb","itemListElement":[{"@type":"ListItem","position":1,"name":"Portada","item":"https:\/\/viniciojarquin.com\/blog\/"},{"@type":"ListItem","position":2,"name":"Cuando lo que se debilita no es una instituci\u00f3n\u2026 sino todo el sistema"}]},{"@type":"WebSite","@id":"https:\/\/viniciojarquin.com\/blog\/#website","url":"https:\/\/viniciojarquin.com\/blog\/","name":"Vinicio Jarqu\u00edn BLOG","description":"","publisher":{"@id":"https:\/\/viniciojarquin.com\/blog\/#\/schema\/person\/90100c8845ae55462ec0657d3d2f8d3b"},"potentialAction":[{"@type":"SearchAction","target":{"@type":"EntryPoint","urlTemplate":"https:\/\/viniciojarquin.com\/blog\/?s={search_term_string}"},"query-input":{"@type":"PropertyValueSpecification","valueRequired":true,"valueName":"search_term_string"}}],"inLanguage":"es"},{"@type":["Person","Organization"],"@id":"https:\/\/viniciojarquin.com\/blog\/#\/schema\/person\/90100c8845ae55462ec0657d3d2f8d3b","name":"Vinicio Jarqu\u00edn","image":{"@type":"ImageObject","inLanguage":"es","@id":"https:\/\/viniciojarquin.com\/blog\/#\/schema\/person\/image\/","url":"https:\/\/viniciojarquin.com\/blog\/wp-content\/uploads\/2024\/10\/Logo-VinicioJarquin-original-400.png","contentUrl":"https:\/\/viniciojarquin.com\/blog\/wp-content\/uploads\/2024\/10\/Logo-VinicioJarquin-original-400.png","width":400,"height":130,"caption":"Vinicio Jarqu\u00edn"},"logo":{"@id":"https:\/\/viniciojarquin.com\/blog\/#\/schema\/person\/image\/"},"description":"Empresario textil, artista pl\u00e1stico, escritor, coach de vida y fot\u00f3grafo.","sameAs":["https:\/\/viniciojarquin.com\/blog","https:\/\/www.facebook.com\/vinicio.jarquin","https:\/\/www.instagram.com\/vinicio_jarquin\/","https:\/\/www.pinterest.com\/vinnyjc\/","https:\/\/www.youtube.com\/@VinicioJarquin"],"url":"https:\/\/viniciojarquin.com\/blog\/author\/admin_s02au25i\/"}]}},"blog_post_layout_featured_media_urls":{"thumbnail":["https:\/\/viniciojarquin.com\/blog\/wp-content\/uploads\/2026\/03\/Cuando-lo-que-se-debilita-no-es-una-institucion-150x150.png",150,150,true],"full":["https:\/\/viniciojarquin.com\/blog\/wp-content\/uploads\/2026\/03\/Cuando-lo-que-se-debilita-no-es-una-institucion.png",800,533,false]},"categories_names":{"1":{"name":"Uncategorized","link":"https:\/\/viniciojarquin.com\/blog\/category\/uncategorized\/"}},"tags_names":[],"comments_number":"0","_links":{"self":[{"href":"https:\/\/viniciojarquin.com\/blog\/wp-json\/wp\/v2\/posts\/3245","targetHints":{"allow":["GET"]}}],"collection":[{"href":"https:\/\/viniciojarquin.com\/blog\/wp-json\/wp\/v2\/posts"}],"about":[{"href":"https:\/\/viniciojarquin.com\/blog\/wp-json\/wp\/v2\/types\/post"}],"author":[{"embeddable":true,"href":"https:\/\/viniciojarquin.com\/blog\/wp-json\/wp\/v2\/users\/1"}],"replies":[{"embeddable":true,"href":"https:\/\/viniciojarquin.com\/blog\/wp-json\/wp\/v2\/comments?post=3245"}],"version-history":[{"count":1,"href":"https:\/\/viniciojarquin.com\/blog\/wp-json\/wp\/v2\/posts\/3245\/revisions"}],"predecessor-version":[{"id":3250,"href":"https:\/\/viniciojarquin.com\/blog\/wp-json\/wp\/v2\/posts\/3245\/revisions\/3250"}],"wp:featuredmedia":[{"embeddable":true,"href":"https:\/\/viniciojarquin.com\/blog\/wp-json\/wp\/v2\/media\/3249"}],"wp:attachment":[{"href":"https:\/\/viniciojarquin.com\/blog\/wp-json\/wp\/v2\/media?parent=3245"}],"wp:term":[{"taxonomy":"category","embeddable":true,"href":"https:\/\/viniciojarquin.com\/blog\/wp-json\/wp\/v2\/categories?post=3245"},{"taxonomy":"post_tag","embeddable":true,"href":"https:\/\/viniciojarquin.com\/blog\/wp-json\/wp\/v2\/tags?post=3245"}],"curies":[{"name":"wp","href":"https:\/\/api.w.org\/{rel}","templated":true}]}}