{"id":3349,"date":"2026-04-09T15:47:40","date_gmt":"2026-04-09T15:47:40","guid":{"rendered":"https:\/\/viniciojarquin.com\/blog\/?p=3349"},"modified":"2026-04-09T15:47:42","modified_gmt":"2026-04-09T15:47:42","slug":"cuando-las-palabras-tambien-gobiernan","status":"publish","type":"post","link":"https:\/\/viniciojarquin.com\/blog\/cuando-las-palabras-tambien-gobiernan\/","title":{"rendered":"Cuando las palabras tambi\u00e9n gobiernan"},"content":{"rendered":"\n<figure class=\"wp-block-image size-large\"><img decoding=\"async\" width=\"683\" height=\"1024\" data-src=\"https:\/\/viniciojarquin.com\/blog\/wp-content\/uploads\/2026\/04\/Mario-Zamora_-A-la-orden-como-un-soldado-683x1024.png\" alt=\"\" class=\"wp-image-3350 lazyload\" data-srcset=\"https:\/\/viniciojarquin.com\/blog\/wp-content\/uploads\/2026\/04\/Mario-Zamora_-A-la-orden-como-un-soldado-683x1024.png 683w, https:\/\/viniciojarquin.com\/blog\/wp-content\/uploads\/2026\/04\/Mario-Zamora_-A-la-orden-como-un-soldado-200x300.png 200w, https:\/\/viniciojarquin.com\/blog\/wp-content\/uploads\/2026\/04\/Mario-Zamora_-A-la-orden-como-un-soldado-768x1152.png 768w, https:\/\/viniciojarquin.com\/blog\/wp-content\/uploads\/2026\/04\/Mario-Zamora_-A-la-orden-como-un-soldado.png 800w\" data-sizes=\"(max-width: 683px) 100vw, 683px\" src=\"data:image\/svg+xml;base64,PHN2ZyB3aWR0aD0iMSIgaGVpZ2h0PSIxIiB4bWxucz0iaHR0cDovL3d3dy53My5vcmcvMjAwMC9zdmciPjwvc3ZnPg==\" style=\"--smush-placeholder-width: 683px; --smush-placeholder-aspect-ratio: 683\/1024;\" \/><\/figure>\n\n\n\n<p>Seg\u00fan veo hoy en el noticiero de Amelia Rueda, Mario Zamora afirm\u00f3 estar \u201ca la orden como un soldado\u201d para el gobierno de do\u00f1a Laura Fern\u00e1ndez. Y m\u00e1s all\u00e1 de la intenci\u00f3n que pudo haber tenido, hay algo en esa frase que merece detenerse.<\/p>\n\n\n\n<p>Porque las palabras no son inocentes. Y mucho menos cuando vienen de un ministro de Seguridad.<\/p>\n\n\n\n<p>Decirse \u201csoldado\u201d en cualquier contexto puede sonar a disciplina, a lealtad, a compromiso. Pero cuando esa palabra se coloca en el contexto de Costa Rica, un pa\u00eds sin ej\u00e9rcito, con una tradici\u00f3n hist\u00f3rica de paz y con una neutralidad perpetua ante los conflictos b\u00e9licos del planeta\u2026 la palabra empieza a pesar distinto.<\/p>\n\n\n\n<p>Empieza a generar ruido. Porque Costa Rica no forma soldados. Forma servidores p\u00fablicos. Y esa diferencia no es menor.<\/p>\n\n\n\n<p>Un soldado obedece. Un servidor p\u00fablico cuestiona, analiza, decide dentro del marco de la ley y responde a la institucionalidad, no a una figura de poder. Un soldado se alinea a una cadena de mando. Un ministro responde a la Constituci\u00f3n, a la ciudadan\u00eda y al equilibrio democr\u00e1tico.<\/p>\n\n\n\n<p>Entonces, cuando se usa esa palabra, uno no puede evitar preguntarse qu\u00e9 hay detr\u00e1s.<\/p>\n\n\n\n<p>\u00bfEs solo una forma de hablar? \u00bfEs una met\u00e1fora mal escogida? \u00bfO es una se\u00f1al de algo m\u00e1s profundo?<\/p>\n\n\n\n<p>Y ah\u00ed es donde inevitablemente se conecta con el contexto que estamos viviendo. Con decisiones recientes, con acuerdos internacionales, con conceptos como el llamado \u201cescudo de las Am\u00e9ricas\u201d, que han empezado a mover conversaciones sobre seguridad, soberan\u00eda y alineamientos que antes no formaban parte de nuestro lenguaje cotidiano.<\/p>\n\n\n\n<p>Porque cuando el lenguaje cambia, muchas veces es porque la realidad tambi\u00e9n lo est\u00e1 haciendo.<\/p>\n\n\n\n<p>Y no se trata de alarmarse. Se trata de observar.<\/p>\n\n\n\n<p>Porque Costa Rica ha construido su identidad precisamente en la ausencia de ese lenguaje. En no hablar desde lo militar. En no pensarse como un pa\u00eds de soldados. En no actuar desde esa l\u00f3gica.<\/p>\n\n\n\n<p>Por eso la palabra no pasa desapercibida. No porque defina una acci\u00f3n concreta, sino porque abre una interpretaci\u00f3n. Y en pol\u00edtica, las interpretaciones importan.<\/p>\n\n\n\n<p>No estoy diciendo que haya una intenci\u00f3n detr\u00e1s. No estoy afirmando que haya un cambio estructural en marcha. Pero s\u00ed creo que hay que cuidar el lenguaje. Porque cuando quienes gobiernan empiezan a usar ciertas palabras, esas palabras empiezan a normalizarse.<\/p>\n\n\n\n<p>Y lo que hoy suena extra\u00f1o\u2026 ma\u00f1ana puede sonar cotidiano.<\/p>\n\n\n\n<p>Tal vez fue solo una frase. O tal vez fue un peque\u00f1o reflejo de algo que apenas empieza a asomarse. Y ah\u00ed es donde vale la pena poner atenci\u00f3n. No para reaccionar. Sino para entender.<\/p>\n","protected":false},"excerpt":{"rendered":"<p>Seg\u00fan veo hoy en el noticiero de Amelia Rueda, Mario Zamora afirm\u00f3 estar \u201ca la orden como un soldado\u201d para [&hellip;]<\/p>\n","protected":false},"author":1,"featured_media":3350,"comment_status":"open","ping_status":"open","sticky":false,"template":"","format":"standard","meta":{"site-sidebar-layout":"default","site-content-layout":"","ast-site-content-layout":"","site-content-style":"default","site-sidebar-style":"default","ast-global-header-display":"","ast-banner-title-visibility":"","ast-main-header-display":"","ast-hfb-above-header-display":"","ast-hfb-below-header-display":"","ast-hfb-mobile-header-display":"","site-post-title":"","ast-breadcrumbs-content":"","ast-featured-img":"","footer-sml-layout":"","theme-transparent-header-meta":"","adv-header-id-meta":"","stick-header-meta":"","header-above-stick-meta":"","header-main-stick-meta":"","header-below-stick-meta":"","astra-migrate-meta-layouts":"default","ast-page-background-enabled":"default","ast-page-background-meta":{"desktop":{"background-color":"var(--ast-global-color-5)","background-image":"","background-repeat":"repeat","background-position":"center center","background-size":"auto","background-attachment":"scroll","background-type":"","background-media":"","overlay-type":"","overlay-color":"","overlay-opacity":"","overlay-gradient":""},"tablet":{"background-color":"","background-image":"","background-repeat":"repeat","background-position":"center center","background-size":"auto","background-attachment":"scroll","background-type":"","background-media":"","overlay-type":"","overlay-color":"","overlay-opacity":"","overlay-gradient":""},"mobile":{"background-color":"","background-image":"","background-repeat":"repeat","background-position":"center center","background-size":"auto","background-attachment":"scroll","background-type":"","background-media":"","overlay-type":"","overlay-color":"","overlay-opacity":"","overlay-gradient":""}},"ast-content-background-meta":{"desktop":{"background-color":"var(--ast-global-color-4)","background-image":"","background-repeat":"repeat","background-position":"center center","background-size":"auto","background-attachment":"scroll","background-type":"","background-media":"","overlay-type":"","overlay-color":"","overlay-opacity":"","overlay-gradient":""},"tablet":{"background-color":"var(--ast-global-color-4)","background-image":"","background-repeat":"repeat","background-position":"center center","background-size":"auto","background-attachment":"scroll","background-type":"","background-media":"","overlay-type":"","overlay-color":"","overlay-opacity":"","overlay-gradient":""},"mobile":{"background-color":"var(--ast-global-color-4)","background-image":"","background-repeat":"repeat","background-position":"center center","background-size":"auto","background-attachment":"scroll","background-type":"","background-media":"","overlay-type":"","overlay-color":"","overlay-opacity":"","overlay-gradient":""}},"footnotes":""},"categories":[12],"tags":[],"class_list":["post-3349","post","type-post","status-publish","format-standard","has-post-thumbnail","hentry","category-politica-o-gobierno"],"yoast_head":"<!-- This site is optimized with the Yoast SEO plugin v26.0 - https:\/\/yoast.com\/wordpress\/plugins\/seo\/ -->\n<title>Cuando las palabras tambi\u00e9n gobiernan - MI BLOG<\/title>\n<meta name=\"robots\" content=\"index, follow, max-snippet:-1, max-image-preview:large, max-video-preview:-1\" \/>\n<link rel=\"canonical\" href=\"https:\/\/viniciojarquin.com\/blog\/cuando-las-palabras-tambien-gobiernan\/\" \/>\n<meta property=\"og:locale\" content=\"es_ES\" \/>\n<meta property=\"og:type\" content=\"article\" \/>\n<meta property=\"og:title\" content=\"Cuando las palabras tambi\u00e9n gobiernan - MI BLOG\" \/>\n<meta property=\"og:description\" content=\"Seg\u00fan veo hoy en el noticiero de Amelia Rueda, Mario Zamora afirm\u00f3 estar \u201ca la orden como un soldado\u201d para [&hellip;]\" \/>\n<meta property=\"og:url\" content=\"https:\/\/viniciojarquin.com\/blog\/cuando-las-palabras-tambien-gobiernan\/\" \/>\n<meta property=\"og:site_name\" content=\"MI BLOG\" \/>\n<meta property=\"article:publisher\" content=\"https:\/\/www.facebook.com\/vinicio.jarquin\" \/>\n<meta property=\"article:author\" content=\"https:\/\/www.facebook.com\/vinicio.jarquin\" \/>\n<meta property=\"article:published_time\" content=\"2026-04-09T15:47:40+00:00\" \/>\n<meta property=\"article:modified_time\" content=\"2026-04-09T15:47:42+00:00\" \/>\n<meta property=\"og:image\" content=\"https:\/\/viniciojarquin.com\/blog\/wp-content\/uploads\/2026\/04\/Mario-Zamora_-A-la-orden-como-un-soldado.png\" \/>\n\t<meta property=\"og:image:width\" content=\"800\" \/>\n\t<meta property=\"og:image:height\" content=\"1200\" \/>\n\t<meta property=\"og:image:type\" content=\"image\/png\" \/>\n<meta name=\"author\" content=\"Vinicio Jarqu\u00edn\" \/>\n<meta name=\"twitter:card\" content=\"summary_large_image\" \/>\n<meta name=\"twitter:label1\" content=\"Escrito por\" \/>\n\t<meta name=\"twitter:data1\" content=\"Vinicio Jarqu\u00edn\" \/>\n\t<meta name=\"twitter:label2\" content=\"Tiempo de lectura\" \/>\n\t<meta name=\"twitter:data2\" content=\"3 minutos\" \/>\n<script type=\"application\/ld+json\" class=\"yoast-schema-graph\">{\"@context\":\"https:\/\/schema.org\",\"@graph\":[{\"@type\":\"Article\",\"@id\":\"https:\/\/viniciojarquin.com\/blog\/cuando-las-palabras-tambien-gobiernan\/#article\",\"isPartOf\":{\"@id\":\"https:\/\/viniciojarquin.com\/blog\/cuando-las-palabras-tambien-gobiernan\/\"},\"author\":{\"name\":\"Vinicio Jarqu\u00edn\",\"@id\":\"https:\/\/viniciojarquin.com\/blog\/#\/schema\/person\/90100c8845ae55462ec0657d3d2f8d3b\"},\"headline\":\"Cuando las palabras tambi\u00e9n gobiernan\",\"datePublished\":\"2026-04-09T15:47:40+00:00\",\"dateModified\":\"2026-04-09T15:47:42+00:00\",\"mainEntityOfPage\":{\"@id\":\"https:\/\/viniciojarquin.com\/blog\/cuando-las-palabras-tambien-gobiernan\/\"},\"wordCount\":468,\"commentCount\":0,\"publisher\":{\"@id\":\"https:\/\/viniciojarquin.com\/blog\/#\/schema\/person\/90100c8845ae55462ec0657d3d2f8d3b\"},\"image\":{\"@id\":\"https:\/\/viniciojarquin.com\/blog\/cuando-las-palabras-tambien-gobiernan\/#primaryimage\"},\"thumbnailUrl\":\"https:\/\/viniciojarquin.com\/blog\/wp-content\/uploads\/2026\/04\/Mario-Zamora_-A-la-orden-como-un-soldado.png\",\"articleSection\":[\"Pol\u00edtica varios\"],\"inLanguage\":\"es\",\"potentialAction\":[{\"@type\":\"CommentAction\",\"name\":\"Comment\",\"target\":[\"https:\/\/viniciojarquin.com\/blog\/cuando-las-palabras-tambien-gobiernan\/#respond\"]}]},{\"@type\":\"WebPage\",\"@id\":\"https:\/\/viniciojarquin.com\/blog\/cuando-las-palabras-tambien-gobiernan\/\",\"url\":\"https:\/\/viniciojarquin.com\/blog\/cuando-las-palabras-tambien-gobiernan\/\",\"name\":\"Cuando las palabras tambi\u00e9n gobiernan - MI BLOG\",\"isPartOf\":{\"@id\":\"https:\/\/viniciojarquin.com\/blog\/#website\"},\"primaryImageOfPage\":{\"@id\":\"https:\/\/viniciojarquin.com\/blog\/cuando-las-palabras-tambien-gobiernan\/#primaryimage\"},\"image\":{\"@id\":\"https:\/\/viniciojarquin.com\/blog\/cuando-las-palabras-tambien-gobiernan\/#primaryimage\"},\"thumbnailUrl\":\"https:\/\/viniciojarquin.com\/blog\/wp-content\/uploads\/2026\/04\/Mario-Zamora_-A-la-orden-como-un-soldado.png\",\"datePublished\":\"2026-04-09T15:47:40+00:00\",\"dateModified\":\"2026-04-09T15:47:42+00:00\",\"breadcrumb\":{\"@id\":\"https:\/\/viniciojarquin.com\/blog\/cuando-las-palabras-tambien-gobiernan\/#breadcrumb\"},\"inLanguage\":\"es\",\"potentialAction\":[{\"@type\":\"ReadAction\",\"target\":[\"https:\/\/viniciojarquin.com\/blog\/cuando-las-palabras-tambien-gobiernan\/\"]}]},{\"@type\":\"ImageObject\",\"inLanguage\":\"es\",\"@id\":\"https:\/\/viniciojarquin.com\/blog\/cuando-las-palabras-tambien-gobiernan\/#primaryimage\",\"url\":\"https:\/\/viniciojarquin.com\/blog\/wp-content\/uploads\/2026\/04\/Mario-Zamora_-A-la-orden-como-un-soldado.png\",\"contentUrl\":\"https:\/\/viniciojarquin.com\/blog\/wp-content\/uploads\/2026\/04\/Mario-Zamora_-A-la-orden-como-un-soldado.png\",\"width\":800,\"height\":1200},{\"@type\":\"BreadcrumbList\",\"@id\":\"https:\/\/viniciojarquin.com\/blog\/cuando-las-palabras-tambien-gobiernan\/#breadcrumb\",\"itemListElement\":[{\"@type\":\"ListItem\",\"position\":1,\"name\":\"Portada\",\"item\":\"https:\/\/viniciojarquin.com\/blog\/\"},{\"@type\":\"ListItem\",\"position\":2,\"name\":\"Cuando las palabras tambi\u00e9n gobiernan\"}]},{\"@type\":\"WebSite\",\"@id\":\"https:\/\/viniciojarquin.com\/blog\/#website\",\"url\":\"https:\/\/viniciojarquin.com\/blog\/\",\"name\":\"Vinicio Jarqu\u00edn BLOG\",\"description\":\"\",\"publisher\":{\"@id\":\"https:\/\/viniciojarquin.com\/blog\/#\/schema\/person\/90100c8845ae55462ec0657d3d2f8d3b\"},\"potentialAction\":[{\"@type\":\"SearchAction\",\"target\":{\"@type\":\"EntryPoint\",\"urlTemplate\":\"https:\/\/viniciojarquin.com\/blog\/?s={search_term_string}\"},\"query-input\":{\"@type\":\"PropertyValueSpecification\",\"valueRequired\":true,\"valueName\":\"search_term_string\"}}],\"inLanguage\":\"es\"},{\"@type\":[\"Person\",\"Organization\"],\"@id\":\"https:\/\/viniciojarquin.com\/blog\/#\/schema\/person\/90100c8845ae55462ec0657d3d2f8d3b\",\"name\":\"Vinicio Jarqu\u00edn\",\"image\":{\"@type\":\"ImageObject\",\"inLanguage\":\"es\",\"@id\":\"https:\/\/viniciojarquin.com\/blog\/#\/schema\/person\/image\/\",\"url\":\"https:\/\/viniciojarquin.com\/blog\/wp-content\/uploads\/2024\/10\/Logo-VinicioJarquin-original-400.png\",\"contentUrl\":\"https:\/\/viniciojarquin.com\/blog\/wp-content\/uploads\/2024\/10\/Logo-VinicioJarquin-original-400.png\",\"width\":400,\"height\":130,\"caption\":\"Vinicio Jarqu\u00edn\"},\"logo\":{\"@id\":\"https:\/\/viniciojarquin.com\/blog\/#\/schema\/person\/image\/\"},\"description\":\"Empresario textil, artista pl\u00e1stico, escritor, coach de vida y fot\u00f3grafo.\",\"sameAs\":[\"https:\/\/viniciojarquin.com\/blog\",\"https:\/\/www.facebook.com\/vinicio.jarquin\",\"https:\/\/www.instagram.com\/vinicio_jarquin\/\",\"https:\/\/www.pinterest.com\/vinnyjc\/\",\"https:\/\/www.youtube.com\/@VinicioJarquin\"],\"url\":\"https:\/\/viniciojarquin.com\/blog\/author\/admin_s02au25i\/\"}]}<\/script>\n<!-- \/ Yoast SEO plugin. -->","yoast_head_json":{"title":"Cuando las palabras tambi\u00e9n gobiernan - MI BLOG","robots":{"index":"index","follow":"follow","max-snippet":"max-snippet:-1","max-image-preview":"max-image-preview:large","max-video-preview":"max-video-preview:-1"},"canonical":"https:\/\/viniciojarquin.com\/blog\/cuando-las-palabras-tambien-gobiernan\/","og_locale":"es_ES","og_type":"article","og_title":"Cuando las palabras tambi\u00e9n gobiernan - MI BLOG","og_description":"Seg\u00fan veo hoy en el noticiero de Amelia Rueda, Mario Zamora afirm\u00f3 estar \u201ca la orden como un soldado\u201d para [&hellip;]","og_url":"https:\/\/viniciojarquin.com\/blog\/cuando-las-palabras-tambien-gobiernan\/","og_site_name":"MI BLOG","article_publisher":"https:\/\/www.facebook.com\/vinicio.jarquin","article_author":"https:\/\/www.facebook.com\/vinicio.jarquin","article_published_time":"2026-04-09T15:47:40+00:00","article_modified_time":"2026-04-09T15:47:42+00:00","og_image":[{"width":800,"height":1200,"url":"https:\/\/viniciojarquin.com\/blog\/wp-content\/uploads\/2026\/04\/Mario-Zamora_-A-la-orden-como-un-soldado.png","type":"image\/png"}],"author":"Vinicio Jarqu\u00edn","twitter_card":"summary_large_image","twitter_misc":{"Escrito por":"Vinicio Jarqu\u00edn","Tiempo de lectura":"3 minutos"},"schema":{"@context":"https:\/\/schema.org","@graph":[{"@type":"Article","@id":"https:\/\/viniciojarquin.com\/blog\/cuando-las-palabras-tambien-gobiernan\/#article","isPartOf":{"@id":"https:\/\/viniciojarquin.com\/blog\/cuando-las-palabras-tambien-gobiernan\/"},"author":{"name":"Vinicio Jarqu\u00edn","@id":"https:\/\/viniciojarquin.com\/blog\/#\/schema\/person\/90100c8845ae55462ec0657d3d2f8d3b"},"headline":"Cuando las palabras tambi\u00e9n gobiernan","datePublished":"2026-04-09T15:47:40+00:00","dateModified":"2026-04-09T15:47:42+00:00","mainEntityOfPage":{"@id":"https:\/\/viniciojarquin.com\/blog\/cuando-las-palabras-tambien-gobiernan\/"},"wordCount":468,"commentCount":0,"publisher":{"@id":"https:\/\/viniciojarquin.com\/blog\/#\/schema\/person\/90100c8845ae55462ec0657d3d2f8d3b"},"image":{"@id":"https:\/\/viniciojarquin.com\/blog\/cuando-las-palabras-tambien-gobiernan\/#primaryimage"},"thumbnailUrl":"https:\/\/viniciojarquin.com\/blog\/wp-content\/uploads\/2026\/04\/Mario-Zamora_-A-la-orden-como-un-soldado.png","articleSection":["Pol\u00edtica varios"],"inLanguage":"es","potentialAction":[{"@type":"CommentAction","name":"Comment","target":["https:\/\/viniciojarquin.com\/blog\/cuando-las-palabras-tambien-gobiernan\/#respond"]}]},{"@type":"WebPage","@id":"https:\/\/viniciojarquin.com\/blog\/cuando-las-palabras-tambien-gobiernan\/","url":"https:\/\/viniciojarquin.com\/blog\/cuando-las-palabras-tambien-gobiernan\/","name":"Cuando las palabras tambi\u00e9n gobiernan - MI BLOG","isPartOf":{"@id":"https:\/\/viniciojarquin.com\/blog\/#website"},"primaryImageOfPage":{"@id":"https:\/\/viniciojarquin.com\/blog\/cuando-las-palabras-tambien-gobiernan\/#primaryimage"},"image":{"@id":"https:\/\/viniciojarquin.com\/blog\/cuando-las-palabras-tambien-gobiernan\/#primaryimage"},"thumbnailUrl":"https:\/\/viniciojarquin.com\/blog\/wp-content\/uploads\/2026\/04\/Mario-Zamora_-A-la-orden-como-un-soldado.png","datePublished":"2026-04-09T15:47:40+00:00","dateModified":"2026-04-09T15:47:42+00:00","breadcrumb":{"@id":"https:\/\/viniciojarquin.com\/blog\/cuando-las-palabras-tambien-gobiernan\/#breadcrumb"},"inLanguage":"es","potentialAction":[{"@type":"ReadAction","target":["https:\/\/viniciojarquin.com\/blog\/cuando-las-palabras-tambien-gobiernan\/"]}]},{"@type":"ImageObject","inLanguage":"es","@id":"https:\/\/viniciojarquin.com\/blog\/cuando-las-palabras-tambien-gobiernan\/#primaryimage","url":"https:\/\/viniciojarquin.com\/blog\/wp-content\/uploads\/2026\/04\/Mario-Zamora_-A-la-orden-como-un-soldado.png","contentUrl":"https:\/\/viniciojarquin.com\/blog\/wp-content\/uploads\/2026\/04\/Mario-Zamora_-A-la-orden-como-un-soldado.png","width":800,"height":1200},{"@type":"BreadcrumbList","@id":"https:\/\/viniciojarquin.com\/blog\/cuando-las-palabras-tambien-gobiernan\/#breadcrumb","itemListElement":[{"@type":"ListItem","position":1,"name":"Portada","item":"https:\/\/viniciojarquin.com\/blog\/"},{"@type":"ListItem","position":2,"name":"Cuando las palabras tambi\u00e9n gobiernan"}]},{"@type":"WebSite","@id":"https:\/\/viniciojarquin.com\/blog\/#website","url":"https:\/\/viniciojarquin.com\/blog\/","name":"Vinicio Jarqu\u00edn BLOG","description":"","publisher":{"@id":"https:\/\/viniciojarquin.com\/blog\/#\/schema\/person\/90100c8845ae55462ec0657d3d2f8d3b"},"potentialAction":[{"@type":"SearchAction","target":{"@type":"EntryPoint","urlTemplate":"https:\/\/viniciojarquin.com\/blog\/?s={search_term_string}"},"query-input":{"@type":"PropertyValueSpecification","valueRequired":true,"valueName":"search_term_string"}}],"inLanguage":"es"},{"@type":["Person","Organization"],"@id":"https:\/\/viniciojarquin.com\/blog\/#\/schema\/person\/90100c8845ae55462ec0657d3d2f8d3b","name":"Vinicio Jarqu\u00edn","image":{"@type":"ImageObject","inLanguage":"es","@id":"https:\/\/viniciojarquin.com\/blog\/#\/schema\/person\/image\/","url":"https:\/\/viniciojarquin.com\/blog\/wp-content\/uploads\/2024\/10\/Logo-VinicioJarquin-original-400.png","contentUrl":"https:\/\/viniciojarquin.com\/blog\/wp-content\/uploads\/2024\/10\/Logo-VinicioJarquin-original-400.png","width":400,"height":130,"caption":"Vinicio Jarqu\u00edn"},"logo":{"@id":"https:\/\/viniciojarquin.com\/blog\/#\/schema\/person\/image\/"},"description":"Empresario textil, artista pl\u00e1stico, escritor, coach de vida y fot\u00f3grafo.","sameAs":["https:\/\/viniciojarquin.com\/blog","https:\/\/www.facebook.com\/vinicio.jarquin","https:\/\/www.instagram.com\/vinicio_jarquin\/","https:\/\/www.pinterest.com\/vinnyjc\/","https:\/\/www.youtube.com\/@VinicioJarquin"],"url":"https:\/\/viniciojarquin.com\/blog\/author\/admin_s02au25i\/"}]}},"blog_post_layout_featured_media_urls":{"thumbnail":["https:\/\/viniciojarquin.com\/blog\/wp-content\/uploads\/2026\/04\/Mario-Zamora_-A-la-orden-como-un-soldado-150x150.png",150,150,true],"full":["https:\/\/viniciojarquin.com\/blog\/wp-content\/uploads\/2026\/04\/Mario-Zamora_-A-la-orden-como-un-soldado.png",800,1200,false]},"categories_names":{"12":{"name":"Pol\u00edtica varios","link":"https:\/\/viniciojarquin.com\/blog\/category\/politica-o-gobierno\/"}},"tags_names":[],"comments_number":"0","_links":{"self":[{"href":"https:\/\/viniciojarquin.com\/blog\/wp-json\/wp\/v2\/posts\/3349","targetHints":{"allow":["GET"]}}],"collection":[{"href":"https:\/\/viniciojarquin.com\/blog\/wp-json\/wp\/v2\/posts"}],"about":[{"href":"https:\/\/viniciojarquin.com\/blog\/wp-json\/wp\/v2\/types\/post"}],"author":[{"embeddable":true,"href":"https:\/\/viniciojarquin.com\/blog\/wp-json\/wp\/v2\/users\/1"}],"replies":[{"embeddable":true,"href":"https:\/\/viniciojarquin.com\/blog\/wp-json\/wp\/v2\/comments?post=3349"}],"version-history":[{"count":1,"href":"https:\/\/viniciojarquin.com\/blog\/wp-json\/wp\/v2\/posts\/3349\/revisions"}],"predecessor-version":[{"id":3351,"href":"https:\/\/viniciojarquin.com\/blog\/wp-json\/wp\/v2\/posts\/3349\/revisions\/3351"}],"wp:featuredmedia":[{"embeddable":true,"href":"https:\/\/viniciojarquin.com\/blog\/wp-json\/wp\/v2\/media\/3350"}],"wp:attachment":[{"href":"https:\/\/viniciojarquin.com\/blog\/wp-json\/wp\/v2\/media?parent=3349"}],"wp:term":[{"taxonomy":"category","embeddable":true,"href":"https:\/\/viniciojarquin.com\/blog\/wp-json\/wp\/v2\/categories?post=3349"},{"taxonomy":"post_tag","embeddable":true,"href":"https:\/\/viniciojarquin.com\/blog\/wp-json\/wp\/v2\/tags?post=3349"}],"curies":[{"name":"wp","href":"https:\/\/api.w.org\/{rel}","templated":true}]}}