{"id":3358,"date":"2026-04-12T03:56:05","date_gmt":"2026-04-12T03:56:05","guid":{"rendered":"https:\/\/viniciojarquin.com\/blog\/?p=3358"},"modified":"2026-04-13T01:27:17","modified_gmt":"2026-04-13T01:27:17","slug":"cuando-necesitas-bajar-a-otros-para-sentirte-mas-alto","status":"publish","type":"post","link":"https:\/\/viniciojarquin.com\/blog\/cuando-necesitas-bajar-a-otros-para-sentirte-mas-alto\/","title":{"rendered":"Cuando necesit\u00e1s bajar a otros para sentirte m\u00e1s alto"},"content":{"rendered":"\n<figure class=\"wp-block-image size-large\"><img decoding=\"async\" width=\"683\" height=\"1024\" data-src=\"https:\/\/viniciojarquin.com\/blog\/wp-content\/uploads\/2026\/04\/Triunfo-sobre-el-sufrimiento-ajeno-683x1024.png\" alt=\"\" class=\"wp-image-3359 lazyload\" data-srcset=\"https:\/\/viniciojarquin.com\/blog\/wp-content\/uploads\/2026\/04\/Triunfo-sobre-el-sufrimiento-ajeno-683x1024.png 683w, https:\/\/viniciojarquin.com\/blog\/wp-content\/uploads\/2026\/04\/Triunfo-sobre-el-sufrimiento-ajeno-200x300.png 200w, https:\/\/viniciojarquin.com\/blog\/wp-content\/uploads\/2026\/04\/Triunfo-sobre-el-sufrimiento-ajeno-768x1152.png 768w, https:\/\/viniciojarquin.com\/blog\/wp-content\/uploads\/2026\/04\/Triunfo-sobre-el-sufrimiento-ajeno.png 800w\" data-sizes=\"(max-width: 683px) 100vw, 683px\" src=\"data:image\/svg+xml;base64,PHN2ZyB3aWR0aD0iMSIgaGVpZ2h0PSIxIiB4bWxucz0iaHR0cDovL3d3dy53My5vcmcvMjAwMC9zdmciPjwvc3ZnPg==\" style=\"--smush-placeholder-width: 683px; --smush-placeholder-aspect-ratio: 683\/1024;\" \/><\/figure>\n\n\n\n<p>Hace unas horas, el medio digital elmundo.cr public\u00f3 una nota en la que la diputada Mary Munive afirm\u00f3 que la Asamblea Legislativa \u201cha sido ausente e indiferente a las necesidades de este pueblo\u201d, y que algunos diputados de oposici\u00f3n \u201csolo van a calentar sus curules\u201d. La frase no es menor. Tiene peso, tiene intenci\u00f3n, y sobre todo, tiene direcci\u00f3n. Pero m\u00e1s all\u00e1 de lo que dice, lo que realmente importa es desde d\u00f3nde se dice. Porque cuando te deten\u00e9s a observar con calma ciertos discursos p\u00fablicos, empez\u00e1s a notar que el problema no siempre est\u00e1 en las palabras\u2026 sino en la ra\u00edz emocional que las sostiene.<\/p>\n\n\n\n<p>Existe una diferencia profunda entre se\u00f1alar para construir\u2026 y se\u00f1alar para rebajar. Y aunque esa diferencia a veces se disfraza de firmeza o de car\u00e1cter, en el fondo es completamente distinta. Se\u00f1alar para construir implica responsabilidad, implica hacerse cargo, implica entender que el se\u00f1alamiento tambi\u00e9n te compromete. Rebajar, en cambio, es m\u00e1s f\u00e1cil. Es r\u00e1pido. Es efectivo en lo inmediato. Y muchas veces, es la v\u00eda m\u00e1s corta para generar una sensaci\u00f3n de superioridad que todav\u00eda no ha sido demostrada.<\/p>\n\n\n\n<p>Cuando una figura p\u00fablica necesita insistir en que otros no sirven, que han sido in\u00fatiles o que no han hecho nada, no siempre est\u00e1 describiendo una realidad objetiva. Muchas veces est\u00e1 revelando algo m\u00e1s profundo y m\u00e1s humano: la necesidad de posicionarse por contraste. Es decir, \u201cyo soy mejor\u2026 porque ellos son peores\u201d. Y aunque esa l\u00f3gica puede funcionar en el discurso, es extremadamente d\u00e9bil en la pr\u00e1ctica, porque no se sostiene en lo que sos, sino en lo que critic\u00e1s.<\/p>\n\n\n\n<p>Ah\u00ed es donde aparece una pregunta inc\u00f3moda, pero inevitable. \u00bfQu\u00e9 ocurre cuando alguien construye su valor antes de haber ejercido el poder que tanto cuestiona? \u00bfQu\u00e9 pasa cuando el est\u00e1ndar que exige todav\u00eda no ha pasado por sus propias manos? Porque criticar desde la experiencia tiene un peso distinto. Criticar despu\u00e9s de haber hecho, despu\u00e9s de haber enfrentado las mismas condiciones, despu\u00e9s de haber vivido la complejidad\u2026 eso es otra cosa. Pero hacerlo desde la expectativa, desde la promesa, desde lo que a\u00fan no ha sido probado, abre un terreno peligroso.<\/p>\n\n\n\n<p>La historia est\u00e1 llena de discursos contundentes antes de asumir responsabilidades\u2026 que luego se diluyen frente a la realidad. Porque gobernar no es hablar. Gobernar no es se\u00f1alar. Gobernar no es tener raz\u00f3n en redes sociales. Gobernar es enfrentarse a estructuras que no dependen de tu voluntad, a l\u00edmites que no negocian con vos, a contrapesos que existen precisamente para evitar abusos, a tiempos que no responden a la urgencia del discurso. Gobernar es, en esencia, encontrarte con la realidad. Y la realidad no se acomoda al discurso. La realidad lo prueba.<\/p>\n\n\n\n<p>Por eso, cuando se insiste tanto en la inoperancia de otros, la pregunta no deber\u00eda quedarse solo en si eso es cierto o no. La pregunta m\u00e1s honesta es otra: \u00bfcu\u00e1nto de ese discurso es diagn\u00f3stico\u2026 y cu\u00e1nto es estrategia emocional? \u00bfCu\u00e1nto responde a un an\u00e1lisis real\u2026 y cu\u00e1nto a la necesidad de ocupar un lugar antes de haberlo construido?<\/p>\n\n\n\n<p>Porque hay una tentaci\u00f3n muy humana en todo esto. La tentaci\u00f3n de elevarse r\u00e1pido. De instalarse en una posici\u00f3n de autoridad sin haber pasado por el proceso que la legitima. Y una de las formas m\u00e1s f\u00e1ciles de hacerlo es rebajando a quienes est\u00e1n abajo\u2026 o a quienes estuvieron antes. Es una forma de atajo. Funciona en percepci\u00f3n. Funciona en narrativa. Pero no funciona cuando llega el momento de demostrar.<\/p>\n\n\n\n<p>Y ah\u00ed es donde todo cambia. Porque cuando ya no basta con se\u00f1alar y hay que resolver, esa estructura empieza a crujir. Lo que antes era \u201cineficiencia\u201d se convierte en \u201ccomplejidad\u201d. Lo que era \u201causencia\u201d se vuelve \u201climitaciones del sistema\u201d. Lo que parec\u00eda evidente desde afuera, se vuelve profundamente dif\u00edcil desde adentro. Y entonces el discurso, inevitablemente, se transforma. No porque la realidad cambie\u2026 sino porque ahora te toca vivirla.<\/p>\n\n\n\n<p>Y en ese punto, la conversaci\u00f3n deber\u00eda elevarse. Porque criticar es v\u00e1lido. Se\u00f1alar errores es necesario. Pero construir autoridad rebajando a otros, antes de haber demostrado lo propio, no solo es d\u00e9bil\u2026 es riesgoso. Riesgoso para quien lo hace, porque se expone a su propia prueba. Y riesgoso para el pa\u00eds, porque alimenta una cultura donde el ruido pesa m\u00e1s que el resultado.<\/p>\n\n\n\n<p>Y lo m\u00e1s importante de todo es que este mecanismo no vive solo en la pol\u00edtica. Vive en todas partes. En las conversaciones cotidianas, en los espacios de trabajo, en los proyectos personales. Vive en ese impulso silencioso de decir \u201cyo no soy como ellos\u201d\u2026 en lugar de simplemente demostrar qui\u00e9n sos. Es humano. Es com\u00fan. Pero no por eso deja de ser limitante.<\/p>\n\n\n\n<p>Tal vez, entonces, la pregunta final no es si alguien tiene derecho a criticar. Claro que lo tiene. La cr\u00edtica es parte esencial de cualquier sociedad sana. La pregunta real es: \u00bfdesde d\u00f3nde lo est\u00e1 haciendo? Porque cuando llegue el momento de demostrar, cuando ya no haya a qui\u00e9n se\u00f1alar ni con qui\u00e9n compararse, lo \u00fanico que va a quedar es la realidad.<\/p>\n\n\n\n<p>Y ah\u00ed, como siempre, la realidad habla.<\/p>\n","protected":false},"excerpt":{"rendered":"<p>Hace unas horas, el medio digital elmundo.cr public\u00f3 una nota en la que la diputada Mary Munive afirm\u00f3 que la [&hellip;]<\/p>\n","protected":false},"author":1,"featured_media":3359,"comment_status":"open","ping_status":"open","sticky":false,"template":"","format":"standard","meta":{"site-sidebar-layout":"default","site-content-layout":"","ast-site-content-layout":"","site-content-style":"default","site-sidebar-style":"default","ast-global-header-display":"","ast-banner-title-visibility":"","ast-main-header-display":"","ast-hfb-above-header-display":"","ast-hfb-below-header-display":"","ast-hfb-mobile-header-display":"","site-post-title":"","ast-breadcrumbs-content":"","ast-featured-img":"","footer-sml-layout":"","theme-transparent-header-meta":"","adv-header-id-meta":"","stick-header-meta":"","header-above-stick-meta":"","header-main-stick-meta":"","header-below-stick-meta":"","astra-migrate-meta-layouts":"default","ast-page-background-enabled":"default","ast-page-background-meta":{"desktop":{"background-color":"var(--ast-global-color-5)","background-image":"","background-repeat":"repeat","background-position":"center center","background-size":"auto","background-attachment":"scroll","background-type":"","background-media":"","overlay-type":"","overlay-color":"","overlay-opacity":"","overlay-gradient":""},"tablet":{"background-color":"","background-image":"","background-repeat":"repeat","background-position":"center center","background-size":"auto","background-attachment":"scroll","background-type":"","background-media":"","overlay-type":"","overlay-color":"","overlay-opacity":"","overlay-gradient":""},"mobile":{"background-color":"","background-image":"","background-repeat":"repeat","background-position":"center center","background-size":"auto","background-attachment":"scroll","background-type":"","background-media":"","overlay-type":"","overlay-color":"","overlay-opacity":"","overlay-gradient":""}},"ast-content-background-meta":{"desktop":{"background-color":"var(--ast-global-color-4)","background-image":"","background-repeat":"repeat","background-position":"center center","background-size":"auto","background-attachment":"scroll","background-type":"","background-media":"","overlay-type":"","overlay-color":"","overlay-opacity":"","overlay-gradient":""},"tablet":{"background-color":"var(--ast-global-color-4)","background-image":"","background-repeat":"repeat","background-position":"center center","background-size":"auto","background-attachment":"scroll","background-type":"","background-media":"","overlay-type":"","overlay-color":"","overlay-opacity":"","overlay-gradient":""},"mobile":{"background-color":"var(--ast-global-color-4)","background-image":"","background-repeat":"repeat","background-position":"center center","background-size":"auto","background-attachment":"scroll","background-type":"","background-media":"","overlay-type":"","overlay-color":"","overlay-opacity":"","overlay-gradient":""}},"footnotes":""},"categories":[12],"tags":[],"class_list":["post-3358","post","type-post","status-publish","format-standard","has-post-thumbnail","hentry","category-politica-o-gobierno"],"yoast_head":"<!-- This site is optimized with the Yoast SEO plugin v26.0 - https:\/\/yoast.com\/wordpress\/plugins\/seo\/ -->\n<title>Cuando necesit\u00e1s bajar a otros para sentirte m\u00e1s alto - MI BLOG<\/title>\n<meta name=\"robots\" content=\"index, follow, max-snippet:-1, max-image-preview:large, max-video-preview:-1\" \/>\n<link rel=\"canonical\" href=\"https:\/\/viniciojarquin.com\/blog\/cuando-necesitas-bajar-a-otros-para-sentirte-mas-alto\/\" \/>\n<meta property=\"og:locale\" content=\"es_ES\" \/>\n<meta property=\"og:type\" content=\"article\" \/>\n<meta property=\"og:title\" content=\"Cuando necesit\u00e1s bajar a otros para sentirte m\u00e1s alto - MI BLOG\" \/>\n<meta property=\"og:description\" content=\"Hace unas horas, el medio digital elmundo.cr public\u00f3 una nota en la que la diputada Mary Munive afirm\u00f3 que la [&hellip;]\" \/>\n<meta property=\"og:url\" content=\"https:\/\/viniciojarquin.com\/blog\/cuando-necesitas-bajar-a-otros-para-sentirte-mas-alto\/\" \/>\n<meta property=\"og:site_name\" content=\"MI BLOG\" \/>\n<meta property=\"article:publisher\" content=\"https:\/\/www.facebook.com\/vinicio.jarquin\" \/>\n<meta property=\"article:author\" content=\"https:\/\/www.facebook.com\/vinicio.jarquin\" \/>\n<meta property=\"article:published_time\" content=\"2026-04-12T03:56:05+00:00\" \/>\n<meta property=\"article:modified_time\" content=\"2026-04-13T01:27:17+00:00\" \/>\n<meta property=\"og:image\" content=\"https:\/\/viniciojarquin.com\/blog\/wp-content\/uploads\/2026\/04\/Triunfo-sobre-el-sufrimiento-ajeno.png\" \/>\n\t<meta property=\"og:image:width\" content=\"800\" \/>\n\t<meta property=\"og:image:height\" content=\"1200\" \/>\n\t<meta property=\"og:image:type\" content=\"image\/png\" \/>\n<meta name=\"author\" content=\"Vinicio Jarqu\u00edn\" \/>\n<meta name=\"twitter:card\" content=\"summary_large_image\" \/>\n<meta name=\"twitter:label1\" content=\"Escrito por\" \/>\n\t<meta name=\"twitter:data1\" content=\"Vinicio Jarqu\u00edn\" \/>\n\t<meta name=\"twitter:label2\" content=\"Tiempo de lectura\" \/>\n\t<meta name=\"twitter:data2\" content=\"5 minutos\" \/>\n<script type=\"application\/ld+json\" class=\"yoast-schema-graph\">{\"@context\":\"https:\/\/schema.org\",\"@graph\":[{\"@type\":\"Article\",\"@id\":\"https:\/\/viniciojarquin.com\/blog\/cuando-necesitas-bajar-a-otros-para-sentirte-mas-alto\/#article\",\"isPartOf\":{\"@id\":\"https:\/\/viniciojarquin.com\/blog\/cuando-necesitas-bajar-a-otros-para-sentirte-mas-alto\/\"},\"author\":{\"name\":\"Vinicio Jarqu\u00edn\",\"@id\":\"https:\/\/viniciojarquin.com\/blog\/#\/schema\/person\/90100c8845ae55462ec0657d3d2f8d3b\"},\"headline\":\"Cuando necesit\u00e1s bajar a otros para sentirte m\u00e1s alto\",\"datePublished\":\"2026-04-12T03:56:05+00:00\",\"dateModified\":\"2026-04-13T01:27:17+00:00\",\"mainEntityOfPage\":{\"@id\":\"https:\/\/viniciojarquin.com\/blog\/cuando-necesitas-bajar-a-otros-para-sentirte-mas-alto\/\"},\"wordCount\":934,\"commentCount\":0,\"publisher\":{\"@id\":\"https:\/\/viniciojarquin.com\/blog\/#\/schema\/person\/90100c8845ae55462ec0657d3d2f8d3b\"},\"image\":{\"@id\":\"https:\/\/viniciojarquin.com\/blog\/cuando-necesitas-bajar-a-otros-para-sentirte-mas-alto\/#primaryimage\"},\"thumbnailUrl\":\"https:\/\/viniciojarquin.com\/blog\/wp-content\/uploads\/2026\/04\/Triunfo-sobre-el-sufrimiento-ajeno.png\",\"articleSection\":[\"Pol\u00edtica varios\"],\"inLanguage\":\"es\",\"potentialAction\":[{\"@type\":\"CommentAction\",\"name\":\"Comment\",\"target\":[\"https:\/\/viniciojarquin.com\/blog\/cuando-necesitas-bajar-a-otros-para-sentirte-mas-alto\/#respond\"]}]},{\"@type\":\"WebPage\",\"@id\":\"https:\/\/viniciojarquin.com\/blog\/cuando-necesitas-bajar-a-otros-para-sentirte-mas-alto\/\",\"url\":\"https:\/\/viniciojarquin.com\/blog\/cuando-necesitas-bajar-a-otros-para-sentirte-mas-alto\/\",\"name\":\"Cuando necesit\u00e1s bajar a otros para sentirte m\u00e1s alto - MI BLOG\",\"isPartOf\":{\"@id\":\"https:\/\/viniciojarquin.com\/blog\/#website\"},\"primaryImageOfPage\":{\"@id\":\"https:\/\/viniciojarquin.com\/blog\/cuando-necesitas-bajar-a-otros-para-sentirte-mas-alto\/#primaryimage\"},\"image\":{\"@id\":\"https:\/\/viniciojarquin.com\/blog\/cuando-necesitas-bajar-a-otros-para-sentirte-mas-alto\/#primaryimage\"},\"thumbnailUrl\":\"https:\/\/viniciojarquin.com\/blog\/wp-content\/uploads\/2026\/04\/Triunfo-sobre-el-sufrimiento-ajeno.png\",\"datePublished\":\"2026-04-12T03:56:05+00:00\",\"dateModified\":\"2026-04-13T01:27:17+00:00\",\"breadcrumb\":{\"@id\":\"https:\/\/viniciojarquin.com\/blog\/cuando-necesitas-bajar-a-otros-para-sentirte-mas-alto\/#breadcrumb\"},\"inLanguage\":\"es\",\"potentialAction\":[{\"@type\":\"ReadAction\",\"target\":[\"https:\/\/viniciojarquin.com\/blog\/cuando-necesitas-bajar-a-otros-para-sentirte-mas-alto\/\"]}]},{\"@type\":\"ImageObject\",\"inLanguage\":\"es\",\"@id\":\"https:\/\/viniciojarquin.com\/blog\/cuando-necesitas-bajar-a-otros-para-sentirte-mas-alto\/#primaryimage\",\"url\":\"https:\/\/viniciojarquin.com\/blog\/wp-content\/uploads\/2026\/04\/Triunfo-sobre-el-sufrimiento-ajeno.png\",\"contentUrl\":\"https:\/\/viniciojarquin.com\/blog\/wp-content\/uploads\/2026\/04\/Triunfo-sobre-el-sufrimiento-ajeno.png\",\"width\":800,\"height\":1200},{\"@type\":\"BreadcrumbList\",\"@id\":\"https:\/\/viniciojarquin.com\/blog\/cuando-necesitas-bajar-a-otros-para-sentirte-mas-alto\/#breadcrumb\",\"itemListElement\":[{\"@type\":\"ListItem\",\"position\":1,\"name\":\"Portada\",\"item\":\"https:\/\/viniciojarquin.com\/blog\/\"},{\"@type\":\"ListItem\",\"position\":2,\"name\":\"Cuando necesit\u00e1s bajar a otros para sentirte m\u00e1s alto\"}]},{\"@type\":\"WebSite\",\"@id\":\"https:\/\/viniciojarquin.com\/blog\/#website\",\"url\":\"https:\/\/viniciojarquin.com\/blog\/\",\"name\":\"Vinicio Jarqu\u00edn BLOG\",\"description\":\"\",\"publisher\":{\"@id\":\"https:\/\/viniciojarquin.com\/blog\/#\/schema\/person\/90100c8845ae55462ec0657d3d2f8d3b\"},\"potentialAction\":[{\"@type\":\"SearchAction\",\"target\":{\"@type\":\"EntryPoint\",\"urlTemplate\":\"https:\/\/viniciojarquin.com\/blog\/?s={search_term_string}\"},\"query-input\":{\"@type\":\"PropertyValueSpecification\",\"valueRequired\":true,\"valueName\":\"search_term_string\"}}],\"inLanguage\":\"es\"},{\"@type\":[\"Person\",\"Organization\"],\"@id\":\"https:\/\/viniciojarquin.com\/blog\/#\/schema\/person\/90100c8845ae55462ec0657d3d2f8d3b\",\"name\":\"Vinicio Jarqu\u00edn\",\"image\":{\"@type\":\"ImageObject\",\"inLanguage\":\"es\",\"@id\":\"https:\/\/viniciojarquin.com\/blog\/#\/schema\/person\/image\/\",\"url\":\"https:\/\/viniciojarquin.com\/blog\/wp-content\/uploads\/2024\/10\/Logo-VinicioJarquin-original-400.png\",\"contentUrl\":\"https:\/\/viniciojarquin.com\/blog\/wp-content\/uploads\/2024\/10\/Logo-VinicioJarquin-original-400.png\",\"width\":400,\"height\":130,\"caption\":\"Vinicio Jarqu\u00edn\"},\"logo\":{\"@id\":\"https:\/\/viniciojarquin.com\/blog\/#\/schema\/person\/image\/\"},\"description\":\"Empresario textil, artista pl\u00e1stico, escritor, coach de vida y fot\u00f3grafo.\",\"sameAs\":[\"https:\/\/viniciojarquin.com\/blog\",\"https:\/\/www.facebook.com\/vinicio.jarquin\",\"https:\/\/www.instagram.com\/vinicio_jarquin\/\",\"https:\/\/www.pinterest.com\/vinnyjc\/\",\"https:\/\/www.youtube.com\/@VinicioJarquin\"],\"url\":\"https:\/\/viniciojarquin.com\/blog\/author\/admin_s02au25i\/\"}]}<\/script>\n<!-- \/ Yoast SEO plugin. -->","yoast_head_json":{"title":"Cuando necesit\u00e1s bajar a otros para sentirte m\u00e1s alto - MI BLOG","robots":{"index":"index","follow":"follow","max-snippet":"max-snippet:-1","max-image-preview":"max-image-preview:large","max-video-preview":"max-video-preview:-1"},"canonical":"https:\/\/viniciojarquin.com\/blog\/cuando-necesitas-bajar-a-otros-para-sentirte-mas-alto\/","og_locale":"es_ES","og_type":"article","og_title":"Cuando necesit\u00e1s bajar a otros para sentirte m\u00e1s alto - MI BLOG","og_description":"Hace unas horas, el medio digital elmundo.cr public\u00f3 una nota en la que la diputada Mary Munive afirm\u00f3 que la [&hellip;]","og_url":"https:\/\/viniciojarquin.com\/blog\/cuando-necesitas-bajar-a-otros-para-sentirte-mas-alto\/","og_site_name":"MI BLOG","article_publisher":"https:\/\/www.facebook.com\/vinicio.jarquin","article_author":"https:\/\/www.facebook.com\/vinicio.jarquin","article_published_time":"2026-04-12T03:56:05+00:00","article_modified_time":"2026-04-13T01:27:17+00:00","og_image":[{"width":800,"height":1200,"url":"https:\/\/viniciojarquin.com\/blog\/wp-content\/uploads\/2026\/04\/Triunfo-sobre-el-sufrimiento-ajeno.png","type":"image\/png"}],"author":"Vinicio Jarqu\u00edn","twitter_card":"summary_large_image","twitter_misc":{"Escrito por":"Vinicio Jarqu\u00edn","Tiempo de lectura":"5 minutos"},"schema":{"@context":"https:\/\/schema.org","@graph":[{"@type":"Article","@id":"https:\/\/viniciojarquin.com\/blog\/cuando-necesitas-bajar-a-otros-para-sentirte-mas-alto\/#article","isPartOf":{"@id":"https:\/\/viniciojarquin.com\/blog\/cuando-necesitas-bajar-a-otros-para-sentirte-mas-alto\/"},"author":{"name":"Vinicio Jarqu\u00edn","@id":"https:\/\/viniciojarquin.com\/blog\/#\/schema\/person\/90100c8845ae55462ec0657d3d2f8d3b"},"headline":"Cuando necesit\u00e1s bajar a otros para sentirte m\u00e1s alto","datePublished":"2026-04-12T03:56:05+00:00","dateModified":"2026-04-13T01:27:17+00:00","mainEntityOfPage":{"@id":"https:\/\/viniciojarquin.com\/blog\/cuando-necesitas-bajar-a-otros-para-sentirte-mas-alto\/"},"wordCount":934,"commentCount":0,"publisher":{"@id":"https:\/\/viniciojarquin.com\/blog\/#\/schema\/person\/90100c8845ae55462ec0657d3d2f8d3b"},"image":{"@id":"https:\/\/viniciojarquin.com\/blog\/cuando-necesitas-bajar-a-otros-para-sentirte-mas-alto\/#primaryimage"},"thumbnailUrl":"https:\/\/viniciojarquin.com\/blog\/wp-content\/uploads\/2026\/04\/Triunfo-sobre-el-sufrimiento-ajeno.png","articleSection":["Pol\u00edtica varios"],"inLanguage":"es","potentialAction":[{"@type":"CommentAction","name":"Comment","target":["https:\/\/viniciojarquin.com\/blog\/cuando-necesitas-bajar-a-otros-para-sentirte-mas-alto\/#respond"]}]},{"@type":"WebPage","@id":"https:\/\/viniciojarquin.com\/blog\/cuando-necesitas-bajar-a-otros-para-sentirte-mas-alto\/","url":"https:\/\/viniciojarquin.com\/blog\/cuando-necesitas-bajar-a-otros-para-sentirte-mas-alto\/","name":"Cuando necesit\u00e1s bajar a otros para sentirte m\u00e1s alto - MI BLOG","isPartOf":{"@id":"https:\/\/viniciojarquin.com\/blog\/#website"},"primaryImageOfPage":{"@id":"https:\/\/viniciojarquin.com\/blog\/cuando-necesitas-bajar-a-otros-para-sentirte-mas-alto\/#primaryimage"},"image":{"@id":"https:\/\/viniciojarquin.com\/blog\/cuando-necesitas-bajar-a-otros-para-sentirte-mas-alto\/#primaryimage"},"thumbnailUrl":"https:\/\/viniciojarquin.com\/blog\/wp-content\/uploads\/2026\/04\/Triunfo-sobre-el-sufrimiento-ajeno.png","datePublished":"2026-04-12T03:56:05+00:00","dateModified":"2026-04-13T01:27:17+00:00","breadcrumb":{"@id":"https:\/\/viniciojarquin.com\/blog\/cuando-necesitas-bajar-a-otros-para-sentirte-mas-alto\/#breadcrumb"},"inLanguage":"es","potentialAction":[{"@type":"ReadAction","target":["https:\/\/viniciojarquin.com\/blog\/cuando-necesitas-bajar-a-otros-para-sentirte-mas-alto\/"]}]},{"@type":"ImageObject","inLanguage":"es","@id":"https:\/\/viniciojarquin.com\/blog\/cuando-necesitas-bajar-a-otros-para-sentirte-mas-alto\/#primaryimage","url":"https:\/\/viniciojarquin.com\/blog\/wp-content\/uploads\/2026\/04\/Triunfo-sobre-el-sufrimiento-ajeno.png","contentUrl":"https:\/\/viniciojarquin.com\/blog\/wp-content\/uploads\/2026\/04\/Triunfo-sobre-el-sufrimiento-ajeno.png","width":800,"height":1200},{"@type":"BreadcrumbList","@id":"https:\/\/viniciojarquin.com\/blog\/cuando-necesitas-bajar-a-otros-para-sentirte-mas-alto\/#breadcrumb","itemListElement":[{"@type":"ListItem","position":1,"name":"Portada","item":"https:\/\/viniciojarquin.com\/blog\/"},{"@type":"ListItem","position":2,"name":"Cuando necesit\u00e1s bajar a otros para sentirte m\u00e1s alto"}]},{"@type":"WebSite","@id":"https:\/\/viniciojarquin.com\/blog\/#website","url":"https:\/\/viniciojarquin.com\/blog\/","name":"Vinicio Jarqu\u00edn BLOG","description":"","publisher":{"@id":"https:\/\/viniciojarquin.com\/blog\/#\/schema\/person\/90100c8845ae55462ec0657d3d2f8d3b"},"potentialAction":[{"@type":"SearchAction","target":{"@type":"EntryPoint","urlTemplate":"https:\/\/viniciojarquin.com\/blog\/?s={search_term_string}"},"query-input":{"@type":"PropertyValueSpecification","valueRequired":true,"valueName":"search_term_string"}}],"inLanguage":"es"},{"@type":["Person","Organization"],"@id":"https:\/\/viniciojarquin.com\/blog\/#\/schema\/person\/90100c8845ae55462ec0657d3d2f8d3b","name":"Vinicio Jarqu\u00edn","image":{"@type":"ImageObject","inLanguage":"es","@id":"https:\/\/viniciojarquin.com\/blog\/#\/schema\/person\/image\/","url":"https:\/\/viniciojarquin.com\/blog\/wp-content\/uploads\/2024\/10\/Logo-VinicioJarquin-original-400.png","contentUrl":"https:\/\/viniciojarquin.com\/blog\/wp-content\/uploads\/2024\/10\/Logo-VinicioJarquin-original-400.png","width":400,"height":130,"caption":"Vinicio Jarqu\u00edn"},"logo":{"@id":"https:\/\/viniciojarquin.com\/blog\/#\/schema\/person\/image\/"},"description":"Empresario textil, artista pl\u00e1stico, escritor, coach de vida y fot\u00f3grafo.","sameAs":["https:\/\/viniciojarquin.com\/blog","https:\/\/www.facebook.com\/vinicio.jarquin","https:\/\/www.instagram.com\/vinicio_jarquin\/","https:\/\/www.pinterest.com\/vinnyjc\/","https:\/\/www.youtube.com\/@VinicioJarquin"],"url":"https:\/\/viniciojarquin.com\/blog\/author\/admin_s02au25i\/"}]}},"blog_post_layout_featured_media_urls":{"thumbnail":["https:\/\/viniciojarquin.com\/blog\/wp-content\/uploads\/2026\/04\/Triunfo-sobre-el-sufrimiento-ajeno-150x150.png",150,150,true],"full":["https:\/\/viniciojarquin.com\/blog\/wp-content\/uploads\/2026\/04\/Triunfo-sobre-el-sufrimiento-ajeno.png",800,1200,false]},"categories_names":{"12":{"name":"Pol\u00edtica varios","link":"https:\/\/viniciojarquin.com\/blog\/category\/politica-o-gobierno\/"}},"tags_names":[],"comments_number":"0","_links":{"self":[{"href":"https:\/\/viniciojarquin.com\/blog\/wp-json\/wp\/v2\/posts\/3358","targetHints":{"allow":["GET"]}}],"collection":[{"href":"https:\/\/viniciojarquin.com\/blog\/wp-json\/wp\/v2\/posts"}],"about":[{"href":"https:\/\/viniciojarquin.com\/blog\/wp-json\/wp\/v2\/types\/post"}],"author":[{"embeddable":true,"href":"https:\/\/viniciojarquin.com\/blog\/wp-json\/wp\/v2\/users\/1"}],"replies":[{"embeddable":true,"href":"https:\/\/viniciojarquin.com\/blog\/wp-json\/wp\/v2\/comments?post=3358"}],"version-history":[{"count":2,"href":"https:\/\/viniciojarquin.com\/blog\/wp-json\/wp\/v2\/posts\/3358\/revisions"}],"predecessor-version":[{"id":3362,"href":"https:\/\/viniciojarquin.com\/blog\/wp-json\/wp\/v2\/posts\/3358\/revisions\/3362"}],"wp:featuredmedia":[{"embeddable":true,"href":"https:\/\/viniciojarquin.com\/blog\/wp-json\/wp\/v2\/media\/3359"}],"wp:attachment":[{"href":"https:\/\/viniciojarquin.com\/blog\/wp-json\/wp\/v2\/media?parent=3358"}],"wp:term":[{"taxonomy":"category","embeddable":true,"href":"https:\/\/viniciojarquin.com\/blog\/wp-json\/wp\/v2\/categories?post=3358"},{"taxonomy":"post_tag","embeddable":true,"href":"https:\/\/viniciojarquin.com\/blog\/wp-json\/wp\/v2\/tags?post=3358"}],"curies":[{"name":"wp","href":"https:\/\/api.w.org\/{rel}","templated":true}]}}