{"id":3365,"date":"2026-04-13T01:46:43","date_gmt":"2026-04-13T01:46:43","guid":{"rendered":"https:\/\/viniciojarquin.com\/blog\/?p=3365"},"modified":"2026-04-13T01:51:22","modified_gmt":"2026-04-13T01:51:22","slug":"la-paz-4","status":"publish","type":"post","link":"https:\/\/viniciojarquin.com\/blog\/la-paz-4\/","title":{"rendered":"LA PAZ &#8211; I"},"content":{"rendered":"\n<p><strong>La herencia de Oscar Arias S\u00e1nchez<\/strong><\/p>\n\n\n\n<p><strong>Su huella\u2026<\/strong><\/p>\n\n\n\n<p><strong>Presidente de Costa Rica (1986-1990) y (2006-2010)<\/strong><\/p>\n\n\n\n<p><strong>Introducci\u00f3n<\/strong><\/p>\n\n\n\n<figure class=\"wp-block-image size-large\"><img decoding=\"async\" width=\"683\" height=\"1024\" data-src=\"https:\/\/viniciojarquin.com\/blog\/wp-content\/uploads\/2026\/04\/La-paz-Oscar-Arias-Sanchez-1-683x1024.jpg\" alt=\"\" class=\"wp-image-3369 lazyload\" data-srcset=\"https:\/\/viniciojarquin.com\/blog\/wp-content\/uploads\/2026\/04\/La-paz-Oscar-Arias-Sanchez-1-683x1024.jpg 683w, https:\/\/viniciojarquin.com\/blog\/wp-content\/uploads\/2026\/04\/La-paz-Oscar-Arias-Sanchez-1-200x300.jpg 200w, https:\/\/viniciojarquin.com\/blog\/wp-content\/uploads\/2026\/04\/La-paz-Oscar-Arias-Sanchez-1-768x1152.jpg 768w, https:\/\/viniciojarquin.com\/blog\/wp-content\/uploads\/2026\/04\/La-paz-Oscar-Arias-Sanchez-1.jpg 1024w\" data-sizes=\"(max-width: 683px) 100vw, 683px\" src=\"data:image\/svg+xml;base64,PHN2ZyB3aWR0aD0iMSIgaGVpZ2h0PSIxIiB4bWxucz0iaHR0cDovL3d3dy53My5vcmcvMjAwMC9zdmciPjwvc3ZnPg==\" style=\"--smush-placeholder-width: 683px; --smush-placeholder-aspect-ratio: 683\/1024;\" \/><\/figure>\n\n\n\n<p>Cae en mis manos un art\u00edculo escrito por \u00d3scar Arias S\u00e1nchez que llam\u00f3 mi atenci\u00f3n, no por qui\u00e9n lo firma \u2014aunque eso ya de por s\u00ed pesa\u2014 sino por lo que provoca. Porque hay textos que uno lee y otros que, sin previo aviso, lo obligan a detenerse. A replantearse cosas que uno cre\u00eda resueltas. A mirar desde otro \u00e1ngulo temas que, por costumbre o por saturaci\u00f3n, uno ya hab\u00eda dejado de cuestionar con profundidad. Y eso fue exactamente lo que me ocurri\u00f3. No fue una lectura ligera, ni una de esas que se consumen y se olvidan. Fue m\u00e1s bien una de esas que se quedan dando vueltas, como si algo dentro de uno no terminara de acomodarse del todo.<\/p>\n\n\n\n<p>Y no es casualidad. Porque el tema \u2014la paz\u2014 es uno de esos conceptos que todos creemos entender, pero que pocas veces nos detenemos a examinar de verdad. Hablamos de paz con facilidad, la exigimos, la defendemos, la damos casi por sentada en ciertos contextos\u2026 pero rara vez nos preguntamos qu\u00e9 implica realmente sostenerla. Qu\u00e9 cuesta. Qu\u00e9 exige. Qu\u00e9 sacrificios invisibles hay detr\u00e1s de esa palabra que suena tan limpia, tan correcta, tan incuestionable. Y en ese punto, el texto deja de ser un simple art\u00edculo y se convierte en una especie de espejo inc\u00f3modo.<\/p>\n\n\n\n<p>Lo que empieza como una lectura puntual se transforma, casi sin que uno lo note, en una inquietud m\u00e1s amplia. Porque cuando una idea logra tocar algo profundo, uno no se queda ah\u00ed. Uno empieza a buscar. A contrastar. A ver si eso que acaba de leer resiste otras miradas, otros enfoques, otras voces. Y eso fue lo que me pas\u00f3. Ese primer texto no cerr\u00f3 nada\u2026 abri\u00f3 todo. Me dej\u00f3 con la sensaci\u00f3n de que hab\u00eda algo m\u00e1s detr\u00e1s, algo que no se agotaba en una sola reflexi\u00f3n, algo que val\u00eda la pena seguir explorando.<\/p>\n\n\n\n<p>Y es desde ah\u00ed que nace este recorrido. No como una defensa, no como un alegato, no como una postura r\u00edgida que pretende convencer. Sino como un ejercicio de observaci\u00f3n. De comprensi\u00f3n. De intentar ordenar ideas en medio de un contexto donde muchas veces lo que sobra es ruido y lo que falta es pausa. Porque tal vez, antes de tomar partido, antes de reaccionar, antes de repetir lo que otros dicen, vale la pena hacer algo que hoy parece cada vez m\u00e1s escaso: detenerse a pensar. Y en ese detenerse\u2026 empezar a ver.<strong><br><\/strong><\/p>\n\n\n\n<p><strong>Cap\u00edtulo I<\/strong><\/p>\n\n\n\n<p><strong>La paz no nace, se hace<\/strong><\/p>\n\n\n\n<p>Hay ideas que uno ha escuchado tantas veces que termina creyendo que ya las entiende. La paz es una de ellas. La repetimos, la celebramos, la exigimos incluso, como si fuera algo que simplemente deber\u00eda estar ah\u00ed, disponible, garantizado, casi autom\u00e1tico. Pero al entrar en el texto de \u00d3scar Arias S\u00e1nchez, esa noci\u00f3n empieza a resquebrajarse. Porque lo que aparece no es una paz c\u00f3moda ni idealizada, sino una paz exigente, inc\u00f3moda, profundamente humana. Una paz que no ocurre sola, que no nace por inercia, que no depende de buenas intenciones aisladas. Una paz que se hace.<\/p>\n\n\n\n<p>Y ese \u201cse hace\u201d cambia todo. Porque implica acci\u00f3n, implica decisi\u00f3n, implica disciplina. Implica, sobre todo, responsabilidad. Ya no es algo que se espera del mundo, es algo que se construye desde dentro y hacia afuera. No es un estado pasivo, es un ejercicio activo. Y eso, aunque suene sencillo, es profundamente desafiante. Porque construir paz no es evitar el conflicto, es aprender a atravesarlo sin destruir. Es elegir el di\u00e1logo cuando lo m\u00e1s f\u00e1cil ser\u00eda levantar la voz. Es sostener la calma cuando lo natural ser\u00eda reaccionar. Es, en muchos casos, renunciar a tener la raz\u00f3n para poder construir algo m\u00e1s grande que uno mismo.<\/p>\n\n\n\n<p>Hay algo que me parece particularmente poderoso en esta idea: la paz no es obra de personas perfectas. No nace de seres iluminados que viven por encima de las tensiones humanas. Nace, m\u00e1s bien, de personas comunes, con errores, con l\u00edmites, con emociones intensas\u2026 que aun as\u00ed deciden, una y otra vez, no ceder ante la violencia, ni f\u00edsica ni verbal, ni expl\u00edcita ni disfrazada. Y eso le da a la paz un car\u00e1cter mucho m\u00e1s real, mucho m\u00e1s cercano, pero tambi\u00e9n mucho m\u00e1s exigente. Porque ya no hay excusas. Ya no se puede decir \u201ceso es para otros\u201d. Nos incluye.<\/p>\n\n\n\n<p>Tambi\u00e9n aparece una dimensi\u00f3n que pocas veces se aborda con suficiente profundidad: la paz requiere valent\u00eda. Pero no la valent\u00eda que solemos aplaudir en los relatos tradicionales. No es la del enfrentamiento, no es la del dominio, no es la del que se impone. Es otra. Es la valent\u00eda de contenerse, de escuchar, de negociar, de ceder cuando es necesario, de reconocer al otro incluso en medio del desacuerdo. Es una valent\u00eda silenciosa, muchas veces invisible, que no genera aplausos inmediatos, pero que sostiene la convivencia a largo plazo.<\/p>\n\n\n\n<p>Y entonces la pregunta deja de ser abstracta y se vuelve personal. Porque si la paz no nace, sino que se hace, \u00bfdesde d\u00f3nde la estoy haciendo yo? \u00bfEn qu\u00e9 momentos la estoy construyendo\u2026 y en cu\u00e1les la estoy debilitando? \u00bfCu\u00e1ntas veces, en lo cotidiano, en lo peque\u00f1o, en lo aparentemente irrelevante, elijo el camino m\u00e1s f\u00e1cil en lugar del m\u00e1s consciente? Porque tal vez el verdadero reto no est\u00e1 en los grandes escenarios, en los discursos o en las decisiones hist\u00f3ricas, sino en esos espacios donde nadie est\u00e1 mirando, donde no hay reconocimiento, donde la \u00fanica medida es la coherencia.<\/p>\n\n\n\n<p>Y es ah\u00ed donde el concepto deja de ser teor\u00eda y empieza a incomodar de verdad. Porque construir paz implica renuncias. Implica incomodidad. Implica ir en contra de impulsos que muchas veces parecen justificados. Implica, en el fondo, asumir que la paz no es gratis.<\/p>\n\n\n\n<p>Y cuando uno logra entender eso, aunque sea apenas un poco, ocurre algo inevitable: la necesidad de seguir buscando. Porque una idea as\u00ed no se agota en una sola voz, ni en un solo texto. Se expande. Se contrasta. Se enriquece. Y casi sin darse cuenta, uno empieza a preguntarse c\u00f3mo otros han visto lo mismo\u2026 desde otros \u00e1ngulos, con otras palabras, pero tal vez con la misma intenci\u00f3n de fondo.<\/p>\n\n\n\n<p>Y es ah\u00ed\u2026 donde este recorrido contin\u00faa.<\/p>\n","protected":false},"excerpt":{"rendered":"<p>La herencia de Oscar Arias S\u00e1nchez Su huella\u2026 Presidente de Costa Rica (1986-1990) y (2006-2010) Introducci\u00f3n Cae en mis manos [&hellip;]<\/p>\n","protected":false},"author":1,"featured_media":3369,"comment_status":"open","ping_status":"open","sticky":false,"template":"","format":"standard","meta":{"site-sidebar-layout":"default","site-content-layout":"","ast-site-content-layout":"","site-content-style":"default","site-sidebar-style":"default","ast-global-header-display":"","ast-banner-title-visibility":"","ast-main-header-display":"","ast-hfb-above-header-display":"","ast-hfb-below-header-display":"","ast-hfb-mobile-header-display":"","site-post-title":"","ast-breadcrumbs-content":"","ast-featured-img":"","footer-sml-layout":"","theme-transparent-header-meta":"","adv-header-id-meta":"","stick-header-meta":"","header-above-stick-meta":"","header-main-stick-meta":"","header-below-stick-meta":"","astra-migrate-meta-layouts":"default","ast-page-background-enabled":"default","ast-page-background-meta":{"desktop":{"background-color":"var(--ast-global-color-5)","background-image":"","background-repeat":"repeat","background-position":"center center","background-size":"auto","background-attachment":"scroll","background-type":"","background-media":"","overlay-type":"","overlay-color":"","overlay-opacity":"","overlay-gradient":""},"tablet":{"background-color":"","background-image":"","background-repeat":"repeat","background-position":"center center","background-size":"auto","background-attachment":"scroll","background-type":"","background-media":"","overlay-type":"","overlay-color":"","overlay-opacity":"","overlay-gradient":""},"mobile":{"background-color":"","background-image":"","background-repeat":"repeat","background-position":"center center","background-size":"auto","background-attachment":"scroll","background-type":"","background-media":"","overlay-type":"","overlay-color":"","overlay-opacity":"","overlay-gradient":""}},"ast-content-background-meta":{"desktop":{"background-color":"var(--ast-global-color-4)","background-image":"","background-repeat":"repeat","background-position":"center center","background-size":"auto","background-attachment":"scroll","background-type":"","background-media":"","overlay-type":"","overlay-color":"","overlay-opacity":"","overlay-gradient":""},"tablet":{"background-color":"var(--ast-global-color-4)","background-image":"","background-repeat":"repeat","background-position":"center center","background-size":"auto","background-attachment":"scroll","background-type":"","background-media":"","overlay-type":"","overlay-color":"","overlay-opacity":"","overlay-gradient":""},"mobile":{"background-color":"var(--ast-global-color-4)","background-image":"","background-repeat":"repeat","background-position":"center center","background-size":"auto","background-attachment":"scroll","background-type":"","background-media":"","overlay-type":"","overlay-color":"","overlay-opacity":"","overlay-gradient":""}},"footnotes":""},"categories":[9],"tags":[],"class_list":["post-3365","post","type-post","status-publish","format-standard","has-post-thumbnail","hentry","category-mis-escritos"],"yoast_head":"<!-- This site is optimized with the Yoast SEO plugin v26.0 - https:\/\/yoast.com\/wordpress\/plugins\/seo\/ -->\n<title>LA PAZ - I - MI BLOG<\/title>\n<meta name=\"robots\" content=\"index, follow, max-snippet:-1, max-image-preview:large, max-video-preview:-1\" \/>\n<link rel=\"canonical\" href=\"https:\/\/viniciojarquin.com\/blog\/la-paz-4\/\" \/>\n<meta property=\"og:locale\" content=\"es_ES\" \/>\n<meta property=\"og:type\" content=\"article\" \/>\n<meta property=\"og:title\" content=\"LA PAZ - I - MI BLOG\" \/>\n<meta property=\"og:description\" content=\"La herencia de Oscar Arias S\u00e1nchez Su huella\u2026 Presidente de Costa Rica (1986-1990) y (2006-2010) Introducci\u00f3n Cae en mis manos [&hellip;]\" \/>\n<meta property=\"og:url\" content=\"https:\/\/viniciojarquin.com\/blog\/la-paz-4\/\" \/>\n<meta property=\"og:site_name\" content=\"MI BLOG\" \/>\n<meta property=\"article:publisher\" content=\"https:\/\/www.facebook.com\/vinicio.jarquin\" \/>\n<meta property=\"article:author\" content=\"https:\/\/www.facebook.com\/vinicio.jarquin\" \/>\n<meta property=\"article:published_time\" content=\"2026-04-13T01:46:43+00:00\" \/>\n<meta property=\"article:modified_time\" content=\"2026-04-13T01:51:22+00:00\" \/>\n<meta property=\"og:image\" content=\"https:\/\/viniciojarquin.com\/blog\/wp-content\/uploads\/2026\/04\/La-paz-Oscar-Arias-Sanchez-1.jpg\" \/>\n\t<meta property=\"og:image:width\" content=\"1024\" \/>\n\t<meta property=\"og:image:height\" content=\"1536\" \/>\n\t<meta property=\"og:image:type\" content=\"image\/jpeg\" \/>\n<meta name=\"author\" content=\"Vinicio Jarqu\u00edn\" \/>\n<meta name=\"twitter:card\" content=\"summary_large_image\" \/>\n<meta name=\"twitter:label1\" content=\"Escrito por\" \/>\n\t<meta name=\"twitter:data1\" content=\"Vinicio Jarqu\u00edn\" \/>\n\t<meta name=\"twitter:label2\" content=\"Tiempo de lectura\" \/>\n\t<meta name=\"twitter:data2\" content=\"6 minutos\" \/>\n<script type=\"application\/ld+json\" class=\"yoast-schema-graph\">{\"@context\":\"https:\/\/schema.org\",\"@graph\":[{\"@type\":\"Article\",\"@id\":\"https:\/\/viniciojarquin.com\/blog\/la-paz-4\/#article\",\"isPartOf\":{\"@id\":\"https:\/\/viniciojarquin.com\/blog\/la-paz-4\/\"},\"author\":{\"name\":\"Vinicio Jarqu\u00edn\",\"@id\":\"https:\/\/viniciojarquin.com\/blog\/#\/schema\/person\/90100c8845ae55462ec0657d3d2f8d3b\"},\"headline\":\"LA PAZ &#8211; I\",\"datePublished\":\"2026-04-13T01:46:43+00:00\",\"dateModified\":\"2026-04-13T01:51:22+00:00\",\"mainEntityOfPage\":{\"@id\":\"https:\/\/viniciojarquin.com\/blog\/la-paz-4\/\"},\"wordCount\":1118,\"commentCount\":0,\"publisher\":{\"@id\":\"https:\/\/viniciojarquin.com\/blog\/#\/schema\/person\/90100c8845ae55462ec0657d3d2f8d3b\"},\"image\":{\"@id\":\"https:\/\/viniciojarquin.com\/blog\/la-paz-4\/#primaryimage\"},\"thumbnailUrl\":\"https:\/\/viniciojarquin.com\/blog\/wp-content\/uploads\/2026\/04\/La-paz-Oscar-Arias-Sanchez-1.jpg\",\"articleSection\":[\"Escritos generales\"],\"inLanguage\":\"es\",\"potentialAction\":[{\"@type\":\"CommentAction\",\"name\":\"Comment\",\"target\":[\"https:\/\/viniciojarquin.com\/blog\/la-paz-4\/#respond\"]}]},{\"@type\":\"WebPage\",\"@id\":\"https:\/\/viniciojarquin.com\/blog\/la-paz-4\/\",\"url\":\"https:\/\/viniciojarquin.com\/blog\/la-paz-4\/\",\"name\":\"LA PAZ - I - MI BLOG\",\"isPartOf\":{\"@id\":\"https:\/\/viniciojarquin.com\/blog\/#website\"},\"primaryImageOfPage\":{\"@id\":\"https:\/\/viniciojarquin.com\/blog\/la-paz-4\/#primaryimage\"},\"image\":{\"@id\":\"https:\/\/viniciojarquin.com\/blog\/la-paz-4\/#primaryimage\"},\"thumbnailUrl\":\"https:\/\/viniciojarquin.com\/blog\/wp-content\/uploads\/2026\/04\/La-paz-Oscar-Arias-Sanchez-1.jpg\",\"datePublished\":\"2026-04-13T01:46:43+00:00\",\"dateModified\":\"2026-04-13T01:51:22+00:00\",\"breadcrumb\":{\"@id\":\"https:\/\/viniciojarquin.com\/blog\/la-paz-4\/#breadcrumb\"},\"inLanguage\":\"es\",\"potentialAction\":[{\"@type\":\"ReadAction\",\"target\":[\"https:\/\/viniciojarquin.com\/blog\/la-paz-4\/\"]}]},{\"@type\":\"ImageObject\",\"inLanguage\":\"es\",\"@id\":\"https:\/\/viniciojarquin.com\/blog\/la-paz-4\/#primaryimage\",\"url\":\"https:\/\/viniciojarquin.com\/blog\/wp-content\/uploads\/2026\/04\/La-paz-Oscar-Arias-Sanchez-1.jpg\",\"contentUrl\":\"https:\/\/viniciojarquin.com\/blog\/wp-content\/uploads\/2026\/04\/La-paz-Oscar-Arias-Sanchez-1.jpg\",\"width\":1024,\"height\":1536},{\"@type\":\"BreadcrumbList\",\"@id\":\"https:\/\/viniciojarquin.com\/blog\/la-paz-4\/#breadcrumb\",\"itemListElement\":[{\"@type\":\"ListItem\",\"position\":1,\"name\":\"Portada\",\"item\":\"https:\/\/viniciojarquin.com\/blog\/\"},{\"@type\":\"ListItem\",\"position\":2,\"name\":\"LA PAZ &#8211; I\"}]},{\"@type\":\"WebSite\",\"@id\":\"https:\/\/viniciojarquin.com\/blog\/#website\",\"url\":\"https:\/\/viniciojarquin.com\/blog\/\",\"name\":\"Vinicio Jarqu\u00edn BLOG\",\"description\":\"\",\"publisher\":{\"@id\":\"https:\/\/viniciojarquin.com\/blog\/#\/schema\/person\/90100c8845ae55462ec0657d3d2f8d3b\"},\"potentialAction\":[{\"@type\":\"SearchAction\",\"target\":{\"@type\":\"EntryPoint\",\"urlTemplate\":\"https:\/\/viniciojarquin.com\/blog\/?s={search_term_string}\"},\"query-input\":{\"@type\":\"PropertyValueSpecification\",\"valueRequired\":true,\"valueName\":\"search_term_string\"}}],\"inLanguage\":\"es\"},{\"@type\":[\"Person\",\"Organization\"],\"@id\":\"https:\/\/viniciojarquin.com\/blog\/#\/schema\/person\/90100c8845ae55462ec0657d3d2f8d3b\",\"name\":\"Vinicio Jarqu\u00edn\",\"image\":{\"@type\":\"ImageObject\",\"inLanguage\":\"es\",\"@id\":\"https:\/\/viniciojarquin.com\/blog\/#\/schema\/person\/image\/\",\"url\":\"https:\/\/viniciojarquin.com\/blog\/wp-content\/uploads\/2024\/10\/Logo-VinicioJarquin-original-400.png\",\"contentUrl\":\"https:\/\/viniciojarquin.com\/blog\/wp-content\/uploads\/2024\/10\/Logo-VinicioJarquin-original-400.png\",\"width\":400,\"height\":130,\"caption\":\"Vinicio Jarqu\u00edn\"},\"logo\":{\"@id\":\"https:\/\/viniciojarquin.com\/blog\/#\/schema\/person\/image\/\"},\"description\":\"Empresario textil, artista pl\u00e1stico, escritor, coach de vida y fot\u00f3grafo.\",\"sameAs\":[\"https:\/\/viniciojarquin.com\/blog\",\"https:\/\/www.facebook.com\/vinicio.jarquin\",\"https:\/\/www.instagram.com\/vinicio_jarquin\/\",\"https:\/\/www.pinterest.com\/vinnyjc\/\",\"https:\/\/www.youtube.com\/@VinicioJarquin\"],\"url\":\"https:\/\/viniciojarquin.com\/blog\/author\/admin_s02au25i\/\"}]}<\/script>\n<!-- \/ Yoast SEO plugin. -->","yoast_head_json":{"title":"LA PAZ - I - MI BLOG","robots":{"index":"index","follow":"follow","max-snippet":"max-snippet:-1","max-image-preview":"max-image-preview:large","max-video-preview":"max-video-preview:-1"},"canonical":"https:\/\/viniciojarquin.com\/blog\/la-paz-4\/","og_locale":"es_ES","og_type":"article","og_title":"LA PAZ - I - MI BLOG","og_description":"La herencia de Oscar Arias S\u00e1nchez Su huella\u2026 Presidente de Costa Rica (1986-1990) y (2006-2010) Introducci\u00f3n Cae en mis manos [&hellip;]","og_url":"https:\/\/viniciojarquin.com\/blog\/la-paz-4\/","og_site_name":"MI BLOG","article_publisher":"https:\/\/www.facebook.com\/vinicio.jarquin","article_author":"https:\/\/www.facebook.com\/vinicio.jarquin","article_published_time":"2026-04-13T01:46:43+00:00","article_modified_time":"2026-04-13T01:51:22+00:00","og_image":[{"width":1024,"height":1536,"url":"https:\/\/viniciojarquin.com\/blog\/wp-content\/uploads\/2026\/04\/La-paz-Oscar-Arias-Sanchez-1.jpg","type":"image\/jpeg"}],"author":"Vinicio Jarqu\u00edn","twitter_card":"summary_large_image","twitter_misc":{"Escrito por":"Vinicio Jarqu\u00edn","Tiempo de lectura":"6 minutos"},"schema":{"@context":"https:\/\/schema.org","@graph":[{"@type":"Article","@id":"https:\/\/viniciojarquin.com\/blog\/la-paz-4\/#article","isPartOf":{"@id":"https:\/\/viniciojarquin.com\/blog\/la-paz-4\/"},"author":{"name":"Vinicio Jarqu\u00edn","@id":"https:\/\/viniciojarquin.com\/blog\/#\/schema\/person\/90100c8845ae55462ec0657d3d2f8d3b"},"headline":"LA PAZ &#8211; I","datePublished":"2026-04-13T01:46:43+00:00","dateModified":"2026-04-13T01:51:22+00:00","mainEntityOfPage":{"@id":"https:\/\/viniciojarquin.com\/blog\/la-paz-4\/"},"wordCount":1118,"commentCount":0,"publisher":{"@id":"https:\/\/viniciojarquin.com\/blog\/#\/schema\/person\/90100c8845ae55462ec0657d3d2f8d3b"},"image":{"@id":"https:\/\/viniciojarquin.com\/blog\/la-paz-4\/#primaryimage"},"thumbnailUrl":"https:\/\/viniciojarquin.com\/blog\/wp-content\/uploads\/2026\/04\/La-paz-Oscar-Arias-Sanchez-1.jpg","articleSection":["Escritos generales"],"inLanguage":"es","potentialAction":[{"@type":"CommentAction","name":"Comment","target":["https:\/\/viniciojarquin.com\/blog\/la-paz-4\/#respond"]}]},{"@type":"WebPage","@id":"https:\/\/viniciojarquin.com\/blog\/la-paz-4\/","url":"https:\/\/viniciojarquin.com\/blog\/la-paz-4\/","name":"LA PAZ - I - MI BLOG","isPartOf":{"@id":"https:\/\/viniciojarquin.com\/blog\/#website"},"primaryImageOfPage":{"@id":"https:\/\/viniciojarquin.com\/blog\/la-paz-4\/#primaryimage"},"image":{"@id":"https:\/\/viniciojarquin.com\/blog\/la-paz-4\/#primaryimage"},"thumbnailUrl":"https:\/\/viniciojarquin.com\/blog\/wp-content\/uploads\/2026\/04\/La-paz-Oscar-Arias-Sanchez-1.jpg","datePublished":"2026-04-13T01:46:43+00:00","dateModified":"2026-04-13T01:51:22+00:00","breadcrumb":{"@id":"https:\/\/viniciojarquin.com\/blog\/la-paz-4\/#breadcrumb"},"inLanguage":"es","potentialAction":[{"@type":"ReadAction","target":["https:\/\/viniciojarquin.com\/blog\/la-paz-4\/"]}]},{"@type":"ImageObject","inLanguage":"es","@id":"https:\/\/viniciojarquin.com\/blog\/la-paz-4\/#primaryimage","url":"https:\/\/viniciojarquin.com\/blog\/wp-content\/uploads\/2026\/04\/La-paz-Oscar-Arias-Sanchez-1.jpg","contentUrl":"https:\/\/viniciojarquin.com\/blog\/wp-content\/uploads\/2026\/04\/La-paz-Oscar-Arias-Sanchez-1.jpg","width":1024,"height":1536},{"@type":"BreadcrumbList","@id":"https:\/\/viniciojarquin.com\/blog\/la-paz-4\/#breadcrumb","itemListElement":[{"@type":"ListItem","position":1,"name":"Portada","item":"https:\/\/viniciojarquin.com\/blog\/"},{"@type":"ListItem","position":2,"name":"LA PAZ &#8211; I"}]},{"@type":"WebSite","@id":"https:\/\/viniciojarquin.com\/blog\/#website","url":"https:\/\/viniciojarquin.com\/blog\/","name":"Vinicio Jarqu\u00edn BLOG","description":"","publisher":{"@id":"https:\/\/viniciojarquin.com\/blog\/#\/schema\/person\/90100c8845ae55462ec0657d3d2f8d3b"},"potentialAction":[{"@type":"SearchAction","target":{"@type":"EntryPoint","urlTemplate":"https:\/\/viniciojarquin.com\/blog\/?s={search_term_string}"},"query-input":{"@type":"PropertyValueSpecification","valueRequired":true,"valueName":"search_term_string"}}],"inLanguage":"es"},{"@type":["Person","Organization"],"@id":"https:\/\/viniciojarquin.com\/blog\/#\/schema\/person\/90100c8845ae55462ec0657d3d2f8d3b","name":"Vinicio Jarqu\u00edn","image":{"@type":"ImageObject","inLanguage":"es","@id":"https:\/\/viniciojarquin.com\/blog\/#\/schema\/person\/image\/","url":"https:\/\/viniciojarquin.com\/blog\/wp-content\/uploads\/2024\/10\/Logo-VinicioJarquin-original-400.png","contentUrl":"https:\/\/viniciojarquin.com\/blog\/wp-content\/uploads\/2024\/10\/Logo-VinicioJarquin-original-400.png","width":400,"height":130,"caption":"Vinicio Jarqu\u00edn"},"logo":{"@id":"https:\/\/viniciojarquin.com\/blog\/#\/schema\/person\/image\/"},"description":"Empresario textil, artista pl\u00e1stico, escritor, coach de vida y fot\u00f3grafo.","sameAs":["https:\/\/viniciojarquin.com\/blog","https:\/\/www.facebook.com\/vinicio.jarquin","https:\/\/www.instagram.com\/vinicio_jarquin\/","https:\/\/www.pinterest.com\/vinnyjc\/","https:\/\/www.youtube.com\/@VinicioJarquin"],"url":"https:\/\/viniciojarquin.com\/blog\/author\/admin_s02au25i\/"}]}},"blog_post_layout_featured_media_urls":{"thumbnail":["https:\/\/viniciojarquin.com\/blog\/wp-content\/uploads\/2026\/04\/La-paz-Oscar-Arias-Sanchez-1-150x150.jpg",150,150,true],"full":["https:\/\/viniciojarquin.com\/blog\/wp-content\/uploads\/2026\/04\/La-paz-Oscar-Arias-Sanchez-1.jpg",1024,1536,false]},"categories_names":{"9":{"name":"Escritos generales","link":"https:\/\/viniciojarquin.com\/blog\/category\/mis-escritos\/"}},"tags_names":[],"comments_number":"0","_links":{"self":[{"href":"https:\/\/viniciojarquin.com\/blog\/wp-json\/wp\/v2\/posts\/3365","targetHints":{"allow":["GET"]}}],"collection":[{"href":"https:\/\/viniciojarquin.com\/blog\/wp-json\/wp\/v2\/posts"}],"about":[{"href":"https:\/\/viniciojarquin.com\/blog\/wp-json\/wp\/v2\/types\/post"}],"author":[{"embeddable":true,"href":"https:\/\/viniciojarquin.com\/blog\/wp-json\/wp\/v2\/users\/1"}],"replies":[{"embeddable":true,"href":"https:\/\/viniciojarquin.com\/blog\/wp-json\/wp\/v2\/comments?post=3365"}],"version-history":[{"count":2,"href":"https:\/\/viniciojarquin.com\/blog\/wp-json\/wp\/v2\/posts\/3365\/revisions"}],"predecessor-version":[{"id":3377,"href":"https:\/\/viniciojarquin.com\/blog\/wp-json\/wp\/v2\/posts\/3365\/revisions\/3377"}],"wp:featuredmedia":[{"embeddable":true,"href":"https:\/\/viniciojarquin.com\/blog\/wp-json\/wp\/v2\/media\/3369"}],"wp:attachment":[{"href":"https:\/\/viniciojarquin.com\/blog\/wp-json\/wp\/v2\/media?parent=3365"}],"wp:term":[{"taxonomy":"category","embeddable":true,"href":"https:\/\/viniciojarquin.com\/blog\/wp-json\/wp\/v2\/categories?post=3365"},{"taxonomy":"post_tag","embeddable":true,"href":"https:\/\/viniciojarquin.com\/blog\/wp-json\/wp\/v2\/tags?post=3365"}],"curies":[{"name":"wp","href":"https:\/\/api.w.org\/{rel}","templated":true}]}}