{"id":3366,"date":"2026-04-13T01:46:22","date_gmt":"2026-04-13T01:46:22","guid":{"rendered":"https:\/\/viniciojarquin.com\/blog\/?p=3366"},"modified":"2026-04-13T01:51:26","modified_gmt":"2026-04-13T01:51:26","slug":"la-paz-3","status":"publish","type":"post","link":"https:\/\/viniciojarquin.com\/blog\/la-paz-3\/","title":{"rendered":"LA PAZ &#8211; II"},"content":{"rendered":"\n<p><strong>La herencia de Oscar Arias S\u00e1nchez<\/strong><\/p>\n\n\n\n<p><strong>Su huella\u2026<\/strong><\/p>\n\n\n\n<p><strong>Cap\u00edtulo II<\/strong><\/p>\n\n\n\n<p><strong>Cuando la paz tambi\u00e9n es pensamiento<\/strong><\/p>\n\n\n\n<figure class=\"wp-block-image size-large\"><img decoding=\"async\" width=\"683\" height=\"1024\" data-src=\"https:\/\/viniciojarquin.com\/blog\/wp-content\/uploads\/2026\/04\/La-paz-Oscar-Arias-Sanchez-2-683x1024.jpg\" alt=\"\" class=\"wp-image-3370 lazyload\" data-srcset=\"https:\/\/viniciojarquin.com\/blog\/wp-content\/uploads\/2026\/04\/La-paz-Oscar-Arias-Sanchez-2-683x1024.jpg 683w, https:\/\/viniciojarquin.com\/blog\/wp-content\/uploads\/2026\/04\/La-paz-Oscar-Arias-Sanchez-2-200x300.jpg 200w, https:\/\/viniciojarquin.com\/blog\/wp-content\/uploads\/2026\/04\/La-paz-Oscar-Arias-Sanchez-2-768x1152.jpg 768w, https:\/\/viniciojarquin.com\/blog\/wp-content\/uploads\/2026\/04\/La-paz-Oscar-Arias-Sanchez-2.jpg 1024w\" data-sizes=\"(max-width: 683px) 100vw, 683px\" src=\"data:image\/svg+xml;base64,PHN2ZyB3aWR0aD0iMSIgaGVpZ2h0PSIxIiB4bWxucz0iaHR0cDovL3d3dy53My5vcmcvMjAwMC9zdmciPjwvc3ZnPg==\" style=\"--smush-placeholder-width: 683px; --smush-placeholder-aspect-ratio: 683\/1024;\" \/><\/figure>\n\n\n\n<p>Y entonces, casi como una continuaci\u00f3n natural de esa inquietud que queda abierta, me encuentro con un texto de Jacques Sagot. No lo busco con la intenci\u00f3n de confirmar lo anterior, ni de reforzar una idea ya tomada, sino m\u00e1s bien con esa curiosidad que aparece cuando algo todav\u00eda no termina de asentarse del todo. Y lo interesante es que, lejos de repetir lo que ya hab\u00eda le\u00eddo, este nuevo texto abre otra dimensi\u00f3n. Una que no contradice, pero s\u00ed ampl\u00eda. Una que no reemplaza, pero s\u00ed profundiza.<\/p>\n\n\n\n<p>Porque si en el primer momento la paz aparece como una construcci\u00f3n \u2014como una tarea, como una disciplina\u2014 aqu\u00ed empieza a revelarse como algo m\u00e1s complejo, m\u00e1s amplio, casi m\u00e1s intangible. Sagot no se queda en la acci\u00f3n, se mueve hacia el plano de lo simb\u00f3lico, de lo espiritual, de aquello que no se mide f\u00e1cilmente pero que, sin embargo, termina definiendo la identidad de una sociedad. Y eso cambia la conversaci\u00f3n. Porque ya no se trata solo de lo que se hace\u2026 sino de lo que se deja.<\/p>\n\n\n\n<p>Hay una idea que atraviesa todo su planteamiento y que, mientras m\u00e1s la pienso, m\u00e1s sentido cobra: el legado de un l\u00edder no se limita a lo visible. No se agota en la obra p\u00fablica, en la infraestructura, en lo que se puede inaugurar o fotografiar. Existe otra dimensi\u00f3n, mucho m\u00e1s silenciosa, mucho m\u00e1s dif\u00edcil de se\u00f1alar, pero tambi\u00e9n mucho m\u00e1s duradera. Una huella que no se instala en el concreto, sino en la forma en que una sociedad piensa, siente y se entiende a s\u00ed misma. Algo que incluso Karl Marx llam\u00f3 \u201csuperestructura\u201d y que Yolanda Oreamuno describi\u00f3 con una sensibilidad particular como ese \u201cmundo pensamental\u201d que habita en lo colectivo.<\/p>\n\n\n\n<p>Y cuando uno entra ah\u00ed, la perspectiva cambia inevitablemente. Porque lo material, por importante que sea, est\u00e1 sujeto al tiempo. Se deteriora, se transforma, se reemplaza. Pero lo que se instala en la cultura, en los valores, en las formas de convivencia, permanece de otra manera. No necesita ser defendido constantemente porque ya forma parte de lo que somos. Ya no es externo.<\/p>\n\n\n\n<p>En ese sentido, la figura de \u00d3scar Arias S\u00e1nchez deja de ser solo un actor pol\u00edtico para convertirse en algo m\u00e1s complejo. No se trata aqu\u00ed de idealizar ni de ignorar matices, sino de observar con cierta amplitud qu\u00e9 tipo de huella ha dejado. Y seg\u00fan esta lectura, no es \u00fanicamente una huella de decisiones, sino de visi\u00f3n. De una forma de entender el mundo que apuesta por la paz no como estrategia moment\u00e1nea, sino como estructura de convivencia.<\/p>\n\n\n\n<p>Y aqu\u00ed aparece algo que conecta profundamente con lo anterior: la paz no es una idea aislada. No existe por s\u00ed sola. Est\u00e1 sostenida por una red de valores que se alimentan entre s\u00ed. Tolerancia, empat\u00eda, capacidad de di\u00e1logo, paciencia, autocontrol\u2026 y, en el fondo, algo que muchas veces evitamos nombrar en estos contextos: el amor. No como concepto rom\u00e1ntico ni superficial, sino como una disposici\u00f3n real hacia el otro, incluso cuando el otro piensa distinto, incluso cuando incomoda, incluso cuando desaf\u00eda.<\/p>\n\n\n\n<p>Puede parecer extra\u00f1o traer esa palabra a un terreno como este, pero tal vez ah\u00ed est\u00e1 una de las claves. Porque sin ese componente, la paz corre el riesgo de convertirse en un discurso vac\u00edo, en una palabra correcta que no se sostiene en la pr\u00e1ctica. Y lo que plantea este enfoque es que la paz verdadera no se construye solo desde la raz\u00f3n, sino tambi\u00e9n desde una \u00e9tica que reconoce al otro como parte de la ecuaci\u00f3n, no como obst\u00e1culo.<\/p>\n\n\n\n<p>Y entonces, cuando uno empieza a ver la paz desde este lugar \u2014no solo como acci\u00f3n, sino como cultura, como pensamiento, como estructura interna de una sociedad\u2014 algo se termina de acomodar. O tal vez, algo se termina de inquietar a\u00fan m\u00e1s. Porque ya no basta con entender qu\u00e9 es la paz o c\u00f3mo se construye. Ahora aparece otra pregunta: \u00bfc\u00f3mo se sostiene en la pr\u00e1ctica, especialmente cuando hay presi\u00f3n, cuando hay intereses, cuando hay poder en juego?<\/p>\n\n\n\n<p>Y es ah\u00ed\u2026 donde este recorrido da un paso m\u00e1s.<\/p>\n","protected":false},"excerpt":{"rendered":"<p>La herencia de Oscar Arias S\u00e1nchez Su huella\u2026 Cap\u00edtulo II Cuando la paz tambi\u00e9n es pensamiento Y entonces, casi como [&hellip;]<\/p>\n","protected":false},"author":1,"featured_media":3370,"comment_status":"open","ping_status":"open","sticky":false,"template":"","format":"standard","meta":{"site-sidebar-layout":"default","site-content-layout":"","ast-site-content-layout":"","site-content-style":"default","site-sidebar-style":"default","ast-global-header-display":"","ast-banner-title-visibility":"","ast-main-header-display":"","ast-hfb-above-header-display":"","ast-hfb-below-header-display":"","ast-hfb-mobile-header-display":"","site-post-title":"","ast-breadcrumbs-content":"","ast-featured-img":"","footer-sml-layout":"","theme-transparent-header-meta":"","adv-header-id-meta":"","stick-header-meta":"","header-above-stick-meta":"","header-main-stick-meta":"","header-below-stick-meta":"","astra-migrate-meta-layouts":"default","ast-page-background-enabled":"default","ast-page-background-meta":{"desktop":{"background-color":"var(--ast-global-color-5)","background-image":"","background-repeat":"repeat","background-position":"center center","background-size":"auto","background-attachment":"scroll","background-type":"","background-media":"","overlay-type":"","overlay-color":"","overlay-opacity":"","overlay-gradient":""},"tablet":{"background-color":"","background-image":"","background-repeat":"repeat","background-position":"center center","background-size":"auto","background-attachment":"scroll","background-type":"","background-media":"","overlay-type":"","overlay-color":"","overlay-opacity":"","overlay-gradient":""},"mobile":{"background-color":"","background-image":"","background-repeat":"repeat","background-position":"center center","background-size":"auto","background-attachment":"scroll","background-type":"","background-media":"","overlay-type":"","overlay-color":"","overlay-opacity":"","overlay-gradient":""}},"ast-content-background-meta":{"desktop":{"background-color":"var(--ast-global-color-4)","background-image":"","background-repeat":"repeat","background-position":"center center","background-size":"auto","background-attachment":"scroll","background-type":"","background-media":"","overlay-type":"","overlay-color":"","overlay-opacity":"","overlay-gradient":""},"tablet":{"background-color":"var(--ast-global-color-4)","background-image":"","background-repeat":"repeat","background-position":"center center","background-size":"auto","background-attachment":"scroll","background-type":"","background-media":"","overlay-type":"","overlay-color":"","overlay-opacity":"","overlay-gradient":""},"mobile":{"background-color":"var(--ast-global-color-4)","background-image":"","background-repeat":"repeat","background-position":"center center","background-size":"auto","background-attachment":"scroll","background-type":"","background-media":"","overlay-type":"","overlay-color":"","overlay-opacity":"","overlay-gradient":""}},"footnotes":""},"categories":[9],"tags":[],"class_list":["post-3366","post","type-post","status-publish","format-standard","has-post-thumbnail","hentry","category-mis-escritos"],"yoast_head":"<!-- This site is optimized with the Yoast SEO plugin v26.0 - https:\/\/yoast.com\/wordpress\/plugins\/seo\/ -->\n<title>LA PAZ - II - MI BLOG<\/title>\n<meta name=\"robots\" content=\"index, follow, max-snippet:-1, max-image-preview:large, max-video-preview:-1\" \/>\n<link rel=\"canonical\" href=\"https:\/\/viniciojarquin.com\/blog\/la-paz-3\/\" \/>\n<meta property=\"og:locale\" content=\"es_ES\" \/>\n<meta property=\"og:type\" content=\"article\" \/>\n<meta property=\"og:title\" content=\"LA PAZ - II - MI BLOG\" \/>\n<meta property=\"og:description\" content=\"La herencia de Oscar Arias S\u00e1nchez Su huella\u2026 Cap\u00edtulo II Cuando la paz tambi\u00e9n es pensamiento Y entonces, casi como [&hellip;]\" \/>\n<meta property=\"og:url\" content=\"https:\/\/viniciojarquin.com\/blog\/la-paz-3\/\" \/>\n<meta property=\"og:site_name\" content=\"MI BLOG\" \/>\n<meta property=\"article:publisher\" content=\"https:\/\/www.facebook.com\/vinicio.jarquin\" \/>\n<meta property=\"article:author\" content=\"https:\/\/www.facebook.com\/vinicio.jarquin\" \/>\n<meta property=\"article:published_time\" content=\"2026-04-13T01:46:22+00:00\" \/>\n<meta property=\"article:modified_time\" content=\"2026-04-13T01:51:26+00:00\" \/>\n<meta property=\"og:image\" content=\"https:\/\/viniciojarquin.com\/blog\/wp-content\/uploads\/2026\/04\/La-paz-Oscar-Arias-Sanchez-2.jpg\" \/>\n\t<meta property=\"og:image:width\" content=\"1024\" \/>\n\t<meta property=\"og:image:height\" content=\"1536\" \/>\n\t<meta property=\"og:image:type\" content=\"image\/jpeg\" \/>\n<meta name=\"author\" content=\"Vinicio Jarqu\u00edn\" \/>\n<meta name=\"twitter:card\" content=\"summary_large_image\" \/>\n<meta name=\"twitter:label1\" content=\"Escrito por\" \/>\n\t<meta name=\"twitter:data1\" content=\"Vinicio Jarqu\u00edn\" \/>\n\t<meta name=\"twitter:label2\" content=\"Tiempo de lectura\" \/>\n\t<meta name=\"twitter:data2\" content=\"4 minutos\" \/>\n<script type=\"application\/ld+json\" class=\"yoast-schema-graph\">{\"@context\":\"https:\/\/schema.org\",\"@graph\":[{\"@type\":\"Article\",\"@id\":\"https:\/\/viniciojarquin.com\/blog\/la-paz-3\/#article\",\"isPartOf\":{\"@id\":\"https:\/\/viniciojarquin.com\/blog\/la-paz-3\/\"},\"author\":{\"name\":\"Vinicio Jarqu\u00edn\",\"@id\":\"https:\/\/viniciojarquin.com\/blog\/#\/schema\/person\/90100c8845ae55462ec0657d3d2f8d3b\"},\"headline\":\"LA PAZ &#8211; II\",\"datePublished\":\"2026-04-13T01:46:22+00:00\",\"dateModified\":\"2026-04-13T01:51:26+00:00\",\"mainEntityOfPage\":{\"@id\":\"https:\/\/viniciojarquin.com\/blog\/la-paz-3\/\"},\"wordCount\":758,\"commentCount\":0,\"publisher\":{\"@id\":\"https:\/\/viniciojarquin.com\/blog\/#\/schema\/person\/90100c8845ae55462ec0657d3d2f8d3b\"},\"image\":{\"@id\":\"https:\/\/viniciojarquin.com\/blog\/la-paz-3\/#primaryimage\"},\"thumbnailUrl\":\"https:\/\/viniciojarquin.com\/blog\/wp-content\/uploads\/2026\/04\/La-paz-Oscar-Arias-Sanchez-2.jpg\",\"articleSection\":[\"Escritos generales\"],\"inLanguage\":\"es\",\"potentialAction\":[{\"@type\":\"CommentAction\",\"name\":\"Comment\",\"target\":[\"https:\/\/viniciojarquin.com\/blog\/la-paz-3\/#respond\"]}]},{\"@type\":\"WebPage\",\"@id\":\"https:\/\/viniciojarquin.com\/blog\/la-paz-3\/\",\"url\":\"https:\/\/viniciojarquin.com\/blog\/la-paz-3\/\",\"name\":\"LA PAZ - II - MI BLOG\",\"isPartOf\":{\"@id\":\"https:\/\/viniciojarquin.com\/blog\/#website\"},\"primaryImageOfPage\":{\"@id\":\"https:\/\/viniciojarquin.com\/blog\/la-paz-3\/#primaryimage\"},\"image\":{\"@id\":\"https:\/\/viniciojarquin.com\/blog\/la-paz-3\/#primaryimage\"},\"thumbnailUrl\":\"https:\/\/viniciojarquin.com\/blog\/wp-content\/uploads\/2026\/04\/La-paz-Oscar-Arias-Sanchez-2.jpg\",\"datePublished\":\"2026-04-13T01:46:22+00:00\",\"dateModified\":\"2026-04-13T01:51:26+00:00\",\"breadcrumb\":{\"@id\":\"https:\/\/viniciojarquin.com\/blog\/la-paz-3\/#breadcrumb\"},\"inLanguage\":\"es\",\"potentialAction\":[{\"@type\":\"ReadAction\",\"target\":[\"https:\/\/viniciojarquin.com\/blog\/la-paz-3\/\"]}]},{\"@type\":\"ImageObject\",\"inLanguage\":\"es\",\"@id\":\"https:\/\/viniciojarquin.com\/blog\/la-paz-3\/#primaryimage\",\"url\":\"https:\/\/viniciojarquin.com\/blog\/wp-content\/uploads\/2026\/04\/La-paz-Oscar-Arias-Sanchez-2.jpg\",\"contentUrl\":\"https:\/\/viniciojarquin.com\/blog\/wp-content\/uploads\/2026\/04\/La-paz-Oscar-Arias-Sanchez-2.jpg\",\"width\":1024,\"height\":1536},{\"@type\":\"BreadcrumbList\",\"@id\":\"https:\/\/viniciojarquin.com\/blog\/la-paz-3\/#breadcrumb\",\"itemListElement\":[{\"@type\":\"ListItem\",\"position\":1,\"name\":\"Portada\",\"item\":\"https:\/\/viniciojarquin.com\/blog\/\"},{\"@type\":\"ListItem\",\"position\":2,\"name\":\"LA PAZ &#8211; II\"}]},{\"@type\":\"WebSite\",\"@id\":\"https:\/\/viniciojarquin.com\/blog\/#website\",\"url\":\"https:\/\/viniciojarquin.com\/blog\/\",\"name\":\"Vinicio Jarqu\u00edn BLOG\",\"description\":\"\",\"publisher\":{\"@id\":\"https:\/\/viniciojarquin.com\/blog\/#\/schema\/person\/90100c8845ae55462ec0657d3d2f8d3b\"},\"potentialAction\":[{\"@type\":\"SearchAction\",\"target\":{\"@type\":\"EntryPoint\",\"urlTemplate\":\"https:\/\/viniciojarquin.com\/blog\/?s={search_term_string}\"},\"query-input\":{\"@type\":\"PropertyValueSpecification\",\"valueRequired\":true,\"valueName\":\"search_term_string\"}}],\"inLanguage\":\"es\"},{\"@type\":[\"Person\",\"Organization\"],\"@id\":\"https:\/\/viniciojarquin.com\/blog\/#\/schema\/person\/90100c8845ae55462ec0657d3d2f8d3b\",\"name\":\"Vinicio Jarqu\u00edn\",\"image\":{\"@type\":\"ImageObject\",\"inLanguage\":\"es\",\"@id\":\"https:\/\/viniciojarquin.com\/blog\/#\/schema\/person\/image\/\",\"url\":\"https:\/\/viniciojarquin.com\/blog\/wp-content\/uploads\/2024\/10\/Logo-VinicioJarquin-original-400.png\",\"contentUrl\":\"https:\/\/viniciojarquin.com\/blog\/wp-content\/uploads\/2024\/10\/Logo-VinicioJarquin-original-400.png\",\"width\":400,\"height\":130,\"caption\":\"Vinicio Jarqu\u00edn\"},\"logo\":{\"@id\":\"https:\/\/viniciojarquin.com\/blog\/#\/schema\/person\/image\/\"},\"description\":\"Empresario textil, artista pl\u00e1stico, escritor, coach de vida y fot\u00f3grafo.\",\"sameAs\":[\"https:\/\/viniciojarquin.com\/blog\",\"https:\/\/www.facebook.com\/vinicio.jarquin\",\"https:\/\/www.instagram.com\/vinicio_jarquin\/\",\"https:\/\/www.pinterest.com\/vinnyjc\/\",\"https:\/\/www.youtube.com\/@VinicioJarquin\"],\"url\":\"https:\/\/viniciojarquin.com\/blog\/author\/admin_s02au25i\/\"}]}<\/script>\n<!-- \/ Yoast SEO plugin. -->","yoast_head_json":{"title":"LA PAZ - II - MI BLOG","robots":{"index":"index","follow":"follow","max-snippet":"max-snippet:-1","max-image-preview":"max-image-preview:large","max-video-preview":"max-video-preview:-1"},"canonical":"https:\/\/viniciojarquin.com\/blog\/la-paz-3\/","og_locale":"es_ES","og_type":"article","og_title":"LA PAZ - II - MI BLOG","og_description":"La herencia de Oscar Arias S\u00e1nchez Su huella\u2026 Cap\u00edtulo II Cuando la paz tambi\u00e9n es pensamiento Y entonces, casi como [&hellip;]","og_url":"https:\/\/viniciojarquin.com\/blog\/la-paz-3\/","og_site_name":"MI BLOG","article_publisher":"https:\/\/www.facebook.com\/vinicio.jarquin","article_author":"https:\/\/www.facebook.com\/vinicio.jarquin","article_published_time":"2026-04-13T01:46:22+00:00","article_modified_time":"2026-04-13T01:51:26+00:00","og_image":[{"width":1024,"height":1536,"url":"https:\/\/viniciojarquin.com\/blog\/wp-content\/uploads\/2026\/04\/La-paz-Oscar-Arias-Sanchez-2.jpg","type":"image\/jpeg"}],"author":"Vinicio Jarqu\u00edn","twitter_card":"summary_large_image","twitter_misc":{"Escrito por":"Vinicio Jarqu\u00edn","Tiempo de lectura":"4 minutos"},"schema":{"@context":"https:\/\/schema.org","@graph":[{"@type":"Article","@id":"https:\/\/viniciojarquin.com\/blog\/la-paz-3\/#article","isPartOf":{"@id":"https:\/\/viniciojarquin.com\/blog\/la-paz-3\/"},"author":{"name":"Vinicio Jarqu\u00edn","@id":"https:\/\/viniciojarquin.com\/blog\/#\/schema\/person\/90100c8845ae55462ec0657d3d2f8d3b"},"headline":"LA PAZ &#8211; II","datePublished":"2026-04-13T01:46:22+00:00","dateModified":"2026-04-13T01:51:26+00:00","mainEntityOfPage":{"@id":"https:\/\/viniciojarquin.com\/blog\/la-paz-3\/"},"wordCount":758,"commentCount":0,"publisher":{"@id":"https:\/\/viniciojarquin.com\/blog\/#\/schema\/person\/90100c8845ae55462ec0657d3d2f8d3b"},"image":{"@id":"https:\/\/viniciojarquin.com\/blog\/la-paz-3\/#primaryimage"},"thumbnailUrl":"https:\/\/viniciojarquin.com\/blog\/wp-content\/uploads\/2026\/04\/La-paz-Oscar-Arias-Sanchez-2.jpg","articleSection":["Escritos generales"],"inLanguage":"es","potentialAction":[{"@type":"CommentAction","name":"Comment","target":["https:\/\/viniciojarquin.com\/blog\/la-paz-3\/#respond"]}]},{"@type":"WebPage","@id":"https:\/\/viniciojarquin.com\/blog\/la-paz-3\/","url":"https:\/\/viniciojarquin.com\/blog\/la-paz-3\/","name":"LA PAZ - II - MI BLOG","isPartOf":{"@id":"https:\/\/viniciojarquin.com\/blog\/#website"},"primaryImageOfPage":{"@id":"https:\/\/viniciojarquin.com\/blog\/la-paz-3\/#primaryimage"},"image":{"@id":"https:\/\/viniciojarquin.com\/blog\/la-paz-3\/#primaryimage"},"thumbnailUrl":"https:\/\/viniciojarquin.com\/blog\/wp-content\/uploads\/2026\/04\/La-paz-Oscar-Arias-Sanchez-2.jpg","datePublished":"2026-04-13T01:46:22+00:00","dateModified":"2026-04-13T01:51:26+00:00","breadcrumb":{"@id":"https:\/\/viniciojarquin.com\/blog\/la-paz-3\/#breadcrumb"},"inLanguage":"es","potentialAction":[{"@type":"ReadAction","target":["https:\/\/viniciojarquin.com\/blog\/la-paz-3\/"]}]},{"@type":"ImageObject","inLanguage":"es","@id":"https:\/\/viniciojarquin.com\/blog\/la-paz-3\/#primaryimage","url":"https:\/\/viniciojarquin.com\/blog\/wp-content\/uploads\/2026\/04\/La-paz-Oscar-Arias-Sanchez-2.jpg","contentUrl":"https:\/\/viniciojarquin.com\/blog\/wp-content\/uploads\/2026\/04\/La-paz-Oscar-Arias-Sanchez-2.jpg","width":1024,"height":1536},{"@type":"BreadcrumbList","@id":"https:\/\/viniciojarquin.com\/blog\/la-paz-3\/#breadcrumb","itemListElement":[{"@type":"ListItem","position":1,"name":"Portada","item":"https:\/\/viniciojarquin.com\/blog\/"},{"@type":"ListItem","position":2,"name":"LA PAZ &#8211; II"}]},{"@type":"WebSite","@id":"https:\/\/viniciojarquin.com\/blog\/#website","url":"https:\/\/viniciojarquin.com\/blog\/","name":"Vinicio Jarqu\u00edn BLOG","description":"","publisher":{"@id":"https:\/\/viniciojarquin.com\/blog\/#\/schema\/person\/90100c8845ae55462ec0657d3d2f8d3b"},"potentialAction":[{"@type":"SearchAction","target":{"@type":"EntryPoint","urlTemplate":"https:\/\/viniciojarquin.com\/blog\/?s={search_term_string}"},"query-input":{"@type":"PropertyValueSpecification","valueRequired":true,"valueName":"search_term_string"}}],"inLanguage":"es"},{"@type":["Person","Organization"],"@id":"https:\/\/viniciojarquin.com\/blog\/#\/schema\/person\/90100c8845ae55462ec0657d3d2f8d3b","name":"Vinicio Jarqu\u00edn","image":{"@type":"ImageObject","inLanguage":"es","@id":"https:\/\/viniciojarquin.com\/blog\/#\/schema\/person\/image\/","url":"https:\/\/viniciojarquin.com\/blog\/wp-content\/uploads\/2024\/10\/Logo-VinicioJarquin-original-400.png","contentUrl":"https:\/\/viniciojarquin.com\/blog\/wp-content\/uploads\/2024\/10\/Logo-VinicioJarquin-original-400.png","width":400,"height":130,"caption":"Vinicio Jarqu\u00edn"},"logo":{"@id":"https:\/\/viniciojarquin.com\/blog\/#\/schema\/person\/image\/"},"description":"Empresario textil, artista pl\u00e1stico, escritor, coach de vida y fot\u00f3grafo.","sameAs":["https:\/\/viniciojarquin.com\/blog","https:\/\/www.facebook.com\/vinicio.jarquin","https:\/\/www.instagram.com\/vinicio_jarquin\/","https:\/\/www.pinterest.com\/vinnyjc\/","https:\/\/www.youtube.com\/@VinicioJarquin"],"url":"https:\/\/viniciojarquin.com\/blog\/author\/admin_s02au25i\/"}]}},"blog_post_layout_featured_media_urls":{"thumbnail":["https:\/\/viniciojarquin.com\/blog\/wp-content\/uploads\/2026\/04\/La-paz-Oscar-Arias-Sanchez-2-150x150.jpg",150,150,true],"full":["https:\/\/viniciojarquin.com\/blog\/wp-content\/uploads\/2026\/04\/La-paz-Oscar-Arias-Sanchez-2.jpg",1024,1536,false]},"categories_names":{"9":{"name":"Escritos generales","link":"https:\/\/viniciojarquin.com\/blog\/category\/mis-escritos\/"}},"tags_names":[],"comments_number":"0","_links":{"self":[{"href":"https:\/\/viniciojarquin.com\/blog\/wp-json\/wp\/v2\/posts\/3366","targetHints":{"allow":["GET"]}}],"collection":[{"href":"https:\/\/viniciojarquin.com\/blog\/wp-json\/wp\/v2\/posts"}],"about":[{"href":"https:\/\/viniciojarquin.com\/blog\/wp-json\/wp\/v2\/types\/post"}],"author":[{"embeddable":true,"href":"https:\/\/viniciojarquin.com\/blog\/wp-json\/wp\/v2\/users\/1"}],"replies":[{"embeddable":true,"href":"https:\/\/viniciojarquin.com\/blog\/wp-json\/wp\/v2\/comments?post=3366"}],"version-history":[{"count":2,"href":"https:\/\/viniciojarquin.com\/blog\/wp-json\/wp\/v2\/posts\/3366\/revisions"}],"predecessor-version":[{"id":3378,"href":"https:\/\/viniciojarquin.com\/blog\/wp-json\/wp\/v2\/posts\/3366\/revisions\/3378"}],"wp:featuredmedia":[{"embeddable":true,"href":"https:\/\/viniciojarquin.com\/blog\/wp-json\/wp\/v2\/media\/3370"}],"wp:attachment":[{"href":"https:\/\/viniciojarquin.com\/blog\/wp-json\/wp\/v2\/media?parent=3366"}],"wp:term":[{"taxonomy":"category","embeddable":true,"href":"https:\/\/viniciojarquin.com\/blog\/wp-json\/wp\/v2\/categories?post=3366"},{"taxonomy":"post_tag","embeddable":true,"href":"https:\/\/viniciojarquin.com\/blog\/wp-json\/wp\/v2\/tags?post=3366"}],"curies":[{"name":"wp","href":"https:\/\/api.w.org\/{rel}","templated":true}]}}