{"id":3367,"date":"2026-04-13T01:46:05","date_gmt":"2026-04-13T01:46:05","guid":{"rendered":"https:\/\/viniciojarquin.com\/blog\/?p=3367"},"modified":"2026-04-13T01:51:29","modified_gmt":"2026-04-13T01:51:29","slug":"la-paz-2","status":"publish","type":"post","link":"https:\/\/viniciojarquin.com\/blog\/la-paz-2\/","title":{"rendered":"LA PAZ &#8211; III"},"content":{"rendered":"\n<p><strong>La herencia de Oscar Arias S\u00e1nchez<\/strong><\/p>\n\n\n\n<p><strong>Su huella\u2026<\/strong><\/p>\n\n\n\n<p><strong>Cap\u00edtulo III<\/strong><\/p>\n\n\n\n<p><strong>El valor de un \u201cno\u201d<\/strong><\/p>\n\n\n\n<figure class=\"wp-block-image size-large\"><img decoding=\"async\" width=\"683\" height=\"1024\" data-src=\"https:\/\/viniciojarquin.com\/blog\/wp-content\/uploads\/2026\/04\/La-paz-Oscar-Arias-Sanchez-3-683x1024.jpg\" alt=\"\" class=\"wp-image-3371 lazyload\" data-srcset=\"https:\/\/viniciojarquin.com\/blog\/wp-content\/uploads\/2026\/04\/La-paz-Oscar-Arias-Sanchez-3-683x1024.jpg 683w, https:\/\/viniciojarquin.com\/blog\/wp-content\/uploads\/2026\/04\/La-paz-Oscar-Arias-Sanchez-3-200x300.jpg 200w, https:\/\/viniciojarquin.com\/blog\/wp-content\/uploads\/2026\/04\/La-paz-Oscar-Arias-Sanchez-3-768x1152.jpg 768w, https:\/\/viniciojarquin.com\/blog\/wp-content\/uploads\/2026\/04\/La-paz-Oscar-Arias-Sanchez-3.jpg 1024w\" data-sizes=\"(max-width: 683px) 100vw, 683px\" src=\"data:image\/svg+xml;base64,PHN2ZyB3aWR0aD0iMSIgaGVpZ2h0PSIxIiB4bWxucz0iaHR0cDovL3d3dy53My5vcmcvMjAwMC9zdmciPjwvc3ZnPg==\" style=\"--smush-placeholder-width: 683px; --smush-placeholder-aspect-ratio: 683\/1024;\" \/><\/figure>\n\n\n\n<p>Y es en ese punto \u2014cuando la paz ya no es solo idea ni solo cultura, sino una exigencia que pide coherencia\u2014 que aparece otra capa de comprensi\u00f3n. No desde la teor\u00eda, no desde la reflexi\u00f3n abstracta, sino desde un momento concreto donde todo eso tuvo que ponerse en pr\u00e1ctica. Y ah\u00ed es donde me encuentro con un texto de Carlos Revilla Maroto que no describe la paz\u2026 la muestra en tensi\u00f3n. La coloca en un escenario real, con presiones reales, con consecuencias reales. Y eso cambia completamente el tono de la conversaci\u00f3n.<\/p>\n\n\n\n<p>Porque una cosa es hablar de paz cuando no hay nada que perder, cuando todo est\u00e1 relativamente en calma, cuando el costo es bajo. Pero otra muy distinta es sostenerla cuando hay fuerzas externas empujando en direcci\u00f3n contraria, cuando hay intereses geopol\u00edticos en juego, cuando decir \u201cs\u00ed\u201d podr\u00eda facilitarlo todo\u2026 y decir \u201cno\u201d lo complica todo. Y es ah\u00ed donde la paz deja de ser un concepto noble y se convierte en una decisi\u00f3n inc\u00f3moda, incluso riesgosa.<\/p>\n\n\n\n<p>Lo que este episodio revela \u2014y que trasciende los nombres, las fechas y los contextos espec\u00edficos\u2014 es algo profundamente humano: sostener la paz tambi\u00e9n implica resistir. Implica poner l\u00edmites. Implica, en ciertos momentos, decir \u201cno\u201d con claridad, con firmeza, sin ambig\u00fcedad. No desde la confrontaci\u00f3n agresiva, sino desde una convicci\u00f3n interna que no se negocia cuando lo que est\u00e1 en juego es m\u00e1s grande que la conveniencia inmediata.<\/p>\n\n\n\n<p>En aquel momento, Centroam\u00e9rica no era un escenario neutral. Era un espacio cargado de tensiones ideol\u00f3gicas, de intereses cruzados, de din\u00e1micas que muchas veces ignoraban la realidad humana de quienes viv\u00edan ah\u00ed. Y en medio de ese contexto, Costa Rica no era un actor aislado. Era un pa\u00eds peque\u00f1o, expuesto, presionado, colocado en una posici\u00f3n donde alinearse con una de las fuerzas dominantes parec\u00eda lo m\u00e1s l\u00f3gico, lo m\u00e1s pr\u00e1ctico, incluso lo m\u00e1s seguro. Pero no fue eso lo que ocurri\u00f3.<\/p>\n\n\n\n<p>Lo que emerge de esta lectura \u2014y que a m\u00ed me resulta imposible ignorar\u2014 es la dimensi\u00f3n \u00e9tica de una decisi\u00f3n que, vista desde fuera, podr\u00eda parecer simplemente pol\u00edtica. Porque no se trataba solo de una estrategia, ni de un c\u00e1lculo diplom\u00e1tico. Se trataba de una postura. De una manera de entender el rol de un pa\u00eds frente a un conflicto que no le pertenec\u00eda, pero que amenazaba con arrastrarlo. Y en ese punto, la paz deja de ser una aspiraci\u00f3n para convertirse en una responsabilidad.<\/p>\n\n\n\n<p>Decir \u201cno\u201d en ese contexto no era c\u00f3modo. No era gratuito. No era simb\u00f3lico. Ten\u00eda consecuencias. Implicaba tensiones, incomodidades, posibles represalias. Implicaba sostener una decisi\u00f3n incluso cuando el entorno presionaba en sentido contrario. Y eso es lo que le da peso a ese momento. No el gesto en s\u00ed, sino lo que hab\u00eda detr\u00e1s: la capacidad de mantenerse firme cuando ceder hubiera sido m\u00e1s f\u00e1cil.<\/p>\n\n\n\n<p>Y ah\u00ed es donde todo empieza a conectarse.<\/p>\n\n\n\n<p>Porque la paz, entendida como construcci\u00f3n, como cultura, como pensamiento\u2026 encuentra aqu\u00ed su prueba m\u00e1s exigente: la acci\u00f3n. Ya no basta con comprenderla, ni con valorarla, ni con promoverla desde el discurso. Llega un punto en el que hay que sostenerla. Defenderla. Encarnarla, incluso cuando hacerlo tiene un costo.<\/p>\n\n\n\n<p>Y cuando uno logra ver eso \u2014cuando logra dimensionar lo que implica realmente actuar desde ese lugar\u2014 aparece una sensaci\u00f3n dif\u00edcil de ignorar. No de idealizaci\u00f3n, no de admiraci\u00f3n ciega, sino de contraste. Porque inevitablemente surge una pregunta que empieza a incomodar:<\/p>\n\n\n\n<p>Si hemos sido capaces de esto\u2026 \u00bfqu\u00e9 nos est\u00e1 pasando ahora?<\/p>\n\n\n\n<p>\u00bfC\u00f3mo pasamos de decisiones que exig\u00edan car\u00e1cter, visi\u00f3n y coherencia\u2026 a din\u00e1micas donde muchas veces lo que domina es el insulto, la humillaci\u00f3n, la descalificaci\u00f3n y, con mucha frecuencia, la difamaci\u00f3n?<\/p>\n\n\n\n<p>Y es ah\u00ed\u2026 donde la conversaci\u00f3n cambia.<\/p>\n","protected":false},"excerpt":{"rendered":"<p>La herencia de Oscar Arias S\u00e1nchez Su huella\u2026 Cap\u00edtulo III El valor de un \u201cno\u201d Y es en ese punto [&hellip;]<\/p>\n","protected":false},"author":1,"featured_media":3371,"comment_status":"open","ping_status":"open","sticky":false,"template":"","format":"standard","meta":{"site-sidebar-layout":"default","site-content-layout":"","ast-site-content-layout":"","site-content-style":"default","site-sidebar-style":"default","ast-global-header-display":"","ast-banner-title-visibility":"","ast-main-header-display":"","ast-hfb-above-header-display":"","ast-hfb-below-header-display":"","ast-hfb-mobile-header-display":"","site-post-title":"","ast-breadcrumbs-content":"","ast-featured-img":"","footer-sml-layout":"","theme-transparent-header-meta":"","adv-header-id-meta":"","stick-header-meta":"","header-above-stick-meta":"","header-main-stick-meta":"","header-below-stick-meta":"","astra-migrate-meta-layouts":"default","ast-page-background-enabled":"default","ast-page-background-meta":{"desktop":{"background-color":"var(--ast-global-color-5)","background-image":"","background-repeat":"repeat","background-position":"center center","background-size":"auto","background-attachment":"scroll","background-type":"","background-media":"","overlay-type":"","overlay-color":"","overlay-opacity":"","overlay-gradient":""},"tablet":{"background-color":"","background-image":"","background-repeat":"repeat","background-position":"center center","background-size":"auto","background-attachment":"scroll","background-type":"","background-media":"","overlay-type":"","overlay-color":"","overlay-opacity":"","overlay-gradient":""},"mobile":{"background-color":"","background-image":"","background-repeat":"repeat","background-position":"center center","background-size":"auto","background-attachment":"scroll","background-type":"","background-media":"","overlay-type":"","overlay-color":"","overlay-opacity":"","overlay-gradient":""}},"ast-content-background-meta":{"desktop":{"background-color":"var(--ast-global-color-4)","background-image":"","background-repeat":"repeat","background-position":"center center","background-size":"auto","background-attachment":"scroll","background-type":"","background-media":"","overlay-type":"","overlay-color":"","overlay-opacity":"","overlay-gradient":""},"tablet":{"background-color":"var(--ast-global-color-4)","background-image":"","background-repeat":"repeat","background-position":"center center","background-size":"auto","background-attachment":"scroll","background-type":"","background-media":"","overlay-type":"","overlay-color":"","overlay-opacity":"","overlay-gradient":""},"mobile":{"background-color":"var(--ast-global-color-4)","background-image":"","background-repeat":"repeat","background-position":"center center","background-size":"auto","background-attachment":"scroll","background-type":"","background-media":"","overlay-type":"","overlay-color":"","overlay-opacity":"","overlay-gradient":""}},"footnotes":""},"categories":[9],"tags":[],"class_list":["post-3367","post","type-post","status-publish","format-standard","has-post-thumbnail","hentry","category-mis-escritos"],"yoast_head":"<!-- This site is optimized with the Yoast SEO plugin v26.0 - https:\/\/yoast.com\/wordpress\/plugins\/seo\/ -->\n<title>LA PAZ - III - MI BLOG<\/title>\n<meta name=\"robots\" content=\"index, follow, max-snippet:-1, max-image-preview:large, max-video-preview:-1\" \/>\n<link rel=\"canonical\" href=\"https:\/\/viniciojarquin.com\/blog\/la-paz-2\/\" \/>\n<meta property=\"og:locale\" content=\"es_ES\" \/>\n<meta property=\"og:type\" content=\"article\" \/>\n<meta property=\"og:title\" content=\"LA PAZ - III - MI BLOG\" \/>\n<meta property=\"og:description\" content=\"La herencia de Oscar Arias S\u00e1nchez Su huella\u2026 Cap\u00edtulo III El valor de un \u201cno\u201d Y es en ese punto [&hellip;]\" \/>\n<meta property=\"og:url\" content=\"https:\/\/viniciojarquin.com\/blog\/la-paz-2\/\" \/>\n<meta property=\"og:site_name\" content=\"MI BLOG\" \/>\n<meta property=\"article:publisher\" content=\"https:\/\/www.facebook.com\/vinicio.jarquin\" \/>\n<meta property=\"article:author\" content=\"https:\/\/www.facebook.com\/vinicio.jarquin\" \/>\n<meta property=\"article:published_time\" content=\"2026-04-13T01:46:05+00:00\" \/>\n<meta property=\"article:modified_time\" content=\"2026-04-13T01:51:29+00:00\" \/>\n<meta property=\"og:image\" content=\"https:\/\/viniciojarquin.com\/blog\/wp-content\/uploads\/2026\/04\/La-paz-Oscar-Arias-Sanchez-3.jpg\" \/>\n\t<meta property=\"og:image:width\" content=\"1024\" \/>\n\t<meta property=\"og:image:height\" content=\"1536\" \/>\n\t<meta property=\"og:image:type\" content=\"image\/jpeg\" \/>\n<meta name=\"author\" content=\"Vinicio Jarqu\u00edn\" \/>\n<meta name=\"twitter:card\" content=\"summary_large_image\" \/>\n<meta name=\"twitter:label1\" content=\"Escrito por\" \/>\n\t<meta name=\"twitter:data1\" content=\"Vinicio Jarqu\u00edn\" \/>\n\t<meta name=\"twitter:label2\" content=\"Tiempo de lectura\" \/>\n\t<meta name=\"twitter:data2\" content=\"4 minutos\" \/>\n<script type=\"application\/ld+json\" class=\"yoast-schema-graph\">{\"@context\":\"https:\/\/schema.org\",\"@graph\":[{\"@type\":\"Article\",\"@id\":\"https:\/\/viniciojarquin.com\/blog\/la-paz-2\/#article\",\"isPartOf\":{\"@id\":\"https:\/\/viniciojarquin.com\/blog\/la-paz-2\/\"},\"author\":{\"name\":\"Vinicio Jarqu\u00edn\",\"@id\":\"https:\/\/viniciojarquin.com\/blog\/#\/schema\/person\/90100c8845ae55462ec0657d3d2f8d3b\"},\"headline\":\"LA PAZ &#8211; III\",\"datePublished\":\"2026-04-13T01:46:05+00:00\",\"dateModified\":\"2026-04-13T01:51:29+00:00\",\"mainEntityOfPage\":{\"@id\":\"https:\/\/viniciojarquin.com\/blog\/la-paz-2\/\"},\"wordCount\":703,\"commentCount\":0,\"publisher\":{\"@id\":\"https:\/\/viniciojarquin.com\/blog\/#\/schema\/person\/90100c8845ae55462ec0657d3d2f8d3b\"},\"image\":{\"@id\":\"https:\/\/viniciojarquin.com\/blog\/la-paz-2\/#primaryimage\"},\"thumbnailUrl\":\"https:\/\/viniciojarquin.com\/blog\/wp-content\/uploads\/2026\/04\/La-paz-Oscar-Arias-Sanchez-3.jpg\",\"articleSection\":[\"Escritos generales\"],\"inLanguage\":\"es\",\"potentialAction\":[{\"@type\":\"CommentAction\",\"name\":\"Comment\",\"target\":[\"https:\/\/viniciojarquin.com\/blog\/la-paz-2\/#respond\"]}]},{\"@type\":\"WebPage\",\"@id\":\"https:\/\/viniciojarquin.com\/blog\/la-paz-2\/\",\"url\":\"https:\/\/viniciojarquin.com\/blog\/la-paz-2\/\",\"name\":\"LA PAZ - III - MI BLOG\",\"isPartOf\":{\"@id\":\"https:\/\/viniciojarquin.com\/blog\/#website\"},\"primaryImageOfPage\":{\"@id\":\"https:\/\/viniciojarquin.com\/blog\/la-paz-2\/#primaryimage\"},\"image\":{\"@id\":\"https:\/\/viniciojarquin.com\/blog\/la-paz-2\/#primaryimage\"},\"thumbnailUrl\":\"https:\/\/viniciojarquin.com\/blog\/wp-content\/uploads\/2026\/04\/La-paz-Oscar-Arias-Sanchez-3.jpg\",\"datePublished\":\"2026-04-13T01:46:05+00:00\",\"dateModified\":\"2026-04-13T01:51:29+00:00\",\"breadcrumb\":{\"@id\":\"https:\/\/viniciojarquin.com\/blog\/la-paz-2\/#breadcrumb\"},\"inLanguage\":\"es\",\"potentialAction\":[{\"@type\":\"ReadAction\",\"target\":[\"https:\/\/viniciojarquin.com\/blog\/la-paz-2\/\"]}]},{\"@type\":\"ImageObject\",\"inLanguage\":\"es\",\"@id\":\"https:\/\/viniciojarquin.com\/blog\/la-paz-2\/#primaryimage\",\"url\":\"https:\/\/viniciojarquin.com\/blog\/wp-content\/uploads\/2026\/04\/La-paz-Oscar-Arias-Sanchez-3.jpg\",\"contentUrl\":\"https:\/\/viniciojarquin.com\/blog\/wp-content\/uploads\/2026\/04\/La-paz-Oscar-Arias-Sanchez-3.jpg\",\"width\":1024,\"height\":1536},{\"@type\":\"BreadcrumbList\",\"@id\":\"https:\/\/viniciojarquin.com\/blog\/la-paz-2\/#breadcrumb\",\"itemListElement\":[{\"@type\":\"ListItem\",\"position\":1,\"name\":\"Portada\",\"item\":\"https:\/\/viniciojarquin.com\/blog\/\"},{\"@type\":\"ListItem\",\"position\":2,\"name\":\"LA PAZ &#8211; III\"}]},{\"@type\":\"WebSite\",\"@id\":\"https:\/\/viniciojarquin.com\/blog\/#website\",\"url\":\"https:\/\/viniciojarquin.com\/blog\/\",\"name\":\"Vinicio Jarqu\u00edn BLOG\",\"description\":\"\",\"publisher\":{\"@id\":\"https:\/\/viniciojarquin.com\/blog\/#\/schema\/person\/90100c8845ae55462ec0657d3d2f8d3b\"},\"potentialAction\":[{\"@type\":\"SearchAction\",\"target\":{\"@type\":\"EntryPoint\",\"urlTemplate\":\"https:\/\/viniciojarquin.com\/blog\/?s={search_term_string}\"},\"query-input\":{\"@type\":\"PropertyValueSpecification\",\"valueRequired\":true,\"valueName\":\"search_term_string\"}}],\"inLanguage\":\"es\"},{\"@type\":[\"Person\",\"Organization\"],\"@id\":\"https:\/\/viniciojarquin.com\/blog\/#\/schema\/person\/90100c8845ae55462ec0657d3d2f8d3b\",\"name\":\"Vinicio Jarqu\u00edn\",\"image\":{\"@type\":\"ImageObject\",\"inLanguage\":\"es\",\"@id\":\"https:\/\/viniciojarquin.com\/blog\/#\/schema\/person\/image\/\",\"url\":\"https:\/\/viniciojarquin.com\/blog\/wp-content\/uploads\/2024\/10\/Logo-VinicioJarquin-original-400.png\",\"contentUrl\":\"https:\/\/viniciojarquin.com\/blog\/wp-content\/uploads\/2024\/10\/Logo-VinicioJarquin-original-400.png\",\"width\":400,\"height\":130,\"caption\":\"Vinicio Jarqu\u00edn\"},\"logo\":{\"@id\":\"https:\/\/viniciojarquin.com\/blog\/#\/schema\/person\/image\/\"},\"description\":\"Empresario textil, artista pl\u00e1stico, escritor, coach de vida y fot\u00f3grafo.\",\"sameAs\":[\"https:\/\/viniciojarquin.com\/blog\",\"https:\/\/www.facebook.com\/vinicio.jarquin\",\"https:\/\/www.instagram.com\/vinicio_jarquin\/\",\"https:\/\/www.pinterest.com\/vinnyjc\/\",\"https:\/\/www.youtube.com\/@VinicioJarquin\"],\"url\":\"https:\/\/viniciojarquin.com\/blog\/author\/admin_s02au25i\/\"}]}<\/script>\n<!-- \/ Yoast SEO plugin. -->","yoast_head_json":{"title":"LA PAZ - III - MI BLOG","robots":{"index":"index","follow":"follow","max-snippet":"max-snippet:-1","max-image-preview":"max-image-preview:large","max-video-preview":"max-video-preview:-1"},"canonical":"https:\/\/viniciojarquin.com\/blog\/la-paz-2\/","og_locale":"es_ES","og_type":"article","og_title":"LA PAZ - III - MI BLOG","og_description":"La herencia de Oscar Arias S\u00e1nchez Su huella\u2026 Cap\u00edtulo III El valor de un \u201cno\u201d Y es en ese punto [&hellip;]","og_url":"https:\/\/viniciojarquin.com\/blog\/la-paz-2\/","og_site_name":"MI BLOG","article_publisher":"https:\/\/www.facebook.com\/vinicio.jarquin","article_author":"https:\/\/www.facebook.com\/vinicio.jarquin","article_published_time":"2026-04-13T01:46:05+00:00","article_modified_time":"2026-04-13T01:51:29+00:00","og_image":[{"width":1024,"height":1536,"url":"https:\/\/viniciojarquin.com\/blog\/wp-content\/uploads\/2026\/04\/La-paz-Oscar-Arias-Sanchez-3.jpg","type":"image\/jpeg"}],"author":"Vinicio Jarqu\u00edn","twitter_card":"summary_large_image","twitter_misc":{"Escrito por":"Vinicio Jarqu\u00edn","Tiempo de lectura":"4 minutos"},"schema":{"@context":"https:\/\/schema.org","@graph":[{"@type":"Article","@id":"https:\/\/viniciojarquin.com\/blog\/la-paz-2\/#article","isPartOf":{"@id":"https:\/\/viniciojarquin.com\/blog\/la-paz-2\/"},"author":{"name":"Vinicio Jarqu\u00edn","@id":"https:\/\/viniciojarquin.com\/blog\/#\/schema\/person\/90100c8845ae55462ec0657d3d2f8d3b"},"headline":"LA PAZ &#8211; III","datePublished":"2026-04-13T01:46:05+00:00","dateModified":"2026-04-13T01:51:29+00:00","mainEntityOfPage":{"@id":"https:\/\/viniciojarquin.com\/blog\/la-paz-2\/"},"wordCount":703,"commentCount":0,"publisher":{"@id":"https:\/\/viniciojarquin.com\/blog\/#\/schema\/person\/90100c8845ae55462ec0657d3d2f8d3b"},"image":{"@id":"https:\/\/viniciojarquin.com\/blog\/la-paz-2\/#primaryimage"},"thumbnailUrl":"https:\/\/viniciojarquin.com\/blog\/wp-content\/uploads\/2026\/04\/La-paz-Oscar-Arias-Sanchez-3.jpg","articleSection":["Escritos generales"],"inLanguage":"es","potentialAction":[{"@type":"CommentAction","name":"Comment","target":["https:\/\/viniciojarquin.com\/blog\/la-paz-2\/#respond"]}]},{"@type":"WebPage","@id":"https:\/\/viniciojarquin.com\/blog\/la-paz-2\/","url":"https:\/\/viniciojarquin.com\/blog\/la-paz-2\/","name":"LA PAZ - III - MI BLOG","isPartOf":{"@id":"https:\/\/viniciojarquin.com\/blog\/#website"},"primaryImageOfPage":{"@id":"https:\/\/viniciojarquin.com\/blog\/la-paz-2\/#primaryimage"},"image":{"@id":"https:\/\/viniciojarquin.com\/blog\/la-paz-2\/#primaryimage"},"thumbnailUrl":"https:\/\/viniciojarquin.com\/blog\/wp-content\/uploads\/2026\/04\/La-paz-Oscar-Arias-Sanchez-3.jpg","datePublished":"2026-04-13T01:46:05+00:00","dateModified":"2026-04-13T01:51:29+00:00","breadcrumb":{"@id":"https:\/\/viniciojarquin.com\/blog\/la-paz-2\/#breadcrumb"},"inLanguage":"es","potentialAction":[{"@type":"ReadAction","target":["https:\/\/viniciojarquin.com\/blog\/la-paz-2\/"]}]},{"@type":"ImageObject","inLanguage":"es","@id":"https:\/\/viniciojarquin.com\/blog\/la-paz-2\/#primaryimage","url":"https:\/\/viniciojarquin.com\/blog\/wp-content\/uploads\/2026\/04\/La-paz-Oscar-Arias-Sanchez-3.jpg","contentUrl":"https:\/\/viniciojarquin.com\/blog\/wp-content\/uploads\/2026\/04\/La-paz-Oscar-Arias-Sanchez-3.jpg","width":1024,"height":1536},{"@type":"BreadcrumbList","@id":"https:\/\/viniciojarquin.com\/blog\/la-paz-2\/#breadcrumb","itemListElement":[{"@type":"ListItem","position":1,"name":"Portada","item":"https:\/\/viniciojarquin.com\/blog\/"},{"@type":"ListItem","position":2,"name":"LA PAZ &#8211; III"}]},{"@type":"WebSite","@id":"https:\/\/viniciojarquin.com\/blog\/#website","url":"https:\/\/viniciojarquin.com\/blog\/","name":"Vinicio Jarqu\u00edn BLOG","description":"","publisher":{"@id":"https:\/\/viniciojarquin.com\/blog\/#\/schema\/person\/90100c8845ae55462ec0657d3d2f8d3b"},"potentialAction":[{"@type":"SearchAction","target":{"@type":"EntryPoint","urlTemplate":"https:\/\/viniciojarquin.com\/blog\/?s={search_term_string}"},"query-input":{"@type":"PropertyValueSpecification","valueRequired":true,"valueName":"search_term_string"}}],"inLanguage":"es"},{"@type":["Person","Organization"],"@id":"https:\/\/viniciojarquin.com\/blog\/#\/schema\/person\/90100c8845ae55462ec0657d3d2f8d3b","name":"Vinicio Jarqu\u00edn","image":{"@type":"ImageObject","inLanguage":"es","@id":"https:\/\/viniciojarquin.com\/blog\/#\/schema\/person\/image\/","url":"https:\/\/viniciojarquin.com\/blog\/wp-content\/uploads\/2024\/10\/Logo-VinicioJarquin-original-400.png","contentUrl":"https:\/\/viniciojarquin.com\/blog\/wp-content\/uploads\/2024\/10\/Logo-VinicioJarquin-original-400.png","width":400,"height":130,"caption":"Vinicio Jarqu\u00edn"},"logo":{"@id":"https:\/\/viniciojarquin.com\/blog\/#\/schema\/person\/image\/"},"description":"Empresario textil, artista pl\u00e1stico, escritor, coach de vida y fot\u00f3grafo.","sameAs":["https:\/\/viniciojarquin.com\/blog","https:\/\/www.facebook.com\/vinicio.jarquin","https:\/\/www.instagram.com\/vinicio_jarquin\/","https:\/\/www.pinterest.com\/vinnyjc\/","https:\/\/www.youtube.com\/@VinicioJarquin"],"url":"https:\/\/viniciojarquin.com\/blog\/author\/admin_s02au25i\/"}]}},"blog_post_layout_featured_media_urls":{"thumbnail":["https:\/\/viniciojarquin.com\/blog\/wp-content\/uploads\/2026\/04\/La-paz-Oscar-Arias-Sanchez-3-150x150.jpg",150,150,true],"full":["https:\/\/viniciojarquin.com\/blog\/wp-content\/uploads\/2026\/04\/La-paz-Oscar-Arias-Sanchez-3.jpg",1024,1536,false]},"categories_names":{"9":{"name":"Escritos generales","link":"https:\/\/viniciojarquin.com\/blog\/category\/mis-escritos\/"}},"tags_names":[],"comments_number":"0","_links":{"self":[{"href":"https:\/\/viniciojarquin.com\/blog\/wp-json\/wp\/v2\/posts\/3367","targetHints":{"allow":["GET"]}}],"collection":[{"href":"https:\/\/viniciojarquin.com\/blog\/wp-json\/wp\/v2\/posts"}],"about":[{"href":"https:\/\/viniciojarquin.com\/blog\/wp-json\/wp\/v2\/types\/post"}],"author":[{"embeddable":true,"href":"https:\/\/viniciojarquin.com\/blog\/wp-json\/wp\/v2\/users\/1"}],"replies":[{"embeddable":true,"href":"https:\/\/viniciojarquin.com\/blog\/wp-json\/wp\/v2\/comments?post=3367"}],"version-history":[{"count":2,"href":"https:\/\/viniciojarquin.com\/blog\/wp-json\/wp\/v2\/posts\/3367\/revisions"}],"predecessor-version":[{"id":3379,"href":"https:\/\/viniciojarquin.com\/blog\/wp-json\/wp\/v2\/posts\/3367\/revisions\/3379"}],"wp:featuredmedia":[{"embeddable":true,"href":"https:\/\/viniciojarquin.com\/blog\/wp-json\/wp\/v2\/media\/3371"}],"wp:attachment":[{"href":"https:\/\/viniciojarquin.com\/blog\/wp-json\/wp\/v2\/media?parent=3367"}],"wp:term":[{"taxonomy":"category","embeddable":true,"href":"https:\/\/viniciojarquin.com\/blog\/wp-json\/wp\/v2\/categories?post=3367"},{"taxonomy":"post_tag","embeddable":true,"href":"https:\/\/viniciojarquin.com\/blog\/wp-json\/wp\/v2\/tags?post=3367"}],"curies":[{"name":"wp","href":"https:\/\/api.w.org\/{rel}","templated":true}]}}