{"id":3368,"date":"2026-04-13T01:45:47","date_gmt":"2026-04-13T01:45:47","guid":{"rendered":"https:\/\/viniciojarquin.com\/blog\/?p=3368"},"modified":"2026-04-13T01:51:31","modified_gmt":"2026-04-13T01:51:31","slug":"la-paz","status":"publish","type":"post","link":"https:\/\/viniciojarquin.com\/blog\/la-paz\/","title":{"rendered":"LA PAZ &#8211; IV"},"content":{"rendered":"\n<p><strong>La herencia de Oscar Arias S\u00e1nchez<\/strong><\/p>\n\n\n\n<p><strong>Su huella\u2026<\/strong><\/p>\n\n\n\n<p><strong>Cap\u00edtulo IV<\/strong><\/p>\n\n\n\n<p><strong>Donde el legado permanece<\/strong><\/p>\n\n\n\n<figure class=\"wp-block-image size-large\"><img decoding=\"async\" width=\"683\" height=\"1024\" data-src=\"https:\/\/viniciojarquin.com\/blog\/wp-content\/uploads\/2026\/04\/La-paz-Oscar-Arias-Sanchez-4-683x1024.jpg\" alt=\"\" class=\"wp-image-3372 lazyload\" data-srcset=\"https:\/\/viniciojarquin.com\/blog\/wp-content\/uploads\/2026\/04\/La-paz-Oscar-Arias-Sanchez-4-683x1024.jpg 683w, https:\/\/viniciojarquin.com\/blog\/wp-content\/uploads\/2026\/04\/La-paz-Oscar-Arias-Sanchez-4-200x300.jpg 200w, https:\/\/viniciojarquin.com\/blog\/wp-content\/uploads\/2026\/04\/La-paz-Oscar-Arias-Sanchez-4-768x1152.jpg 768w, https:\/\/viniciojarquin.com\/blog\/wp-content\/uploads\/2026\/04\/La-paz-Oscar-Arias-Sanchez-4.jpg 1024w\" data-sizes=\"(max-width: 683px) 100vw, 683px\" src=\"data:image\/svg+xml;base64,PHN2ZyB3aWR0aD0iMSIgaGVpZ2h0PSIxIiB4bWxucz0iaHR0cDovL3d3dy53My5vcmcvMjAwMC9zdmciPjwvc3ZnPg==\" style=\"--smush-placeholder-width: 683px; --smush-placeholder-aspect-ratio: 683\/1024;\" \/><\/figure>\n\n\n\n<p>Y entonces, despu\u00e9s de recorrer estas ideas, despu\u00e9s de pasar por la paz como construcci\u00f3n, como cultura, como decisi\u00f3n\u2026 algo empieza a tomar forma con m\u00e1s claridad. No como una conclusi\u00f3n cerrada, sino como una comprensi\u00f3n m\u00e1s amplia. Porque al final, lo que queda no son solo los hechos, ni los momentos espec\u00edficos, ni las decisiones aisladas. Lo que queda es la huella. Y esa huella no siempre se mide en lo visible.<\/p>\n\n\n\n<p>Porque lo visible cambia. Se transforma. Se cuestiona. Se reinterpreta con el paso del tiempo. Pero hay algo que, cuando logra instalarse en lo profundo de una sociedad, trasciende todo eso. Algo que no depende de discursos del momento, ni de corrientes de opini\u00f3n, ni de la necesidad constante de validaci\u00f3n. Algo que simplemente permanece.<\/p>\n\n\n\n<p>Y es ah\u00ed donde el nombre de \u00d3scar Arias S\u00e1nchez deja de ser \u00fanicamente una referencia pol\u00edtica para convertirse en otra cosa. No en una figura intocable, no en un s\u00edmbolo perfecto, sino en un punto de encuentro entre ideas que han marcado una forma de entender la convivencia. Una forma que, m\u00e1s all\u00e1 de cualquier matiz, ha puesto la paz no como discurso conveniente, sino como eje.<\/p>\n\n\n\n<p>Porque hay algo que se vuelve evidente cuando uno observa con cierta distancia: las obras materiales pueden desaparecer, pueden ser superadas, pueden incluso ser olvidadas. Pero las ideas que logran arraigarse en la conciencia colectiva no siguen esa l\u00f3gica. No necesitan mantenerse vigentes\u2026 simplemente lo est\u00e1n. Porque ya no pertenecen a una persona, sino a una forma de ser.<\/p>\n\n\n\n<p>Y tal vez ah\u00ed est\u00e1 la diferencia.<\/p>\n\n\n\n<p>Porque no todos los liderazgos dejan ese tipo de marca. No todos logran trascender el momento en que existieron. Algunos se quedan en la an\u00e9cdota, en la coyuntura, en el ruido de su tiempo. Otros, en cambio, logran algo distinto. Logran convertirse en referencia. En punto de comparaci\u00f3n. En medida, incluso, para entender lo que viene despu\u00e9s.<\/p>\n\n\n\n<p>Y eso no significa ausencia de cr\u00edtica. No significa perfecci\u00f3n. Significa, m\u00e1s bien, que hay elementos que superan cualquier evaluaci\u00f3n puntual. Elementos que, aun en medio de contextos cambiantes, siguen teniendo peso.<\/p>\n\n\n\n<p>En un tiempo donde muchas conversaciones se quedan en la superficie, donde el an\u00e1lisis muchas veces se sustituye por reacci\u00f3n, donde lo inmediato desplaza lo profundo, detenerse a reconocer eso no es un acto de nostalgia. Es un acto de claridad.<\/p>\n\n\n\n<p>Porque reconocer no es rendirse. Reconocer no es dejar de pensar. Reconocer es, simplemente, ver.<\/p>\n\n\n\n<p>Y al final, m\u00e1s all\u00e1 de posiciones, m\u00e1s all\u00e1 de simpat\u00edas personales, m\u00e1s all\u00e1 incluso de la admiraci\u00f3n o el rechazo, hay algo que resulta dif\u00edcil de ignorar: hay nombres que se desgastan con el tiempo\u2026 y hay otros que, de una u otra forma, terminan formando parte de lo que somos.<\/p>\n\n\n\n<p>Y cuando eso ocurre, ya no estamos hablando de una figura.<\/p>\n\n\n\n<p>Estamos hablando de legado.<\/p>\n\n\n\n<p>Quiero terminar citando a Jacques Sagot:<\/p>\n\n\n\n<p><em>\u201cOscar Arias ocupar\u00e1 un lugar de privilegio en el nav\u00edo del porvenir\u201d<\/em><\/p>\n\n\n\n<p>Y tal vez es precisamente por eso que, en medio de la situaci\u00f3n actual, resulta inevitable recordar que hubo momentos en los que el liderazgo no se med\u00eda por la capacidad de imponerse, sino por la de escuchar, transigir y construir. Momentos en los que la palabra ten\u00eda peso\u2026 y tambi\u00e9n responsabilidad. Momentos en los que no se trataba solo de guiar y decidir, sino de comprender el alcance de cada decisi\u00f3n en la vida de un pa\u00eds entero.<\/p>\n\n\n\n<p>Liderazgos como el de \u00d3scar Arias S\u00e1nchez.<\/p>\n\n\n\n<p>No es nostalgia\u2026 es memoria.<\/p>\n\n\n\n<p>Y tal vez, en medio de tanto ruido, recordar eso\u2026 tambi\u00e9n es una forma de construir paz.<\/p>\n","protected":false},"excerpt":{"rendered":"<p>La herencia de Oscar Arias S\u00e1nchez Su huella\u2026 Cap\u00edtulo IV Donde el legado permanece Y entonces, despu\u00e9s de recorrer estas [&hellip;]<\/p>\n","protected":false},"author":1,"featured_media":3372,"comment_status":"open","ping_status":"open","sticky":false,"template":"","format":"standard","meta":{"site-sidebar-layout":"default","site-content-layout":"","ast-site-content-layout":"","site-content-style":"default","site-sidebar-style":"default","ast-global-header-display":"","ast-banner-title-visibility":"","ast-main-header-display":"","ast-hfb-above-header-display":"","ast-hfb-below-header-display":"","ast-hfb-mobile-header-display":"","site-post-title":"","ast-breadcrumbs-content":"","ast-featured-img":"","footer-sml-layout":"","theme-transparent-header-meta":"","adv-header-id-meta":"","stick-header-meta":"","header-above-stick-meta":"","header-main-stick-meta":"","header-below-stick-meta":"","astra-migrate-meta-layouts":"default","ast-page-background-enabled":"default","ast-page-background-meta":{"desktop":{"background-color":"var(--ast-global-color-5)","background-image":"","background-repeat":"repeat","background-position":"center center","background-size":"auto","background-attachment":"scroll","background-type":"","background-media":"","overlay-type":"","overlay-color":"","overlay-opacity":"","overlay-gradient":""},"tablet":{"background-color":"","background-image":"","background-repeat":"repeat","background-position":"center center","background-size":"auto","background-attachment":"scroll","background-type":"","background-media":"","overlay-type":"","overlay-color":"","overlay-opacity":"","overlay-gradient":""},"mobile":{"background-color":"","background-image":"","background-repeat":"repeat","background-position":"center center","background-size":"auto","background-attachment":"scroll","background-type":"","background-media":"","overlay-type":"","overlay-color":"","overlay-opacity":"","overlay-gradient":""}},"ast-content-background-meta":{"desktop":{"background-color":"var(--ast-global-color-4)","background-image":"","background-repeat":"repeat","background-position":"center center","background-size":"auto","background-attachment":"scroll","background-type":"","background-media":"","overlay-type":"","overlay-color":"","overlay-opacity":"","overlay-gradient":""},"tablet":{"background-color":"var(--ast-global-color-4)","background-image":"","background-repeat":"repeat","background-position":"center center","background-size":"auto","background-attachment":"scroll","background-type":"","background-media":"","overlay-type":"","overlay-color":"","overlay-opacity":"","overlay-gradient":""},"mobile":{"background-color":"var(--ast-global-color-4)","background-image":"","background-repeat":"repeat","background-position":"center center","background-size":"auto","background-attachment":"scroll","background-type":"","background-media":"","overlay-type":"","overlay-color":"","overlay-opacity":"","overlay-gradient":""}},"footnotes":""},"categories":[9],"tags":[],"class_list":["post-3368","post","type-post","status-publish","format-standard","has-post-thumbnail","hentry","category-mis-escritos"],"yoast_head":"<!-- This site is optimized with the Yoast SEO plugin v26.0 - https:\/\/yoast.com\/wordpress\/plugins\/seo\/ -->\n<title>LA PAZ - IV - MI BLOG<\/title>\n<meta name=\"robots\" content=\"index, follow, max-snippet:-1, max-image-preview:large, max-video-preview:-1\" \/>\n<link rel=\"canonical\" href=\"https:\/\/viniciojarquin.com\/blog\/la-paz\/\" \/>\n<meta property=\"og:locale\" content=\"es_ES\" \/>\n<meta property=\"og:type\" content=\"article\" \/>\n<meta property=\"og:title\" content=\"LA PAZ - IV - MI BLOG\" \/>\n<meta property=\"og:description\" content=\"La herencia de Oscar Arias S\u00e1nchez Su huella\u2026 Cap\u00edtulo IV Donde el legado permanece Y entonces, despu\u00e9s de recorrer estas [&hellip;]\" \/>\n<meta property=\"og:url\" content=\"https:\/\/viniciojarquin.com\/blog\/la-paz\/\" \/>\n<meta property=\"og:site_name\" content=\"MI BLOG\" \/>\n<meta property=\"article:publisher\" content=\"https:\/\/www.facebook.com\/vinicio.jarquin\" \/>\n<meta property=\"article:author\" content=\"https:\/\/www.facebook.com\/vinicio.jarquin\" \/>\n<meta property=\"article:published_time\" content=\"2026-04-13T01:45:47+00:00\" \/>\n<meta property=\"article:modified_time\" content=\"2026-04-13T01:51:31+00:00\" \/>\n<meta property=\"og:image\" content=\"https:\/\/viniciojarquin.com\/blog\/wp-content\/uploads\/2026\/04\/La-paz-Oscar-Arias-Sanchez-4.jpg\" \/>\n\t<meta property=\"og:image:width\" content=\"1024\" \/>\n\t<meta property=\"og:image:height\" content=\"1536\" \/>\n\t<meta property=\"og:image:type\" content=\"image\/jpeg\" \/>\n<meta name=\"author\" content=\"Vinicio Jarqu\u00edn\" \/>\n<meta name=\"twitter:card\" content=\"summary_large_image\" \/>\n<meta name=\"twitter:label1\" content=\"Escrito por\" \/>\n\t<meta name=\"twitter:data1\" content=\"Vinicio Jarqu\u00edn\" \/>\n\t<meta name=\"twitter:label2\" content=\"Tiempo de lectura\" \/>\n\t<meta name=\"twitter:data2\" content=\"4 minutos\" \/>\n<script type=\"application\/ld+json\" class=\"yoast-schema-graph\">{\"@context\":\"https:\/\/schema.org\",\"@graph\":[{\"@type\":\"Article\",\"@id\":\"https:\/\/viniciojarquin.com\/blog\/la-paz\/#article\",\"isPartOf\":{\"@id\":\"https:\/\/viniciojarquin.com\/blog\/la-paz\/\"},\"author\":{\"name\":\"Vinicio Jarqu\u00edn\",\"@id\":\"https:\/\/viniciojarquin.com\/blog\/#\/schema\/person\/90100c8845ae55462ec0657d3d2f8d3b\"},\"headline\":\"LA PAZ &#8211; IV\",\"datePublished\":\"2026-04-13T01:45:47+00:00\",\"dateModified\":\"2026-04-13T01:51:31+00:00\",\"mainEntityOfPage\":{\"@id\":\"https:\/\/viniciojarquin.com\/blog\/la-paz\/\"},\"wordCount\":661,\"commentCount\":0,\"publisher\":{\"@id\":\"https:\/\/viniciojarquin.com\/blog\/#\/schema\/person\/90100c8845ae55462ec0657d3d2f8d3b\"},\"image\":{\"@id\":\"https:\/\/viniciojarquin.com\/blog\/la-paz\/#primaryimage\"},\"thumbnailUrl\":\"https:\/\/viniciojarquin.com\/blog\/wp-content\/uploads\/2026\/04\/La-paz-Oscar-Arias-Sanchez-4.jpg\",\"articleSection\":[\"Escritos generales\"],\"inLanguage\":\"es\",\"potentialAction\":[{\"@type\":\"CommentAction\",\"name\":\"Comment\",\"target\":[\"https:\/\/viniciojarquin.com\/blog\/la-paz\/#respond\"]}]},{\"@type\":\"WebPage\",\"@id\":\"https:\/\/viniciojarquin.com\/blog\/la-paz\/\",\"url\":\"https:\/\/viniciojarquin.com\/blog\/la-paz\/\",\"name\":\"LA PAZ - IV - MI BLOG\",\"isPartOf\":{\"@id\":\"https:\/\/viniciojarquin.com\/blog\/#website\"},\"primaryImageOfPage\":{\"@id\":\"https:\/\/viniciojarquin.com\/blog\/la-paz\/#primaryimage\"},\"image\":{\"@id\":\"https:\/\/viniciojarquin.com\/blog\/la-paz\/#primaryimage\"},\"thumbnailUrl\":\"https:\/\/viniciojarquin.com\/blog\/wp-content\/uploads\/2026\/04\/La-paz-Oscar-Arias-Sanchez-4.jpg\",\"datePublished\":\"2026-04-13T01:45:47+00:00\",\"dateModified\":\"2026-04-13T01:51:31+00:00\",\"breadcrumb\":{\"@id\":\"https:\/\/viniciojarquin.com\/blog\/la-paz\/#breadcrumb\"},\"inLanguage\":\"es\",\"potentialAction\":[{\"@type\":\"ReadAction\",\"target\":[\"https:\/\/viniciojarquin.com\/blog\/la-paz\/\"]}]},{\"@type\":\"ImageObject\",\"inLanguage\":\"es\",\"@id\":\"https:\/\/viniciojarquin.com\/blog\/la-paz\/#primaryimage\",\"url\":\"https:\/\/viniciojarquin.com\/blog\/wp-content\/uploads\/2026\/04\/La-paz-Oscar-Arias-Sanchez-4.jpg\",\"contentUrl\":\"https:\/\/viniciojarquin.com\/blog\/wp-content\/uploads\/2026\/04\/La-paz-Oscar-Arias-Sanchez-4.jpg\",\"width\":1024,\"height\":1536},{\"@type\":\"BreadcrumbList\",\"@id\":\"https:\/\/viniciojarquin.com\/blog\/la-paz\/#breadcrumb\",\"itemListElement\":[{\"@type\":\"ListItem\",\"position\":1,\"name\":\"Portada\",\"item\":\"https:\/\/viniciojarquin.com\/blog\/\"},{\"@type\":\"ListItem\",\"position\":2,\"name\":\"LA PAZ &#8211; IV\"}]},{\"@type\":\"WebSite\",\"@id\":\"https:\/\/viniciojarquin.com\/blog\/#website\",\"url\":\"https:\/\/viniciojarquin.com\/blog\/\",\"name\":\"Vinicio Jarqu\u00edn BLOG\",\"description\":\"\",\"publisher\":{\"@id\":\"https:\/\/viniciojarquin.com\/blog\/#\/schema\/person\/90100c8845ae55462ec0657d3d2f8d3b\"},\"potentialAction\":[{\"@type\":\"SearchAction\",\"target\":{\"@type\":\"EntryPoint\",\"urlTemplate\":\"https:\/\/viniciojarquin.com\/blog\/?s={search_term_string}\"},\"query-input\":{\"@type\":\"PropertyValueSpecification\",\"valueRequired\":true,\"valueName\":\"search_term_string\"}}],\"inLanguage\":\"es\"},{\"@type\":[\"Person\",\"Organization\"],\"@id\":\"https:\/\/viniciojarquin.com\/blog\/#\/schema\/person\/90100c8845ae55462ec0657d3d2f8d3b\",\"name\":\"Vinicio Jarqu\u00edn\",\"image\":{\"@type\":\"ImageObject\",\"inLanguage\":\"es\",\"@id\":\"https:\/\/viniciojarquin.com\/blog\/#\/schema\/person\/image\/\",\"url\":\"https:\/\/viniciojarquin.com\/blog\/wp-content\/uploads\/2024\/10\/Logo-VinicioJarquin-original-400.png\",\"contentUrl\":\"https:\/\/viniciojarquin.com\/blog\/wp-content\/uploads\/2024\/10\/Logo-VinicioJarquin-original-400.png\",\"width\":400,\"height\":130,\"caption\":\"Vinicio Jarqu\u00edn\"},\"logo\":{\"@id\":\"https:\/\/viniciojarquin.com\/blog\/#\/schema\/person\/image\/\"},\"description\":\"Empresario textil, artista pl\u00e1stico, escritor, coach de vida y fot\u00f3grafo.\",\"sameAs\":[\"https:\/\/viniciojarquin.com\/blog\",\"https:\/\/www.facebook.com\/vinicio.jarquin\",\"https:\/\/www.instagram.com\/vinicio_jarquin\/\",\"https:\/\/www.pinterest.com\/vinnyjc\/\",\"https:\/\/www.youtube.com\/@VinicioJarquin\"],\"url\":\"https:\/\/viniciojarquin.com\/blog\/author\/admin_s02au25i\/\"}]}<\/script>\n<!-- \/ Yoast SEO plugin. -->","yoast_head_json":{"title":"LA PAZ - IV - MI BLOG","robots":{"index":"index","follow":"follow","max-snippet":"max-snippet:-1","max-image-preview":"max-image-preview:large","max-video-preview":"max-video-preview:-1"},"canonical":"https:\/\/viniciojarquin.com\/blog\/la-paz\/","og_locale":"es_ES","og_type":"article","og_title":"LA PAZ - IV - MI BLOG","og_description":"La herencia de Oscar Arias S\u00e1nchez Su huella\u2026 Cap\u00edtulo IV Donde el legado permanece Y entonces, despu\u00e9s de recorrer estas [&hellip;]","og_url":"https:\/\/viniciojarquin.com\/blog\/la-paz\/","og_site_name":"MI BLOG","article_publisher":"https:\/\/www.facebook.com\/vinicio.jarquin","article_author":"https:\/\/www.facebook.com\/vinicio.jarquin","article_published_time":"2026-04-13T01:45:47+00:00","article_modified_time":"2026-04-13T01:51:31+00:00","og_image":[{"width":1024,"height":1536,"url":"https:\/\/viniciojarquin.com\/blog\/wp-content\/uploads\/2026\/04\/La-paz-Oscar-Arias-Sanchez-4.jpg","type":"image\/jpeg"}],"author":"Vinicio Jarqu\u00edn","twitter_card":"summary_large_image","twitter_misc":{"Escrito por":"Vinicio Jarqu\u00edn","Tiempo de lectura":"4 minutos"},"schema":{"@context":"https:\/\/schema.org","@graph":[{"@type":"Article","@id":"https:\/\/viniciojarquin.com\/blog\/la-paz\/#article","isPartOf":{"@id":"https:\/\/viniciojarquin.com\/blog\/la-paz\/"},"author":{"name":"Vinicio Jarqu\u00edn","@id":"https:\/\/viniciojarquin.com\/blog\/#\/schema\/person\/90100c8845ae55462ec0657d3d2f8d3b"},"headline":"LA PAZ &#8211; IV","datePublished":"2026-04-13T01:45:47+00:00","dateModified":"2026-04-13T01:51:31+00:00","mainEntityOfPage":{"@id":"https:\/\/viniciojarquin.com\/blog\/la-paz\/"},"wordCount":661,"commentCount":0,"publisher":{"@id":"https:\/\/viniciojarquin.com\/blog\/#\/schema\/person\/90100c8845ae55462ec0657d3d2f8d3b"},"image":{"@id":"https:\/\/viniciojarquin.com\/blog\/la-paz\/#primaryimage"},"thumbnailUrl":"https:\/\/viniciojarquin.com\/blog\/wp-content\/uploads\/2026\/04\/La-paz-Oscar-Arias-Sanchez-4.jpg","articleSection":["Escritos generales"],"inLanguage":"es","potentialAction":[{"@type":"CommentAction","name":"Comment","target":["https:\/\/viniciojarquin.com\/blog\/la-paz\/#respond"]}]},{"@type":"WebPage","@id":"https:\/\/viniciojarquin.com\/blog\/la-paz\/","url":"https:\/\/viniciojarquin.com\/blog\/la-paz\/","name":"LA PAZ - IV - MI BLOG","isPartOf":{"@id":"https:\/\/viniciojarquin.com\/blog\/#website"},"primaryImageOfPage":{"@id":"https:\/\/viniciojarquin.com\/blog\/la-paz\/#primaryimage"},"image":{"@id":"https:\/\/viniciojarquin.com\/blog\/la-paz\/#primaryimage"},"thumbnailUrl":"https:\/\/viniciojarquin.com\/blog\/wp-content\/uploads\/2026\/04\/La-paz-Oscar-Arias-Sanchez-4.jpg","datePublished":"2026-04-13T01:45:47+00:00","dateModified":"2026-04-13T01:51:31+00:00","breadcrumb":{"@id":"https:\/\/viniciojarquin.com\/blog\/la-paz\/#breadcrumb"},"inLanguage":"es","potentialAction":[{"@type":"ReadAction","target":["https:\/\/viniciojarquin.com\/blog\/la-paz\/"]}]},{"@type":"ImageObject","inLanguage":"es","@id":"https:\/\/viniciojarquin.com\/blog\/la-paz\/#primaryimage","url":"https:\/\/viniciojarquin.com\/blog\/wp-content\/uploads\/2026\/04\/La-paz-Oscar-Arias-Sanchez-4.jpg","contentUrl":"https:\/\/viniciojarquin.com\/blog\/wp-content\/uploads\/2026\/04\/La-paz-Oscar-Arias-Sanchez-4.jpg","width":1024,"height":1536},{"@type":"BreadcrumbList","@id":"https:\/\/viniciojarquin.com\/blog\/la-paz\/#breadcrumb","itemListElement":[{"@type":"ListItem","position":1,"name":"Portada","item":"https:\/\/viniciojarquin.com\/blog\/"},{"@type":"ListItem","position":2,"name":"LA PAZ &#8211; IV"}]},{"@type":"WebSite","@id":"https:\/\/viniciojarquin.com\/blog\/#website","url":"https:\/\/viniciojarquin.com\/blog\/","name":"Vinicio Jarqu\u00edn BLOG","description":"","publisher":{"@id":"https:\/\/viniciojarquin.com\/blog\/#\/schema\/person\/90100c8845ae55462ec0657d3d2f8d3b"},"potentialAction":[{"@type":"SearchAction","target":{"@type":"EntryPoint","urlTemplate":"https:\/\/viniciojarquin.com\/blog\/?s={search_term_string}"},"query-input":{"@type":"PropertyValueSpecification","valueRequired":true,"valueName":"search_term_string"}}],"inLanguage":"es"},{"@type":["Person","Organization"],"@id":"https:\/\/viniciojarquin.com\/blog\/#\/schema\/person\/90100c8845ae55462ec0657d3d2f8d3b","name":"Vinicio Jarqu\u00edn","image":{"@type":"ImageObject","inLanguage":"es","@id":"https:\/\/viniciojarquin.com\/blog\/#\/schema\/person\/image\/","url":"https:\/\/viniciojarquin.com\/blog\/wp-content\/uploads\/2024\/10\/Logo-VinicioJarquin-original-400.png","contentUrl":"https:\/\/viniciojarquin.com\/blog\/wp-content\/uploads\/2024\/10\/Logo-VinicioJarquin-original-400.png","width":400,"height":130,"caption":"Vinicio Jarqu\u00edn"},"logo":{"@id":"https:\/\/viniciojarquin.com\/blog\/#\/schema\/person\/image\/"},"description":"Empresario textil, artista pl\u00e1stico, escritor, coach de vida y fot\u00f3grafo.","sameAs":["https:\/\/viniciojarquin.com\/blog","https:\/\/www.facebook.com\/vinicio.jarquin","https:\/\/www.instagram.com\/vinicio_jarquin\/","https:\/\/www.pinterest.com\/vinnyjc\/","https:\/\/www.youtube.com\/@VinicioJarquin"],"url":"https:\/\/viniciojarquin.com\/blog\/author\/admin_s02au25i\/"}]}},"blog_post_layout_featured_media_urls":{"thumbnail":["https:\/\/viniciojarquin.com\/blog\/wp-content\/uploads\/2026\/04\/La-paz-Oscar-Arias-Sanchez-4-150x150.jpg",150,150,true],"full":["https:\/\/viniciojarquin.com\/blog\/wp-content\/uploads\/2026\/04\/La-paz-Oscar-Arias-Sanchez-4.jpg",1024,1536,false]},"categories_names":{"9":{"name":"Escritos generales","link":"https:\/\/viniciojarquin.com\/blog\/category\/mis-escritos\/"}},"tags_names":[],"comments_number":"0","_links":{"self":[{"href":"https:\/\/viniciojarquin.com\/blog\/wp-json\/wp\/v2\/posts\/3368","targetHints":{"allow":["GET"]}}],"collection":[{"href":"https:\/\/viniciojarquin.com\/blog\/wp-json\/wp\/v2\/posts"}],"about":[{"href":"https:\/\/viniciojarquin.com\/blog\/wp-json\/wp\/v2\/types\/post"}],"author":[{"embeddable":true,"href":"https:\/\/viniciojarquin.com\/blog\/wp-json\/wp\/v2\/users\/1"}],"replies":[{"embeddable":true,"href":"https:\/\/viniciojarquin.com\/blog\/wp-json\/wp\/v2\/comments?post=3368"}],"version-history":[{"count":2,"href":"https:\/\/viniciojarquin.com\/blog\/wp-json\/wp\/v2\/posts\/3368\/revisions"}],"predecessor-version":[{"id":3380,"href":"https:\/\/viniciojarquin.com\/blog\/wp-json\/wp\/v2\/posts\/3368\/revisions\/3380"}],"wp:featuredmedia":[{"embeddable":true,"href":"https:\/\/viniciojarquin.com\/blog\/wp-json\/wp\/v2\/media\/3372"}],"wp:attachment":[{"href":"https:\/\/viniciojarquin.com\/blog\/wp-json\/wp\/v2\/media?parent=3368"}],"wp:term":[{"taxonomy":"category","embeddable":true,"href":"https:\/\/viniciojarquin.com\/blog\/wp-json\/wp\/v2\/categories?post=3368"},{"taxonomy":"post_tag","embeddable":true,"href":"https:\/\/viniciojarquin.com\/blog\/wp-json\/wp\/v2\/tags?post=3368"}],"curies":[{"name":"wp","href":"https:\/\/api.w.org\/{rel}","templated":true}]}}