{"id":3391,"date":"2026-04-13T05:05:12","date_gmt":"2026-04-13T05:05:12","guid":{"rendered":"https:\/\/viniciojarquin.com\/blog\/?p=3391"},"modified":"2026-04-13T05:15:25","modified_gmt":"2026-04-13T05:15:25","slug":"01-serie-apacigua-en-tiempos-de-ruido","status":"publish","type":"post","link":"https:\/\/viniciojarquin.com\/blog\/01-serie-apacigua-en-tiempos-de-ruido\/","title":{"rendered":"01 \u2013 Serie: Apacigua en tiempos de ruido"},"content":{"rendered":"\n<figure class=\"wp-block-image size-full\"><img decoding=\"async\" width=\"800\" height=\"533\" data-src=\"https:\/\/viniciojarquin.com\/blog\/wp-content\/uploads\/2026\/04\/001.png\" alt=\"\" class=\"wp-image-3399 lazyload\" data-srcset=\"https:\/\/viniciojarquin.com\/blog\/wp-content\/uploads\/2026\/04\/001.png 800w, https:\/\/viniciojarquin.com\/blog\/wp-content\/uploads\/2026\/04\/001-300x200.png 300w, https:\/\/viniciojarquin.com\/blog\/wp-content\/uploads\/2026\/04\/001-768x512.png 768w\" data-sizes=\"(max-width: 800px) 100vw, 800px\" src=\"data:image\/svg+xml;base64,PHN2ZyB3aWR0aD0iMSIgaGVpZ2h0PSIxIiB4bWxucz0iaHR0cDovL3d3dy53My5vcmcvMjAwMC9zdmciPjwvc3ZnPg==\" style=\"--smush-placeholder-width: 800px; --smush-placeholder-aspect-ratio: 800\/533;\" \/><\/figure>\n\n\n\n<p>C\u00f3mo sostener la calma cuando el ruido lo invade todo<\/p>\n\n\n\n<p>Hay momentos en los que el ruido deja de ser solo externo. Ya no es \u00fanicamente lo que pasa en redes, en noticias o en conversaciones ajenas. Hay momentos en los que el ruido se mete adentro, se instala en la mente, acelera el pulso y empieza a influir en c\u00f3mo piensas, en c\u00f3mo reaccionas, en c\u00f3mo te relacionas con el mundo. Y lo m\u00e1s complejo de todo\u2026 es que muchas veces ni siquiera te das cuenta de cu\u00e1ndo ocurri\u00f3 ese cambio.<\/p>\n\n\n\n<p>Porque no fue de golpe. No fue un d\u00eda espec\u00edfico. Fue poco a poco. Una opini\u00f3n m\u00e1s intensa de lo habitual. Un comentario que incomod\u00f3. Una noticia que gener\u00f3 tensi\u00f3n. Una conversaci\u00f3n que dej\u00f3 un sabor extra\u00f1o. Y as\u00ed, sin que lo notes, el entorno empieza a marcar el ritmo de tu estado interno.<\/p>\n\n\n\n<p>Y entonces pasa algo que se ha vuelto cada vez m\u00e1s com\u00fan: reaccionas m\u00e1s r\u00e1pido de lo que piensas. Respondes m\u00e1s desde la emoci\u00f3n que desde la conciencia. Y sin darte cuenta, te conviertes en parte del mismo ruido que, en el fondo, te incomoda.<\/p>\n\n\n\n<p>Sostener la calma en medio de ese escenario no es algo autom\u00e1tico. No es una cualidad que aparece porque s\u00ed. Es una decisi\u00f3n. Y a veces, una decisi\u00f3n inc\u00f3moda. Porque implica detenerte cuando todo empuja a reaccionar. Implica guardar silencio cuando todo invita a opinar. Implica observar cuando todo parece exigir una postura inmediata.<\/p>\n\n\n\n<p>Y ah\u00ed es donde empieza a aparecer una diferencia silenciosa, pero profunda. No todos est\u00e1n dispuestos a hacer ese ejercicio. No todos quieren hacerlo. Porque sostener la calma no siempre se siente bien al inicio. A veces se siente como contener algo que quiere salir. Como ir en contra de la corriente. Como no seguir una din\u00e1mica que parece normalizada.<\/p>\n\n\n\n<p>Pero hay algo que empieza a cambiar cuando lo haces.<\/p>\n\n\n\n<p>Empiezas a recuperar espacio interno. Empiezas a elegir mejor tus palabras. Empiezas a notar que no todo lo que ocurre afuera merece entrar en tu mundo emocional. Y poco a poco, sin necesidad de imponer nada, tu forma de estar empieza a ser distinta.<\/p>\n\n\n\n<p>No m\u00e1s ruidosa. M\u00e1s clara.<\/p>\n\n\n\n<p>No m\u00e1s fuerte. M\u00e1s firme.<\/p>\n\n\n\n<p>No m\u00e1s reactiva. M\u00e1s consciente.<\/p>\n\n\n\n<p>Y eso, aunque no siempre se diga, tiene un impacto. Porque en medio de tanto est\u00edmulo, de tanta urgencia, de tanta necesidad de tener la raz\u00f3n\u2026 una persona en calma no pasa desapercibida. Se siente. Se nota. Incluso incomoda a quienes no logran sostener ese mismo estado.<\/p>\n\n\n\n<p>Hay espacios que nacen desde esa intenci\u00f3n. Desde la b\u00fasqueda de sostener una forma distinta de estar, incluso cuando todo alrededor se desordena. No desde la evasi\u00f3n, sino desde la conciencia. No desde la indiferencia, sino desde la elecci\u00f3n. Apacigua nace desde ah\u00ed. Como un intento \u2014constante, imperfecto, humano\u2014 de recordar que siempre existe otra forma de responder.<\/p>\n\n\n\n<p>Y en tiempos como estos, eso no es menor.<\/p>\n\n\n\n<p>Porque mientras el ruido crece, la calma tambi\u00e9n puede hacerlo. Solo que no compite. No grita. No se impone. Se construye.<\/p>\n\n\n\n<p>Y cada persona decide si quiere formar parte de eso\u2026 o no.<\/p>\n\n\n\n<p>Si este tipo de contenido te aporta, si en alg\u00fan momento te ha servido para pausar, para pensar o para volver a ti, vale la pena recordar algo sencillo: estos espacios no se sostienen solos. Se sostienen gracias a personas que creen en ellos, que los valoran y que, de una u otra forma, deciden acompa\u00f1arlos.<\/p>\n\n\n\n<p>Ma\u00f1ana seguimos.<\/p>\n","protected":false},"excerpt":{"rendered":"<p>C\u00f3mo sostener la calma cuando el ruido lo invade todo Hay momentos en los que el ruido deja de ser [&hellip;]<\/p>\n","protected":false},"author":1,"featured_media":3399,"comment_status":"open","ping_status":"open","sticky":false,"template":"","format":"standard","meta":{"site-sidebar-layout":"default","site-content-layout":"","ast-site-content-layout":"","site-content-style":"default","site-sidebar-style":"default","ast-global-header-display":"","ast-banner-title-visibility":"","ast-main-header-display":"","ast-hfb-above-header-display":"","ast-hfb-below-header-display":"","ast-hfb-mobile-header-display":"","site-post-title":"","ast-breadcrumbs-content":"","ast-featured-img":"","footer-sml-layout":"","theme-transparent-header-meta":"","adv-header-id-meta":"","stick-header-meta":"","header-above-stick-meta":"","header-main-stick-meta":"","header-below-stick-meta":"","astra-migrate-meta-layouts":"default","ast-page-background-enabled":"default","ast-page-background-meta":{"desktop":{"background-color":"var(--ast-global-color-5)","background-image":"","background-repeat":"repeat","background-position":"center center","background-size":"auto","background-attachment":"scroll","background-type":"","background-media":"","overlay-type":"","overlay-color":"","overlay-opacity":"","overlay-gradient":""},"tablet":{"background-color":"","background-image":"","background-repeat":"repeat","background-position":"center center","background-size":"auto","background-attachment":"scroll","background-type":"","background-media":"","overlay-type":"","overlay-color":"","overlay-opacity":"","overlay-gradient":""},"mobile":{"background-color":"","background-image":"","background-repeat":"repeat","background-position":"center center","background-size":"auto","background-attachment":"scroll","background-type":"","background-media":"","overlay-type":"","overlay-color":"","overlay-opacity":"","overlay-gradient":""}},"ast-content-background-meta":{"desktop":{"background-color":"var(--ast-global-color-4)","background-image":"","background-repeat":"repeat","background-position":"center center","background-size":"auto","background-attachment":"scroll","background-type":"","background-media":"","overlay-type":"","overlay-color":"","overlay-opacity":"","overlay-gradient":""},"tablet":{"background-color":"var(--ast-global-color-4)","background-image":"","background-repeat":"repeat","background-position":"center center","background-size":"auto","background-attachment":"scroll","background-type":"","background-media":"","overlay-type":"","overlay-color":"","overlay-opacity":"","overlay-gradient":""},"mobile":{"background-color":"var(--ast-global-color-4)","background-image":"","background-repeat":"repeat","background-position":"center center","background-size":"auto","background-attachment":"scroll","background-type":"","background-media":"","overlay-type":"","overlay-color":"","overlay-opacity":"","overlay-gradient":""}},"footnotes":""},"categories":[9],"tags":[],"class_list":["post-3391","post","type-post","status-publish","format-standard","has-post-thumbnail","hentry","category-mis-escritos"],"yoast_head":"<!-- This site is optimized with the Yoast SEO plugin v26.0 - https:\/\/yoast.com\/wordpress\/plugins\/seo\/ -->\n<title>01 \u2013 Serie: Apacigua en tiempos de ruido - MI BLOG<\/title>\n<meta name=\"robots\" content=\"index, follow, max-snippet:-1, max-image-preview:large, max-video-preview:-1\" \/>\n<link rel=\"canonical\" href=\"https:\/\/viniciojarquin.com\/blog\/01-serie-apacigua-en-tiempos-de-ruido\/\" \/>\n<meta property=\"og:locale\" content=\"es_ES\" \/>\n<meta property=\"og:type\" content=\"article\" \/>\n<meta property=\"og:title\" content=\"01 \u2013 Serie: Apacigua en tiempos de ruido - MI BLOG\" \/>\n<meta property=\"og:description\" content=\"C\u00f3mo sostener la calma cuando el ruido lo invade todo Hay momentos en los que el ruido deja de ser [&hellip;]\" \/>\n<meta property=\"og:url\" content=\"https:\/\/viniciojarquin.com\/blog\/01-serie-apacigua-en-tiempos-de-ruido\/\" \/>\n<meta property=\"og:site_name\" content=\"MI BLOG\" \/>\n<meta property=\"article:publisher\" content=\"https:\/\/www.facebook.com\/vinicio.jarquin\" \/>\n<meta property=\"article:author\" content=\"https:\/\/www.facebook.com\/vinicio.jarquin\" \/>\n<meta property=\"article:published_time\" content=\"2026-04-13T05:05:12+00:00\" \/>\n<meta property=\"article:modified_time\" content=\"2026-04-13T05:15:25+00:00\" \/>\n<meta property=\"og:image\" content=\"https:\/\/viniciojarquin.com\/blog\/wp-content\/uploads\/2026\/04\/001.png\" \/>\n\t<meta property=\"og:image:width\" content=\"800\" \/>\n\t<meta property=\"og:image:height\" content=\"533\" \/>\n\t<meta property=\"og:image:type\" content=\"image\/png\" \/>\n<meta name=\"author\" content=\"Vinicio Jarqu\u00edn\" \/>\n<meta name=\"twitter:card\" content=\"summary_large_image\" \/>\n<meta name=\"twitter:label1\" content=\"Escrito por\" \/>\n\t<meta name=\"twitter:data1\" content=\"Vinicio Jarqu\u00edn\" \/>\n\t<meta name=\"twitter:label2\" content=\"Tiempo de lectura\" \/>\n\t<meta name=\"twitter:data2\" content=\"4 minutos\" \/>\n<script type=\"application\/ld+json\" class=\"yoast-schema-graph\">{\"@context\":\"https:\/\/schema.org\",\"@graph\":[{\"@type\":\"Article\",\"@id\":\"https:\/\/viniciojarquin.com\/blog\/01-serie-apacigua-en-tiempos-de-ruido\/#article\",\"isPartOf\":{\"@id\":\"https:\/\/viniciojarquin.com\/blog\/01-serie-apacigua-en-tiempos-de-ruido\/\"},\"author\":{\"name\":\"Vinicio Jarqu\u00edn\",\"@id\":\"https:\/\/viniciojarquin.com\/blog\/#\/schema\/person\/90100c8845ae55462ec0657d3d2f8d3b\"},\"headline\":\"01 \u2013 Serie: Apacigua en tiempos de ruido\",\"datePublished\":\"2026-04-13T05:05:12+00:00\",\"dateModified\":\"2026-04-13T05:15:25+00:00\",\"mainEntityOfPage\":{\"@id\":\"https:\/\/viniciojarquin.com\/blog\/01-serie-apacigua-en-tiempos-de-ruido\/\"},\"wordCount\":626,\"commentCount\":0,\"publisher\":{\"@id\":\"https:\/\/viniciojarquin.com\/blog\/#\/schema\/person\/90100c8845ae55462ec0657d3d2f8d3b\"},\"image\":{\"@id\":\"https:\/\/viniciojarquin.com\/blog\/01-serie-apacigua-en-tiempos-de-ruido\/#primaryimage\"},\"thumbnailUrl\":\"https:\/\/viniciojarquin.com\/blog\/wp-content\/uploads\/2026\/04\/001.png\",\"articleSection\":[\"Escritos generales\"],\"inLanguage\":\"es\",\"potentialAction\":[{\"@type\":\"CommentAction\",\"name\":\"Comment\",\"target\":[\"https:\/\/viniciojarquin.com\/blog\/01-serie-apacigua-en-tiempos-de-ruido\/#respond\"]}]},{\"@type\":\"WebPage\",\"@id\":\"https:\/\/viniciojarquin.com\/blog\/01-serie-apacigua-en-tiempos-de-ruido\/\",\"url\":\"https:\/\/viniciojarquin.com\/blog\/01-serie-apacigua-en-tiempos-de-ruido\/\",\"name\":\"01 \u2013 Serie: Apacigua en tiempos de ruido - MI BLOG\",\"isPartOf\":{\"@id\":\"https:\/\/viniciojarquin.com\/blog\/#website\"},\"primaryImageOfPage\":{\"@id\":\"https:\/\/viniciojarquin.com\/blog\/01-serie-apacigua-en-tiempos-de-ruido\/#primaryimage\"},\"image\":{\"@id\":\"https:\/\/viniciojarquin.com\/blog\/01-serie-apacigua-en-tiempos-de-ruido\/#primaryimage\"},\"thumbnailUrl\":\"https:\/\/viniciojarquin.com\/blog\/wp-content\/uploads\/2026\/04\/001.png\",\"datePublished\":\"2026-04-13T05:05:12+00:00\",\"dateModified\":\"2026-04-13T05:15:25+00:00\",\"breadcrumb\":{\"@id\":\"https:\/\/viniciojarquin.com\/blog\/01-serie-apacigua-en-tiempos-de-ruido\/#breadcrumb\"},\"inLanguage\":\"es\",\"potentialAction\":[{\"@type\":\"ReadAction\",\"target\":[\"https:\/\/viniciojarquin.com\/blog\/01-serie-apacigua-en-tiempos-de-ruido\/\"]}]},{\"@type\":\"ImageObject\",\"inLanguage\":\"es\",\"@id\":\"https:\/\/viniciojarquin.com\/blog\/01-serie-apacigua-en-tiempos-de-ruido\/#primaryimage\",\"url\":\"https:\/\/viniciojarquin.com\/blog\/wp-content\/uploads\/2026\/04\/001.png\",\"contentUrl\":\"https:\/\/viniciojarquin.com\/blog\/wp-content\/uploads\/2026\/04\/001.png\",\"width\":800,\"height\":533},{\"@type\":\"BreadcrumbList\",\"@id\":\"https:\/\/viniciojarquin.com\/blog\/01-serie-apacigua-en-tiempos-de-ruido\/#breadcrumb\",\"itemListElement\":[{\"@type\":\"ListItem\",\"position\":1,\"name\":\"Portada\",\"item\":\"https:\/\/viniciojarquin.com\/blog\/\"},{\"@type\":\"ListItem\",\"position\":2,\"name\":\"01 \u2013 Serie: Apacigua en tiempos de ruido\"}]},{\"@type\":\"WebSite\",\"@id\":\"https:\/\/viniciojarquin.com\/blog\/#website\",\"url\":\"https:\/\/viniciojarquin.com\/blog\/\",\"name\":\"Vinicio Jarqu\u00edn BLOG\",\"description\":\"\",\"publisher\":{\"@id\":\"https:\/\/viniciojarquin.com\/blog\/#\/schema\/person\/90100c8845ae55462ec0657d3d2f8d3b\"},\"potentialAction\":[{\"@type\":\"SearchAction\",\"target\":{\"@type\":\"EntryPoint\",\"urlTemplate\":\"https:\/\/viniciojarquin.com\/blog\/?s={search_term_string}\"},\"query-input\":{\"@type\":\"PropertyValueSpecification\",\"valueRequired\":true,\"valueName\":\"search_term_string\"}}],\"inLanguage\":\"es\"},{\"@type\":[\"Person\",\"Organization\"],\"@id\":\"https:\/\/viniciojarquin.com\/blog\/#\/schema\/person\/90100c8845ae55462ec0657d3d2f8d3b\",\"name\":\"Vinicio Jarqu\u00edn\",\"image\":{\"@type\":\"ImageObject\",\"inLanguage\":\"es\",\"@id\":\"https:\/\/viniciojarquin.com\/blog\/#\/schema\/person\/image\/\",\"url\":\"https:\/\/viniciojarquin.com\/blog\/wp-content\/uploads\/2024\/10\/Logo-VinicioJarquin-original-400.png\",\"contentUrl\":\"https:\/\/viniciojarquin.com\/blog\/wp-content\/uploads\/2024\/10\/Logo-VinicioJarquin-original-400.png\",\"width\":400,\"height\":130,\"caption\":\"Vinicio Jarqu\u00edn\"},\"logo\":{\"@id\":\"https:\/\/viniciojarquin.com\/blog\/#\/schema\/person\/image\/\"},\"description\":\"Empresario textil, artista pl\u00e1stico, escritor, coach de vida y fot\u00f3grafo.\",\"sameAs\":[\"https:\/\/viniciojarquin.com\/blog\",\"https:\/\/www.facebook.com\/vinicio.jarquin\",\"https:\/\/www.instagram.com\/vinicio_jarquin\/\",\"https:\/\/www.pinterest.com\/vinnyjc\/\",\"https:\/\/www.youtube.com\/@VinicioJarquin\"],\"url\":\"https:\/\/viniciojarquin.com\/blog\/author\/admin_s02au25i\/\"}]}<\/script>\n<!-- \/ Yoast SEO plugin. -->","yoast_head_json":{"title":"01 \u2013 Serie: Apacigua en tiempos de ruido - MI BLOG","robots":{"index":"index","follow":"follow","max-snippet":"max-snippet:-1","max-image-preview":"max-image-preview:large","max-video-preview":"max-video-preview:-1"},"canonical":"https:\/\/viniciojarquin.com\/blog\/01-serie-apacigua-en-tiempos-de-ruido\/","og_locale":"es_ES","og_type":"article","og_title":"01 \u2013 Serie: Apacigua en tiempos de ruido - MI BLOG","og_description":"C\u00f3mo sostener la calma cuando el ruido lo invade todo Hay momentos en los que el ruido deja de ser [&hellip;]","og_url":"https:\/\/viniciojarquin.com\/blog\/01-serie-apacigua-en-tiempos-de-ruido\/","og_site_name":"MI BLOG","article_publisher":"https:\/\/www.facebook.com\/vinicio.jarquin","article_author":"https:\/\/www.facebook.com\/vinicio.jarquin","article_published_time":"2026-04-13T05:05:12+00:00","article_modified_time":"2026-04-13T05:15:25+00:00","og_image":[{"width":800,"height":533,"url":"https:\/\/viniciojarquin.com\/blog\/wp-content\/uploads\/2026\/04\/001.png","type":"image\/png"}],"author":"Vinicio Jarqu\u00edn","twitter_card":"summary_large_image","twitter_misc":{"Escrito por":"Vinicio Jarqu\u00edn","Tiempo de lectura":"4 minutos"},"schema":{"@context":"https:\/\/schema.org","@graph":[{"@type":"Article","@id":"https:\/\/viniciojarquin.com\/blog\/01-serie-apacigua-en-tiempos-de-ruido\/#article","isPartOf":{"@id":"https:\/\/viniciojarquin.com\/blog\/01-serie-apacigua-en-tiempos-de-ruido\/"},"author":{"name":"Vinicio Jarqu\u00edn","@id":"https:\/\/viniciojarquin.com\/blog\/#\/schema\/person\/90100c8845ae55462ec0657d3d2f8d3b"},"headline":"01 \u2013 Serie: Apacigua en tiempos de ruido","datePublished":"2026-04-13T05:05:12+00:00","dateModified":"2026-04-13T05:15:25+00:00","mainEntityOfPage":{"@id":"https:\/\/viniciojarquin.com\/blog\/01-serie-apacigua-en-tiempos-de-ruido\/"},"wordCount":626,"commentCount":0,"publisher":{"@id":"https:\/\/viniciojarquin.com\/blog\/#\/schema\/person\/90100c8845ae55462ec0657d3d2f8d3b"},"image":{"@id":"https:\/\/viniciojarquin.com\/blog\/01-serie-apacigua-en-tiempos-de-ruido\/#primaryimage"},"thumbnailUrl":"https:\/\/viniciojarquin.com\/blog\/wp-content\/uploads\/2026\/04\/001.png","articleSection":["Escritos generales"],"inLanguage":"es","potentialAction":[{"@type":"CommentAction","name":"Comment","target":["https:\/\/viniciojarquin.com\/blog\/01-serie-apacigua-en-tiempos-de-ruido\/#respond"]}]},{"@type":"WebPage","@id":"https:\/\/viniciojarquin.com\/blog\/01-serie-apacigua-en-tiempos-de-ruido\/","url":"https:\/\/viniciojarquin.com\/blog\/01-serie-apacigua-en-tiempos-de-ruido\/","name":"01 \u2013 Serie: Apacigua en tiempos de ruido - MI BLOG","isPartOf":{"@id":"https:\/\/viniciojarquin.com\/blog\/#website"},"primaryImageOfPage":{"@id":"https:\/\/viniciojarquin.com\/blog\/01-serie-apacigua-en-tiempos-de-ruido\/#primaryimage"},"image":{"@id":"https:\/\/viniciojarquin.com\/blog\/01-serie-apacigua-en-tiempos-de-ruido\/#primaryimage"},"thumbnailUrl":"https:\/\/viniciojarquin.com\/blog\/wp-content\/uploads\/2026\/04\/001.png","datePublished":"2026-04-13T05:05:12+00:00","dateModified":"2026-04-13T05:15:25+00:00","breadcrumb":{"@id":"https:\/\/viniciojarquin.com\/blog\/01-serie-apacigua-en-tiempos-de-ruido\/#breadcrumb"},"inLanguage":"es","potentialAction":[{"@type":"ReadAction","target":["https:\/\/viniciojarquin.com\/blog\/01-serie-apacigua-en-tiempos-de-ruido\/"]}]},{"@type":"ImageObject","inLanguage":"es","@id":"https:\/\/viniciojarquin.com\/blog\/01-serie-apacigua-en-tiempos-de-ruido\/#primaryimage","url":"https:\/\/viniciojarquin.com\/blog\/wp-content\/uploads\/2026\/04\/001.png","contentUrl":"https:\/\/viniciojarquin.com\/blog\/wp-content\/uploads\/2026\/04\/001.png","width":800,"height":533},{"@type":"BreadcrumbList","@id":"https:\/\/viniciojarquin.com\/blog\/01-serie-apacigua-en-tiempos-de-ruido\/#breadcrumb","itemListElement":[{"@type":"ListItem","position":1,"name":"Portada","item":"https:\/\/viniciojarquin.com\/blog\/"},{"@type":"ListItem","position":2,"name":"01 \u2013 Serie: Apacigua en tiempos de ruido"}]},{"@type":"WebSite","@id":"https:\/\/viniciojarquin.com\/blog\/#website","url":"https:\/\/viniciojarquin.com\/blog\/","name":"Vinicio Jarqu\u00edn BLOG","description":"","publisher":{"@id":"https:\/\/viniciojarquin.com\/blog\/#\/schema\/person\/90100c8845ae55462ec0657d3d2f8d3b"},"potentialAction":[{"@type":"SearchAction","target":{"@type":"EntryPoint","urlTemplate":"https:\/\/viniciojarquin.com\/blog\/?s={search_term_string}"},"query-input":{"@type":"PropertyValueSpecification","valueRequired":true,"valueName":"search_term_string"}}],"inLanguage":"es"},{"@type":["Person","Organization"],"@id":"https:\/\/viniciojarquin.com\/blog\/#\/schema\/person\/90100c8845ae55462ec0657d3d2f8d3b","name":"Vinicio Jarqu\u00edn","image":{"@type":"ImageObject","inLanguage":"es","@id":"https:\/\/viniciojarquin.com\/blog\/#\/schema\/person\/image\/","url":"https:\/\/viniciojarquin.com\/blog\/wp-content\/uploads\/2024\/10\/Logo-VinicioJarquin-original-400.png","contentUrl":"https:\/\/viniciojarquin.com\/blog\/wp-content\/uploads\/2024\/10\/Logo-VinicioJarquin-original-400.png","width":400,"height":130,"caption":"Vinicio Jarqu\u00edn"},"logo":{"@id":"https:\/\/viniciojarquin.com\/blog\/#\/schema\/person\/image\/"},"description":"Empresario textil, artista pl\u00e1stico, escritor, coach de vida y fot\u00f3grafo.","sameAs":["https:\/\/viniciojarquin.com\/blog","https:\/\/www.facebook.com\/vinicio.jarquin","https:\/\/www.instagram.com\/vinicio_jarquin\/","https:\/\/www.pinterest.com\/vinnyjc\/","https:\/\/www.youtube.com\/@VinicioJarquin"],"url":"https:\/\/viniciojarquin.com\/blog\/author\/admin_s02au25i\/"}]}},"blog_post_layout_featured_media_urls":{"thumbnail":["https:\/\/viniciojarquin.com\/blog\/wp-content\/uploads\/2026\/04\/001-150x150.png",150,150,true],"full":["https:\/\/viniciojarquin.com\/blog\/wp-content\/uploads\/2026\/04\/001.png",800,533,false]},"categories_names":{"9":{"name":"Escritos generales","link":"https:\/\/viniciojarquin.com\/blog\/category\/mis-escritos\/"}},"tags_names":[],"comments_number":"0","_links":{"self":[{"href":"https:\/\/viniciojarquin.com\/blog\/wp-json\/wp\/v2\/posts\/3391","targetHints":{"allow":["GET"]}}],"collection":[{"href":"https:\/\/viniciojarquin.com\/blog\/wp-json\/wp\/v2\/posts"}],"about":[{"href":"https:\/\/viniciojarquin.com\/blog\/wp-json\/wp\/v2\/types\/post"}],"author":[{"embeddable":true,"href":"https:\/\/viniciojarquin.com\/blog\/wp-json\/wp\/v2\/users\/1"}],"replies":[{"embeddable":true,"href":"https:\/\/viniciojarquin.com\/blog\/wp-json\/wp\/v2\/comments?post=3391"}],"version-history":[{"count":2,"href":"https:\/\/viniciojarquin.com\/blog\/wp-json\/wp\/v2\/posts\/3391\/revisions"}],"predecessor-version":[{"id":3407,"href":"https:\/\/viniciojarquin.com\/blog\/wp-json\/wp\/v2\/posts\/3391\/revisions\/3407"}],"wp:featuredmedia":[{"embeddable":true,"href":"https:\/\/viniciojarquin.com\/blog\/wp-json\/wp\/v2\/media\/3399"}],"wp:attachment":[{"href":"https:\/\/viniciojarquin.com\/blog\/wp-json\/wp\/v2\/media?parent=3391"}],"wp:term":[{"taxonomy":"category","embeddable":true,"href":"https:\/\/viniciojarquin.com\/blog\/wp-json\/wp\/v2\/categories?post=3391"},{"taxonomy":"post_tag","embeddable":true,"href":"https:\/\/viniciojarquin.com\/blog\/wp-json\/wp\/v2\/tags?post=3391"}],"curies":[{"name":"wp","href":"https:\/\/api.w.org\/{rel}","templated":true}]}}