{"id":3392,"date":"2026-04-13T05:05:16","date_gmt":"2026-04-13T05:05:16","guid":{"rendered":"https:\/\/viniciojarquin.com\/blog\/?p=3392"},"modified":"2026-04-13T05:15:34","modified_gmt":"2026-04-13T05:15:34","slug":"02-serie-apacigua-en-tiempos-de-ruido","status":"publish","type":"post","link":"https:\/\/viniciojarquin.com\/blog\/02-serie-apacigua-en-tiempos-de-ruido\/","title":{"rendered":"02 \u2013 Serie: Apacigua en tiempos de ruido"},"content":{"rendered":"\n<figure class=\"wp-block-image size-full\"><img decoding=\"async\" width=\"800\" height=\"533\" data-src=\"https:\/\/viniciojarquin.com\/blog\/wp-content\/uploads\/2026\/04\/002.png\" alt=\"\" class=\"wp-image-3400 lazyload\" data-srcset=\"https:\/\/viniciojarquin.com\/blog\/wp-content\/uploads\/2026\/04\/002.png 800w, https:\/\/viniciojarquin.com\/blog\/wp-content\/uploads\/2026\/04\/002-300x200.png 300w, https:\/\/viniciojarquin.com\/blog\/wp-content\/uploads\/2026\/04\/002-768x512.png 768w\" data-sizes=\"(max-width: 800px) 100vw, 800px\" src=\"data:image\/svg+xml;base64,PHN2ZyB3aWR0aD0iMSIgaGVpZ2h0PSIxIiB4bWxucz0iaHR0cDovL3d3dy53My5vcmcvMjAwMC9zdmciPjwvc3ZnPg==\" style=\"--smush-placeholder-width: 800px; --smush-placeholder-aspect-ratio: 800\/533;\" \/><\/figure>\n\n\n\n<p><strong>No todo lo que sientes merece una reacci\u00f3n<\/strong><\/p>\n\n\n\n<p>Hay algo que pocas veces se dice con claridad, pero que cada vez se vuelve m\u00e1s evidente: sentir algo no te obliga a actuar en consecuencia. Y aunque suene sencillo, en la pr\u00e1ctica es profundamente desafiante, sobre todo en un entorno donde todo parece dise\u00f1ado para provocar una respuesta inmediata.<\/p>\n\n\n\n<p>Sientes enojo\u2026 y respondes.<br>Sientes frustraci\u00f3n\u2026 y reaccionas.<br>Sientes desacuerdo\u2026 y lo expresas sin filtro.<\/p>\n\n\n\n<p>Como si cada emoci\u00f3n tuviera que convertirse, casi de forma autom\u00e1tica, en una acci\u00f3n. Como si no hubiera un espacio entre lo que ocurre dentro de ti y lo que decides hacer con eso.<\/p>\n\n\n\n<p>Pero ese espacio s\u00ed existe. Y ah\u00ed es donde ocurre todo.<\/p>\n\n\n\n<p>Porque una emoci\u00f3n es real, s\u00ed. Es v\u00e1lida, s\u00ed. Pero no necesariamente es precisa. No necesariamente tiene toda la informaci\u00f3n. No necesariamente representa lo mejor de ti. A veces es solo una reacci\u00f3n moment\u00e1nea, influenciada por el cansancio, por lo que viste hace unos minutos, por lo que alguien dijo, por lo que cre\u00edste entender.<\/p>\n\n\n\n<p>Y cuando no haces esa pausa\u2026 cuando no observas antes de actuar\u2026 es muy f\u00e1cil terminar diciendo cosas que no construyen, tomando posturas que no representan lo que realmente piensas, o entrando en din\u00e1micas que, en el fondo, no quieres sostener.<\/p>\n\n\n\n<p>No se trata de reprimir lo que sientes. Se trata de aprender a sostenerlo sin que te arrastre.<\/p>\n\n\n\n<p>Hay una diferencia enorme entre sentir algo\u2026 y convertirte en eso que sientes.<\/p>\n\n\n\n<p>Puedes sentir enojo sin volverte agresivo.<br>Puedes sentir frustraci\u00f3n sin volverte reactivo.<br>Puedes sentir desacuerdo sin necesidad de atacar.<\/p>\n\n\n\n<p>Pero para eso necesitas algo que hoy escasea: conciencia en medio del impulso.<\/p>\n\n\n\n<p>Y no es f\u00e1cil. Porque el entorno no premia la pausa. Premia la rapidez. Premia la contundencia. Premia la respuesta inmediata, aunque no est\u00e9 bien pensada. Y en ese contexto, detenerte puede parecer una debilidad\u2026 cuando en realidad es todo lo contrario.<\/p>\n\n\n\n<p>Detenerte es poder.<br>Elegir c\u00f3mo responder es poder.<br>No reaccionar autom\u00e1ticamente\u2026 es poder.<\/p>\n\n\n\n<p>Y poco a poco, cuando empiezas a practicar eso, algo cambia en tu forma de relacionarte con todo. Ya no entras en cada discusi\u00f3n. Ya no te enganchas con cada provocaci\u00f3n. Ya no sientes la necesidad de responder a todo lo que te incomoda.<\/p>\n\n\n\n<p>Empiezas a elegir.<\/p>\n\n\n\n<p>Y esa elecci\u00f3n, aunque silenciosa, tiene peso. Porque rompe con una din\u00e1mica que se ha vuelto casi autom\u00e1tica en muchas personas: vivir reaccionando.<\/p>\n\n\n\n<p>Hay quienes han decidido salirse de ese ciclo. No porque no sientan, sino porque han entendido que no todo lo que sienten merece convertirse en una respuesta hacia afuera. Que hay emociones que se procesan, que se observan, que se dejan pasar\u2026 sin necesidad de amplificarlas.<\/p>\n\n\n\n<p>Ah\u00ed empieza a construirse algo distinto. Una forma de estar m\u00e1s consciente, m\u00e1s estable, m\u00e1s clara.<\/p>\n\n\n\n<p>Apacigua se mueve en ese terreno. No como una teor\u00eda, sino como una pr\u00e1ctica constante. Como ese recordatorio \u2014a veces inc\u00f3modo, pero necesario\u2014 de que siempre existe un punto intermedio entre lo que sientes y lo que haces. Y que en ese punto, si decides quedarte un momento m\u00e1s\u2026 puedes encontrarte contigo de una forma distinta.<\/p>\n\n\n\n<p>Porque en un mundo que reacciona cada vez m\u00e1s r\u00e1pido\u2026 elegir no hacerlo, tambi\u00e9n es una forma de avanzar.<\/p>\n\n\n\n<p>Si este contenido te acompa\u00f1a, si en alg\u00fan momento te ha servido para mirar distinto lo que sientes o c\u00f3mo respondes, vale la pena recordar que estos espacios existen porque hay personas que los sostienen, que los valoran y que creen en lo que aportan.<\/p>\n\n\n\n<p>Ma\u00f1ana seguimos.<\/p>\n","protected":false},"excerpt":{"rendered":"<p>No todo lo que sientes merece una reacci\u00f3n Hay algo que pocas veces se dice con claridad, pero que cada [&hellip;]<\/p>\n","protected":false},"author":1,"featured_media":3400,"comment_status":"open","ping_status":"open","sticky":false,"template":"","format":"standard","meta":{"site-sidebar-layout":"default","site-content-layout":"","ast-site-content-layout":"","site-content-style":"default","site-sidebar-style":"default","ast-global-header-display":"","ast-banner-title-visibility":"","ast-main-header-display":"","ast-hfb-above-header-display":"","ast-hfb-below-header-display":"","ast-hfb-mobile-header-display":"","site-post-title":"","ast-breadcrumbs-content":"","ast-featured-img":"","footer-sml-layout":"","theme-transparent-header-meta":"","adv-header-id-meta":"","stick-header-meta":"","header-above-stick-meta":"","header-main-stick-meta":"","header-below-stick-meta":"","astra-migrate-meta-layouts":"default","ast-page-background-enabled":"default","ast-page-background-meta":{"desktop":{"background-color":"var(--ast-global-color-5)","background-image":"","background-repeat":"repeat","background-position":"center center","background-size":"auto","background-attachment":"scroll","background-type":"","background-media":"","overlay-type":"","overlay-color":"","overlay-opacity":"","overlay-gradient":""},"tablet":{"background-color":"","background-image":"","background-repeat":"repeat","background-position":"center center","background-size":"auto","background-attachment":"scroll","background-type":"","background-media":"","overlay-type":"","overlay-color":"","overlay-opacity":"","overlay-gradient":""},"mobile":{"background-color":"","background-image":"","background-repeat":"repeat","background-position":"center center","background-size":"auto","background-attachment":"scroll","background-type":"","background-media":"","overlay-type":"","overlay-color":"","overlay-opacity":"","overlay-gradient":""}},"ast-content-background-meta":{"desktop":{"background-color":"var(--ast-global-color-4)","background-image":"","background-repeat":"repeat","background-position":"center center","background-size":"auto","background-attachment":"scroll","background-type":"","background-media":"","overlay-type":"","overlay-color":"","overlay-opacity":"","overlay-gradient":""},"tablet":{"background-color":"var(--ast-global-color-4)","background-image":"","background-repeat":"repeat","background-position":"center center","background-size":"auto","background-attachment":"scroll","background-type":"","background-media":"","overlay-type":"","overlay-color":"","overlay-opacity":"","overlay-gradient":""},"mobile":{"background-color":"var(--ast-global-color-4)","background-image":"","background-repeat":"repeat","background-position":"center center","background-size":"auto","background-attachment":"scroll","background-type":"","background-media":"","overlay-type":"","overlay-color":"","overlay-opacity":"","overlay-gradient":""}},"footnotes":""},"categories":[9],"tags":[],"class_list":["post-3392","post","type-post","status-publish","format-standard","has-post-thumbnail","hentry","category-mis-escritos"],"yoast_head":"<!-- This site is optimized with the Yoast SEO plugin v26.0 - https:\/\/yoast.com\/wordpress\/plugins\/seo\/ -->\n<title>02 \u2013 Serie: Apacigua en tiempos de ruido - MI BLOG<\/title>\n<meta name=\"robots\" content=\"index, follow, max-snippet:-1, max-image-preview:large, max-video-preview:-1\" \/>\n<link rel=\"canonical\" href=\"https:\/\/viniciojarquin.com\/blog\/02-serie-apacigua-en-tiempos-de-ruido\/\" \/>\n<meta property=\"og:locale\" content=\"es_ES\" \/>\n<meta property=\"og:type\" content=\"article\" \/>\n<meta property=\"og:title\" content=\"02 \u2013 Serie: Apacigua en tiempos de ruido - MI BLOG\" \/>\n<meta property=\"og:description\" content=\"No todo lo que sientes merece una reacci\u00f3n Hay algo que pocas veces se dice con claridad, pero que cada [&hellip;]\" \/>\n<meta property=\"og:url\" content=\"https:\/\/viniciojarquin.com\/blog\/02-serie-apacigua-en-tiempos-de-ruido\/\" \/>\n<meta property=\"og:site_name\" content=\"MI BLOG\" \/>\n<meta property=\"article:publisher\" content=\"https:\/\/www.facebook.com\/vinicio.jarquin\" \/>\n<meta property=\"article:author\" content=\"https:\/\/www.facebook.com\/vinicio.jarquin\" \/>\n<meta property=\"article:published_time\" content=\"2026-04-13T05:05:16+00:00\" \/>\n<meta property=\"article:modified_time\" content=\"2026-04-13T05:15:34+00:00\" \/>\n<meta property=\"og:image\" content=\"https:\/\/viniciojarquin.com\/blog\/wp-content\/uploads\/2026\/04\/002.png\" \/>\n\t<meta property=\"og:image:width\" content=\"800\" \/>\n\t<meta property=\"og:image:height\" content=\"533\" \/>\n\t<meta property=\"og:image:type\" content=\"image\/png\" \/>\n<meta name=\"author\" content=\"Vinicio Jarqu\u00edn\" \/>\n<meta name=\"twitter:card\" content=\"summary_large_image\" \/>\n<meta name=\"twitter:label1\" content=\"Escrito por\" \/>\n\t<meta name=\"twitter:data1\" content=\"Vinicio Jarqu\u00edn\" \/>\n\t<meta name=\"twitter:label2\" content=\"Tiempo de lectura\" \/>\n\t<meta name=\"twitter:data2\" content=\"4 minutos\" \/>\n<script type=\"application\/ld+json\" class=\"yoast-schema-graph\">{\"@context\":\"https:\/\/schema.org\",\"@graph\":[{\"@type\":\"Article\",\"@id\":\"https:\/\/viniciojarquin.com\/blog\/02-serie-apacigua-en-tiempos-de-ruido\/#article\",\"isPartOf\":{\"@id\":\"https:\/\/viniciojarquin.com\/blog\/02-serie-apacigua-en-tiempos-de-ruido\/\"},\"author\":{\"name\":\"Vinicio Jarqu\u00edn\",\"@id\":\"https:\/\/viniciojarquin.com\/blog\/#\/schema\/person\/90100c8845ae55462ec0657d3d2f8d3b\"},\"headline\":\"02 \u2013 Serie: Apacigua en tiempos de ruido\",\"datePublished\":\"2026-04-13T05:05:16+00:00\",\"dateModified\":\"2026-04-13T05:15:34+00:00\",\"mainEntityOfPage\":{\"@id\":\"https:\/\/viniciojarquin.com\/blog\/02-serie-apacigua-en-tiempos-de-ruido\/\"},\"wordCount\":631,\"commentCount\":0,\"publisher\":{\"@id\":\"https:\/\/viniciojarquin.com\/blog\/#\/schema\/person\/90100c8845ae55462ec0657d3d2f8d3b\"},\"image\":{\"@id\":\"https:\/\/viniciojarquin.com\/blog\/02-serie-apacigua-en-tiempos-de-ruido\/#primaryimage\"},\"thumbnailUrl\":\"https:\/\/viniciojarquin.com\/blog\/wp-content\/uploads\/2026\/04\/002.png\",\"articleSection\":[\"Escritos generales\"],\"inLanguage\":\"es\",\"potentialAction\":[{\"@type\":\"CommentAction\",\"name\":\"Comment\",\"target\":[\"https:\/\/viniciojarquin.com\/blog\/02-serie-apacigua-en-tiempos-de-ruido\/#respond\"]}]},{\"@type\":\"WebPage\",\"@id\":\"https:\/\/viniciojarquin.com\/blog\/02-serie-apacigua-en-tiempos-de-ruido\/\",\"url\":\"https:\/\/viniciojarquin.com\/blog\/02-serie-apacigua-en-tiempos-de-ruido\/\",\"name\":\"02 \u2013 Serie: Apacigua en tiempos de ruido - MI BLOG\",\"isPartOf\":{\"@id\":\"https:\/\/viniciojarquin.com\/blog\/#website\"},\"primaryImageOfPage\":{\"@id\":\"https:\/\/viniciojarquin.com\/blog\/02-serie-apacigua-en-tiempos-de-ruido\/#primaryimage\"},\"image\":{\"@id\":\"https:\/\/viniciojarquin.com\/blog\/02-serie-apacigua-en-tiempos-de-ruido\/#primaryimage\"},\"thumbnailUrl\":\"https:\/\/viniciojarquin.com\/blog\/wp-content\/uploads\/2026\/04\/002.png\",\"datePublished\":\"2026-04-13T05:05:16+00:00\",\"dateModified\":\"2026-04-13T05:15:34+00:00\",\"breadcrumb\":{\"@id\":\"https:\/\/viniciojarquin.com\/blog\/02-serie-apacigua-en-tiempos-de-ruido\/#breadcrumb\"},\"inLanguage\":\"es\",\"potentialAction\":[{\"@type\":\"ReadAction\",\"target\":[\"https:\/\/viniciojarquin.com\/blog\/02-serie-apacigua-en-tiempos-de-ruido\/\"]}]},{\"@type\":\"ImageObject\",\"inLanguage\":\"es\",\"@id\":\"https:\/\/viniciojarquin.com\/blog\/02-serie-apacigua-en-tiempos-de-ruido\/#primaryimage\",\"url\":\"https:\/\/viniciojarquin.com\/blog\/wp-content\/uploads\/2026\/04\/002.png\",\"contentUrl\":\"https:\/\/viniciojarquin.com\/blog\/wp-content\/uploads\/2026\/04\/002.png\",\"width\":800,\"height\":533},{\"@type\":\"BreadcrumbList\",\"@id\":\"https:\/\/viniciojarquin.com\/blog\/02-serie-apacigua-en-tiempos-de-ruido\/#breadcrumb\",\"itemListElement\":[{\"@type\":\"ListItem\",\"position\":1,\"name\":\"Portada\",\"item\":\"https:\/\/viniciojarquin.com\/blog\/\"},{\"@type\":\"ListItem\",\"position\":2,\"name\":\"02 \u2013 Serie: Apacigua en tiempos de ruido\"}]},{\"@type\":\"WebSite\",\"@id\":\"https:\/\/viniciojarquin.com\/blog\/#website\",\"url\":\"https:\/\/viniciojarquin.com\/blog\/\",\"name\":\"Vinicio Jarqu\u00edn BLOG\",\"description\":\"\",\"publisher\":{\"@id\":\"https:\/\/viniciojarquin.com\/blog\/#\/schema\/person\/90100c8845ae55462ec0657d3d2f8d3b\"},\"potentialAction\":[{\"@type\":\"SearchAction\",\"target\":{\"@type\":\"EntryPoint\",\"urlTemplate\":\"https:\/\/viniciojarquin.com\/blog\/?s={search_term_string}\"},\"query-input\":{\"@type\":\"PropertyValueSpecification\",\"valueRequired\":true,\"valueName\":\"search_term_string\"}}],\"inLanguage\":\"es\"},{\"@type\":[\"Person\",\"Organization\"],\"@id\":\"https:\/\/viniciojarquin.com\/blog\/#\/schema\/person\/90100c8845ae55462ec0657d3d2f8d3b\",\"name\":\"Vinicio Jarqu\u00edn\",\"image\":{\"@type\":\"ImageObject\",\"inLanguage\":\"es\",\"@id\":\"https:\/\/viniciojarquin.com\/blog\/#\/schema\/person\/image\/\",\"url\":\"https:\/\/viniciojarquin.com\/blog\/wp-content\/uploads\/2024\/10\/Logo-VinicioJarquin-original-400.png\",\"contentUrl\":\"https:\/\/viniciojarquin.com\/blog\/wp-content\/uploads\/2024\/10\/Logo-VinicioJarquin-original-400.png\",\"width\":400,\"height\":130,\"caption\":\"Vinicio Jarqu\u00edn\"},\"logo\":{\"@id\":\"https:\/\/viniciojarquin.com\/blog\/#\/schema\/person\/image\/\"},\"description\":\"Empresario textil, artista pl\u00e1stico, escritor, coach de vida y fot\u00f3grafo.\",\"sameAs\":[\"https:\/\/viniciojarquin.com\/blog\",\"https:\/\/www.facebook.com\/vinicio.jarquin\",\"https:\/\/www.instagram.com\/vinicio_jarquin\/\",\"https:\/\/www.pinterest.com\/vinnyjc\/\",\"https:\/\/www.youtube.com\/@VinicioJarquin\"],\"url\":\"https:\/\/viniciojarquin.com\/blog\/author\/admin_s02au25i\/\"}]}<\/script>\n<!-- \/ Yoast SEO plugin. -->","yoast_head_json":{"title":"02 \u2013 Serie: Apacigua en tiempos de ruido - MI BLOG","robots":{"index":"index","follow":"follow","max-snippet":"max-snippet:-1","max-image-preview":"max-image-preview:large","max-video-preview":"max-video-preview:-1"},"canonical":"https:\/\/viniciojarquin.com\/blog\/02-serie-apacigua-en-tiempos-de-ruido\/","og_locale":"es_ES","og_type":"article","og_title":"02 \u2013 Serie: Apacigua en tiempos de ruido - MI BLOG","og_description":"No todo lo que sientes merece una reacci\u00f3n Hay algo que pocas veces se dice con claridad, pero que cada [&hellip;]","og_url":"https:\/\/viniciojarquin.com\/blog\/02-serie-apacigua-en-tiempos-de-ruido\/","og_site_name":"MI BLOG","article_publisher":"https:\/\/www.facebook.com\/vinicio.jarquin","article_author":"https:\/\/www.facebook.com\/vinicio.jarquin","article_published_time":"2026-04-13T05:05:16+00:00","article_modified_time":"2026-04-13T05:15:34+00:00","og_image":[{"width":800,"height":533,"url":"https:\/\/viniciojarquin.com\/blog\/wp-content\/uploads\/2026\/04\/002.png","type":"image\/png"}],"author":"Vinicio Jarqu\u00edn","twitter_card":"summary_large_image","twitter_misc":{"Escrito por":"Vinicio Jarqu\u00edn","Tiempo de lectura":"4 minutos"},"schema":{"@context":"https:\/\/schema.org","@graph":[{"@type":"Article","@id":"https:\/\/viniciojarquin.com\/blog\/02-serie-apacigua-en-tiempos-de-ruido\/#article","isPartOf":{"@id":"https:\/\/viniciojarquin.com\/blog\/02-serie-apacigua-en-tiempos-de-ruido\/"},"author":{"name":"Vinicio Jarqu\u00edn","@id":"https:\/\/viniciojarquin.com\/blog\/#\/schema\/person\/90100c8845ae55462ec0657d3d2f8d3b"},"headline":"02 \u2013 Serie: Apacigua en tiempos de ruido","datePublished":"2026-04-13T05:05:16+00:00","dateModified":"2026-04-13T05:15:34+00:00","mainEntityOfPage":{"@id":"https:\/\/viniciojarquin.com\/blog\/02-serie-apacigua-en-tiempos-de-ruido\/"},"wordCount":631,"commentCount":0,"publisher":{"@id":"https:\/\/viniciojarquin.com\/blog\/#\/schema\/person\/90100c8845ae55462ec0657d3d2f8d3b"},"image":{"@id":"https:\/\/viniciojarquin.com\/blog\/02-serie-apacigua-en-tiempos-de-ruido\/#primaryimage"},"thumbnailUrl":"https:\/\/viniciojarquin.com\/blog\/wp-content\/uploads\/2026\/04\/002.png","articleSection":["Escritos generales"],"inLanguage":"es","potentialAction":[{"@type":"CommentAction","name":"Comment","target":["https:\/\/viniciojarquin.com\/blog\/02-serie-apacigua-en-tiempos-de-ruido\/#respond"]}]},{"@type":"WebPage","@id":"https:\/\/viniciojarquin.com\/blog\/02-serie-apacigua-en-tiempos-de-ruido\/","url":"https:\/\/viniciojarquin.com\/blog\/02-serie-apacigua-en-tiempos-de-ruido\/","name":"02 \u2013 Serie: Apacigua en tiempos de ruido - MI BLOG","isPartOf":{"@id":"https:\/\/viniciojarquin.com\/blog\/#website"},"primaryImageOfPage":{"@id":"https:\/\/viniciojarquin.com\/blog\/02-serie-apacigua-en-tiempos-de-ruido\/#primaryimage"},"image":{"@id":"https:\/\/viniciojarquin.com\/blog\/02-serie-apacigua-en-tiempos-de-ruido\/#primaryimage"},"thumbnailUrl":"https:\/\/viniciojarquin.com\/blog\/wp-content\/uploads\/2026\/04\/002.png","datePublished":"2026-04-13T05:05:16+00:00","dateModified":"2026-04-13T05:15:34+00:00","breadcrumb":{"@id":"https:\/\/viniciojarquin.com\/blog\/02-serie-apacigua-en-tiempos-de-ruido\/#breadcrumb"},"inLanguage":"es","potentialAction":[{"@type":"ReadAction","target":["https:\/\/viniciojarquin.com\/blog\/02-serie-apacigua-en-tiempos-de-ruido\/"]}]},{"@type":"ImageObject","inLanguage":"es","@id":"https:\/\/viniciojarquin.com\/blog\/02-serie-apacigua-en-tiempos-de-ruido\/#primaryimage","url":"https:\/\/viniciojarquin.com\/blog\/wp-content\/uploads\/2026\/04\/002.png","contentUrl":"https:\/\/viniciojarquin.com\/blog\/wp-content\/uploads\/2026\/04\/002.png","width":800,"height":533},{"@type":"BreadcrumbList","@id":"https:\/\/viniciojarquin.com\/blog\/02-serie-apacigua-en-tiempos-de-ruido\/#breadcrumb","itemListElement":[{"@type":"ListItem","position":1,"name":"Portada","item":"https:\/\/viniciojarquin.com\/blog\/"},{"@type":"ListItem","position":2,"name":"02 \u2013 Serie: Apacigua en tiempos de ruido"}]},{"@type":"WebSite","@id":"https:\/\/viniciojarquin.com\/blog\/#website","url":"https:\/\/viniciojarquin.com\/blog\/","name":"Vinicio Jarqu\u00edn BLOG","description":"","publisher":{"@id":"https:\/\/viniciojarquin.com\/blog\/#\/schema\/person\/90100c8845ae55462ec0657d3d2f8d3b"},"potentialAction":[{"@type":"SearchAction","target":{"@type":"EntryPoint","urlTemplate":"https:\/\/viniciojarquin.com\/blog\/?s={search_term_string}"},"query-input":{"@type":"PropertyValueSpecification","valueRequired":true,"valueName":"search_term_string"}}],"inLanguage":"es"},{"@type":["Person","Organization"],"@id":"https:\/\/viniciojarquin.com\/blog\/#\/schema\/person\/90100c8845ae55462ec0657d3d2f8d3b","name":"Vinicio Jarqu\u00edn","image":{"@type":"ImageObject","inLanguage":"es","@id":"https:\/\/viniciojarquin.com\/blog\/#\/schema\/person\/image\/","url":"https:\/\/viniciojarquin.com\/blog\/wp-content\/uploads\/2024\/10\/Logo-VinicioJarquin-original-400.png","contentUrl":"https:\/\/viniciojarquin.com\/blog\/wp-content\/uploads\/2024\/10\/Logo-VinicioJarquin-original-400.png","width":400,"height":130,"caption":"Vinicio Jarqu\u00edn"},"logo":{"@id":"https:\/\/viniciojarquin.com\/blog\/#\/schema\/person\/image\/"},"description":"Empresario textil, artista pl\u00e1stico, escritor, coach de vida y fot\u00f3grafo.","sameAs":["https:\/\/viniciojarquin.com\/blog","https:\/\/www.facebook.com\/vinicio.jarquin","https:\/\/www.instagram.com\/vinicio_jarquin\/","https:\/\/www.pinterest.com\/vinnyjc\/","https:\/\/www.youtube.com\/@VinicioJarquin"],"url":"https:\/\/viniciojarquin.com\/blog\/author\/admin_s02au25i\/"}]}},"blog_post_layout_featured_media_urls":{"thumbnail":["https:\/\/viniciojarquin.com\/blog\/wp-content\/uploads\/2026\/04\/002-150x150.png",150,150,true],"full":["https:\/\/viniciojarquin.com\/blog\/wp-content\/uploads\/2026\/04\/002.png",800,533,false]},"categories_names":{"9":{"name":"Escritos generales","link":"https:\/\/viniciojarquin.com\/blog\/category\/mis-escritos\/"}},"tags_names":[],"comments_number":"0","_links":{"self":[{"href":"https:\/\/viniciojarquin.com\/blog\/wp-json\/wp\/v2\/posts\/3392","targetHints":{"allow":["GET"]}}],"collection":[{"href":"https:\/\/viniciojarquin.com\/blog\/wp-json\/wp\/v2\/posts"}],"about":[{"href":"https:\/\/viniciojarquin.com\/blog\/wp-json\/wp\/v2\/types\/post"}],"author":[{"embeddable":true,"href":"https:\/\/viniciojarquin.com\/blog\/wp-json\/wp\/v2\/users\/1"}],"replies":[{"embeddable":true,"href":"https:\/\/viniciojarquin.com\/blog\/wp-json\/wp\/v2\/comments?post=3392"}],"version-history":[{"count":2,"href":"https:\/\/viniciojarquin.com\/blog\/wp-json\/wp\/v2\/posts\/3392\/revisions"}],"predecessor-version":[{"id":3408,"href":"https:\/\/viniciojarquin.com\/blog\/wp-json\/wp\/v2\/posts\/3392\/revisions\/3408"}],"wp:featuredmedia":[{"embeddable":true,"href":"https:\/\/viniciojarquin.com\/blog\/wp-json\/wp\/v2\/media\/3400"}],"wp:attachment":[{"href":"https:\/\/viniciojarquin.com\/blog\/wp-json\/wp\/v2\/media?parent=3392"}],"wp:term":[{"taxonomy":"category","embeddable":true,"href":"https:\/\/viniciojarquin.com\/blog\/wp-json\/wp\/v2\/categories?post=3392"},{"taxonomy":"post_tag","embeddable":true,"href":"https:\/\/viniciojarquin.com\/blog\/wp-json\/wp\/v2\/tags?post=3392"}],"curies":[{"name":"wp","href":"https:\/\/api.w.org\/{rel}","templated":true}]}}