{"id":3393,"date":"2026-04-13T05:05:20","date_gmt":"2026-04-13T05:05:20","guid":{"rendered":"https:\/\/viniciojarquin.com\/blog\/?p=3393"},"modified":"2026-04-13T05:15:40","modified_gmt":"2026-04-13T05:15:40","slug":"03-serie-apacigua-en-tiempos-de-ruido","status":"publish","type":"post","link":"https:\/\/viniciojarquin.com\/blog\/03-serie-apacigua-en-tiempos-de-ruido\/","title":{"rendered":"03 \u2013 Serie: Apacigua en tiempos de ruido"},"content":{"rendered":"\n<figure class=\"wp-block-image size-full\"><img decoding=\"async\" width=\"800\" height=\"533\" data-src=\"https:\/\/viniciojarquin.com\/blog\/wp-content\/uploads\/2026\/04\/003.png\" alt=\"\" class=\"wp-image-3402 lazyload\" data-srcset=\"https:\/\/viniciojarquin.com\/blog\/wp-content\/uploads\/2026\/04\/003.png 800w, https:\/\/viniciojarquin.com\/blog\/wp-content\/uploads\/2026\/04\/003-300x200.png 300w, https:\/\/viniciojarquin.com\/blog\/wp-content\/uploads\/2026\/04\/003-768x512.png 768w\" data-sizes=\"(max-width: 800px) 100vw, 800px\" src=\"data:image\/svg+xml;base64,PHN2ZyB3aWR0aD0iMSIgaGVpZ2h0PSIxIiB4bWxucz0iaHR0cDovL3d3dy53My5vcmcvMjAwMC9zdmciPjwvc3ZnPg==\" style=\"--smush-placeholder-width: 800px; --smush-placeholder-aspect-ratio: 800\/533;\" \/><\/figure>\n\n\n\n<p><strong>El pa\u00eds que se desordena\u2026 y la mente que lo sigue<\/strong><\/p>\n\n\n\n<p>Hay algo que no siempre se dice, pero que se percibe con claridad cuando uno observa con calma: el entorno influye m\u00e1s de lo que creemos. No solo en lo que opinamos, sino en c\u00f3mo sentimos, en c\u00f3mo reaccionamos, en c\u00f3mo nos relacionamos con los dem\u00e1s. Y cuando ese entorno empieza a tensarse, a fragmentarse, a llenarse de ruido\u2026 algo dentro de nosotros tambi\u00e9n empieza a moverse en esa misma direcci\u00f3n.<\/p>\n\n\n\n<p>No es casualidad.<\/p>\n\n\n\n<p>Lo que ocurre afuera, de una u otra forma, encuentra eco adentro. Las discusiones constantes, las posturas r\u00edgidas, la necesidad de tener la raz\u00f3n, el tono cada vez m\u00e1s confrontativo\u2026 todo eso no se queda en lo externo. Se filtra. Se instala. Y poco a poco empieza a influir en la forma en la que cada persona vive su d\u00eda a d\u00eda.<\/p>\n\n\n\n<p>Y entonces pasa algo curioso \u2014y a la vez preocupante\u2014: comenzamos a normalizar ese estado. Nos acostumbramos al desorden. A la tensi\u00f3n. A la incomodidad constante. Como si fuera parte inevitable del momento, como si no hubiera otra forma de estar.<\/p>\n\n\n\n<p>Pero s\u00ed la hay.<\/p>\n\n\n\n<p>El problema es que esa otra forma no es autom\u00e1tica. No se contagia tan r\u00e1pido como el conflicto. No se impone con facilidad. Requiere algo que hoy no siempre est\u00e1 disponible: intenci\u00f3n.<\/p>\n\n\n\n<p>Porque as\u00ed como el entorno puede desordenarte\u2026 tambi\u00e9n puedes elegir no replicarlo.<\/p>\n\n\n\n<p>Puedes decidir no entrar en cada discusi\u00f3n.<br>Puedes elegir no adoptar el tono dominante.<br>Puedes darte cuenta de que no todo lo que ocurre afuera necesita convertirse en una carga interna.<\/p>\n\n\n\n<p>Y eso, aunque parezca peque\u00f1o, cambia mucho m\u00e1s de lo que imaginas.<\/p>\n\n\n\n<p>Porque un pa\u00eds no se construye solo desde las decisiones visibles, desde las estructuras, desde los espacios formales. Tambi\u00e9n se construye \u2014todos los d\u00edas\u2014 desde la forma en la que las personas piensan, sienten y act\u00faan. Desde c\u00f3mo se hablan entre s\u00ed. Desde c\u00f3mo manejan sus diferencias. Desde c\u00f3mo sostienen \u2014o no\u2014 su equilibrio interno.<\/p>\n\n\n\n<p>Y cuando ese equilibrio se pierde de forma masiva\u2026 el efecto se nota.<\/p>\n\n\n\n<p>Por eso, en medio de contextos complejos, cuidar tu estado interno deja de ser un lujo personal. Se convierte en una responsabilidad m\u00e1s amplia. No desde la presi\u00f3n, ni desde la obligaci\u00f3n, sino desde la conciencia de que lo que ocurre dentro de ti no es completamente ajeno a lo que ocurre afuera.<\/p>\n\n\n\n<p>Hay quienes han decidido asumir esa responsabilidad de una forma distinta. No desde el ruido, sino desde la coherencia. No desde la confrontaci\u00f3n constante, sino desde la claridad interna. No porque ignoren lo que pasa, sino porque entienden que replicarlo no lo mejora.<\/p>\n\n\n\n<p>Apacigua se mueve precisamente en ese espacio. No como una respuesta perfecta, ni como una soluci\u00f3n total, sino como un intento consciente de no dejarse arrastrar por la din\u00e1mica dominante. De sostener otra forma de estar, incluso cuando lo f\u00e1cil ser\u00eda hacer lo mismo que todos.<\/p>\n\n\n\n<p>Y eso, aunque no haga titulares, aunque no genere aplausos inmediatos\u2026 tiene un impacto silencioso, pero real.<\/p>\n\n\n\n<p>Porque cada persona que logra mantener su centro en medio del desorden\u2026 aporta algo distinto al entorno. Algo que no se mide en volumen, sino en calidad.<\/p>\n\n\n\n<p>Y en tiempos como estos, eso tambi\u00e9n cuenta.<\/p>\n\n\n\n<p>Si este contenido te ayuda a mirar distinto lo que ocurre a tu alrededor y dentro de ti, si te aporta una pausa en medio del ruido, vale la pena recordar que estos espacios se sostienen gracias a personas que creen en ellos y que deciden acompa\u00f1arlos de distintas formas.<\/p>\n\n\n\n<p>Ma\u00f1ana seguimos.<\/p>\n","protected":false},"excerpt":{"rendered":"<p>El pa\u00eds que se desordena\u2026 y la mente que lo sigue Hay algo que no siempre se dice, pero que [&hellip;]<\/p>\n","protected":false},"author":1,"featured_media":3402,"comment_status":"open","ping_status":"open","sticky":false,"template":"","format":"standard","meta":{"site-sidebar-layout":"default","site-content-layout":"","ast-site-content-layout":"","site-content-style":"default","site-sidebar-style":"default","ast-global-header-display":"","ast-banner-title-visibility":"","ast-main-header-display":"","ast-hfb-above-header-display":"","ast-hfb-below-header-display":"","ast-hfb-mobile-header-display":"","site-post-title":"","ast-breadcrumbs-content":"","ast-featured-img":"","footer-sml-layout":"","theme-transparent-header-meta":"","adv-header-id-meta":"","stick-header-meta":"","header-above-stick-meta":"","header-main-stick-meta":"","header-below-stick-meta":"","astra-migrate-meta-layouts":"default","ast-page-background-enabled":"default","ast-page-background-meta":{"desktop":{"background-color":"var(--ast-global-color-5)","background-image":"","background-repeat":"repeat","background-position":"center center","background-size":"auto","background-attachment":"scroll","background-type":"","background-media":"","overlay-type":"","overlay-color":"","overlay-opacity":"","overlay-gradient":""},"tablet":{"background-color":"","background-image":"","background-repeat":"repeat","background-position":"center center","background-size":"auto","background-attachment":"scroll","background-type":"","background-media":"","overlay-type":"","overlay-color":"","overlay-opacity":"","overlay-gradient":""},"mobile":{"background-color":"","background-image":"","background-repeat":"repeat","background-position":"center center","background-size":"auto","background-attachment":"scroll","background-type":"","background-media":"","overlay-type":"","overlay-color":"","overlay-opacity":"","overlay-gradient":""}},"ast-content-background-meta":{"desktop":{"background-color":"var(--ast-global-color-4)","background-image":"","background-repeat":"repeat","background-position":"center center","background-size":"auto","background-attachment":"scroll","background-type":"","background-media":"","overlay-type":"","overlay-color":"","overlay-opacity":"","overlay-gradient":""},"tablet":{"background-color":"var(--ast-global-color-4)","background-image":"","background-repeat":"repeat","background-position":"center center","background-size":"auto","background-attachment":"scroll","background-type":"","background-media":"","overlay-type":"","overlay-color":"","overlay-opacity":"","overlay-gradient":""},"mobile":{"background-color":"var(--ast-global-color-4)","background-image":"","background-repeat":"repeat","background-position":"center center","background-size":"auto","background-attachment":"scroll","background-type":"","background-media":"","overlay-type":"","overlay-color":"","overlay-opacity":"","overlay-gradient":""}},"footnotes":""},"categories":[9],"tags":[],"class_list":["post-3393","post","type-post","status-publish","format-standard","has-post-thumbnail","hentry","category-mis-escritos"],"yoast_head":"<!-- This site is optimized with the Yoast SEO plugin v26.0 - https:\/\/yoast.com\/wordpress\/plugins\/seo\/ -->\n<title>03 \u2013 Serie: Apacigua en tiempos de ruido - MI BLOG<\/title>\n<meta name=\"robots\" content=\"index, follow, max-snippet:-1, max-image-preview:large, max-video-preview:-1\" \/>\n<link rel=\"canonical\" href=\"https:\/\/viniciojarquin.com\/blog\/03-serie-apacigua-en-tiempos-de-ruido\/\" \/>\n<meta property=\"og:locale\" content=\"es_ES\" \/>\n<meta property=\"og:type\" content=\"article\" \/>\n<meta property=\"og:title\" content=\"03 \u2013 Serie: Apacigua en tiempos de ruido - MI BLOG\" \/>\n<meta property=\"og:description\" content=\"El pa\u00eds que se desordena\u2026 y la mente que lo sigue Hay algo que no siempre se dice, pero que [&hellip;]\" \/>\n<meta property=\"og:url\" content=\"https:\/\/viniciojarquin.com\/blog\/03-serie-apacigua-en-tiempos-de-ruido\/\" \/>\n<meta property=\"og:site_name\" content=\"MI BLOG\" \/>\n<meta property=\"article:publisher\" content=\"https:\/\/www.facebook.com\/vinicio.jarquin\" \/>\n<meta property=\"article:author\" content=\"https:\/\/www.facebook.com\/vinicio.jarquin\" \/>\n<meta property=\"article:published_time\" content=\"2026-04-13T05:05:20+00:00\" \/>\n<meta property=\"article:modified_time\" content=\"2026-04-13T05:15:40+00:00\" \/>\n<meta property=\"og:image\" content=\"https:\/\/viniciojarquin.com\/blog\/wp-content\/uploads\/2026\/04\/003.png\" \/>\n\t<meta property=\"og:image:width\" content=\"800\" \/>\n\t<meta property=\"og:image:height\" content=\"533\" \/>\n\t<meta property=\"og:image:type\" content=\"image\/png\" \/>\n<meta name=\"author\" content=\"Vinicio Jarqu\u00edn\" \/>\n<meta name=\"twitter:card\" content=\"summary_large_image\" \/>\n<meta name=\"twitter:label1\" content=\"Escrito por\" \/>\n\t<meta name=\"twitter:data1\" content=\"Vinicio Jarqu\u00edn\" \/>\n\t<meta name=\"twitter:label2\" content=\"Tiempo de lectura\" \/>\n\t<meta name=\"twitter:data2\" content=\"4 minutos\" \/>\n<script type=\"application\/ld+json\" class=\"yoast-schema-graph\">{\"@context\":\"https:\/\/schema.org\",\"@graph\":[{\"@type\":\"Article\",\"@id\":\"https:\/\/viniciojarquin.com\/blog\/03-serie-apacigua-en-tiempos-de-ruido\/#article\",\"isPartOf\":{\"@id\":\"https:\/\/viniciojarquin.com\/blog\/03-serie-apacigua-en-tiempos-de-ruido\/\"},\"author\":{\"name\":\"Vinicio Jarqu\u00edn\",\"@id\":\"https:\/\/viniciojarquin.com\/blog\/#\/schema\/person\/90100c8845ae55462ec0657d3d2f8d3b\"},\"headline\":\"03 \u2013 Serie: Apacigua en tiempos de ruido\",\"datePublished\":\"2026-04-13T05:05:20+00:00\",\"dateModified\":\"2026-04-13T05:15:40+00:00\",\"mainEntityOfPage\":{\"@id\":\"https:\/\/viniciojarquin.com\/blog\/03-serie-apacigua-en-tiempos-de-ruido\/\"},\"wordCount\":638,\"commentCount\":0,\"publisher\":{\"@id\":\"https:\/\/viniciojarquin.com\/blog\/#\/schema\/person\/90100c8845ae55462ec0657d3d2f8d3b\"},\"image\":{\"@id\":\"https:\/\/viniciojarquin.com\/blog\/03-serie-apacigua-en-tiempos-de-ruido\/#primaryimage\"},\"thumbnailUrl\":\"https:\/\/viniciojarquin.com\/blog\/wp-content\/uploads\/2026\/04\/003.png\",\"articleSection\":[\"Escritos generales\"],\"inLanguage\":\"es\",\"potentialAction\":[{\"@type\":\"CommentAction\",\"name\":\"Comment\",\"target\":[\"https:\/\/viniciojarquin.com\/blog\/03-serie-apacigua-en-tiempos-de-ruido\/#respond\"]}]},{\"@type\":\"WebPage\",\"@id\":\"https:\/\/viniciojarquin.com\/blog\/03-serie-apacigua-en-tiempos-de-ruido\/\",\"url\":\"https:\/\/viniciojarquin.com\/blog\/03-serie-apacigua-en-tiempos-de-ruido\/\",\"name\":\"03 \u2013 Serie: Apacigua en tiempos de ruido - MI BLOG\",\"isPartOf\":{\"@id\":\"https:\/\/viniciojarquin.com\/blog\/#website\"},\"primaryImageOfPage\":{\"@id\":\"https:\/\/viniciojarquin.com\/blog\/03-serie-apacigua-en-tiempos-de-ruido\/#primaryimage\"},\"image\":{\"@id\":\"https:\/\/viniciojarquin.com\/blog\/03-serie-apacigua-en-tiempos-de-ruido\/#primaryimage\"},\"thumbnailUrl\":\"https:\/\/viniciojarquin.com\/blog\/wp-content\/uploads\/2026\/04\/003.png\",\"datePublished\":\"2026-04-13T05:05:20+00:00\",\"dateModified\":\"2026-04-13T05:15:40+00:00\",\"breadcrumb\":{\"@id\":\"https:\/\/viniciojarquin.com\/blog\/03-serie-apacigua-en-tiempos-de-ruido\/#breadcrumb\"},\"inLanguage\":\"es\",\"potentialAction\":[{\"@type\":\"ReadAction\",\"target\":[\"https:\/\/viniciojarquin.com\/blog\/03-serie-apacigua-en-tiempos-de-ruido\/\"]}]},{\"@type\":\"ImageObject\",\"inLanguage\":\"es\",\"@id\":\"https:\/\/viniciojarquin.com\/blog\/03-serie-apacigua-en-tiempos-de-ruido\/#primaryimage\",\"url\":\"https:\/\/viniciojarquin.com\/blog\/wp-content\/uploads\/2026\/04\/003.png\",\"contentUrl\":\"https:\/\/viniciojarquin.com\/blog\/wp-content\/uploads\/2026\/04\/003.png\",\"width\":800,\"height\":533},{\"@type\":\"BreadcrumbList\",\"@id\":\"https:\/\/viniciojarquin.com\/blog\/03-serie-apacigua-en-tiempos-de-ruido\/#breadcrumb\",\"itemListElement\":[{\"@type\":\"ListItem\",\"position\":1,\"name\":\"Portada\",\"item\":\"https:\/\/viniciojarquin.com\/blog\/\"},{\"@type\":\"ListItem\",\"position\":2,\"name\":\"03 \u2013 Serie: Apacigua en tiempos de ruido\"}]},{\"@type\":\"WebSite\",\"@id\":\"https:\/\/viniciojarquin.com\/blog\/#website\",\"url\":\"https:\/\/viniciojarquin.com\/blog\/\",\"name\":\"Vinicio Jarqu\u00edn BLOG\",\"description\":\"\",\"publisher\":{\"@id\":\"https:\/\/viniciojarquin.com\/blog\/#\/schema\/person\/90100c8845ae55462ec0657d3d2f8d3b\"},\"potentialAction\":[{\"@type\":\"SearchAction\",\"target\":{\"@type\":\"EntryPoint\",\"urlTemplate\":\"https:\/\/viniciojarquin.com\/blog\/?s={search_term_string}\"},\"query-input\":{\"@type\":\"PropertyValueSpecification\",\"valueRequired\":true,\"valueName\":\"search_term_string\"}}],\"inLanguage\":\"es\"},{\"@type\":[\"Person\",\"Organization\"],\"@id\":\"https:\/\/viniciojarquin.com\/blog\/#\/schema\/person\/90100c8845ae55462ec0657d3d2f8d3b\",\"name\":\"Vinicio Jarqu\u00edn\",\"image\":{\"@type\":\"ImageObject\",\"inLanguage\":\"es\",\"@id\":\"https:\/\/viniciojarquin.com\/blog\/#\/schema\/person\/image\/\",\"url\":\"https:\/\/viniciojarquin.com\/blog\/wp-content\/uploads\/2024\/10\/Logo-VinicioJarquin-original-400.png\",\"contentUrl\":\"https:\/\/viniciojarquin.com\/blog\/wp-content\/uploads\/2024\/10\/Logo-VinicioJarquin-original-400.png\",\"width\":400,\"height\":130,\"caption\":\"Vinicio Jarqu\u00edn\"},\"logo\":{\"@id\":\"https:\/\/viniciojarquin.com\/blog\/#\/schema\/person\/image\/\"},\"description\":\"Empresario textil, artista pl\u00e1stico, escritor, coach de vida y fot\u00f3grafo.\",\"sameAs\":[\"https:\/\/viniciojarquin.com\/blog\",\"https:\/\/www.facebook.com\/vinicio.jarquin\",\"https:\/\/www.instagram.com\/vinicio_jarquin\/\",\"https:\/\/www.pinterest.com\/vinnyjc\/\",\"https:\/\/www.youtube.com\/@VinicioJarquin\"],\"url\":\"https:\/\/viniciojarquin.com\/blog\/author\/admin_s02au25i\/\"}]}<\/script>\n<!-- \/ Yoast SEO plugin. -->","yoast_head_json":{"title":"03 \u2013 Serie: Apacigua en tiempos de ruido - MI BLOG","robots":{"index":"index","follow":"follow","max-snippet":"max-snippet:-1","max-image-preview":"max-image-preview:large","max-video-preview":"max-video-preview:-1"},"canonical":"https:\/\/viniciojarquin.com\/blog\/03-serie-apacigua-en-tiempos-de-ruido\/","og_locale":"es_ES","og_type":"article","og_title":"03 \u2013 Serie: Apacigua en tiempos de ruido - MI BLOG","og_description":"El pa\u00eds que se desordena\u2026 y la mente que lo sigue Hay algo que no siempre se dice, pero que [&hellip;]","og_url":"https:\/\/viniciojarquin.com\/blog\/03-serie-apacigua-en-tiempos-de-ruido\/","og_site_name":"MI BLOG","article_publisher":"https:\/\/www.facebook.com\/vinicio.jarquin","article_author":"https:\/\/www.facebook.com\/vinicio.jarquin","article_published_time":"2026-04-13T05:05:20+00:00","article_modified_time":"2026-04-13T05:15:40+00:00","og_image":[{"width":800,"height":533,"url":"https:\/\/viniciojarquin.com\/blog\/wp-content\/uploads\/2026\/04\/003.png","type":"image\/png"}],"author":"Vinicio Jarqu\u00edn","twitter_card":"summary_large_image","twitter_misc":{"Escrito por":"Vinicio Jarqu\u00edn","Tiempo de lectura":"4 minutos"},"schema":{"@context":"https:\/\/schema.org","@graph":[{"@type":"Article","@id":"https:\/\/viniciojarquin.com\/blog\/03-serie-apacigua-en-tiempos-de-ruido\/#article","isPartOf":{"@id":"https:\/\/viniciojarquin.com\/blog\/03-serie-apacigua-en-tiempos-de-ruido\/"},"author":{"name":"Vinicio Jarqu\u00edn","@id":"https:\/\/viniciojarquin.com\/blog\/#\/schema\/person\/90100c8845ae55462ec0657d3d2f8d3b"},"headline":"03 \u2013 Serie: Apacigua en tiempos de ruido","datePublished":"2026-04-13T05:05:20+00:00","dateModified":"2026-04-13T05:15:40+00:00","mainEntityOfPage":{"@id":"https:\/\/viniciojarquin.com\/blog\/03-serie-apacigua-en-tiempos-de-ruido\/"},"wordCount":638,"commentCount":0,"publisher":{"@id":"https:\/\/viniciojarquin.com\/blog\/#\/schema\/person\/90100c8845ae55462ec0657d3d2f8d3b"},"image":{"@id":"https:\/\/viniciojarquin.com\/blog\/03-serie-apacigua-en-tiempos-de-ruido\/#primaryimage"},"thumbnailUrl":"https:\/\/viniciojarquin.com\/blog\/wp-content\/uploads\/2026\/04\/003.png","articleSection":["Escritos generales"],"inLanguage":"es","potentialAction":[{"@type":"CommentAction","name":"Comment","target":["https:\/\/viniciojarquin.com\/blog\/03-serie-apacigua-en-tiempos-de-ruido\/#respond"]}]},{"@type":"WebPage","@id":"https:\/\/viniciojarquin.com\/blog\/03-serie-apacigua-en-tiempos-de-ruido\/","url":"https:\/\/viniciojarquin.com\/blog\/03-serie-apacigua-en-tiempos-de-ruido\/","name":"03 \u2013 Serie: Apacigua en tiempos de ruido - MI BLOG","isPartOf":{"@id":"https:\/\/viniciojarquin.com\/blog\/#website"},"primaryImageOfPage":{"@id":"https:\/\/viniciojarquin.com\/blog\/03-serie-apacigua-en-tiempos-de-ruido\/#primaryimage"},"image":{"@id":"https:\/\/viniciojarquin.com\/blog\/03-serie-apacigua-en-tiempos-de-ruido\/#primaryimage"},"thumbnailUrl":"https:\/\/viniciojarquin.com\/blog\/wp-content\/uploads\/2026\/04\/003.png","datePublished":"2026-04-13T05:05:20+00:00","dateModified":"2026-04-13T05:15:40+00:00","breadcrumb":{"@id":"https:\/\/viniciojarquin.com\/blog\/03-serie-apacigua-en-tiempos-de-ruido\/#breadcrumb"},"inLanguage":"es","potentialAction":[{"@type":"ReadAction","target":["https:\/\/viniciojarquin.com\/blog\/03-serie-apacigua-en-tiempos-de-ruido\/"]}]},{"@type":"ImageObject","inLanguage":"es","@id":"https:\/\/viniciojarquin.com\/blog\/03-serie-apacigua-en-tiempos-de-ruido\/#primaryimage","url":"https:\/\/viniciojarquin.com\/blog\/wp-content\/uploads\/2026\/04\/003.png","contentUrl":"https:\/\/viniciojarquin.com\/blog\/wp-content\/uploads\/2026\/04\/003.png","width":800,"height":533},{"@type":"BreadcrumbList","@id":"https:\/\/viniciojarquin.com\/blog\/03-serie-apacigua-en-tiempos-de-ruido\/#breadcrumb","itemListElement":[{"@type":"ListItem","position":1,"name":"Portada","item":"https:\/\/viniciojarquin.com\/blog\/"},{"@type":"ListItem","position":2,"name":"03 \u2013 Serie: Apacigua en tiempos de ruido"}]},{"@type":"WebSite","@id":"https:\/\/viniciojarquin.com\/blog\/#website","url":"https:\/\/viniciojarquin.com\/blog\/","name":"Vinicio Jarqu\u00edn BLOG","description":"","publisher":{"@id":"https:\/\/viniciojarquin.com\/blog\/#\/schema\/person\/90100c8845ae55462ec0657d3d2f8d3b"},"potentialAction":[{"@type":"SearchAction","target":{"@type":"EntryPoint","urlTemplate":"https:\/\/viniciojarquin.com\/blog\/?s={search_term_string}"},"query-input":{"@type":"PropertyValueSpecification","valueRequired":true,"valueName":"search_term_string"}}],"inLanguage":"es"},{"@type":["Person","Organization"],"@id":"https:\/\/viniciojarquin.com\/blog\/#\/schema\/person\/90100c8845ae55462ec0657d3d2f8d3b","name":"Vinicio Jarqu\u00edn","image":{"@type":"ImageObject","inLanguage":"es","@id":"https:\/\/viniciojarquin.com\/blog\/#\/schema\/person\/image\/","url":"https:\/\/viniciojarquin.com\/blog\/wp-content\/uploads\/2024\/10\/Logo-VinicioJarquin-original-400.png","contentUrl":"https:\/\/viniciojarquin.com\/blog\/wp-content\/uploads\/2024\/10\/Logo-VinicioJarquin-original-400.png","width":400,"height":130,"caption":"Vinicio Jarqu\u00edn"},"logo":{"@id":"https:\/\/viniciojarquin.com\/blog\/#\/schema\/person\/image\/"},"description":"Empresario textil, artista pl\u00e1stico, escritor, coach de vida y fot\u00f3grafo.","sameAs":["https:\/\/viniciojarquin.com\/blog","https:\/\/www.facebook.com\/vinicio.jarquin","https:\/\/www.instagram.com\/vinicio_jarquin\/","https:\/\/www.pinterest.com\/vinnyjc\/","https:\/\/www.youtube.com\/@VinicioJarquin"],"url":"https:\/\/viniciojarquin.com\/blog\/author\/admin_s02au25i\/"}]}},"blog_post_layout_featured_media_urls":{"thumbnail":["https:\/\/viniciojarquin.com\/blog\/wp-content\/uploads\/2026\/04\/003-150x150.png",150,150,true],"full":["https:\/\/viniciojarquin.com\/blog\/wp-content\/uploads\/2026\/04\/003.png",800,533,false]},"categories_names":{"9":{"name":"Escritos generales","link":"https:\/\/viniciojarquin.com\/blog\/category\/mis-escritos\/"}},"tags_names":[],"comments_number":"0","_links":{"self":[{"href":"https:\/\/viniciojarquin.com\/blog\/wp-json\/wp\/v2\/posts\/3393","targetHints":{"allow":["GET"]}}],"collection":[{"href":"https:\/\/viniciojarquin.com\/blog\/wp-json\/wp\/v2\/posts"}],"about":[{"href":"https:\/\/viniciojarquin.com\/blog\/wp-json\/wp\/v2\/types\/post"}],"author":[{"embeddable":true,"href":"https:\/\/viniciojarquin.com\/blog\/wp-json\/wp\/v2\/users\/1"}],"replies":[{"embeddable":true,"href":"https:\/\/viniciojarquin.com\/blog\/wp-json\/wp\/v2\/comments?post=3393"}],"version-history":[{"count":2,"href":"https:\/\/viniciojarquin.com\/blog\/wp-json\/wp\/v2\/posts\/3393\/revisions"}],"predecessor-version":[{"id":3409,"href":"https:\/\/viniciojarquin.com\/blog\/wp-json\/wp\/v2\/posts\/3393\/revisions\/3409"}],"wp:featuredmedia":[{"embeddable":true,"href":"https:\/\/viniciojarquin.com\/blog\/wp-json\/wp\/v2\/media\/3402"}],"wp:attachment":[{"href":"https:\/\/viniciojarquin.com\/blog\/wp-json\/wp\/v2\/media?parent=3393"}],"wp:term":[{"taxonomy":"category","embeddable":true,"href":"https:\/\/viniciojarquin.com\/blog\/wp-json\/wp\/v2\/categories?post=3393"},{"taxonomy":"post_tag","embeddable":true,"href":"https:\/\/viniciojarquin.com\/blog\/wp-json\/wp\/v2\/tags?post=3393"}],"curies":[{"name":"wp","href":"https:\/\/api.w.org\/{rel}","templated":true}]}}