{"id":3394,"date":"2026-04-13T05:05:22","date_gmt":"2026-04-13T05:05:22","guid":{"rendered":"https:\/\/viniciojarquin.com\/blog\/?p=3394"},"modified":"2026-04-13T05:15:46","modified_gmt":"2026-04-13T05:15:46","slug":"04-serie-apacigua-en-tiempos-de-ruido","status":"publish","type":"post","link":"https:\/\/viniciojarquin.com\/blog\/04-serie-apacigua-en-tiempos-de-ruido\/","title":{"rendered":"04 \u2013 Serie: Apacigua en tiempos de ruido"},"content":{"rendered":"\n<figure class=\"wp-block-image size-full\"><img decoding=\"async\" width=\"800\" height=\"533\" data-src=\"https:\/\/viniciojarquin.com\/blog\/wp-content\/uploads\/2026\/04\/004.png\" alt=\"\" class=\"wp-image-3403 lazyload\" data-srcset=\"https:\/\/viniciojarquin.com\/blog\/wp-content\/uploads\/2026\/04\/004.png 800w, https:\/\/viniciojarquin.com\/blog\/wp-content\/uploads\/2026\/04\/004-300x200.png 300w, https:\/\/viniciojarquin.com\/blog\/wp-content\/uploads\/2026\/04\/004-768x512.png 768w\" data-sizes=\"(max-width: 800px) 100vw, 800px\" src=\"data:image\/svg+xml;base64,PHN2ZyB3aWR0aD0iMSIgaGVpZ2h0PSIxIiB4bWxucz0iaHR0cDovL3d3dy53My5vcmcvMjAwMC9zdmciPjwvc3ZnPg==\" style=\"--smush-placeholder-width: 800px; --smush-placeholder-aspect-ratio: 800\/533;\" \/><\/figure>\n\n\n\n<p><strong>Volver a ti tambi\u00e9n es un acto de ciudadan\u00eda<\/strong><\/p>\n\n\n\n<p>Hay una idea que muchas veces se pasa por alto cuando se habla de pa\u00eds, de sociedad, de lo que est\u00e1 ocurriendo alrededor: creemos que todo se define afuera. Que las decisiones importantes est\u00e1n lejos, que las din\u00e1micas grandes no dependen de nosotros, que lo que hacemos individualmente tiene poco peso frente a lo colectivo.<\/p>\n\n\n\n<p>Y, en parte, es comprensible pensarlo as\u00ed.<\/p>\n\n\n\n<p>Pero hay algo que rara vez se observa con la misma atenci\u00f3n: el estado interno de una persona no es irrelevante para el entorno en el que vive. No es un asunto aislado. No es un tema menor. La forma en la que piensas, en la que sientes, en la que reaccionas\u2026 termina teniendo un impacto, aunque no siempre sea visible de inmediato.<\/p>\n\n\n\n<p>Porque no interact\u00faas con el pa\u00eds como un concepto. Interact\u00faas con personas. Y cada interacci\u00f3n \u2014por peque\u00f1a que parezca\u2014 suma o resta a ese tejido com\u00fan que todos habitamos.<\/p>\n\n\n\n<p>Una conversaci\u00f3n en la que decides no escalar un conflicto.<br>Un momento en el que eliges escuchar en lugar de imponer.<br>Una reacci\u00f3n que logras contener antes de que se convierta en algo m\u00e1s.<\/p>\n\n\n\n<p>Nada de eso sale en titulares. Nadie lo aplaude. Nadie lo reconoce p\u00fablicamente. Pero todo eso construye.<\/p>\n\n\n\n<p>Y en tiempos donde lo visible suele estar cargado de tensi\u00f3n, de ruido, de confrontaci\u00f3n\u2026 ese tipo de decisiones adquiere un valor distinto.<\/p>\n\n\n\n<p>Volver a ti no es desconectarte del mundo. No es ignorar lo que ocurre. No es vivir en una burbuja. Es, m\u00e1s bien, asegurarte de que lo que aportas no viene desde el desorden, desde la impulsividad o desde la reacci\u00f3n autom\u00e1tica.<\/p>\n\n\n\n<p>Es entender que tu estado interno tambi\u00e9n participa.<\/p>\n\n\n\n<p>Que tu forma de estar suma.<\/p>\n\n\n\n<p>Que tu manera de responder influye.<\/p>\n\n\n\n<p>Y que, aunque no puedas controlar todo lo que ocurre afuera, s\u00ed puedes decidir desde d\u00f3nde te relacionas con eso.<\/p>\n\n\n\n<p>No es una tarea f\u00e1cil. Porque el entorno empuja en otra direcci\u00f3n. Invita a responder r\u00e1pido, a tomar partido de inmediato, a intensificar lo que ya est\u00e1 cargado. Y en ese contexto, detenerte, observar, elegir\u2026 puede sentirse como ir en contra de la corriente.<\/p>\n\n\n\n<p>Pero hay quienes han decidido hacerlo.<\/p>\n\n\n\n<p>No porque sea c\u00f3modo.<br>No porque sea f\u00e1cil.<br>Sino porque entienden que repetir el mismo patr\u00f3n no cambia nada.<\/p>\n\n\n\n<p>Ah\u00ed es donde empieza a tomar forma algo distinto. Una forma de ciudadan\u00eda menos visible, pero m\u00e1s profunda. Una que no se limita a lo externo, sino que incluye lo interno como parte del proceso.<\/p>\n\n\n\n<p>Apacigua nace desde esa comprensi\u00f3n. Desde la idea de que volver a ti no es un acto aislado, sino una forma de participar de manera m\u00e1s consciente en lo que ocurre alrededor. No desde la imposici\u00f3n, sino desde la coherencia. No desde el ruido, sino desde la presencia.<\/p>\n\n\n\n<p>Y en medio de todo lo que se vive\u2026 eso tambi\u00e9n es una forma de aportar.<\/p>\n\n\n\n<p>Porque al final, el pa\u00eds que se construye no solo depende de lo que pasa all\u00e1 afuera.<\/p>\n\n\n\n<p>Tambi\u00e9n depende de c\u00f3mo decides estar aqu\u00ed adentro.<\/p>\n\n\n\n<p>Si este contenido te ha acompa\u00f1ado en estos d\u00edas, si te ha servido para pausar, para mirar distinto o para reconectar contigo, vale la pena recordar algo sencillo: estos espacios existen porque hay personas que creen en ellos, que los valoran y que deciden sostenerlos.<\/p>\n\n\n\n<p>Y eso, aunque no siempre se diga, hace la diferencia.<\/p>\n","protected":false},"excerpt":{"rendered":"<p>Volver a ti tambi\u00e9n es un acto de ciudadan\u00eda Hay una idea que muchas veces se pasa por alto cuando [&hellip;]<\/p>\n","protected":false},"author":1,"featured_media":3403,"comment_status":"open","ping_status":"open","sticky":false,"template":"","format":"standard","meta":{"site-sidebar-layout":"default","site-content-layout":"","ast-site-content-layout":"","site-content-style":"default","site-sidebar-style":"default","ast-global-header-display":"","ast-banner-title-visibility":"","ast-main-header-display":"","ast-hfb-above-header-display":"","ast-hfb-below-header-display":"","ast-hfb-mobile-header-display":"","site-post-title":"","ast-breadcrumbs-content":"","ast-featured-img":"","footer-sml-layout":"","theme-transparent-header-meta":"","adv-header-id-meta":"","stick-header-meta":"","header-above-stick-meta":"","header-main-stick-meta":"","header-below-stick-meta":"","astra-migrate-meta-layouts":"default","ast-page-background-enabled":"default","ast-page-background-meta":{"desktop":{"background-color":"var(--ast-global-color-5)","background-image":"","background-repeat":"repeat","background-position":"center center","background-size":"auto","background-attachment":"scroll","background-type":"","background-media":"","overlay-type":"","overlay-color":"","overlay-opacity":"","overlay-gradient":""},"tablet":{"background-color":"","background-image":"","background-repeat":"repeat","background-position":"center center","background-size":"auto","background-attachment":"scroll","background-type":"","background-media":"","overlay-type":"","overlay-color":"","overlay-opacity":"","overlay-gradient":""},"mobile":{"background-color":"","background-image":"","background-repeat":"repeat","background-position":"center center","background-size":"auto","background-attachment":"scroll","background-type":"","background-media":"","overlay-type":"","overlay-color":"","overlay-opacity":"","overlay-gradient":""}},"ast-content-background-meta":{"desktop":{"background-color":"var(--ast-global-color-4)","background-image":"","background-repeat":"repeat","background-position":"center center","background-size":"auto","background-attachment":"scroll","background-type":"","background-media":"","overlay-type":"","overlay-color":"","overlay-opacity":"","overlay-gradient":""},"tablet":{"background-color":"var(--ast-global-color-4)","background-image":"","background-repeat":"repeat","background-position":"center center","background-size":"auto","background-attachment":"scroll","background-type":"","background-media":"","overlay-type":"","overlay-color":"","overlay-opacity":"","overlay-gradient":""},"mobile":{"background-color":"var(--ast-global-color-4)","background-image":"","background-repeat":"repeat","background-position":"center center","background-size":"auto","background-attachment":"scroll","background-type":"","background-media":"","overlay-type":"","overlay-color":"","overlay-opacity":"","overlay-gradient":""}},"footnotes":""},"categories":[9],"tags":[],"class_list":["post-3394","post","type-post","status-publish","format-standard","has-post-thumbnail","hentry","category-mis-escritos"],"yoast_head":"<!-- This site is optimized with the Yoast SEO plugin v26.0 - https:\/\/yoast.com\/wordpress\/plugins\/seo\/ -->\n<title>04 \u2013 Serie: Apacigua en tiempos de ruido - MI BLOG<\/title>\n<meta name=\"robots\" content=\"index, follow, max-snippet:-1, max-image-preview:large, max-video-preview:-1\" \/>\n<link rel=\"canonical\" href=\"https:\/\/viniciojarquin.com\/blog\/04-serie-apacigua-en-tiempos-de-ruido\/\" \/>\n<meta property=\"og:locale\" content=\"es_ES\" \/>\n<meta property=\"og:type\" content=\"article\" \/>\n<meta property=\"og:title\" content=\"04 \u2013 Serie: Apacigua en tiempos de ruido - MI BLOG\" \/>\n<meta property=\"og:description\" content=\"Volver a ti tambi\u00e9n es un acto de ciudadan\u00eda Hay una idea que muchas veces se pasa por alto cuando [&hellip;]\" \/>\n<meta property=\"og:url\" content=\"https:\/\/viniciojarquin.com\/blog\/04-serie-apacigua-en-tiempos-de-ruido\/\" \/>\n<meta property=\"og:site_name\" content=\"MI BLOG\" \/>\n<meta property=\"article:publisher\" content=\"https:\/\/www.facebook.com\/vinicio.jarquin\" \/>\n<meta property=\"article:author\" content=\"https:\/\/www.facebook.com\/vinicio.jarquin\" \/>\n<meta property=\"article:published_time\" content=\"2026-04-13T05:05:22+00:00\" \/>\n<meta property=\"article:modified_time\" content=\"2026-04-13T05:15:46+00:00\" \/>\n<meta property=\"og:image\" content=\"https:\/\/viniciojarquin.com\/blog\/wp-content\/uploads\/2026\/04\/004.png\" \/>\n\t<meta property=\"og:image:width\" content=\"800\" \/>\n\t<meta property=\"og:image:height\" content=\"533\" \/>\n\t<meta property=\"og:image:type\" content=\"image\/png\" \/>\n<meta name=\"author\" content=\"Vinicio Jarqu\u00edn\" \/>\n<meta name=\"twitter:card\" content=\"summary_large_image\" \/>\n<meta name=\"twitter:label1\" content=\"Escrito por\" \/>\n\t<meta name=\"twitter:data1\" content=\"Vinicio Jarqu\u00edn\" \/>\n\t<meta name=\"twitter:label2\" content=\"Tiempo de lectura\" \/>\n\t<meta name=\"twitter:data2\" content=\"4 minutos\" \/>\n<script type=\"application\/ld+json\" class=\"yoast-schema-graph\">{\"@context\":\"https:\/\/schema.org\",\"@graph\":[{\"@type\":\"Article\",\"@id\":\"https:\/\/viniciojarquin.com\/blog\/04-serie-apacigua-en-tiempos-de-ruido\/#article\",\"isPartOf\":{\"@id\":\"https:\/\/viniciojarquin.com\/blog\/04-serie-apacigua-en-tiempos-de-ruido\/\"},\"author\":{\"name\":\"Vinicio Jarqu\u00edn\",\"@id\":\"https:\/\/viniciojarquin.com\/blog\/#\/schema\/person\/90100c8845ae55462ec0657d3d2f8d3b\"},\"headline\":\"04 \u2013 Serie: Apacigua en tiempos de ruido\",\"datePublished\":\"2026-04-13T05:05:22+00:00\",\"dateModified\":\"2026-04-13T05:15:46+00:00\",\"mainEntityOfPage\":{\"@id\":\"https:\/\/viniciojarquin.com\/blog\/04-serie-apacigua-en-tiempos-de-ruido\/\"},\"wordCount\":613,\"commentCount\":0,\"publisher\":{\"@id\":\"https:\/\/viniciojarquin.com\/blog\/#\/schema\/person\/90100c8845ae55462ec0657d3d2f8d3b\"},\"image\":{\"@id\":\"https:\/\/viniciojarquin.com\/blog\/04-serie-apacigua-en-tiempos-de-ruido\/#primaryimage\"},\"thumbnailUrl\":\"https:\/\/viniciojarquin.com\/blog\/wp-content\/uploads\/2026\/04\/004.png\",\"articleSection\":[\"Escritos generales\"],\"inLanguage\":\"es\",\"potentialAction\":[{\"@type\":\"CommentAction\",\"name\":\"Comment\",\"target\":[\"https:\/\/viniciojarquin.com\/blog\/04-serie-apacigua-en-tiempos-de-ruido\/#respond\"]}]},{\"@type\":\"WebPage\",\"@id\":\"https:\/\/viniciojarquin.com\/blog\/04-serie-apacigua-en-tiempos-de-ruido\/\",\"url\":\"https:\/\/viniciojarquin.com\/blog\/04-serie-apacigua-en-tiempos-de-ruido\/\",\"name\":\"04 \u2013 Serie: Apacigua en tiempos de ruido - MI BLOG\",\"isPartOf\":{\"@id\":\"https:\/\/viniciojarquin.com\/blog\/#website\"},\"primaryImageOfPage\":{\"@id\":\"https:\/\/viniciojarquin.com\/blog\/04-serie-apacigua-en-tiempos-de-ruido\/#primaryimage\"},\"image\":{\"@id\":\"https:\/\/viniciojarquin.com\/blog\/04-serie-apacigua-en-tiempos-de-ruido\/#primaryimage\"},\"thumbnailUrl\":\"https:\/\/viniciojarquin.com\/blog\/wp-content\/uploads\/2026\/04\/004.png\",\"datePublished\":\"2026-04-13T05:05:22+00:00\",\"dateModified\":\"2026-04-13T05:15:46+00:00\",\"breadcrumb\":{\"@id\":\"https:\/\/viniciojarquin.com\/blog\/04-serie-apacigua-en-tiempos-de-ruido\/#breadcrumb\"},\"inLanguage\":\"es\",\"potentialAction\":[{\"@type\":\"ReadAction\",\"target\":[\"https:\/\/viniciojarquin.com\/blog\/04-serie-apacigua-en-tiempos-de-ruido\/\"]}]},{\"@type\":\"ImageObject\",\"inLanguage\":\"es\",\"@id\":\"https:\/\/viniciojarquin.com\/blog\/04-serie-apacigua-en-tiempos-de-ruido\/#primaryimage\",\"url\":\"https:\/\/viniciojarquin.com\/blog\/wp-content\/uploads\/2026\/04\/004.png\",\"contentUrl\":\"https:\/\/viniciojarquin.com\/blog\/wp-content\/uploads\/2026\/04\/004.png\",\"width\":800,\"height\":533},{\"@type\":\"BreadcrumbList\",\"@id\":\"https:\/\/viniciojarquin.com\/blog\/04-serie-apacigua-en-tiempos-de-ruido\/#breadcrumb\",\"itemListElement\":[{\"@type\":\"ListItem\",\"position\":1,\"name\":\"Portada\",\"item\":\"https:\/\/viniciojarquin.com\/blog\/\"},{\"@type\":\"ListItem\",\"position\":2,\"name\":\"04 \u2013 Serie: Apacigua en tiempos de ruido\"}]},{\"@type\":\"WebSite\",\"@id\":\"https:\/\/viniciojarquin.com\/blog\/#website\",\"url\":\"https:\/\/viniciojarquin.com\/blog\/\",\"name\":\"Vinicio Jarqu\u00edn BLOG\",\"description\":\"\",\"publisher\":{\"@id\":\"https:\/\/viniciojarquin.com\/blog\/#\/schema\/person\/90100c8845ae55462ec0657d3d2f8d3b\"},\"potentialAction\":[{\"@type\":\"SearchAction\",\"target\":{\"@type\":\"EntryPoint\",\"urlTemplate\":\"https:\/\/viniciojarquin.com\/blog\/?s={search_term_string}\"},\"query-input\":{\"@type\":\"PropertyValueSpecification\",\"valueRequired\":true,\"valueName\":\"search_term_string\"}}],\"inLanguage\":\"es\"},{\"@type\":[\"Person\",\"Organization\"],\"@id\":\"https:\/\/viniciojarquin.com\/blog\/#\/schema\/person\/90100c8845ae55462ec0657d3d2f8d3b\",\"name\":\"Vinicio Jarqu\u00edn\",\"image\":{\"@type\":\"ImageObject\",\"inLanguage\":\"es\",\"@id\":\"https:\/\/viniciojarquin.com\/blog\/#\/schema\/person\/image\/\",\"url\":\"https:\/\/viniciojarquin.com\/blog\/wp-content\/uploads\/2024\/10\/Logo-VinicioJarquin-original-400.png\",\"contentUrl\":\"https:\/\/viniciojarquin.com\/blog\/wp-content\/uploads\/2024\/10\/Logo-VinicioJarquin-original-400.png\",\"width\":400,\"height\":130,\"caption\":\"Vinicio Jarqu\u00edn\"},\"logo\":{\"@id\":\"https:\/\/viniciojarquin.com\/blog\/#\/schema\/person\/image\/\"},\"description\":\"Empresario textil, artista pl\u00e1stico, escritor, coach de vida y fot\u00f3grafo.\",\"sameAs\":[\"https:\/\/viniciojarquin.com\/blog\",\"https:\/\/www.facebook.com\/vinicio.jarquin\",\"https:\/\/www.instagram.com\/vinicio_jarquin\/\",\"https:\/\/www.pinterest.com\/vinnyjc\/\",\"https:\/\/www.youtube.com\/@VinicioJarquin\"],\"url\":\"https:\/\/viniciojarquin.com\/blog\/author\/admin_s02au25i\/\"}]}<\/script>\n<!-- \/ Yoast SEO plugin. -->","yoast_head_json":{"title":"04 \u2013 Serie: Apacigua en tiempos de ruido - MI BLOG","robots":{"index":"index","follow":"follow","max-snippet":"max-snippet:-1","max-image-preview":"max-image-preview:large","max-video-preview":"max-video-preview:-1"},"canonical":"https:\/\/viniciojarquin.com\/blog\/04-serie-apacigua-en-tiempos-de-ruido\/","og_locale":"es_ES","og_type":"article","og_title":"04 \u2013 Serie: Apacigua en tiempos de ruido - MI BLOG","og_description":"Volver a ti tambi\u00e9n es un acto de ciudadan\u00eda Hay una idea que muchas veces se pasa por alto cuando [&hellip;]","og_url":"https:\/\/viniciojarquin.com\/blog\/04-serie-apacigua-en-tiempos-de-ruido\/","og_site_name":"MI BLOG","article_publisher":"https:\/\/www.facebook.com\/vinicio.jarquin","article_author":"https:\/\/www.facebook.com\/vinicio.jarquin","article_published_time":"2026-04-13T05:05:22+00:00","article_modified_time":"2026-04-13T05:15:46+00:00","og_image":[{"width":800,"height":533,"url":"https:\/\/viniciojarquin.com\/blog\/wp-content\/uploads\/2026\/04\/004.png","type":"image\/png"}],"author":"Vinicio Jarqu\u00edn","twitter_card":"summary_large_image","twitter_misc":{"Escrito por":"Vinicio Jarqu\u00edn","Tiempo de lectura":"4 minutos"},"schema":{"@context":"https:\/\/schema.org","@graph":[{"@type":"Article","@id":"https:\/\/viniciojarquin.com\/blog\/04-serie-apacigua-en-tiempos-de-ruido\/#article","isPartOf":{"@id":"https:\/\/viniciojarquin.com\/blog\/04-serie-apacigua-en-tiempos-de-ruido\/"},"author":{"name":"Vinicio Jarqu\u00edn","@id":"https:\/\/viniciojarquin.com\/blog\/#\/schema\/person\/90100c8845ae55462ec0657d3d2f8d3b"},"headline":"04 \u2013 Serie: Apacigua en tiempos de ruido","datePublished":"2026-04-13T05:05:22+00:00","dateModified":"2026-04-13T05:15:46+00:00","mainEntityOfPage":{"@id":"https:\/\/viniciojarquin.com\/blog\/04-serie-apacigua-en-tiempos-de-ruido\/"},"wordCount":613,"commentCount":0,"publisher":{"@id":"https:\/\/viniciojarquin.com\/blog\/#\/schema\/person\/90100c8845ae55462ec0657d3d2f8d3b"},"image":{"@id":"https:\/\/viniciojarquin.com\/blog\/04-serie-apacigua-en-tiempos-de-ruido\/#primaryimage"},"thumbnailUrl":"https:\/\/viniciojarquin.com\/blog\/wp-content\/uploads\/2026\/04\/004.png","articleSection":["Escritos generales"],"inLanguage":"es","potentialAction":[{"@type":"CommentAction","name":"Comment","target":["https:\/\/viniciojarquin.com\/blog\/04-serie-apacigua-en-tiempos-de-ruido\/#respond"]}]},{"@type":"WebPage","@id":"https:\/\/viniciojarquin.com\/blog\/04-serie-apacigua-en-tiempos-de-ruido\/","url":"https:\/\/viniciojarquin.com\/blog\/04-serie-apacigua-en-tiempos-de-ruido\/","name":"04 \u2013 Serie: Apacigua en tiempos de ruido - MI BLOG","isPartOf":{"@id":"https:\/\/viniciojarquin.com\/blog\/#website"},"primaryImageOfPage":{"@id":"https:\/\/viniciojarquin.com\/blog\/04-serie-apacigua-en-tiempos-de-ruido\/#primaryimage"},"image":{"@id":"https:\/\/viniciojarquin.com\/blog\/04-serie-apacigua-en-tiempos-de-ruido\/#primaryimage"},"thumbnailUrl":"https:\/\/viniciojarquin.com\/blog\/wp-content\/uploads\/2026\/04\/004.png","datePublished":"2026-04-13T05:05:22+00:00","dateModified":"2026-04-13T05:15:46+00:00","breadcrumb":{"@id":"https:\/\/viniciojarquin.com\/blog\/04-serie-apacigua-en-tiempos-de-ruido\/#breadcrumb"},"inLanguage":"es","potentialAction":[{"@type":"ReadAction","target":["https:\/\/viniciojarquin.com\/blog\/04-serie-apacigua-en-tiempos-de-ruido\/"]}]},{"@type":"ImageObject","inLanguage":"es","@id":"https:\/\/viniciojarquin.com\/blog\/04-serie-apacigua-en-tiempos-de-ruido\/#primaryimage","url":"https:\/\/viniciojarquin.com\/blog\/wp-content\/uploads\/2026\/04\/004.png","contentUrl":"https:\/\/viniciojarquin.com\/blog\/wp-content\/uploads\/2026\/04\/004.png","width":800,"height":533},{"@type":"BreadcrumbList","@id":"https:\/\/viniciojarquin.com\/blog\/04-serie-apacigua-en-tiempos-de-ruido\/#breadcrumb","itemListElement":[{"@type":"ListItem","position":1,"name":"Portada","item":"https:\/\/viniciojarquin.com\/blog\/"},{"@type":"ListItem","position":2,"name":"04 \u2013 Serie: Apacigua en tiempos de ruido"}]},{"@type":"WebSite","@id":"https:\/\/viniciojarquin.com\/blog\/#website","url":"https:\/\/viniciojarquin.com\/blog\/","name":"Vinicio Jarqu\u00edn BLOG","description":"","publisher":{"@id":"https:\/\/viniciojarquin.com\/blog\/#\/schema\/person\/90100c8845ae55462ec0657d3d2f8d3b"},"potentialAction":[{"@type":"SearchAction","target":{"@type":"EntryPoint","urlTemplate":"https:\/\/viniciojarquin.com\/blog\/?s={search_term_string}"},"query-input":{"@type":"PropertyValueSpecification","valueRequired":true,"valueName":"search_term_string"}}],"inLanguage":"es"},{"@type":["Person","Organization"],"@id":"https:\/\/viniciojarquin.com\/blog\/#\/schema\/person\/90100c8845ae55462ec0657d3d2f8d3b","name":"Vinicio Jarqu\u00edn","image":{"@type":"ImageObject","inLanguage":"es","@id":"https:\/\/viniciojarquin.com\/blog\/#\/schema\/person\/image\/","url":"https:\/\/viniciojarquin.com\/blog\/wp-content\/uploads\/2024\/10\/Logo-VinicioJarquin-original-400.png","contentUrl":"https:\/\/viniciojarquin.com\/blog\/wp-content\/uploads\/2024\/10\/Logo-VinicioJarquin-original-400.png","width":400,"height":130,"caption":"Vinicio Jarqu\u00edn"},"logo":{"@id":"https:\/\/viniciojarquin.com\/blog\/#\/schema\/person\/image\/"},"description":"Empresario textil, artista pl\u00e1stico, escritor, coach de vida y fot\u00f3grafo.","sameAs":["https:\/\/viniciojarquin.com\/blog","https:\/\/www.facebook.com\/vinicio.jarquin","https:\/\/www.instagram.com\/vinicio_jarquin\/","https:\/\/www.pinterest.com\/vinnyjc\/","https:\/\/www.youtube.com\/@VinicioJarquin"],"url":"https:\/\/viniciojarquin.com\/blog\/author\/admin_s02au25i\/"}]}},"blog_post_layout_featured_media_urls":{"thumbnail":["https:\/\/viniciojarquin.com\/blog\/wp-content\/uploads\/2026\/04\/004-150x150.png",150,150,true],"full":["https:\/\/viniciojarquin.com\/blog\/wp-content\/uploads\/2026\/04\/004.png",800,533,false]},"categories_names":{"9":{"name":"Escritos generales","link":"https:\/\/viniciojarquin.com\/blog\/category\/mis-escritos\/"}},"tags_names":[],"comments_number":"0","_links":{"self":[{"href":"https:\/\/viniciojarquin.com\/blog\/wp-json\/wp\/v2\/posts\/3394","targetHints":{"allow":["GET"]}}],"collection":[{"href":"https:\/\/viniciojarquin.com\/blog\/wp-json\/wp\/v2\/posts"}],"about":[{"href":"https:\/\/viniciojarquin.com\/blog\/wp-json\/wp\/v2\/types\/post"}],"author":[{"embeddable":true,"href":"https:\/\/viniciojarquin.com\/blog\/wp-json\/wp\/v2\/users\/1"}],"replies":[{"embeddable":true,"href":"https:\/\/viniciojarquin.com\/blog\/wp-json\/wp\/v2\/comments?post=3394"}],"version-history":[{"count":2,"href":"https:\/\/viniciojarquin.com\/blog\/wp-json\/wp\/v2\/posts\/3394\/revisions"}],"predecessor-version":[{"id":3410,"href":"https:\/\/viniciojarquin.com\/blog\/wp-json\/wp\/v2\/posts\/3394\/revisions\/3410"}],"wp:featuredmedia":[{"embeddable":true,"href":"https:\/\/viniciojarquin.com\/blog\/wp-json\/wp\/v2\/media\/3403"}],"wp:attachment":[{"href":"https:\/\/viniciojarquin.com\/blog\/wp-json\/wp\/v2\/media?parent=3394"}],"wp:term":[{"taxonomy":"category","embeddable":true,"href":"https:\/\/viniciojarquin.com\/blog\/wp-json\/wp\/v2\/categories?post=3394"},{"taxonomy":"post_tag","embeddable":true,"href":"https:\/\/viniciojarquin.com\/blog\/wp-json\/wp\/v2\/tags?post=3394"}],"curies":[{"name":"wp","href":"https:\/\/api.w.org\/{rel}","templated":true}]}}