{"id":3411,"date":"2026-04-14T02:00:27","date_gmt":"2026-04-14T02:00:27","guid":{"rendered":"https:\/\/viniciojarquin.com\/blog\/?p=3411"},"modified":"2026-04-14T02:00:29","modified_gmt":"2026-04-14T02:00:29","slug":"cuando-la-noticia-llega-primero-que-la-verdad","status":"publish","type":"post","link":"https:\/\/viniciojarquin.com\/blog\/cuando-la-noticia-llega-primero-que-la-verdad\/","title":{"rendered":"Cuando la noticia llega primero que la verdad"},"content":{"rendered":"\n<figure class=\"wp-block-image size-large\"><img decoding=\"async\" width=\"683\" height=\"1024\" data-src=\"https:\/\/viniciojarquin.com\/blog\/wp-content\/uploads\/2026\/04\/Ronadl-Campos-683x1024.png\" alt=\"\" class=\"wp-image-3412 lazyload\" data-srcset=\"https:\/\/viniciojarquin.com\/blog\/wp-content\/uploads\/2026\/04\/Ronadl-Campos-683x1024.png 683w, https:\/\/viniciojarquin.com\/blog\/wp-content\/uploads\/2026\/04\/Ronadl-Campos-200x300.png 200w, https:\/\/viniciojarquin.com\/blog\/wp-content\/uploads\/2026\/04\/Ronadl-Campos-768x1152.png 768w, https:\/\/viniciojarquin.com\/blog\/wp-content\/uploads\/2026\/04\/Ronadl-Campos.png 800w\" data-sizes=\"(max-width: 683px) 100vw, 683px\" src=\"data:image\/svg+xml;base64,PHN2ZyB3aWR0aD0iMSIgaGVpZ2h0PSIxIiB4bWxucz0iaHR0cDovL3d3dy53My5vcmcvMjAwMC9zdmciPjwvc3ZnPg==\" style=\"--smush-placeholder-width: 683px; --smush-placeholder-aspect-ratio: 683\/1024;\" \/><\/figure>\n\n\n\n<p>En estos d\u00edas, el Peri\u00f3dico Digital de Nicoya publica una noticia en la que se afirma que el diputado electo por Guanacaste, Ronald Campos, del Partido Liberaci\u00f3n Nacional, se declarar\u00eda independiente con apoyo al oficialismo, seg\u00fan fuentes muy cercanas que lo confirmar\u00edan. La informaci\u00f3n, presentada con ese tono de primicia, r\u00e1pidamente empieza a circular y a generar conversaci\u00f3n, sospecha y, por supuesto, reacci\u00f3n.<\/p>\n\n\n\n<p>Pero hay algo que no deja de llamarme la atenci\u00f3n.<\/p>\n\n\n\n<p>Haciendo una verificaci\u00f3n b\u00e1sica desde Apacigua tu ser interior, en menos de tres minutos logramos confirmar que la informaci\u00f3n no era cierta. No hizo falta una investigaci\u00f3n profunda, ni acceso privilegiado, ni fuentes confidenciales. Bast\u00f3 con hacer lo que cualquier medio deber\u00eda hacer antes de publicar: verificar.<\/p>\n\n\n\n<p>Y aqu\u00ed es donde est\u00e1 el punto. No estoy diciendo que el Peri\u00f3dico Digital de Nicoya est\u00e9 intentando desestabilizar con intenci\u00f3n. No tengo elementos para afirmar algo as\u00ed, y ser\u00eda irresponsable hacerlo. Pero s\u00ed creo que hay una responsabilidad clara en el manejo de la informaci\u00f3n. Porque cuando un medio publica algo bajo el nombre de \u201cperi\u00f3dico\u201d, autom\u00e1ticamente adquiere una cuota de credibilidad frente al lector. Y esa credibilidad no es un derecho autom\u00e1tico\u2026 es una responsabilidad que se sostiene con rigor.<\/p>\n\n\n\n<p>Publicar primero y verificar despu\u00e9s no es un detalle menor. Es un problema.<\/p>\n\n\n\n<p>Porque en el camino, la informaci\u00f3n ya hizo lo suyo. Ya gener\u00f3 percepci\u00f3n, ya instal\u00f3 duda, ya sembr\u00f3 una narrativa que, aunque despu\u00e9s se desmienta, no desaparece del todo. Siempre queda algo. Siempre queda la sospecha.<\/p>\n\n\n\n<p>Y entonces ocurre lo predecible. El mismo medio publica posteriormente una \u201caclaraci\u00f3n\u201d donde el propio Ronald Campos asegura que la informaci\u00f3n no es cierta. Pero aqu\u00ed es donde el tema se vuelve m\u00e1s delicado. Porque la forma en que est\u00e1 redactada no termina de cerrar la historia\u2026 la mantiene viva.<\/p>\n\n\n\n<p>No desmiente con contundencia. No corta el rumor. Lo reorganiza.<\/p>\n\n\n\n<p>Habla de \u201cfuentes cercanas\u201d, sugiere planes que \u201chabr\u00edan sido frenados\u201d y termina planteando preguntas que dejan al lector en el mismo lugar donde empez\u00f3: dudando. Y cuando una aclaraci\u00f3n deja m\u00e1s preguntas que respuestas, ya no est\u00e1 aclarando.<\/p>\n\n\n\n<p>Est\u00e1 sosteniendo la intriga. Porque no es solo lo que se dice\u2026 es c\u00f3mo se dice.<\/p>\n\n\n\n<p>Ese tipo de redacci\u00f3n no corrige, prolonga la duda. No informa, deja la puerta entreabierta para que el rumor siga respirando. Y eso, en el contexto actual, donde la gente ya vive saturada de informaci\u00f3n, termina debilitando a\u00fan m\u00e1s la confianza.<\/p>\n\n\n\n<p>Por eso insisto en algo que he dicho antes, y que hoy cobra todav\u00eda m\u00e1s sentido.<\/p>\n\n\n\n<p>No todo lo que parece noticia\u2026 es verdad.<\/p>\n\n\n\n<p>Y no todo lo que viene firmado como \u201cperi\u00f3dico\u201d\u2026 ha sido verificado. La responsabilidad no es solo de quien publica. Tambi\u00e9n es de quien consume.<\/p>\n\n\n\n<p>Hoy m\u00e1s que nunca, tenemos que detenernos, revisar, contrastar, preguntarnos si lo que estamos leyendo tiene sustento o si simplemente est\u00e1 dise\u00f1ado para generar reacci\u00f3n. Porque en medio de tanto ruido, la verdad no siempre es lo primero que aparece.<\/p>\n\n\n\n<p>A veces\u2026 llega despu\u00e9s.<\/p>\n\n\n\n<p>Hoy por hoy, solo me queda decir: cuidado con lo que se cree\u2026 incluso cuando viene firmado como \u201cperi\u00f3dico\u201d, o disfrazado de noticia.<\/p>\n","protected":false},"excerpt":{"rendered":"<p>En estos d\u00edas, el Peri\u00f3dico Digital de Nicoya publica una noticia en la que se afirma que el diputado electo [&hellip;]<\/p>\n","protected":false},"author":1,"featured_media":3412,"comment_status":"open","ping_status":"open","sticky":false,"template":"","format":"standard","meta":{"site-sidebar-layout":"default","site-content-layout":"","ast-site-content-layout":"","site-content-style":"default","site-sidebar-style":"default","ast-global-header-display":"","ast-banner-title-visibility":"","ast-main-header-display":"","ast-hfb-above-header-display":"","ast-hfb-below-header-display":"","ast-hfb-mobile-header-display":"","site-post-title":"","ast-breadcrumbs-content":"","ast-featured-img":"","footer-sml-layout":"","theme-transparent-header-meta":"","adv-header-id-meta":"","stick-header-meta":"","header-above-stick-meta":"","header-main-stick-meta":"","header-below-stick-meta":"","astra-migrate-meta-layouts":"default","ast-page-background-enabled":"default","ast-page-background-meta":{"desktop":{"background-color":"var(--ast-global-color-5)","background-image":"","background-repeat":"repeat","background-position":"center center","background-size":"auto","background-attachment":"scroll","background-type":"","background-media":"","overlay-type":"","overlay-color":"","overlay-opacity":"","overlay-gradient":""},"tablet":{"background-color":"","background-image":"","background-repeat":"repeat","background-position":"center center","background-size":"auto","background-attachment":"scroll","background-type":"","background-media":"","overlay-type":"","overlay-color":"","overlay-opacity":"","overlay-gradient":""},"mobile":{"background-color":"","background-image":"","background-repeat":"repeat","background-position":"center center","background-size":"auto","background-attachment":"scroll","background-type":"","background-media":"","overlay-type":"","overlay-color":"","overlay-opacity":"","overlay-gradient":""}},"ast-content-background-meta":{"desktop":{"background-color":"var(--ast-global-color-4)","background-image":"","background-repeat":"repeat","background-position":"center center","background-size":"auto","background-attachment":"scroll","background-type":"","background-media":"","overlay-type":"","overlay-color":"","overlay-opacity":"","overlay-gradient":""},"tablet":{"background-color":"var(--ast-global-color-4)","background-image":"","background-repeat":"repeat","background-position":"center center","background-size":"auto","background-attachment":"scroll","background-type":"","background-media":"","overlay-type":"","overlay-color":"","overlay-opacity":"","overlay-gradient":""},"mobile":{"background-color":"var(--ast-global-color-4)","background-image":"","background-repeat":"repeat","background-position":"center center","background-size":"auto","background-attachment":"scroll","background-type":"","background-media":"","overlay-type":"","overlay-color":"","overlay-opacity":"","overlay-gradient":""}},"footnotes":""},"categories":[12],"tags":[],"class_list":["post-3411","post","type-post","status-publish","format-standard","has-post-thumbnail","hentry","category-politica-o-gobierno"],"yoast_head":"<!-- This site is optimized with the Yoast SEO plugin v26.0 - https:\/\/yoast.com\/wordpress\/plugins\/seo\/ -->\n<title>Cuando la noticia llega primero que la verdad - MI BLOG<\/title>\n<meta name=\"robots\" content=\"index, follow, max-snippet:-1, max-image-preview:large, max-video-preview:-1\" \/>\n<link rel=\"canonical\" href=\"https:\/\/viniciojarquin.com\/blog\/cuando-la-noticia-llega-primero-que-la-verdad\/\" \/>\n<meta property=\"og:locale\" content=\"es_ES\" \/>\n<meta property=\"og:type\" content=\"article\" \/>\n<meta property=\"og:title\" content=\"Cuando la noticia llega primero que la verdad - MI BLOG\" \/>\n<meta property=\"og:description\" content=\"En estos d\u00edas, el Peri\u00f3dico Digital de Nicoya publica una noticia en la que se afirma que el diputado electo [&hellip;]\" \/>\n<meta property=\"og:url\" content=\"https:\/\/viniciojarquin.com\/blog\/cuando-la-noticia-llega-primero-que-la-verdad\/\" \/>\n<meta property=\"og:site_name\" content=\"MI BLOG\" \/>\n<meta property=\"article:publisher\" content=\"https:\/\/www.facebook.com\/vinicio.jarquin\" \/>\n<meta property=\"article:author\" content=\"https:\/\/www.facebook.com\/vinicio.jarquin\" \/>\n<meta property=\"article:published_time\" content=\"2026-04-14T02:00:27+00:00\" \/>\n<meta property=\"article:modified_time\" content=\"2026-04-14T02:00:29+00:00\" \/>\n<meta property=\"og:image\" content=\"https:\/\/viniciojarquin.com\/blog\/wp-content\/uploads\/2026\/04\/Ronadl-Campos.png\" \/>\n\t<meta property=\"og:image:width\" content=\"800\" \/>\n\t<meta property=\"og:image:height\" content=\"1200\" \/>\n\t<meta property=\"og:image:type\" content=\"image\/png\" \/>\n<meta name=\"author\" content=\"Vinicio Jarqu\u00edn\" \/>\n<meta name=\"twitter:card\" content=\"summary_large_image\" \/>\n<meta name=\"twitter:label1\" content=\"Escrito por\" \/>\n\t<meta name=\"twitter:data1\" content=\"Vinicio Jarqu\u00edn\" \/>\n\t<meta name=\"twitter:label2\" content=\"Tiempo de lectura\" \/>\n\t<meta name=\"twitter:data2\" content=\"3 minutos\" \/>\n<script type=\"application\/ld+json\" class=\"yoast-schema-graph\">{\"@context\":\"https:\/\/schema.org\",\"@graph\":[{\"@type\":\"Article\",\"@id\":\"https:\/\/viniciojarquin.com\/blog\/cuando-la-noticia-llega-primero-que-la-verdad\/#article\",\"isPartOf\":{\"@id\":\"https:\/\/viniciojarquin.com\/blog\/cuando-la-noticia-llega-primero-que-la-verdad\/\"},\"author\":{\"name\":\"Vinicio Jarqu\u00edn\",\"@id\":\"https:\/\/viniciojarquin.com\/blog\/#\/schema\/person\/90100c8845ae55462ec0657d3d2f8d3b\"},\"headline\":\"Cuando la noticia llega primero que la verdad\",\"datePublished\":\"2026-04-14T02:00:27+00:00\",\"dateModified\":\"2026-04-14T02:00:29+00:00\",\"mainEntityOfPage\":{\"@id\":\"https:\/\/viniciojarquin.com\/blog\/cuando-la-noticia-llega-primero-que-la-verdad\/\"},\"wordCount\":577,\"commentCount\":0,\"publisher\":{\"@id\":\"https:\/\/viniciojarquin.com\/blog\/#\/schema\/person\/90100c8845ae55462ec0657d3d2f8d3b\"},\"image\":{\"@id\":\"https:\/\/viniciojarquin.com\/blog\/cuando-la-noticia-llega-primero-que-la-verdad\/#primaryimage\"},\"thumbnailUrl\":\"https:\/\/viniciojarquin.com\/blog\/wp-content\/uploads\/2026\/04\/Ronadl-Campos.png\",\"articleSection\":[\"Pol\u00edtica varios\"],\"inLanguage\":\"es\",\"potentialAction\":[{\"@type\":\"CommentAction\",\"name\":\"Comment\",\"target\":[\"https:\/\/viniciojarquin.com\/blog\/cuando-la-noticia-llega-primero-que-la-verdad\/#respond\"]}]},{\"@type\":\"WebPage\",\"@id\":\"https:\/\/viniciojarquin.com\/blog\/cuando-la-noticia-llega-primero-que-la-verdad\/\",\"url\":\"https:\/\/viniciojarquin.com\/blog\/cuando-la-noticia-llega-primero-que-la-verdad\/\",\"name\":\"Cuando la noticia llega primero que la verdad - MI BLOG\",\"isPartOf\":{\"@id\":\"https:\/\/viniciojarquin.com\/blog\/#website\"},\"primaryImageOfPage\":{\"@id\":\"https:\/\/viniciojarquin.com\/blog\/cuando-la-noticia-llega-primero-que-la-verdad\/#primaryimage\"},\"image\":{\"@id\":\"https:\/\/viniciojarquin.com\/blog\/cuando-la-noticia-llega-primero-que-la-verdad\/#primaryimage\"},\"thumbnailUrl\":\"https:\/\/viniciojarquin.com\/blog\/wp-content\/uploads\/2026\/04\/Ronadl-Campos.png\",\"datePublished\":\"2026-04-14T02:00:27+00:00\",\"dateModified\":\"2026-04-14T02:00:29+00:00\",\"breadcrumb\":{\"@id\":\"https:\/\/viniciojarquin.com\/blog\/cuando-la-noticia-llega-primero-que-la-verdad\/#breadcrumb\"},\"inLanguage\":\"es\",\"potentialAction\":[{\"@type\":\"ReadAction\",\"target\":[\"https:\/\/viniciojarquin.com\/blog\/cuando-la-noticia-llega-primero-que-la-verdad\/\"]}]},{\"@type\":\"ImageObject\",\"inLanguage\":\"es\",\"@id\":\"https:\/\/viniciojarquin.com\/blog\/cuando-la-noticia-llega-primero-que-la-verdad\/#primaryimage\",\"url\":\"https:\/\/viniciojarquin.com\/blog\/wp-content\/uploads\/2026\/04\/Ronadl-Campos.png\",\"contentUrl\":\"https:\/\/viniciojarquin.com\/blog\/wp-content\/uploads\/2026\/04\/Ronadl-Campos.png\",\"width\":800,\"height\":1200},{\"@type\":\"BreadcrumbList\",\"@id\":\"https:\/\/viniciojarquin.com\/blog\/cuando-la-noticia-llega-primero-que-la-verdad\/#breadcrumb\",\"itemListElement\":[{\"@type\":\"ListItem\",\"position\":1,\"name\":\"Portada\",\"item\":\"https:\/\/viniciojarquin.com\/blog\/\"},{\"@type\":\"ListItem\",\"position\":2,\"name\":\"Cuando la noticia llega primero que la verdad\"}]},{\"@type\":\"WebSite\",\"@id\":\"https:\/\/viniciojarquin.com\/blog\/#website\",\"url\":\"https:\/\/viniciojarquin.com\/blog\/\",\"name\":\"Vinicio Jarqu\u00edn BLOG\",\"description\":\"\",\"publisher\":{\"@id\":\"https:\/\/viniciojarquin.com\/blog\/#\/schema\/person\/90100c8845ae55462ec0657d3d2f8d3b\"},\"potentialAction\":[{\"@type\":\"SearchAction\",\"target\":{\"@type\":\"EntryPoint\",\"urlTemplate\":\"https:\/\/viniciojarquin.com\/blog\/?s={search_term_string}\"},\"query-input\":{\"@type\":\"PropertyValueSpecification\",\"valueRequired\":true,\"valueName\":\"search_term_string\"}}],\"inLanguage\":\"es\"},{\"@type\":[\"Person\",\"Organization\"],\"@id\":\"https:\/\/viniciojarquin.com\/blog\/#\/schema\/person\/90100c8845ae55462ec0657d3d2f8d3b\",\"name\":\"Vinicio Jarqu\u00edn\",\"image\":{\"@type\":\"ImageObject\",\"inLanguage\":\"es\",\"@id\":\"https:\/\/viniciojarquin.com\/blog\/#\/schema\/person\/image\/\",\"url\":\"https:\/\/viniciojarquin.com\/blog\/wp-content\/uploads\/2024\/10\/Logo-VinicioJarquin-original-400.png\",\"contentUrl\":\"https:\/\/viniciojarquin.com\/blog\/wp-content\/uploads\/2024\/10\/Logo-VinicioJarquin-original-400.png\",\"width\":400,\"height\":130,\"caption\":\"Vinicio Jarqu\u00edn\"},\"logo\":{\"@id\":\"https:\/\/viniciojarquin.com\/blog\/#\/schema\/person\/image\/\"},\"description\":\"Empresario textil, artista pl\u00e1stico, escritor, coach de vida y fot\u00f3grafo.\",\"sameAs\":[\"https:\/\/viniciojarquin.com\/blog\",\"https:\/\/www.facebook.com\/vinicio.jarquin\",\"https:\/\/www.instagram.com\/vinicio_jarquin\/\",\"https:\/\/www.pinterest.com\/vinnyjc\/\",\"https:\/\/www.youtube.com\/@VinicioJarquin\"],\"url\":\"https:\/\/viniciojarquin.com\/blog\/author\/admin_s02au25i\/\"}]}<\/script>\n<!-- \/ Yoast SEO plugin. -->","yoast_head_json":{"title":"Cuando la noticia llega primero que la verdad - MI BLOG","robots":{"index":"index","follow":"follow","max-snippet":"max-snippet:-1","max-image-preview":"max-image-preview:large","max-video-preview":"max-video-preview:-1"},"canonical":"https:\/\/viniciojarquin.com\/blog\/cuando-la-noticia-llega-primero-que-la-verdad\/","og_locale":"es_ES","og_type":"article","og_title":"Cuando la noticia llega primero que la verdad - MI BLOG","og_description":"En estos d\u00edas, el Peri\u00f3dico Digital de Nicoya publica una noticia en la que se afirma que el diputado electo [&hellip;]","og_url":"https:\/\/viniciojarquin.com\/blog\/cuando-la-noticia-llega-primero-que-la-verdad\/","og_site_name":"MI BLOG","article_publisher":"https:\/\/www.facebook.com\/vinicio.jarquin","article_author":"https:\/\/www.facebook.com\/vinicio.jarquin","article_published_time":"2026-04-14T02:00:27+00:00","article_modified_time":"2026-04-14T02:00:29+00:00","og_image":[{"width":800,"height":1200,"url":"https:\/\/viniciojarquin.com\/blog\/wp-content\/uploads\/2026\/04\/Ronadl-Campos.png","type":"image\/png"}],"author":"Vinicio Jarqu\u00edn","twitter_card":"summary_large_image","twitter_misc":{"Escrito por":"Vinicio Jarqu\u00edn","Tiempo de lectura":"3 minutos"},"schema":{"@context":"https:\/\/schema.org","@graph":[{"@type":"Article","@id":"https:\/\/viniciojarquin.com\/blog\/cuando-la-noticia-llega-primero-que-la-verdad\/#article","isPartOf":{"@id":"https:\/\/viniciojarquin.com\/blog\/cuando-la-noticia-llega-primero-que-la-verdad\/"},"author":{"name":"Vinicio Jarqu\u00edn","@id":"https:\/\/viniciojarquin.com\/blog\/#\/schema\/person\/90100c8845ae55462ec0657d3d2f8d3b"},"headline":"Cuando la noticia llega primero que la verdad","datePublished":"2026-04-14T02:00:27+00:00","dateModified":"2026-04-14T02:00:29+00:00","mainEntityOfPage":{"@id":"https:\/\/viniciojarquin.com\/blog\/cuando-la-noticia-llega-primero-que-la-verdad\/"},"wordCount":577,"commentCount":0,"publisher":{"@id":"https:\/\/viniciojarquin.com\/blog\/#\/schema\/person\/90100c8845ae55462ec0657d3d2f8d3b"},"image":{"@id":"https:\/\/viniciojarquin.com\/blog\/cuando-la-noticia-llega-primero-que-la-verdad\/#primaryimage"},"thumbnailUrl":"https:\/\/viniciojarquin.com\/blog\/wp-content\/uploads\/2026\/04\/Ronadl-Campos.png","articleSection":["Pol\u00edtica varios"],"inLanguage":"es","potentialAction":[{"@type":"CommentAction","name":"Comment","target":["https:\/\/viniciojarquin.com\/blog\/cuando-la-noticia-llega-primero-que-la-verdad\/#respond"]}]},{"@type":"WebPage","@id":"https:\/\/viniciojarquin.com\/blog\/cuando-la-noticia-llega-primero-que-la-verdad\/","url":"https:\/\/viniciojarquin.com\/blog\/cuando-la-noticia-llega-primero-que-la-verdad\/","name":"Cuando la noticia llega primero que la verdad - MI BLOG","isPartOf":{"@id":"https:\/\/viniciojarquin.com\/blog\/#website"},"primaryImageOfPage":{"@id":"https:\/\/viniciojarquin.com\/blog\/cuando-la-noticia-llega-primero-que-la-verdad\/#primaryimage"},"image":{"@id":"https:\/\/viniciojarquin.com\/blog\/cuando-la-noticia-llega-primero-que-la-verdad\/#primaryimage"},"thumbnailUrl":"https:\/\/viniciojarquin.com\/blog\/wp-content\/uploads\/2026\/04\/Ronadl-Campos.png","datePublished":"2026-04-14T02:00:27+00:00","dateModified":"2026-04-14T02:00:29+00:00","breadcrumb":{"@id":"https:\/\/viniciojarquin.com\/blog\/cuando-la-noticia-llega-primero-que-la-verdad\/#breadcrumb"},"inLanguage":"es","potentialAction":[{"@type":"ReadAction","target":["https:\/\/viniciojarquin.com\/blog\/cuando-la-noticia-llega-primero-que-la-verdad\/"]}]},{"@type":"ImageObject","inLanguage":"es","@id":"https:\/\/viniciojarquin.com\/blog\/cuando-la-noticia-llega-primero-que-la-verdad\/#primaryimage","url":"https:\/\/viniciojarquin.com\/blog\/wp-content\/uploads\/2026\/04\/Ronadl-Campos.png","contentUrl":"https:\/\/viniciojarquin.com\/blog\/wp-content\/uploads\/2026\/04\/Ronadl-Campos.png","width":800,"height":1200},{"@type":"BreadcrumbList","@id":"https:\/\/viniciojarquin.com\/blog\/cuando-la-noticia-llega-primero-que-la-verdad\/#breadcrumb","itemListElement":[{"@type":"ListItem","position":1,"name":"Portada","item":"https:\/\/viniciojarquin.com\/blog\/"},{"@type":"ListItem","position":2,"name":"Cuando la noticia llega primero que la verdad"}]},{"@type":"WebSite","@id":"https:\/\/viniciojarquin.com\/blog\/#website","url":"https:\/\/viniciojarquin.com\/blog\/","name":"Vinicio Jarqu\u00edn BLOG","description":"","publisher":{"@id":"https:\/\/viniciojarquin.com\/blog\/#\/schema\/person\/90100c8845ae55462ec0657d3d2f8d3b"},"potentialAction":[{"@type":"SearchAction","target":{"@type":"EntryPoint","urlTemplate":"https:\/\/viniciojarquin.com\/blog\/?s={search_term_string}"},"query-input":{"@type":"PropertyValueSpecification","valueRequired":true,"valueName":"search_term_string"}}],"inLanguage":"es"},{"@type":["Person","Organization"],"@id":"https:\/\/viniciojarquin.com\/blog\/#\/schema\/person\/90100c8845ae55462ec0657d3d2f8d3b","name":"Vinicio Jarqu\u00edn","image":{"@type":"ImageObject","inLanguage":"es","@id":"https:\/\/viniciojarquin.com\/blog\/#\/schema\/person\/image\/","url":"https:\/\/viniciojarquin.com\/blog\/wp-content\/uploads\/2024\/10\/Logo-VinicioJarquin-original-400.png","contentUrl":"https:\/\/viniciojarquin.com\/blog\/wp-content\/uploads\/2024\/10\/Logo-VinicioJarquin-original-400.png","width":400,"height":130,"caption":"Vinicio Jarqu\u00edn"},"logo":{"@id":"https:\/\/viniciojarquin.com\/blog\/#\/schema\/person\/image\/"},"description":"Empresario textil, artista pl\u00e1stico, escritor, coach de vida y fot\u00f3grafo.","sameAs":["https:\/\/viniciojarquin.com\/blog","https:\/\/www.facebook.com\/vinicio.jarquin","https:\/\/www.instagram.com\/vinicio_jarquin\/","https:\/\/www.pinterest.com\/vinnyjc\/","https:\/\/www.youtube.com\/@VinicioJarquin"],"url":"https:\/\/viniciojarquin.com\/blog\/author\/admin_s02au25i\/"}]}},"blog_post_layout_featured_media_urls":{"thumbnail":["https:\/\/viniciojarquin.com\/blog\/wp-content\/uploads\/2026\/04\/Ronadl-Campos-150x150.png",150,150,true],"full":["https:\/\/viniciojarquin.com\/blog\/wp-content\/uploads\/2026\/04\/Ronadl-Campos.png",800,1200,false]},"categories_names":{"12":{"name":"Pol\u00edtica varios","link":"https:\/\/viniciojarquin.com\/blog\/category\/politica-o-gobierno\/"}},"tags_names":[],"comments_number":"0","_links":{"self":[{"href":"https:\/\/viniciojarquin.com\/blog\/wp-json\/wp\/v2\/posts\/3411","targetHints":{"allow":["GET"]}}],"collection":[{"href":"https:\/\/viniciojarquin.com\/blog\/wp-json\/wp\/v2\/posts"}],"about":[{"href":"https:\/\/viniciojarquin.com\/blog\/wp-json\/wp\/v2\/types\/post"}],"author":[{"embeddable":true,"href":"https:\/\/viniciojarquin.com\/blog\/wp-json\/wp\/v2\/users\/1"}],"replies":[{"embeddable":true,"href":"https:\/\/viniciojarquin.com\/blog\/wp-json\/wp\/v2\/comments?post=3411"}],"version-history":[{"count":1,"href":"https:\/\/viniciojarquin.com\/blog\/wp-json\/wp\/v2\/posts\/3411\/revisions"}],"predecessor-version":[{"id":3413,"href":"https:\/\/viniciojarquin.com\/blog\/wp-json\/wp\/v2\/posts\/3411\/revisions\/3413"}],"wp:featuredmedia":[{"embeddable":true,"href":"https:\/\/viniciojarquin.com\/blog\/wp-json\/wp\/v2\/media\/3412"}],"wp:attachment":[{"href":"https:\/\/viniciojarquin.com\/blog\/wp-json\/wp\/v2\/media?parent=3411"}],"wp:term":[{"taxonomy":"category","embeddable":true,"href":"https:\/\/viniciojarquin.com\/blog\/wp-json\/wp\/v2\/categories?post=3411"},{"taxonomy":"post_tag","embeddable":true,"href":"https:\/\/viniciojarquin.com\/blog\/wp-json\/wp\/v2\/tags?post=3411"}],"curies":[{"name":"wp","href":"https:\/\/api.w.org\/{rel}","templated":true}]}}