{"id":3414,"date":"2026-04-14T02:33:11","date_gmt":"2026-04-14T02:33:11","guid":{"rendered":"https:\/\/viniciojarquin.com\/blog\/?p=3414"},"modified":"2026-04-14T02:36:27","modified_gmt":"2026-04-14T02:36:27","slug":"los-alcances-nefastos-de-un-dialogo-agresivo","status":"publish","type":"post","link":"https:\/\/viniciojarquin.com\/blog\/los-alcances-nefastos-de-un-dialogo-agresivo\/","title":{"rendered":"Los alcances nefastos de un di\u00e1logo agresivo"},"content":{"rendered":"\n<figure class=\"wp-block-image size-full\"><img decoding=\"async\" width=\"800\" height=\"533\" data-src=\"https:\/\/viniciojarquin.com\/blog\/wp-content\/uploads\/2026\/04\/Los-alcances-nefastos-de-un-dialogo-agresivo.png\" alt=\"\" class=\"wp-image-3416 lazyload\" data-srcset=\"https:\/\/viniciojarquin.com\/blog\/wp-content\/uploads\/2026\/04\/Los-alcances-nefastos-de-un-dialogo-agresivo.png 800w, https:\/\/viniciojarquin.com\/blog\/wp-content\/uploads\/2026\/04\/Los-alcances-nefastos-de-un-dialogo-agresivo-300x200.png 300w, https:\/\/viniciojarquin.com\/blog\/wp-content\/uploads\/2026\/04\/Los-alcances-nefastos-de-un-dialogo-agresivo-768x512.png 768w\" data-sizes=\"(max-width: 800px) 100vw, 800px\" src=\"data:image\/svg+xml;base64,PHN2ZyB3aWR0aD0iMSIgaGVpZ2h0PSIxIiB4bWxucz0iaHR0cDovL3d3dy53My5vcmcvMjAwMC9zdmciPjwvc3ZnPg==\" style=\"--smush-placeholder-width: 800px; --smush-placeholder-aspect-ratio: 800\/533;\" \/><\/figure>\n\n\n\n<p>Hoy le\u00ed una noticia en la que la se\u00f1ora defensora de los habitantes le pide explicaciones al gobierno sobre el tema de los migrantes que entraron al pa\u00eds. Y, como ya se ha vuelto costumbre en ciertos sectores intoxicados por el impulso y no por la raz\u00f3n, no faltaron los ataques inmediatos contra ella. Lo m\u00e1s preocupante no es solamente la agresividad de los comentarios, sino la absoluta incapacidad de muchas personas para comprender lo m\u00e1s b\u00e1sico: ese es su trabajo. Para eso existe la Defensor\u00eda. Para pedir cuentas. Para vigilar. Para se\u00f1alar. Para defender a los habitantes cuando el poder p\u00fablico debe responder. No cuando le conviene. No cuando cae simp\u00e1tico. Siempre.<\/p>\n\n\n\n<p>Lo grave de este tiempo no es solo que haya gente que opine sin saber. Gente as\u00ed siempre ha existido. Lo verdaderamente alarmante es la velocidad con la que hoy se combina la ignorancia con el odio, y luego se exhibe esa mezcla como si fuera valent\u00eda, criterio o compromiso pol\u00edtico. No. No lo es. Es apenas un reflejo condicionado. Es la reacci\u00f3n de personas que han sido entrenadas para oponerse a todo, para atacar cualquier voz que fiscalice, para descalificar antes de entender, y para convertir la conversaci\u00f3n p\u00fablica en un basurero emocional donde ya no importa la verdad, ni la funci\u00f3n institucional, ni el sentido de las palabras.<\/p>\n\n\n\n<p>Hay algo particularmente peligroso en ese tipo de di\u00e1logo agresivo. Y es que no solo degrada la conversaci\u00f3n, sino que tambi\u00e9n va destruyendo los pocos puentes que todav\u00eda sostienen una democracia. Porque cuando una funcionaria cumple con su deber y, en vez de recibir debate serio, recibe insultos irracionales, lo que queda al descubierto no es un desacuerdo leg\u00edtimo, sino una cultura cada vez m\u00e1s incapaz de procesar la realidad con un m\u00ednimo de coherencia. Ya no se analiza lo que se hizo. Ya no se pregunta qu\u00e9 corresponde. Ya no se distingue entre una cr\u00edtica institucional y un ataque pol\u00edtico inventado. Simplemente se embiste. Y cuando una sociedad empieza a embestirlo todo, termina lesion\u00e1ndose a s\u00ed misma.<\/p>\n\n\n\n<p>Yo entiendo perfectamente que a muchos los hayan programado para estar en contra de cualquier cosa. En contra de todo lo que aparezca. En contra de todo lo que se diga. En contra de cualquiera que no aplauda sin pensar. Lo entiendo. Lo veo todos los d\u00edas. Pero precisamente por eso hay que decirlo con claridad: si van a reaccionar as\u00ed, t\u00f3mense aunque sea treinta segundos para estudiar lo m\u00ednimo. Lean. Averig\u00fcen. Preg\u00fantense cu\u00e1l es la funci\u00f3n de la instituci\u00f3n que est\u00e1n atacando. Porque mezclar ignorancia con odio no es una travesura ideol\u00f3gica. Es un combustible social tremendamente peligroso.<\/p>\n\n\n\n<p>Y cuando esa mezcla se normaliza, el da\u00f1o ya no recae solo sobre una persona, una funcionaria o una oficina p\u00fablica. El da\u00f1o alcanza a todo el pa\u00eds. Porque cada vez que se castiga el control, se protege el abuso. Cada vez que se ridiculiza la fiscalizaci\u00f3n, se fortalece la impunidad. Y cada vez que la agresividad sustituye al razonamiento, el pa\u00eds entero retrocede un poco m\u00e1s hacia una forma de convivencia m\u00e1s torpe, m\u00e1s ciega y brutal.<\/p>\n\n\n\n<p>Por eso este no es un tema menor. No se trata solo de unos comentarios vulgares en una red social. Se trata de una deformaci\u00f3n del juicio. De una ciudadan\u00eda que en algunos casos ya no distingue entre defender una causa y comportarse como una turba. Se trata del deterioro de la palabra p\u00fablica. Y cuando la palabra p\u00fablica se deteriora, despu\u00e9s se deteriora el criterio, y despu\u00e9s se deterioran los l\u00edmites, y despu\u00e9s se deteriora todo.<\/p>\n\n\n\n<p>Tal vez ya va siendo hora de entender que no toda persona que pide cuentas es enemiga. No toda voz que cuestiona estorba. No toda instituci\u00f3n que incomoda est\u00e1 \u201ccontra el pueblo\u201d. A veces, justamente, est\u00e1 haciendo el trabajo que otros prefieren que nadie haga. Y si como pa\u00eds perdemos la capacidad de entender eso, entonces el problema ya no ser\u00e1 solo el tono agresivo del di\u00e1logo. El problema ser\u00e1 que habremos empezado a renunciar, casi sin darnos cuenta, a la inteligencia m\u00ednima que una democracia necesita para no volverse ruina.<\/p>\n\n\n\n<p>Ahora, a vos, que saliste a criticar sin detenerte un segundo a entender, te dejo una tarea inc\u00f3moda pero necesaria. Revis\u00e1 dentro de vos qu\u00e9 es lo que realmente te molesta cuando desde la Defensor\u00eda de los Habitantes se le piden cuentas al gobierno. \u00bfTe incomoda el control? \u00bfTe irrita que alguien ejerza con seriedad una funci\u00f3n que ni siquiera te has tomado el tiempo de comprender? \u00bfO lo que te molesta tiene que ver con qui\u00e9n lo hace? Porque si en el fondo lo que te perturba es que sea una persona preparada, que sea mujer, que sea negra o que no forme parte del espect\u00e1culo pol\u00edtico que consum\u00eds, entonces el problema ya no est\u00e1 en la instituci\u00f3n ni en su labor. Est\u00e1 en tus propios sesgos. Y ninguna de esas razones, por m\u00e1s que intent\u00e9s maquillarlas de opini\u00f3n, justifica la insolencia ni el desprecio con el que te expres\u00e1s. Al contrario, lo \u00fanico que hacen es exponerte, con bastante claridad, en un lugar profundamente rid\u00edculo.<\/p>\n","protected":false},"excerpt":{"rendered":"<p>Hoy le\u00ed una noticia en la que la se\u00f1ora defensora de los habitantes le pide explicaciones al gobierno sobre el [&hellip;]<\/p>\n","protected":false},"author":1,"featured_media":3416,"comment_status":"open","ping_status":"open","sticky":false,"template":"","format":"standard","meta":{"site-sidebar-layout":"default","site-content-layout":"","ast-site-content-layout":"","site-content-style":"default","site-sidebar-style":"default","ast-global-header-display":"","ast-banner-title-visibility":"","ast-main-header-display":"","ast-hfb-above-header-display":"","ast-hfb-below-header-display":"","ast-hfb-mobile-header-display":"","site-post-title":"","ast-breadcrumbs-content":"","ast-featured-img":"","footer-sml-layout":"","theme-transparent-header-meta":"","adv-header-id-meta":"","stick-header-meta":"","header-above-stick-meta":"","header-main-stick-meta":"","header-below-stick-meta":"","astra-migrate-meta-layouts":"default","ast-page-background-enabled":"default","ast-page-background-meta":{"desktop":{"background-color":"var(--ast-global-color-5)","background-image":"","background-repeat":"repeat","background-position":"center center","background-size":"auto","background-attachment":"scroll","background-type":"","background-media":"","overlay-type":"","overlay-color":"","overlay-opacity":"","overlay-gradient":""},"tablet":{"background-color":"","background-image":"","background-repeat":"repeat","background-position":"center center","background-size":"auto","background-attachment":"scroll","background-type":"","background-media":"","overlay-type":"","overlay-color":"","overlay-opacity":"","overlay-gradient":""},"mobile":{"background-color":"","background-image":"","background-repeat":"repeat","background-position":"center center","background-size":"auto","background-attachment":"scroll","background-type":"","background-media":"","overlay-type":"","overlay-color":"","overlay-opacity":"","overlay-gradient":""}},"ast-content-background-meta":{"desktop":{"background-color":"var(--ast-global-color-4)","background-image":"","background-repeat":"repeat","background-position":"center center","background-size":"auto","background-attachment":"scroll","background-type":"","background-media":"","overlay-type":"","overlay-color":"","overlay-opacity":"","overlay-gradient":""},"tablet":{"background-color":"var(--ast-global-color-4)","background-image":"","background-repeat":"repeat","background-position":"center center","background-size":"auto","background-attachment":"scroll","background-type":"","background-media":"","overlay-type":"","overlay-color":"","overlay-opacity":"","overlay-gradient":""},"mobile":{"background-color":"var(--ast-global-color-4)","background-image":"","background-repeat":"repeat","background-position":"center center","background-size":"auto","background-attachment":"scroll","background-type":"","background-media":"","overlay-type":"","overlay-color":"","overlay-opacity":"","overlay-gradient":""}},"footnotes":""},"categories":[12],"tags":[],"class_list":["post-3414","post","type-post","status-publish","format-standard","has-post-thumbnail","hentry","category-politica-o-gobierno"],"yoast_head":"<!-- This site is optimized with the Yoast SEO plugin v26.0 - https:\/\/yoast.com\/wordpress\/plugins\/seo\/ -->\n<title>Los alcances nefastos de un di\u00e1logo agresivo - MI BLOG<\/title>\n<meta name=\"robots\" content=\"index, follow, max-snippet:-1, max-image-preview:large, max-video-preview:-1\" \/>\n<link rel=\"canonical\" href=\"https:\/\/viniciojarquin.com\/blog\/los-alcances-nefastos-de-un-dialogo-agresivo\/\" \/>\n<meta property=\"og:locale\" content=\"es_ES\" \/>\n<meta property=\"og:type\" content=\"article\" \/>\n<meta property=\"og:title\" content=\"Los alcances nefastos de un di\u00e1logo agresivo - MI BLOG\" \/>\n<meta property=\"og:description\" content=\"Hoy le\u00ed una noticia en la que la se\u00f1ora defensora de los habitantes le pide explicaciones al gobierno sobre el [&hellip;]\" \/>\n<meta property=\"og:url\" content=\"https:\/\/viniciojarquin.com\/blog\/los-alcances-nefastos-de-un-dialogo-agresivo\/\" \/>\n<meta property=\"og:site_name\" content=\"MI BLOG\" \/>\n<meta property=\"article:publisher\" content=\"https:\/\/www.facebook.com\/vinicio.jarquin\" \/>\n<meta property=\"article:author\" content=\"https:\/\/www.facebook.com\/vinicio.jarquin\" \/>\n<meta property=\"article:published_time\" content=\"2026-04-14T02:33:11+00:00\" \/>\n<meta property=\"article:modified_time\" content=\"2026-04-14T02:36:27+00:00\" \/>\n<meta property=\"og:image\" content=\"https:\/\/viniciojarquin.com\/blog\/wp-content\/uploads\/2026\/04\/Los-alcances-nefastos-de-un-dialogo-agresivo.png\" \/>\n\t<meta property=\"og:image:width\" content=\"800\" \/>\n\t<meta property=\"og:image:height\" content=\"533\" \/>\n\t<meta property=\"og:image:type\" content=\"image\/png\" \/>\n<meta name=\"author\" content=\"Vinicio Jarqu\u00edn\" \/>\n<meta name=\"twitter:card\" content=\"summary_large_image\" \/>\n<meta name=\"twitter:label1\" content=\"Escrito por\" \/>\n\t<meta name=\"twitter:data1\" content=\"Vinicio Jarqu\u00edn\" \/>\n\t<meta name=\"twitter:label2\" content=\"Tiempo de lectura\" \/>\n\t<meta name=\"twitter:data2\" content=\"5 minutos\" \/>\n<script type=\"application\/ld+json\" class=\"yoast-schema-graph\">{\"@context\":\"https:\/\/schema.org\",\"@graph\":[{\"@type\":\"Article\",\"@id\":\"https:\/\/viniciojarquin.com\/blog\/los-alcances-nefastos-de-un-dialogo-agresivo\/#article\",\"isPartOf\":{\"@id\":\"https:\/\/viniciojarquin.com\/blog\/los-alcances-nefastos-de-un-dialogo-agresivo\/\"},\"author\":{\"name\":\"Vinicio Jarqu\u00edn\",\"@id\":\"https:\/\/viniciojarquin.com\/blog\/#\/schema\/person\/90100c8845ae55462ec0657d3d2f8d3b\"},\"headline\":\"Los alcances nefastos de un di\u00e1logo agresivo\",\"datePublished\":\"2026-04-14T02:33:11+00:00\",\"dateModified\":\"2026-04-14T02:36:27+00:00\",\"mainEntityOfPage\":{\"@id\":\"https:\/\/viniciojarquin.com\/blog\/los-alcances-nefastos-de-un-dialogo-agresivo\/\"},\"wordCount\":931,\"commentCount\":0,\"publisher\":{\"@id\":\"https:\/\/viniciojarquin.com\/blog\/#\/schema\/person\/90100c8845ae55462ec0657d3d2f8d3b\"},\"image\":{\"@id\":\"https:\/\/viniciojarquin.com\/blog\/los-alcances-nefastos-de-un-dialogo-agresivo\/#primaryimage\"},\"thumbnailUrl\":\"https:\/\/viniciojarquin.com\/blog\/wp-content\/uploads\/2026\/04\/Los-alcances-nefastos-de-un-dialogo-agresivo.png\",\"articleSection\":[\"Pol\u00edtica varios\"],\"inLanguage\":\"es\",\"potentialAction\":[{\"@type\":\"CommentAction\",\"name\":\"Comment\",\"target\":[\"https:\/\/viniciojarquin.com\/blog\/los-alcances-nefastos-de-un-dialogo-agresivo\/#respond\"]}]},{\"@type\":\"WebPage\",\"@id\":\"https:\/\/viniciojarquin.com\/blog\/los-alcances-nefastos-de-un-dialogo-agresivo\/\",\"url\":\"https:\/\/viniciojarquin.com\/blog\/los-alcances-nefastos-de-un-dialogo-agresivo\/\",\"name\":\"Los alcances nefastos de un di\u00e1logo agresivo - MI BLOG\",\"isPartOf\":{\"@id\":\"https:\/\/viniciojarquin.com\/blog\/#website\"},\"primaryImageOfPage\":{\"@id\":\"https:\/\/viniciojarquin.com\/blog\/los-alcances-nefastos-de-un-dialogo-agresivo\/#primaryimage\"},\"image\":{\"@id\":\"https:\/\/viniciojarquin.com\/blog\/los-alcances-nefastos-de-un-dialogo-agresivo\/#primaryimage\"},\"thumbnailUrl\":\"https:\/\/viniciojarquin.com\/blog\/wp-content\/uploads\/2026\/04\/Los-alcances-nefastos-de-un-dialogo-agresivo.png\",\"datePublished\":\"2026-04-14T02:33:11+00:00\",\"dateModified\":\"2026-04-14T02:36:27+00:00\",\"breadcrumb\":{\"@id\":\"https:\/\/viniciojarquin.com\/blog\/los-alcances-nefastos-de-un-dialogo-agresivo\/#breadcrumb\"},\"inLanguage\":\"es\",\"potentialAction\":[{\"@type\":\"ReadAction\",\"target\":[\"https:\/\/viniciojarquin.com\/blog\/los-alcances-nefastos-de-un-dialogo-agresivo\/\"]}]},{\"@type\":\"ImageObject\",\"inLanguage\":\"es\",\"@id\":\"https:\/\/viniciojarquin.com\/blog\/los-alcances-nefastos-de-un-dialogo-agresivo\/#primaryimage\",\"url\":\"https:\/\/viniciojarquin.com\/blog\/wp-content\/uploads\/2026\/04\/Los-alcances-nefastos-de-un-dialogo-agresivo.png\",\"contentUrl\":\"https:\/\/viniciojarquin.com\/blog\/wp-content\/uploads\/2026\/04\/Los-alcances-nefastos-de-un-dialogo-agresivo.png\",\"width\":800,\"height\":533},{\"@type\":\"BreadcrumbList\",\"@id\":\"https:\/\/viniciojarquin.com\/blog\/los-alcances-nefastos-de-un-dialogo-agresivo\/#breadcrumb\",\"itemListElement\":[{\"@type\":\"ListItem\",\"position\":1,\"name\":\"Portada\",\"item\":\"https:\/\/viniciojarquin.com\/blog\/\"},{\"@type\":\"ListItem\",\"position\":2,\"name\":\"Los alcances nefastos de un di\u00e1logo agresivo\"}]},{\"@type\":\"WebSite\",\"@id\":\"https:\/\/viniciojarquin.com\/blog\/#website\",\"url\":\"https:\/\/viniciojarquin.com\/blog\/\",\"name\":\"Vinicio Jarqu\u00edn BLOG\",\"description\":\"\",\"publisher\":{\"@id\":\"https:\/\/viniciojarquin.com\/blog\/#\/schema\/person\/90100c8845ae55462ec0657d3d2f8d3b\"},\"potentialAction\":[{\"@type\":\"SearchAction\",\"target\":{\"@type\":\"EntryPoint\",\"urlTemplate\":\"https:\/\/viniciojarquin.com\/blog\/?s={search_term_string}\"},\"query-input\":{\"@type\":\"PropertyValueSpecification\",\"valueRequired\":true,\"valueName\":\"search_term_string\"}}],\"inLanguage\":\"es\"},{\"@type\":[\"Person\",\"Organization\"],\"@id\":\"https:\/\/viniciojarquin.com\/blog\/#\/schema\/person\/90100c8845ae55462ec0657d3d2f8d3b\",\"name\":\"Vinicio Jarqu\u00edn\",\"image\":{\"@type\":\"ImageObject\",\"inLanguage\":\"es\",\"@id\":\"https:\/\/viniciojarquin.com\/blog\/#\/schema\/person\/image\/\",\"url\":\"https:\/\/viniciojarquin.com\/blog\/wp-content\/uploads\/2024\/10\/Logo-VinicioJarquin-original-400.png\",\"contentUrl\":\"https:\/\/viniciojarquin.com\/blog\/wp-content\/uploads\/2024\/10\/Logo-VinicioJarquin-original-400.png\",\"width\":400,\"height\":130,\"caption\":\"Vinicio Jarqu\u00edn\"},\"logo\":{\"@id\":\"https:\/\/viniciojarquin.com\/blog\/#\/schema\/person\/image\/\"},\"description\":\"Empresario textil, artista pl\u00e1stico, escritor, coach de vida y fot\u00f3grafo.\",\"sameAs\":[\"https:\/\/viniciojarquin.com\/blog\",\"https:\/\/www.facebook.com\/vinicio.jarquin\",\"https:\/\/www.instagram.com\/vinicio_jarquin\/\",\"https:\/\/www.pinterest.com\/vinnyjc\/\",\"https:\/\/www.youtube.com\/@VinicioJarquin\"],\"url\":\"https:\/\/viniciojarquin.com\/blog\/author\/admin_s02au25i\/\"}]}<\/script>\n<!-- \/ Yoast SEO plugin. -->","yoast_head_json":{"title":"Los alcances nefastos de un di\u00e1logo agresivo - MI BLOG","robots":{"index":"index","follow":"follow","max-snippet":"max-snippet:-1","max-image-preview":"max-image-preview:large","max-video-preview":"max-video-preview:-1"},"canonical":"https:\/\/viniciojarquin.com\/blog\/los-alcances-nefastos-de-un-dialogo-agresivo\/","og_locale":"es_ES","og_type":"article","og_title":"Los alcances nefastos de un di\u00e1logo agresivo - MI BLOG","og_description":"Hoy le\u00ed una noticia en la que la se\u00f1ora defensora de los habitantes le pide explicaciones al gobierno sobre el [&hellip;]","og_url":"https:\/\/viniciojarquin.com\/blog\/los-alcances-nefastos-de-un-dialogo-agresivo\/","og_site_name":"MI BLOG","article_publisher":"https:\/\/www.facebook.com\/vinicio.jarquin","article_author":"https:\/\/www.facebook.com\/vinicio.jarquin","article_published_time":"2026-04-14T02:33:11+00:00","article_modified_time":"2026-04-14T02:36:27+00:00","og_image":[{"width":800,"height":533,"url":"https:\/\/viniciojarquin.com\/blog\/wp-content\/uploads\/2026\/04\/Los-alcances-nefastos-de-un-dialogo-agresivo.png","type":"image\/png"}],"author":"Vinicio Jarqu\u00edn","twitter_card":"summary_large_image","twitter_misc":{"Escrito por":"Vinicio Jarqu\u00edn","Tiempo de lectura":"5 minutos"},"schema":{"@context":"https:\/\/schema.org","@graph":[{"@type":"Article","@id":"https:\/\/viniciojarquin.com\/blog\/los-alcances-nefastos-de-un-dialogo-agresivo\/#article","isPartOf":{"@id":"https:\/\/viniciojarquin.com\/blog\/los-alcances-nefastos-de-un-dialogo-agresivo\/"},"author":{"name":"Vinicio Jarqu\u00edn","@id":"https:\/\/viniciojarquin.com\/blog\/#\/schema\/person\/90100c8845ae55462ec0657d3d2f8d3b"},"headline":"Los alcances nefastos de un di\u00e1logo agresivo","datePublished":"2026-04-14T02:33:11+00:00","dateModified":"2026-04-14T02:36:27+00:00","mainEntityOfPage":{"@id":"https:\/\/viniciojarquin.com\/blog\/los-alcances-nefastos-de-un-dialogo-agresivo\/"},"wordCount":931,"commentCount":0,"publisher":{"@id":"https:\/\/viniciojarquin.com\/blog\/#\/schema\/person\/90100c8845ae55462ec0657d3d2f8d3b"},"image":{"@id":"https:\/\/viniciojarquin.com\/blog\/los-alcances-nefastos-de-un-dialogo-agresivo\/#primaryimage"},"thumbnailUrl":"https:\/\/viniciojarquin.com\/blog\/wp-content\/uploads\/2026\/04\/Los-alcances-nefastos-de-un-dialogo-agresivo.png","articleSection":["Pol\u00edtica varios"],"inLanguage":"es","potentialAction":[{"@type":"CommentAction","name":"Comment","target":["https:\/\/viniciojarquin.com\/blog\/los-alcances-nefastos-de-un-dialogo-agresivo\/#respond"]}]},{"@type":"WebPage","@id":"https:\/\/viniciojarquin.com\/blog\/los-alcances-nefastos-de-un-dialogo-agresivo\/","url":"https:\/\/viniciojarquin.com\/blog\/los-alcances-nefastos-de-un-dialogo-agresivo\/","name":"Los alcances nefastos de un di\u00e1logo agresivo - MI BLOG","isPartOf":{"@id":"https:\/\/viniciojarquin.com\/blog\/#website"},"primaryImageOfPage":{"@id":"https:\/\/viniciojarquin.com\/blog\/los-alcances-nefastos-de-un-dialogo-agresivo\/#primaryimage"},"image":{"@id":"https:\/\/viniciojarquin.com\/blog\/los-alcances-nefastos-de-un-dialogo-agresivo\/#primaryimage"},"thumbnailUrl":"https:\/\/viniciojarquin.com\/blog\/wp-content\/uploads\/2026\/04\/Los-alcances-nefastos-de-un-dialogo-agresivo.png","datePublished":"2026-04-14T02:33:11+00:00","dateModified":"2026-04-14T02:36:27+00:00","breadcrumb":{"@id":"https:\/\/viniciojarquin.com\/blog\/los-alcances-nefastos-de-un-dialogo-agresivo\/#breadcrumb"},"inLanguage":"es","potentialAction":[{"@type":"ReadAction","target":["https:\/\/viniciojarquin.com\/blog\/los-alcances-nefastos-de-un-dialogo-agresivo\/"]}]},{"@type":"ImageObject","inLanguage":"es","@id":"https:\/\/viniciojarquin.com\/blog\/los-alcances-nefastos-de-un-dialogo-agresivo\/#primaryimage","url":"https:\/\/viniciojarquin.com\/blog\/wp-content\/uploads\/2026\/04\/Los-alcances-nefastos-de-un-dialogo-agresivo.png","contentUrl":"https:\/\/viniciojarquin.com\/blog\/wp-content\/uploads\/2026\/04\/Los-alcances-nefastos-de-un-dialogo-agresivo.png","width":800,"height":533},{"@type":"BreadcrumbList","@id":"https:\/\/viniciojarquin.com\/blog\/los-alcances-nefastos-de-un-dialogo-agresivo\/#breadcrumb","itemListElement":[{"@type":"ListItem","position":1,"name":"Portada","item":"https:\/\/viniciojarquin.com\/blog\/"},{"@type":"ListItem","position":2,"name":"Los alcances nefastos de un di\u00e1logo agresivo"}]},{"@type":"WebSite","@id":"https:\/\/viniciojarquin.com\/blog\/#website","url":"https:\/\/viniciojarquin.com\/blog\/","name":"Vinicio Jarqu\u00edn BLOG","description":"","publisher":{"@id":"https:\/\/viniciojarquin.com\/blog\/#\/schema\/person\/90100c8845ae55462ec0657d3d2f8d3b"},"potentialAction":[{"@type":"SearchAction","target":{"@type":"EntryPoint","urlTemplate":"https:\/\/viniciojarquin.com\/blog\/?s={search_term_string}"},"query-input":{"@type":"PropertyValueSpecification","valueRequired":true,"valueName":"search_term_string"}}],"inLanguage":"es"},{"@type":["Person","Organization"],"@id":"https:\/\/viniciojarquin.com\/blog\/#\/schema\/person\/90100c8845ae55462ec0657d3d2f8d3b","name":"Vinicio Jarqu\u00edn","image":{"@type":"ImageObject","inLanguage":"es","@id":"https:\/\/viniciojarquin.com\/blog\/#\/schema\/person\/image\/","url":"https:\/\/viniciojarquin.com\/blog\/wp-content\/uploads\/2024\/10\/Logo-VinicioJarquin-original-400.png","contentUrl":"https:\/\/viniciojarquin.com\/blog\/wp-content\/uploads\/2024\/10\/Logo-VinicioJarquin-original-400.png","width":400,"height":130,"caption":"Vinicio Jarqu\u00edn"},"logo":{"@id":"https:\/\/viniciojarquin.com\/blog\/#\/schema\/person\/image\/"},"description":"Empresario textil, artista pl\u00e1stico, escritor, coach de vida y fot\u00f3grafo.","sameAs":["https:\/\/viniciojarquin.com\/blog","https:\/\/www.facebook.com\/vinicio.jarquin","https:\/\/www.instagram.com\/vinicio_jarquin\/","https:\/\/www.pinterest.com\/vinnyjc\/","https:\/\/www.youtube.com\/@VinicioJarquin"],"url":"https:\/\/viniciojarquin.com\/blog\/author\/admin_s02au25i\/"}]}},"blog_post_layout_featured_media_urls":{"thumbnail":["https:\/\/viniciojarquin.com\/blog\/wp-content\/uploads\/2026\/04\/Los-alcances-nefastos-de-un-dialogo-agresivo-150x150.png",150,150,true],"full":["https:\/\/viniciojarquin.com\/blog\/wp-content\/uploads\/2026\/04\/Los-alcances-nefastos-de-un-dialogo-agresivo.png",800,533,false]},"categories_names":{"12":{"name":"Pol\u00edtica varios","link":"https:\/\/viniciojarquin.com\/blog\/category\/politica-o-gobierno\/"}},"tags_names":[],"comments_number":"0","_links":{"self":[{"href":"https:\/\/viniciojarquin.com\/blog\/wp-json\/wp\/v2\/posts\/3414","targetHints":{"allow":["GET"]}}],"collection":[{"href":"https:\/\/viniciojarquin.com\/blog\/wp-json\/wp\/v2\/posts"}],"about":[{"href":"https:\/\/viniciojarquin.com\/blog\/wp-json\/wp\/v2\/types\/post"}],"author":[{"embeddable":true,"href":"https:\/\/viniciojarquin.com\/blog\/wp-json\/wp\/v2\/users\/1"}],"replies":[{"embeddable":true,"href":"https:\/\/viniciojarquin.com\/blog\/wp-json\/wp\/v2\/comments?post=3414"}],"version-history":[{"count":3,"href":"https:\/\/viniciojarquin.com\/blog\/wp-json\/wp\/v2\/posts\/3414\/revisions"}],"predecessor-version":[{"id":3418,"href":"https:\/\/viniciojarquin.com\/blog\/wp-json\/wp\/v2\/posts\/3414\/revisions\/3418"}],"wp:featuredmedia":[{"embeddable":true,"href":"https:\/\/viniciojarquin.com\/blog\/wp-json\/wp\/v2\/media\/3416"}],"wp:attachment":[{"href":"https:\/\/viniciojarquin.com\/blog\/wp-json\/wp\/v2\/media?parent=3414"}],"wp:term":[{"taxonomy":"category","embeddable":true,"href":"https:\/\/viniciojarquin.com\/blog\/wp-json\/wp\/v2\/categories?post=3414"},{"taxonomy":"post_tag","embeddable":true,"href":"https:\/\/viniciojarquin.com\/blog\/wp-json\/wp\/v2\/tags?post=3414"}],"curies":[{"name":"wp","href":"https:\/\/api.w.org\/{rel}","templated":true}]}}