{"id":3419,"date":"2026-04-14T02:38:49","date_gmt":"2026-04-14T02:38:49","guid":{"rendered":"https:\/\/viniciojarquin.com\/blog\/?p=3419"},"modified":"2026-04-14T02:40:44","modified_gmt":"2026-04-14T02:40:44","slug":"la-coherencia-no-es-lo-suyo","status":"publish","type":"post","link":"https:\/\/viniciojarquin.com\/blog\/la-coherencia-no-es-lo-suyo\/","title":{"rendered":"La coherencia no es lo suyo"},"content":{"rendered":"\n<figure class=\"wp-block-image size-full\"><img decoding=\"async\" width=\"800\" height=\"533\" data-src=\"https:\/\/viniciojarquin.com\/blog\/wp-content\/uploads\/2026\/04\/La-coherencia-no-es-lo-suyo.png\" alt=\"\" class=\"wp-image-3421 lazyload\" data-srcset=\"https:\/\/viniciojarquin.com\/blog\/wp-content\/uploads\/2026\/04\/La-coherencia-no-es-lo-suyo.png 800w, https:\/\/viniciojarquin.com\/blog\/wp-content\/uploads\/2026\/04\/La-coherencia-no-es-lo-suyo-300x200.png 300w, https:\/\/viniciojarquin.com\/blog\/wp-content\/uploads\/2026\/04\/La-coherencia-no-es-lo-suyo-768x512.png 768w\" data-sizes=\"(max-width: 800px) 100vw, 800px\" src=\"data:image\/svg+xml;base64,PHN2ZyB3aWR0aD0iMSIgaGVpZ2h0PSIxIiB4bWxucz0iaHR0cDovL3d3dy53My5vcmcvMjAwMC9zdmciPjwvc3ZnPg==\" style=\"--smush-placeholder-width: 800px; --smush-placeholder-aspect-ratio: 800\/533;\" \/><\/figure>\n\n\n\n<p>El gobierno anuncia acuerdos con otros pa\u00edses para traer migrantes a Costa Rica, y la reacci\u00f3n es inmediata: aplausos, celebraci\u00f3n, respaldo autom\u00e1tico. No hay preguntas, no hay an\u00e1lisis, no hay pausa. La turba responde como responde siempre\u2026 desde la emoci\u00f3n del momento y la alineaci\u00f3n ciega. Lo curioso es que esa misma turba, apenas d\u00edas atr\u00e1s, se quejaba con fuerza de los migrantes que estaban entrando al pa\u00eds. Eran un problema, eran una amenaza, eran motivo de molestia constante. Pero ahora no. Ahora, como la iniciativa viene desde el poder, entonces todo est\u00e1 bien. Entonces todo se justifica.<\/p>\n\n\n\n<p>Y pasan los d\u00edas. Llegan los migrantes. Pero no llegan como uno esperar\u00eda de un proceso ordenado, digno, humano. Llegan sin claridad, sin informaci\u00f3n suficiente, sin condiciones visibles que aseguren atenci\u00f3n m\u00e9dica o acompa\u00f1amiento social. Llegan, seg\u00fan lo que se alcanza a percibir, en condiciones que levantan m\u00e1s preguntas que respuestas. Y es entonces cuando aparece una figura institucional haciendo exactamente lo que le corresponde: pedir explicaciones. Preguntar por las condiciones, por el trato, por la salud, por el estatus. Cumplir con su rol.<\/p>\n\n\n\n<p>Y la turba, fiel a su naturaleza, vuelve a reaccionar.<\/p>\n\n\n\n<p>Pero no contra lo que est\u00e1 mal. No contra las posibles condiciones indignas. No contra la falta de informaci\u00f3n. No. Reacciona contra quien pregunta. Contra quien exige claridad. Contra quien intenta poner orden en medio del desorden. Y entonces, si uno hace el ejercicio m\u00e1s b\u00e1sico, casi una operaci\u00f3n aritm\u00e9tica de lo ocurrido, el resultado es brutal: no quer\u00edan migrantes\u2026 pero ahora s\u00ed. Los aplauden\u2026 pero no cuestionan en qu\u00e9 condiciones llegan. Y cuando alguien se atreve a defenderlos o a pedir cuentas por ellos, entonces tambi\u00e9n est\u00e1 mal.<\/p>\n\n\n\n<p>No hay una postura. No hay un principio. No hay una l\u00ednea \u00e9tica. Hay algo m\u00e1s simple\u2026 y m\u00e1s preocupante. Hay una necesidad constante de estar del lado que aplaude, aunque eso implique contradecirse, ignorar la dignidad humana o atacar a quien intenta defenderla.<\/p>\n\n\n\n<p>Y eso, m\u00e1s que una posici\u00f3n pol\u00edtica, es un reflejo profundo de lo que se lleva dentro.<\/p>\n","protected":false},"excerpt":{"rendered":"<p>El gobierno anuncia acuerdos con otros pa\u00edses para traer migrantes a Costa Rica, y la reacci\u00f3n es inmediata: aplausos, celebraci\u00f3n, [&hellip;]<\/p>\n","protected":false},"author":1,"featured_media":3421,"comment_status":"open","ping_status":"open","sticky":false,"template":"","format":"standard","meta":{"site-sidebar-layout":"default","site-content-layout":"","ast-site-content-layout":"","site-content-style":"default","site-sidebar-style":"default","ast-global-header-display":"","ast-banner-title-visibility":"","ast-main-header-display":"","ast-hfb-above-header-display":"","ast-hfb-below-header-display":"","ast-hfb-mobile-header-display":"","site-post-title":"","ast-breadcrumbs-content":"","ast-featured-img":"","footer-sml-layout":"","theme-transparent-header-meta":"","adv-header-id-meta":"","stick-header-meta":"","header-above-stick-meta":"","header-main-stick-meta":"","header-below-stick-meta":"","astra-migrate-meta-layouts":"default","ast-page-background-enabled":"default","ast-page-background-meta":{"desktop":{"background-color":"var(--ast-global-color-5)","background-image":"","background-repeat":"repeat","background-position":"center center","background-size":"auto","background-attachment":"scroll","background-type":"","background-media":"","overlay-type":"","overlay-color":"","overlay-opacity":"","overlay-gradient":""},"tablet":{"background-color":"","background-image":"","background-repeat":"repeat","background-position":"center center","background-size":"auto","background-attachment":"scroll","background-type":"","background-media":"","overlay-type":"","overlay-color":"","overlay-opacity":"","overlay-gradient":""},"mobile":{"background-color":"","background-image":"","background-repeat":"repeat","background-position":"center center","background-size":"auto","background-attachment":"scroll","background-type":"","background-media":"","overlay-type":"","overlay-color":"","overlay-opacity":"","overlay-gradient":""}},"ast-content-background-meta":{"desktop":{"background-color":"var(--ast-global-color-4)","background-image":"","background-repeat":"repeat","background-position":"center center","background-size":"auto","background-attachment":"scroll","background-type":"","background-media":"","overlay-type":"","overlay-color":"","overlay-opacity":"","overlay-gradient":""},"tablet":{"background-color":"var(--ast-global-color-4)","background-image":"","background-repeat":"repeat","background-position":"center center","background-size":"auto","background-attachment":"scroll","background-type":"","background-media":"","overlay-type":"","overlay-color":"","overlay-opacity":"","overlay-gradient":""},"mobile":{"background-color":"var(--ast-global-color-4)","background-image":"","background-repeat":"repeat","background-position":"center center","background-size":"auto","background-attachment":"scroll","background-type":"","background-media":"","overlay-type":"","overlay-color":"","overlay-opacity":"","overlay-gradient":""}},"footnotes":""},"categories":[12],"tags":[],"class_list":["post-3419","post","type-post","status-publish","format-standard","has-post-thumbnail","hentry","category-politica-o-gobierno"],"yoast_head":"<!-- This site is optimized with the Yoast SEO plugin v26.0 - https:\/\/yoast.com\/wordpress\/plugins\/seo\/ -->\n<title>La coherencia no es lo suyo - MI BLOG<\/title>\n<meta name=\"robots\" content=\"index, follow, max-snippet:-1, max-image-preview:large, max-video-preview:-1\" \/>\n<link rel=\"canonical\" href=\"https:\/\/viniciojarquin.com\/blog\/la-coherencia-no-es-lo-suyo\/\" \/>\n<meta property=\"og:locale\" content=\"es_ES\" \/>\n<meta property=\"og:type\" content=\"article\" \/>\n<meta property=\"og:title\" content=\"La coherencia no es lo suyo - MI BLOG\" \/>\n<meta property=\"og:description\" content=\"El gobierno anuncia acuerdos con otros pa\u00edses para traer migrantes a Costa Rica, y la reacci\u00f3n es inmediata: aplausos, celebraci\u00f3n, [&hellip;]\" \/>\n<meta property=\"og:url\" content=\"https:\/\/viniciojarquin.com\/blog\/la-coherencia-no-es-lo-suyo\/\" \/>\n<meta property=\"og:site_name\" content=\"MI BLOG\" \/>\n<meta property=\"article:publisher\" content=\"https:\/\/www.facebook.com\/vinicio.jarquin\" \/>\n<meta property=\"article:author\" content=\"https:\/\/www.facebook.com\/vinicio.jarquin\" \/>\n<meta property=\"article:published_time\" content=\"2026-04-14T02:38:49+00:00\" \/>\n<meta property=\"article:modified_time\" content=\"2026-04-14T02:40:44+00:00\" \/>\n<meta property=\"og:image\" content=\"https:\/\/viniciojarquin.com\/blog\/wp-content\/uploads\/2026\/04\/La-coherencia-no-es-lo-suyo.png\" \/>\n\t<meta property=\"og:image:width\" content=\"800\" \/>\n\t<meta property=\"og:image:height\" content=\"533\" \/>\n\t<meta property=\"og:image:type\" content=\"image\/png\" \/>\n<meta name=\"author\" content=\"Vinicio Jarqu\u00edn\" \/>\n<meta name=\"twitter:card\" content=\"summary_large_image\" \/>\n<meta name=\"twitter:label1\" content=\"Escrito por\" \/>\n\t<meta name=\"twitter:data1\" content=\"Vinicio Jarqu\u00edn\" \/>\n\t<meta name=\"twitter:label2\" content=\"Tiempo de lectura\" \/>\n\t<meta name=\"twitter:data2\" content=\"2 minutos\" \/>\n<script type=\"application\/ld+json\" class=\"yoast-schema-graph\">{\"@context\":\"https:\/\/schema.org\",\"@graph\":[{\"@type\":\"Article\",\"@id\":\"https:\/\/viniciojarquin.com\/blog\/la-coherencia-no-es-lo-suyo\/#article\",\"isPartOf\":{\"@id\":\"https:\/\/viniciojarquin.com\/blog\/la-coherencia-no-es-lo-suyo\/\"},\"author\":{\"name\":\"Vinicio Jarqu\u00edn\",\"@id\":\"https:\/\/viniciojarquin.com\/blog\/#\/schema\/person\/90100c8845ae55462ec0657d3d2f8d3b\"},\"headline\":\"La coherencia no es lo suyo\",\"datePublished\":\"2026-04-14T02:38:49+00:00\",\"dateModified\":\"2026-04-14T02:40:44+00:00\",\"mainEntityOfPage\":{\"@id\":\"https:\/\/viniciojarquin.com\/blog\/la-coherencia-no-es-lo-suyo\/\"},\"wordCount\":379,\"commentCount\":0,\"publisher\":{\"@id\":\"https:\/\/viniciojarquin.com\/blog\/#\/schema\/person\/90100c8845ae55462ec0657d3d2f8d3b\"},\"image\":{\"@id\":\"https:\/\/viniciojarquin.com\/blog\/la-coherencia-no-es-lo-suyo\/#primaryimage\"},\"thumbnailUrl\":\"https:\/\/viniciojarquin.com\/blog\/wp-content\/uploads\/2026\/04\/La-coherencia-no-es-lo-suyo.png\",\"articleSection\":[\"Pol\u00edtica varios\"],\"inLanguage\":\"es\",\"potentialAction\":[{\"@type\":\"CommentAction\",\"name\":\"Comment\",\"target\":[\"https:\/\/viniciojarquin.com\/blog\/la-coherencia-no-es-lo-suyo\/#respond\"]}]},{\"@type\":\"WebPage\",\"@id\":\"https:\/\/viniciojarquin.com\/blog\/la-coherencia-no-es-lo-suyo\/\",\"url\":\"https:\/\/viniciojarquin.com\/blog\/la-coherencia-no-es-lo-suyo\/\",\"name\":\"La coherencia no es lo suyo - MI BLOG\",\"isPartOf\":{\"@id\":\"https:\/\/viniciojarquin.com\/blog\/#website\"},\"primaryImageOfPage\":{\"@id\":\"https:\/\/viniciojarquin.com\/blog\/la-coherencia-no-es-lo-suyo\/#primaryimage\"},\"image\":{\"@id\":\"https:\/\/viniciojarquin.com\/blog\/la-coherencia-no-es-lo-suyo\/#primaryimage\"},\"thumbnailUrl\":\"https:\/\/viniciojarquin.com\/blog\/wp-content\/uploads\/2026\/04\/La-coherencia-no-es-lo-suyo.png\",\"datePublished\":\"2026-04-14T02:38:49+00:00\",\"dateModified\":\"2026-04-14T02:40:44+00:00\",\"breadcrumb\":{\"@id\":\"https:\/\/viniciojarquin.com\/blog\/la-coherencia-no-es-lo-suyo\/#breadcrumb\"},\"inLanguage\":\"es\",\"potentialAction\":[{\"@type\":\"ReadAction\",\"target\":[\"https:\/\/viniciojarquin.com\/blog\/la-coherencia-no-es-lo-suyo\/\"]}]},{\"@type\":\"ImageObject\",\"inLanguage\":\"es\",\"@id\":\"https:\/\/viniciojarquin.com\/blog\/la-coherencia-no-es-lo-suyo\/#primaryimage\",\"url\":\"https:\/\/viniciojarquin.com\/blog\/wp-content\/uploads\/2026\/04\/La-coherencia-no-es-lo-suyo.png\",\"contentUrl\":\"https:\/\/viniciojarquin.com\/blog\/wp-content\/uploads\/2026\/04\/La-coherencia-no-es-lo-suyo.png\",\"width\":800,\"height\":533},{\"@type\":\"BreadcrumbList\",\"@id\":\"https:\/\/viniciojarquin.com\/blog\/la-coherencia-no-es-lo-suyo\/#breadcrumb\",\"itemListElement\":[{\"@type\":\"ListItem\",\"position\":1,\"name\":\"Portada\",\"item\":\"https:\/\/viniciojarquin.com\/blog\/\"},{\"@type\":\"ListItem\",\"position\":2,\"name\":\"La coherencia no es lo suyo\"}]},{\"@type\":\"WebSite\",\"@id\":\"https:\/\/viniciojarquin.com\/blog\/#website\",\"url\":\"https:\/\/viniciojarquin.com\/blog\/\",\"name\":\"Vinicio Jarqu\u00edn BLOG\",\"description\":\"\",\"publisher\":{\"@id\":\"https:\/\/viniciojarquin.com\/blog\/#\/schema\/person\/90100c8845ae55462ec0657d3d2f8d3b\"},\"potentialAction\":[{\"@type\":\"SearchAction\",\"target\":{\"@type\":\"EntryPoint\",\"urlTemplate\":\"https:\/\/viniciojarquin.com\/blog\/?s={search_term_string}\"},\"query-input\":{\"@type\":\"PropertyValueSpecification\",\"valueRequired\":true,\"valueName\":\"search_term_string\"}}],\"inLanguage\":\"es\"},{\"@type\":[\"Person\",\"Organization\"],\"@id\":\"https:\/\/viniciojarquin.com\/blog\/#\/schema\/person\/90100c8845ae55462ec0657d3d2f8d3b\",\"name\":\"Vinicio Jarqu\u00edn\",\"image\":{\"@type\":\"ImageObject\",\"inLanguage\":\"es\",\"@id\":\"https:\/\/viniciojarquin.com\/blog\/#\/schema\/person\/image\/\",\"url\":\"https:\/\/viniciojarquin.com\/blog\/wp-content\/uploads\/2024\/10\/Logo-VinicioJarquin-original-400.png\",\"contentUrl\":\"https:\/\/viniciojarquin.com\/blog\/wp-content\/uploads\/2024\/10\/Logo-VinicioJarquin-original-400.png\",\"width\":400,\"height\":130,\"caption\":\"Vinicio Jarqu\u00edn\"},\"logo\":{\"@id\":\"https:\/\/viniciojarquin.com\/blog\/#\/schema\/person\/image\/\"},\"description\":\"Empresario textil, artista pl\u00e1stico, escritor, coach de vida y fot\u00f3grafo.\",\"sameAs\":[\"https:\/\/viniciojarquin.com\/blog\",\"https:\/\/www.facebook.com\/vinicio.jarquin\",\"https:\/\/www.instagram.com\/vinicio_jarquin\/\",\"https:\/\/www.pinterest.com\/vinnyjc\/\",\"https:\/\/www.youtube.com\/@VinicioJarquin\"],\"url\":\"https:\/\/viniciojarquin.com\/blog\/author\/admin_s02au25i\/\"}]}<\/script>\n<!-- \/ Yoast SEO plugin. -->","yoast_head_json":{"title":"La coherencia no es lo suyo - MI BLOG","robots":{"index":"index","follow":"follow","max-snippet":"max-snippet:-1","max-image-preview":"max-image-preview:large","max-video-preview":"max-video-preview:-1"},"canonical":"https:\/\/viniciojarquin.com\/blog\/la-coherencia-no-es-lo-suyo\/","og_locale":"es_ES","og_type":"article","og_title":"La coherencia no es lo suyo - MI BLOG","og_description":"El gobierno anuncia acuerdos con otros pa\u00edses para traer migrantes a Costa Rica, y la reacci\u00f3n es inmediata: aplausos, celebraci\u00f3n, [&hellip;]","og_url":"https:\/\/viniciojarquin.com\/blog\/la-coherencia-no-es-lo-suyo\/","og_site_name":"MI BLOG","article_publisher":"https:\/\/www.facebook.com\/vinicio.jarquin","article_author":"https:\/\/www.facebook.com\/vinicio.jarquin","article_published_time":"2026-04-14T02:38:49+00:00","article_modified_time":"2026-04-14T02:40:44+00:00","og_image":[{"width":800,"height":533,"url":"https:\/\/viniciojarquin.com\/blog\/wp-content\/uploads\/2026\/04\/La-coherencia-no-es-lo-suyo.png","type":"image\/png"}],"author":"Vinicio Jarqu\u00edn","twitter_card":"summary_large_image","twitter_misc":{"Escrito por":"Vinicio Jarqu\u00edn","Tiempo de lectura":"2 minutos"},"schema":{"@context":"https:\/\/schema.org","@graph":[{"@type":"Article","@id":"https:\/\/viniciojarquin.com\/blog\/la-coherencia-no-es-lo-suyo\/#article","isPartOf":{"@id":"https:\/\/viniciojarquin.com\/blog\/la-coherencia-no-es-lo-suyo\/"},"author":{"name":"Vinicio Jarqu\u00edn","@id":"https:\/\/viniciojarquin.com\/blog\/#\/schema\/person\/90100c8845ae55462ec0657d3d2f8d3b"},"headline":"La coherencia no es lo suyo","datePublished":"2026-04-14T02:38:49+00:00","dateModified":"2026-04-14T02:40:44+00:00","mainEntityOfPage":{"@id":"https:\/\/viniciojarquin.com\/blog\/la-coherencia-no-es-lo-suyo\/"},"wordCount":379,"commentCount":0,"publisher":{"@id":"https:\/\/viniciojarquin.com\/blog\/#\/schema\/person\/90100c8845ae55462ec0657d3d2f8d3b"},"image":{"@id":"https:\/\/viniciojarquin.com\/blog\/la-coherencia-no-es-lo-suyo\/#primaryimage"},"thumbnailUrl":"https:\/\/viniciojarquin.com\/blog\/wp-content\/uploads\/2026\/04\/La-coherencia-no-es-lo-suyo.png","articleSection":["Pol\u00edtica varios"],"inLanguage":"es","potentialAction":[{"@type":"CommentAction","name":"Comment","target":["https:\/\/viniciojarquin.com\/blog\/la-coherencia-no-es-lo-suyo\/#respond"]}]},{"@type":"WebPage","@id":"https:\/\/viniciojarquin.com\/blog\/la-coherencia-no-es-lo-suyo\/","url":"https:\/\/viniciojarquin.com\/blog\/la-coherencia-no-es-lo-suyo\/","name":"La coherencia no es lo suyo - MI BLOG","isPartOf":{"@id":"https:\/\/viniciojarquin.com\/blog\/#website"},"primaryImageOfPage":{"@id":"https:\/\/viniciojarquin.com\/blog\/la-coherencia-no-es-lo-suyo\/#primaryimage"},"image":{"@id":"https:\/\/viniciojarquin.com\/blog\/la-coherencia-no-es-lo-suyo\/#primaryimage"},"thumbnailUrl":"https:\/\/viniciojarquin.com\/blog\/wp-content\/uploads\/2026\/04\/La-coherencia-no-es-lo-suyo.png","datePublished":"2026-04-14T02:38:49+00:00","dateModified":"2026-04-14T02:40:44+00:00","breadcrumb":{"@id":"https:\/\/viniciojarquin.com\/blog\/la-coherencia-no-es-lo-suyo\/#breadcrumb"},"inLanguage":"es","potentialAction":[{"@type":"ReadAction","target":["https:\/\/viniciojarquin.com\/blog\/la-coherencia-no-es-lo-suyo\/"]}]},{"@type":"ImageObject","inLanguage":"es","@id":"https:\/\/viniciojarquin.com\/blog\/la-coherencia-no-es-lo-suyo\/#primaryimage","url":"https:\/\/viniciojarquin.com\/blog\/wp-content\/uploads\/2026\/04\/La-coherencia-no-es-lo-suyo.png","contentUrl":"https:\/\/viniciojarquin.com\/blog\/wp-content\/uploads\/2026\/04\/La-coherencia-no-es-lo-suyo.png","width":800,"height":533},{"@type":"BreadcrumbList","@id":"https:\/\/viniciojarquin.com\/blog\/la-coherencia-no-es-lo-suyo\/#breadcrumb","itemListElement":[{"@type":"ListItem","position":1,"name":"Portada","item":"https:\/\/viniciojarquin.com\/blog\/"},{"@type":"ListItem","position":2,"name":"La coherencia no es lo suyo"}]},{"@type":"WebSite","@id":"https:\/\/viniciojarquin.com\/blog\/#website","url":"https:\/\/viniciojarquin.com\/blog\/","name":"Vinicio Jarqu\u00edn BLOG","description":"","publisher":{"@id":"https:\/\/viniciojarquin.com\/blog\/#\/schema\/person\/90100c8845ae55462ec0657d3d2f8d3b"},"potentialAction":[{"@type":"SearchAction","target":{"@type":"EntryPoint","urlTemplate":"https:\/\/viniciojarquin.com\/blog\/?s={search_term_string}"},"query-input":{"@type":"PropertyValueSpecification","valueRequired":true,"valueName":"search_term_string"}}],"inLanguage":"es"},{"@type":["Person","Organization"],"@id":"https:\/\/viniciojarquin.com\/blog\/#\/schema\/person\/90100c8845ae55462ec0657d3d2f8d3b","name":"Vinicio Jarqu\u00edn","image":{"@type":"ImageObject","inLanguage":"es","@id":"https:\/\/viniciojarquin.com\/blog\/#\/schema\/person\/image\/","url":"https:\/\/viniciojarquin.com\/blog\/wp-content\/uploads\/2024\/10\/Logo-VinicioJarquin-original-400.png","contentUrl":"https:\/\/viniciojarquin.com\/blog\/wp-content\/uploads\/2024\/10\/Logo-VinicioJarquin-original-400.png","width":400,"height":130,"caption":"Vinicio Jarqu\u00edn"},"logo":{"@id":"https:\/\/viniciojarquin.com\/blog\/#\/schema\/person\/image\/"},"description":"Empresario textil, artista pl\u00e1stico, escritor, coach de vida y fot\u00f3grafo.","sameAs":["https:\/\/viniciojarquin.com\/blog","https:\/\/www.facebook.com\/vinicio.jarquin","https:\/\/www.instagram.com\/vinicio_jarquin\/","https:\/\/www.pinterest.com\/vinnyjc\/","https:\/\/www.youtube.com\/@VinicioJarquin"],"url":"https:\/\/viniciojarquin.com\/blog\/author\/admin_s02au25i\/"}]}},"blog_post_layout_featured_media_urls":{"thumbnail":["https:\/\/viniciojarquin.com\/blog\/wp-content\/uploads\/2026\/04\/La-coherencia-no-es-lo-suyo-150x150.png",150,150,true],"full":["https:\/\/viniciojarquin.com\/blog\/wp-content\/uploads\/2026\/04\/La-coherencia-no-es-lo-suyo.png",800,533,false]},"categories_names":{"12":{"name":"Pol\u00edtica varios","link":"https:\/\/viniciojarquin.com\/blog\/category\/politica-o-gobierno\/"}},"tags_names":[],"comments_number":"0","_links":{"self":[{"href":"https:\/\/viniciojarquin.com\/blog\/wp-json\/wp\/v2\/posts\/3419","targetHints":{"allow":["GET"]}}],"collection":[{"href":"https:\/\/viniciojarquin.com\/blog\/wp-json\/wp\/v2\/posts"}],"about":[{"href":"https:\/\/viniciojarquin.com\/blog\/wp-json\/wp\/v2\/types\/post"}],"author":[{"embeddable":true,"href":"https:\/\/viniciojarquin.com\/blog\/wp-json\/wp\/v2\/users\/1"}],"replies":[{"embeddable":true,"href":"https:\/\/viniciojarquin.com\/blog\/wp-json\/wp\/v2\/comments?post=3419"}],"version-history":[{"count":2,"href":"https:\/\/viniciojarquin.com\/blog\/wp-json\/wp\/v2\/posts\/3419\/revisions"}],"predecessor-version":[{"id":3422,"href":"https:\/\/viniciojarquin.com\/blog\/wp-json\/wp\/v2\/posts\/3419\/revisions\/3422"}],"wp:featuredmedia":[{"embeddable":true,"href":"https:\/\/viniciojarquin.com\/blog\/wp-json\/wp\/v2\/media\/3421"}],"wp:attachment":[{"href":"https:\/\/viniciojarquin.com\/blog\/wp-json\/wp\/v2\/media?parent=3419"}],"wp:term":[{"taxonomy":"category","embeddable":true,"href":"https:\/\/viniciojarquin.com\/blog\/wp-json\/wp\/v2\/categories?post=3419"},{"taxonomy":"post_tag","embeddable":true,"href":"https:\/\/viniciojarquin.com\/blog\/wp-json\/wp\/v2\/tags?post=3419"}],"curies":[{"name":"wp","href":"https:\/\/api.w.org\/{rel}","templated":true}]}}