{"id":3423,"date":"2026-04-14T02:45:14","date_gmt":"2026-04-14T02:45:14","guid":{"rendered":"https:\/\/viniciojarquin.com\/blog\/?p=3423"},"modified":"2026-04-14T02:49:28","modified_gmt":"2026-04-14T02:49:28","slug":"la-mision-de-la-turba","status":"publish","type":"post","link":"https:\/\/viniciojarquin.com\/blog\/la-mision-de-la-turba\/","title":{"rendered":"La misi\u00f3n de la turba"},"content":{"rendered":"\n<figure class=\"wp-block-image size-full\"><img decoding=\"async\" width=\"800\" height=\"533\" data-src=\"https:\/\/viniciojarquin.com\/blog\/wp-content\/uploads\/2026\/04\/La-mision-de-la-turba.png\" alt=\"\" class=\"wp-image-3425 lazyload\" data-srcset=\"https:\/\/viniciojarquin.com\/blog\/wp-content\/uploads\/2026\/04\/La-mision-de-la-turba.png 800w, https:\/\/viniciojarquin.com\/blog\/wp-content\/uploads\/2026\/04\/La-mision-de-la-turba-300x200.png 300w, https:\/\/viniciojarquin.com\/blog\/wp-content\/uploads\/2026\/04\/La-mision-de-la-turba-768x512.png 768w\" data-sizes=\"(max-width: 800px) 100vw, 800px\" src=\"data:image\/svg+xml;base64,PHN2ZyB3aWR0aD0iMSIgaGVpZ2h0PSIxIiB4bWxucz0iaHR0cDovL3d3dy53My5vcmcvMjAwMC9zdmciPjwvc3ZnPg==\" style=\"--smush-placeholder-width: 800px; --smush-placeholder-aspect-ratio: 800\/533;\" \/><\/figure>\n\n\n\n<p>Hay algo que se vuelve cada vez m\u00e1s evidente cuando me detengo a observar con calma lo que ocurre en el espacio p\u00fablico: hay una parte de la sociedad cuya \u00fanica misi\u00f3n parece ser desestabilizar. No construir, no cuestionar con intenci\u00f3n de mejorar, no aportar desde la diferencia\u2026 sino desordenar, ensuciar, erosionar. Y lo hacen con una habilidad que, si no fuera tan destructiva, casi podr\u00eda parecer admirable. Hoy me toc\u00f3 enfrentarlo de cerca, no como una idea abstracta, sino como una experiencia real, concreta, agotadora. No es solo leer comentarios. Es sostener la serenidad mientras del otro lado hay un impulso constante por romperla.<\/p>\n\n\n\n<p>Veo a una figura p\u00fablica plantear ideas, propuestas, intenciones de trabajo\u2026 y la reacci\u00f3n no es an\u00e1lisis, no es debate, no es contraste de argumentos. Es burla, es insulto, es humillaci\u00f3n. Es una avalancha de palabras mal escritas, mal pensadas y peor intencionadas que no buscan entender, sino aplastar. Y entonces no puedo evitar preguntarme qu\u00e9 hay detr\u00e1s de eso. Porque cuando alguien escribe desde ese lugar, no est\u00e1 reaccionando a una propuesta pol\u00edtica\u2026 est\u00e1 mostrando su mundo interno. Est\u00e1 dejando ver, sin filtro, lo que lleva dentro. Y eso, m\u00e1s que enojo, me provoca claridad.<\/p>\n\n\n\n<p>Lo mismo ocurre cuando observo c\u00f3mo se comportan frente a temas sensibles. Primero defienden una postura con intensidad, casi como una bandera moral. Luego, cuando la realidad cambia, cuando aparecen condiciones que exigen responsabilidad, cuando alguien con un rol institucional hace su trabajo y pide cuentas\u2026 entonces se vuelven contra esa misma figura. No hay coherencia. No hay l\u00ednea. No hay pensamiento estructurado. Lo \u00fanico constante es la oposici\u00f3n. Estar en contra de algo, de alguien, de lo que sea. Porque en el fondo no se trata del tema\u2026 se trata de la necesidad de confrontar.<\/p>\n\n\n\n<p>Y cuando llevo un mensaje trabajado, pensado, construido con cuidado, con tiempo, con intenci\u00f3n\u2026 lo que recibo no es una conversaci\u00f3n. Es un intento de deslegitimaci\u00f3n. Personas que no logran sostener una idea en cuatro l\u00edneas se sienten con la autoridad de desacreditar un an\u00e1lisis completo. Y no desde la diferencia v\u00e1lida, sino desde el ataque vac\u00edo. Eso desgasta, claro que desgasta. Porque no estoy dialogando con alguien que quiere entender\u2026 estoy frente a alguien que quiere derribar.<\/p>\n\n\n\n<p>Incluso cuando hablo de construir, de crecer, de sostener un movimiento, de hacerlo avanzar con el aporte colectivo, aparece esa misma l\u00f3gica. La cr\u00edtica no viene desde la reflexi\u00f3n, sino desde la descalificaci\u00f3n autom\u00e1tica. Como si pedir apoyo fuera una falta. Como si construir algo en conjunto tuviera que hacerse en silencio, sin recursos, sin comunidad. Y entonces entiendo que no importa lo que diga. Para ciertos sectores, el objetivo no es evaluar lo que hago\u2026 es detenerme.<\/p>\n\n\n\n<p>Y aqu\u00ed es donde ocurre lo verdaderamente importante. Porque el punto no es la turba. La turba va a existir siempre. El punto es qu\u00e9 hago yo frente a eso. Porque en medio de todo ese ruido, de toda esa agresi\u00f3n, de toda esa incoherencia, hay algo que s\u00ed tengo claro: yo no estoy en ese lugar. Yo estoy del otro lado. Del lado de quien construye, de quien reflexiona, de quien se cuestiona, de quien intenta sostener una l\u00ednea en medio del caos. Y eso tiene un costo. Claro que lo tiene. Pero tambi\u00e9n tiene un valor enorme.<\/p>\n\n\n\n<p>Ser apaciguado no significa ser d\u00e9bil. Significa tener la capacidad de no caer en ese juego. Significa poder mirar ese desorden sin convertirme en parte de \u00e9l. Significa elegir, incluso cuando todo empuja en la direcci\u00f3n contraria, sostener una forma distinta de estar en el mundo. Y eso, aunque a ratos parezca que no alcanza, es exactamente lo que marca la diferencia.<\/p>\n\n\n\n<p>Porque la turba puede gritar. Puede insultar. Puede intentar desestabilizar. Y a veces, s\u00ed, puede parecer que lo logra. Pero hay algo que no puede hacer: no puede construir lo que yo estoy construyendo. No puede sostener lo que yo estoy sosteniendo. No puede crear lo que nace desde un lugar consciente.<\/p>\n\n\n\n<p>Y al final, eso pesa m\u00e1s.<\/p>\n","protected":false},"excerpt":{"rendered":"<p>Hay algo que se vuelve cada vez m\u00e1s evidente cuando me detengo a observar con calma lo que ocurre en [&hellip;]<\/p>\n","protected":false},"author":1,"featured_media":3425,"comment_status":"open","ping_status":"open","sticky":false,"template":"","format":"standard","meta":{"site-sidebar-layout":"default","site-content-layout":"","ast-site-content-layout":"","site-content-style":"default","site-sidebar-style":"default","ast-global-header-display":"","ast-banner-title-visibility":"","ast-main-header-display":"","ast-hfb-above-header-display":"","ast-hfb-below-header-display":"","ast-hfb-mobile-header-display":"","site-post-title":"","ast-breadcrumbs-content":"","ast-featured-img":"","footer-sml-layout":"","theme-transparent-header-meta":"","adv-header-id-meta":"","stick-header-meta":"","header-above-stick-meta":"","header-main-stick-meta":"","header-below-stick-meta":"","astra-migrate-meta-layouts":"default","ast-page-background-enabled":"default","ast-page-background-meta":{"desktop":{"background-color":"var(--ast-global-color-5)","background-image":"","background-repeat":"repeat","background-position":"center center","background-size":"auto","background-attachment":"scroll","background-type":"","background-media":"","overlay-type":"","overlay-color":"","overlay-opacity":"","overlay-gradient":""},"tablet":{"background-color":"","background-image":"","background-repeat":"repeat","background-position":"center center","background-size":"auto","background-attachment":"scroll","background-type":"","background-media":"","overlay-type":"","overlay-color":"","overlay-opacity":"","overlay-gradient":""},"mobile":{"background-color":"","background-image":"","background-repeat":"repeat","background-position":"center center","background-size":"auto","background-attachment":"scroll","background-type":"","background-media":"","overlay-type":"","overlay-color":"","overlay-opacity":"","overlay-gradient":""}},"ast-content-background-meta":{"desktop":{"background-color":"var(--ast-global-color-4)","background-image":"","background-repeat":"repeat","background-position":"center center","background-size":"auto","background-attachment":"scroll","background-type":"","background-media":"","overlay-type":"","overlay-color":"","overlay-opacity":"","overlay-gradient":""},"tablet":{"background-color":"var(--ast-global-color-4)","background-image":"","background-repeat":"repeat","background-position":"center center","background-size":"auto","background-attachment":"scroll","background-type":"","background-media":"","overlay-type":"","overlay-color":"","overlay-opacity":"","overlay-gradient":""},"mobile":{"background-color":"var(--ast-global-color-4)","background-image":"","background-repeat":"repeat","background-position":"center center","background-size":"auto","background-attachment":"scroll","background-type":"","background-media":"","overlay-type":"","overlay-color":"","overlay-opacity":"","overlay-gradient":""}},"footnotes":""},"categories":[9],"tags":[],"class_list":["post-3423","post","type-post","status-publish","format-standard","has-post-thumbnail","hentry","category-mis-escritos"],"yoast_head":"<!-- This site is optimized with the Yoast SEO plugin v26.0 - https:\/\/yoast.com\/wordpress\/plugins\/seo\/ -->\n<title>La misi\u00f3n de la turba - MI BLOG<\/title>\n<meta name=\"robots\" content=\"index, follow, max-snippet:-1, max-image-preview:large, max-video-preview:-1\" \/>\n<link rel=\"canonical\" href=\"https:\/\/viniciojarquin.com\/blog\/la-mision-de-la-turba\/\" \/>\n<meta property=\"og:locale\" content=\"es_ES\" \/>\n<meta property=\"og:type\" content=\"article\" \/>\n<meta property=\"og:title\" content=\"La misi\u00f3n de la turba - MI BLOG\" \/>\n<meta property=\"og:description\" content=\"Hay algo que se vuelve cada vez m\u00e1s evidente cuando me detengo a observar con calma lo que ocurre en [&hellip;]\" \/>\n<meta property=\"og:url\" content=\"https:\/\/viniciojarquin.com\/blog\/la-mision-de-la-turba\/\" \/>\n<meta property=\"og:site_name\" content=\"MI BLOG\" \/>\n<meta property=\"article:publisher\" content=\"https:\/\/www.facebook.com\/vinicio.jarquin\" \/>\n<meta property=\"article:author\" content=\"https:\/\/www.facebook.com\/vinicio.jarquin\" \/>\n<meta property=\"article:published_time\" content=\"2026-04-14T02:45:14+00:00\" \/>\n<meta property=\"article:modified_time\" content=\"2026-04-14T02:49:28+00:00\" \/>\n<meta property=\"og:image\" content=\"https:\/\/viniciojarquin.com\/blog\/wp-content\/uploads\/2026\/04\/La-mision-de-la-turba.png\" \/>\n\t<meta property=\"og:image:width\" content=\"800\" \/>\n\t<meta property=\"og:image:height\" content=\"533\" \/>\n\t<meta property=\"og:image:type\" content=\"image\/png\" \/>\n<meta name=\"author\" content=\"Vinicio Jarqu\u00edn\" \/>\n<meta name=\"twitter:card\" content=\"summary_large_image\" \/>\n<meta name=\"twitter:label1\" content=\"Escrito por\" \/>\n\t<meta name=\"twitter:data1\" content=\"Vinicio Jarqu\u00edn\" \/>\n\t<meta name=\"twitter:label2\" content=\"Tiempo de lectura\" \/>\n\t<meta name=\"twitter:data2\" content=\"4 minutos\" \/>\n<script type=\"application\/ld+json\" class=\"yoast-schema-graph\">{\"@context\":\"https:\/\/schema.org\",\"@graph\":[{\"@type\":\"Article\",\"@id\":\"https:\/\/viniciojarquin.com\/blog\/la-mision-de-la-turba\/#article\",\"isPartOf\":{\"@id\":\"https:\/\/viniciojarquin.com\/blog\/la-mision-de-la-turba\/\"},\"author\":{\"name\":\"Vinicio Jarqu\u00edn\",\"@id\":\"https:\/\/viniciojarquin.com\/blog\/#\/schema\/person\/90100c8845ae55462ec0657d3d2f8d3b\"},\"headline\":\"La misi\u00f3n de la turba\",\"datePublished\":\"2026-04-14T02:45:14+00:00\",\"dateModified\":\"2026-04-14T02:49:28+00:00\",\"mainEntityOfPage\":{\"@id\":\"https:\/\/viniciojarquin.com\/blog\/la-mision-de-la-turba\/\"},\"wordCount\":711,\"commentCount\":0,\"publisher\":{\"@id\":\"https:\/\/viniciojarquin.com\/blog\/#\/schema\/person\/90100c8845ae55462ec0657d3d2f8d3b\"},\"image\":{\"@id\":\"https:\/\/viniciojarquin.com\/blog\/la-mision-de-la-turba\/#primaryimage\"},\"thumbnailUrl\":\"https:\/\/viniciojarquin.com\/blog\/wp-content\/uploads\/2026\/04\/La-mision-de-la-turba.png\",\"articleSection\":[\"Escritos generales\"],\"inLanguage\":\"es\",\"potentialAction\":[{\"@type\":\"CommentAction\",\"name\":\"Comment\",\"target\":[\"https:\/\/viniciojarquin.com\/blog\/la-mision-de-la-turba\/#respond\"]}]},{\"@type\":\"WebPage\",\"@id\":\"https:\/\/viniciojarquin.com\/blog\/la-mision-de-la-turba\/\",\"url\":\"https:\/\/viniciojarquin.com\/blog\/la-mision-de-la-turba\/\",\"name\":\"La misi\u00f3n de la turba - MI BLOG\",\"isPartOf\":{\"@id\":\"https:\/\/viniciojarquin.com\/blog\/#website\"},\"primaryImageOfPage\":{\"@id\":\"https:\/\/viniciojarquin.com\/blog\/la-mision-de-la-turba\/#primaryimage\"},\"image\":{\"@id\":\"https:\/\/viniciojarquin.com\/blog\/la-mision-de-la-turba\/#primaryimage\"},\"thumbnailUrl\":\"https:\/\/viniciojarquin.com\/blog\/wp-content\/uploads\/2026\/04\/La-mision-de-la-turba.png\",\"datePublished\":\"2026-04-14T02:45:14+00:00\",\"dateModified\":\"2026-04-14T02:49:28+00:00\",\"breadcrumb\":{\"@id\":\"https:\/\/viniciojarquin.com\/blog\/la-mision-de-la-turba\/#breadcrumb\"},\"inLanguage\":\"es\",\"potentialAction\":[{\"@type\":\"ReadAction\",\"target\":[\"https:\/\/viniciojarquin.com\/blog\/la-mision-de-la-turba\/\"]}]},{\"@type\":\"ImageObject\",\"inLanguage\":\"es\",\"@id\":\"https:\/\/viniciojarquin.com\/blog\/la-mision-de-la-turba\/#primaryimage\",\"url\":\"https:\/\/viniciojarquin.com\/blog\/wp-content\/uploads\/2026\/04\/La-mision-de-la-turba.png\",\"contentUrl\":\"https:\/\/viniciojarquin.com\/blog\/wp-content\/uploads\/2026\/04\/La-mision-de-la-turba.png\",\"width\":800,\"height\":533},{\"@type\":\"BreadcrumbList\",\"@id\":\"https:\/\/viniciojarquin.com\/blog\/la-mision-de-la-turba\/#breadcrumb\",\"itemListElement\":[{\"@type\":\"ListItem\",\"position\":1,\"name\":\"Portada\",\"item\":\"https:\/\/viniciojarquin.com\/blog\/\"},{\"@type\":\"ListItem\",\"position\":2,\"name\":\"La misi\u00f3n de la turba\"}]},{\"@type\":\"WebSite\",\"@id\":\"https:\/\/viniciojarquin.com\/blog\/#website\",\"url\":\"https:\/\/viniciojarquin.com\/blog\/\",\"name\":\"Vinicio Jarqu\u00edn BLOG\",\"description\":\"\",\"publisher\":{\"@id\":\"https:\/\/viniciojarquin.com\/blog\/#\/schema\/person\/90100c8845ae55462ec0657d3d2f8d3b\"},\"potentialAction\":[{\"@type\":\"SearchAction\",\"target\":{\"@type\":\"EntryPoint\",\"urlTemplate\":\"https:\/\/viniciojarquin.com\/blog\/?s={search_term_string}\"},\"query-input\":{\"@type\":\"PropertyValueSpecification\",\"valueRequired\":true,\"valueName\":\"search_term_string\"}}],\"inLanguage\":\"es\"},{\"@type\":[\"Person\",\"Organization\"],\"@id\":\"https:\/\/viniciojarquin.com\/blog\/#\/schema\/person\/90100c8845ae55462ec0657d3d2f8d3b\",\"name\":\"Vinicio Jarqu\u00edn\",\"image\":{\"@type\":\"ImageObject\",\"inLanguage\":\"es\",\"@id\":\"https:\/\/viniciojarquin.com\/blog\/#\/schema\/person\/image\/\",\"url\":\"https:\/\/viniciojarquin.com\/blog\/wp-content\/uploads\/2024\/10\/Logo-VinicioJarquin-original-400.png\",\"contentUrl\":\"https:\/\/viniciojarquin.com\/blog\/wp-content\/uploads\/2024\/10\/Logo-VinicioJarquin-original-400.png\",\"width\":400,\"height\":130,\"caption\":\"Vinicio Jarqu\u00edn\"},\"logo\":{\"@id\":\"https:\/\/viniciojarquin.com\/blog\/#\/schema\/person\/image\/\"},\"description\":\"Empresario textil, artista pl\u00e1stico, escritor, coach de vida y fot\u00f3grafo.\",\"sameAs\":[\"https:\/\/viniciojarquin.com\/blog\",\"https:\/\/www.facebook.com\/vinicio.jarquin\",\"https:\/\/www.instagram.com\/vinicio_jarquin\/\",\"https:\/\/www.pinterest.com\/vinnyjc\/\",\"https:\/\/www.youtube.com\/@VinicioJarquin\"],\"url\":\"https:\/\/viniciojarquin.com\/blog\/author\/admin_s02au25i\/\"}]}<\/script>\n<!-- \/ Yoast SEO plugin. -->","yoast_head_json":{"title":"La misi\u00f3n de la turba - MI BLOG","robots":{"index":"index","follow":"follow","max-snippet":"max-snippet:-1","max-image-preview":"max-image-preview:large","max-video-preview":"max-video-preview:-1"},"canonical":"https:\/\/viniciojarquin.com\/blog\/la-mision-de-la-turba\/","og_locale":"es_ES","og_type":"article","og_title":"La misi\u00f3n de la turba - MI BLOG","og_description":"Hay algo que se vuelve cada vez m\u00e1s evidente cuando me detengo a observar con calma lo que ocurre en [&hellip;]","og_url":"https:\/\/viniciojarquin.com\/blog\/la-mision-de-la-turba\/","og_site_name":"MI BLOG","article_publisher":"https:\/\/www.facebook.com\/vinicio.jarquin","article_author":"https:\/\/www.facebook.com\/vinicio.jarquin","article_published_time":"2026-04-14T02:45:14+00:00","article_modified_time":"2026-04-14T02:49:28+00:00","og_image":[{"width":800,"height":533,"url":"https:\/\/viniciojarquin.com\/blog\/wp-content\/uploads\/2026\/04\/La-mision-de-la-turba.png","type":"image\/png"}],"author":"Vinicio Jarqu\u00edn","twitter_card":"summary_large_image","twitter_misc":{"Escrito por":"Vinicio Jarqu\u00edn","Tiempo de lectura":"4 minutos"},"schema":{"@context":"https:\/\/schema.org","@graph":[{"@type":"Article","@id":"https:\/\/viniciojarquin.com\/blog\/la-mision-de-la-turba\/#article","isPartOf":{"@id":"https:\/\/viniciojarquin.com\/blog\/la-mision-de-la-turba\/"},"author":{"name":"Vinicio Jarqu\u00edn","@id":"https:\/\/viniciojarquin.com\/blog\/#\/schema\/person\/90100c8845ae55462ec0657d3d2f8d3b"},"headline":"La misi\u00f3n de la turba","datePublished":"2026-04-14T02:45:14+00:00","dateModified":"2026-04-14T02:49:28+00:00","mainEntityOfPage":{"@id":"https:\/\/viniciojarquin.com\/blog\/la-mision-de-la-turba\/"},"wordCount":711,"commentCount":0,"publisher":{"@id":"https:\/\/viniciojarquin.com\/blog\/#\/schema\/person\/90100c8845ae55462ec0657d3d2f8d3b"},"image":{"@id":"https:\/\/viniciojarquin.com\/blog\/la-mision-de-la-turba\/#primaryimage"},"thumbnailUrl":"https:\/\/viniciojarquin.com\/blog\/wp-content\/uploads\/2026\/04\/La-mision-de-la-turba.png","articleSection":["Escritos generales"],"inLanguage":"es","potentialAction":[{"@type":"CommentAction","name":"Comment","target":["https:\/\/viniciojarquin.com\/blog\/la-mision-de-la-turba\/#respond"]}]},{"@type":"WebPage","@id":"https:\/\/viniciojarquin.com\/blog\/la-mision-de-la-turba\/","url":"https:\/\/viniciojarquin.com\/blog\/la-mision-de-la-turba\/","name":"La misi\u00f3n de la turba - MI BLOG","isPartOf":{"@id":"https:\/\/viniciojarquin.com\/blog\/#website"},"primaryImageOfPage":{"@id":"https:\/\/viniciojarquin.com\/blog\/la-mision-de-la-turba\/#primaryimage"},"image":{"@id":"https:\/\/viniciojarquin.com\/blog\/la-mision-de-la-turba\/#primaryimage"},"thumbnailUrl":"https:\/\/viniciojarquin.com\/blog\/wp-content\/uploads\/2026\/04\/La-mision-de-la-turba.png","datePublished":"2026-04-14T02:45:14+00:00","dateModified":"2026-04-14T02:49:28+00:00","breadcrumb":{"@id":"https:\/\/viniciojarquin.com\/blog\/la-mision-de-la-turba\/#breadcrumb"},"inLanguage":"es","potentialAction":[{"@type":"ReadAction","target":["https:\/\/viniciojarquin.com\/blog\/la-mision-de-la-turba\/"]}]},{"@type":"ImageObject","inLanguage":"es","@id":"https:\/\/viniciojarquin.com\/blog\/la-mision-de-la-turba\/#primaryimage","url":"https:\/\/viniciojarquin.com\/blog\/wp-content\/uploads\/2026\/04\/La-mision-de-la-turba.png","contentUrl":"https:\/\/viniciojarquin.com\/blog\/wp-content\/uploads\/2026\/04\/La-mision-de-la-turba.png","width":800,"height":533},{"@type":"BreadcrumbList","@id":"https:\/\/viniciojarquin.com\/blog\/la-mision-de-la-turba\/#breadcrumb","itemListElement":[{"@type":"ListItem","position":1,"name":"Portada","item":"https:\/\/viniciojarquin.com\/blog\/"},{"@type":"ListItem","position":2,"name":"La misi\u00f3n de la turba"}]},{"@type":"WebSite","@id":"https:\/\/viniciojarquin.com\/blog\/#website","url":"https:\/\/viniciojarquin.com\/blog\/","name":"Vinicio Jarqu\u00edn BLOG","description":"","publisher":{"@id":"https:\/\/viniciojarquin.com\/blog\/#\/schema\/person\/90100c8845ae55462ec0657d3d2f8d3b"},"potentialAction":[{"@type":"SearchAction","target":{"@type":"EntryPoint","urlTemplate":"https:\/\/viniciojarquin.com\/blog\/?s={search_term_string}"},"query-input":{"@type":"PropertyValueSpecification","valueRequired":true,"valueName":"search_term_string"}}],"inLanguage":"es"},{"@type":["Person","Organization"],"@id":"https:\/\/viniciojarquin.com\/blog\/#\/schema\/person\/90100c8845ae55462ec0657d3d2f8d3b","name":"Vinicio Jarqu\u00edn","image":{"@type":"ImageObject","inLanguage":"es","@id":"https:\/\/viniciojarquin.com\/blog\/#\/schema\/person\/image\/","url":"https:\/\/viniciojarquin.com\/blog\/wp-content\/uploads\/2024\/10\/Logo-VinicioJarquin-original-400.png","contentUrl":"https:\/\/viniciojarquin.com\/blog\/wp-content\/uploads\/2024\/10\/Logo-VinicioJarquin-original-400.png","width":400,"height":130,"caption":"Vinicio Jarqu\u00edn"},"logo":{"@id":"https:\/\/viniciojarquin.com\/blog\/#\/schema\/person\/image\/"},"description":"Empresario textil, artista pl\u00e1stico, escritor, coach de vida y fot\u00f3grafo.","sameAs":["https:\/\/viniciojarquin.com\/blog","https:\/\/www.facebook.com\/vinicio.jarquin","https:\/\/www.instagram.com\/vinicio_jarquin\/","https:\/\/www.pinterest.com\/vinnyjc\/","https:\/\/www.youtube.com\/@VinicioJarquin"],"url":"https:\/\/viniciojarquin.com\/blog\/author\/admin_s02au25i\/"}]}},"blog_post_layout_featured_media_urls":{"thumbnail":["https:\/\/viniciojarquin.com\/blog\/wp-content\/uploads\/2026\/04\/La-mision-de-la-turba-150x150.png",150,150,true],"full":["https:\/\/viniciojarquin.com\/blog\/wp-content\/uploads\/2026\/04\/La-mision-de-la-turba.png",800,533,false]},"categories_names":{"9":{"name":"Escritos generales","link":"https:\/\/viniciojarquin.com\/blog\/category\/mis-escritos\/"}},"tags_names":[],"comments_number":"0","_links":{"self":[{"href":"https:\/\/viniciojarquin.com\/blog\/wp-json\/wp\/v2\/posts\/3423","targetHints":{"allow":["GET"]}}],"collection":[{"href":"https:\/\/viniciojarquin.com\/blog\/wp-json\/wp\/v2\/posts"}],"about":[{"href":"https:\/\/viniciojarquin.com\/blog\/wp-json\/wp\/v2\/types\/post"}],"author":[{"embeddable":true,"href":"https:\/\/viniciojarquin.com\/blog\/wp-json\/wp\/v2\/users\/1"}],"replies":[{"embeddable":true,"href":"https:\/\/viniciojarquin.com\/blog\/wp-json\/wp\/v2\/comments?post=3423"}],"version-history":[{"count":2,"href":"https:\/\/viniciojarquin.com\/blog\/wp-json\/wp\/v2\/posts\/3423\/revisions"}],"predecessor-version":[{"id":3427,"href":"https:\/\/viniciojarquin.com\/blog\/wp-json\/wp\/v2\/posts\/3423\/revisions\/3427"}],"wp:featuredmedia":[{"embeddable":true,"href":"https:\/\/viniciojarquin.com\/blog\/wp-json\/wp\/v2\/media\/3425"}],"wp:attachment":[{"href":"https:\/\/viniciojarquin.com\/blog\/wp-json\/wp\/v2\/media?parent=3423"}],"wp:term":[{"taxonomy":"category","embeddable":true,"href":"https:\/\/viniciojarquin.com\/blog\/wp-json\/wp\/v2\/categories?post=3423"},{"taxonomy":"post_tag","embeddable":true,"href":"https:\/\/viniciojarquin.com\/blog\/wp-json\/wp\/v2\/tags?post=3423"}],"curies":[{"name":"wp","href":"https:\/\/api.w.org\/{rel}","templated":true}]}}