{"id":3428,"date":"2026-04-14T04:11:08","date_gmt":"2026-04-14T04:11:08","guid":{"rendered":"https:\/\/viniciojarquin.com\/blog\/?p=3428"},"modified":"2026-04-16T18:31:56","modified_gmt":"2026-04-16T18:31:56","slug":"frente-a-frente-con-andrea-alvarz","status":"publish","type":"post","link":"https:\/\/viniciojarquin.com\/blog\/frente-a-frente-con-andrea-alvarz\/","title":{"rendered":"Frente a frente con Andrea Alvarez"},"content":{"rendered":"\n<p>ENTREVISTA POL\u00cdTICA<\/p>\n\n\n\n<p><strong>Diputada por el Partido Liberaci\u00f3n Nacional, 2022-2026<\/strong><\/p>\n\n\n\n<p><strong>El inicio de un encuentro esperado<\/strong><\/p>\n\n\n\n<figure class=\"wp-block-image size-full\"><img decoding=\"async\" width=\"800\" height=\"800\" data-src=\"https:\/\/viniciojarquin.com\/blog\/wp-content\/uploads\/2026\/04\/Andrea-Alvarez-original-copia.jpg\" alt=\"\" class=\"wp-image-3440 lazyload\" data-srcset=\"https:\/\/viniciojarquin.com\/blog\/wp-content\/uploads\/2026\/04\/Andrea-Alvarez-original-copia.jpg 800w, https:\/\/viniciojarquin.com\/blog\/wp-content\/uploads\/2026\/04\/Andrea-Alvarez-original-copia-300x300.jpg 300w, https:\/\/viniciojarquin.com\/blog\/wp-content\/uploads\/2026\/04\/Andrea-Alvarez-original-copia-150x150.jpg 150w, https:\/\/viniciojarquin.com\/blog\/wp-content\/uploads\/2026\/04\/Andrea-Alvarez-original-copia-768x768.jpg 768w\" data-sizes=\"(max-width: 800px) 100vw, 800px\" src=\"data:image\/svg+xml;base64,PHN2ZyB3aWR0aD0iMSIgaGVpZ2h0PSIxIiB4bWxucz0iaHR0cDovL3d3dy53My5vcmcvMjAwMC9zdmciPjwvc3ZnPg==\" style=\"--smush-placeholder-width: 800px; --smush-placeholder-aspect-ratio: 800\/800;\" \/><\/figure>\n\n\n\n<p>Hace algunos d\u00edas contact\u00e9 a Andrea \u00c1lvarez, diputada actual de la Asamblea Legislativa de Costa Rica. Ten\u00eda un inter\u00e9s genuino en conversar con ella. Hab\u00eda sido testigo de parte de su trabajo \u2014no de todo, lo confieso\u2014 y tambi\u00e9n de la percepci\u00f3n que se ha construido a su alrededor. Una percepci\u00f3n que, para algunos, pasa por una etiqueta f\u00e1cil: \u201cheredera al trono\u201d, por ser hija de Antonio \u00c1lvarez Desanti. Un tema que, desde antes de llegar, ya sab\u00eda que prefer\u00eda no tocar. No porque no fuera relevante, sino porque no era el centro de lo que yo quer\u00eda explorar.<\/p>\n\n\n\n<p>Accedi\u00f3 con una facilidad que no solo me sorprendi\u00f3, sino que me alegr\u00f3. Y m\u00e1s all\u00e1 de eso, hubo algo que me llam\u00f3 la atenci\u00f3n desde el primer intercambio: ella tambi\u00e9n parec\u00eda sentirse bien que le solicitara la cita. Como si, de alguna manera, el inter\u00e9s fuera mutuo. Y eso cambia completamente la energ\u00eda con la que uno llega a un encuentro.<\/p>\n\n\n\n<p>Adem\u00e1s, hay algo personal que no puedo negar. Cada vez que soy citado a la Asamblea Legislativa \u2014ese espacio cuyos pasillos est\u00e1n cargados de una sensaci\u00f3n particular, casi densa, de poder\u2014 algo en m\u00ed se activa. Me emociona. No s\u00e9 si es la historia, la simbolog\u00eda, o lo que representa, pero hay un pulso distinto. De eso hablar\u00e9 m\u00e1s adelante, porque merece su propio espacio.<\/p>\n\n\n\n<p>Llegu\u00e9 a la reuni\u00f3n con media hora de anticipaci\u00f3n. No fue casualidad. Sab\u00eda que el proceso de ingreso, registro y traslado dentro del edificio iba a tomar tiempo. Y as\u00ed fue. Finalmente, alguien me acompa\u00f1\u00f3 hasta su oficina, como ahora funciona el protocolo: los visitantes no circulan solos por las instalaciones. Aunque, curiosamente, al final de la visita nadie me acompa\u00f1\u00f3 a la salida\u2026 y eso me permiti\u00f3, digamos, perderme un poco por algunos pisos. Pero eso tambi\u00e9n vendr\u00e1 despu\u00e9s.<\/p>\n\n\n\n<p>Andrea lleg\u00f3 bastante m\u00e1s tarde de lo previsto. Yo ya estaba en su oficina, esper\u00e1ndola, cuando supe que estaba en una comisi\u00f3n que se hab\u00eda extendido mucho m\u00e1s de lo esperado. Mientras tanto, y como no est\u00e1bamos en comunicaci\u00f3n constante en ese momento, le ped\u00ed que, si era posible, me enviara a uno de sus asesores para ir adelantando. Y as\u00ed fue como lleg\u00f3 do\u00f1a Cristina.<\/p>\n\n\n\n<p>Con ella \u2014y luego con Andrea\u2014 compart\u00ed el motivo de mi visita. Le cont\u00e9 que estoy escribiendo un libro titulado <em>F\u00e1rmaco din\u00e1mica en la Asamblea<\/em>, un proyecto que nace de un paralelismo que me viene rondando desde hace tiempo: c\u00f3mo los medicamentos act\u00faan en el cuerpo, y c\u00f3mo el cuerpo responde a ellos\u2026 llevado ahora al terreno del poder pol\u00edtico. C\u00f3mo el poder del Congreso afecta al diputado, y c\u00f3mo el diputado, a su vez, afecta ese poder.<\/p>\n\n\n\n<p>Les expliqu\u00e9 que, a partir de ese enfoque, he venido identificando distintos escenarios del poder. Momentos que no necesariamente se ven desde afuera, pero que transforman profundamente a quien los atraviesa. El primero, cuando la persona decide postularse para el cargo. Luego, cuando ya es candidato a diputado. M\u00e1s adelante, cuando se convierte en diputado electo. Despu\u00e9s, ese instante inicial en el que entra por primera vez a la Asamblea para asumir su cargo. M\u00e1s adelante, cuando comienza a gestionar su poder: a tender puentes, a negociar, a moverse en ese entramado donde el poder no viene dado autom\u00e1ticamente, sino que se construye \u2014o no\u2014 a partir de lo que se sabe hacer con el puesto que se tiene. Porque el cargo te da la posibilidad\u2026 pero no la garant\u00eda.<\/p>\n\n\n\n<p>Y finalmente, ese \u00faltimo momento que muchas veces se observa poco: cuando sal\u00eds del Congreso, cuatro a\u00f1os despu\u00e9s. Y sal\u00eds con poder \u2014o sin \u00e9l\u2014 dependiendo de lo que hiciste, de lo que lograste, de c\u00f3mo te relacionaste con tu comunidad, con las c\u00e1maras, con la poblaci\u00f3n. Porque el poder, al final, tambi\u00e9n deja huella cuando ya no est\u00e1s.<\/p>\n\n\n\n<p><strong>Una oficina en transici\u00f3n<\/strong><\/p>\n\n\n\n<p>La oficina de Andrea \u00c1lvarez estaba distinta. Se sent\u00eda en transici\u00f3n. Casi como si ya no le perteneciera del todo. Muy desocupada, sin fotos, sin adornos, sin esos detalles que suelen darle identidad a un espacio. En su lugar, cajas. Muchas cajas. Papeles guardados, documentos organizados, todo listo para una mudanza que no es opcional, sino constitucional. Un recordatorio silencioso de que el tiempo en la Asamblea Legislativa de Costa Rica no es permanente, que el poder \u2014al menos el formal\u2014 tiene fecha de vencimiento.<\/p>\n\n\n\n<p>Y mientras ese escenario hablaba por s\u00ed solo, tuve la oportunidad de conversar con do\u00f1a Cristina, antes de que Andrea llegara. Una conversaci\u00f3n breve, pero sustanciosa. Le compart\u00ed la idea del libro, el paralelismo entre los medicamentos y el poder, y c\u00f3mo este act\u00faa sobre quien lo recibe\u2026 y c\u00f3mo quien lo recibe tambi\u00e9n termina transform\u00e1ndolo.<\/p>\n\n\n\n<p>Y entonces ella dijo algo que, en el fondo, yo ya sab\u00eda\u2026 pero que escucharlo ah\u00ed, en ese contexto, lo aterriza distinto: el poder no es de la persona, es del cargo. Y eso, me lo dej\u00f3 claro, lo saben. No es algo que se les olvide. No es algo que se confunda \u2014al menos no desde la intenci\u00f3n.<\/p>\n\n\n\n<p>Pero no se qued\u00f3 ah\u00ed. Hubo tambi\u00e9n una claridad firme, casi en\u00e9rgica, al hablar de otro punto que suele distorsionarse desde afuera: en la Asamblea se trabaja. Se trabaja de verdad. No es un lugar de descanso, ni un espacio para ir a sentirse importante sin hacer nada. No es un escenario vac\u00edo. Es un lugar de trabajo. Intenso, demandante, constante.<\/p>\n\n\n\n<p>Claro, como en todo, hay de todo. Pero lo que me transmiti\u00f3 \u2014y lo hizo con convicci\u00f3n\u2014 es que la inmensa mayor\u00eda de los diputados est\u00e1 ah\u00ed para trabajar\u2026 y trabaja.<\/p>\n\n\n\n<p>Y eso, dicho as\u00ed, sin adornos, sin necesidad de defenderlo demasiado, tambi\u00e9n tiene su peso.<\/p>\n\n\n\n<p><strong>El poder que se va\u2026 y lo que realmente queda<\/strong><\/p>\n\n\n\n<p>Mientras conversaba con do\u00f1a Cristina, antes de que llegara Andrea \u00c1lvarez, apareci\u00f3 una idea que se qued\u00f3 conmigo. Me dijo que, probablemente, los diputados no vayan a extra\u00f1ar el poder como tal. No ese concepto abstracto que desde afuera se imagina como algo que se posee. Lo que realmente se extra\u00f1a \u2014me explic\u00f3\u2014 es la acci\u00f3n del puesto. El hacer. El generar. El estar en movimiento constante tomando decisiones, incidiendo, participando activamente en lo que ocurre en el pa\u00eds. Y claro, tambi\u00e9n ese poder de poder ser, de poder tener una voz que cuenta, un voto que pesa, una capacidad real de influir en decisiones que no son menores.<\/p>\n\n\n\n<p>Poco despu\u00e9s lleg\u00f3 Andrea, y la conversaci\u00f3n pas\u00f3 a ser entre los tres. Retom\u00e9 ese mismo tema, casi como lanzando la pelota de nuevo al centro, y su respuesta fue muy honesta. S\u00ed, lo va a extra\u00f1ar. Pero no desde un lugar de apego al poder como figura, sino desde lo que ese poder permite hacer. Desde la acci\u00f3n que habilita. Porque una vez que ya no est\u00e1s dentro, tu voz no tiene el mismo alcance, tu voto ya no existe, y dej\u00e1s de ser uno de los 57 que est\u00e1n ah\u00ed tomando decisiones sobre el rumbo del pa\u00eds.<\/p>\n\n\n\n<p>Y aunque existe la posibilidad de mantenerse cerca, de tener contacto con quienes s\u00ed estar\u00e1n dentro, ella misma lo dijo con claridad: no le parece justo ni adecuado estar interviniendo o \u201cmolestando\u201d. Prefiere que quienes lleguen hagan su propio trabajo, construyan su propio camino. Hay, en esa postura, una mezcla interesante de respeto y conciencia del rol.<\/p>\n\n\n\n<p>Aun as\u00ed, no pretende desaparecer. Habl\u00f3 de mantenerse vigilante en la pol\u00edtica, de seguir involucrada en algunos temas. No desde el cargo, sino desde otro lugar. Tal vez todav\u00eda en construcci\u00f3n, tal vez todav\u00eda tomando forma, pero con la intenci\u00f3n de seguir aportando de alguna manera.<\/p>\n\n\n\n<p>Tambi\u00e9n comparti\u00f3 algo m\u00e1s personal. Su vida \u2014me dijo\u2014 ha estado marcada por altibajos dentro de la pol\u00edtica. Crecer en una familia conocida en ese \u00e1mbito tiene dos caras muy claras: momentos de reconocimiento, de exposici\u00f3n positiva\u2026 y tambi\u00e9n momentos duros, de cr\u00edtica, de ataques, de desilusi\u00f3n. Una publicaci\u00f3n puede llenarse de apoyo, o puede llenarse de ofensas. Y vivir eso desde temprano, inevitablemente, te forma. De alguna manera, ya est\u00e1 preparada para eso. O al menos, curada de espanto.<\/p>\n\n\n\n<p>Y en medio de todo eso, hay algo que se sostiene: Andrea es un placer. Estar con ella lo es. Escucharla lo es. Tiene una forma elocuente de expresarse sin necesidad de palabras rimbombantes. Habla como habla la gente, pero con claridad. Es risue\u00f1a, cercana, con un tono bastante parejo\u2026 al menos mientras la conversaci\u00f3n no toque fibras m\u00e1s intensas, donde su energ\u00eda cambia, se eleva, se vuelve m\u00e1s firme.<\/p>\n\n\n\n<p>El tiempo fue corto. Ven\u00eda saliendo de una reuni\u00f3n y ya ten\u00eda otra esperando. Apenas un espacio entre dos bloques de agenda. Pero aun as\u00ed, alcanz\u00f3. Y qued\u00f3 algo abierto. Quedamos en vernos de nuevo.<\/p>\n\n\n\n<p>Y eso, en este contexto, no es poca cosa.<\/p>\n\n\n\n<p><strong>Una impresi\u00f3n que trasciende la reuni\u00f3n<\/strong><\/p>\n\n\n\n<p>Hay encuentros que se quedan en la an\u00e9cdota\u2026 y otros que dejan una impresi\u00f3n m\u00e1s profunda, m\u00e1s dif\u00edcil de explicar, pero tambi\u00e9n m\u00e1s f\u00e1cil de recordar. La que me llev\u00e9 de Andrea \u00c1lvarez es de esas que no se sostienen solo en lo que se dijo, sino en c\u00f3mo se dijo, en c\u00f3mo se estuvo.<\/p>\n\n\n\n<p>No sent\u00ed que estuviera frente a una figura construida para la pol\u00edtica. No hubo esa sensaci\u00f3n de discurso armado, de respuestas calculadas para no incomodar. M\u00e1s bien lo contrario. Hab\u00eda naturalidad. Hab\u00eda una forma de expresarse que no necesita adornos para tener peso. Palabras normales, cotidianas, incluso con giros que uno podr\u00eda escuchar en cualquier conversaci\u00f3n fuera de ese edificio. Y eso, en un espacio donde muchas veces se espera lo rimbombante, termina siendo refrescante.<\/p>\n\n\n\n<p>Tambi\u00e9n hay algo en su manera de estar que genera cercan\u00eda sin esfuerzo. Risue\u00f1a, ligera cuando puede serlo, pero capaz de cambiar de tono cuando el tema lo amerita. No desde la confrontaci\u00f3n, sino desde una energ\u00eda m\u00e1s firme, m\u00e1s clara. Como si no tuviera problema en mostrarse tal cual es, incluso cuando eso implica moverse emocionalmente en la conversaci\u00f3n.<\/p>\n\n\n\n<p>Y eso, para m\u00ed, tiene valor.<\/p>\n\n\n\n<p>Porque m\u00e1s all\u00e1 de las posiciones, de las ideas, de las decisiones que pueda tomar o no tomar en su rol, hay algo humano que se percibe. Algo que no siempre es f\u00e1cil de encontrar en estos espacios. Y cuando aparece, se nota.<\/p>\n\n\n\n<p>Andrea deja una buena impresi\u00f3n. Pero no una impresi\u00f3n superficial, de esas que se desvanecen r\u00e1pido. Es una impresi\u00f3n que se sostiene en la coherencia entre lo que proyecta y lo que transmite.<\/p>\n\n\n\n<p>Y eso, en pol\u00edtica, no es menor.<\/p>\n\n\n\n<p><strong>Lo que se dice\u2026 y lo que se decide guardar<\/strong><\/p>\n\n\n\n<p>Hubo un momento en la conversaci\u00f3n en el que Andrea \u00c1lvarez me habl\u00f3 de sus planes. Corto, mediano y largo plazo. Hacia d\u00f3nde quiere moverse cuando salga de la Asamblea Legislativa de Costa Rica, qu\u00e9 impacto le gustar\u00eda generar, desde d\u00f3nde quiere seguir aportando. Y lo hizo con claridad. Sin rodeos. Con una estructura que deja ver que no son ideas al aire, sino pensamientos que ya vienen trabaj\u00e1ndose por dentro.<\/p>\n\n\n\n<p>Sin embargo, hay algo que decid\u00ed en ese mismo momento \u2014y que sostengo ahora\u2014: no todo lo que se escucha se comparte de inmediato. No por ocultar, sino por respetar el momento. As\u00ed como ella habl\u00f3 con libertad, con naturalidad y, al menos desde lo que percib\u00ed, con honestidad, yo tambi\u00e9n elijo tener criterio sobre qu\u00e9 corresponde decir ahora\u2026 y qu\u00e9 puede esperar.<\/p>\n\n\n\n<p>Y en esta entrevista, esa parte \u2014la de sus planes despu\u00e9s de la Asamblea\u2014 queda, de alguna manera, reservada.<\/p>\n\n\n\n<p>Tambi\u00e9n hubo un instante que no ten\u00eda previsto. No recuerdo exactamente c\u00f3mo formul\u00e9 la pregunta, ni las palabras exactas de su respuesta, pero s\u00ed recuerdo la energ\u00eda. Fue cuando toqu\u00e9, casi sin planearlo, el tema de su familia. Esa idea que muchos repiten: que su lugar en la pol\u00edtica le fue \u201cdado\u201d por venir de una familia conocida. Y ah\u00ed apareci\u00f3 otra Andrea. M\u00e1s firme. M\u00e1s directa. M\u00e1s cargada.<\/p>\n\n\n\n<p>No. No le regalaron el puesto.<\/p>\n\n\n\n<p>Y m\u00e1s all\u00e1 de la frase puntual, lo que me qued\u00f3 fue la forma. La convicci\u00f3n. La claridad con la que lo sostuvo. Y entonces, inevitablemente, uno tambi\u00e9n ordena sus propias ideas. Porque s\u00ed, es cierto: venir de una familia con trayectoria pol\u00edtica puede abrir puertas. Puede facilitar caminos que para otros son m\u00e1s complejos. Eso no se puede negar. Pero tambi\u00e9n es cierto que eso, por s\u00ed solo, no sostiene nada en el tiempo.<\/p>\n\n\n\n<p>Al final del d\u00eda, lo que importa es lo que cada persona hace una vez que est\u00e1 adentro.<\/p>\n\n\n\n<p>Y en eso, hay una diferencia importante. Hay quienes llegan sin haber tenido nunca contacto con ese mundo, y hay quienes, como en su caso, probablemente crecieron cerca de \u00e9l, entendi\u00e9ndolo desde temprano, form\u00e1ndose en ese entorno. \u00bfEs eso un privilegio? S\u00ed, lo es. Pero no es un privilegio distinto a otros que existen en diferentes \u00e1mbitos de la vida: educaci\u00f3n, oportunidades, contextos familiares.<\/p>\n\n\n\n<p>Y no deber\u00eda, por s\u00ed mismo, restarle m\u00e9rito al trabajo que se haga.<\/p>\n\n\n\n<p>De hecho, esa energ\u00eda con la que defendi\u00f3 el punto \u2014esa claridad, esa firmeza\u2014 lejos de jugarle en contra, me parece que le suma. Porque no vino desde la incomodidad evasiva, sino desde la seguridad de quien ya ha tenido que enfrentarse a ese cuestionamiento m\u00e1s de una vez.<\/p>\n\n\n\n<p>Y eso tambi\u00e9n habla.<\/p>\n\n\n\n<p>Habla de car\u00e1cter.<\/p>\n\n\n\n<p><strong>El poder que no se ejerce\u2026 pero se siente<\/strong><\/p>\n\n\n\n<p>Hay algo del poder que no pasa por las decisiones, ni por los discursos, ni siquiera por los cargos en s\u00ed. Es un poder que no se toma, que no se administra, que no se ejecuta. Es un poder que simplemente est\u00e1. Y que, cuando est\u00e1s dentro de la Asamblea Legislativa de Costa Rica, se siente.<\/p>\n\n\n\n<p>Con Andrea \u00c1lvarez habl\u00e9 mucho del poder. De sus formas, de sus etapas, de c\u00f3mo cambia cuando se busca, cuando se obtiene, cuando se habita y cuando se deja. Ella me dio una visi\u00f3n que ya anot\u00e9, una forma m\u00e1s consciente, m\u00e1s pensada, m\u00e1s vivida desde adentro. Pero hay otro nivel\u2026 uno que no necesariamente se explica en una conversaci\u00f3n, sino que se percibe en el cuerpo.<\/p>\n\n\n\n<p>Es el poder del lugar.<\/p>\n\n\n\n<p>No es m\u00edo. No es algo que yo ejerza. No hay una decisi\u00f3n que yo pueda tomar desde ah\u00ed. Y aun as\u00ed, se siente. Est\u00e1 en los pasillos, en la forma en que camin\u00e1s sin darte cuenta de que camin\u00e1s distinto. Est\u00e1 en los nombres en las puertas, en esas placas que no solo identifican a una persona, sino que representan una cuota de influencia, de voz, de incidencia en el pa\u00eds. Est\u00e1 en la recepci\u00f3n, en el tono, en la din\u00e1mica, en ese orden que no es casual, que responde a una estructura mucho m\u00e1s grande que uno mismo.<\/p>\n\n\n\n<p>Es un poder ambiental, si se quiere. Un poder que no necesita ser usado para existir. Que no depende de la acci\u00f3n, sino de la presencia.<\/p>\n\n\n\n<p>Y entonces entend\u00e9s algo que tal vez desde afuera no es tan evidente: es muy dif\u00edcil que alguien que camina todos los d\u00edas por esos pasillos no lo sienta. No hablo de arrogancia ni de abuso. Hablo de una sensaci\u00f3n m\u00e1s sutil, m\u00e1s constante, m\u00e1s silenciosa. Una especie de energ\u00eda que te recuerda, aunque no lo busqu\u00e9s, que est\u00e1s en un lugar donde se decide, donde se influye, donde se construye \u2014o se complica\u2014 la vida de un pa\u00eds entero.<\/p>\n\n\n\n<p>Ese poder no siempre se verbaliza. No siempre se reconoce abiertamente. Pero est\u00e1.<\/p>\n\n\n\n<p>Y cuando lo sent\u00eds, aunque no te pertenezca\u2026 te marca.<\/p>\n\n\n\n<p><strong>La despedida que qued\u00f3 resonando<\/strong><\/p>\n\n\n\n<p>La despedida con Andrea \u00c1lvarez no fue una despedida larga, ni ceremoniosa, ni cargada de protocolo. Fue, m\u00e1s bien, una despedida atravesada por la realidad misma de su agenda. Hab\u00eda carreras, reuniones esperando, tiempos que no se detienen. Y en medio de eso, nos despedimos. Yo todav\u00eda con papeles abiertos, con ideas sobre la mesa, con esa sensaci\u00f3n de que la conversaci\u00f3n pod\u00eda haber seguido, que todav\u00eda ten\u00eda hilo, pero que el contexto ya no lo permit\u00eda.<\/p>\n\n\n\n<p>Ella sali\u00f3 primero. Y yo me qued\u00e9 unos minutos m\u00e1s en su oficina, recogiendo mis cosas, pero en realidad no estaba solo recogiendo papeles. Estaba recogiendo la experiencia. Estaba ordenando, sin darme cuenta, lo que acababa de pasar.<\/p>\n\n\n\n<p>Porque la reuni\u00f3n hab\u00eda sido gratificante. De esas que no se sienten forzadas, de esas que no parecen entrevista, de esas que no te ponen en una posici\u00f3n r\u00edgida frente al otro. Con Andrea hubo algo distinto. Una forma de estar que no se siente construida para el momento, sino que se percibe natural. Simp\u00e1tica, risue\u00f1a, cercana. Hablando con palabras normales, incluso con giros populares en alg\u00fan punto, como quien no necesita traducirse para ser entendida. Y eso, en ese entorno, se agradece.<\/p>\n\n\n\n<p>En alg\u00fan momento tocamos temas que suelen quedarse en lo privado, en lo que los diputados comentan fuera de micr\u00f3fono, en lo que pocas veces se dice con apertura. Y ella no se cerr\u00f3. No se protegi\u00f3 detr\u00e1s de un discurso armado. Se mantuvo abierta, elocuente, presente. Y eso cambia completamente la experiencia.<\/p>\n\n\n\n<p>Hubo un instante particular, uno de esos momentos donde una pregunta no solo se responde, sino que se siente. Le hice una consulta que, claramente, le movi\u00f3 algo por dentro. Se not\u00f3. Su tono cambi\u00f3. Su respuesta fue m\u00e1s fuerte, m\u00e1s directa, m\u00e1s cargada. No hacia m\u00ed, sino hacia algo m\u00e1s amplio. Como si ese espacio se hubiera convertido, por unos segundos, en una ventana hacia afuera. Incluso se disculp\u00f3, aclarando que esa energ\u00eda no era contra m\u00ed, sino que estaba aprovechando para decir algo que, tal vez, llevaba tiempo queriendo decir.<\/p>\n\n\n\n<p>Y eso\u2026 eso me gust\u00f3.<\/p>\n\n\n\n<p>Me gust\u00f3 verla salir de la respuesta correcta y entrar en la respuesta real. Me gust\u00f3 esa mezcla de claridad, car\u00e1cter y humanidad. Me gust\u00f3 la conversaci\u00f3n. Me gust\u00f3 ella.<\/p>\n\n\n\n<p>Andrea me gusta.<\/p>\n\n\n\n<p><strong>La salida que no quer\u00eda que llegara<\/strong><\/p>\n\n\n\n<p>Hay algo en la Asamblea Legislativa de Costa Rica que no se explica del todo con palabras, pero se siente. Se te mete en el cuerpo apenas cruz\u00e1s la puerta, como si el edificio tuviera memoria, como si cada pasillo cargara conversaciones que no escuchaste, decisiones que no te pertenecen y silencios que, de alguna forma, tambi\u00e9n pesan. Y aunque uno llegue como un ciudadano m\u00e1s, como un visitante m\u00e1s, hay un instante en el que te descubr\u00eds caminando distinto\u2026 m\u00e1s lento, m\u00e1s atento, como si no quisieras interrumpir algo invisible.<\/p>\n\n\n\n<p>La reuni\u00f3n termin\u00f3 en el piso 10, y cuando se cerr\u00f3 ese momento, cuando ya no hab\u00eda m\u00e1s que decir, m\u00e1s que escuchar, m\u00e1s que sostener, ocurri\u00f3 algo curioso: no ten\u00eda ganas de irme. No porque hubiera algo pendiente, sino porque hab\u00eda algo presente. Y eso, a veces, es m\u00e1s fuerte. No me acompa\u00f1\u00f3 el ujier, as\u00ed que tom\u00e9 la libertad de quedarme un poco m\u00e1s dentro de ese espacio que no es cotidiano, que no es tuyo, pero que por un rato te recibe.<\/p>\n\n\n\n<p>Baj\u00e9 al piso 9 sin prisa. Camin\u00e9. Observ\u00e9. Me encontr\u00e9 con la oficina de Dinorah Barquero. No estaba. Le dej\u00e9 una nota, como quien deja un peque\u00f1o rastro de que estuvo ah\u00ed, de que pas\u00f3, de que coincidi\u00f3 en ese edificio aunque no en ese momento. Luego llam\u00e9 a Montserrat Ruiz, con esa peque\u00f1a esperanza de alargar la estad\u00eda, de encontrar una excusa m\u00e1s para quedarme un poco m\u00e1s dentro. Pero estaba ocupada. Y entonces ya no quedaban muchas m\u00e1s razones\u2026 excepto una: no querer irme todav\u00eda.<\/p>\n\n\n\n<p>Segu\u00ed bajando. Piso 2. M\u00e1s fotos. M\u00e1s pausas. M\u00e1s intentos de estirar el tiempo sin que se note demasiado. Piso 1. Y ah\u00ed, ya m\u00e1s cerca de la salida, la sensaci\u00f3n se vuelve m\u00e1s clara: ya no hay nada m\u00e1s que hacer\u2026 pero tampoco hay ganas de terminar. Es curioso c\u00f3mo a veces no se trata solo de la actividad, sino tambi\u00e9n del lugar, del contexto, de lo que representa estar ah\u00ed, aunque sea por unas horas.<\/p>\n\n\n\n<p>Y aun as\u00ed, sal\u00ed.<\/p>\n\n\n\n<p>Pero salir del edificio no fue salir del momento. Porque afuera sigue habiendo historia. El antiguo cuartel, el museo, la avenida, la Casa Celeste\u2026 todo ese entorno que de alguna forma prolonga la experiencia, como si la Asamblea no terminara en sus paredes, sino que se expandiera hacia lo que la rodea. Camin\u00e9 por ah\u00ed. Tom\u00e9 algunas fotograf\u00edas. No como turista, sino como alguien que quiere guardar algo m\u00e1s que im\u00e1genes\u2026 como alguien que quiere retener una sensaci\u00f3n.<\/p>\n\n\n\n<p>Y entonces s\u00ed, en alg\u00fan punto, sin anuncio, sin ceremonia, tom\u00e9 la decisi\u00f3n de ir al parqueo.<\/p>\n\n\n\n<p>Ah\u00ed termin\u00f3.<\/p>\n\n\n\n<p>O tal vez no.<\/p>\n\n\n\n<p>Porque aunque tengo relaci\u00f3n con muchos diputados, aunque no es la primera vez que estoy ah\u00ed, aunque s\u00e9 que volver\u00e9\u2026 hoy era hoy. Y hay d\u00edas que no se repiten igual, aunque regres\u00e9s al mismo lugar. Hay visitas que no son solo visitas, son peque\u00f1as pausas en la vida que te recuerdan d\u00f3nde est\u00e1s, con qui\u00e9n te cruz\u00e1s, qu\u00e9 est\u00e1s construyendo\u2026 y tambi\u00e9n, qu\u00e9 est\u00e1s sintiendo.<\/p>\n\n\n\n<p>Y as\u00ed nom\u00e1s, sin m\u00e1s vueltas, me fui.<\/p>\n\n\n\n<p>Camino a casa.<\/p>\n\n\n\n<p>Pero con algo adentro que no se qued\u00f3 en la Asamblea.<\/p>\n\n\n\n<p>Y, por respeto a lo vivido, tengo que cerrar este art\u00edculo, hablando de la persona con la que estuve.<\/p>\n\n\n\n<p>Andrea es una muchacha joven, que parece incluso m\u00e1s joven de lo que es. De contextura peque\u00f1a, delgada, con unos rasgos que transmiten cierta dulzura, incluso con una sonrisa que puede dar una primera impresi\u00f3n m\u00e1s ligera de lo que su fondo realmente sostiene. Y si a eso le sumamos que estaba resfriada, la escena se volv\u00eda todav\u00eda m\u00e1s humana, m\u00e1s cercana, m\u00e1s real.<\/p>\n\n\n\n<p>Pero basta escucharla un poco para que esa primera impresi\u00f3n se acomode. Su forma de expresarse, su claridad, su elocuencia, compensan con naturalidad cualquier juicio superficial que uno pudiera hacer en los primeros minutos. Hay contenido. Hay estructura. Hay pensamiento.<\/p>\n\n\n\n<p>Con respecto al puesto \u2014que, siendo honestos, fue parte de lo que me llev\u00f3 hasta su oficina\u2014 no s\u00e9 si le fue m\u00e1s f\u00e1cil que a otros, o si el camino estuvo m\u00e1s abierto desde el inicio. Puede ser. Pero tampoco creo que haya falta en eso. Todos, en distintos \u00e1mbitos de la vida, partimos desde condiciones diferentes. Algunos con m\u00e1s herramientas, otros con menos. Y eso, en s\u00ed mismo, no define el valor de lo que se hace despu\u00e9s.<\/p>\n\n\n\n<p>Tal vez no se lo regalaron. Tal vez, m\u00e1s bien, fue preparada para ello. O se prepar\u00f3. No lo s\u00e9 con certeza. Y, siendo fiel a la conversaci\u00f3n que tuvimos, creo que es un tema que da para retomarlo en otro momento.<\/p>\n\n\n\n<p>Lo que s\u00ed puedo decir, desde lo que vi, desde lo que escuch\u00e9 y desde lo que sent\u00ed, es que, en t\u00e9rminos de esa f\u00e1rmaco din\u00e1mica del poder de la que tanto habl\u00e9\u2026 y estando frente a su salida constitucional de la Asamblea Legislativa\u2026 ella sale con poder.<\/p>\n","protected":false},"excerpt":{"rendered":"<p>ENTREVISTA POL\u00cdTICA Diputada por el Partido Liberaci\u00f3n Nacional, 2022-2026 El inicio de un encuentro esperado Hace algunos d\u00edas contact\u00e9 a [&hellip;]<\/p>\n","protected":false},"author":1,"featured_media":3440,"comment_status":"open","ping_status":"open","sticky":false,"template":"","format":"standard","meta":{"site-sidebar-layout":"default","site-content-layout":"","ast-site-content-layout":"","site-content-style":"default","site-sidebar-style":"default","ast-global-header-display":"","ast-banner-title-visibility":"","ast-main-header-display":"","ast-hfb-above-header-display":"","ast-hfb-below-header-display":"","ast-hfb-mobile-header-display":"","site-post-title":"","ast-breadcrumbs-content":"","ast-featured-img":"","footer-sml-layout":"","theme-transparent-header-meta":"","adv-header-id-meta":"","stick-header-meta":"","header-above-stick-meta":"","header-main-stick-meta":"","header-below-stick-meta":"","astra-migrate-meta-layouts":"default","ast-page-background-enabled":"default","ast-page-background-meta":{"desktop":{"background-color":"var(--ast-global-color-5)","background-image":"","background-repeat":"repeat","background-position":"center center","background-size":"auto","background-attachment":"scroll","background-type":"","background-media":"","overlay-type":"","overlay-color":"","overlay-opacity":"","overlay-gradient":""},"tablet":{"background-color":"","background-image":"","background-repeat":"repeat","background-position":"center center","background-size":"auto","background-attachment":"scroll","background-type":"","background-media":"","overlay-type":"","overlay-color":"","overlay-opacity":"","overlay-gradient":""},"mobile":{"background-color":"","background-image":"","background-repeat":"repeat","background-position":"center center","background-size":"auto","background-attachment":"scroll","background-type":"","background-media":"","overlay-type":"","overlay-color":"","overlay-opacity":"","overlay-gradient":""}},"ast-content-background-meta":{"desktop":{"background-color":"var(--ast-global-color-4)","background-image":"","background-repeat":"repeat","background-position":"center center","background-size":"auto","background-attachment":"scroll","background-type":"","background-media":"","overlay-type":"","overlay-color":"","overlay-opacity":"","overlay-gradient":""},"tablet":{"background-color":"var(--ast-global-color-4)","background-image":"","background-repeat":"repeat","background-position":"center center","background-size":"auto","background-attachment":"scroll","background-type":"","background-media":"","overlay-type":"","overlay-color":"","overlay-opacity":"","overlay-gradient":""},"mobile":{"background-color":"var(--ast-global-color-4)","background-image":"","background-repeat":"repeat","background-position":"center center","background-size":"auto","background-attachment":"scroll","background-type":"","background-media":"","overlay-type":"","overlay-color":"","overlay-opacity":"","overlay-gradient":""}},"footnotes":""},"categories":[12],"tags":[],"class_list":["post-3428","post","type-post","status-publish","format-standard","has-post-thumbnail","hentry","category-politica-o-gobierno"],"yoast_head":"<!-- This site is optimized with the Yoast SEO plugin v26.0 - https:\/\/yoast.com\/wordpress\/plugins\/seo\/ -->\n<title>Frente a frente con Andrea Alvarez - MI BLOG<\/title>\n<meta name=\"robots\" content=\"index, follow, max-snippet:-1, max-image-preview:large, max-video-preview:-1\" \/>\n<link rel=\"canonical\" href=\"https:\/\/viniciojarquin.com\/blog\/frente-a-frente-con-andrea-alvarz\/\" \/>\n<meta property=\"og:locale\" content=\"es_ES\" \/>\n<meta property=\"og:type\" content=\"article\" \/>\n<meta property=\"og:title\" content=\"Frente a frente con Andrea Alvarez - MI BLOG\" \/>\n<meta property=\"og:description\" content=\"ENTREVISTA POL\u00cdTICA Diputada por el Partido Liberaci\u00f3n Nacional, 2022-2026 El inicio de un encuentro esperado Hace algunos d\u00edas contact\u00e9 a [&hellip;]\" \/>\n<meta property=\"og:url\" content=\"https:\/\/viniciojarquin.com\/blog\/frente-a-frente-con-andrea-alvarz\/\" \/>\n<meta property=\"og:site_name\" content=\"MI BLOG\" \/>\n<meta property=\"article:publisher\" content=\"https:\/\/www.facebook.com\/vinicio.jarquin\" \/>\n<meta property=\"article:author\" content=\"https:\/\/www.facebook.com\/vinicio.jarquin\" \/>\n<meta property=\"article:published_time\" content=\"2026-04-14T04:11:08+00:00\" \/>\n<meta property=\"article:modified_time\" content=\"2026-04-16T18:31:56+00:00\" \/>\n<meta property=\"og:image\" content=\"https:\/\/viniciojarquin.com\/blog\/wp-content\/uploads\/2026\/04\/Andrea-Alvarez-original-copia.jpg\" \/>\n\t<meta property=\"og:image:width\" content=\"800\" \/>\n\t<meta property=\"og:image:height\" content=\"800\" \/>\n\t<meta property=\"og:image:type\" content=\"image\/jpeg\" \/>\n<meta name=\"author\" content=\"Vinicio Jarqu\u00edn\" \/>\n<meta name=\"twitter:card\" content=\"summary_large_image\" \/>\n<meta name=\"twitter:label1\" content=\"Escrito por\" \/>\n\t<meta name=\"twitter:data1\" content=\"Vinicio Jarqu\u00edn\" \/>\n\t<meta name=\"twitter:label2\" content=\"Tiempo de lectura\" \/>\n\t<meta name=\"twitter:data2\" content=\"18 minutos\" \/>\n<script type=\"application\/ld+json\" class=\"yoast-schema-graph\">{\"@context\":\"https:\/\/schema.org\",\"@graph\":[{\"@type\":\"Article\",\"@id\":\"https:\/\/viniciojarquin.com\/blog\/frente-a-frente-con-andrea-alvarz\/#article\",\"isPartOf\":{\"@id\":\"https:\/\/viniciojarquin.com\/blog\/frente-a-frente-con-andrea-alvarz\/\"},\"author\":{\"name\":\"Vinicio Jarqu\u00edn\",\"@id\":\"https:\/\/viniciojarquin.com\/blog\/#\/schema\/person\/90100c8845ae55462ec0657d3d2f8d3b\"},\"headline\":\"Frente a frente con Andrea Alvarez\",\"datePublished\":\"2026-04-14T04:11:08+00:00\",\"dateModified\":\"2026-04-16T18:31:56+00:00\",\"mainEntityOfPage\":{\"@id\":\"https:\/\/viniciojarquin.com\/blog\/frente-a-frente-con-andrea-alvarz\/\"},\"wordCount\":4121,\"commentCount\":0,\"publisher\":{\"@id\":\"https:\/\/viniciojarquin.com\/blog\/#\/schema\/person\/90100c8845ae55462ec0657d3d2f8d3b\"},\"image\":{\"@id\":\"https:\/\/viniciojarquin.com\/blog\/frente-a-frente-con-andrea-alvarz\/#primaryimage\"},\"thumbnailUrl\":\"https:\/\/viniciojarquin.com\/blog\/wp-content\/uploads\/2026\/04\/Andrea-Alvarez-original-copia.jpg\",\"articleSection\":[\"Pol\u00edtica varios\"],\"inLanguage\":\"es\",\"potentialAction\":[{\"@type\":\"CommentAction\",\"name\":\"Comment\",\"target\":[\"https:\/\/viniciojarquin.com\/blog\/frente-a-frente-con-andrea-alvarz\/#respond\"]}]},{\"@type\":\"WebPage\",\"@id\":\"https:\/\/viniciojarquin.com\/blog\/frente-a-frente-con-andrea-alvarz\/\",\"url\":\"https:\/\/viniciojarquin.com\/blog\/frente-a-frente-con-andrea-alvarz\/\",\"name\":\"Frente a frente con Andrea Alvarez - MI BLOG\",\"isPartOf\":{\"@id\":\"https:\/\/viniciojarquin.com\/blog\/#website\"},\"primaryImageOfPage\":{\"@id\":\"https:\/\/viniciojarquin.com\/blog\/frente-a-frente-con-andrea-alvarz\/#primaryimage\"},\"image\":{\"@id\":\"https:\/\/viniciojarquin.com\/blog\/frente-a-frente-con-andrea-alvarz\/#primaryimage\"},\"thumbnailUrl\":\"https:\/\/viniciojarquin.com\/blog\/wp-content\/uploads\/2026\/04\/Andrea-Alvarez-original-copia.jpg\",\"datePublished\":\"2026-04-14T04:11:08+00:00\",\"dateModified\":\"2026-04-16T18:31:56+00:00\",\"breadcrumb\":{\"@id\":\"https:\/\/viniciojarquin.com\/blog\/frente-a-frente-con-andrea-alvarz\/#breadcrumb\"},\"inLanguage\":\"es\",\"potentialAction\":[{\"@type\":\"ReadAction\",\"target\":[\"https:\/\/viniciojarquin.com\/blog\/frente-a-frente-con-andrea-alvarz\/\"]}]},{\"@type\":\"ImageObject\",\"inLanguage\":\"es\",\"@id\":\"https:\/\/viniciojarquin.com\/blog\/frente-a-frente-con-andrea-alvarz\/#primaryimage\",\"url\":\"https:\/\/viniciojarquin.com\/blog\/wp-content\/uploads\/2026\/04\/Andrea-Alvarez-original-copia.jpg\",\"contentUrl\":\"https:\/\/viniciojarquin.com\/blog\/wp-content\/uploads\/2026\/04\/Andrea-Alvarez-original-copia.jpg\",\"width\":800,\"height\":800},{\"@type\":\"BreadcrumbList\",\"@id\":\"https:\/\/viniciojarquin.com\/blog\/frente-a-frente-con-andrea-alvarz\/#breadcrumb\",\"itemListElement\":[{\"@type\":\"ListItem\",\"position\":1,\"name\":\"Portada\",\"item\":\"https:\/\/viniciojarquin.com\/blog\/\"},{\"@type\":\"ListItem\",\"position\":2,\"name\":\"Frente a frente con Andrea Alvarez\"}]},{\"@type\":\"WebSite\",\"@id\":\"https:\/\/viniciojarquin.com\/blog\/#website\",\"url\":\"https:\/\/viniciojarquin.com\/blog\/\",\"name\":\"Vinicio Jarqu\u00edn BLOG\",\"description\":\"\",\"publisher\":{\"@id\":\"https:\/\/viniciojarquin.com\/blog\/#\/schema\/person\/90100c8845ae55462ec0657d3d2f8d3b\"},\"potentialAction\":[{\"@type\":\"SearchAction\",\"target\":{\"@type\":\"EntryPoint\",\"urlTemplate\":\"https:\/\/viniciojarquin.com\/blog\/?s={search_term_string}\"},\"query-input\":{\"@type\":\"PropertyValueSpecification\",\"valueRequired\":true,\"valueName\":\"search_term_string\"}}],\"inLanguage\":\"es\"},{\"@type\":[\"Person\",\"Organization\"],\"@id\":\"https:\/\/viniciojarquin.com\/blog\/#\/schema\/person\/90100c8845ae55462ec0657d3d2f8d3b\",\"name\":\"Vinicio Jarqu\u00edn\",\"image\":{\"@type\":\"ImageObject\",\"inLanguage\":\"es\",\"@id\":\"https:\/\/viniciojarquin.com\/blog\/#\/schema\/person\/image\/\",\"url\":\"https:\/\/viniciojarquin.com\/blog\/wp-content\/uploads\/2024\/10\/Logo-VinicioJarquin-original-400.png\",\"contentUrl\":\"https:\/\/viniciojarquin.com\/blog\/wp-content\/uploads\/2024\/10\/Logo-VinicioJarquin-original-400.png\",\"width\":400,\"height\":130,\"caption\":\"Vinicio Jarqu\u00edn\"},\"logo\":{\"@id\":\"https:\/\/viniciojarquin.com\/blog\/#\/schema\/person\/image\/\"},\"description\":\"Empresario textil, artista pl\u00e1stico, escritor, coach de vida y fot\u00f3grafo.\",\"sameAs\":[\"https:\/\/viniciojarquin.com\/blog\",\"https:\/\/www.facebook.com\/vinicio.jarquin\",\"https:\/\/www.instagram.com\/vinicio_jarquin\/\",\"https:\/\/www.pinterest.com\/vinnyjc\/\",\"https:\/\/www.youtube.com\/@VinicioJarquin\"],\"url\":\"https:\/\/viniciojarquin.com\/blog\/author\/admin_s02au25i\/\"}]}<\/script>\n<!-- \/ Yoast SEO plugin. -->","yoast_head_json":{"title":"Frente a frente con Andrea Alvarez - MI BLOG","robots":{"index":"index","follow":"follow","max-snippet":"max-snippet:-1","max-image-preview":"max-image-preview:large","max-video-preview":"max-video-preview:-1"},"canonical":"https:\/\/viniciojarquin.com\/blog\/frente-a-frente-con-andrea-alvarz\/","og_locale":"es_ES","og_type":"article","og_title":"Frente a frente con Andrea Alvarez - MI BLOG","og_description":"ENTREVISTA POL\u00cdTICA Diputada por el Partido Liberaci\u00f3n Nacional, 2022-2026 El inicio de un encuentro esperado Hace algunos d\u00edas contact\u00e9 a [&hellip;]","og_url":"https:\/\/viniciojarquin.com\/blog\/frente-a-frente-con-andrea-alvarz\/","og_site_name":"MI BLOG","article_publisher":"https:\/\/www.facebook.com\/vinicio.jarquin","article_author":"https:\/\/www.facebook.com\/vinicio.jarquin","article_published_time":"2026-04-14T04:11:08+00:00","article_modified_time":"2026-04-16T18:31:56+00:00","og_image":[{"width":800,"height":800,"url":"https:\/\/viniciojarquin.com\/blog\/wp-content\/uploads\/2026\/04\/Andrea-Alvarez-original-copia.jpg","type":"image\/jpeg"}],"author":"Vinicio Jarqu\u00edn","twitter_card":"summary_large_image","twitter_misc":{"Escrito por":"Vinicio Jarqu\u00edn","Tiempo de lectura":"18 minutos"},"schema":{"@context":"https:\/\/schema.org","@graph":[{"@type":"Article","@id":"https:\/\/viniciojarquin.com\/blog\/frente-a-frente-con-andrea-alvarz\/#article","isPartOf":{"@id":"https:\/\/viniciojarquin.com\/blog\/frente-a-frente-con-andrea-alvarz\/"},"author":{"name":"Vinicio Jarqu\u00edn","@id":"https:\/\/viniciojarquin.com\/blog\/#\/schema\/person\/90100c8845ae55462ec0657d3d2f8d3b"},"headline":"Frente a frente con Andrea Alvarez","datePublished":"2026-04-14T04:11:08+00:00","dateModified":"2026-04-16T18:31:56+00:00","mainEntityOfPage":{"@id":"https:\/\/viniciojarquin.com\/blog\/frente-a-frente-con-andrea-alvarz\/"},"wordCount":4121,"commentCount":0,"publisher":{"@id":"https:\/\/viniciojarquin.com\/blog\/#\/schema\/person\/90100c8845ae55462ec0657d3d2f8d3b"},"image":{"@id":"https:\/\/viniciojarquin.com\/blog\/frente-a-frente-con-andrea-alvarz\/#primaryimage"},"thumbnailUrl":"https:\/\/viniciojarquin.com\/blog\/wp-content\/uploads\/2026\/04\/Andrea-Alvarez-original-copia.jpg","articleSection":["Pol\u00edtica varios"],"inLanguage":"es","potentialAction":[{"@type":"CommentAction","name":"Comment","target":["https:\/\/viniciojarquin.com\/blog\/frente-a-frente-con-andrea-alvarz\/#respond"]}]},{"@type":"WebPage","@id":"https:\/\/viniciojarquin.com\/blog\/frente-a-frente-con-andrea-alvarz\/","url":"https:\/\/viniciojarquin.com\/blog\/frente-a-frente-con-andrea-alvarz\/","name":"Frente a frente con Andrea Alvarez - MI BLOG","isPartOf":{"@id":"https:\/\/viniciojarquin.com\/blog\/#website"},"primaryImageOfPage":{"@id":"https:\/\/viniciojarquin.com\/blog\/frente-a-frente-con-andrea-alvarz\/#primaryimage"},"image":{"@id":"https:\/\/viniciojarquin.com\/blog\/frente-a-frente-con-andrea-alvarz\/#primaryimage"},"thumbnailUrl":"https:\/\/viniciojarquin.com\/blog\/wp-content\/uploads\/2026\/04\/Andrea-Alvarez-original-copia.jpg","datePublished":"2026-04-14T04:11:08+00:00","dateModified":"2026-04-16T18:31:56+00:00","breadcrumb":{"@id":"https:\/\/viniciojarquin.com\/blog\/frente-a-frente-con-andrea-alvarz\/#breadcrumb"},"inLanguage":"es","potentialAction":[{"@type":"ReadAction","target":["https:\/\/viniciojarquin.com\/blog\/frente-a-frente-con-andrea-alvarz\/"]}]},{"@type":"ImageObject","inLanguage":"es","@id":"https:\/\/viniciojarquin.com\/blog\/frente-a-frente-con-andrea-alvarz\/#primaryimage","url":"https:\/\/viniciojarquin.com\/blog\/wp-content\/uploads\/2026\/04\/Andrea-Alvarez-original-copia.jpg","contentUrl":"https:\/\/viniciojarquin.com\/blog\/wp-content\/uploads\/2026\/04\/Andrea-Alvarez-original-copia.jpg","width":800,"height":800},{"@type":"BreadcrumbList","@id":"https:\/\/viniciojarquin.com\/blog\/frente-a-frente-con-andrea-alvarz\/#breadcrumb","itemListElement":[{"@type":"ListItem","position":1,"name":"Portada","item":"https:\/\/viniciojarquin.com\/blog\/"},{"@type":"ListItem","position":2,"name":"Frente a frente con Andrea Alvarez"}]},{"@type":"WebSite","@id":"https:\/\/viniciojarquin.com\/blog\/#website","url":"https:\/\/viniciojarquin.com\/blog\/","name":"Vinicio Jarqu\u00edn BLOG","description":"","publisher":{"@id":"https:\/\/viniciojarquin.com\/blog\/#\/schema\/person\/90100c8845ae55462ec0657d3d2f8d3b"},"potentialAction":[{"@type":"SearchAction","target":{"@type":"EntryPoint","urlTemplate":"https:\/\/viniciojarquin.com\/blog\/?s={search_term_string}"},"query-input":{"@type":"PropertyValueSpecification","valueRequired":true,"valueName":"search_term_string"}}],"inLanguage":"es"},{"@type":["Person","Organization"],"@id":"https:\/\/viniciojarquin.com\/blog\/#\/schema\/person\/90100c8845ae55462ec0657d3d2f8d3b","name":"Vinicio Jarqu\u00edn","image":{"@type":"ImageObject","inLanguage":"es","@id":"https:\/\/viniciojarquin.com\/blog\/#\/schema\/person\/image\/","url":"https:\/\/viniciojarquin.com\/blog\/wp-content\/uploads\/2024\/10\/Logo-VinicioJarquin-original-400.png","contentUrl":"https:\/\/viniciojarquin.com\/blog\/wp-content\/uploads\/2024\/10\/Logo-VinicioJarquin-original-400.png","width":400,"height":130,"caption":"Vinicio Jarqu\u00edn"},"logo":{"@id":"https:\/\/viniciojarquin.com\/blog\/#\/schema\/person\/image\/"},"description":"Empresario textil, artista pl\u00e1stico, escritor, coach de vida y fot\u00f3grafo.","sameAs":["https:\/\/viniciojarquin.com\/blog","https:\/\/www.facebook.com\/vinicio.jarquin","https:\/\/www.instagram.com\/vinicio_jarquin\/","https:\/\/www.pinterest.com\/vinnyjc\/","https:\/\/www.youtube.com\/@VinicioJarquin"],"url":"https:\/\/viniciojarquin.com\/blog\/author\/admin_s02au25i\/"}]}},"blog_post_layout_featured_media_urls":{"thumbnail":["https:\/\/viniciojarquin.com\/blog\/wp-content\/uploads\/2026\/04\/Andrea-Alvarez-original-copia-150x150.jpg",150,150,true],"full":["https:\/\/viniciojarquin.com\/blog\/wp-content\/uploads\/2026\/04\/Andrea-Alvarez-original-copia.jpg",800,800,false]},"categories_names":{"12":{"name":"Pol\u00edtica varios","link":"https:\/\/viniciojarquin.com\/blog\/category\/politica-o-gobierno\/"}},"tags_names":[],"comments_number":"0","_links":{"self":[{"href":"https:\/\/viniciojarquin.com\/blog\/wp-json\/wp\/v2\/posts\/3428","targetHints":{"allow":["GET"]}}],"collection":[{"href":"https:\/\/viniciojarquin.com\/blog\/wp-json\/wp\/v2\/posts"}],"about":[{"href":"https:\/\/viniciojarquin.com\/blog\/wp-json\/wp\/v2\/types\/post"}],"author":[{"embeddable":true,"href":"https:\/\/viniciojarquin.com\/blog\/wp-json\/wp\/v2\/users\/1"}],"replies":[{"embeddable":true,"href":"https:\/\/viniciojarquin.com\/blog\/wp-json\/wp\/v2\/comments?post=3428"}],"version-history":[{"count":4,"href":"https:\/\/viniciojarquin.com\/blog\/wp-json\/wp\/v2\/posts\/3428\/revisions"}],"predecessor-version":[{"id":3449,"href":"https:\/\/viniciojarquin.com\/blog\/wp-json\/wp\/v2\/posts\/3428\/revisions\/3449"}],"wp:featuredmedia":[{"embeddable":true,"href":"https:\/\/viniciojarquin.com\/blog\/wp-json\/wp\/v2\/media\/3440"}],"wp:attachment":[{"href":"https:\/\/viniciojarquin.com\/blog\/wp-json\/wp\/v2\/media?parent=3428"}],"wp:term":[{"taxonomy":"category","embeddable":true,"href":"https:\/\/viniciojarquin.com\/blog\/wp-json\/wp\/v2\/categories?post=3428"},{"taxonomy":"post_tag","embeddable":true,"href":"https:\/\/viniciojarquin.com\/blog\/wp-json\/wp\/v2\/tags?post=3428"}],"curies":[{"name":"wp","href":"https:\/\/api.w.org\/{rel}","templated":true}]}}