{"id":3431,"date":"2026-04-14T22:05:59","date_gmt":"2026-04-14T22:05:59","guid":{"rendered":"https:\/\/viniciojarquin.com\/blog\/?p=3431"},"modified":"2026-04-14T22:06:01","modified_gmt":"2026-04-14T22:06:01","slug":"cuando-la-institucionalidad-tiene-rostro-humano","status":"publish","type":"post","link":"https:\/\/viniciojarquin.com\/blog\/cuando-la-institucionalidad-tiene-rostro-humano\/","title":{"rendered":"Cuando la institucionalidad tiene rostro humano"},"content":{"rendered":"\n<figure class=\"wp-block-image size-full\"><img decoding=\"async\" width=\"800\" height=\"533\" data-src=\"https:\/\/viniciojarquin.com\/blog\/wp-content\/uploads\/2026\/04\/Defensora-copia.jpg\" alt=\"\" class=\"wp-image-3432 lazyload\" data-srcset=\"https:\/\/viniciojarquin.com\/blog\/wp-content\/uploads\/2026\/04\/Defensora-copia.jpg 800w, https:\/\/viniciojarquin.com\/blog\/wp-content\/uploads\/2026\/04\/Defensora-copia-300x200.jpg 300w, https:\/\/viniciojarquin.com\/blog\/wp-content\/uploads\/2026\/04\/Defensora-copia-768x512.jpg 768w\" data-sizes=\"(max-width: 800px) 100vw, 800px\" src=\"data:image\/svg+xml;base64,PHN2ZyB3aWR0aD0iMSIgaGVpZ2h0PSIxIiB4bWxucz0iaHR0cDovL3d3dy53My5vcmcvMjAwMC9zdmciPjwvc3ZnPg==\" style=\"--smush-placeholder-width: 800px; --smush-placeholder-aspect-ratio: 800\/533;\" \/><\/figure>\n\n\n\n<p>Esta ma\u00f1ana me ocurri\u00f3 algo que, en medio del ruido constante de la pol\u00edtica, se sinti\u00f3 profundamente humano. Ten\u00eda una reuni\u00f3n con un diputado electo del Partido Liberaci\u00f3n Nacional en el hotel Crown Plaza, el antiguo Corobic\u00ed. Un espacio de esos donde uno llega con la mente puesta en conversaciones formales, agendas, temas pa\u00eds\u2026 y, sin embargo, la vida a veces se encarga de abrir peque\u00f1as ventanas inesperadas.<\/p>\n\n\n\n<p>Mientras estaba en la recepci\u00f3n, not\u00e9 a una mujer en las gradas, arriba, que hablaba por tel\u00e9fono y al mismo tiempo mov\u00eda su brazo saludando hacia donde yo estaba. Volv\u00ed a ver a la se\u00f1ora que estaba a mi lado, pensando que el saludo era para ella, pero no. Levant\u00e9 la mirada otra vez, y como en una escena medio improvisada, medio curiosa, le pregunt\u00e9 con se\u00f1as si era conmigo. Me indic\u00f3 que s\u00ed. Sub\u00ed las gradas.<\/p>\n\n\n\n<p>En ese momento no estaba completamente seguro de qui\u00e9n era. Me parec\u00eda reconocerla. Mientras terminaba su llamada, hice lo que cualquiera har\u00eda hoy: busqu\u00e9 su foto. Y s\u00ed, era ella. La defensora de los habitantes. Termin\u00f3 su conversaci\u00f3n y se acerc\u00f3 con una calidez que no se ensaya, que no se fabrica, que no se aprende en ning\u00fan manual institucional. Me salud\u00f3, me agradeci\u00f3 por mis art\u00edculos. No me conoc\u00eda personalmente. Yo tampoco a ella. Alguna vez la hab\u00eda visto en la Asamblea Legislativa, pero nunca hab\u00edamos cruzado palabra.<\/p>\n\n\n\n<p>Y ah\u00ed, en ese encuentro breve, pas\u00f3 algo que a veces olvidamos cuando hablamos de instituciones: record\u00e9 que detr\u00e1s de cada cargo hay una persona. Una persona que siente, que observa, que decide acercarse, que elige saludar con naturalidad, sin protocolo, sin c\u00e1lculo. Hablamos unos minutos. Ten\u00eda que regresar a una reuni\u00f3n de la que se hab\u00eda salido para atender su llamada, pero antes de irse me insisti\u00f3 en que la visitara en la Defensor\u00eda de los Habitantes. No como un tr\u00e1mite, no como una formalidad, sino como una invitaci\u00f3n genuina a conversar.<\/p>\n\n\n\n<p>Hace unos d\u00edas hab\u00eda recibido tambi\u00e9n una invitaci\u00f3n del defensor adjunto. Y entonces uno empieza a ver que hay algo m\u00e1s all\u00e1 del titular, m\u00e1s all\u00e1 del cargo, m\u00e1s all\u00e1 del ruido externo. Hay disposici\u00f3n. Hay apertura. Hay, en algunos casos, un inter\u00e9s real por conectar desde lo humano antes que desde lo pol\u00edtico. Y eso, en estos tiempos, no es menor.<\/p>\n\n\n\n<p>Porque hemos reducido tanto la conversaci\u00f3n p\u00fablica a bandos, a etiquetas, a ataques, que olvidamos reconocer estos gestos. Olvidamos que la institucionalidad no es solo estructura, no es solo normativa, no es solo control. Tambi\u00e9n puede ser cercan\u00eda. Tambi\u00e9n puede ser una sonrisa en una grada, un saludo inesperado, una conversaci\u00f3n breve que te recuerda que no todo est\u00e1 roto.<\/p>\n\n\n\n<p>A m\u00ed, personalmente, estos momentos me confirman algo que no siempre es f\u00e1cil sostener: que vale la pena seguir escribiendo, seguir observando, seguir aportando desde donde uno puede. Porque cuando alguien se acerca sin necesidad, cuando alguien te reconoce sin conocerte, cuando alguien te invita sin agenda oculta, hay una se\u00f1al. Peque\u00f1a, s\u00ed. Pero clara.<\/p>\n\n\n\n<p>Y tal vez de eso tambi\u00e9n se trata construir pa\u00eds. No solo de grandes discursos ni de posiciones ideol\u00f3gicas, sino de estos encuentros donde la institucionalidad deja de ser un concepto abstracto\u2026 y se convierte en algo profundamente humano.<\/p>\n\n\n\n<p>Tan humano que ya no es la se\u00f1ora Defensora de los Habitantes de la Rep\u00fablica recibi\u00e9ndote desde un cargo, sino una mujer, simplemente una mujer, que lo lleva con naturalidad, saludando de rojo desde un balc\u00f3n a un hombre que nunca hab\u00eda visto. Y en ese gesto, sin protocolo y sin c\u00e1lculo, aparece algo que a veces parece perdido.<\/p>\n\n\n\n<p>Esa es la Costa Rica que amo.<\/p>\n","protected":false},"excerpt":{"rendered":"<p>Esta ma\u00f1ana me ocurri\u00f3 algo que, en medio del ruido constante de la pol\u00edtica, se sinti\u00f3 profundamente humano. Ten\u00eda una [&hellip;]<\/p>\n","protected":false},"author":1,"featured_media":3432,"comment_status":"open","ping_status":"open","sticky":false,"template":"","format":"standard","meta":{"site-sidebar-layout":"default","site-content-layout":"","ast-site-content-layout":"","site-content-style":"default","site-sidebar-style":"default","ast-global-header-display":"","ast-banner-title-visibility":"","ast-main-header-display":"","ast-hfb-above-header-display":"","ast-hfb-below-header-display":"","ast-hfb-mobile-header-display":"","site-post-title":"","ast-breadcrumbs-content":"","ast-featured-img":"","footer-sml-layout":"","theme-transparent-header-meta":"","adv-header-id-meta":"","stick-header-meta":"","header-above-stick-meta":"","header-main-stick-meta":"","header-below-stick-meta":"","astra-migrate-meta-layouts":"default","ast-page-background-enabled":"default","ast-page-background-meta":{"desktop":{"background-color":"var(--ast-global-color-5)","background-image":"","background-repeat":"repeat","background-position":"center center","background-size":"auto","background-attachment":"scroll","background-type":"","background-media":"","overlay-type":"","overlay-color":"","overlay-opacity":"","overlay-gradient":""},"tablet":{"background-color":"","background-image":"","background-repeat":"repeat","background-position":"center center","background-size":"auto","background-attachment":"scroll","background-type":"","background-media":"","overlay-type":"","overlay-color":"","overlay-opacity":"","overlay-gradient":""},"mobile":{"background-color":"","background-image":"","background-repeat":"repeat","background-position":"center center","background-size":"auto","background-attachment":"scroll","background-type":"","background-media":"","overlay-type":"","overlay-color":"","overlay-opacity":"","overlay-gradient":""}},"ast-content-background-meta":{"desktop":{"background-color":"var(--ast-global-color-4)","background-image":"","background-repeat":"repeat","background-position":"center center","background-size":"auto","background-attachment":"scroll","background-type":"","background-media":"","overlay-type":"","overlay-color":"","overlay-opacity":"","overlay-gradient":""},"tablet":{"background-color":"var(--ast-global-color-4)","background-image":"","background-repeat":"repeat","background-position":"center center","background-size":"auto","background-attachment":"scroll","background-type":"","background-media":"","overlay-type":"","overlay-color":"","overlay-opacity":"","overlay-gradient":""},"mobile":{"background-color":"var(--ast-global-color-4)","background-image":"","background-repeat":"repeat","background-position":"center center","background-size":"auto","background-attachment":"scroll","background-type":"","background-media":"","overlay-type":"","overlay-color":"","overlay-opacity":"","overlay-gradient":""}},"footnotes":""},"categories":[9],"tags":[],"class_list":["post-3431","post","type-post","status-publish","format-standard","has-post-thumbnail","hentry","category-mis-escritos"],"yoast_head":"<!-- This site is optimized with the Yoast SEO plugin v26.0 - https:\/\/yoast.com\/wordpress\/plugins\/seo\/ -->\n<title>Cuando la institucionalidad tiene rostro humano - MI BLOG<\/title>\n<meta name=\"robots\" content=\"index, follow, max-snippet:-1, max-image-preview:large, max-video-preview:-1\" \/>\n<link rel=\"canonical\" href=\"https:\/\/viniciojarquin.com\/blog\/cuando-la-institucionalidad-tiene-rostro-humano\/\" \/>\n<meta property=\"og:locale\" content=\"es_ES\" \/>\n<meta property=\"og:type\" content=\"article\" \/>\n<meta property=\"og:title\" content=\"Cuando la institucionalidad tiene rostro humano - MI BLOG\" \/>\n<meta property=\"og:description\" content=\"Esta ma\u00f1ana me ocurri\u00f3 algo que, en medio del ruido constante de la pol\u00edtica, se sinti\u00f3 profundamente humano. Ten\u00eda una [&hellip;]\" \/>\n<meta property=\"og:url\" content=\"https:\/\/viniciojarquin.com\/blog\/cuando-la-institucionalidad-tiene-rostro-humano\/\" \/>\n<meta property=\"og:site_name\" content=\"MI BLOG\" \/>\n<meta property=\"article:publisher\" content=\"https:\/\/www.facebook.com\/vinicio.jarquin\" \/>\n<meta property=\"article:author\" content=\"https:\/\/www.facebook.com\/vinicio.jarquin\" \/>\n<meta property=\"article:published_time\" content=\"2026-04-14T22:05:59+00:00\" \/>\n<meta property=\"article:modified_time\" content=\"2026-04-14T22:06:01+00:00\" \/>\n<meta property=\"og:image\" content=\"https:\/\/viniciojarquin.com\/blog\/wp-content\/uploads\/2026\/04\/Defensora-copia.jpg\" \/>\n\t<meta property=\"og:image:width\" content=\"800\" \/>\n\t<meta property=\"og:image:height\" content=\"533\" \/>\n\t<meta property=\"og:image:type\" content=\"image\/jpeg\" \/>\n<meta name=\"author\" content=\"Vinicio Jarqu\u00edn\" \/>\n<meta name=\"twitter:card\" content=\"summary_large_image\" \/>\n<meta name=\"twitter:label1\" content=\"Escrito por\" \/>\n\t<meta name=\"twitter:data1\" content=\"Vinicio Jarqu\u00edn\" \/>\n\t<meta name=\"twitter:label2\" content=\"Tiempo de lectura\" \/>\n\t<meta name=\"twitter:data2\" content=\"4 minutos\" \/>\n<script type=\"application\/ld+json\" class=\"yoast-schema-graph\">{\"@context\":\"https:\/\/schema.org\",\"@graph\":[{\"@type\":\"Article\",\"@id\":\"https:\/\/viniciojarquin.com\/blog\/cuando-la-institucionalidad-tiene-rostro-humano\/#article\",\"isPartOf\":{\"@id\":\"https:\/\/viniciojarquin.com\/blog\/cuando-la-institucionalidad-tiene-rostro-humano\/\"},\"author\":{\"name\":\"Vinicio Jarqu\u00edn\",\"@id\":\"https:\/\/viniciojarquin.com\/blog\/#\/schema\/person\/90100c8845ae55462ec0657d3d2f8d3b\"},\"headline\":\"Cuando la institucionalidad tiene rostro humano\",\"datePublished\":\"2026-04-14T22:05:59+00:00\",\"dateModified\":\"2026-04-14T22:06:01+00:00\",\"mainEntityOfPage\":{\"@id\":\"https:\/\/viniciojarquin.com\/blog\/cuando-la-institucionalidad-tiene-rostro-humano\/\"},\"wordCount\":672,\"commentCount\":0,\"publisher\":{\"@id\":\"https:\/\/viniciojarquin.com\/blog\/#\/schema\/person\/90100c8845ae55462ec0657d3d2f8d3b\"},\"image\":{\"@id\":\"https:\/\/viniciojarquin.com\/blog\/cuando-la-institucionalidad-tiene-rostro-humano\/#primaryimage\"},\"thumbnailUrl\":\"https:\/\/viniciojarquin.com\/blog\/wp-content\/uploads\/2026\/04\/Defensora-copia.jpg\",\"articleSection\":[\"Escritos generales\"],\"inLanguage\":\"es\",\"potentialAction\":[{\"@type\":\"CommentAction\",\"name\":\"Comment\",\"target\":[\"https:\/\/viniciojarquin.com\/blog\/cuando-la-institucionalidad-tiene-rostro-humano\/#respond\"]}]},{\"@type\":\"WebPage\",\"@id\":\"https:\/\/viniciojarquin.com\/blog\/cuando-la-institucionalidad-tiene-rostro-humano\/\",\"url\":\"https:\/\/viniciojarquin.com\/blog\/cuando-la-institucionalidad-tiene-rostro-humano\/\",\"name\":\"Cuando la institucionalidad tiene rostro humano - MI BLOG\",\"isPartOf\":{\"@id\":\"https:\/\/viniciojarquin.com\/blog\/#website\"},\"primaryImageOfPage\":{\"@id\":\"https:\/\/viniciojarquin.com\/blog\/cuando-la-institucionalidad-tiene-rostro-humano\/#primaryimage\"},\"image\":{\"@id\":\"https:\/\/viniciojarquin.com\/blog\/cuando-la-institucionalidad-tiene-rostro-humano\/#primaryimage\"},\"thumbnailUrl\":\"https:\/\/viniciojarquin.com\/blog\/wp-content\/uploads\/2026\/04\/Defensora-copia.jpg\",\"datePublished\":\"2026-04-14T22:05:59+00:00\",\"dateModified\":\"2026-04-14T22:06:01+00:00\",\"breadcrumb\":{\"@id\":\"https:\/\/viniciojarquin.com\/blog\/cuando-la-institucionalidad-tiene-rostro-humano\/#breadcrumb\"},\"inLanguage\":\"es\",\"potentialAction\":[{\"@type\":\"ReadAction\",\"target\":[\"https:\/\/viniciojarquin.com\/blog\/cuando-la-institucionalidad-tiene-rostro-humano\/\"]}]},{\"@type\":\"ImageObject\",\"inLanguage\":\"es\",\"@id\":\"https:\/\/viniciojarquin.com\/blog\/cuando-la-institucionalidad-tiene-rostro-humano\/#primaryimage\",\"url\":\"https:\/\/viniciojarquin.com\/blog\/wp-content\/uploads\/2026\/04\/Defensora-copia.jpg\",\"contentUrl\":\"https:\/\/viniciojarquin.com\/blog\/wp-content\/uploads\/2026\/04\/Defensora-copia.jpg\",\"width\":800,\"height\":533},{\"@type\":\"BreadcrumbList\",\"@id\":\"https:\/\/viniciojarquin.com\/blog\/cuando-la-institucionalidad-tiene-rostro-humano\/#breadcrumb\",\"itemListElement\":[{\"@type\":\"ListItem\",\"position\":1,\"name\":\"Portada\",\"item\":\"https:\/\/viniciojarquin.com\/blog\/\"},{\"@type\":\"ListItem\",\"position\":2,\"name\":\"Cuando la institucionalidad tiene rostro humano\"}]},{\"@type\":\"WebSite\",\"@id\":\"https:\/\/viniciojarquin.com\/blog\/#website\",\"url\":\"https:\/\/viniciojarquin.com\/blog\/\",\"name\":\"Vinicio Jarqu\u00edn BLOG\",\"description\":\"\",\"publisher\":{\"@id\":\"https:\/\/viniciojarquin.com\/blog\/#\/schema\/person\/90100c8845ae55462ec0657d3d2f8d3b\"},\"potentialAction\":[{\"@type\":\"SearchAction\",\"target\":{\"@type\":\"EntryPoint\",\"urlTemplate\":\"https:\/\/viniciojarquin.com\/blog\/?s={search_term_string}\"},\"query-input\":{\"@type\":\"PropertyValueSpecification\",\"valueRequired\":true,\"valueName\":\"search_term_string\"}}],\"inLanguage\":\"es\"},{\"@type\":[\"Person\",\"Organization\"],\"@id\":\"https:\/\/viniciojarquin.com\/blog\/#\/schema\/person\/90100c8845ae55462ec0657d3d2f8d3b\",\"name\":\"Vinicio Jarqu\u00edn\",\"image\":{\"@type\":\"ImageObject\",\"inLanguage\":\"es\",\"@id\":\"https:\/\/viniciojarquin.com\/blog\/#\/schema\/person\/image\/\",\"url\":\"https:\/\/viniciojarquin.com\/blog\/wp-content\/uploads\/2024\/10\/Logo-VinicioJarquin-original-400.png\",\"contentUrl\":\"https:\/\/viniciojarquin.com\/blog\/wp-content\/uploads\/2024\/10\/Logo-VinicioJarquin-original-400.png\",\"width\":400,\"height\":130,\"caption\":\"Vinicio Jarqu\u00edn\"},\"logo\":{\"@id\":\"https:\/\/viniciojarquin.com\/blog\/#\/schema\/person\/image\/\"},\"description\":\"Empresario textil, artista pl\u00e1stico, escritor, coach de vida y fot\u00f3grafo.\",\"sameAs\":[\"https:\/\/viniciojarquin.com\/blog\",\"https:\/\/www.facebook.com\/vinicio.jarquin\",\"https:\/\/www.instagram.com\/vinicio_jarquin\/\",\"https:\/\/www.pinterest.com\/vinnyjc\/\",\"https:\/\/www.youtube.com\/@VinicioJarquin\"],\"url\":\"https:\/\/viniciojarquin.com\/blog\/author\/admin_s02au25i\/\"}]}<\/script>\n<!-- \/ Yoast SEO plugin. -->","yoast_head_json":{"title":"Cuando la institucionalidad tiene rostro humano - MI BLOG","robots":{"index":"index","follow":"follow","max-snippet":"max-snippet:-1","max-image-preview":"max-image-preview:large","max-video-preview":"max-video-preview:-1"},"canonical":"https:\/\/viniciojarquin.com\/blog\/cuando-la-institucionalidad-tiene-rostro-humano\/","og_locale":"es_ES","og_type":"article","og_title":"Cuando la institucionalidad tiene rostro humano - MI BLOG","og_description":"Esta ma\u00f1ana me ocurri\u00f3 algo que, en medio del ruido constante de la pol\u00edtica, se sinti\u00f3 profundamente humano. Ten\u00eda una [&hellip;]","og_url":"https:\/\/viniciojarquin.com\/blog\/cuando-la-institucionalidad-tiene-rostro-humano\/","og_site_name":"MI BLOG","article_publisher":"https:\/\/www.facebook.com\/vinicio.jarquin","article_author":"https:\/\/www.facebook.com\/vinicio.jarquin","article_published_time":"2026-04-14T22:05:59+00:00","article_modified_time":"2026-04-14T22:06:01+00:00","og_image":[{"width":800,"height":533,"url":"https:\/\/viniciojarquin.com\/blog\/wp-content\/uploads\/2026\/04\/Defensora-copia.jpg","type":"image\/jpeg"}],"author":"Vinicio Jarqu\u00edn","twitter_card":"summary_large_image","twitter_misc":{"Escrito por":"Vinicio Jarqu\u00edn","Tiempo de lectura":"4 minutos"},"schema":{"@context":"https:\/\/schema.org","@graph":[{"@type":"Article","@id":"https:\/\/viniciojarquin.com\/blog\/cuando-la-institucionalidad-tiene-rostro-humano\/#article","isPartOf":{"@id":"https:\/\/viniciojarquin.com\/blog\/cuando-la-institucionalidad-tiene-rostro-humano\/"},"author":{"name":"Vinicio Jarqu\u00edn","@id":"https:\/\/viniciojarquin.com\/blog\/#\/schema\/person\/90100c8845ae55462ec0657d3d2f8d3b"},"headline":"Cuando la institucionalidad tiene rostro humano","datePublished":"2026-04-14T22:05:59+00:00","dateModified":"2026-04-14T22:06:01+00:00","mainEntityOfPage":{"@id":"https:\/\/viniciojarquin.com\/blog\/cuando-la-institucionalidad-tiene-rostro-humano\/"},"wordCount":672,"commentCount":0,"publisher":{"@id":"https:\/\/viniciojarquin.com\/blog\/#\/schema\/person\/90100c8845ae55462ec0657d3d2f8d3b"},"image":{"@id":"https:\/\/viniciojarquin.com\/blog\/cuando-la-institucionalidad-tiene-rostro-humano\/#primaryimage"},"thumbnailUrl":"https:\/\/viniciojarquin.com\/blog\/wp-content\/uploads\/2026\/04\/Defensora-copia.jpg","articleSection":["Escritos generales"],"inLanguage":"es","potentialAction":[{"@type":"CommentAction","name":"Comment","target":["https:\/\/viniciojarquin.com\/blog\/cuando-la-institucionalidad-tiene-rostro-humano\/#respond"]}]},{"@type":"WebPage","@id":"https:\/\/viniciojarquin.com\/blog\/cuando-la-institucionalidad-tiene-rostro-humano\/","url":"https:\/\/viniciojarquin.com\/blog\/cuando-la-institucionalidad-tiene-rostro-humano\/","name":"Cuando la institucionalidad tiene rostro humano - MI BLOG","isPartOf":{"@id":"https:\/\/viniciojarquin.com\/blog\/#website"},"primaryImageOfPage":{"@id":"https:\/\/viniciojarquin.com\/blog\/cuando-la-institucionalidad-tiene-rostro-humano\/#primaryimage"},"image":{"@id":"https:\/\/viniciojarquin.com\/blog\/cuando-la-institucionalidad-tiene-rostro-humano\/#primaryimage"},"thumbnailUrl":"https:\/\/viniciojarquin.com\/blog\/wp-content\/uploads\/2026\/04\/Defensora-copia.jpg","datePublished":"2026-04-14T22:05:59+00:00","dateModified":"2026-04-14T22:06:01+00:00","breadcrumb":{"@id":"https:\/\/viniciojarquin.com\/blog\/cuando-la-institucionalidad-tiene-rostro-humano\/#breadcrumb"},"inLanguage":"es","potentialAction":[{"@type":"ReadAction","target":["https:\/\/viniciojarquin.com\/blog\/cuando-la-institucionalidad-tiene-rostro-humano\/"]}]},{"@type":"ImageObject","inLanguage":"es","@id":"https:\/\/viniciojarquin.com\/blog\/cuando-la-institucionalidad-tiene-rostro-humano\/#primaryimage","url":"https:\/\/viniciojarquin.com\/blog\/wp-content\/uploads\/2026\/04\/Defensora-copia.jpg","contentUrl":"https:\/\/viniciojarquin.com\/blog\/wp-content\/uploads\/2026\/04\/Defensora-copia.jpg","width":800,"height":533},{"@type":"BreadcrumbList","@id":"https:\/\/viniciojarquin.com\/blog\/cuando-la-institucionalidad-tiene-rostro-humano\/#breadcrumb","itemListElement":[{"@type":"ListItem","position":1,"name":"Portada","item":"https:\/\/viniciojarquin.com\/blog\/"},{"@type":"ListItem","position":2,"name":"Cuando la institucionalidad tiene rostro humano"}]},{"@type":"WebSite","@id":"https:\/\/viniciojarquin.com\/blog\/#website","url":"https:\/\/viniciojarquin.com\/blog\/","name":"Vinicio Jarqu\u00edn BLOG","description":"","publisher":{"@id":"https:\/\/viniciojarquin.com\/blog\/#\/schema\/person\/90100c8845ae55462ec0657d3d2f8d3b"},"potentialAction":[{"@type":"SearchAction","target":{"@type":"EntryPoint","urlTemplate":"https:\/\/viniciojarquin.com\/blog\/?s={search_term_string}"},"query-input":{"@type":"PropertyValueSpecification","valueRequired":true,"valueName":"search_term_string"}}],"inLanguage":"es"},{"@type":["Person","Organization"],"@id":"https:\/\/viniciojarquin.com\/blog\/#\/schema\/person\/90100c8845ae55462ec0657d3d2f8d3b","name":"Vinicio Jarqu\u00edn","image":{"@type":"ImageObject","inLanguage":"es","@id":"https:\/\/viniciojarquin.com\/blog\/#\/schema\/person\/image\/","url":"https:\/\/viniciojarquin.com\/blog\/wp-content\/uploads\/2024\/10\/Logo-VinicioJarquin-original-400.png","contentUrl":"https:\/\/viniciojarquin.com\/blog\/wp-content\/uploads\/2024\/10\/Logo-VinicioJarquin-original-400.png","width":400,"height":130,"caption":"Vinicio Jarqu\u00edn"},"logo":{"@id":"https:\/\/viniciojarquin.com\/blog\/#\/schema\/person\/image\/"},"description":"Empresario textil, artista pl\u00e1stico, escritor, coach de vida y fot\u00f3grafo.","sameAs":["https:\/\/viniciojarquin.com\/blog","https:\/\/www.facebook.com\/vinicio.jarquin","https:\/\/www.instagram.com\/vinicio_jarquin\/","https:\/\/www.pinterest.com\/vinnyjc\/","https:\/\/www.youtube.com\/@VinicioJarquin"],"url":"https:\/\/viniciojarquin.com\/blog\/author\/admin_s02au25i\/"}]}},"blog_post_layout_featured_media_urls":{"thumbnail":["https:\/\/viniciojarquin.com\/blog\/wp-content\/uploads\/2026\/04\/Defensora-copia-150x150.jpg",150,150,true],"full":["https:\/\/viniciojarquin.com\/blog\/wp-content\/uploads\/2026\/04\/Defensora-copia.jpg",800,533,false]},"categories_names":{"9":{"name":"Escritos generales","link":"https:\/\/viniciojarquin.com\/blog\/category\/mis-escritos\/"}},"tags_names":[],"comments_number":"0","_links":{"self":[{"href":"https:\/\/viniciojarquin.com\/blog\/wp-json\/wp\/v2\/posts\/3431","targetHints":{"allow":["GET"]}}],"collection":[{"href":"https:\/\/viniciojarquin.com\/blog\/wp-json\/wp\/v2\/posts"}],"about":[{"href":"https:\/\/viniciojarquin.com\/blog\/wp-json\/wp\/v2\/types\/post"}],"author":[{"embeddable":true,"href":"https:\/\/viniciojarquin.com\/blog\/wp-json\/wp\/v2\/users\/1"}],"replies":[{"embeddable":true,"href":"https:\/\/viniciojarquin.com\/blog\/wp-json\/wp\/v2\/comments?post=3431"}],"version-history":[{"count":1,"href":"https:\/\/viniciojarquin.com\/blog\/wp-json\/wp\/v2\/posts\/3431\/revisions"}],"predecessor-version":[{"id":3433,"href":"https:\/\/viniciojarquin.com\/blog\/wp-json\/wp\/v2\/posts\/3431\/revisions\/3433"}],"wp:featuredmedia":[{"embeddable":true,"href":"https:\/\/viniciojarquin.com\/blog\/wp-json\/wp\/v2\/media\/3432"}],"wp:attachment":[{"href":"https:\/\/viniciojarquin.com\/blog\/wp-json\/wp\/v2\/media?parent=3431"}],"wp:term":[{"taxonomy":"category","embeddable":true,"href":"https:\/\/viniciojarquin.com\/blog\/wp-json\/wp\/v2\/categories?post=3431"},{"taxonomy":"post_tag","embeddable":true,"href":"https:\/\/viniciojarquin.com\/blog\/wp-json\/wp\/v2\/tags?post=3431"}],"curies":[{"name":"wp","href":"https:\/\/api.w.org\/{rel}","templated":true}]}}