{"id":3434,"date":"2026-04-15T03:16:41","date_gmt":"2026-04-15T03:16:41","guid":{"rendered":"https:\/\/viniciojarquin.com\/blog\/?p=3434"},"modified":"2026-04-15T03:16:43","modified_gmt":"2026-04-15T03:16:43","slug":"dichosa-continuidad","status":"publish","type":"post","link":"https:\/\/viniciojarquin.com\/blog\/dichosa-continuidad\/","title":{"rendered":"Dichosa continuidad"},"content":{"rendered":"\n<p>Hay algo que, bien contado, puede sonar incluso tranquilizador. La idea de continuidad. La sensaci\u00f3n de que no estamos empezando de cero, de que lo que se inici\u00f3 en una administraci\u00f3n no se pierde en la siguiente, de que hay una l\u00ednea que se sostiene, una estrategia que no se interrumpe. Y en medio de un mundo que se percibe inestable, golpeado por crisis de guerra que a\u00fan no terminan de definirse, esa narrativa puede generar una especie de calma anticipada. Como si, por el simple hecho de continuar, ya estuvi\u00e9ramos mejor preparados.<\/p>\n\n\n\n<p>Si uno lo mira desde ese \u00e1ngulo, hasta podr\u00eda parecer una ventaja. Venimos de un periodo en el que, seg\u00fan informaci\u00f3n p\u00fablica, se tomaron decisiones clave, se establecieron alianzas con pa\u00edses de peso \u2014incluyendo acercamientos con Estados Unidos\u2014, se firmaron acuerdos que buscan amortiguar el impacto de lo que viene. Se habla de combustible, de abastecimiento, de precios, de medicamentos, de estructuras que permitir\u00edan sostener al pa\u00eds cuando la presi\u00f3n global se intensifique. Y entonces aparece una expectativa: que todo eso d\u00e9 resultados, que lo que se sembr\u00f3 realmente proteja.<\/p>\n\n\n\n<p>Adem\u00e1s, hay una figura que se repite, que estuvo presente en esos procesos, que particip\u00f3 en esas decisiones, que ahora contin\u00faa desde otra posici\u00f3n. Y eso refuerza la idea de que hay coherencia, de que no se est\u00e1 improvisando, de que existe una hoja de ruta que se conoce y se sostiene. Desde ese lugar, no es dif\u00edcil entender por qu\u00e9 algunos hablan de garant\u00eda, de respaldo, de una especie de blindaje frente a lo que podr\u00eda venir.<\/p>\n\n\n\n<p>Esperamos tambi\u00e9n que este gobierno de continuidad, que sigue a otro en el que la actual presidente tuvo participaci\u00f3n directa, haya tomado medidas claras en sectores tan sensibles como la agricultura y el turismo. Porque no se trata solo de firmar acuerdos o asegurar combustible, sino de sostener lo que alimenta al pa\u00eds y lo que lo mueve econ\u00f3micamente. Si esas previsiones existen, si realmente hay planificaci\u00f3n detr\u00e1s, tal vez \u2014y solo tal vez\u2014 no enfrentemos aumentos desmedidos en los precios o escenarios de escasez que terminen golpeando a la poblaci\u00f3n.<\/p>\n\n\n\n<p>Dichosamente, no hemos sido un pa\u00eds acostumbrado a crisis mundiales constantes, y eso tambi\u00e9n influye en c\u00f3mo percibimos el riesgo. Pero precisamente por eso, cada se\u00f1al de preparaci\u00f3n se vuelve relevante. Cuando lleg\u00f3 la crisis del Covid, el gobierno de Carlos Alvarado intent\u00f3 responder dentro de sus capacidades, enfrentando una situaci\u00f3n que desbord\u00f3 a muchos pa\u00edses, incluso a los m\u00e1s preparados. Hoy, la sensaci\u00f3n que se intenta transmitir es distinta: que esta vez s\u00ed estamos listos, que esta vez s\u00ed hay previsi\u00f3n, que esta vez no nos tomar\u00e1 por sorpresa.<\/p>\n\n\n\n<p>Y lo digo sin rodeos, como lo coment\u00e9 en una conversaci\u00f3n reciente: honestamente, yo creo que este gobierno va a ser formidable. Estamos en un mundo en tensi\u00f3n, y este gobierno se ha preparado para eso, haciendo alianzas fuertes. Estoy seguro de que no tendremos escasez de gasolina, ni precios desbordados, ni falta de alimentos o medicamentos. Eso, de ser as\u00ed, ser\u00eda una ventaja enorme para un gran gobierno.<\/p>\n\n\n\n<p>M\u00e1s a\u00fan si, como tambi\u00e9n se ha se\u00f1alado, existe una coincidencia de fuerzas entre el Ejecutivo y el Legislativo. Si se cuenta con los votos, con las comisiones, con la capacidad de impulsar proyectos sin mayores obst\u00e1culos, entonces el margen de acci\u00f3n es amplio. Muy amplio. Y cuando el margen es amplio, tambi\u00e9n lo es la responsabilidad. Incluso se ha dicho que, en ese escenario, pr\u00e1cticamente nada podr\u00eda atrasarlos o frenarlos en la ejecuci\u00f3n de su agenda.<\/p>\n\n\n\n<p>En las pr\u00f3ximas semanas, luego del cambio de poderes, empezaremos a ver si todo esto se traduce en resultados concretos. No en discursos, no en promesas, sino en efectos reales sobre la vida de las personas. Y muy poco tiempo despu\u00e9s de la entrada del nuevo gobierno, muchos estar\u00e1n listos para agradecer esa supuesta protecci\u00f3n frente a la crisis mundial que se anticipa.<\/p>\n\n\n\n<p>Por lo tanto, y soy enf\u00e1tico en esto, si la crisis nos pasa por alto y los resultados internos del gobierno que est\u00e1 por entrar son favorables, mis palabras anteriores ser\u00e1n una realidad. Es cuesti\u00f3n de esperar para conocer de qu\u00e9 est\u00e1 hecha la se\u00f1ora presidente. Porque cuando el contexto es exigente y las condiciones est\u00e1n dadas, lo que emerge no es el discurso\u2026 es la capacidad real de gobernar.<\/p>\n\n\n\n<p>Y en paralelo, hay otro elemento que no es menor y que tambi\u00e9n merece atenci\u00f3n: la elecci\u00f3n de magistrados. Seg\u00fan se comenta, har\u00edan falta algunos votos adicionales para concretar esas designaciones. Ojal\u00e1 se logren, s\u00ed, pero bajo un criterio claro: que las personas propuestas tengan los atestados suficientes, intachables y de buen proceder. Porque si algo debe mantenerse firme, incluso en escenarios de continuidad y alineaci\u00f3n pol\u00edtica, es la calidad y la independencia de quienes sostienen la institucionalidad.<\/p>\n\n\n\n<p>Y vale decirlo con claridad: esto no es sarcasmo. Desde mi punto de vista, ojal\u00e1 sea cierto. Ojal\u00e1 que un gobierno que, en la pr\u00e1ctica, suma ocho a\u00f1os de continuidad, y que adem\u00e1s tuvo que enfrentar el inicio de una crisis internacional en la etapa final de su primer periodo, haya logrado prepararse para lo que viene. Ojal\u00e1 que todo ese tiempo, toda esa experiencia acumulada, todas esas decisiones tomadas, realmente est\u00e9n orientadas a proteger al pa\u00eds y no solo a sostener una narrativa.<\/p>\n\n\n\n<p>Porque cuando la expectativa se coloca tan alto, cuando la promesa es tan amplia y la confianza se pide de forma tan abierta, ocurre algo inevitable: el resultado deja de ser opcional. Se vuelve medible. Se vuelve visible. Se vuelve imposible de disimular.<\/p>\n\n\n\n<p>Y ah\u00ed es donde la continuidad deja de ser un discurso\u2026 y pasa a ser una prueba.<\/p>\n\n\n\n<p>Una prueba que no se gana con palabras.<\/p>\n\n\n\n<p>Se gana con resultados.<\/p>\n","protected":false},"excerpt":{"rendered":"<p>Hay algo que, bien contado, puede sonar incluso tranquilizador. La idea de continuidad. La sensaci\u00f3n de que no estamos empezando [&hellip;]<\/p>\n","protected":false},"author":1,"featured_media":0,"comment_status":"open","ping_status":"open","sticky":false,"template":"","format":"standard","meta":{"site-sidebar-layout":"default","site-content-layout":"","ast-site-content-layout":"","site-content-style":"default","site-sidebar-style":"default","ast-global-header-display":"","ast-banner-title-visibility":"","ast-main-header-display":"","ast-hfb-above-header-display":"","ast-hfb-below-header-display":"","ast-hfb-mobile-header-display":"","site-post-title":"","ast-breadcrumbs-content":"","ast-featured-img":"","footer-sml-layout":"","theme-transparent-header-meta":"","adv-header-id-meta":"","stick-header-meta":"","header-above-stick-meta":"","header-main-stick-meta":"","header-below-stick-meta":"","astra-migrate-meta-layouts":"default","ast-page-background-enabled":"default","ast-page-background-meta":{"desktop":{"background-color":"var(--ast-global-color-5)","background-image":"","background-repeat":"repeat","background-position":"center center","background-size":"auto","background-attachment":"scroll","background-type":"","background-media":"","overlay-type":"","overlay-color":"","overlay-opacity":"","overlay-gradient":""},"tablet":{"background-color":"","background-image":"","background-repeat":"repeat","background-position":"center center","background-size":"auto","background-attachment":"scroll","background-type":"","background-media":"","overlay-type":"","overlay-color":"","overlay-opacity":"","overlay-gradient":""},"mobile":{"background-color":"","background-image":"","background-repeat":"repeat","background-position":"center center","background-size":"auto","background-attachment":"scroll","background-type":"","background-media":"","overlay-type":"","overlay-color":"","overlay-opacity":"","overlay-gradient":""}},"ast-content-background-meta":{"desktop":{"background-color":"var(--ast-global-color-4)","background-image":"","background-repeat":"repeat","background-position":"center center","background-size":"auto","background-attachment":"scroll","background-type":"","background-media":"","overlay-type":"","overlay-color":"","overlay-opacity":"","overlay-gradient":""},"tablet":{"background-color":"var(--ast-global-color-4)","background-image":"","background-repeat":"repeat","background-position":"center center","background-size":"auto","background-attachment":"scroll","background-type":"","background-media":"","overlay-type":"","overlay-color":"","overlay-opacity":"","overlay-gradient":""},"mobile":{"background-color":"var(--ast-global-color-4)","background-image":"","background-repeat":"repeat","background-position":"center center","background-size":"auto","background-attachment":"scroll","background-type":"","background-media":"","overlay-type":"","overlay-color":"","overlay-opacity":"","overlay-gradient":""}},"footnotes":""},"categories":[12],"tags":[],"class_list":["post-3434","post","type-post","status-publish","format-standard","hentry","category-politica-o-gobierno"],"yoast_head":"<!-- This site is optimized with the Yoast SEO plugin v26.0 - https:\/\/yoast.com\/wordpress\/plugins\/seo\/ -->\n<title>Dichosa continuidad - MI BLOG<\/title>\n<meta name=\"robots\" content=\"index, follow, max-snippet:-1, max-image-preview:large, max-video-preview:-1\" \/>\n<link rel=\"canonical\" href=\"https:\/\/viniciojarquin.com\/blog\/dichosa-continuidad\/\" \/>\n<meta property=\"og:locale\" content=\"es_ES\" \/>\n<meta property=\"og:type\" content=\"article\" \/>\n<meta property=\"og:title\" content=\"Dichosa continuidad - MI BLOG\" \/>\n<meta property=\"og:description\" content=\"Hay algo que, bien contado, puede sonar incluso tranquilizador. La idea de continuidad. La sensaci\u00f3n de que no estamos empezando [&hellip;]\" \/>\n<meta property=\"og:url\" content=\"https:\/\/viniciojarquin.com\/blog\/dichosa-continuidad\/\" \/>\n<meta property=\"og:site_name\" content=\"MI BLOG\" \/>\n<meta property=\"article:publisher\" content=\"https:\/\/www.facebook.com\/vinicio.jarquin\" \/>\n<meta property=\"article:author\" content=\"https:\/\/www.facebook.com\/vinicio.jarquin\" \/>\n<meta property=\"article:published_time\" content=\"2026-04-15T03:16:41+00:00\" \/>\n<meta property=\"article:modified_time\" content=\"2026-04-15T03:16:43+00:00\" \/>\n<meta name=\"author\" content=\"Vinicio Jarqu\u00edn\" \/>\n<meta name=\"twitter:card\" content=\"summary_large_image\" \/>\n<meta name=\"twitter:label1\" content=\"Escrito por\" \/>\n\t<meta name=\"twitter:data1\" content=\"Vinicio Jarqu\u00edn\" \/>\n\t<meta name=\"twitter:label2\" content=\"Tiempo de lectura\" \/>\n\t<meta name=\"twitter:data2\" content=\"5 minutos\" \/>\n<script type=\"application\/ld+json\" class=\"yoast-schema-graph\">{\"@context\":\"https:\/\/schema.org\",\"@graph\":[{\"@type\":\"Article\",\"@id\":\"https:\/\/viniciojarquin.com\/blog\/dichosa-continuidad\/#article\",\"isPartOf\":{\"@id\":\"https:\/\/viniciojarquin.com\/blog\/dichosa-continuidad\/\"},\"author\":{\"name\":\"Vinicio Jarqu\u00edn\",\"@id\":\"https:\/\/viniciojarquin.com\/blog\/#\/schema\/person\/90100c8845ae55462ec0657d3d2f8d3b\"},\"headline\":\"Dichosa continuidad\",\"datePublished\":\"2026-04-15T03:16:41+00:00\",\"dateModified\":\"2026-04-15T03:16:43+00:00\",\"mainEntityOfPage\":{\"@id\":\"https:\/\/viniciojarquin.com\/blog\/dichosa-continuidad\/\"},\"wordCount\":1027,\"commentCount\":0,\"publisher\":{\"@id\":\"https:\/\/viniciojarquin.com\/blog\/#\/schema\/person\/90100c8845ae55462ec0657d3d2f8d3b\"},\"articleSection\":[\"Pol\u00edtica varios\"],\"inLanguage\":\"es\",\"potentialAction\":[{\"@type\":\"CommentAction\",\"name\":\"Comment\",\"target\":[\"https:\/\/viniciojarquin.com\/blog\/dichosa-continuidad\/#respond\"]}]},{\"@type\":\"WebPage\",\"@id\":\"https:\/\/viniciojarquin.com\/blog\/dichosa-continuidad\/\",\"url\":\"https:\/\/viniciojarquin.com\/blog\/dichosa-continuidad\/\",\"name\":\"Dichosa continuidad - MI BLOG\",\"isPartOf\":{\"@id\":\"https:\/\/viniciojarquin.com\/blog\/#website\"},\"datePublished\":\"2026-04-15T03:16:41+00:00\",\"dateModified\":\"2026-04-15T03:16:43+00:00\",\"breadcrumb\":{\"@id\":\"https:\/\/viniciojarquin.com\/blog\/dichosa-continuidad\/#breadcrumb\"},\"inLanguage\":\"es\",\"potentialAction\":[{\"@type\":\"ReadAction\",\"target\":[\"https:\/\/viniciojarquin.com\/blog\/dichosa-continuidad\/\"]}]},{\"@type\":\"BreadcrumbList\",\"@id\":\"https:\/\/viniciojarquin.com\/blog\/dichosa-continuidad\/#breadcrumb\",\"itemListElement\":[{\"@type\":\"ListItem\",\"position\":1,\"name\":\"Portada\",\"item\":\"https:\/\/viniciojarquin.com\/blog\/\"},{\"@type\":\"ListItem\",\"position\":2,\"name\":\"Dichosa continuidad\"}]},{\"@type\":\"WebSite\",\"@id\":\"https:\/\/viniciojarquin.com\/blog\/#website\",\"url\":\"https:\/\/viniciojarquin.com\/blog\/\",\"name\":\"Vinicio Jarqu\u00edn BLOG\",\"description\":\"\",\"publisher\":{\"@id\":\"https:\/\/viniciojarquin.com\/blog\/#\/schema\/person\/90100c8845ae55462ec0657d3d2f8d3b\"},\"potentialAction\":[{\"@type\":\"SearchAction\",\"target\":{\"@type\":\"EntryPoint\",\"urlTemplate\":\"https:\/\/viniciojarquin.com\/blog\/?s={search_term_string}\"},\"query-input\":{\"@type\":\"PropertyValueSpecification\",\"valueRequired\":true,\"valueName\":\"search_term_string\"}}],\"inLanguage\":\"es\"},{\"@type\":[\"Person\",\"Organization\"],\"@id\":\"https:\/\/viniciojarquin.com\/blog\/#\/schema\/person\/90100c8845ae55462ec0657d3d2f8d3b\",\"name\":\"Vinicio Jarqu\u00edn\",\"image\":{\"@type\":\"ImageObject\",\"inLanguage\":\"es\",\"@id\":\"https:\/\/viniciojarquin.com\/blog\/#\/schema\/person\/image\/\",\"url\":\"https:\/\/viniciojarquin.com\/blog\/wp-content\/uploads\/2024\/10\/Logo-VinicioJarquin-original-400.png\",\"contentUrl\":\"https:\/\/viniciojarquin.com\/blog\/wp-content\/uploads\/2024\/10\/Logo-VinicioJarquin-original-400.png\",\"width\":400,\"height\":130,\"caption\":\"Vinicio Jarqu\u00edn\"},\"logo\":{\"@id\":\"https:\/\/viniciojarquin.com\/blog\/#\/schema\/person\/image\/\"},\"description\":\"Empresario textil, artista pl\u00e1stico, escritor, coach de vida y fot\u00f3grafo.\",\"sameAs\":[\"https:\/\/viniciojarquin.com\/blog\",\"https:\/\/www.facebook.com\/vinicio.jarquin\",\"https:\/\/www.instagram.com\/vinicio_jarquin\/\",\"https:\/\/www.pinterest.com\/vinnyjc\/\",\"https:\/\/www.youtube.com\/@VinicioJarquin\"],\"url\":\"https:\/\/viniciojarquin.com\/blog\/author\/admin_s02au25i\/\"}]}<\/script>\n<!-- \/ Yoast SEO plugin. -->","yoast_head_json":{"title":"Dichosa continuidad - MI BLOG","robots":{"index":"index","follow":"follow","max-snippet":"max-snippet:-1","max-image-preview":"max-image-preview:large","max-video-preview":"max-video-preview:-1"},"canonical":"https:\/\/viniciojarquin.com\/blog\/dichosa-continuidad\/","og_locale":"es_ES","og_type":"article","og_title":"Dichosa continuidad - MI BLOG","og_description":"Hay algo que, bien contado, puede sonar incluso tranquilizador. La idea de continuidad. La sensaci\u00f3n de que no estamos empezando [&hellip;]","og_url":"https:\/\/viniciojarquin.com\/blog\/dichosa-continuidad\/","og_site_name":"MI BLOG","article_publisher":"https:\/\/www.facebook.com\/vinicio.jarquin","article_author":"https:\/\/www.facebook.com\/vinicio.jarquin","article_published_time":"2026-04-15T03:16:41+00:00","article_modified_time":"2026-04-15T03:16:43+00:00","author":"Vinicio Jarqu\u00edn","twitter_card":"summary_large_image","twitter_misc":{"Escrito por":"Vinicio Jarqu\u00edn","Tiempo de lectura":"5 minutos"},"schema":{"@context":"https:\/\/schema.org","@graph":[{"@type":"Article","@id":"https:\/\/viniciojarquin.com\/blog\/dichosa-continuidad\/#article","isPartOf":{"@id":"https:\/\/viniciojarquin.com\/blog\/dichosa-continuidad\/"},"author":{"name":"Vinicio Jarqu\u00edn","@id":"https:\/\/viniciojarquin.com\/blog\/#\/schema\/person\/90100c8845ae55462ec0657d3d2f8d3b"},"headline":"Dichosa continuidad","datePublished":"2026-04-15T03:16:41+00:00","dateModified":"2026-04-15T03:16:43+00:00","mainEntityOfPage":{"@id":"https:\/\/viniciojarquin.com\/blog\/dichosa-continuidad\/"},"wordCount":1027,"commentCount":0,"publisher":{"@id":"https:\/\/viniciojarquin.com\/blog\/#\/schema\/person\/90100c8845ae55462ec0657d3d2f8d3b"},"articleSection":["Pol\u00edtica varios"],"inLanguage":"es","potentialAction":[{"@type":"CommentAction","name":"Comment","target":["https:\/\/viniciojarquin.com\/blog\/dichosa-continuidad\/#respond"]}]},{"@type":"WebPage","@id":"https:\/\/viniciojarquin.com\/blog\/dichosa-continuidad\/","url":"https:\/\/viniciojarquin.com\/blog\/dichosa-continuidad\/","name":"Dichosa continuidad - MI BLOG","isPartOf":{"@id":"https:\/\/viniciojarquin.com\/blog\/#website"},"datePublished":"2026-04-15T03:16:41+00:00","dateModified":"2026-04-15T03:16:43+00:00","breadcrumb":{"@id":"https:\/\/viniciojarquin.com\/blog\/dichosa-continuidad\/#breadcrumb"},"inLanguage":"es","potentialAction":[{"@type":"ReadAction","target":["https:\/\/viniciojarquin.com\/blog\/dichosa-continuidad\/"]}]},{"@type":"BreadcrumbList","@id":"https:\/\/viniciojarquin.com\/blog\/dichosa-continuidad\/#breadcrumb","itemListElement":[{"@type":"ListItem","position":1,"name":"Portada","item":"https:\/\/viniciojarquin.com\/blog\/"},{"@type":"ListItem","position":2,"name":"Dichosa continuidad"}]},{"@type":"WebSite","@id":"https:\/\/viniciojarquin.com\/blog\/#website","url":"https:\/\/viniciojarquin.com\/blog\/","name":"Vinicio Jarqu\u00edn BLOG","description":"","publisher":{"@id":"https:\/\/viniciojarquin.com\/blog\/#\/schema\/person\/90100c8845ae55462ec0657d3d2f8d3b"},"potentialAction":[{"@type":"SearchAction","target":{"@type":"EntryPoint","urlTemplate":"https:\/\/viniciojarquin.com\/blog\/?s={search_term_string}"},"query-input":{"@type":"PropertyValueSpecification","valueRequired":true,"valueName":"search_term_string"}}],"inLanguage":"es"},{"@type":["Person","Organization"],"@id":"https:\/\/viniciojarquin.com\/blog\/#\/schema\/person\/90100c8845ae55462ec0657d3d2f8d3b","name":"Vinicio Jarqu\u00edn","image":{"@type":"ImageObject","inLanguage":"es","@id":"https:\/\/viniciojarquin.com\/blog\/#\/schema\/person\/image\/","url":"https:\/\/viniciojarquin.com\/blog\/wp-content\/uploads\/2024\/10\/Logo-VinicioJarquin-original-400.png","contentUrl":"https:\/\/viniciojarquin.com\/blog\/wp-content\/uploads\/2024\/10\/Logo-VinicioJarquin-original-400.png","width":400,"height":130,"caption":"Vinicio Jarqu\u00edn"},"logo":{"@id":"https:\/\/viniciojarquin.com\/blog\/#\/schema\/person\/image\/"},"description":"Empresario textil, artista pl\u00e1stico, escritor, coach de vida y fot\u00f3grafo.","sameAs":["https:\/\/viniciojarquin.com\/blog","https:\/\/www.facebook.com\/vinicio.jarquin","https:\/\/www.instagram.com\/vinicio_jarquin\/","https:\/\/www.pinterest.com\/vinnyjc\/","https:\/\/www.youtube.com\/@VinicioJarquin"],"url":"https:\/\/viniciojarquin.com\/blog\/author\/admin_s02au25i\/"}]}},"blog_post_layout_featured_media_urls":{"thumbnail":"","full":""},"categories_names":{"12":{"name":"Pol\u00edtica varios","link":"https:\/\/viniciojarquin.com\/blog\/category\/politica-o-gobierno\/"}},"tags_names":[],"comments_number":"0","_links":{"self":[{"href":"https:\/\/viniciojarquin.com\/blog\/wp-json\/wp\/v2\/posts\/3434","targetHints":{"allow":["GET"]}}],"collection":[{"href":"https:\/\/viniciojarquin.com\/blog\/wp-json\/wp\/v2\/posts"}],"about":[{"href":"https:\/\/viniciojarquin.com\/blog\/wp-json\/wp\/v2\/types\/post"}],"author":[{"embeddable":true,"href":"https:\/\/viniciojarquin.com\/blog\/wp-json\/wp\/v2\/users\/1"}],"replies":[{"embeddable":true,"href":"https:\/\/viniciojarquin.com\/blog\/wp-json\/wp\/v2\/comments?post=3434"}],"version-history":[{"count":1,"href":"https:\/\/viniciojarquin.com\/blog\/wp-json\/wp\/v2\/posts\/3434\/revisions"}],"predecessor-version":[{"id":3435,"href":"https:\/\/viniciojarquin.com\/blog\/wp-json\/wp\/v2\/posts\/3434\/revisions\/3435"}],"wp:attachment":[{"href":"https:\/\/viniciojarquin.com\/blog\/wp-json\/wp\/v2\/media?parent=3434"}],"wp:term":[{"taxonomy":"category","embeddable":true,"href":"https:\/\/viniciojarquin.com\/blog\/wp-json\/wp\/v2\/categories?post=3434"},{"taxonomy":"post_tag","embeddable":true,"href":"https:\/\/viniciojarquin.com\/blog\/wp-json\/wp\/v2\/tags?post=3434"}],"curies":[{"name":"wp","href":"https:\/\/api.w.org\/{rel}","templated":true}]}}