{"id":3451,"date":"2026-04-17T00:11:00","date_gmt":"2026-04-17T00:11:00","guid":{"rendered":"https:\/\/viniciojarquin.com\/blog\/?p=3451"},"modified":"2026-04-17T00:11:01","modified_gmt":"2026-04-17T00:11:01","slug":"cuando-el-poder-se-construye-o-se-destruye-con-palabras","status":"publish","type":"post","link":"https:\/\/viniciojarquin.com\/blog\/cuando-el-poder-se-construye-o-se-destruye-con-palabras\/","title":{"rendered":"Cuando el poder se construye\u2026 o se destruye con palabras"},"content":{"rendered":"\n<figure class=\"wp-block-image size-large\"><img decoding=\"async\" width=\"1024\" height=\"683\" data-src=\"https:\/\/viniciojarquin.com\/blog\/wp-content\/uploads\/2026\/04\/Leslye-1024x683.jpeg\" alt=\"\" class=\"wp-image-3452 lazyload\" data-srcset=\"https:\/\/viniciojarquin.com\/blog\/wp-content\/uploads\/2026\/04\/Leslye-1024x683.jpeg 1024w, https:\/\/viniciojarquin.com\/blog\/wp-content\/uploads\/2026\/04\/Leslye-300x200.jpeg 300w, https:\/\/viniciojarquin.com\/blog\/wp-content\/uploads\/2026\/04\/Leslye-768x512.jpeg 768w, https:\/\/viniciojarquin.com\/blog\/wp-content\/uploads\/2026\/04\/Leslye.jpeg 1536w\" data-sizes=\"(max-width: 1024px) 100vw, 1024px\" src=\"data:image\/svg+xml;base64,PHN2ZyB3aWR0aD0iMSIgaGVpZ2h0PSIxIiB4bWxucz0iaHR0cDovL3d3dy53My5vcmcvMjAwMC9zdmciPjwvc3ZnPg==\" style=\"--smush-placeholder-width: 1024px; --smush-placeholder-aspect-ratio: 1024\/683;\" \/><\/figure>\n\n\n\n<p>OPINI\u00d3N POL\u00cdTICA<\/p>\n\n\n\n<p>Mientras avanzo en la escritura de mi libro <em>Farmacodin\u00e1mica en la Asamblea Legislativa<\/em>, donde analizo el poder que tiene un diputado electo, el poder que ejerce durante su paso por la Asamblea y, sobre todo, el poder con el que sale cuando termina su gesti\u00f3n, no puedo evitar detenerme en ciertos episodios que, m\u00e1s que aislados, se convierten en ejemplos vivos de lo que intento explicar en esas p\u00e1ginas. Porque el poder no es un t\u00edtulo, es una construcci\u00f3n, y esa construcci\u00f3n depende, en gran medida, del comportamiento, del lenguaje, de las decisiones y de la forma en que cada diputado se relaciona con los dem\u00e1s y con el pa\u00eds.<\/p>\n\n\n\n<p>En esas l\u00edneas, y en esos cap\u00edtulos, no puedo dejar de recordar las palabras del diputado Leslye Bojorges, quien, refiri\u00e9ndose a la diputada Dinorah Barquero, dijo que la hab\u00eda visto \u201cen todo en estos cuatro a\u00f1os\u2026 menos en el gimnasio\u201d. Una frase que, m\u00e1s all\u00e1 de lo anecd\u00f3tico o del momento, deja ver algo m\u00e1s profundo: una forma de ejercer el poder que, si se me permite augurar hacia el futuro, dif\u00edcilmente le sumar\u00e1. M\u00e1s bien, me atrever\u00eda a decir que el poder con el que saldr\u00e1 de la Asamblea podr\u00eda estar entre nulo y negativo, no por una diferencia ideol\u00f3gica o pol\u00edtica, sino por la forma en que decide utilizar la palabra en un espacio donde cada intervenci\u00f3n pesa.<\/p>\n\n\n\n<p>Y no lo digo desde una postura emocional ni desde la reacci\u00f3n inmediata que puede provocar una frase as\u00ed, lo digo desde la observaci\u00f3n de lo que ocurre una y otra vez en los espacios de poder. Hay comportamientos que simplemente no son compatibles con el nivel que exige un Congreso, hay formas de expresarse que no corresponden a un espacio que deber\u00eda ser acad\u00e9mico, respetable, de alto nivel, y cuando esas formas aparecen, no solo afectan a quien las recibe, afectan principalmente a quien las emite, porque terminan definiendo su estilo, su marca y su lugar en la memoria colectiva.<\/p>\n\n\n\n<p>Un comportamiento as\u00ed es, sin rodeos, inaceptable para un congresista. No es la forma de hablar, no es la forma de debatir, y probablemente en el momento en que se dicen esas palabras no se dimensionan las consecuencias, pero llegan, siempre llegan. Porque el registro queda, porque la percepci\u00f3n se construye, porque la imagen p\u00fablica no se borra con facilidad, y porque cada intervenci\u00f3n suma o resta en ese capital invisible que luego se convierte en influencia real dentro y fuera del poder.<\/p>\n\n\n\n<p>Esto cuesta. Cuesta imagen, cuesta credibilidad, cuesta futuro. Por supuesto que habr\u00e1 quienes aplaudan, siempre los hay, pero ese aplauso tambi\u00e9n dice algo, dice mucho, porque quienes celebran este tipo de intervenciones no suelen ser precisamente los espacios acad\u00e9micos, ni los sectores que construyen desde el respeto, ni los c\u00edrculos donde el criterio pesa m\u00e1s que el ruido, y eso tambi\u00e9n termina ubicando a quien habla en un lugar espec\u00edfico dentro del espectro p\u00fablico.<\/p>\n\n\n\n<p>Por otro lado, la respuesta de la se\u00f1ora Dinorah Barquero merece ser destacada no solo por su contenido, sino por su forma. Una respuesta elocuente, elegante, ubicada en un nivel completamente distinto, propio de alguien que entiende que no todo se responde desde el mismo lugar desde donde se ataca, y ah\u00ed es donde se empieza a ver con claridad la diferencia entre reaccionar y construir, entre responder y elevar el nivel de la conversaci\u00f3n.<\/p>\n\n\n\n<p>Mi desapruebo es total frente al comportamiento del diputado, que, por cierto, es independiente\u2026 o algo as\u00ed. Pero m\u00e1s all\u00e1 de etiquetas pol\u00edticas, lo que queda es la acci\u00f3n, y en pol\u00edtica las acciones pesan m\u00e1s que cualquier discurso. Y aqu\u00ed viene la reflexi\u00f3n que trasciende este caso puntual: hay palabras que creemos que atacan a otros, pero en realidad muchas veces son palabras que regresan, que se devuelven con el tiempo, que terminan golpeando nuestra propia imagen, nuestro prestigio y la forma en que nos perciben quienes observan, quienes analizan y quienes, eventualmente, deciden si ese poder que se tuvo alguna vez merece continuar o desaparecer.<\/p>\n\n\n\n<p>Porque en pol\u00edtica \u2014y en la vida\u2014 no solo importa ganar un momento, importa c\u00f3mo qued\u00e1s despu\u00e9s de \u00e9l, y hay momentos que, aunque parezcan peque\u00f1os, terminan definiendo trayectorias completas. Este podr\u00eda ser uno de esos.<\/p>\n","protected":false},"excerpt":{"rendered":"<p>OPINI\u00d3N POL\u00cdTICA Mientras avanzo en la escritura de mi libro Farmacodin\u00e1mica en la Asamblea Legislativa, donde analizo el poder que [&hellip;]<\/p>\n","protected":false},"author":1,"featured_media":3452,"comment_status":"open","ping_status":"open","sticky":false,"template":"","format":"standard","meta":{"site-sidebar-layout":"default","site-content-layout":"","ast-site-content-layout":"","site-content-style":"default","site-sidebar-style":"default","ast-global-header-display":"","ast-banner-title-visibility":"","ast-main-header-display":"","ast-hfb-above-header-display":"","ast-hfb-below-header-display":"","ast-hfb-mobile-header-display":"","site-post-title":"","ast-breadcrumbs-content":"","ast-featured-img":"","footer-sml-layout":"","theme-transparent-header-meta":"","adv-header-id-meta":"","stick-header-meta":"","header-above-stick-meta":"","header-main-stick-meta":"","header-below-stick-meta":"","astra-migrate-meta-layouts":"default","ast-page-background-enabled":"default","ast-page-background-meta":{"desktop":{"background-color":"var(--ast-global-color-5)","background-image":"","background-repeat":"repeat","background-position":"center center","background-size":"auto","background-attachment":"scroll","background-type":"","background-media":"","overlay-type":"","overlay-color":"","overlay-opacity":"","overlay-gradient":""},"tablet":{"background-color":"","background-image":"","background-repeat":"repeat","background-position":"center center","background-size":"auto","background-attachment":"scroll","background-type":"","background-media":"","overlay-type":"","overlay-color":"","overlay-opacity":"","overlay-gradient":""},"mobile":{"background-color":"","background-image":"","background-repeat":"repeat","background-position":"center center","background-size":"auto","background-attachment":"scroll","background-type":"","background-media":"","overlay-type":"","overlay-color":"","overlay-opacity":"","overlay-gradient":""}},"ast-content-background-meta":{"desktop":{"background-color":"var(--ast-global-color-4)","background-image":"","background-repeat":"repeat","background-position":"center center","background-size":"auto","background-attachment":"scroll","background-type":"","background-media":"","overlay-type":"","overlay-color":"","overlay-opacity":"","overlay-gradient":""},"tablet":{"background-color":"var(--ast-global-color-4)","background-image":"","background-repeat":"repeat","background-position":"center center","background-size":"auto","background-attachment":"scroll","background-type":"","background-media":"","overlay-type":"","overlay-color":"","overlay-opacity":"","overlay-gradient":""},"mobile":{"background-color":"var(--ast-global-color-4)","background-image":"","background-repeat":"repeat","background-position":"center center","background-size":"auto","background-attachment":"scroll","background-type":"","background-media":"","overlay-type":"","overlay-color":"","overlay-opacity":"","overlay-gradient":""}},"footnotes":""},"categories":[9],"tags":[],"class_list":["post-3451","post","type-post","status-publish","format-standard","has-post-thumbnail","hentry","category-mis-escritos"],"yoast_head":"<!-- This site is optimized with the Yoast SEO plugin v26.0 - https:\/\/yoast.com\/wordpress\/plugins\/seo\/ -->\n<title>Cuando el poder se construye\u2026 o se destruye con palabras - MI BLOG<\/title>\n<meta name=\"robots\" content=\"index, follow, max-snippet:-1, max-image-preview:large, max-video-preview:-1\" \/>\n<link rel=\"canonical\" href=\"https:\/\/viniciojarquin.com\/blog\/cuando-el-poder-se-construye-o-se-destruye-con-palabras\/\" \/>\n<meta property=\"og:locale\" content=\"es_ES\" \/>\n<meta property=\"og:type\" content=\"article\" \/>\n<meta property=\"og:title\" content=\"Cuando el poder se construye\u2026 o se destruye con palabras - MI BLOG\" \/>\n<meta property=\"og:description\" content=\"OPINI\u00d3N POL\u00cdTICA Mientras avanzo en la escritura de mi libro Farmacodin\u00e1mica en la Asamblea Legislativa, donde analizo el poder que [&hellip;]\" \/>\n<meta property=\"og:url\" content=\"https:\/\/viniciojarquin.com\/blog\/cuando-el-poder-se-construye-o-se-destruye-con-palabras\/\" \/>\n<meta property=\"og:site_name\" content=\"MI BLOG\" \/>\n<meta property=\"article:publisher\" content=\"https:\/\/www.facebook.com\/vinicio.jarquin\" \/>\n<meta property=\"article:author\" content=\"https:\/\/www.facebook.com\/vinicio.jarquin\" \/>\n<meta property=\"article:published_time\" content=\"2026-04-17T00:11:00+00:00\" \/>\n<meta property=\"article:modified_time\" content=\"2026-04-17T00:11:01+00:00\" \/>\n<meta property=\"og:image\" content=\"https:\/\/viniciojarquin.com\/blog\/wp-content\/uploads\/2026\/04\/Leslye.jpeg\" \/>\n\t<meta property=\"og:image:width\" content=\"1536\" \/>\n\t<meta property=\"og:image:height\" content=\"1024\" \/>\n\t<meta property=\"og:image:type\" content=\"image\/jpeg\" \/>\n<meta name=\"author\" content=\"Vinicio Jarqu\u00edn\" \/>\n<meta name=\"twitter:card\" content=\"summary_large_image\" \/>\n<meta name=\"twitter:label1\" content=\"Escrito por\" \/>\n\t<meta name=\"twitter:data1\" content=\"Vinicio Jarqu\u00edn\" \/>\n\t<meta name=\"twitter:label2\" content=\"Tiempo de lectura\" \/>\n\t<meta name=\"twitter:data2\" content=\"4 minutos\" \/>\n<script type=\"application\/ld+json\" class=\"yoast-schema-graph\">{\"@context\":\"https:\/\/schema.org\",\"@graph\":[{\"@type\":\"Article\",\"@id\":\"https:\/\/viniciojarquin.com\/blog\/cuando-el-poder-se-construye-o-se-destruye-con-palabras\/#article\",\"isPartOf\":{\"@id\":\"https:\/\/viniciojarquin.com\/blog\/cuando-el-poder-se-construye-o-se-destruye-con-palabras\/\"},\"author\":{\"name\":\"Vinicio Jarqu\u00edn\",\"@id\":\"https:\/\/viniciojarquin.com\/blog\/#\/schema\/person\/90100c8845ae55462ec0657d3d2f8d3b\"},\"headline\":\"Cuando el poder se construye\u2026 o se destruye con palabras\",\"datePublished\":\"2026-04-17T00:11:00+00:00\",\"dateModified\":\"2026-04-17T00:11:01+00:00\",\"mainEntityOfPage\":{\"@id\":\"https:\/\/viniciojarquin.com\/blog\/cuando-el-poder-se-construye-o-se-destruye-con-palabras\/\"},\"wordCount\":772,\"commentCount\":0,\"publisher\":{\"@id\":\"https:\/\/viniciojarquin.com\/blog\/#\/schema\/person\/90100c8845ae55462ec0657d3d2f8d3b\"},\"image\":{\"@id\":\"https:\/\/viniciojarquin.com\/blog\/cuando-el-poder-se-construye-o-se-destruye-con-palabras\/#primaryimage\"},\"thumbnailUrl\":\"https:\/\/viniciojarquin.com\/blog\/wp-content\/uploads\/2026\/04\/Leslye.jpeg\",\"articleSection\":[\"Escritos generales\"],\"inLanguage\":\"es\",\"potentialAction\":[{\"@type\":\"CommentAction\",\"name\":\"Comment\",\"target\":[\"https:\/\/viniciojarquin.com\/blog\/cuando-el-poder-se-construye-o-se-destruye-con-palabras\/#respond\"]}]},{\"@type\":\"WebPage\",\"@id\":\"https:\/\/viniciojarquin.com\/blog\/cuando-el-poder-se-construye-o-se-destruye-con-palabras\/\",\"url\":\"https:\/\/viniciojarquin.com\/blog\/cuando-el-poder-se-construye-o-se-destruye-con-palabras\/\",\"name\":\"Cuando el poder se construye\u2026 o se destruye con palabras - MI BLOG\",\"isPartOf\":{\"@id\":\"https:\/\/viniciojarquin.com\/blog\/#website\"},\"primaryImageOfPage\":{\"@id\":\"https:\/\/viniciojarquin.com\/blog\/cuando-el-poder-se-construye-o-se-destruye-con-palabras\/#primaryimage\"},\"image\":{\"@id\":\"https:\/\/viniciojarquin.com\/blog\/cuando-el-poder-se-construye-o-se-destruye-con-palabras\/#primaryimage\"},\"thumbnailUrl\":\"https:\/\/viniciojarquin.com\/blog\/wp-content\/uploads\/2026\/04\/Leslye.jpeg\",\"datePublished\":\"2026-04-17T00:11:00+00:00\",\"dateModified\":\"2026-04-17T00:11:01+00:00\",\"breadcrumb\":{\"@id\":\"https:\/\/viniciojarquin.com\/blog\/cuando-el-poder-se-construye-o-se-destruye-con-palabras\/#breadcrumb\"},\"inLanguage\":\"es\",\"potentialAction\":[{\"@type\":\"ReadAction\",\"target\":[\"https:\/\/viniciojarquin.com\/blog\/cuando-el-poder-se-construye-o-se-destruye-con-palabras\/\"]}]},{\"@type\":\"ImageObject\",\"inLanguage\":\"es\",\"@id\":\"https:\/\/viniciojarquin.com\/blog\/cuando-el-poder-se-construye-o-se-destruye-con-palabras\/#primaryimage\",\"url\":\"https:\/\/viniciojarquin.com\/blog\/wp-content\/uploads\/2026\/04\/Leslye.jpeg\",\"contentUrl\":\"https:\/\/viniciojarquin.com\/blog\/wp-content\/uploads\/2026\/04\/Leslye.jpeg\",\"width\":1536,\"height\":1024},{\"@type\":\"BreadcrumbList\",\"@id\":\"https:\/\/viniciojarquin.com\/blog\/cuando-el-poder-se-construye-o-se-destruye-con-palabras\/#breadcrumb\",\"itemListElement\":[{\"@type\":\"ListItem\",\"position\":1,\"name\":\"Portada\",\"item\":\"https:\/\/viniciojarquin.com\/blog\/\"},{\"@type\":\"ListItem\",\"position\":2,\"name\":\"Cuando el poder se construye\u2026 o se destruye con palabras\"}]},{\"@type\":\"WebSite\",\"@id\":\"https:\/\/viniciojarquin.com\/blog\/#website\",\"url\":\"https:\/\/viniciojarquin.com\/blog\/\",\"name\":\"Vinicio Jarqu\u00edn BLOG\",\"description\":\"\",\"publisher\":{\"@id\":\"https:\/\/viniciojarquin.com\/blog\/#\/schema\/person\/90100c8845ae55462ec0657d3d2f8d3b\"},\"potentialAction\":[{\"@type\":\"SearchAction\",\"target\":{\"@type\":\"EntryPoint\",\"urlTemplate\":\"https:\/\/viniciojarquin.com\/blog\/?s={search_term_string}\"},\"query-input\":{\"@type\":\"PropertyValueSpecification\",\"valueRequired\":true,\"valueName\":\"search_term_string\"}}],\"inLanguage\":\"es\"},{\"@type\":[\"Person\",\"Organization\"],\"@id\":\"https:\/\/viniciojarquin.com\/blog\/#\/schema\/person\/90100c8845ae55462ec0657d3d2f8d3b\",\"name\":\"Vinicio Jarqu\u00edn\",\"image\":{\"@type\":\"ImageObject\",\"inLanguage\":\"es\",\"@id\":\"https:\/\/viniciojarquin.com\/blog\/#\/schema\/person\/image\/\",\"url\":\"https:\/\/viniciojarquin.com\/blog\/wp-content\/uploads\/2024\/10\/Logo-VinicioJarquin-original-400.png\",\"contentUrl\":\"https:\/\/viniciojarquin.com\/blog\/wp-content\/uploads\/2024\/10\/Logo-VinicioJarquin-original-400.png\",\"width\":400,\"height\":130,\"caption\":\"Vinicio Jarqu\u00edn\"},\"logo\":{\"@id\":\"https:\/\/viniciojarquin.com\/blog\/#\/schema\/person\/image\/\"},\"description\":\"Empresario textil, artista pl\u00e1stico, escritor, coach de vida y fot\u00f3grafo.\",\"sameAs\":[\"https:\/\/viniciojarquin.com\/blog\",\"https:\/\/www.facebook.com\/vinicio.jarquin\",\"https:\/\/www.instagram.com\/vinicio_jarquin\/\",\"https:\/\/www.pinterest.com\/vinnyjc\/\",\"https:\/\/www.youtube.com\/@VinicioJarquin\"],\"url\":\"https:\/\/viniciojarquin.com\/blog\/author\/admin_s02au25i\/\"}]}<\/script>\n<!-- \/ Yoast SEO plugin. -->","yoast_head_json":{"title":"Cuando el poder se construye\u2026 o se destruye con palabras - MI BLOG","robots":{"index":"index","follow":"follow","max-snippet":"max-snippet:-1","max-image-preview":"max-image-preview:large","max-video-preview":"max-video-preview:-1"},"canonical":"https:\/\/viniciojarquin.com\/blog\/cuando-el-poder-se-construye-o-se-destruye-con-palabras\/","og_locale":"es_ES","og_type":"article","og_title":"Cuando el poder se construye\u2026 o se destruye con palabras - MI BLOG","og_description":"OPINI\u00d3N POL\u00cdTICA Mientras avanzo en la escritura de mi libro Farmacodin\u00e1mica en la Asamblea Legislativa, donde analizo el poder que [&hellip;]","og_url":"https:\/\/viniciojarquin.com\/blog\/cuando-el-poder-se-construye-o-se-destruye-con-palabras\/","og_site_name":"MI BLOG","article_publisher":"https:\/\/www.facebook.com\/vinicio.jarquin","article_author":"https:\/\/www.facebook.com\/vinicio.jarquin","article_published_time":"2026-04-17T00:11:00+00:00","article_modified_time":"2026-04-17T00:11:01+00:00","og_image":[{"width":1536,"height":1024,"url":"https:\/\/viniciojarquin.com\/blog\/wp-content\/uploads\/2026\/04\/Leslye.jpeg","type":"image\/jpeg"}],"author":"Vinicio Jarqu\u00edn","twitter_card":"summary_large_image","twitter_misc":{"Escrito por":"Vinicio Jarqu\u00edn","Tiempo de lectura":"4 minutos"},"schema":{"@context":"https:\/\/schema.org","@graph":[{"@type":"Article","@id":"https:\/\/viniciojarquin.com\/blog\/cuando-el-poder-se-construye-o-se-destruye-con-palabras\/#article","isPartOf":{"@id":"https:\/\/viniciojarquin.com\/blog\/cuando-el-poder-se-construye-o-se-destruye-con-palabras\/"},"author":{"name":"Vinicio Jarqu\u00edn","@id":"https:\/\/viniciojarquin.com\/blog\/#\/schema\/person\/90100c8845ae55462ec0657d3d2f8d3b"},"headline":"Cuando el poder se construye\u2026 o se destruye con palabras","datePublished":"2026-04-17T00:11:00+00:00","dateModified":"2026-04-17T00:11:01+00:00","mainEntityOfPage":{"@id":"https:\/\/viniciojarquin.com\/blog\/cuando-el-poder-se-construye-o-se-destruye-con-palabras\/"},"wordCount":772,"commentCount":0,"publisher":{"@id":"https:\/\/viniciojarquin.com\/blog\/#\/schema\/person\/90100c8845ae55462ec0657d3d2f8d3b"},"image":{"@id":"https:\/\/viniciojarquin.com\/blog\/cuando-el-poder-se-construye-o-se-destruye-con-palabras\/#primaryimage"},"thumbnailUrl":"https:\/\/viniciojarquin.com\/blog\/wp-content\/uploads\/2026\/04\/Leslye.jpeg","articleSection":["Escritos generales"],"inLanguage":"es","potentialAction":[{"@type":"CommentAction","name":"Comment","target":["https:\/\/viniciojarquin.com\/blog\/cuando-el-poder-se-construye-o-se-destruye-con-palabras\/#respond"]}]},{"@type":"WebPage","@id":"https:\/\/viniciojarquin.com\/blog\/cuando-el-poder-se-construye-o-se-destruye-con-palabras\/","url":"https:\/\/viniciojarquin.com\/blog\/cuando-el-poder-se-construye-o-se-destruye-con-palabras\/","name":"Cuando el poder se construye\u2026 o se destruye con palabras - MI BLOG","isPartOf":{"@id":"https:\/\/viniciojarquin.com\/blog\/#website"},"primaryImageOfPage":{"@id":"https:\/\/viniciojarquin.com\/blog\/cuando-el-poder-se-construye-o-se-destruye-con-palabras\/#primaryimage"},"image":{"@id":"https:\/\/viniciojarquin.com\/blog\/cuando-el-poder-se-construye-o-se-destruye-con-palabras\/#primaryimage"},"thumbnailUrl":"https:\/\/viniciojarquin.com\/blog\/wp-content\/uploads\/2026\/04\/Leslye.jpeg","datePublished":"2026-04-17T00:11:00+00:00","dateModified":"2026-04-17T00:11:01+00:00","breadcrumb":{"@id":"https:\/\/viniciojarquin.com\/blog\/cuando-el-poder-se-construye-o-se-destruye-con-palabras\/#breadcrumb"},"inLanguage":"es","potentialAction":[{"@type":"ReadAction","target":["https:\/\/viniciojarquin.com\/blog\/cuando-el-poder-se-construye-o-se-destruye-con-palabras\/"]}]},{"@type":"ImageObject","inLanguage":"es","@id":"https:\/\/viniciojarquin.com\/blog\/cuando-el-poder-se-construye-o-se-destruye-con-palabras\/#primaryimage","url":"https:\/\/viniciojarquin.com\/blog\/wp-content\/uploads\/2026\/04\/Leslye.jpeg","contentUrl":"https:\/\/viniciojarquin.com\/blog\/wp-content\/uploads\/2026\/04\/Leslye.jpeg","width":1536,"height":1024},{"@type":"BreadcrumbList","@id":"https:\/\/viniciojarquin.com\/blog\/cuando-el-poder-se-construye-o-se-destruye-con-palabras\/#breadcrumb","itemListElement":[{"@type":"ListItem","position":1,"name":"Portada","item":"https:\/\/viniciojarquin.com\/blog\/"},{"@type":"ListItem","position":2,"name":"Cuando el poder se construye\u2026 o se destruye con palabras"}]},{"@type":"WebSite","@id":"https:\/\/viniciojarquin.com\/blog\/#website","url":"https:\/\/viniciojarquin.com\/blog\/","name":"Vinicio Jarqu\u00edn BLOG","description":"","publisher":{"@id":"https:\/\/viniciojarquin.com\/blog\/#\/schema\/person\/90100c8845ae55462ec0657d3d2f8d3b"},"potentialAction":[{"@type":"SearchAction","target":{"@type":"EntryPoint","urlTemplate":"https:\/\/viniciojarquin.com\/blog\/?s={search_term_string}"},"query-input":{"@type":"PropertyValueSpecification","valueRequired":true,"valueName":"search_term_string"}}],"inLanguage":"es"},{"@type":["Person","Organization"],"@id":"https:\/\/viniciojarquin.com\/blog\/#\/schema\/person\/90100c8845ae55462ec0657d3d2f8d3b","name":"Vinicio Jarqu\u00edn","image":{"@type":"ImageObject","inLanguage":"es","@id":"https:\/\/viniciojarquin.com\/blog\/#\/schema\/person\/image\/","url":"https:\/\/viniciojarquin.com\/blog\/wp-content\/uploads\/2024\/10\/Logo-VinicioJarquin-original-400.png","contentUrl":"https:\/\/viniciojarquin.com\/blog\/wp-content\/uploads\/2024\/10\/Logo-VinicioJarquin-original-400.png","width":400,"height":130,"caption":"Vinicio Jarqu\u00edn"},"logo":{"@id":"https:\/\/viniciojarquin.com\/blog\/#\/schema\/person\/image\/"},"description":"Empresario textil, artista pl\u00e1stico, escritor, coach de vida y fot\u00f3grafo.","sameAs":["https:\/\/viniciojarquin.com\/blog","https:\/\/www.facebook.com\/vinicio.jarquin","https:\/\/www.instagram.com\/vinicio_jarquin\/","https:\/\/www.pinterest.com\/vinnyjc\/","https:\/\/www.youtube.com\/@VinicioJarquin"],"url":"https:\/\/viniciojarquin.com\/blog\/author\/admin_s02au25i\/"}]}},"blog_post_layout_featured_media_urls":{"thumbnail":["https:\/\/viniciojarquin.com\/blog\/wp-content\/uploads\/2026\/04\/Leslye-150x150.jpeg",150,150,true],"full":["https:\/\/viniciojarquin.com\/blog\/wp-content\/uploads\/2026\/04\/Leslye.jpeg",1536,1024,false]},"categories_names":{"9":{"name":"Escritos generales","link":"https:\/\/viniciojarquin.com\/blog\/category\/mis-escritos\/"}},"tags_names":[],"comments_number":"0","_links":{"self":[{"href":"https:\/\/viniciojarquin.com\/blog\/wp-json\/wp\/v2\/posts\/3451","targetHints":{"allow":["GET"]}}],"collection":[{"href":"https:\/\/viniciojarquin.com\/blog\/wp-json\/wp\/v2\/posts"}],"about":[{"href":"https:\/\/viniciojarquin.com\/blog\/wp-json\/wp\/v2\/types\/post"}],"author":[{"embeddable":true,"href":"https:\/\/viniciojarquin.com\/blog\/wp-json\/wp\/v2\/users\/1"}],"replies":[{"embeddable":true,"href":"https:\/\/viniciojarquin.com\/blog\/wp-json\/wp\/v2\/comments?post=3451"}],"version-history":[{"count":1,"href":"https:\/\/viniciojarquin.com\/blog\/wp-json\/wp\/v2\/posts\/3451\/revisions"}],"predecessor-version":[{"id":3453,"href":"https:\/\/viniciojarquin.com\/blog\/wp-json\/wp\/v2\/posts\/3451\/revisions\/3453"}],"wp:featuredmedia":[{"embeddable":true,"href":"https:\/\/viniciojarquin.com\/blog\/wp-json\/wp\/v2\/media\/3452"}],"wp:attachment":[{"href":"https:\/\/viniciojarquin.com\/blog\/wp-json\/wp\/v2\/media?parent=3451"}],"wp:term":[{"taxonomy":"category","embeddable":true,"href":"https:\/\/viniciojarquin.com\/blog\/wp-json\/wp\/v2\/categories?post=3451"},{"taxonomy":"post_tag","embeddable":true,"href":"https:\/\/viniciojarquin.com\/blog\/wp-json\/wp\/v2\/tags?post=3451"}],"curies":[{"name":"wp","href":"https:\/\/api.w.org\/{rel}","templated":true}]}}