{"id":3457,"date":"2026-04-17T04:11:44","date_gmt":"2026-04-17T04:11:44","guid":{"rendered":"https:\/\/viniciojarquin.com\/blog\/?p=3457"},"modified":"2026-04-17T04:11:46","modified_gmt":"2026-04-17T04:11:46","slug":"10-de-abril-del-2026","status":"publish","type":"post","link":"https:\/\/viniciojarquin.com\/blog\/10-de-abril-del-2026\/","title":{"rendered":"10 de abril del 2026"},"content":{"rendered":"\n<p><strong>(Texto privado)<\/strong><\/p>\n\n\n\n<p>Querido diario,<\/p>\n\n\n\n<p>Soy yo. Vinicio Jarqu\u00edn. Apacigua tu ser interior.<\/p>\n\n\n\n<p>Necesito escribir esto. No para publicarlo, no para que circule. Tal vez para guardarlo, tal vez para compartirlo solo con algunas personas de confianza\u2026 pero necesito sacarlo. Hoy es 10 de abril del 2026, y lo que siento no cabe en frases cortas ni en explicaciones r\u00e1pidas.<\/p>\n\n\n\n<p>Trabaj\u00e9 tanto. Tan fuerte. Tan constante. Tantas horas diarias\u2026 que en alg\u00fan momento dej\u00e9 de contar. Pero si tuviera que decirlo, fueron casi 20 horas al d\u00eda durante semanas. Reuniones, diputados, expresidentes, miembros de los poderes de la Rep\u00fablica, visitas al Tribunal Supremo de Elecciones, ciudadan\u00eda, candidatos a la presidencia, a la vicepresidencia, a diputaciones. Art\u00edculos, entrevistas\u2026 fue todo. Fue much\u00edsimo. Y yo estaba seguro. Seguro de que \u00edbamos a pasar a segunda ronda. No sab\u00eda qu\u00e9 iba a pasar en esa segunda ronda\u2026 pero necesitaba que lleg\u00e1ramos. Era importante. Era necesario.<\/p>\n\n\n\n<p>Semanas antes, en varias reuniones, yo insist\u00eda en algo que hoy me pesa recordar: que pod\u00edamos perder la patria, que pod\u00edamos perder la naci\u00f3n como la conoc\u00edamos. Lo dije varias veces. Lo sent\u00eda. Pero el primero de febrero\u2026 se me olvid\u00f3. Esa noche, cuando empezaron a salir los resultados y dijeron que hab\u00edamos perdido\u2026 se me olvid\u00f3 todo lo que yo mismo hab\u00eda advertido. Y en lugar de eso, apareci\u00f3 otra cosa: la esperanza de haber estado equivocado. Y no lo estaba.<\/p>\n\n\n\n<p>Esa noche quer\u00eda apagar todo. El servidor. Todo. Irme a dormir. Llorar tres d\u00edas seguidos. Hacer luto. Procesar. Pero no pude. Empezaron a llegar mensajes. Cientos. Personas que necesitaban apoyo, que necesitaban calma, que necesitaban que alguien les dijera algo. Y no pude parar. No pude hacer luto. No pude llorar la p\u00e9rdida como muchos otros s\u00ed lo hicieron, incluso sali\u00e9ndose de redes sociales, desconect\u00e1ndose. Yo no. Yo segu\u00ed. Atrapado\u2026 pero por decisi\u00f3n propia. Porque sent\u00eda que el pa\u00eds necesitaba eso. Necesitaba apaciguarse. Ya la elecci\u00f3n estaba perdida, ya no hab\u00eda nada que hacer en ese frente\u2026 pero s\u00ed hab\u00eda algo que hacer en el \u00e1nimo de la gente.<\/p>\n\n\n\n<p>Y segu\u00ed trabajando. Canciones, art\u00edculos, entrevistas, reuniones. Decid\u00ed que iba a trabajar con los nuevos diputados, que iba a reunirme con ellos, que iba a asesorarlos, que iba a asesorar a sus asesores, que iba a ayudar al Tribunal Supremo de Elecciones a educar en democracia y c\u00edvica en las escuelas, que iba a traducir proyectos de ley a lenguaje popular para que la gente los pudiera entender, que iba a publicarlos, que iba a hacer canciones. Lanc\u00e9 la radio con contenido de apaciguamiento. Todo eso\u2026 yo solo. Y recientemente lanc\u00e9 el Universo Digital de Apacigua, con siete m\u00f3dulos en este momento, hechos por m\u00ed, dise\u00f1ados por m\u00ed, pensados por m\u00ed.<\/p>\n\n\n\n<p>Todo ese esfuerzo. Todo.<\/p>\n\n\n\n<p>Y ayer ped\u00ed ayuda. Porque Apacigua no se puede sostener solo. Yo ya no puedo sostenerlo. Apacigua se comi\u00f3 mis ahorros durante la campa\u00f1a\u2026 y durante estos meses, de febrero a abril. Ha llegado ayuda, s\u00ed, de personas que creen\u2026 pero no es suficiente. En el video fui claro. Dije que, dependiendo de la respuesta, esa ser\u00eda la respuesta que yo necesitaba escuchar. Si la gente quer\u00eda que Apacigua siguiera como un medio donde yo escribo y acompa\u00f1o\u2026 o si quer\u00edan que yo siguiera trabajando en algo m\u00e1s grande, con la OEA, Naciones Unidas, otros pa\u00edses, organizaciones internacionales, fundaciones de paz, universidades de paz, centros democr\u00e1ticos en el norte de Europa. Todo eso est\u00e1 en proyecto. Y aun as\u00ed\u2026 no s\u00e9 si eso salvar\u00eda la patria. Pero al menos podr\u00edamos frenar algunas cosas, truncar algunos intentos, aportar algo.<\/p>\n\n\n\n<p>Pero la respuesta fue no. No al apoyo.<\/p>\n\n\n\n<p>Y yo ya no puedo.<\/p>\n\n\n\n<p>Creo que Apacigua va a seguir\u2026 tal vez con algunos art\u00edculos diarios, eventuales. Pero tambi\u00e9n creo \u2014y perd\u00f3n por la falta de modestia\u2014 que si realmente alguien puede aportar a este pa\u00eds en estos cuatro a\u00f1os, a la democracia, a la institucionalidad, a la paz, a la armon\u00eda\u2026 es el movimiento Apacigua tu ser interior. Y aun as\u00ed\u2026 ha sido atacado por los del continuismo y abandonado por muchos apaciguados.<\/p>\n\n\n\n<p>No voy a apagar los servidores hoy. Tal vez no ma\u00f1ana. Tal vez no el domingo. Tal vez tampoco la pr\u00f3xima semana. Pero creo que estamos frente a algo inevitable. Entregar el tim\u00f3n.<\/p>\n\n\n\n<p>Lo peor de todo\u2026 es que, aunque los del continuismo lo nieguen y aunque los de la oposici\u00f3n mantengan la esperanza de que algo todav\u00eda se puede hacer\u2026 yo creo que no hay nada por hacer. Siento que el pa\u00eds fue tomado. Como por un enjambre de langostas. Y nadie lo va a detener. Y es duro escribir eso, pensarlo, aceptarlo. Porque durante meses estuve en el otro lado\u2026 en el de hacer, en el de intentar, en el de mover, en el de creer que algo pod\u00eda cambiar. Y hoy lo que aparece es otra cosa. Una certeza inc\u00f3moda. Una de esas que no se dicen en p\u00fablico.<\/p>\n\n\n\n<p>Yo deber\u00eda apaciguarlos. Y s\u00ed\u2026 esa sigue siendo mi recomendaci\u00f3n. Porque si algo creo hoy, es que solo apaciguados vamos a poder soportar lo que se vino encima. No desde la rendici\u00f3n\u2026 sino desde la resistencia interna, desde no perderse, desde no quebrarse por dentro. Pero decir eso tambi\u00e9n duele.<\/p>\n\n\n\n<p>Estoy en mi casa. Llorando.<\/p>\n\n\n\n<p>Y no es solo por el pa\u00eds.<\/p>\n\n\n\n<p>Es por otra cosa.<\/p>\n\n\n\n<p>Porque aunque los enemigos no pudieron atacarlo\u2026 los suyos lo dejaron solo. Y eso pesa distinto. Eso no es pol\u00edtico. Eso es humano.<\/p>\n\n\n\n<p>Apacigua puede caer.<\/p>\n\n\n\n<p>Y en este momento\u2026 se siente como si fuera uno de los \u00faltimos bastiones.<\/p>\n","protected":false},"excerpt":{"rendered":"<p>(Texto privado) Querido diario, Soy yo. Vinicio Jarqu\u00edn. Apacigua tu ser interior. Necesito escribir esto. No para publicarlo, no para [&hellip;]<\/p>\n","protected":false},"author":1,"featured_media":0,"comment_status":"open","ping_status":"open","sticky":false,"template":"","format":"standard","meta":{"site-sidebar-layout":"default","site-content-layout":"","ast-site-content-layout":"","site-content-style":"default","site-sidebar-style":"default","ast-global-header-display":"","ast-banner-title-visibility":"","ast-main-header-display":"","ast-hfb-above-header-display":"","ast-hfb-below-header-display":"","ast-hfb-mobile-header-display":"","site-post-title":"","ast-breadcrumbs-content":"","ast-featured-img":"","footer-sml-layout":"","theme-transparent-header-meta":"","adv-header-id-meta":"","stick-header-meta":"","header-above-stick-meta":"","header-main-stick-meta":"","header-below-stick-meta":"","astra-migrate-meta-layouts":"default","ast-page-background-enabled":"default","ast-page-background-meta":{"desktop":{"background-color":"var(--ast-global-color-5)","background-image":"","background-repeat":"repeat","background-position":"center center","background-size":"auto","background-attachment":"scroll","background-type":"","background-media":"","overlay-type":"","overlay-color":"","overlay-opacity":"","overlay-gradient":""},"tablet":{"background-color":"","background-image":"","background-repeat":"repeat","background-position":"center center","background-size":"auto","background-attachment":"scroll","background-type":"","background-media":"","overlay-type":"","overlay-color":"","overlay-opacity":"","overlay-gradient":""},"mobile":{"background-color":"","background-image":"","background-repeat":"repeat","background-position":"center center","background-size":"auto","background-attachment":"scroll","background-type":"","background-media":"","overlay-type":"","overlay-color":"","overlay-opacity":"","overlay-gradient":""}},"ast-content-background-meta":{"desktop":{"background-color":"var(--ast-global-color-4)","background-image":"","background-repeat":"repeat","background-position":"center center","background-size":"auto","background-attachment":"scroll","background-type":"","background-media":"","overlay-type":"","overlay-color":"","overlay-opacity":"","overlay-gradient":""},"tablet":{"background-color":"var(--ast-global-color-4)","background-image":"","background-repeat":"repeat","background-position":"center center","background-size":"auto","background-attachment":"scroll","background-type":"","background-media":"","overlay-type":"","overlay-color":"","overlay-opacity":"","overlay-gradient":""},"mobile":{"background-color":"var(--ast-global-color-4)","background-image":"","background-repeat":"repeat","background-position":"center center","background-size":"auto","background-attachment":"scroll","background-type":"","background-media":"","overlay-type":"","overlay-color":"","overlay-opacity":"","overlay-gradient":""}},"footnotes":""},"categories":[9],"tags":[],"class_list":["post-3457","post","type-post","status-publish","format-standard","hentry","category-mis-escritos"],"yoast_head":"<!-- This site is optimized with the Yoast SEO plugin v26.0 - https:\/\/yoast.com\/wordpress\/plugins\/seo\/ -->\n<title>10 de abril del 2026 - MI BLOG<\/title>\n<meta name=\"robots\" content=\"index, follow, max-snippet:-1, max-image-preview:large, max-video-preview:-1\" \/>\n<link rel=\"canonical\" href=\"https:\/\/viniciojarquin.com\/blog\/10-de-abril-del-2026\/\" \/>\n<meta property=\"og:locale\" content=\"es_ES\" \/>\n<meta property=\"og:type\" content=\"article\" \/>\n<meta property=\"og:title\" content=\"10 de abril del 2026 - MI BLOG\" \/>\n<meta property=\"og:description\" content=\"(Texto privado) Querido diario, Soy yo. Vinicio Jarqu\u00edn. Apacigua tu ser interior. Necesito escribir esto. No para publicarlo, no para [&hellip;]\" \/>\n<meta property=\"og:url\" content=\"https:\/\/viniciojarquin.com\/blog\/10-de-abril-del-2026\/\" \/>\n<meta property=\"og:site_name\" content=\"MI BLOG\" \/>\n<meta property=\"article:publisher\" content=\"https:\/\/www.facebook.com\/vinicio.jarquin\" \/>\n<meta property=\"article:author\" content=\"https:\/\/www.facebook.com\/vinicio.jarquin\" \/>\n<meta property=\"article:published_time\" content=\"2026-04-17T04:11:44+00:00\" \/>\n<meta property=\"article:modified_time\" content=\"2026-04-17T04:11:46+00:00\" \/>\n<meta name=\"author\" content=\"Vinicio Jarqu\u00edn\" \/>\n<meta name=\"twitter:card\" content=\"summary_large_image\" \/>\n<meta name=\"twitter:label1\" content=\"Escrito por\" \/>\n\t<meta name=\"twitter:data1\" content=\"Vinicio Jarqu\u00edn\" \/>\n\t<meta name=\"twitter:label2\" content=\"Tiempo de lectura\" \/>\n\t<meta name=\"twitter:data2\" content=\"5 minutos\" \/>\n<script type=\"application\/ld+json\" class=\"yoast-schema-graph\">{\"@context\":\"https:\/\/schema.org\",\"@graph\":[{\"@type\":\"Article\",\"@id\":\"https:\/\/viniciojarquin.com\/blog\/10-de-abril-del-2026\/#article\",\"isPartOf\":{\"@id\":\"https:\/\/viniciojarquin.com\/blog\/10-de-abril-del-2026\/\"},\"author\":{\"name\":\"Vinicio Jarqu\u00edn\",\"@id\":\"https:\/\/viniciojarquin.com\/blog\/#\/schema\/person\/90100c8845ae55462ec0657d3d2f8d3b\"},\"headline\":\"10 de abril del 2026\",\"datePublished\":\"2026-04-17T04:11:44+00:00\",\"dateModified\":\"2026-04-17T04:11:46+00:00\",\"mainEntityOfPage\":{\"@id\":\"https:\/\/viniciojarquin.com\/blog\/10-de-abril-del-2026\/\"},\"wordCount\":990,\"commentCount\":0,\"publisher\":{\"@id\":\"https:\/\/viniciojarquin.com\/blog\/#\/schema\/person\/90100c8845ae55462ec0657d3d2f8d3b\"},\"articleSection\":[\"Escritos generales\"],\"inLanguage\":\"es\",\"potentialAction\":[{\"@type\":\"CommentAction\",\"name\":\"Comment\",\"target\":[\"https:\/\/viniciojarquin.com\/blog\/10-de-abril-del-2026\/#respond\"]}]},{\"@type\":\"WebPage\",\"@id\":\"https:\/\/viniciojarquin.com\/blog\/10-de-abril-del-2026\/\",\"url\":\"https:\/\/viniciojarquin.com\/blog\/10-de-abril-del-2026\/\",\"name\":\"10 de abril del 2026 - MI BLOG\",\"isPartOf\":{\"@id\":\"https:\/\/viniciojarquin.com\/blog\/#website\"},\"datePublished\":\"2026-04-17T04:11:44+00:00\",\"dateModified\":\"2026-04-17T04:11:46+00:00\",\"breadcrumb\":{\"@id\":\"https:\/\/viniciojarquin.com\/blog\/10-de-abril-del-2026\/#breadcrumb\"},\"inLanguage\":\"es\",\"potentialAction\":[{\"@type\":\"ReadAction\",\"target\":[\"https:\/\/viniciojarquin.com\/blog\/10-de-abril-del-2026\/\"]}]},{\"@type\":\"BreadcrumbList\",\"@id\":\"https:\/\/viniciojarquin.com\/blog\/10-de-abril-del-2026\/#breadcrumb\",\"itemListElement\":[{\"@type\":\"ListItem\",\"position\":1,\"name\":\"Portada\",\"item\":\"https:\/\/viniciojarquin.com\/blog\/\"},{\"@type\":\"ListItem\",\"position\":2,\"name\":\"10 de abril del 2026\"}]},{\"@type\":\"WebSite\",\"@id\":\"https:\/\/viniciojarquin.com\/blog\/#website\",\"url\":\"https:\/\/viniciojarquin.com\/blog\/\",\"name\":\"Vinicio Jarqu\u00edn BLOG\",\"description\":\"\",\"publisher\":{\"@id\":\"https:\/\/viniciojarquin.com\/blog\/#\/schema\/person\/90100c8845ae55462ec0657d3d2f8d3b\"},\"potentialAction\":[{\"@type\":\"SearchAction\",\"target\":{\"@type\":\"EntryPoint\",\"urlTemplate\":\"https:\/\/viniciojarquin.com\/blog\/?s={search_term_string}\"},\"query-input\":{\"@type\":\"PropertyValueSpecification\",\"valueRequired\":true,\"valueName\":\"search_term_string\"}}],\"inLanguage\":\"es\"},{\"@type\":[\"Person\",\"Organization\"],\"@id\":\"https:\/\/viniciojarquin.com\/blog\/#\/schema\/person\/90100c8845ae55462ec0657d3d2f8d3b\",\"name\":\"Vinicio Jarqu\u00edn\",\"image\":{\"@type\":\"ImageObject\",\"inLanguage\":\"es\",\"@id\":\"https:\/\/viniciojarquin.com\/blog\/#\/schema\/person\/image\/\",\"url\":\"https:\/\/viniciojarquin.com\/blog\/wp-content\/uploads\/2024\/10\/Logo-VinicioJarquin-original-400.png\",\"contentUrl\":\"https:\/\/viniciojarquin.com\/blog\/wp-content\/uploads\/2024\/10\/Logo-VinicioJarquin-original-400.png\",\"width\":400,\"height\":130,\"caption\":\"Vinicio Jarqu\u00edn\"},\"logo\":{\"@id\":\"https:\/\/viniciojarquin.com\/blog\/#\/schema\/person\/image\/\"},\"description\":\"Empresario textil, artista pl\u00e1stico, escritor, coach de vida y fot\u00f3grafo.\",\"sameAs\":[\"https:\/\/viniciojarquin.com\/blog\",\"https:\/\/www.facebook.com\/vinicio.jarquin\",\"https:\/\/www.instagram.com\/vinicio_jarquin\/\",\"https:\/\/www.pinterest.com\/vinnyjc\/\",\"https:\/\/www.youtube.com\/@VinicioJarquin\"],\"url\":\"https:\/\/viniciojarquin.com\/blog\/author\/admin_s02au25i\/\"}]}<\/script>\n<!-- \/ Yoast SEO plugin. -->","yoast_head_json":{"title":"10 de abril del 2026 - MI BLOG","robots":{"index":"index","follow":"follow","max-snippet":"max-snippet:-1","max-image-preview":"max-image-preview:large","max-video-preview":"max-video-preview:-1"},"canonical":"https:\/\/viniciojarquin.com\/blog\/10-de-abril-del-2026\/","og_locale":"es_ES","og_type":"article","og_title":"10 de abril del 2026 - MI BLOG","og_description":"(Texto privado) Querido diario, Soy yo. Vinicio Jarqu\u00edn. Apacigua tu ser interior. Necesito escribir esto. No para publicarlo, no para [&hellip;]","og_url":"https:\/\/viniciojarquin.com\/blog\/10-de-abril-del-2026\/","og_site_name":"MI BLOG","article_publisher":"https:\/\/www.facebook.com\/vinicio.jarquin","article_author":"https:\/\/www.facebook.com\/vinicio.jarquin","article_published_time":"2026-04-17T04:11:44+00:00","article_modified_time":"2026-04-17T04:11:46+00:00","author":"Vinicio Jarqu\u00edn","twitter_card":"summary_large_image","twitter_misc":{"Escrito por":"Vinicio Jarqu\u00edn","Tiempo de lectura":"5 minutos"},"schema":{"@context":"https:\/\/schema.org","@graph":[{"@type":"Article","@id":"https:\/\/viniciojarquin.com\/blog\/10-de-abril-del-2026\/#article","isPartOf":{"@id":"https:\/\/viniciojarquin.com\/blog\/10-de-abril-del-2026\/"},"author":{"name":"Vinicio Jarqu\u00edn","@id":"https:\/\/viniciojarquin.com\/blog\/#\/schema\/person\/90100c8845ae55462ec0657d3d2f8d3b"},"headline":"10 de abril del 2026","datePublished":"2026-04-17T04:11:44+00:00","dateModified":"2026-04-17T04:11:46+00:00","mainEntityOfPage":{"@id":"https:\/\/viniciojarquin.com\/blog\/10-de-abril-del-2026\/"},"wordCount":990,"commentCount":0,"publisher":{"@id":"https:\/\/viniciojarquin.com\/blog\/#\/schema\/person\/90100c8845ae55462ec0657d3d2f8d3b"},"articleSection":["Escritos generales"],"inLanguage":"es","potentialAction":[{"@type":"CommentAction","name":"Comment","target":["https:\/\/viniciojarquin.com\/blog\/10-de-abril-del-2026\/#respond"]}]},{"@type":"WebPage","@id":"https:\/\/viniciojarquin.com\/blog\/10-de-abril-del-2026\/","url":"https:\/\/viniciojarquin.com\/blog\/10-de-abril-del-2026\/","name":"10 de abril del 2026 - MI BLOG","isPartOf":{"@id":"https:\/\/viniciojarquin.com\/blog\/#website"},"datePublished":"2026-04-17T04:11:44+00:00","dateModified":"2026-04-17T04:11:46+00:00","breadcrumb":{"@id":"https:\/\/viniciojarquin.com\/blog\/10-de-abril-del-2026\/#breadcrumb"},"inLanguage":"es","potentialAction":[{"@type":"ReadAction","target":["https:\/\/viniciojarquin.com\/blog\/10-de-abril-del-2026\/"]}]},{"@type":"BreadcrumbList","@id":"https:\/\/viniciojarquin.com\/blog\/10-de-abril-del-2026\/#breadcrumb","itemListElement":[{"@type":"ListItem","position":1,"name":"Portada","item":"https:\/\/viniciojarquin.com\/blog\/"},{"@type":"ListItem","position":2,"name":"10 de abril del 2026"}]},{"@type":"WebSite","@id":"https:\/\/viniciojarquin.com\/blog\/#website","url":"https:\/\/viniciojarquin.com\/blog\/","name":"Vinicio Jarqu\u00edn BLOG","description":"","publisher":{"@id":"https:\/\/viniciojarquin.com\/blog\/#\/schema\/person\/90100c8845ae55462ec0657d3d2f8d3b"},"potentialAction":[{"@type":"SearchAction","target":{"@type":"EntryPoint","urlTemplate":"https:\/\/viniciojarquin.com\/blog\/?s={search_term_string}"},"query-input":{"@type":"PropertyValueSpecification","valueRequired":true,"valueName":"search_term_string"}}],"inLanguage":"es"},{"@type":["Person","Organization"],"@id":"https:\/\/viniciojarquin.com\/blog\/#\/schema\/person\/90100c8845ae55462ec0657d3d2f8d3b","name":"Vinicio Jarqu\u00edn","image":{"@type":"ImageObject","inLanguage":"es","@id":"https:\/\/viniciojarquin.com\/blog\/#\/schema\/person\/image\/","url":"https:\/\/viniciojarquin.com\/blog\/wp-content\/uploads\/2024\/10\/Logo-VinicioJarquin-original-400.png","contentUrl":"https:\/\/viniciojarquin.com\/blog\/wp-content\/uploads\/2024\/10\/Logo-VinicioJarquin-original-400.png","width":400,"height":130,"caption":"Vinicio Jarqu\u00edn"},"logo":{"@id":"https:\/\/viniciojarquin.com\/blog\/#\/schema\/person\/image\/"},"description":"Empresario textil, artista pl\u00e1stico, escritor, coach de vida y fot\u00f3grafo.","sameAs":["https:\/\/viniciojarquin.com\/blog","https:\/\/www.facebook.com\/vinicio.jarquin","https:\/\/www.instagram.com\/vinicio_jarquin\/","https:\/\/www.pinterest.com\/vinnyjc\/","https:\/\/www.youtube.com\/@VinicioJarquin"],"url":"https:\/\/viniciojarquin.com\/blog\/author\/admin_s02au25i\/"}]}},"blog_post_layout_featured_media_urls":{"thumbnail":"","full":""},"categories_names":{"9":{"name":"Escritos generales","link":"https:\/\/viniciojarquin.com\/blog\/category\/mis-escritos\/"}},"tags_names":[],"comments_number":"0","_links":{"self":[{"href":"https:\/\/viniciojarquin.com\/blog\/wp-json\/wp\/v2\/posts\/3457","targetHints":{"allow":["GET"]}}],"collection":[{"href":"https:\/\/viniciojarquin.com\/blog\/wp-json\/wp\/v2\/posts"}],"about":[{"href":"https:\/\/viniciojarquin.com\/blog\/wp-json\/wp\/v2\/types\/post"}],"author":[{"embeddable":true,"href":"https:\/\/viniciojarquin.com\/blog\/wp-json\/wp\/v2\/users\/1"}],"replies":[{"embeddable":true,"href":"https:\/\/viniciojarquin.com\/blog\/wp-json\/wp\/v2\/comments?post=3457"}],"version-history":[{"count":1,"href":"https:\/\/viniciojarquin.com\/blog\/wp-json\/wp\/v2\/posts\/3457\/revisions"}],"predecessor-version":[{"id":3458,"href":"https:\/\/viniciojarquin.com\/blog\/wp-json\/wp\/v2\/posts\/3457\/revisions\/3458"}],"wp:attachment":[{"href":"https:\/\/viniciojarquin.com\/blog\/wp-json\/wp\/v2\/media?parent=3457"}],"wp:term":[{"taxonomy":"category","embeddable":true,"href":"https:\/\/viniciojarquin.com\/blog\/wp-json\/wp\/v2\/categories?post=3457"},{"taxonomy":"post_tag","embeddable":true,"href":"https:\/\/viniciojarquin.com\/blog\/wp-json\/wp\/v2\/tags?post=3457"}],"curies":[{"name":"wp","href":"https:\/\/api.w.org\/{rel}","templated":true}]}}