{"id":3479,"date":"2026-04-19T01:36:39","date_gmt":"2026-04-19T01:36:39","guid":{"rendered":"https:\/\/viniciojarquin.com\/blog\/?p=3479"},"modified":"2026-04-19T01:38:22","modified_gmt":"2026-04-19T01:38:22","slug":"vinimos-para-quedarnos","status":"publish","type":"post","link":"https:\/\/viniciojarquin.com\/blog\/vinimos-para-quedarnos\/","title":{"rendered":"Vinimos para quedarnos"},"content":{"rendered":"\n<figure class=\"wp-block-image size-full\"><img decoding=\"async\" width=\"800\" height=\"350\" data-src=\"https:\/\/viniciojarquin.com\/blog\/wp-content\/uploads\/2026\/04\/Vinimos-para-quedarnos.png\" alt=\"\" class=\"wp-image-3482 lazyload\" data-srcset=\"https:\/\/viniciojarquin.com\/blog\/wp-content\/uploads\/2026\/04\/Vinimos-para-quedarnos.png 800w, https:\/\/viniciojarquin.com\/blog\/wp-content\/uploads\/2026\/04\/Vinimos-para-quedarnos-300x131.png 300w, https:\/\/viniciojarquin.com\/blog\/wp-content\/uploads\/2026\/04\/Vinimos-para-quedarnos-768x336.png 768w\" data-sizes=\"(max-width: 800px) 100vw, 800px\" src=\"data:image\/svg+xml;base64,PHN2ZyB3aWR0aD0iMSIgaGVpZ2h0PSIxIiB4bWxucz0iaHR0cDovL3d3dy53My5vcmcvMjAwMC9zdmciPjwvc3ZnPg==\" style=\"--smush-placeholder-width: 800px; --smush-placeholder-aspect-ratio: 800\/350;\" \/><\/figure>\n\n\n\n<p>Hay movimientos que nacen desde la reacci\u00f3n\u2026 y hay otros que nacen desde una comprensi\u00f3n m\u00e1s profunda. Apacigua pertenece a estos \u00faltimos. No surgi\u00f3 para enfrentar, ni para oponerse, ni para entrar en la l\u00f3gica de la pelea. Surgi\u00f3 como una respuesta distinta a un entorno que se volv\u00eda cada vez m\u00e1s ruidoso, m\u00e1s tenso, m\u00e1s polarizado. No vino a gritar m\u00e1s fuerte\u2026 vino a sostener algo que parec\u00eda perderse: la calma con criterio.<\/p>\n\n\n\n<p>Por eso, cuando hoy decimos <em>\u201cvinimos para quedarnos\u201d<\/em>, no es una frase de conquista. Es una afirmaci\u00f3n de permanencia interior. No estamos hablando de territorio, ni de poder, ni de imponer una visi\u00f3n. Estamos hablando de una forma de estar en el mundo que, una vez que se despierta en una persona, ya no se apaga f\u00e1cilmente. Porque Apacigua no es un grupo cerrado ni una estructura r\u00edgida. Es algo que ocurre dentro de cada uno cuando decide no dejarse arrastrar por la reacci\u00f3n inmediata.<\/p>\n\n\n\n<p>No vinimos a luchar, a pelear o a insultar. No era necesario. De hecho, ese es precisamente el terreno en el que otros ya est\u00e1n. Apacigua nace en otro lugar. Nace en el momento en que alguien, en medio de la contienda, decide detenerse, respirar, pensar\u2026 y responder desde otro espacio. Ese instante, aunque parezca peque\u00f1o, lo cambia todo. Porque rompe la cadena autom\u00e1tica del conflicto y abre la posibilidad de algo distinto.<\/p>\n\n\n\n<p>En ese sentido, no es exagerado decir que Apacigua es un nuevo nacimiento. No hacia afuera, sino hacia adentro. Es la posibilidad de volver a encontrarse con una forma m\u00e1s consciente de vivir la realidad. De entender que la paz no es ausencia de firmeza, sino una forma distinta de ejercerla. Que se puede tener criterio, posici\u00f3n, convicci\u00f3n\u2026 sin perder el centro.<\/p>\n\n\n\n<p>Y claro\u2026 eso no siempre es comprendido por todos. Hay quienes viven desde la confrontaci\u00f3n constante, desde la urgencia de responder, desde la necesidad de tener la raz\u00f3n a cualquier costo. Y es natural que, desde ese lugar, Apacigua no resulte c\u00f3modo. Porque representa algo que no se puede controlar, ni provocar, ni arrastrar f\u00e1cilmente: una calma que no depende de lo externo.<\/p>\n\n\n\n<p>Tenemos algo que no se puede empe\u00f1ar\u2026 ni quitar. No es un discurso. No es una estrategia. Es una decisi\u00f3n. Y cuando una persona decide vivir desde la calma consciente, deja de ser manipulable desde el ruido. Eso incomoda a algunos\u2026 pero fortalece a muchos otros.<\/p>\n\n\n\n<p>No estamos en contra de los resultados. Aunque hubi\u00e9ramos querido otros, aceptamos lo que es, sin renunciar a lo que creemos. Porque Apacigua no depende de qui\u00e9n gana o qui\u00e9n pierde. No se sostiene en una elecci\u00f3n. Se sostiene en una forma de vivir que trasciende cualquier momento pol\u00edtico.<\/p>\n\n\n\n<p>Y por eso\u2026 no nos pueden callar. No nos pueden encerrar. No nos pueden apagar. Porque no estamos afuera\u2026 estamos adentro. En cada persona que decide pensar antes de reaccionar. En cada persona que elige no caer en la provocaci\u00f3n. En cada persona que entiende que la paz tambi\u00e9n es una forma de poder.<\/p>\n\n\n\n<p>Apacigua no vino a reemplazar nada. Vino a recordar algo.<\/p>\n\n\n\n<p>Y una vez que eso se recuerda\u2026 ya no se olvida.<\/p>\n\n\n\n<p>Vinimos para quedarnos. Porque no somos un grupo\u2026 somos una forma de ser.<\/p>\n","protected":false},"excerpt":{"rendered":"<p>Hay movimientos que nacen desde la reacci\u00f3n\u2026 y hay otros que nacen desde una comprensi\u00f3n m\u00e1s profunda. Apacigua pertenece a [&hellip;]<\/p>\n","protected":false},"author":1,"featured_media":3482,"comment_status":"open","ping_status":"open","sticky":false,"template":"","format":"standard","meta":{"site-sidebar-layout":"default","site-content-layout":"","ast-site-content-layout":"","site-content-style":"default","site-sidebar-style":"default","ast-global-header-display":"","ast-banner-title-visibility":"","ast-main-header-display":"","ast-hfb-above-header-display":"","ast-hfb-below-header-display":"","ast-hfb-mobile-header-display":"","site-post-title":"","ast-breadcrumbs-content":"","ast-featured-img":"","footer-sml-layout":"","theme-transparent-header-meta":"","adv-header-id-meta":"","stick-header-meta":"","header-above-stick-meta":"","header-main-stick-meta":"","header-below-stick-meta":"","astra-migrate-meta-layouts":"default","ast-page-background-enabled":"default","ast-page-background-meta":{"desktop":{"background-color":"var(--ast-global-color-5)","background-image":"","background-repeat":"repeat","background-position":"center center","background-size":"auto","background-attachment":"scroll","background-type":"","background-media":"","overlay-type":"","overlay-color":"","overlay-opacity":"","overlay-gradient":""},"tablet":{"background-color":"","background-image":"","background-repeat":"repeat","background-position":"center center","background-size":"auto","background-attachment":"scroll","background-type":"","background-media":"","overlay-type":"","overlay-color":"","overlay-opacity":"","overlay-gradient":""},"mobile":{"background-color":"","background-image":"","background-repeat":"repeat","background-position":"center center","background-size":"auto","background-attachment":"scroll","background-type":"","background-media":"","overlay-type":"","overlay-color":"","overlay-opacity":"","overlay-gradient":""}},"ast-content-background-meta":{"desktop":{"background-color":"var(--ast-global-color-4)","background-image":"","background-repeat":"repeat","background-position":"center center","background-size":"auto","background-attachment":"scroll","background-type":"","background-media":"","overlay-type":"","overlay-color":"","overlay-opacity":"","overlay-gradient":""},"tablet":{"background-color":"var(--ast-global-color-4)","background-image":"","background-repeat":"repeat","background-position":"center center","background-size":"auto","background-attachment":"scroll","background-type":"","background-media":"","overlay-type":"","overlay-color":"","overlay-opacity":"","overlay-gradient":""},"mobile":{"background-color":"var(--ast-global-color-4)","background-image":"","background-repeat":"repeat","background-position":"center center","background-size":"auto","background-attachment":"scroll","background-type":"","background-media":"","overlay-type":"","overlay-color":"","overlay-opacity":"","overlay-gradient":""}},"footnotes":""},"categories":[9],"tags":[],"class_list":["post-3479","post","type-post","status-publish","format-standard","has-post-thumbnail","hentry","category-mis-escritos"],"yoast_head":"<!-- This site is optimized with the Yoast SEO plugin v26.0 - https:\/\/yoast.com\/wordpress\/plugins\/seo\/ -->\n<title>Vinimos para quedarnos - MI BLOG<\/title>\n<meta name=\"robots\" content=\"index, follow, max-snippet:-1, max-image-preview:large, max-video-preview:-1\" \/>\n<link rel=\"canonical\" href=\"https:\/\/viniciojarquin.com\/blog\/vinimos-para-quedarnos\/\" \/>\n<meta property=\"og:locale\" content=\"es_ES\" \/>\n<meta property=\"og:type\" content=\"article\" \/>\n<meta property=\"og:title\" content=\"Vinimos para quedarnos - MI BLOG\" \/>\n<meta property=\"og:description\" content=\"Hay movimientos que nacen desde la reacci\u00f3n\u2026 y hay otros que nacen desde una comprensi\u00f3n m\u00e1s profunda. Apacigua pertenece a [&hellip;]\" \/>\n<meta property=\"og:url\" content=\"https:\/\/viniciojarquin.com\/blog\/vinimos-para-quedarnos\/\" \/>\n<meta property=\"og:site_name\" content=\"MI BLOG\" \/>\n<meta property=\"article:publisher\" content=\"https:\/\/www.facebook.com\/vinicio.jarquin\" \/>\n<meta property=\"article:author\" content=\"https:\/\/www.facebook.com\/vinicio.jarquin\" \/>\n<meta property=\"article:published_time\" content=\"2026-04-19T01:36:39+00:00\" \/>\n<meta property=\"article:modified_time\" content=\"2026-04-19T01:38:22+00:00\" \/>\n<meta property=\"og:image\" content=\"https:\/\/viniciojarquin.com\/blog\/wp-content\/uploads\/2026\/04\/Vinimos-para-quedarnos.png\" \/>\n\t<meta property=\"og:image:width\" content=\"800\" \/>\n\t<meta property=\"og:image:height\" content=\"350\" \/>\n\t<meta property=\"og:image:type\" content=\"image\/png\" \/>\n<meta name=\"author\" content=\"Vinicio Jarqu\u00edn\" \/>\n<meta name=\"twitter:card\" content=\"summary_large_image\" \/>\n<meta name=\"twitter:label1\" content=\"Escrito por\" \/>\n\t<meta name=\"twitter:data1\" content=\"Vinicio Jarqu\u00edn\" \/>\n\t<meta name=\"twitter:label2\" content=\"Tiempo de lectura\" \/>\n\t<meta name=\"twitter:data2\" content=\"3 minutos\" \/>\n<script type=\"application\/ld+json\" class=\"yoast-schema-graph\">{\"@context\":\"https:\/\/schema.org\",\"@graph\":[{\"@type\":\"Article\",\"@id\":\"https:\/\/viniciojarquin.com\/blog\/vinimos-para-quedarnos\/#article\",\"isPartOf\":{\"@id\":\"https:\/\/viniciojarquin.com\/blog\/vinimos-para-quedarnos\/\"},\"author\":{\"name\":\"Vinicio Jarqu\u00edn\",\"@id\":\"https:\/\/viniciojarquin.com\/blog\/#\/schema\/person\/90100c8845ae55462ec0657d3d2f8d3b\"},\"headline\":\"Vinimos para quedarnos\",\"datePublished\":\"2026-04-19T01:36:39+00:00\",\"dateModified\":\"2026-04-19T01:38:22+00:00\",\"mainEntityOfPage\":{\"@id\":\"https:\/\/viniciojarquin.com\/blog\/vinimos-para-quedarnos\/\"},\"wordCount\":577,\"commentCount\":0,\"publisher\":{\"@id\":\"https:\/\/viniciojarquin.com\/blog\/#\/schema\/person\/90100c8845ae55462ec0657d3d2f8d3b\"},\"image\":{\"@id\":\"https:\/\/viniciojarquin.com\/blog\/vinimos-para-quedarnos\/#primaryimage\"},\"thumbnailUrl\":\"https:\/\/viniciojarquin.com\/blog\/wp-content\/uploads\/2026\/04\/Vinimos-para-quedarnos.png\",\"articleSection\":[\"Escritos generales\"],\"inLanguage\":\"es\",\"potentialAction\":[{\"@type\":\"CommentAction\",\"name\":\"Comment\",\"target\":[\"https:\/\/viniciojarquin.com\/blog\/vinimos-para-quedarnos\/#respond\"]}]},{\"@type\":\"WebPage\",\"@id\":\"https:\/\/viniciojarquin.com\/blog\/vinimos-para-quedarnos\/\",\"url\":\"https:\/\/viniciojarquin.com\/blog\/vinimos-para-quedarnos\/\",\"name\":\"Vinimos para quedarnos - MI BLOG\",\"isPartOf\":{\"@id\":\"https:\/\/viniciojarquin.com\/blog\/#website\"},\"primaryImageOfPage\":{\"@id\":\"https:\/\/viniciojarquin.com\/blog\/vinimos-para-quedarnos\/#primaryimage\"},\"image\":{\"@id\":\"https:\/\/viniciojarquin.com\/blog\/vinimos-para-quedarnos\/#primaryimage\"},\"thumbnailUrl\":\"https:\/\/viniciojarquin.com\/blog\/wp-content\/uploads\/2026\/04\/Vinimos-para-quedarnos.png\",\"datePublished\":\"2026-04-19T01:36:39+00:00\",\"dateModified\":\"2026-04-19T01:38:22+00:00\",\"breadcrumb\":{\"@id\":\"https:\/\/viniciojarquin.com\/blog\/vinimos-para-quedarnos\/#breadcrumb\"},\"inLanguage\":\"es\",\"potentialAction\":[{\"@type\":\"ReadAction\",\"target\":[\"https:\/\/viniciojarquin.com\/blog\/vinimos-para-quedarnos\/\"]}]},{\"@type\":\"ImageObject\",\"inLanguage\":\"es\",\"@id\":\"https:\/\/viniciojarquin.com\/blog\/vinimos-para-quedarnos\/#primaryimage\",\"url\":\"https:\/\/viniciojarquin.com\/blog\/wp-content\/uploads\/2026\/04\/Vinimos-para-quedarnos.png\",\"contentUrl\":\"https:\/\/viniciojarquin.com\/blog\/wp-content\/uploads\/2026\/04\/Vinimos-para-quedarnos.png\",\"width\":800,\"height\":350},{\"@type\":\"BreadcrumbList\",\"@id\":\"https:\/\/viniciojarquin.com\/blog\/vinimos-para-quedarnos\/#breadcrumb\",\"itemListElement\":[{\"@type\":\"ListItem\",\"position\":1,\"name\":\"Portada\",\"item\":\"https:\/\/viniciojarquin.com\/blog\/\"},{\"@type\":\"ListItem\",\"position\":2,\"name\":\"Vinimos para quedarnos\"}]},{\"@type\":\"WebSite\",\"@id\":\"https:\/\/viniciojarquin.com\/blog\/#website\",\"url\":\"https:\/\/viniciojarquin.com\/blog\/\",\"name\":\"Vinicio Jarqu\u00edn BLOG\",\"description\":\"\",\"publisher\":{\"@id\":\"https:\/\/viniciojarquin.com\/blog\/#\/schema\/person\/90100c8845ae55462ec0657d3d2f8d3b\"},\"potentialAction\":[{\"@type\":\"SearchAction\",\"target\":{\"@type\":\"EntryPoint\",\"urlTemplate\":\"https:\/\/viniciojarquin.com\/blog\/?s={search_term_string}\"},\"query-input\":{\"@type\":\"PropertyValueSpecification\",\"valueRequired\":true,\"valueName\":\"search_term_string\"}}],\"inLanguage\":\"es\"},{\"@type\":[\"Person\",\"Organization\"],\"@id\":\"https:\/\/viniciojarquin.com\/blog\/#\/schema\/person\/90100c8845ae55462ec0657d3d2f8d3b\",\"name\":\"Vinicio Jarqu\u00edn\",\"image\":{\"@type\":\"ImageObject\",\"inLanguage\":\"es\",\"@id\":\"https:\/\/viniciojarquin.com\/blog\/#\/schema\/person\/image\/\",\"url\":\"https:\/\/viniciojarquin.com\/blog\/wp-content\/uploads\/2024\/10\/Logo-VinicioJarquin-original-400.png\",\"contentUrl\":\"https:\/\/viniciojarquin.com\/blog\/wp-content\/uploads\/2024\/10\/Logo-VinicioJarquin-original-400.png\",\"width\":400,\"height\":130,\"caption\":\"Vinicio Jarqu\u00edn\"},\"logo\":{\"@id\":\"https:\/\/viniciojarquin.com\/blog\/#\/schema\/person\/image\/\"},\"description\":\"Empresario textil, artista pl\u00e1stico, escritor, coach de vida y fot\u00f3grafo.\",\"sameAs\":[\"https:\/\/viniciojarquin.com\/blog\",\"https:\/\/www.facebook.com\/vinicio.jarquin\",\"https:\/\/www.instagram.com\/vinicio_jarquin\/\",\"https:\/\/www.pinterest.com\/vinnyjc\/\",\"https:\/\/www.youtube.com\/@VinicioJarquin\"],\"url\":\"https:\/\/viniciojarquin.com\/blog\/author\/admin_s02au25i\/\"}]}<\/script>\n<!-- \/ Yoast SEO plugin. -->","yoast_head_json":{"title":"Vinimos para quedarnos - MI BLOG","robots":{"index":"index","follow":"follow","max-snippet":"max-snippet:-1","max-image-preview":"max-image-preview:large","max-video-preview":"max-video-preview:-1"},"canonical":"https:\/\/viniciojarquin.com\/blog\/vinimos-para-quedarnos\/","og_locale":"es_ES","og_type":"article","og_title":"Vinimos para quedarnos - MI BLOG","og_description":"Hay movimientos que nacen desde la reacci\u00f3n\u2026 y hay otros que nacen desde una comprensi\u00f3n m\u00e1s profunda. Apacigua pertenece a [&hellip;]","og_url":"https:\/\/viniciojarquin.com\/blog\/vinimos-para-quedarnos\/","og_site_name":"MI BLOG","article_publisher":"https:\/\/www.facebook.com\/vinicio.jarquin","article_author":"https:\/\/www.facebook.com\/vinicio.jarquin","article_published_time":"2026-04-19T01:36:39+00:00","article_modified_time":"2026-04-19T01:38:22+00:00","og_image":[{"width":800,"height":350,"url":"https:\/\/viniciojarquin.com\/blog\/wp-content\/uploads\/2026\/04\/Vinimos-para-quedarnos.png","type":"image\/png"}],"author":"Vinicio Jarqu\u00edn","twitter_card":"summary_large_image","twitter_misc":{"Escrito por":"Vinicio Jarqu\u00edn","Tiempo de lectura":"3 minutos"},"schema":{"@context":"https:\/\/schema.org","@graph":[{"@type":"Article","@id":"https:\/\/viniciojarquin.com\/blog\/vinimos-para-quedarnos\/#article","isPartOf":{"@id":"https:\/\/viniciojarquin.com\/blog\/vinimos-para-quedarnos\/"},"author":{"name":"Vinicio Jarqu\u00edn","@id":"https:\/\/viniciojarquin.com\/blog\/#\/schema\/person\/90100c8845ae55462ec0657d3d2f8d3b"},"headline":"Vinimos para quedarnos","datePublished":"2026-04-19T01:36:39+00:00","dateModified":"2026-04-19T01:38:22+00:00","mainEntityOfPage":{"@id":"https:\/\/viniciojarquin.com\/blog\/vinimos-para-quedarnos\/"},"wordCount":577,"commentCount":0,"publisher":{"@id":"https:\/\/viniciojarquin.com\/blog\/#\/schema\/person\/90100c8845ae55462ec0657d3d2f8d3b"},"image":{"@id":"https:\/\/viniciojarquin.com\/blog\/vinimos-para-quedarnos\/#primaryimage"},"thumbnailUrl":"https:\/\/viniciojarquin.com\/blog\/wp-content\/uploads\/2026\/04\/Vinimos-para-quedarnos.png","articleSection":["Escritos generales"],"inLanguage":"es","potentialAction":[{"@type":"CommentAction","name":"Comment","target":["https:\/\/viniciojarquin.com\/blog\/vinimos-para-quedarnos\/#respond"]}]},{"@type":"WebPage","@id":"https:\/\/viniciojarquin.com\/blog\/vinimos-para-quedarnos\/","url":"https:\/\/viniciojarquin.com\/blog\/vinimos-para-quedarnos\/","name":"Vinimos para quedarnos - MI BLOG","isPartOf":{"@id":"https:\/\/viniciojarquin.com\/blog\/#website"},"primaryImageOfPage":{"@id":"https:\/\/viniciojarquin.com\/blog\/vinimos-para-quedarnos\/#primaryimage"},"image":{"@id":"https:\/\/viniciojarquin.com\/blog\/vinimos-para-quedarnos\/#primaryimage"},"thumbnailUrl":"https:\/\/viniciojarquin.com\/blog\/wp-content\/uploads\/2026\/04\/Vinimos-para-quedarnos.png","datePublished":"2026-04-19T01:36:39+00:00","dateModified":"2026-04-19T01:38:22+00:00","breadcrumb":{"@id":"https:\/\/viniciojarquin.com\/blog\/vinimos-para-quedarnos\/#breadcrumb"},"inLanguage":"es","potentialAction":[{"@type":"ReadAction","target":["https:\/\/viniciojarquin.com\/blog\/vinimos-para-quedarnos\/"]}]},{"@type":"ImageObject","inLanguage":"es","@id":"https:\/\/viniciojarquin.com\/blog\/vinimos-para-quedarnos\/#primaryimage","url":"https:\/\/viniciojarquin.com\/blog\/wp-content\/uploads\/2026\/04\/Vinimos-para-quedarnos.png","contentUrl":"https:\/\/viniciojarquin.com\/blog\/wp-content\/uploads\/2026\/04\/Vinimos-para-quedarnos.png","width":800,"height":350},{"@type":"BreadcrumbList","@id":"https:\/\/viniciojarquin.com\/blog\/vinimos-para-quedarnos\/#breadcrumb","itemListElement":[{"@type":"ListItem","position":1,"name":"Portada","item":"https:\/\/viniciojarquin.com\/blog\/"},{"@type":"ListItem","position":2,"name":"Vinimos para quedarnos"}]},{"@type":"WebSite","@id":"https:\/\/viniciojarquin.com\/blog\/#website","url":"https:\/\/viniciojarquin.com\/blog\/","name":"Vinicio Jarqu\u00edn BLOG","description":"","publisher":{"@id":"https:\/\/viniciojarquin.com\/blog\/#\/schema\/person\/90100c8845ae55462ec0657d3d2f8d3b"},"potentialAction":[{"@type":"SearchAction","target":{"@type":"EntryPoint","urlTemplate":"https:\/\/viniciojarquin.com\/blog\/?s={search_term_string}"},"query-input":{"@type":"PropertyValueSpecification","valueRequired":true,"valueName":"search_term_string"}}],"inLanguage":"es"},{"@type":["Person","Organization"],"@id":"https:\/\/viniciojarquin.com\/blog\/#\/schema\/person\/90100c8845ae55462ec0657d3d2f8d3b","name":"Vinicio Jarqu\u00edn","image":{"@type":"ImageObject","inLanguage":"es","@id":"https:\/\/viniciojarquin.com\/blog\/#\/schema\/person\/image\/","url":"https:\/\/viniciojarquin.com\/blog\/wp-content\/uploads\/2024\/10\/Logo-VinicioJarquin-original-400.png","contentUrl":"https:\/\/viniciojarquin.com\/blog\/wp-content\/uploads\/2024\/10\/Logo-VinicioJarquin-original-400.png","width":400,"height":130,"caption":"Vinicio Jarqu\u00edn"},"logo":{"@id":"https:\/\/viniciojarquin.com\/blog\/#\/schema\/person\/image\/"},"description":"Empresario textil, artista pl\u00e1stico, escritor, coach de vida y fot\u00f3grafo.","sameAs":["https:\/\/viniciojarquin.com\/blog","https:\/\/www.facebook.com\/vinicio.jarquin","https:\/\/www.instagram.com\/vinicio_jarquin\/","https:\/\/www.pinterest.com\/vinnyjc\/","https:\/\/www.youtube.com\/@VinicioJarquin"],"url":"https:\/\/viniciojarquin.com\/blog\/author\/admin_s02au25i\/"}]}},"blog_post_layout_featured_media_urls":{"thumbnail":["https:\/\/viniciojarquin.com\/blog\/wp-content\/uploads\/2026\/04\/Vinimos-para-quedarnos-150x150.png",150,150,true],"full":["https:\/\/viniciojarquin.com\/blog\/wp-content\/uploads\/2026\/04\/Vinimos-para-quedarnos.png",800,350,false]},"categories_names":{"9":{"name":"Escritos generales","link":"https:\/\/viniciojarquin.com\/blog\/category\/mis-escritos\/"}},"tags_names":[],"comments_number":"0","_links":{"self":[{"href":"https:\/\/viniciojarquin.com\/blog\/wp-json\/wp\/v2\/posts\/3479","targetHints":{"allow":["GET"]}}],"collection":[{"href":"https:\/\/viniciojarquin.com\/blog\/wp-json\/wp\/v2\/posts"}],"about":[{"href":"https:\/\/viniciojarquin.com\/blog\/wp-json\/wp\/v2\/types\/post"}],"author":[{"embeddable":true,"href":"https:\/\/viniciojarquin.com\/blog\/wp-json\/wp\/v2\/users\/1"}],"replies":[{"embeddable":true,"href":"https:\/\/viniciojarquin.com\/blog\/wp-json\/wp\/v2\/comments?post=3479"}],"version-history":[{"count":2,"href":"https:\/\/viniciojarquin.com\/blog\/wp-json\/wp\/v2\/posts\/3479\/revisions"}],"predecessor-version":[{"id":3483,"href":"https:\/\/viniciojarquin.com\/blog\/wp-json\/wp\/v2\/posts\/3479\/revisions\/3483"}],"wp:featuredmedia":[{"embeddable":true,"href":"https:\/\/viniciojarquin.com\/blog\/wp-json\/wp\/v2\/media\/3482"}],"wp:attachment":[{"href":"https:\/\/viniciojarquin.com\/blog\/wp-json\/wp\/v2\/media?parent=3479"}],"wp:term":[{"taxonomy":"category","embeddable":true,"href":"https:\/\/viniciojarquin.com\/blog\/wp-json\/wp\/v2\/categories?post=3479"},{"taxonomy":"post_tag","embeddable":true,"href":"https:\/\/viniciojarquin.com\/blog\/wp-json\/wp\/v2\/tags?post=3479"}],"curies":[{"name":"wp","href":"https:\/\/api.w.org\/{rel}","templated":true}]}}