{"id":3484,"date":"2026-04-19T01:41:58","date_gmt":"2026-04-19T01:41:58","guid":{"rendered":"https:\/\/viniciojarquin.com\/blog\/?p=3484"},"modified":"2026-04-19T06:34:24","modified_gmt":"2026-04-19T06:34:24","slug":"cuando-el-reconocimiento-trasciende-la-politica","status":"publish","type":"post","link":"https:\/\/viniciojarquin.com\/blog\/cuando-el-reconocimiento-trasciende-la-politica\/","title":{"rendered":"Cuando el reconocimiento trasciende la pol\u00edtica"},"content":{"rendered":"\n<figure class=\"wp-block-image size-full\"><img decoding=\"async\" width=\"800\" height=\"350\" data-src=\"https:\/\/viniciojarquin.com\/blog\/wp-content\/uploads\/2026\/04\/Cuando-el-reconocimiento-trasciente-la-politica.png\" alt=\"\" class=\"wp-image-3485 lazyload\" data-srcset=\"https:\/\/viniciojarquin.com\/blog\/wp-content\/uploads\/2026\/04\/Cuando-el-reconocimiento-trasciente-la-politica.png 800w, https:\/\/viniciojarquin.com\/blog\/wp-content\/uploads\/2026\/04\/Cuando-el-reconocimiento-trasciente-la-politica-300x131.png 300w, https:\/\/viniciojarquin.com\/blog\/wp-content\/uploads\/2026\/04\/Cuando-el-reconocimiento-trasciente-la-politica-768x336.png 768w\" data-sizes=\"(max-width: 800px) 100vw, 800px\" src=\"data:image\/svg+xml;base64,PHN2ZyB3aWR0aD0iMSIgaGVpZ2h0PSIxIiB4bWxucz0iaHR0cDovL3d3dy53My5vcmcvMjAwMC9zdmciPjwvc3ZnPg==\" style=\"--smush-placeholder-width: 800px; --smush-placeholder-aspect-ratio: 800\/350;\" \/><\/figure>\n\n\n\n<p>Me entero, seg\u00fan publica CRHoy, que diputados del Partido Unidad Social Cristiana impulsan un proyecto para que la Cl\u00ednica Oftalmol\u00f3gica de la Caja Costarricense de Seguro Social lleve el nombre de la ex primera dama Lorena Clare Facio. Y m\u00e1s all\u00e1 del origen pol\u00edtico de la iniciativa \u2014que siempre genera lecturas, interpretaciones y posiciones\u2014 hay algo que, desde un espacio c\u00edvico, merece ser observado con otra mirada, una m\u00e1s serena, m\u00e1s justa y m\u00e1s humana.<\/p>\n\n\n\n<p>Porque no todo reconocimiento debe ser le\u00eddo desde la pol\u00edtica.<\/p>\n\n\n\n<p>A veces, simplemente es eso: reconocimiento.<\/p>\n\n\n\n<p>Reconocimiento a una trayectoria, a un aporte, a una huella que qued\u00f3 en la vida de muchas personas, especialmente en aquellas que pocas veces tienen voz, acceso o visibilidad. Y en ese sentido, lo que se plantea no es menor. No se trata de un nombre colocado al azar, ni de un gesto vac\u00edo, sino de una forma de honrar un trabajo que, seg\u00fan la misma informaci\u00f3n publicada, estuvo profundamente ligado al impulso de la atenci\u00f3n oftalmol\u00f3gica en el pa\u00eds, al trabajo con poblaciones vulnerables y a la construcci\u00f3n de iniciativas que hoy siguen teniendo impacto.<\/p>\n\n\n\n<p>Y ah\u00ed es donde la conversaci\u00f3n cambia.<\/p>\n\n\n\n<p>Porque cuando el reconocimiento se basa en el aporte real, en el servicio, en el impacto positivo en la vida de otros, deja de importar tanto qui\u00e9n propone la idea, y empieza a importar por qu\u00e9 se propone. Y en este caso, al menos desde lo que se conoce p\u00fablicamente, hay razones suficientes para que ese nombre no sea solo simb\u00f3lico, sino tambi\u00e9n representativo de una etapa de trabajo que dej\u00f3 resultados.<\/p>\n\n\n\n<p>Desde un espacio como Apacigua tu ser interior, que intenta mantenerse en una l\u00ednea de ciudadan\u00eda consciente, esto no se trata de respaldar a un partido, ni de alinearse con una agenda pol\u00edtica espec\u00edfica. Se trata de algo mucho m\u00e1s simple, pero tambi\u00e9n m\u00e1s profundo: reconocer cuando algo es justo, cuando algo tiene sentido, cuando algo honra el bien hecho.<\/p>\n\n\n\n<p>Y s\u00ed, tambi\u00e9n se vale decirlo con cari\u00f1o.<\/p>\n\n\n\n<p>Porque detr\u00e1s del nombre hay una persona. Una mujer que, en su momento, utiliz\u00f3 una posici\u00f3n de influencia para impulsar proyectos en beneficio de otros. Y eso, en tiempos donde muchas veces lo que se recuerda son los errores, las pol\u00e9micas o los conflictos, tambi\u00e9n merece espacio.<\/p>\n\n\n\n<p>Un espacio de reconocimiento. Un espacio de gratitud. Un espacio de memoria.<\/p>\n\n\n\n<p>Apoyar este tipo de iniciativas no deber\u00eda dividir. Deber\u00eda, m\u00e1s bien, unirnos en algo b\u00e1sico: la capacidad de reconocer el bien cuando se ha hecho, venga de donde venga.<\/p>\n\n\n\n<p>Porque al final, m\u00e1s all\u00e1 de la pol\u00edtica, lo que queda es el impacto en la gente.<\/p>\n\n\n\n<p>Y cuando ese impacto existe\u2026 merece ser nombrado.<\/p>\n","protected":false},"excerpt":{"rendered":"<p>Me entero, seg\u00fan publica CRHoy, que diputados del Partido Unidad Social Cristiana impulsan un proyecto para que la Cl\u00ednica Oftalmol\u00f3gica [&hellip;]<\/p>\n","protected":false},"author":1,"featured_media":3485,"comment_status":"open","ping_status":"open","sticky":false,"template":"","format":"standard","meta":{"site-sidebar-layout":"default","site-content-layout":"","ast-site-content-layout":"","site-content-style":"default","site-sidebar-style":"default","ast-global-header-display":"","ast-banner-title-visibility":"","ast-main-header-display":"","ast-hfb-above-header-display":"","ast-hfb-below-header-display":"","ast-hfb-mobile-header-display":"","site-post-title":"","ast-breadcrumbs-content":"","ast-featured-img":"","footer-sml-layout":"","theme-transparent-header-meta":"","adv-header-id-meta":"","stick-header-meta":"","header-above-stick-meta":"","header-main-stick-meta":"","header-below-stick-meta":"","astra-migrate-meta-layouts":"default","ast-page-background-enabled":"default","ast-page-background-meta":{"desktop":{"background-color":"var(--ast-global-color-5)","background-image":"","background-repeat":"repeat","background-position":"center center","background-size":"auto","background-attachment":"scroll","background-type":"","background-media":"","overlay-type":"","overlay-color":"","overlay-opacity":"","overlay-gradient":""},"tablet":{"background-color":"","background-image":"","background-repeat":"repeat","background-position":"center center","background-size":"auto","background-attachment":"scroll","background-type":"","background-media":"","overlay-type":"","overlay-color":"","overlay-opacity":"","overlay-gradient":""},"mobile":{"background-color":"","background-image":"","background-repeat":"repeat","background-position":"center center","background-size":"auto","background-attachment":"scroll","background-type":"","background-media":"","overlay-type":"","overlay-color":"","overlay-opacity":"","overlay-gradient":""}},"ast-content-background-meta":{"desktop":{"background-color":"var(--ast-global-color-4)","background-image":"","background-repeat":"repeat","background-position":"center center","background-size":"auto","background-attachment":"scroll","background-type":"","background-media":"","overlay-type":"","overlay-color":"","overlay-opacity":"","overlay-gradient":""},"tablet":{"background-color":"var(--ast-global-color-4)","background-image":"","background-repeat":"repeat","background-position":"center center","background-size":"auto","background-attachment":"scroll","background-type":"","background-media":"","overlay-type":"","overlay-color":"","overlay-opacity":"","overlay-gradient":""},"mobile":{"background-color":"var(--ast-global-color-4)","background-image":"","background-repeat":"repeat","background-position":"center center","background-size":"auto","background-attachment":"scroll","background-type":"","background-media":"","overlay-type":"","overlay-color":"","overlay-opacity":"","overlay-gradient":""}},"footnotes":""},"categories":[9],"tags":[],"class_list":["post-3484","post","type-post","status-publish","format-standard","has-post-thumbnail","hentry","category-mis-escritos"],"yoast_head":"<!-- This site is optimized with the Yoast SEO plugin v26.0 - https:\/\/yoast.com\/wordpress\/plugins\/seo\/ -->\n<title>Cuando el reconocimiento trasciende la pol\u00edtica - MI BLOG<\/title>\n<meta name=\"robots\" content=\"index, follow, max-snippet:-1, max-image-preview:large, max-video-preview:-1\" \/>\n<link rel=\"canonical\" href=\"https:\/\/viniciojarquin.com\/blog\/cuando-el-reconocimiento-trasciende-la-politica\/\" \/>\n<meta property=\"og:locale\" content=\"es_ES\" \/>\n<meta property=\"og:type\" content=\"article\" \/>\n<meta property=\"og:title\" content=\"Cuando el reconocimiento trasciende la pol\u00edtica - MI BLOG\" \/>\n<meta property=\"og:description\" content=\"Me entero, seg\u00fan publica CRHoy, que diputados del Partido Unidad Social Cristiana impulsan un proyecto para que la Cl\u00ednica Oftalmol\u00f3gica [&hellip;]\" \/>\n<meta property=\"og:url\" content=\"https:\/\/viniciojarquin.com\/blog\/cuando-el-reconocimiento-trasciende-la-politica\/\" \/>\n<meta property=\"og:site_name\" content=\"MI BLOG\" \/>\n<meta property=\"article:publisher\" content=\"https:\/\/www.facebook.com\/vinicio.jarquin\" \/>\n<meta property=\"article:author\" content=\"https:\/\/www.facebook.com\/vinicio.jarquin\" \/>\n<meta property=\"article:published_time\" content=\"2026-04-19T01:41:58+00:00\" \/>\n<meta property=\"article:modified_time\" content=\"2026-04-19T06:34:24+00:00\" \/>\n<meta property=\"og:image\" content=\"https:\/\/viniciojarquin.com\/blog\/wp-content\/uploads\/2026\/04\/Cuando-el-reconocimiento-trasciente-la-politica.png\" \/>\n\t<meta property=\"og:image:width\" content=\"800\" \/>\n\t<meta property=\"og:image:height\" content=\"350\" \/>\n\t<meta property=\"og:image:type\" content=\"image\/png\" \/>\n<meta name=\"author\" content=\"Vinicio Jarqu\u00edn\" \/>\n<meta name=\"twitter:card\" content=\"summary_large_image\" \/>\n<meta name=\"twitter:label1\" content=\"Escrito por\" \/>\n\t<meta name=\"twitter:data1\" content=\"Vinicio Jarqu\u00edn\" \/>\n\t<meta name=\"twitter:label2\" content=\"Tiempo de lectura\" \/>\n\t<meta name=\"twitter:data2\" content=\"3 minutos\" \/>\n<script type=\"application\/ld+json\" class=\"yoast-schema-graph\">{\"@context\":\"https:\/\/schema.org\",\"@graph\":[{\"@type\":\"Article\",\"@id\":\"https:\/\/viniciojarquin.com\/blog\/cuando-el-reconocimiento-trasciende-la-politica\/#article\",\"isPartOf\":{\"@id\":\"https:\/\/viniciojarquin.com\/blog\/cuando-el-reconocimiento-trasciende-la-politica\/\"},\"author\":{\"name\":\"Vinicio Jarqu\u00edn\",\"@id\":\"https:\/\/viniciojarquin.com\/blog\/#\/schema\/person\/90100c8845ae55462ec0657d3d2f8d3b\"},\"headline\":\"Cuando el reconocimiento trasciende la pol\u00edtica\",\"datePublished\":\"2026-04-19T01:41:58+00:00\",\"dateModified\":\"2026-04-19T06:34:24+00:00\",\"mainEntityOfPage\":{\"@id\":\"https:\/\/viniciojarquin.com\/blog\/cuando-el-reconocimiento-trasciende-la-politica\/\"},\"wordCount\":496,\"commentCount\":0,\"publisher\":{\"@id\":\"https:\/\/viniciojarquin.com\/blog\/#\/schema\/person\/90100c8845ae55462ec0657d3d2f8d3b\"},\"image\":{\"@id\":\"https:\/\/viniciojarquin.com\/blog\/cuando-el-reconocimiento-trasciende-la-politica\/#primaryimage\"},\"thumbnailUrl\":\"https:\/\/viniciojarquin.com\/blog\/wp-content\/uploads\/2026\/04\/Cuando-el-reconocimiento-trasciente-la-politica.png\",\"articleSection\":[\"Escritos generales\"],\"inLanguage\":\"es\",\"potentialAction\":[{\"@type\":\"CommentAction\",\"name\":\"Comment\",\"target\":[\"https:\/\/viniciojarquin.com\/blog\/cuando-el-reconocimiento-trasciende-la-politica\/#respond\"]}]},{\"@type\":\"WebPage\",\"@id\":\"https:\/\/viniciojarquin.com\/blog\/cuando-el-reconocimiento-trasciende-la-politica\/\",\"url\":\"https:\/\/viniciojarquin.com\/blog\/cuando-el-reconocimiento-trasciende-la-politica\/\",\"name\":\"Cuando el reconocimiento trasciende la pol\u00edtica - MI BLOG\",\"isPartOf\":{\"@id\":\"https:\/\/viniciojarquin.com\/blog\/#website\"},\"primaryImageOfPage\":{\"@id\":\"https:\/\/viniciojarquin.com\/blog\/cuando-el-reconocimiento-trasciende-la-politica\/#primaryimage\"},\"image\":{\"@id\":\"https:\/\/viniciojarquin.com\/blog\/cuando-el-reconocimiento-trasciende-la-politica\/#primaryimage\"},\"thumbnailUrl\":\"https:\/\/viniciojarquin.com\/blog\/wp-content\/uploads\/2026\/04\/Cuando-el-reconocimiento-trasciente-la-politica.png\",\"datePublished\":\"2026-04-19T01:41:58+00:00\",\"dateModified\":\"2026-04-19T06:34:24+00:00\",\"breadcrumb\":{\"@id\":\"https:\/\/viniciojarquin.com\/blog\/cuando-el-reconocimiento-trasciende-la-politica\/#breadcrumb\"},\"inLanguage\":\"es\",\"potentialAction\":[{\"@type\":\"ReadAction\",\"target\":[\"https:\/\/viniciojarquin.com\/blog\/cuando-el-reconocimiento-trasciende-la-politica\/\"]}]},{\"@type\":\"ImageObject\",\"inLanguage\":\"es\",\"@id\":\"https:\/\/viniciojarquin.com\/blog\/cuando-el-reconocimiento-trasciende-la-politica\/#primaryimage\",\"url\":\"https:\/\/viniciojarquin.com\/blog\/wp-content\/uploads\/2026\/04\/Cuando-el-reconocimiento-trasciente-la-politica.png\",\"contentUrl\":\"https:\/\/viniciojarquin.com\/blog\/wp-content\/uploads\/2026\/04\/Cuando-el-reconocimiento-trasciente-la-politica.png\",\"width\":800,\"height\":350},{\"@type\":\"BreadcrumbList\",\"@id\":\"https:\/\/viniciojarquin.com\/blog\/cuando-el-reconocimiento-trasciende-la-politica\/#breadcrumb\",\"itemListElement\":[{\"@type\":\"ListItem\",\"position\":1,\"name\":\"Portada\",\"item\":\"https:\/\/viniciojarquin.com\/blog\/\"},{\"@type\":\"ListItem\",\"position\":2,\"name\":\"Cuando el reconocimiento trasciende la pol\u00edtica\"}]},{\"@type\":\"WebSite\",\"@id\":\"https:\/\/viniciojarquin.com\/blog\/#website\",\"url\":\"https:\/\/viniciojarquin.com\/blog\/\",\"name\":\"Vinicio Jarqu\u00edn BLOG\",\"description\":\"\",\"publisher\":{\"@id\":\"https:\/\/viniciojarquin.com\/blog\/#\/schema\/person\/90100c8845ae55462ec0657d3d2f8d3b\"},\"potentialAction\":[{\"@type\":\"SearchAction\",\"target\":{\"@type\":\"EntryPoint\",\"urlTemplate\":\"https:\/\/viniciojarquin.com\/blog\/?s={search_term_string}\"},\"query-input\":{\"@type\":\"PropertyValueSpecification\",\"valueRequired\":true,\"valueName\":\"search_term_string\"}}],\"inLanguage\":\"es\"},{\"@type\":[\"Person\",\"Organization\"],\"@id\":\"https:\/\/viniciojarquin.com\/blog\/#\/schema\/person\/90100c8845ae55462ec0657d3d2f8d3b\",\"name\":\"Vinicio Jarqu\u00edn\",\"image\":{\"@type\":\"ImageObject\",\"inLanguage\":\"es\",\"@id\":\"https:\/\/viniciojarquin.com\/blog\/#\/schema\/person\/image\/\",\"url\":\"https:\/\/viniciojarquin.com\/blog\/wp-content\/uploads\/2024\/10\/Logo-VinicioJarquin-original-400.png\",\"contentUrl\":\"https:\/\/viniciojarquin.com\/blog\/wp-content\/uploads\/2024\/10\/Logo-VinicioJarquin-original-400.png\",\"width\":400,\"height\":130,\"caption\":\"Vinicio Jarqu\u00edn\"},\"logo\":{\"@id\":\"https:\/\/viniciojarquin.com\/blog\/#\/schema\/person\/image\/\"},\"description\":\"Empresario textil, artista pl\u00e1stico, escritor, coach de vida y fot\u00f3grafo.\",\"sameAs\":[\"https:\/\/viniciojarquin.com\/blog\",\"https:\/\/www.facebook.com\/vinicio.jarquin\",\"https:\/\/www.instagram.com\/vinicio_jarquin\/\",\"https:\/\/www.pinterest.com\/vinnyjc\/\",\"https:\/\/www.youtube.com\/@VinicioJarquin\"],\"url\":\"https:\/\/viniciojarquin.com\/blog\/author\/admin_s02au25i\/\"}]}<\/script>\n<!-- \/ Yoast SEO plugin. -->","yoast_head_json":{"title":"Cuando el reconocimiento trasciende la pol\u00edtica - MI BLOG","robots":{"index":"index","follow":"follow","max-snippet":"max-snippet:-1","max-image-preview":"max-image-preview:large","max-video-preview":"max-video-preview:-1"},"canonical":"https:\/\/viniciojarquin.com\/blog\/cuando-el-reconocimiento-trasciende-la-politica\/","og_locale":"es_ES","og_type":"article","og_title":"Cuando el reconocimiento trasciende la pol\u00edtica - MI BLOG","og_description":"Me entero, seg\u00fan publica CRHoy, que diputados del Partido Unidad Social Cristiana impulsan un proyecto para que la Cl\u00ednica Oftalmol\u00f3gica [&hellip;]","og_url":"https:\/\/viniciojarquin.com\/blog\/cuando-el-reconocimiento-trasciende-la-politica\/","og_site_name":"MI BLOG","article_publisher":"https:\/\/www.facebook.com\/vinicio.jarquin","article_author":"https:\/\/www.facebook.com\/vinicio.jarquin","article_published_time":"2026-04-19T01:41:58+00:00","article_modified_time":"2026-04-19T06:34:24+00:00","og_image":[{"width":800,"height":350,"url":"https:\/\/viniciojarquin.com\/blog\/wp-content\/uploads\/2026\/04\/Cuando-el-reconocimiento-trasciente-la-politica.png","type":"image\/png"}],"author":"Vinicio Jarqu\u00edn","twitter_card":"summary_large_image","twitter_misc":{"Escrito por":"Vinicio Jarqu\u00edn","Tiempo de lectura":"3 minutos"},"schema":{"@context":"https:\/\/schema.org","@graph":[{"@type":"Article","@id":"https:\/\/viniciojarquin.com\/blog\/cuando-el-reconocimiento-trasciende-la-politica\/#article","isPartOf":{"@id":"https:\/\/viniciojarquin.com\/blog\/cuando-el-reconocimiento-trasciende-la-politica\/"},"author":{"name":"Vinicio Jarqu\u00edn","@id":"https:\/\/viniciojarquin.com\/blog\/#\/schema\/person\/90100c8845ae55462ec0657d3d2f8d3b"},"headline":"Cuando el reconocimiento trasciende la pol\u00edtica","datePublished":"2026-04-19T01:41:58+00:00","dateModified":"2026-04-19T06:34:24+00:00","mainEntityOfPage":{"@id":"https:\/\/viniciojarquin.com\/blog\/cuando-el-reconocimiento-trasciende-la-politica\/"},"wordCount":496,"commentCount":0,"publisher":{"@id":"https:\/\/viniciojarquin.com\/blog\/#\/schema\/person\/90100c8845ae55462ec0657d3d2f8d3b"},"image":{"@id":"https:\/\/viniciojarquin.com\/blog\/cuando-el-reconocimiento-trasciende-la-politica\/#primaryimage"},"thumbnailUrl":"https:\/\/viniciojarquin.com\/blog\/wp-content\/uploads\/2026\/04\/Cuando-el-reconocimiento-trasciente-la-politica.png","articleSection":["Escritos generales"],"inLanguage":"es","potentialAction":[{"@type":"CommentAction","name":"Comment","target":["https:\/\/viniciojarquin.com\/blog\/cuando-el-reconocimiento-trasciende-la-politica\/#respond"]}]},{"@type":"WebPage","@id":"https:\/\/viniciojarquin.com\/blog\/cuando-el-reconocimiento-trasciende-la-politica\/","url":"https:\/\/viniciojarquin.com\/blog\/cuando-el-reconocimiento-trasciende-la-politica\/","name":"Cuando el reconocimiento trasciende la pol\u00edtica - MI BLOG","isPartOf":{"@id":"https:\/\/viniciojarquin.com\/blog\/#website"},"primaryImageOfPage":{"@id":"https:\/\/viniciojarquin.com\/blog\/cuando-el-reconocimiento-trasciende-la-politica\/#primaryimage"},"image":{"@id":"https:\/\/viniciojarquin.com\/blog\/cuando-el-reconocimiento-trasciende-la-politica\/#primaryimage"},"thumbnailUrl":"https:\/\/viniciojarquin.com\/blog\/wp-content\/uploads\/2026\/04\/Cuando-el-reconocimiento-trasciente-la-politica.png","datePublished":"2026-04-19T01:41:58+00:00","dateModified":"2026-04-19T06:34:24+00:00","breadcrumb":{"@id":"https:\/\/viniciojarquin.com\/blog\/cuando-el-reconocimiento-trasciende-la-politica\/#breadcrumb"},"inLanguage":"es","potentialAction":[{"@type":"ReadAction","target":["https:\/\/viniciojarquin.com\/blog\/cuando-el-reconocimiento-trasciende-la-politica\/"]}]},{"@type":"ImageObject","inLanguage":"es","@id":"https:\/\/viniciojarquin.com\/blog\/cuando-el-reconocimiento-trasciende-la-politica\/#primaryimage","url":"https:\/\/viniciojarquin.com\/blog\/wp-content\/uploads\/2026\/04\/Cuando-el-reconocimiento-trasciente-la-politica.png","contentUrl":"https:\/\/viniciojarquin.com\/blog\/wp-content\/uploads\/2026\/04\/Cuando-el-reconocimiento-trasciente-la-politica.png","width":800,"height":350},{"@type":"BreadcrumbList","@id":"https:\/\/viniciojarquin.com\/blog\/cuando-el-reconocimiento-trasciende-la-politica\/#breadcrumb","itemListElement":[{"@type":"ListItem","position":1,"name":"Portada","item":"https:\/\/viniciojarquin.com\/blog\/"},{"@type":"ListItem","position":2,"name":"Cuando el reconocimiento trasciende la pol\u00edtica"}]},{"@type":"WebSite","@id":"https:\/\/viniciojarquin.com\/blog\/#website","url":"https:\/\/viniciojarquin.com\/blog\/","name":"Vinicio Jarqu\u00edn BLOG","description":"","publisher":{"@id":"https:\/\/viniciojarquin.com\/blog\/#\/schema\/person\/90100c8845ae55462ec0657d3d2f8d3b"},"potentialAction":[{"@type":"SearchAction","target":{"@type":"EntryPoint","urlTemplate":"https:\/\/viniciojarquin.com\/blog\/?s={search_term_string}"},"query-input":{"@type":"PropertyValueSpecification","valueRequired":true,"valueName":"search_term_string"}}],"inLanguage":"es"},{"@type":["Person","Organization"],"@id":"https:\/\/viniciojarquin.com\/blog\/#\/schema\/person\/90100c8845ae55462ec0657d3d2f8d3b","name":"Vinicio Jarqu\u00edn","image":{"@type":"ImageObject","inLanguage":"es","@id":"https:\/\/viniciojarquin.com\/blog\/#\/schema\/person\/image\/","url":"https:\/\/viniciojarquin.com\/blog\/wp-content\/uploads\/2024\/10\/Logo-VinicioJarquin-original-400.png","contentUrl":"https:\/\/viniciojarquin.com\/blog\/wp-content\/uploads\/2024\/10\/Logo-VinicioJarquin-original-400.png","width":400,"height":130,"caption":"Vinicio Jarqu\u00edn"},"logo":{"@id":"https:\/\/viniciojarquin.com\/blog\/#\/schema\/person\/image\/"},"description":"Empresario textil, artista pl\u00e1stico, escritor, coach de vida y fot\u00f3grafo.","sameAs":["https:\/\/viniciojarquin.com\/blog","https:\/\/www.facebook.com\/vinicio.jarquin","https:\/\/www.instagram.com\/vinicio_jarquin\/","https:\/\/www.pinterest.com\/vinnyjc\/","https:\/\/www.youtube.com\/@VinicioJarquin"],"url":"https:\/\/viniciojarquin.com\/blog\/author\/admin_s02au25i\/"}]}},"blog_post_layout_featured_media_urls":{"thumbnail":["https:\/\/viniciojarquin.com\/blog\/wp-content\/uploads\/2026\/04\/Cuando-el-reconocimiento-trasciente-la-politica-150x150.png",150,150,true],"full":["https:\/\/viniciojarquin.com\/blog\/wp-content\/uploads\/2026\/04\/Cuando-el-reconocimiento-trasciente-la-politica.png",800,350,false]},"categories_names":{"9":{"name":"Escritos generales","link":"https:\/\/viniciojarquin.com\/blog\/category\/mis-escritos\/"}},"tags_names":[],"comments_number":"0","_links":{"self":[{"href":"https:\/\/viniciojarquin.com\/blog\/wp-json\/wp\/v2\/posts\/3484","targetHints":{"allow":["GET"]}}],"collection":[{"href":"https:\/\/viniciojarquin.com\/blog\/wp-json\/wp\/v2\/posts"}],"about":[{"href":"https:\/\/viniciojarquin.com\/blog\/wp-json\/wp\/v2\/types\/post"}],"author":[{"embeddable":true,"href":"https:\/\/viniciojarquin.com\/blog\/wp-json\/wp\/v2\/users\/1"}],"replies":[{"embeddable":true,"href":"https:\/\/viniciojarquin.com\/blog\/wp-json\/wp\/v2\/comments?post=3484"}],"version-history":[{"count":1,"href":"https:\/\/viniciojarquin.com\/blog\/wp-json\/wp\/v2\/posts\/3484\/revisions"}],"predecessor-version":[{"id":3486,"href":"https:\/\/viniciojarquin.com\/blog\/wp-json\/wp\/v2\/posts\/3484\/revisions\/3486"}],"wp:featuredmedia":[{"embeddable":true,"href":"https:\/\/viniciojarquin.com\/blog\/wp-json\/wp\/v2\/media\/3485"}],"wp:attachment":[{"href":"https:\/\/viniciojarquin.com\/blog\/wp-json\/wp\/v2\/media?parent=3484"}],"wp:term":[{"taxonomy":"category","embeddable":true,"href":"https:\/\/viniciojarquin.com\/blog\/wp-json\/wp\/v2\/categories?post=3484"},{"taxonomy":"post_tag","embeddable":true,"href":"https:\/\/viniciojarquin.com\/blog\/wp-json\/wp\/v2\/tags?post=3484"}],"curies":[{"name":"wp","href":"https:\/\/api.w.org\/{rel}","templated":true}]}}