{"id":3494,"date":"2026-04-21T14:44:52","date_gmt":"2026-04-21T14:44:52","guid":{"rendered":"https:\/\/viniciojarquin.com\/blog\/?p=3494"},"modified":"2026-04-21T23:39:31","modified_gmt":"2026-04-21T23:39:31","slug":"senor-diputado-electo","status":"publish","type":"post","link":"https:\/\/viniciojarquin.com\/blog\/senor-diputado-electo\/","title":{"rendered":"Se\u00f1or diputado electo:"},"content":{"rendered":"\n<figure class=\"wp-block-image size-full\"><img decoding=\"async\" width=\"800\" height=\"350\" data-src=\"https:\/\/viniciojarquin.com\/blog\/wp-content\/uploads\/2026\/04\/diputados.png\" alt=\"\" class=\"wp-image-3497 lazyload\" data-srcset=\"https:\/\/viniciojarquin.com\/blog\/wp-content\/uploads\/2026\/04\/diputados.png 800w, https:\/\/viniciojarquin.com\/blog\/wp-content\/uploads\/2026\/04\/diputados-300x131.png 300w, https:\/\/viniciojarquin.com\/blog\/wp-content\/uploads\/2026\/04\/diputados-768x336.png 768w\" data-sizes=\"(max-width: 800px) 100vw, 800px\" src=\"data:image\/svg+xml;base64,PHN2ZyB3aWR0aD0iMSIgaGVpZ2h0PSIxIiB4bWxucz0iaHR0cDovL3d3dy53My5vcmcvMjAwMC9zdmciPjwvc3ZnPg==\" style=\"--smush-placeholder-width: 800px; --smush-placeholder-aspect-ratio: 800\/350;\" \/><\/figure>\n\n\n\n<p>San Jos\u00e9, 21 de abril de 2026<\/p>\n\n\n\n<p>Se\u00f1or diputado electo:<\/p>\n\n\n\n<p>Usted est\u00e1 a punto de entrar a uno de los espacios m\u00e1s complejos que puede habitar una persona en la vida p\u00fablica. No solo por lo que va a decidir, ni por el impacto que tendr\u00e1n sus acciones, sino por lo que ese espacio va a hacer con usted. Se habla mucho de lo que usted har\u00e1 con el poder. Se habla poco de lo que el poder har\u00e1 con usted. Y ese es el punto que quiero poner sobre la mesa.<\/p>\n\n\n\n<p>Hoy, usted es una persona con valores. Con intenci\u00f3n. Con una historia que lo ha tra\u00eddo hasta aqu\u00ed. Hoy, probablemente, usted se percibe honesto. Con criterio. Con l\u00edmites claros. Con una idea definida de lo que est\u00e1 bien y lo que est\u00e1 mal. Hoy\u2026 Pero el problema nunca ha sido qui\u00e9n es usted hoy. El problema es qui\u00e9n podr\u00eda llegar a ser dentro de cuatro a\u00f1os. No porque usted quiera cambiar. No porque usted tenga una intenci\u00f3n oculta. Sino porque el proceso cambia a las personas.<\/p>\n\n\n\n<p>El poder no siempre corrompe de forma visible. No llega como un golpe. Llega como una adaptaci\u00f3n. Como una normalizaci\u00f3n. Como peque\u00f1as decisiones que, una a una, van construyendo una l\u00f3gica distinta. Lo que hoy le parece inaceptable, ma\u00f1ana podr\u00eda parecerle justificable. Y pasado ma\u00f1ana, incluso necesario. Ese es el riesgo. No el esc\u00e1ndalo. No el error evidente. El cambio silencioso.<\/p>\n\n\n\n<p>Por eso, lo que quiero proponerle no es que se cuide cuando llegue ese momento. Es que se cuide ahora. Antes de entrar. Antes de que la sustancia empiece a hacer efecto. Porque hay algo que usted necesita entender con claridad: cuando llegue el momento en que tenga que decidir, en que tenga que resistir, en que tenga que decir que no\u2026 es posible que ya no est\u00e9 pensando como piensa hoy. Y ah\u00ed, improvisar no funciona.<\/p>\n\n\n\n<p>Hay una frase que quiero que recuerde: cuando est\u00e9 sentado en una mesa y se est\u00e9 hablando de su precio, lev\u00e1ntese y v\u00e1yase antes de que digan el monto. Porque una vez que el monto aparece, el proceso ya comenz\u00f3. Y en muchos casos, ya es demasiado tarde. Usted no se va a vender de un d\u00eda para otro. Pero s\u00ed podr\u00eda empezar a negociar consigo mismo. Y ah\u00ed es donde empieza todo.<\/p>\n\n\n\n<p>Por eso, la verdadera tarea no es solo llegar. Es protegerse. Protegerse de su yo del futuro. Ese que todav\u00eda no existe, pero que va a ser moldeado por el entorno, por las presiones, por las decisiones que tome y por las que deje de tomar.<\/p>\n\n\n\n<p>\u00bfQu\u00e9 puede hacer hoy? Puede definir sus valores por escrito. No como una intenci\u00f3n, sino como un compromiso. Puede limitar su propio margen de acci\u00f3n, aunque hoy le parezca innecesario. Puede rodearse de personas que no dependan de usted para decirle la verdad. Puede establecer l\u00edmites claros antes de que tenga que defenderlos. Puede tomar decisiones que, hoy, protejan a los dem\u00e1s\u2026 incluso de usted mismo.<\/p>\n\n\n\n<p>Porque ese es el punto m\u00e1s honesto de todos: Usted no solo debe proteger al pa\u00eds. Debe proteger al pa\u00eds\u2026 de lo que usted podr\u00eda llegar a ser si no se cuida. Esto no es una advertencia negativa. Es una oportunidad. Porque tambi\u00e9n es cierto lo contrario.<\/p>\n\n\n\n<p>Si usted se protege desde el inicio\u2026 si construye estructura antes de recibir la dosis completa\u2026 si decide qui\u00e9n quiere ser antes de que el entorno empiece a moldearlo\u2026 Entonces el resultado puede ser distinto. Puede atravesar el poder sin perderse. Puede salir siendo la misma persona con la que entr\u00f3. Puede, incluso, salir mejor. Y eso\u2026 es mucho m\u00e1s dif\u00edcil de lo que parece.<\/p>\n\n\n\n<p>El poder no se mide solo en lo que usted logre mientras est\u00e9 en la Asamblea Legislativa. Se mide en qui\u00e9n es usted\u2026 cuando ya no est\u00e9.<\/p>\n\n\n\n<p>Recuerde tambi\u00e9n algo que rara vez se dice con claridad: el poder legislativo no es un estado \u00fanico, no es un punto fijo al que se llega y se posee desde el primer d\u00eda. El poder tiene niveles, tiene etapas, tiene momentos distintos en los que se percibe\u2026 y otros en los que realmente existe. Cuando usted decide postularse, ya hay una primera forma de poder. Es sutil, casi invisible, pero est\u00e1. Es la posibilidad, es la intenci\u00f3n, es el inicio de una relaci\u00f3n con el sistema. Luego, cuando formaliza su candidatura, ese poder crece, empieza a tomar forma, y cuando gana las elecciones y pasa a ser Diputado Electo de la Rep\u00fablica, ese poder se vuelve visible. Se le reconoce, se le atribuye, se le empieza a tratar distinto. Pero no se confunda: ese todav\u00eda no es el poder real.<\/p>\n\n\n\n<p>Luego usted entra al plenario, toma su curul, y la sensaci\u00f3n se intensifica. Ahora s\u00ed parece que lo tiene. Ahora s\u00ed se siente como alguien con poder. Pero en ese momento, en t\u00e9rminos pr\u00e1cticos, usted todav\u00eda no tiene nada. Tiene acceso, tiene voz, tiene una oportunidad. El poder no viene con el puesto. El puesto solo le da la posibilidad de construirlo. Y ese poder se construye con el tiempo, con el trabajo, con la capacidad de gestionar, de tender puentes, de hacer acuerdos inteligentes, de sostener relaciones que le permitan incidir de verdad en lo que ocurre dentro y fuera del plenario. Es en ese proceso, y solo en ese proceso, donde el poder empieza a llegar.<\/p>\n\n\n\n<p>Y luego hay un \u00faltimo nivel. Uno del que casi no se habla, pero que es, probablemente, el m\u00e1s revelador de todos: el poder con el que usted sale. Cuatro a\u00f1os despu\u00e9s, por mandato constitucional, usted tendr\u00e1 que abandonar su puesto. No habr\u00e1 negociaci\u00f3n, no habr\u00e1 extensi\u00f3n, no habr\u00e1 forma de quedarse. Tendr\u00e1 que salir. Y en ese momento, algo que muchas veces se ignora durante el ejercicio del cargo se vuelve completamente evidente. Usted saldr\u00e1 con poder\u2026 o sin \u00e9l.<\/p>\n\n\n\n<p>No el poder del cargo, porque ese ya no estar\u00e1. El poder que queda es otro. Es el que usted construy\u00f3 \u2014o no\u2014 durante su gesti\u00f3n. Es el poder invisible, pero profundamente real, que existe en la percepci\u00f3n del pueblo, de sus votantes, de su comunidad, de los sectores que lo observaron durante esos a\u00f1os. Es la credibilidad, es el respeto, es la posibilidad de seguir siendo escuchado\u2026 o de dejar de serlo. Y es ah\u00ed, exactamente ah\u00ed, donde todo se define. Donde cada decisi\u00f3n, cada palabra, cada acuerdo, cada silencio toma su verdadero peso. Donde se sabr\u00e1 si todo lo que hizo vali\u00f3 la pena\u2026 o no.<\/p>\n\n\n\n<p>\u00bfQu\u00e9 puede hacer para protegerse hoy, de su \u201cyo\u201d del futuro?<\/p>\n\n\n\n<p>Antes de asumir el puesto, escriba sus valores y p\u00f3ngalos en un lugar visible. No como un gesto simb\u00f3lico, sino como un recordatorio constante de qui\u00e9n es usted antes de que el poder empiece a moldearlo. Y cada noche, al regresar, revise que no se hayan visto afectados durante el d\u00eda. Porque si uno no revisa esto, cuando lo nota\u2026 los valores ya han cambiado.<\/p>\n\n\n\n<p>Claro que en el proceso tambi\u00e9n tiene derecho a cambiar valores, a quitar algunos y a agregar otros. Siempre estamos en constante cambio. Pero que sea un cambio consciente, no uno que ocurri\u00f3 sin que usted se diera cuenta. No es lo mismo evolucionar que desviarse.<\/p>\n\n\n\n<p>Y adem\u00e1s, ese papelito, c\u00e1mbielo de lugar cada tres d\u00edas. Mu\u00e9valo. Reub\u00edquelo. Porque si no lo hace, pronto dejar\u00e1 de verlo. Se volver\u00e1 invisible. Pasar\u00e1 a ser parte del entorno, y terminar\u00e1 convertido en un recuerdo m\u00e1s dentro de su historia\u2026 en lugar de seguir siendo una gu\u00eda viva.<\/p>\n\n\n\n<p>Me despido con respeto por el camino que est\u00e1 por iniciar, y con la conciencia de que no es un trayecto sencillo, pero s\u00ed profundamente significativo si se recorre con claridad y prop\u00f3sito.<\/p>\n\n\n\n<p>Quedo a su disposici\u00f3n, desde Apacigua tu ser interior, si en alg\u00fan momento considera que puedo aportarle una mirada, una pausa, o un espacio de reflexi\u00f3n en medio de la intensidad del proceso. Y si en alg\u00fan punto decide trabajar de forma m\u00e1s consciente la protecci\u00f3n de sus valores, tambi\u00e9n desde lo profesional, como coach de vida, puedo acompa\u00f1arle en ese proceso.<\/p>\n\n\n\n<p>No para decirle qu\u00e9 hacer.<\/p>\n\n\n\n<p>Sino para ayudarle a no perderse mientras lo hace.<\/p>\n\n\n\n<p><strong>Vinicio Jarqu\u00edn<\/strong>, Apacigua tu ser interior.<\/p>\n","protected":false},"excerpt":{"rendered":"<p>San Jos\u00e9, 21 de abril de 2026 Se\u00f1or diputado electo: Usted est\u00e1 a punto de entrar a uno de los [&hellip;]<\/p>\n","protected":false},"author":1,"featured_media":3497,"comment_status":"open","ping_status":"open","sticky":false,"template":"","format":"standard","meta":{"site-sidebar-layout":"default","site-content-layout":"","ast-site-content-layout":"","site-content-style":"default","site-sidebar-style":"default","ast-global-header-display":"","ast-banner-title-visibility":"","ast-main-header-display":"","ast-hfb-above-header-display":"","ast-hfb-below-header-display":"","ast-hfb-mobile-header-display":"","site-post-title":"","ast-breadcrumbs-content":"","ast-featured-img":"","footer-sml-layout":"","theme-transparent-header-meta":"","adv-header-id-meta":"","stick-header-meta":"","header-above-stick-meta":"","header-main-stick-meta":"","header-below-stick-meta":"","astra-migrate-meta-layouts":"default","ast-page-background-enabled":"default","ast-page-background-meta":{"desktop":{"background-color":"var(--ast-global-color-5)","background-image":"","background-repeat":"repeat","background-position":"center center","background-size":"auto","background-attachment":"scroll","background-type":"","background-media":"","overlay-type":"","overlay-color":"","overlay-opacity":"","overlay-gradient":""},"tablet":{"background-color":"","background-image":"","background-repeat":"repeat","background-position":"center center","background-size":"auto","background-attachment":"scroll","background-type":"","background-media":"","overlay-type":"","overlay-color":"","overlay-opacity":"","overlay-gradient":""},"mobile":{"background-color":"","background-image":"","background-repeat":"repeat","background-position":"center center","background-size":"auto","background-attachment":"scroll","background-type":"","background-media":"","overlay-type":"","overlay-color":"","overlay-opacity":"","overlay-gradient":""}},"ast-content-background-meta":{"desktop":{"background-color":"var(--ast-global-color-4)","background-image":"","background-repeat":"repeat","background-position":"center center","background-size":"auto","background-attachment":"scroll","background-type":"","background-media":"","overlay-type":"","overlay-color":"","overlay-opacity":"","overlay-gradient":""},"tablet":{"background-color":"var(--ast-global-color-4)","background-image":"","background-repeat":"repeat","background-position":"center center","background-size":"auto","background-attachment":"scroll","background-type":"","background-media":"","overlay-type":"","overlay-color":"","overlay-opacity":"","overlay-gradient":""},"mobile":{"background-color":"var(--ast-global-color-4)","background-image":"","background-repeat":"repeat","background-position":"center center","background-size":"auto","background-attachment":"scroll","background-type":"","background-media":"","overlay-type":"","overlay-color":"","overlay-opacity":"","overlay-gradient":""}},"footnotes":""},"categories":[9],"tags":[],"class_list":["post-3494","post","type-post","status-publish","format-standard","has-post-thumbnail","hentry","category-mis-escritos"],"yoast_head":"<!-- This site is optimized with the Yoast SEO plugin v26.0 - https:\/\/yoast.com\/wordpress\/plugins\/seo\/ -->\n<title>Se\u00f1or diputado electo: - MI BLOG<\/title>\n<meta name=\"robots\" content=\"index, follow, max-snippet:-1, max-image-preview:large, max-video-preview:-1\" \/>\n<link rel=\"canonical\" href=\"https:\/\/viniciojarquin.com\/blog\/senor-diputado-electo\/\" \/>\n<meta property=\"og:locale\" content=\"es_ES\" \/>\n<meta property=\"og:type\" content=\"article\" \/>\n<meta property=\"og:title\" content=\"Se\u00f1or diputado electo: - MI BLOG\" \/>\n<meta property=\"og:description\" content=\"San Jos\u00e9, 21 de abril de 2026 Se\u00f1or diputado electo: Usted est\u00e1 a punto de entrar a uno de los [&hellip;]\" \/>\n<meta property=\"og:url\" content=\"https:\/\/viniciojarquin.com\/blog\/senor-diputado-electo\/\" \/>\n<meta property=\"og:site_name\" content=\"MI BLOG\" \/>\n<meta property=\"article:publisher\" content=\"https:\/\/www.facebook.com\/vinicio.jarquin\" \/>\n<meta property=\"article:author\" content=\"https:\/\/www.facebook.com\/vinicio.jarquin\" \/>\n<meta property=\"article:published_time\" content=\"2026-04-21T14:44:52+00:00\" \/>\n<meta property=\"article:modified_time\" content=\"2026-04-21T23:39:31+00:00\" \/>\n<meta property=\"og:image\" content=\"https:\/\/viniciojarquin.com\/blog\/wp-content\/uploads\/2026\/04\/diputados.png\" \/>\n\t<meta property=\"og:image:width\" content=\"800\" \/>\n\t<meta property=\"og:image:height\" content=\"350\" \/>\n\t<meta property=\"og:image:type\" content=\"image\/png\" \/>\n<meta name=\"author\" content=\"Vinicio Jarqu\u00edn\" \/>\n<meta name=\"twitter:card\" content=\"summary_large_image\" \/>\n<meta name=\"twitter:label1\" content=\"Escrito por\" \/>\n\t<meta name=\"twitter:data1\" content=\"Vinicio Jarqu\u00edn\" \/>\n\t<meta name=\"twitter:label2\" content=\"Tiempo de lectura\" \/>\n\t<meta name=\"twitter:data2\" content=\"7 minutos\" \/>\n<script type=\"application\/ld+json\" class=\"yoast-schema-graph\">{\"@context\":\"https:\/\/schema.org\",\"@graph\":[{\"@type\":\"Article\",\"@id\":\"https:\/\/viniciojarquin.com\/blog\/senor-diputado-electo\/#article\",\"isPartOf\":{\"@id\":\"https:\/\/viniciojarquin.com\/blog\/senor-diputado-electo\/\"},\"author\":{\"name\":\"Vinicio Jarqu\u00edn\",\"@id\":\"https:\/\/viniciojarquin.com\/blog\/#\/schema\/person\/90100c8845ae55462ec0657d3d2f8d3b\"},\"headline\":\"Se\u00f1or diputado electo:\",\"datePublished\":\"2026-04-21T14:44:52+00:00\",\"dateModified\":\"2026-04-21T23:39:31+00:00\",\"mainEntityOfPage\":{\"@id\":\"https:\/\/viniciojarquin.com\/blog\/senor-diputado-electo\/\"},\"wordCount\":1455,\"commentCount\":0,\"publisher\":{\"@id\":\"https:\/\/viniciojarquin.com\/blog\/#\/schema\/person\/90100c8845ae55462ec0657d3d2f8d3b\"},\"image\":{\"@id\":\"https:\/\/viniciojarquin.com\/blog\/senor-diputado-electo\/#primaryimage\"},\"thumbnailUrl\":\"https:\/\/viniciojarquin.com\/blog\/wp-content\/uploads\/2026\/04\/diputados.png\",\"articleSection\":[\"Escritos generales\"],\"inLanguage\":\"es\",\"potentialAction\":[{\"@type\":\"CommentAction\",\"name\":\"Comment\",\"target\":[\"https:\/\/viniciojarquin.com\/blog\/senor-diputado-electo\/#respond\"]}]},{\"@type\":\"WebPage\",\"@id\":\"https:\/\/viniciojarquin.com\/blog\/senor-diputado-electo\/\",\"url\":\"https:\/\/viniciojarquin.com\/blog\/senor-diputado-electo\/\",\"name\":\"Se\u00f1or diputado electo: - MI BLOG\",\"isPartOf\":{\"@id\":\"https:\/\/viniciojarquin.com\/blog\/#website\"},\"primaryImageOfPage\":{\"@id\":\"https:\/\/viniciojarquin.com\/blog\/senor-diputado-electo\/#primaryimage\"},\"image\":{\"@id\":\"https:\/\/viniciojarquin.com\/blog\/senor-diputado-electo\/#primaryimage\"},\"thumbnailUrl\":\"https:\/\/viniciojarquin.com\/blog\/wp-content\/uploads\/2026\/04\/diputados.png\",\"datePublished\":\"2026-04-21T14:44:52+00:00\",\"dateModified\":\"2026-04-21T23:39:31+00:00\",\"breadcrumb\":{\"@id\":\"https:\/\/viniciojarquin.com\/blog\/senor-diputado-electo\/#breadcrumb\"},\"inLanguage\":\"es\",\"potentialAction\":[{\"@type\":\"ReadAction\",\"target\":[\"https:\/\/viniciojarquin.com\/blog\/senor-diputado-electo\/\"]}]},{\"@type\":\"ImageObject\",\"inLanguage\":\"es\",\"@id\":\"https:\/\/viniciojarquin.com\/blog\/senor-diputado-electo\/#primaryimage\",\"url\":\"https:\/\/viniciojarquin.com\/blog\/wp-content\/uploads\/2026\/04\/diputados.png\",\"contentUrl\":\"https:\/\/viniciojarquin.com\/blog\/wp-content\/uploads\/2026\/04\/diputados.png\",\"width\":800,\"height\":350},{\"@type\":\"BreadcrumbList\",\"@id\":\"https:\/\/viniciojarquin.com\/blog\/senor-diputado-electo\/#breadcrumb\",\"itemListElement\":[{\"@type\":\"ListItem\",\"position\":1,\"name\":\"Portada\",\"item\":\"https:\/\/viniciojarquin.com\/blog\/\"},{\"@type\":\"ListItem\",\"position\":2,\"name\":\"Se\u00f1or diputado electo:\"}]},{\"@type\":\"WebSite\",\"@id\":\"https:\/\/viniciojarquin.com\/blog\/#website\",\"url\":\"https:\/\/viniciojarquin.com\/blog\/\",\"name\":\"Vinicio Jarqu\u00edn BLOG\",\"description\":\"\",\"publisher\":{\"@id\":\"https:\/\/viniciojarquin.com\/blog\/#\/schema\/person\/90100c8845ae55462ec0657d3d2f8d3b\"},\"potentialAction\":[{\"@type\":\"SearchAction\",\"target\":{\"@type\":\"EntryPoint\",\"urlTemplate\":\"https:\/\/viniciojarquin.com\/blog\/?s={search_term_string}\"},\"query-input\":{\"@type\":\"PropertyValueSpecification\",\"valueRequired\":true,\"valueName\":\"search_term_string\"}}],\"inLanguage\":\"es\"},{\"@type\":[\"Person\",\"Organization\"],\"@id\":\"https:\/\/viniciojarquin.com\/blog\/#\/schema\/person\/90100c8845ae55462ec0657d3d2f8d3b\",\"name\":\"Vinicio Jarqu\u00edn\",\"image\":{\"@type\":\"ImageObject\",\"inLanguage\":\"es\",\"@id\":\"https:\/\/viniciojarquin.com\/blog\/#\/schema\/person\/image\/\",\"url\":\"https:\/\/viniciojarquin.com\/blog\/wp-content\/uploads\/2024\/10\/Logo-VinicioJarquin-original-400.png\",\"contentUrl\":\"https:\/\/viniciojarquin.com\/blog\/wp-content\/uploads\/2024\/10\/Logo-VinicioJarquin-original-400.png\",\"width\":400,\"height\":130,\"caption\":\"Vinicio Jarqu\u00edn\"},\"logo\":{\"@id\":\"https:\/\/viniciojarquin.com\/blog\/#\/schema\/person\/image\/\"},\"description\":\"Empresario textil, artista pl\u00e1stico, escritor, coach de vida y fot\u00f3grafo.\",\"sameAs\":[\"https:\/\/viniciojarquin.com\/blog\",\"https:\/\/www.facebook.com\/vinicio.jarquin\",\"https:\/\/www.instagram.com\/vinicio_jarquin\/\",\"https:\/\/www.pinterest.com\/vinnyjc\/\",\"https:\/\/www.youtube.com\/@VinicioJarquin\"],\"url\":\"https:\/\/viniciojarquin.com\/blog\/author\/admin_s02au25i\/\"}]}<\/script>\n<!-- \/ Yoast SEO plugin. -->","yoast_head_json":{"title":"Se\u00f1or diputado electo: - MI BLOG","robots":{"index":"index","follow":"follow","max-snippet":"max-snippet:-1","max-image-preview":"max-image-preview:large","max-video-preview":"max-video-preview:-1"},"canonical":"https:\/\/viniciojarquin.com\/blog\/senor-diputado-electo\/","og_locale":"es_ES","og_type":"article","og_title":"Se\u00f1or diputado electo: - MI BLOG","og_description":"San Jos\u00e9, 21 de abril de 2026 Se\u00f1or diputado electo: Usted est\u00e1 a punto de entrar a uno de los [&hellip;]","og_url":"https:\/\/viniciojarquin.com\/blog\/senor-diputado-electo\/","og_site_name":"MI BLOG","article_publisher":"https:\/\/www.facebook.com\/vinicio.jarquin","article_author":"https:\/\/www.facebook.com\/vinicio.jarquin","article_published_time":"2026-04-21T14:44:52+00:00","article_modified_time":"2026-04-21T23:39:31+00:00","og_image":[{"width":800,"height":350,"url":"https:\/\/viniciojarquin.com\/blog\/wp-content\/uploads\/2026\/04\/diputados.png","type":"image\/png"}],"author":"Vinicio Jarqu\u00edn","twitter_card":"summary_large_image","twitter_misc":{"Escrito por":"Vinicio Jarqu\u00edn","Tiempo de lectura":"7 minutos"},"schema":{"@context":"https:\/\/schema.org","@graph":[{"@type":"Article","@id":"https:\/\/viniciojarquin.com\/blog\/senor-diputado-electo\/#article","isPartOf":{"@id":"https:\/\/viniciojarquin.com\/blog\/senor-diputado-electo\/"},"author":{"name":"Vinicio Jarqu\u00edn","@id":"https:\/\/viniciojarquin.com\/blog\/#\/schema\/person\/90100c8845ae55462ec0657d3d2f8d3b"},"headline":"Se\u00f1or diputado electo:","datePublished":"2026-04-21T14:44:52+00:00","dateModified":"2026-04-21T23:39:31+00:00","mainEntityOfPage":{"@id":"https:\/\/viniciojarquin.com\/blog\/senor-diputado-electo\/"},"wordCount":1455,"commentCount":0,"publisher":{"@id":"https:\/\/viniciojarquin.com\/blog\/#\/schema\/person\/90100c8845ae55462ec0657d3d2f8d3b"},"image":{"@id":"https:\/\/viniciojarquin.com\/blog\/senor-diputado-electo\/#primaryimage"},"thumbnailUrl":"https:\/\/viniciojarquin.com\/blog\/wp-content\/uploads\/2026\/04\/diputados.png","articleSection":["Escritos generales"],"inLanguage":"es","potentialAction":[{"@type":"CommentAction","name":"Comment","target":["https:\/\/viniciojarquin.com\/blog\/senor-diputado-electo\/#respond"]}]},{"@type":"WebPage","@id":"https:\/\/viniciojarquin.com\/blog\/senor-diputado-electo\/","url":"https:\/\/viniciojarquin.com\/blog\/senor-diputado-electo\/","name":"Se\u00f1or diputado electo: - MI BLOG","isPartOf":{"@id":"https:\/\/viniciojarquin.com\/blog\/#website"},"primaryImageOfPage":{"@id":"https:\/\/viniciojarquin.com\/blog\/senor-diputado-electo\/#primaryimage"},"image":{"@id":"https:\/\/viniciojarquin.com\/blog\/senor-diputado-electo\/#primaryimage"},"thumbnailUrl":"https:\/\/viniciojarquin.com\/blog\/wp-content\/uploads\/2026\/04\/diputados.png","datePublished":"2026-04-21T14:44:52+00:00","dateModified":"2026-04-21T23:39:31+00:00","breadcrumb":{"@id":"https:\/\/viniciojarquin.com\/blog\/senor-diputado-electo\/#breadcrumb"},"inLanguage":"es","potentialAction":[{"@type":"ReadAction","target":["https:\/\/viniciojarquin.com\/blog\/senor-diputado-electo\/"]}]},{"@type":"ImageObject","inLanguage":"es","@id":"https:\/\/viniciojarquin.com\/blog\/senor-diputado-electo\/#primaryimage","url":"https:\/\/viniciojarquin.com\/blog\/wp-content\/uploads\/2026\/04\/diputados.png","contentUrl":"https:\/\/viniciojarquin.com\/blog\/wp-content\/uploads\/2026\/04\/diputados.png","width":800,"height":350},{"@type":"BreadcrumbList","@id":"https:\/\/viniciojarquin.com\/blog\/senor-diputado-electo\/#breadcrumb","itemListElement":[{"@type":"ListItem","position":1,"name":"Portada","item":"https:\/\/viniciojarquin.com\/blog\/"},{"@type":"ListItem","position":2,"name":"Se\u00f1or diputado electo:"}]},{"@type":"WebSite","@id":"https:\/\/viniciojarquin.com\/blog\/#website","url":"https:\/\/viniciojarquin.com\/blog\/","name":"Vinicio Jarqu\u00edn BLOG","description":"","publisher":{"@id":"https:\/\/viniciojarquin.com\/blog\/#\/schema\/person\/90100c8845ae55462ec0657d3d2f8d3b"},"potentialAction":[{"@type":"SearchAction","target":{"@type":"EntryPoint","urlTemplate":"https:\/\/viniciojarquin.com\/blog\/?s={search_term_string}"},"query-input":{"@type":"PropertyValueSpecification","valueRequired":true,"valueName":"search_term_string"}}],"inLanguage":"es"},{"@type":["Person","Organization"],"@id":"https:\/\/viniciojarquin.com\/blog\/#\/schema\/person\/90100c8845ae55462ec0657d3d2f8d3b","name":"Vinicio Jarqu\u00edn","image":{"@type":"ImageObject","inLanguage":"es","@id":"https:\/\/viniciojarquin.com\/blog\/#\/schema\/person\/image\/","url":"https:\/\/viniciojarquin.com\/blog\/wp-content\/uploads\/2024\/10\/Logo-VinicioJarquin-original-400.png","contentUrl":"https:\/\/viniciojarquin.com\/blog\/wp-content\/uploads\/2024\/10\/Logo-VinicioJarquin-original-400.png","width":400,"height":130,"caption":"Vinicio Jarqu\u00edn"},"logo":{"@id":"https:\/\/viniciojarquin.com\/blog\/#\/schema\/person\/image\/"},"description":"Empresario textil, artista pl\u00e1stico, escritor, coach de vida y fot\u00f3grafo.","sameAs":["https:\/\/viniciojarquin.com\/blog","https:\/\/www.facebook.com\/vinicio.jarquin","https:\/\/www.instagram.com\/vinicio_jarquin\/","https:\/\/www.pinterest.com\/vinnyjc\/","https:\/\/www.youtube.com\/@VinicioJarquin"],"url":"https:\/\/viniciojarquin.com\/blog\/author\/admin_s02au25i\/"}]}},"blog_post_layout_featured_media_urls":{"thumbnail":["https:\/\/viniciojarquin.com\/blog\/wp-content\/uploads\/2026\/04\/diputados-150x150.png",150,150,true],"full":["https:\/\/viniciojarquin.com\/blog\/wp-content\/uploads\/2026\/04\/diputados.png",800,350,false]},"categories_names":{"9":{"name":"Escritos generales","link":"https:\/\/viniciojarquin.com\/blog\/category\/mis-escritos\/"}},"tags_names":[],"comments_number":"0","_links":{"self":[{"href":"https:\/\/viniciojarquin.com\/blog\/wp-json\/wp\/v2\/posts\/3494","targetHints":{"allow":["GET"]}}],"collection":[{"href":"https:\/\/viniciojarquin.com\/blog\/wp-json\/wp\/v2\/posts"}],"about":[{"href":"https:\/\/viniciojarquin.com\/blog\/wp-json\/wp\/v2\/types\/post"}],"author":[{"embeddable":true,"href":"https:\/\/viniciojarquin.com\/blog\/wp-json\/wp\/v2\/users\/1"}],"replies":[{"embeddable":true,"href":"https:\/\/viniciojarquin.com\/blog\/wp-json\/wp\/v2\/comments?post=3494"}],"version-history":[{"count":2,"href":"https:\/\/viniciojarquin.com\/blog\/wp-json\/wp\/v2\/posts\/3494\/revisions"}],"predecessor-version":[{"id":3498,"href":"https:\/\/viniciojarquin.com\/blog\/wp-json\/wp\/v2\/posts\/3494\/revisions\/3498"}],"wp:featuredmedia":[{"embeddable":true,"href":"https:\/\/viniciojarquin.com\/blog\/wp-json\/wp\/v2\/media\/3497"}],"wp:attachment":[{"href":"https:\/\/viniciojarquin.com\/blog\/wp-json\/wp\/v2\/media?parent=3494"}],"wp:term":[{"taxonomy":"category","embeddable":true,"href":"https:\/\/viniciojarquin.com\/blog\/wp-json\/wp\/v2\/categories?post=3494"},{"taxonomy":"post_tag","embeddable":true,"href":"https:\/\/viniciojarquin.com\/blog\/wp-json\/wp\/v2\/tags?post=3494"}],"curies":[{"name":"wp","href":"https:\/\/api.w.org\/{rel}","templated":true}]}}