{"id":3502,"date":"2026-04-23T05:14:51","date_gmt":"2026-04-23T05:14:51","guid":{"rendered":"https:\/\/viniciojarquin.com\/blog\/?p=3502"},"modified":"2026-04-23T05:21:05","modified_gmt":"2026-04-23T05:21:05","slug":"una-noche-en-talentum","status":"publish","type":"post","link":"https:\/\/viniciojarquin.com\/blog\/una-noche-en-talentum\/","title":{"rendered":"Una noche en Talentum"},"content":{"rendered":"\n<figure class=\"wp-block-image size-large\"><img decoding=\"async\" width=\"767\" height=\"1024\" data-src=\"https:\/\/viniciojarquin.com\/blog\/wp-content\/uploads\/2026\/04\/WhatsApp-Image-2026-04-22-at-11.20.02-PM-767x1024.jpeg\" alt=\"\" class=\"wp-image-3507 lazyload\" data-srcset=\"https:\/\/viniciojarquin.com\/blog\/wp-content\/uploads\/2026\/04\/WhatsApp-Image-2026-04-22-at-11.20.02-PM-767x1024.jpeg 767w, https:\/\/viniciojarquin.com\/blog\/wp-content\/uploads\/2026\/04\/WhatsApp-Image-2026-04-22-at-11.20.02-PM-225x300.jpeg 225w, https:\/\/viniciojarquin.com\/blog\/wp-content\/uploads\/2026\/04\/WhatsApp-Image-2026-04-22-at-11.20.02-PM-768x1025.jpeg 768w, https:\/\/viniciojarquin.com\/blog\/wp-content\/uploads\/2026\/04\/WhatsApp-Image-2026-04-22-at-11.20.02-PM.jpeg 959w\" data-sizes=\"(max-width: 767px) 100vw, 767px\" src=\"data:image\/svg+xml;base64,PHN2ZyB3aWR0aD0iMSIgaGVpZ2h0PSIxIiB4bWxucz0iaHR0cDovL3d3dy53My5vcmcvMjAwMC9zdmciPjwvc3ZnPg==\" style=\"--smush-placeholder-width: 767px; --smush-placeholder-aspect-ratio: 767\/1024;\" \/><\/figure>\n\n\n\n<p><strong>Por Vinicio Jarqu\u00edn<\/strong><\/p>\n\n\n\n<p>Fui invitado por Eugenio Herrera a participar en un par de actividades un mi\u00e9rcoles por la tarde en la Galer\u00eda Talentum, un espacio que, adem\u00e1s, tiene un significado especial para m\u00ed, porque dos de mis obras siguen en exposici\u00f3n ah\u00ed. La invitaci\u00f3n inclu\u00eda, primero, un conversatorio con la diputada electa Abril Gordienko, amiga m\u00eda, y luego la presentaci\u00f3n de uno de los libros de Mar\u00eda Bonilla. Decid\u00ed aceptar. No solo por el contenido, sino tambi\u00e9n porque mi agenda hab\u00eda cambiado: hab\u00eda sido reagendada mi cita con la Defensora de los Habitantes y el defensor adjunto, y adem\u00e1s hab\u00eda declinado una invitaci\u00f3n a un conversatorio en la UNED. As\u00ed que todo parec\u00eda alinearse para que estuviera ah\u00ed.<\/p>\n\n\n\n<p>Eleg\u00ed la ropa con esa mezcla que me gusta entre lo formal y lo informal. Un jeans ajustado, botones negros, una camiseta floreada de mi marca Vinicio Jarqu\u00edn, que se ve especialmente bien con un saco tambi\u00e9n dise\u00f1ado por m\u00ed, en un estilo oriental ajustado. Hab\u00eda algo en esa elecci\u00f3n que tambi\u00e9n hablaba de lo que soy en este momento: alguien que se mueve entre mundos, entre lo art\u00edstico, lo personal, lo p\u00fablico\u2026 sin dejar de ser uno mismo.<\/p>\n\n\n\n<p>Al llegar me encontr\u00e9 con Gustavo Guti\u00e9rrez, exrector de la Universidad de Costa Rica, a quien aprecio profundamente. Es de esas personas con las que uno se siente bien simplemente por coincidir. Poco despu\u00e9s se nos unieron dos personas m\u00e1s. Ella, Julieta, esposa del escritor Laureano Alb\u00e1n, con quien en mi juventud tom\u00e9 clases de escritura en un ambiente que podr\u00eda describir, con cari\u00f1o, como \u201chostil\u201d\u2026 pero que me dej\u00f3 un aprendizaje enorme. \u00c9l, Carlos Enrique Rivera Chac\u00f3n, escritor reconocido, quien tuvo un gesto que valoro mucho: me regal\u00f3, firmado, un ejemplar de su libro <em>F\u00e1bulas desde el bosque de Costa Rica<\/em>. Y eso, para quien escribe, tiene un peso especial. Uno sabe lo que significa entregar un libro propio.<\/p>\n\n\n\n<p>Conforme avanzaba la tarde, empezaron a llegar m\u00e1s invitados, y con ellos, la anfitriona del primer encuentro: Abril. Se fue armando una mesa que reun\u00eda personas de distintos \u00e1mbitos, algunos conocidos, otros no tanto, pero todos con algo en com\u00fan: el inter\u00e9s por conversar, por escuchar, por compartir. En ese flujo natural de saludos y encuentros, se acercaron a saludarme don Francisco Antonio (Tony) Pacheco, gran amigo de \u00d3scar Arias, mi gran amigo. Tony fue presidente de la Asamblea Legislativa, abogado, fil\u00f3sofo y pol\u00edtico costarricense; y don Leonardo Garnier, catedr\u00e1tico de la Universidad de Costa Rica y ex ministro de Educaci\u00f3n.<\/p>\n\n\n\n<p>Dos figuras que, antes de estar yo en los espacios en los que hoy me muevo, no me hubiera imaginado conocer\u2026 y mucho menos recibir de ellos palabras de reconocimiento por mis escritos. Son de esos momentos que uno no fuerza, que no planifica, pero que llegan\u2026 y cuando llegan, se sienten.<\/p>\n\n\n\n<p>La tarde continu\u00f3 con la presentaci\u00f3n del libro de Mar\u00eda Bonilla, mientras la mesa se llenaba no solo de nombres, sino de historias. Yo, por mi parte, tom\u00e9 agua, un capuchino y unas butifarras. Detalles simples, pero que forman parte de la escena. Las personas segu\u00edan llegando, present\u00e1ndose, sum\u00e1ndose a una lista que, poco a poco, se volv\u00eda m\u00e1s nutrida, m\u00e1s interesante, m\u00e1s diversa. Una mesa para unas veinticinco personas, m\u00e1s o menos, que compart\u00edan ese momento sin saber del todo hacia d\u00f3nde iba a llevar la noche.<\/p>\n\n\n\n<p>Y en esa llegada sutil de nuevas personas, apareci\u00f3 alguien a quien quer\u00eda conocer: Carlos Rubio. Nos encontramos, nos saludamos, nos tomamos una foto\u2026 y nos ca\u00edmos bien. De esos encuentros que no necesitan mucho para sentirse aut\u00e9nticos. Quedamos en vernos para un caf\u00e9. Y en medio de todo eso, tambi\u00e9n me qued\u00f3 una peque\u00f1a espina: no haber pedido el tel\u00e9fono de Tony Pacheco. S\u00e9 que podr\u00eda ayudarme con mi libro sobre f\u00e1rmaco din\u00e1mica en la Asamblea Legislativa. Son esos detalles que uno aprende a cuidar para la pr\u00f3xima.<\/p>\n\n\n\n<p>La noche termin\u00f3, no sin antes me invitaran para el pr\u00f3ximo mes, para la pr\u00f3xima reuni\u00f3n, para otro gran momento de alto y agradable nivel.<\/p>\n\n\n\n<p>Y al salir, hubo un \u00faltimo momento que se qued\u00f3 conmigo. La Galer\u00eda Talentum iluminada de una forma hermosa. El Centro de Cine. El Instituto Nacional de Seguros. Todo ese entorno, visto desde afuera, ten\u00eda algo especial. Algo que no siempre se ve cuando uno est\u00e1 adentro de los espacios.<\/p>\n\n\n\n<p>Sub\u00ed al carro.<\/p>\n\n\n\n<p>Y mientras manejaba de regreso a casa, con las banderas blancas ondeando con el logo de Apacigua tu ser interior, entend\u00ed algo con mucha claridad. Ese camino, ese lugar al que hab\u00eda llegado, esa mesa, esas conversaciones\u2026 no eran casualidad.<\/p>\n\n\n\n<p>Hab\u00edan sido posibles por el camino recorrido. Por la campa\u00f1a. Por el trabajo. Y, sobre todo\u2026 por el amor a la patria.<\/p>\n","protected":false},"excerpt":{"rendered":"<p>Por Vinicio Jarqu\u00edn Fui invitado por Eugenio Herrera a participar en un par de actividades un mi\u00e9rcoles por la tarde [&hellip;]<\/p>\n","protected":false},"author":1,"featured_media":3507,"comment_status":"open","ping_status":"open","sticky":false,"template":"","format":"standard","meta":{"site-sidebar-layout":"default","site-content-layout":"","ast-site-content-layout":"","site-content-style":"default","site-sidebar-style":"default","ast-global-header-display":"","ast-banner-title-visibility":"","ast-main-header-display":"","ast-hfb-above-header-display":"","ast-hfb-below-header-display":"","ast-hfb-mobile-header-display":"","site-post-title":"","ast-breadcrumbs-content":"","ast-featured-img":"","footer-sml-layout":"","theme-transparent-header-meta":"","adv-header-id-meta":"","stick-header-meta":"","header-above-stick-meta":"","header-main-stick-meta":"","header-below-stick-meta":"","astra-migrate-meta-layouts":"default","ast-page-background-enabled":"default","ast-page-background-meta":{"desktop":{"background-color":"var(--ast-global-color-5)","background-image":"","background-repeat":"repeat","background-position":"center center","background-size":"auto","background-attachment":"scroll","background-type":"","background-media":"","overlay-type":"","overlay-color":"","overlay-opacity":"","overlay-gradient":""},"tablet":{"background-color":"","background-image":"","background-repeat":"repeat","background-position":"center center","background-size":"auto","background-attachment":"scroll","background-type":"","background-media":"","overlay-type":"","overlay-color":"","overlay-opacity":"","overlay-gradient":""},"mobile":{"background-color":"","background-image":"","background-repeat":"repeat","background-position":"center center","background-size":"auto","background-attachment":"scroll","background-type":"","background-media":"","overlay-type":"","overlay-color":"","overlay-opacity":"","overlay-gradient":""}},"ast-content-background-meta":{"desktop":{"background-color":"var(--ast-global-color-4)","background-image":"","background-repeat":"repeat","background-position":"center center","background-size":"auto","background-attachment":"scroll","background-type":"","background-media":"","overlay-type":"","overlay-color":"","overlay-opacity":"","overlay-gradient":""},"tablet":{"background-color":"var(--ast-global-color-4)","background-image":"","background-repeat":"repeat","background-position":"center center","background-size":"auto","background-attachment":"scroll","background-type":"","background-media":"","overlay-type":"","overlay-color":"","overlay-opacity":"","overlay-gradient":""},"mobile":{"background-color":"var(--ast-global-color-4)","background-image":"","background-repeat":"repeat","background-position":"center center","background-size":"auto","background-attachment":"scroll","background-type":"","background-media":"","overlay-type":"","overlay-color":"","overlay-opacity":"","overlay-gradient":""}},"footnotes":""},"categories":[9],"tags":[],"class_list":["post-3502","post","type-post","status-publish","format-standard","has-post-thumbnail","hentry","category-mis-escritos"],"yoast_head":"<!-- This site is optimized with the Yoast SEO plugin v26.0 - https:\/\/yoast.com\/wordpress\/plugins\/seo\/ -->\n<title>Una noche en Talentum - MI BLOG<\/title>\n<meta name=\"robots\" content=\"index, follow, max-snippet:-1, max-image-preview:large, max-video-preview:-1\" \/>\n<link rel=\"canonical\" href=\"https:\/\/viniciojarquin.com\/blog\/una-noche-en-talentum\/\" \/>\n<meta property=\"og:locale\" content=\"es_ES\" \/>\n<meta property=\"og:type\" content=\"article\" \/>\n<meta property=\"og:title\" content=\"Una noche en Talentum - MI BLOG\" \/>\n<meta property=\"og:description\" content=\"Por Vinicio Jarqu\u00edn Fui invitado por Eugenio Herrera a participar en un par de actividades un mi\u00e9rcoles por la tarde [&hellip;]\" \/>\n<meta property=\"og:url\" content=\"https:\/\/viniciojarquin.com\/blog\/una-noche-en-talentum\/\" \/>\n<meta property=\"og:site_name\" content=\"MI BLOG\" \/>\n<meta property=\"article:publisher\" content=\"https:\/\/www.facebook.com\/vinicio.jarquin\" \/>\n<meta property=\"article:author\" content=\"https:\/\/www.facebook.com\/vinicio.jarquin\" \/>\n<meta property=\"article:published_time\" content=\"2026-04-23T05:14:51+00:00\" \/>\n<meta property=\"article:modified_time\" content=\"2026-04-23T05:21:05+00:00\" \/>\n<meta property=\"og:image\" content=\"https:\/\/viniciojarquin.com\/blog\/wp-content\/uploads\/2026\/04\/WhatsApp-Image-2026-04-22-at-11.20.02-PM.jpeg\" \/>\n\t<meta property=\"og:image:width\" content=\"959\" \/>\n\t<meta property=\"og:image:height\" content=\"1280\" \/>\n\t<meta property=\"og:image:type\" content=\"image\/jpeg\" \/>\n<meta name=\"author\" content=\"Vinicio Jarqu\u00edn\" \/>\n<meta name=\"twitter:card\" content=\"summary_large_image\" \/>\n<meta name=\"twitter:label1\" content=\"Escrito por\" \/>\n\t<meta name=\"twitter:data1\" content=\"Vinicio Jarqu\u00edn\" \/>\n\t<meta name=\"twitter:label2\" content=\"Tiempo de lectura\" \/>\n\t<meta name=\"twitter:data2\" content=\"5 minutos\" \/>\n<script type=\"application\/ld+json\" class=\"yoast-schema-graph\">{\"@context\":\"https:\/\/schema.org\",\"@graph\":[{\"@type\":\"Article\",\"@id\":\"https:\/\/viniciojarquin.com\/blog\/una-noche-en-talentum\/#article\",\"isPartOf\":{\"@id\":\"https:\/\/viniciojarquin.com\/blog\/una-noche-en-talentum\/\"},\"author\":{\"name\":\"Vinicio Jarqu\u00edn\",\"@id\":\"https:\/\/viniciojarquin.com\/blog\/#\/schema\/person\/90100c8845ae55462ec0657d3d2f8d3b\"},\"headline\":\"Una noche en Talentum\",\"datePublished\":\"2026-04-23T05:14:51+00:00\",\"dateModified\":\"2026-04-23T05:21:05+00:00\",\"mainEntityOfPage\":{\"@id\":\"https:\/\/viniciojarquin.com\/blog\/una-noche-en-talentum\/\"},\"wordCount\":863,\"commentCount\":0,\"publisher\":{\"@id\":\"https:\/\/viniciojarquin.com\/blog\/#\/schema\/person\/90100c8845ae55462ec0657d3d2f8d3b\"},\"image\":{\"@id\":\"https:\/\/viniciojarquin.com\/blog\/una-noche-en-talentum\/#primaryimage\"},\"thumbnailUrl\":\"https:\/\/viniciojarquin.com\/blog\/wp-content\/uploads\/2026\/04\/WhatsApp-Image-2026-04-22-at-11.20.02-PM.jpeg\",\"articleSection\":[\"Escritos generales\"],\"inLanguage\":\"es\",\"potentialAction\":[{\"@type\":\"CommentAction\",\"name\":\"Comment\",\"target\":[\"https:\/\/viniciojarquin.com\/blog\/una-noche-en-talentum\/#respond\"]}]},{\"@type\":\"WebPage\",\"@id\":\"https:\/\/viniciojarquin.com\/blog\/una-noche-en-talentum\/\",\"url\":\"https:\/\/viniciojarquin.com\/blog\/una-noche-en-talentum\/\",\"name\":\"Una noche en Talentum - MI BLOG\",\"isPartOf\":{\"@id\":\"https:\/\/viniciojarquin.com\/blog\/#website\"},\"primaryImageOfPage\":{\"@id\":\"https:\/\/viniciojarquin.com\/blog\/una-noche-en-talentum\/#primaryimage\"},\"image\":{\"@id\":\"https:\/\/viniciojarquin.com\/blog\/una-noche-en-talentum\/#primaryimage\"},\"thumbnailUrl\":\"https:\/\/viniciojarquin.com\/blog\/wp-content\/uploads\/2026\/04\/WhatsApp-Image-2026-04-22-at-11.20.02-PM.jpeg\",\"datePublished\":\"2026-04-23T05:14:51+00:00\",\"dateModified\":\"2026-04-23T05:21:05+00:00\",\"breadcrumb\":{\"@id\":\"https:\/\/viniciojarquin.com\/blog\/una-noche-en-talentum\/#breadcrumb\"},\"inLanguage\":\"es\",\"potentialAction\":[{\"@type\":\"ReadAction\",\"target\":[\"https:\/\/viniciojarquin.com\/blog\/una-noche-en-talentum\/\"]}]},{\"@type\":\"ImageObject\",\"inLanguage\":\"es\",\"@id\":\"https:\/\/viniciojarquin.com\/blog\/una-noche-en-talentum\/#primaryimage\",\"url\":\"https:\/\/viniciojarquin.com\/blog\/wp-content\/uploads\/2026\/04\/WhatsApp-Image-2026-04-22-at-11.20.02-PM.jpeg\",\"contentUrl\":\"https:\/\/viniciojarquin.com\/blog\/wp-content\/uploads\/2026\/04\/WhatsApp-Image-2026-04-22-at-11.20.02-PM.jpeg\",\"width\":959,\"height\":1280},{\"@type\":\"BreadcrumbList\",\"@id\":\"https:\/\/viniciojarquin.com\/blog\/una-noche-en-talentum\/#breadcrumb\",\"itemListElement\":[{\"@type\":\"ListItem\",\"position\":1,\"name\":\"Portada\",\"item\":\"https:\/\/viniciojarquin.com\/blog\/\"},{\"@type\":\"ListItem\",\"position\":2,\"name\":\"Una noche en Talentum\"}]},{\"@type\":\"WebSite\",\"@id\":\"https:\/\/viniciojarquin.com\/blog\/#website\",\"url\":\"https:\/\/viniciojarquin.com\/blog\/\",\"name\":\"Vinicio Jarqu\u00edn BLOG\",\"description\":\"\",\"publisher\":{\"@id\":\"https:\/\/viniciojarquin.com\/blog\/#\/schema\/person\/90100c8845ae55462ec0657d3d2f8d3b\"},\"potentialAction\":[{\"@type\":\"SearchAction\",\"target\":{\"@type\":\"EntryPoint\",\"urlTemplate\":\"https:\/\/viniciojarquin.com\/blog\/?s={search_term_string}\"},\"query-input\":{\"@type\":\"PropertyValueSpecification\",\"valueRequired\":true,\"valueName\":\"search_term_string\"}}],\"inLanguage\":\"es\"},{\"@type\":[\"Person\",\"Organization\"],\"@id\":\"https:\/\/viniciojarquin.com\/blog\/#\/schema\/person\/90100c8845ae55462ec0657d3d2f8d3b\",\"name\":\"Vinicio Jarqu\u00edn\",\"image\":{\"@type\":\"ImageObject\",\"inLanguage\":\"es\",\"@id\":\"https:\/\/viniciojarquin.com\/blog\/#\/schema\/person\/image\/\",\"url\":\"https:\/\/viniciojarquin.com\/blog\/wp-content\/uploads\/2024\/10\/Logo-VinicioJarquin-original-400.png\",\"contentUrl\":\"https:\/\/viniciojarquin.com\/blog\/wp-content\/uploads\/2024\/10\/Logo-VinicioJarquin-original-400.png\",\"width\":400,\"height\":130,\"caption\":\"Vinicio Jarqu\u00edn\"},\"logo\":{\"@id\":\"https:\/\/viniciojarquin.com\/blog\/#\/schema\/person\/image\/\"},\"description\":\"Empresario textil, artista pl\u00e1stico, escritor, coach de vida y fot\u00f3grafo.\",\"sameAs\":[\"https:\/\/viniciojarquin.com\/blog\",\"https:\/\/www.facebook.com\/vinicio.jarquin\",\"https:\/\/www.instagram.com\/vinicio_jarquin\/\",\"https:\/\/www.pinterest.com\/vinnyjc\/\",\"https:\/\/www.youtube.com\/@VinicioJarquin\"],\"url\":\"https:\/\/viniciojarquin.com\/blog\/author\/admin_s02au25i\/\"}]}<\/script>\n<!-- \/ Yoast SEO plugin. -->","yoast_head_json":{"title":"Una noche en Talentum - MI BLOG","robots":{"index":"index","follow":"follow","max-snippet":"max-snippet:-1","max-image-preview":"max-image-preview:large","max-video-preview":"max-video-preview:-1"},"canonical":"https:\/\/viniciojarquin.com\/blog\/una-noche-en-talentum\/","og_locale":"es_ES","og_type":"article","og_title":"Una noche en Talentum - MI BLOG","og_description":"Por Vinicio Jarqu\u00edn Fui invitado por Eugenio Herrera a participar en un par de actividades un mi\u00e9rcoles por la tarde [&hellip;]","og_url":"https:\/\/viniciojarquin.com\/blog\/una-noche-en-talentum\/","og_site_name":"MI BLOG","article_publisher":"https:\/\/www.facebook.com\/vinicio.jarquin","article_author":"https:\/\/www.facebook.com\/vinicio.jarquin","article_published_time":"2026-04-23T05:14:51+00:00","article_modified_time":"2026-04-23T05:21:05+00:00","og_image":[{"width":959,"height":1280,"url":"https:\/\/viniciojarquin.com\/blog\/wp-content\/uploads\/2026\/04\/WhatsApp-Image-2026-04-22-at-11.20.02-PM.jpeg","type":"image\/jpeg"}],"author":"Vinicio Jarqu\u00edn","twitter_card":"summary_large_image","twitter_misc":{"Escrito por":"Vinicio Jarqu\u00edn","Tiempo de lectura":"5 minutos"},"schema":{"@context":"https:\/\/schema.org","@graph":[{"@type":"Article","@id":"https:\/\/viniciojarquin.com\/blog\/una-noche-en-talentum\/#article","isPartOf":{"@id":"https:\/\/viniciojarquin.com\/blog\/una-noche-en-talentum\/"},"author":{"name":"Vinicio Jarqu\u00edn","@id":"https:\/\/viniciojarquin.com\/blog\/#\/schema\/person\/90100c8845ae55462ec0657d3d2f8d3b"},"headline":"Una noche en Talentum","datePublished":"2026-04-23T05:14:51+00:00","dateModified":"2026-04-23T05:21:05+00:00","mainEntityOfPage":{"@id":"https:\/\/viniciojarquin.com\/blog\/una-noche-en-talentum\/"},"wordCount":863,"commentCount":0,"publisher":{"@id":"https:\/\/viniciojarquin.com\/blog\/#\/schema\/person\/90100c8845ae55462ec0657d3d2f8d3b"},"image":{"@id":"https:\/\/viniciojarquin.com\/blog\/una-noche-en-talentum\/#primaryimage"},"thumbnailUrl":"https:\/\/viniciojarquin.com\/blog\/wp-content\/uploads\/2026\/04\/WhatsApp-Image-2026-04-22-at-11.20.02-PM.jpeg","articleSection":["Escritos generales"],"inLanguage":"es","potentialAction":[{"@type":"CommentAction","name":"Comment","target":["https:\/\/viniciojarquin.com\/blog\/una-noche-en-talentum\/#respond"]}]},{"@type":"WebPage","@id":"https:\/\/viniciojarquin.com\/blog\/una-noche-en-talentum\/","url":"https:\/\/viniciojarquin.com\/blog\/una-noche-en-talentum\/","name":"Una noche en Talentum - MI BLOG","isPartOf":{"@id":"https:\/\/viniciojarquin.com\/blog\/#website"},"primaryImageOfPage":{"@id":"https:\/\/viniciojarquin.com\/blog\/una-noche-en-talentum\/#primaryimage"},"image":{"@id":"https:\/\/viniciojarquin.com\/blog\/una-noche-en-talentum\/#primaryimage"},"thumbnailUrl":"https:\/\/viniciojarquin.com\/blog\/wp-content\/uploads\/2026\/04\/WhatsApp-Image-2026-04-22-at-11.20.02-PM.jpeg","datePublished":"2026-04-23T05:14:51+00:00","dateModified":"2026-04-23T05:21:05+00:00","breadcrumb":{"@id":"https:\/\/viniciojarquin.com\/blog\/una-noche-en-talentum\/#breadcrumb"},"inLanguage":"es","potentialAction":[{"@type":"ReadAction","target":["https:\/\/viniciojarquin.com\/blog\/una-noche-en-talentum\/"]}]},{"@type":"ImageObject","inLanguage":"es","@id":"https:\/\/viniciojarquin.com\/blog\/una-noche-en-talentum\/#primaryimage","url":"https:\/\/viniciojarquin.com\/blog\/wp-content\/uploads\/2026\/04\/WhatsApp-Image-2026-04-22-at-11.20.02-PM.jpeg","contentUrl":"https:\/\/viniciojarquin.com\/blog\/wp-content\/uploads\/2026\/04\/WhatsApp-Image-2026-04-22-at-11.20.02-PM.jpeg","width":959,"height":1280},{"@type":"BreadcrumbList","@id":"https:\/\/viniciojarquin.com\/blog\/una-noche-en-talentum\/#breadcrumb","itemListElement":[{"@type":"ListItem","position":1,"name":"Portada","item":"https:\/\/viniciojarquin.com\/blog\/"},{"@type":"ListItem","position":2,"name":"Una noche en Talentum"}]},{"@type":"WebSite","@id":"https:\/\/viniciojarquin.com\/blog\/#website","url":"https:\/\/viniciojarquin.com\/blog\/","name":"Vinicio Jarqu\u00edn BLOG","description":"","publisher":{"@id":"https:\/\/viniciojarquin.com\/blog\/#\/schema\/person\/90100c8845ae55462ec0657d3d2f8d3b"},"potentialAction":[{"@type":"SearchAction","target":{"@type":"EntryPoint","urlTemplate":"https:\/\/viniciojarquin.com\/blog\/?s={search_term_string}"},"query-input":{"@type":"PropertyValueSpecification","valueRequired":true,"valueName":"search_term_string"}}],"inLanguage":"es"},{"@type":["Person","Organization"],"@id":"https:\/\/viniciojarquin.com\/blog\/#\/schema\/person\/90100c8845ae55462ec0657d3d2f8d3b","name":"Vinicio Jarqu\u00edn","image":{"@type":"ImageObject","inLanguage":"es","@id":"https:\/\/viniciojarquin.com\/blog\/#\/schema\/person\/image\/","url":"https:\/\/viniciojarquin.com\/blog\/wp-content\/uploads\/2024\/10\/Logo-VinicioJarquin-original-400.png","contentUrl":"https:\/\/viniciojarquin.com\/blog\/wp-content\/uploads\/2024\/10\/Logo-VinicioJarquin-original-400.png","width":400,"height":130,"caption":"Vinicio Jarqu\u00edn"},"logo":{"@id":"https:\/\/viniciojarquin.com\/blog\/#\/schema\/person\/image\/"},"description":"Empresario textil, artista pl\u00e1stico, escritor, coach de vida y fot\u00f3grafo.","sameAs":["https:\/\/viniciojarquin.com\/blog","https:\/\/www.facebook.com\/vinicio.jarquin","https:\/\/www.instagram.com\/vinicio_jarquin\/","https:\/\/www.pinterest.com\/vinnyjc\/","https:\/\/www.youtube.com\/@VinicioJarquin"],"url":"https:\/\/viniciojarquin.com\/blog\/author\/admin_s02au25i\/"}]}},"blog_post_layout_featured_media_urls":{"thumbnail":["https:\/\/viniciojarquin.com\/blog\/wp-content\/uploads\/2026\/04\/WhatsApp-Image-2026-04-22-at-11.20.02-PM-150x150.jpeg",150,150,true],"full":["https:\/\/viniciojarquin.com\/blog\/wp-content\/uploads\/2026\/04\/WhatsApp-Image-2026-04-22-at-11.20.02-PM.jpeg",959,1280,false]},"categories_names":{"9":{"name":"Escritos generales","link":"https:\/\/viniciojarquin.com\/blog\/category\/mis-escritos\/"}},"tags_names":[],"comments_number":"0","_links":{"self":[{"href":"https:\/\/viniciojarquin.com\/blog\/wp-json\/wp\/v2\/posts\/3502","targetHints":{"allow":["GET"]}}],"collection":[{"href":"https:\/\/viniciojarquin.com\/blog\/wp-json\/wp\/v2\/posts"}],"about":[{"href":"https:\/\/viniciojarquin.com\/blog\/wp-json\/wp\/v2\/types\/post"}],"author":[{"embeddable":true,"href":"https:\/\/viniciojarquin.com\/blog\/wp-json\/wp\/v2\/users\/1"}],"replies":[{"embeddable":true,"href":"https:\/\/viniciojarquin.com\/blog\/wp-json\/wp\/v2\/comments?post=3502"}],"version-history":[{"count":3,"href":"https:\/\/viniciojarquin.com\/blog\/wp-json\/wp\/v2\/posts\/3502\/revisions"}],"predecessor-version":[{"id":3508,"href":"https:\/\/viniciojarquin.com\/blog\/wp-json\/wp\/v2\/posts\/3502\/revisions\/3508"}],"wp:featuredmedia":[{"embeddable":true,"href":"https:\/\/viniciojarquin.com\/blog\/wp-json\/wp\/v2\/media\/3507"}],"wp:attachment":[{"href":"https:\/\/viniciojarquin.com\/blog\/wp-json\/wp\/v2\/media?parent=3502"}],"wp:term":[{"taxonomy":"category","embeddable":true,"href":"https:\/\/viniciojarquin.com\/blog\/wp-json\/wp\/v2\/categories?post=3502"},{"taxonomy":"post_tag","embeddable":true,"href":"https:\/\/viniciojarquin.com\/blog\/wp-json\/wp\/v2\/tags?post=3502"}],"curies":[{"name":"wp","href":"https:\/\/api.w.org\/{rel}","templated":true}]}}