{"id":3509,"date":"2026-04-23T16:14:39","date_gmt":"2026-04-23T16:14:39","guid":{"rendered":"https:\/\/viniciojarquin.com\/blog\/?p=3509"},"modified":"2026-04-23T16:15:52","modified_gmt":"2026-04-23T16:15:52","slug":"cuando-lo-legal-no-alcanza","status":"publish","type":"post","link":"https:\/\/viniciojarquin.com\/blog\/cuando-lo-legal-no-alcanza\/","title":{"rendered":"Cuando lo legal no alcanza"},"content":{"rendered":"\n<figure class=\"wp-block-image size-full\"><img decoding=\"async\" width=\"800\" height=\"533\" data-src=\"https:\/\/viniciojarquin.com\/blog\/wp-content\/uploads\/2026\/04\/cuando-lo-legarl-no-alcanza.png\" alt=\"\" class=\"wp-image-3514 lazyload\" data-srcset=\"https:\/\/viniciojarquin.com\/blog\/wp-content\/uploads\/2026\/04\/cuando-lo-legarl-no-alcanza.png 800w, https:\/\/viniciojarquin.com\/blog\/wp-content\/uploads\/2026\/04\/cuando-lo-legarl-no-alcanza-300x200.png 300w, https:\/\/viniciojarquin.com\/blog\/wp-content\/uploads\/2026\/04\/cuando-lo-legarl-no-alcanza-768x512.png 768w\" data-sizes=\"(max-width: 800px) 100vw, 800px\" src=\"data:image\/svg+xml;base64,PHN2ZyB3aWR0aD0iMSIgaGVpZ2h0PSIxIiB4bWxucz0iaHR0cDovL3d3dy53My5vcmcvMjAwMC9zdmciPjwvc3ZnPg==\" style=\"--smush-placeholder-width: 800px; --smush-placeholder-aspect-ratio: 800\/533;\" \/><\/figure>\n\n\n\n<p>He visto la informaci\u00f3n que circula sobre el estancamiento en la elecci\u00f3n de magistrados en la Asamblea Legislativa, un proceso que, seg\u00fan corresponde, deb\u00eda resolverse dentro de esta misma conformaci\u00f3n del Congreso, pero que hoy se encuentra detenido en medio de din\u00e1micas que van m\u00e1s all\u00e1 de lo t\u00e9cnico y entran en lo profundamente humano, en ese terreno donde las decisiones ya no solo responden a procedimientos, sino a intenciones, lecturas del momento y formas de ejercer el poder.<\/p>\n\n\n\n<p>Y aqu\u00ed es donde aparece una pregunta que no es c\u00f3moda, pero s\u00ed necesaria: \u00bftodo lo que es legal\u2026 es tambi\u00e9n correcto? Porque seg\u00fan se comenta, existe la posibilidad de que este proceso no avance, no por incapacidad, sino por estrategia, una pausa que, aunque permitida dentro del marco legal, abrir\u00eda la puerta para que la siguiente Asamblea \u2014con una correlaci\u00f3n distinta de fuerzas\u2014 sea la que termine tomando la decisi\u00f3n, trasladando as\u00ed una responsabilidad que ten\u00eda su tiempo y su espacio definidos.<\/p>\n\n\n\n<p>Y entonces el tema deja de ser jur\u00eddico y pasa a ser \u00e9tico, porque algunas personas han interpretado este escenario como un intento de la Asamblea actual de contener o equilibrar el poder futuro, mientras otros lo ven al rev\u00e9s, como una forma de proyectar control hacia adelante, asegurando decisiones clave desde una nueva configuraci\u00f3n pol\u00edtica; las lecturas son distintas, las intenciones dif\u00edciles de comprobar con certeza, pero lo que s\u00ed empieza a percibirse es una sensaci\u00f3n de desplazamiento, de algo que se mueve de lugar.<\/p>\n\n\n\n<p>Cuando una decisi\u00f3n que le corresponde a un momento espec\u00edfico se traslada, aunque sea legalmente, hacia otro momento m\u00e1s conveniente, lo que se mueve no es solo el procedimiento\u2026 es la confianza, porque la institucionalidad no se sostiene \u00fanicamente en lo que est\u00e1 permitido hacer, sino en lo que corresponde hacer, y esa diferencia, aunque sutil, es profunda y termina marcando la forma en la que una ciudadan\u00eda interpreta a quienes toman decisiones en su nombre.<\/p>\n\n\n\n<p>Este no es un tema de bandos, no es un tema de qui\u00e9n gana o qui\u00e9n pierde, es un tema de c\u00f3mo elegimos ejercer el poder cuando lo tenemos, de si usamos las reglas para cumplir con nuestra responsabilidad o para acomodar el resultado, y en medio de todo esto la ciudadan\u00eda observa, a veces con claridad, a veces con confusi\u00f3n, porque no siempre es f\u00e1cil distinguir entre estrategia y manipulaci\u00f3n, entre t\u00e1ctica y responsabilidad.<\/p>\n\n\n\n<p>Tal vez por eso vale la pena detenerse un momento, no para reaccionar de inmediato ni para tomar una postura apresurada, sino para respirar y preguntarse, m\u00e1s all\u00e1 de lo pol\u00edtico: \u00bfqu\u00e9 tipo de decisiones fortalecen realmente al pa\u00eds? Porque al final, m\u00e1s que qui\u00e9n nombre a los magistrados, lo que est\u00e1 en juego es algo m\u00e1s silencioso\u2026 pero mucho m\u00e1s importante, la forma en la que entendemos lo correcto.<\/p>\n\n\n\n<p>Y cuando logr\u00e1s salir un poco del ruido, cuando dej\u00e1s de ver esto como una jugada y empez\u00e1s a verlo como una se\u00f1al, tal vez encontr\u00e1s un espacio m\u00e1s tranquilo para pensar, no desde la reacci\u00f3n, sino desde la conciencia, y ah\u00ed, en ese peque\u00f1o espacio, tambi\u00e9n pod\u00e9s volver a vos\u2026 y elegir con m\u00e1s calma desde d\u00f3nde quer\u00e9s mirar lo que est\u00e1 pasando.<\/p>\n","protected":false},"excerpt":{"rendered":"<p>He visto la informaci\u00f3n que circula sobre el estancamiento en la elecci\u00f3n de magistrados en la Asamblea Legislativa, un proceso [&hellip;]<\/p>\n","protected":false},"author":1,"featured_media":3514,"comment_status":"open","ping_status":"open","sticky":false,"template":"","format":"standard","meta":{"site-sidebar-layout":"default","site-content-layout":"","ast-site-content-layout":"","site-content-style":"default","site-sidebar-style":"default","ast-global-header-display":"","ast-banner-title-visibility":"","ast-main-header-display":"","ast-hfb-above-header-display":"","ast-hfb-below-header-display":"","ast-hfb-mobile-header-display":"","site-post-title":"","ast-breadcrumbs-content":"","ast-featured-img":"","footer-sml-layout":"","theme-transparent-header-meta":"","adv-header-id-meta":"","stick-header-meta":"","header-above-stick-meta":"","header-main-stick-meta":"","header-below-stick-meta":"","astra-migrate-meta-layouts":"default","ast-page-background-enabled":"default","ast-page-background-meta":{"desktop":{"background-color":"var(--ast-global-color-5)","background-image":"","background-repeat":"repeat","background-position":"center center","background-size":"auto","background-attachment":"scroll","background-type":"","background-media":"","overlay-type":"","overlay-color":"","overlay-opacity":"","overlay-gradient":""},"tablet":{"background-color":"","background-image":"","background-repeat":"repeat","background-position":"center center","background-size":"auto","background-attachment":"scroll","background-type":"","background-media":"","overlay-type":"","overlay-color":"","overlay-opacity":"","overlay-gradient":""},"mobile":{"background-color":"","background-image":"","background-repeat":"repeat","background-position":"center center","background-size":"auto","background-attachment":"scroll","background-type":"","background-media":"","overlay-type":"","overlay-color":"","overlay-opacity":"","overlay-gradient":""}},"ast-content-background-meta":{"desktop":{"background-color":"var(--ast-global-color-4)","background-image":"","background-repeat":"repeat","background-position":"center center","background-size":"auto","background-attachment":"scroll","background-type":"","background-media":"","overlay-type":"","overlay-color":"","overlay-opacity":"","overlay-gradient":""},"tablet":{"background-color":"var(--ast-global-color-4)","background-image":"","background-repeat":"repeat","background-position":"center center","background-size":"auto","background-attachment":"scroll","background-type":"","background-media":"","overlay-type":"","overlay-color":"","overlay-opacity":"","overlay-gradient":""},"mobile":{"background-color":"var(--ast-global-color-4)","background-image":"","background-repeat":"repeat","background-position":"center center","background-size":"auto","background-attachment":"scroll","background-type":"","background-media":"","overlay-type":"","overlay-color":"","overlay-opacity":"","overlay-gradient":""}},"footnotes":""},"categories":[9,1],"tags":[],"class_list":["post-3509","post","type-post","status-publish","format-standard","has-post-thumbnail","hentry","category-mis-escritos","category-uncategorized"],"yoast_head":"<!-- This site is optimized with the Yoast SEO plugin v26.0 - https:\/\/yoast.com\/wordpress\/plugins\/seo\/ -->\n<title>Cuando lo legal no alcanza - MI BLOG<\/title>\n<meta name=\"robots\" content=\"index, follow, max-snippet:-1, max-image-preview:large, max-video-preview:-1\" \/>\n<link rel=\"canonical\" href=\"https:\/\/viniciojarquin.com\/blog\/cuando-lo-legal-no-alcanza\/\" \/>\n<meta property=\"og:locale\" content=\"es_ES\" \/>\n<meta property=\"og:type\" content=\"article\" \/>\n<meta property=\"og:title\" content=\"Cuando lo legal no alcanza - MI BLOG\" \/>\n<meta property=\"og:description\" content=\"He visto la informaci\u00f3n que circula sobre el estancamiento en la elecci\u00f3n de magistrados en la Asamblea Legislativa, un proceso [&hellip;]\" \/>\n<meta property=\"og:url\" content=\"https:\/\/viniciojarquin.com\/blog\/cuando-lo-legal-no-alcanza\/\" \/>\n<meta property=\"og:site_name\" content=\"MI BLOG\" \/>\n<meta property=\"article:publisher\" content=\"https:\/\/www.facebook.com\/vinicio.jarquin\" \/>\n<meta property=\"article:author\" content=\"https:\/\/www.facebook.com\/vinicio.jarquin\" \/>\n<meta property=\"article:published_time\" content=\"2026-04-23T16:14:39+00:00\" \/>\n<meta property=\"article:modified_time\" content=\"2026-04-23T16:15:52+00:00\" \/>\n<meta property=\"og:image\" content=\"https:\/\/viniciojarquin.com\/blog\/wp-content\/uploads\/2026\/04\/cuando-lo-legarl-no-alcanza.png\" \/>\n\t<meta property=\"og:image:width\" content=\"800\" \/>\n\t<meta property=\"og:image:height\" content=\"533\" \/>\n\t<meta property=\"og:image:type\" content=\"image\/png\" \/>\n<meta name=\"author\" content=\"Vinicio Jarqu\u00edn\" \/>\n<meta name=\"twitter:card\" content=\"summary_large_image\" \/>\n<meta name=\"twitter:label1\" content=\"Escrito por\" \/>\n\t<meta name=\"twitter:data1\" content=\"Vinicio Jarqu\u00edn\" \/>\n\t<meta name=\"twitter:label2\" content=\"Tiempo de lectura\" \/>\n\t<meta name=\"twitter:data2\" content=\"3 minutos\" \/>\n<script type=\"application\/ld+json\" class=\"yoast-schema-graph\">{\"@context\":\"https:\/\/schema.org\",\"@graph\":[{\"@type\":\"Article\",\"@id\":\"https:\/\/viniciojarquin.com\/blog\/cuando-lo-legal-no-alcanza\/#article\",\"isPartOf\":{\"@id\":\"https:\/\/viniciojarquin.com\/blog\/cuando-lo-legal-no-alcanza\/\"},\"author\":{\"name\":\"Vinicio Jarqu\u00edn\",\"@id\":\"https:\/\/viniciojarquin.com\/blog\/#\/schema\/person\/90100c8845ae55462ec0657d3d2f8d3b\"},\"headline\":\"Cuando lo legal no alcanza\",\"datePublished\":\"2026-04-23T16:14:39+00:00\",\"dateModified\":\"2026-04-23T16:15:52+00:00\",\"mainEntityOfPage\":{\"@id\":\"https:\/\/viniciojarquin.com\/blog\/cuando-lo-legal-no-alcanza\/\"},\"wordCount\":591,\"commentCount\":0,\"publisher\":{\"@id\":\"https:\/\/viniciojarquin.com\/blog\/#\/schema\/person\/90100c8845ae55462ec0657d3d2f8d3b\"},\"image\":{\"@id\":\"https:\/\/viniciojarquin.com\/blog\/cuando-lo-legal-no-alcanza\/#primaryimage\"},\"thumbnailUrl\":\"https:\/\/viniciojarquin.com\/blog\/wp-content\/uploads\/2026\/04\/cuando-lo-legarl-no-alcanza.png\",\"articleSection\":[\"Escritos generales\",\"Uncategorized\"],\"inLanguage\":\"es\",\"potentialAction\":[{\"@type\":\"CommentAction\",\"name\":\"Comment\",\"target\":[\"https:\/\/viniciojarquin.com\/blog\/cuando-lo-legal-no-alcanza\/#respond\"]}]},{\"@type\":\"WebPage\",\"@id\":\"https:\/\/viniciojarquin.com\/blog\/cuando-lo-legal-no-alcanza\/\",\"url\":\"https:\/\/viniciojarquin.com\/blog\/cuando-lo-legal-no-alcanza\/\",\"name\":\"Cuando lo legal no alcanza - MI BLOG\",\"isPartOf\":{\"@id\":\"https:\/\/viniciojarquin.com\/blog\/#website\"},\"primaryImageOfPage\":{\"@id\":\"https:\/\/viniciojarquin.com\/blog\/cuando-lo-legal-no-alcanza\/#primaryimage\"},\"image\":{\"@id\":\"https:\/\/viniciojarquin.com\/blog\/cuando-lo-legal-no-alcanza\/#primaryimage\"},\"thumbnailUrl\":\"https:\/\/viniciojarquin.com\/blog\/wp-content\/uploads\/2026\/04\/cuando-lo-legarl-no-alcanza.png\",\"datePublished\":\"2026-04-23T16:14:39+00:00\",\"dateModified\":\"2026-04-23T16:15:52+00:00\",\"breadcrumb\":{\"@id\":\"https:\/\/viniciojarquin.com\/blog\/cuando-lo-legal-no-alcanza\/#breadcrumb\"},\"inLanguage\":\"es\",\"potentialAction\":[{\"@type\":\"ReadAction\",\"target\":[\"https:\/\/viniciojarquin.com\/blog\/cuando-lo-legal-no-alcanza\/\"]}]},{\"@type\":\"ImageObject\",\"inLanguage\":\"es\",\"@id\":\"https:\/\/viniciojarquin.com\/blog\/cuando-lo-legal-no-alcanza\/#primaryimage\",\"url\":\"https:\/\/viniciojarquin.com\/blog\/wp-content\/uploads\/2026\/04\/cuando-lo-legarl-no-alcanza.png\",\"contentUrl\":\"https:\/\/viniciojarquin.com\/blog\/wp-content\/uploads\/2026\/04\/cuando-lo-legarl-no-alcanza.png\",\"width\":800,\"height\":533},{\"@type\":\"BreadcrumbList\",\"@id\":\"https:\/\/viniciojarquin.com\/blog\/cuando-lo-legal-no-alcanza\/#breadcrumb\",\"itemListElement\":[{\"@type\":\"ListItem\",\"position\":1,\"name\":\"Portada\",\"item\":\"https:\/\/viniciojarquin.com\/blog\/\"},{\"@type\":\"ListItem\",\"position\":2,\"name\":\"Cuando lo legal no alcanza\"}]},{\"@type\":\"WebSite\",\"@id\":\"https:\/\/viniciojarquin.com\/blog\/#website\",\"url\":\"https:\/\/viniciojarquin.com\/blog\/\",\"name\":\"Vinicio Jarqu\u00edn BLOG\",\"description\":\"\",\"publisher\":{\"@id\":\"https:\/\/viniciojarquin.com\/blog\/#\/schema\/person\/90100c8845ae55462ec0657d3d2f8d3b\"},\"potentialAction\":[{\"@type\":\"SearchAction\",\"target\":{\"@type\":\"EntryPoint\",\"urlTemplate\":\"https:\/\/viniciojarquin.com\/blog\/?s={search_term_string}\"},\"query-input\":{\"@type\":\"PropertyValueSpecification\",\"valueRequired\":true,\"valueName\":\"search_term_string\"}}],\"inLanguage\":\"es\"},{\"@type\":[\"Person\",\"Organization\"],\"@id\":\"https:\/\/viniciojarquin.com\/blog\/#\/schema\/person\/90100c8845ae55462ec0657d3d2f8d3b\",\"name\":\"Vinicio Jarqu\u00edn\",\"image\":{\"@type\":\"ImageObject\",\"inLanguage\":\"es\",\"@id\":\"https:\/\/viniciojarquin.com\/blog\/#\/schema\/person\/image\/\",\"url\":\"https:\/\/viniciojarquin.com\/blog\/wp-content\/uploads\/2024\/10\/Logo-VinicioJarquin-original-400.png\",\"contentUrl\":\"https:\/\/viniciojarquin.com\/blog\/wp-content\/uploads\/2024\/10\/Logo-VinicioJarquin-original-400.png\",\"width\":400,\"height\":130,\"caption\":\"Vinicio Jarqu\u00edn\"},\"logo\":{\"@id\":\"https:\/\/viniciojarquin.com\/blog\/#\/schema\/person\/image\/\"},\"description\":\"Empresario textil, artista pl\u00e1stico, escritor, coach de vida y fot\u00f3grafo.\",\"sameAs\":[\"https:\/\/viniciojarquin.com\/blog\",\"https:\/\/www.facebook.com\/vinicio.jarquin\",\"https:\/\/www.instagram.com\/vinicio_jarquin\/\",\"https:\/\/www.pinterest.com\/vinnyjc\/\",\"https:\/\/www.youtube.com\/@VinicioJarquin\"],\"url\":\"https:\/\/viniciojarquin.com\/blog\/author\/admin_s02au25i\/\"}]}<\/script>\n<!-- \/ Yoast SEO plugin. -->","yoast_head_json":{"title":"Cuando lo legal no alcanza - MI BLOG","robots":{"index":"index","follow":"follow","max-snippet":"max-snippet:-1","max-image-preview":"max-image-preview:large","max-video-preview":"max-video-preview:-1"},"canonical":"https:\/\/viniciojarquin.com\/blog\/cuando-lo-legal-no-alcanza\/","og_locale":"es_ES","og_type":"article","og_title":"Cuando lo legal no alcanza - MI BLOG","og_description":"He visto la informaci\u00f3n que circula sobre el estancamiento en la elecci\u00f3n de magistrados en la Asamblea Legislativa, un proceso [&hellip;]","og_url":"https:\/\/viniciojarquin.com\/blog\/cuando-lo-legal-no-alcanza\/","og_site_name":"MI BLOG","article_publisher":"https:\/\/www.facebook.com\/vinicio.jarquin","article_author":"https:\/\/www.facebook.com\/vinicio.jarquin","article_published_time":"2026-04-23T16:14:39+00:00","article_modified_time":"2026-04-23T16:15:52+00:00","og_image":[{"width":800,"height":533,"url":"https:\/\/viniciojarquin.com\/blog\/wp-content\/uploads\/2026\/04\/cuando-lo-legarl-no-alcanza.png","type":"image\/png"}],"author":"Vinicio Jarqu\u00edn","twitter_card":"summary_large_image","twitter_misc":{"Escrito por":"Vinicio Jarqu\u00edn","Tiempo de lectura":"3 minutos"},"schema":{"@context":"https:\/\/schema.org","@graph":[{"@type":"Article","@id":"https:\/\/viniciojarquin.com\/blog\/cuando-lo-legal-no-alcanza\/#article","isPartOf":{"@id":"https:\/\/viniciojarquin.com\/blog\/cuando-lo-legal-no-alcanza\/"},"author":{"name":"Vinicio Jarqu\u00edn","@id":"https:\/\/viniciojarquin.com\/blog\/#\/schema\/person\/90100c8845ae55462ec0657d3d2f8d3b"},"headline":"Cuando lo legal no alcanza","datePublished":"2026-04-23T16:14:39+00:00","dateModified":"2026-04-23T16:15:52+00:00","mainEntityOfPage":{"@id":"https:\/\/viniciojarquin.com\/blog\/cuando-lo-legal-no-alcanza\/"},"wordCount":591,"commentCount":0,"publisher":{"@id":"https:\/\/viniciojarquin.com\/blog\/#\/schema\/person\/90100c8845ae55462ec0657d3d2f8d3b"},"image":{"@id":"https:\/\/viniciojarquin.com\/blog\/cuando-lo-legal-no-alcanza\/#primaryimage"},"thumbnailUrl":"https:\/\/viniciojarquin.com\/blog\/wp-content\/uploads\/2026\/04\/cuando-lo-legarl-no-alcanza.png","articleSection":["Escritos generales","Uncategorized"],"inLanguage":"es","potentialAction":[{"@type":"CommentAction","name":"Comment","target":["https:\/\/viniciojarquin.com\/blog\/cuando-lo-legal-no-alcanza\/#respond"]}]},{"@type":"WebPage","@id":"https:\/\/viniciojarquin.com\/blog\/cuando-lo-legal-no-alcanza\/","url":"https:\/\/viniciojarquin.com\/blog\/cuando-lo-legal-no-alcanza\/","name":"Cuando lo legal no alcanza - MI BLOG","isPartOf":{"@id":"https:\/\/viniciojarquin.com\/blog\/#website"},"primaryImageOfPage":{"@id":"https:\/\/viniciojarquin.com\/blog\/cuando-lo-legal-no-alcanza\/#primaryimage"},"image":{"@id":"https:\/\/viniciojarquin.com\/blog\/cuando-lo-legal-no-alcanza\/#primaryimage"},"thumbnailUrl":"https:\/\/viniciojarquin.com\/blog\/wp-content\/uploads\/2026\/04\/cuando-lo-legarl-no-alcanza.png","datePublished":"2026-04-23T16:14:39+00:00","dateModified":"2026-04-23T16:15:52+00:00","breadcrumb":{"@id":"https:\/\/viniciojarquin.com\/blog\/cuando-lo-legal-no-alcanza\/#breadcrumb"},"inLanguage":"es","potentialAction":[{"@type":"ReadAction","target":["https:\/\/viniciojarquin.com\/blog\/cuando-lo-legal-no-alcanza\/"]}]},{"@type":"ImageObject","inLanguage":"es","@id":"https:\/\/viniciojarquin.com\/blog\/cuando-lo-legal-no-alcanza\/#primaryimage","url":"https:\/\/viniciojarquin.com\/blog\/wp-content\/uploads\/2026\/04\/cuando-lo-legarl-no-alcanza.png","contentUrl":"https:\/\/viniciojarquin.com\/blog\/wp-content\/uploads\/2026\/04\/cuando-lo-legarl-no-alcanza.png","width":800,"height":533},{"@type":"BreadcrumbList","@id":"https:\/\/viniciojarquin.com\/blog\/cuando-lo-legal-no-alcanza\/#breadcrumb","itemListElement":[{"@type":"ListItem","position":1,"name":"Portada","item":"https:\/\/viniciojarquin.com\/blog\/"},{"@type":"ListItem","position":2,"name":"Cuando lo legal no alcanza"}]},{"@type":"WebSite","@id":"https:\/\/viniciojarquin.com\/blog\/#website","url":"https:\/\/viniciojarquin.com\/blog\/","name":"Vinicio Jarqu\u00edn BLOG","description":"","publisher":{"@id":"https:\/\/viniciojarquin.com\/blog\/#\/schema\/person\/90100c8845ae55462ec0657d3d2f8d3b"},"potentialAction":[{"@type":"SearchAction","target":{"@type":"EntryPoint","urlTemplate":"https:\/\/viniciojarquin.com\/blog\/?s={search_term_string}"},"query-input":{"@type":"PropertyValueSpecification","valueRequired":true,"valueName":"search_term_string"}}],"inLanguage":"es"},{"@type":["Person","Organization"],"@id":"https:\/\/viniciojarquin.com\/blog\/#\/schema\/person\/90100c8845ae55462ec0657d3d2f8d3b","name":"Vinicio Jarqu\u00edn","image":{"@type":"ImageObject","inLanguage":"es","@id":"https:\/\/viniciojarquin.com\/blog\/#\/schema\/person\/image\/","url":"https:\/\/viniciojarquin.com\/blog\/wp-content\/uploads\/2024\/10\/Logo-VinicioJarquin-original-400.png","contentUrl":"https:\/\/viniciojarquin.com\/blog\/wp-content\/uploads\/2024\/10\/Logo-VinicioJarquin-original-400.png","width":400,"height":130,"caption":"Vinicio Jarqu\u00edn"},"logo":{"@id":"https:\/\/viniciojarquin.com\/blog\/#\/schema\/person\/image\/"},"description":"Empresario textil, artista pl\u00e1stico, escritor, coach de vida y fot\u00f3grafo.","sameAs":["https:\/\/viniciojarquin.com\/blog","https:\/\/www.facebook.com\/vinicio.jarquin","https:\/\/www.instagram.com\/vinicio_jarquin\/","https:\/\/www.pinterest.com\/vinnyjc\/","https:\/\/www.youtube.com\/@VinicioJarquin"],"url":"https:\/\/viniciojarquin.com\/blog\/author\/admin_s02au25i\/"}]}},"blog_post_layout_featured_media_urls":{"thumbnail":["https:\/\/viniciojarquin.com\/blog\/wp-content\/uploads\/2026\/04\/cuando-lo-legarl-no-alcanza-150x150.png",150,150,true],"full":["https:\/\/viniciojarquin.com\/blog\/wp-content\/uploads\/2026\/04\/cuando-lo-legarl-no-alcanza.png",800,533,false]},"categories_names":{"9":{"name":"Escritos generales","link":"https:\/\/viniciojarquin.com\/blog\/category\/mis-escritos\/"},"1":{"name":"Uncategorized","link":"https:\/\/viniciojarquin.com\/blog\/category\/uncategorized\/"}},"tags_names":[],"comments_number":"0","_links":{"self":[{"href":"https:\/\/viniciojarquin.com\/blog\/wp-json\/wp\/v2\/posts\/3509","targetHints":{"allow":["GET"]}}],"collection":[{"href":"https:\/\/viniciojarquin.com\/blog\/wp-json\/wp\/v2\/posts"}],"about":[{"href":"https:\/\/viniciojarquin.com\/blog\/wp-json\/wp\/v2\/types\/post"}],"author":[{"embeddable":true,"href":"https:\/\/viniciojarquin.com\/blog\/wp-json\/wp\/v2\/users\/1"}],"replies":[{"embeddable":true,"href":"https:\/\/viniciojarquin.com\/blog\/wp-json\/wp\/v2\/comments?post=3509"}],"version-history":[{"count":2,"href":"https:\/\/viniciojarquin.com\/blog\/wp-json\/wp\/v2\/posts\/3509\/revisions"}],"predecessor-version":[{"id":3515,"href":"https:\/\/viniciojarquin.com\/blog\/wp-json\/wp\/v2\/posts\/3509\/revisions\/3515"}],"wp:featuredmedia":[{"embeddable":true,"href":"https:\/\/viniciojarquin.com\/blog\/wp-json\/wp\/v2\/media\/3514"}],"wp:attachment":[{"href":"https:\/\/viniciojarquin.com\/blog\/wp-json\/wp\/v2\/media?parent=3509"}],"wp:term":[{"taxonomy":"category","embeddable":true,"href":"https:\/\/viniciojarquin.com\/blog\/wp-json\/wp\/v2\/categories?post=3509"},{"taxonomy":"post_tag","embeddable":true,"href":"https:\/\/viniciojarquin.com\/blog\/wp-json\/wp\/v2\/tags?post=3509"}],"curies":[{"name":"wp","href":"https:\/\/api.w.org\/{rel}","templated":true}]}}