{"id":3510,"date":"2026-04-23T16:14:23","date_gmt":"2026-04-23T16:14:23","guid":{"rendered":"https:\/\/viniciojarquin.com\/blog\/?p=3510"},"modified":"2026-04-27T02:07:31","modified_gmt":"2026-04-27T02:07:31","slug":"leer-mas-alla-del-titular","status":"publish","type":"post","link":"https:\/\/viniciojarquin.com\/blog\/leer-mas-alla-del-titular\/","title":{"rendered":"Leer m\u00e1s all\u00e1 del titular"},"content":{"rendered":"\n<figure class=\"wp-block-image size-full\"><img decoding=\"async\" width=\"800\" height=\"533\" data-src=\"https:\/\/viniciojarquin.com\/blog\/wp-content\/uploads\/2026\/04\/Leer-mas-alla-del-titular.png\" alt=\"\" class=\"wp-image-3516 lazyload\" data-srcset=\"https:\/\/viniciojarquin.com\/blog\/wp-content\/uploads\/2026\/04\/Leer-mas-alla-del-titular.png 800w, https:\/\/viniciojarquin.com\/blog\/wp-content\/uploads\/2026\/04\/Leer-mas-alla-del-titular-300x200.png 300w, https:\/\/viniciojarquin.com\/blog\/wp-content\/uploads\/2026\/04\/Leer-mas-alla-del-titular-768x512.png 768w\" data-sizes=\"(max-width: 800px) 100vw, 800px\" src=\"data:image\/svg+xml;base64,PHN2ZyB3aWR0aD0iMSIgaGVpZ2h0PSIxIiB4bWxucz0iaHR0cDovL3d3dy53My5vcmcvMjAwMC9zdmciPjwvc3ZnPg==\" style=\"--smush-placeholder-width: 800px; --smush-placeholder-aspect-ratio: 800\/533;\" \/><\/figure>\n\n\n\n<p>Hoy me encontr\u00e9 con una noticia publicada por <em>La Rep\u00fablica<\/em> y republicada en redes por Daniel Suchar. El titular dec\u00eda, en esencia, que el Frente Amplio busca cambiar la educaci\u00f3n religiosa y sustituirla por islam, budismo y una visi\u00f3n integral. Es un titular que, por su forma, genera una reacci\u00f3n inmediata, porque plantea una idea directa, casi confrontativa, que f\u00e1cilmente puede activar emociones, opiniones y hasta rechazo sin necesidad de profundizar m\u00e1s. Es el tipo de frase que uno lee r\u00e1pido, interpreta a\u00fan m\u00e1s r\u00e1pido\u2026 y sobre la cual ya empieza a construir un criterio.<\/p>\n\n\n\n<p>Pero cuando uno se toma el tiempo de entrar al contenido completo, lo que se encuentra es otra cosa. La nota, en t\u00e9rminos generales, habla de una propuesta para reformar la educaci\u00f3n religiosa en el pa\u00eds, no para sustituir una religi\u00f3n por otras espec\u00edficas, sino para eliminar su car\u00e1cter exclusivo y abrir el espacio a una visi\u00f3n m\u00e1s plural, intercultural y basada en derechos humanos. Se plantea un modelo donde se reconozcan distintas expresiones religiosas, incluyendo el cristianismo, dentro de un enfoque m\u00e1s amplio. Es decir, lo que se propone no es un reemplazo directo, sino una ampliaci\u00f3n del marco desde el cual se ense\u00f1a.<\/p>\n\n\n\n<p>Y aqu\u00ed es donde aparece algo que va m\u00e1s all\u00e1 de esta noticia puntual. Porque la diferencia entre lo que sugiere el titular y lo que explica el contenido no es menor. Es una diferencia que cambia completamente la forma en que se percibe la propuesta. El titular simplifica, direcciona, acomoda la interpretaci\u00f3n hacia un lugar espec\u00edfico. El contenido, en cambio, matiza, explica, abre el panorama. Y en ese espacio entre una cosa y la otra, es donde empieza a jugar algo mucho m\u00e1s delicado: la forma en que se construye el criterio de quienes consumen esa informaci\u00f3n.<\/p>\n\n\n\n<p>Cuando una publicaci\u00f3n as\u00ed es tomada y republicada por personas con experiencia, con trayectoria, con influencia, sin detenerse a hacer ese an\u00e1lisis, lo que ocurre no es solo una reproducci\u00f3n de contenido. Es una amplificaci\u00f3n de una lectura parcial. Y eso tiene un impacto real. Porque muchas personas no van m\u00e1s all\u00e1 del titular. No leen el fondo. No contrastan. Se quedan con esa primera impresi\u00f3n\u2026 y desde ah\u00ed forman opini\u00f3n.<\/p>\n\n\n\n<p>Esto no es un tema de ideolog\u00edas. No es un tema de estar a favor o en contra de una propuesta. Es un tema de c\u00f3mo nos estamos relacionando con la informaci\u00f3n. De cu\u00e1nto estamos dispuestos a pausar antes de reaccionar. De si realmente estamos leyendo\u2026 o solo estamos consumiendo.<\/p>\n\n\n\n<p>Tal vez por eso hoy la invitaci\u00f3n es m\u00e1s simple de lo que parece. No es cambiar de postura. No es discutir qui\u00e9n tiene la raz\u00f3n. Es algo m\u00e1s b\u00e1sico, pero m\u00e1s profundo: leer completo, entender antes de opinar, y reconocer que no todo lo que se presenta de una forma, realmente es as\u00ed.<\/p>\n\n\n\n<p>Y en medio de todo este ruido, de titulares, de reacciones, de interpretaciones r\u00e1pidas, quiz\u00e1 lo m\u00e1s valioso que pod\u00e9s hacer es detenerte un momento, bajar el ritmo, y darte el espacio de pensar con m\u00e1s claridad. Porque a veces, lo que cambia no es la noticia\u2026 es la forma en que decid\u00eds mirarla.<\/p>\n","protected":false},"excerpt":{"rendered":"<p>Hoy me encontr\u00e9 con una noticia publicada por La Rep\u00fablica y republicada en redes por Daniel Suchar. El titular dec\u00eda, [&hellip;]<\/p>\n","protected":false},"author":1,"featured_media":3516,"comment_status":"open","ping_status":"open","sticky":false,"template":"","format":"standard","meta":{"site-sidebar-layout":"default","site-content-layout":"","ast-site-content-layout":"","site-content-style":"default","site-sidebar-style":"default","ast-global-header-display":"","ast-banner-title-visibility":"","ast-main-header-display":"","ast-hfb-above-header-display":"","ast-hfb-below-header-display":"","ast-hfb-mobile-header-display":"","site-post-title":"","ast-breadcrumbs-content":"","ast-featured-img":"","footer-sml-layout":"","theme-transparent-header-meta":"","adv-header-id-meta":"","stick-header-meta":"","header-above-stick-meta":"","header-main-stick-meta":"","header-below-stick-meta":"","astra-migrate-meta-layouts":"default","ast-page-background-enabled":"default","ast-page-background-meta":{"desktop":{"background-color":"var(--ast-global-color-5)","background-image":"","background-repeat":"repeat","background-position":"center center","background-size":"auto","background-attachment":"scroll","background-type":"","background-media":"","overlay-type":"","overlay-color":"","overlay-opacity":"","overlay-gradient":""},"tablet":{"background-color":"","background-image":"","background-repeat":"repeat","background-position":"center center","background-size":"auto","background-attachment":"scroll","background-type":"","background-media":"","overlay-type":"","overlay-color":"","overlay-opacity":"","overlay-gradient":""},"mobile":{"background-color":"","background-image":"","background-repeat":"repeat","background-position":"center center","background-size":"auto","background-attachment":"scroll","background-type":"","background-media":"","overlay-type":"","overlay-color":"","overlay-opacity":"","overlay-gradient":""}},"ast-content-background-meta":{"desktop":{"background-color":"var(--ast-global-color-4)","background-image":"","background-repeat":"repeat","background-position":"center center","background-size":"auto","background-attachment":"scroll","background-type":"","background-media":"","overlay-type":"","overlay-color":"","overlay-opacity":"","overlay-gradient":""},"tablet":{"background-color":"var(--ast-global-color-4)","background-image":"","background-repeat":"repeat","background-position":"center center","background-size":"auto","background-attachment":"scroll","background-type":"","background-media":"","overlay-type":"","overlay-color":"","overlay-opacity":"","overlay-gradient":""},"mobile":{"background-color":"var(--ast-global-color-4)","background-image":"","background-repeat":"repeat","background-position":"center center","background-size":"auto","background-attachment":"scroll","background-type":"","background-media":"","overlay-type":"","overlay-color":"","overlay-opacity":"","overlay-gradient":""}},"footnotes":""},"categories":[9],"tags":[],"class_list":["post-3510","post","type-post","status-publish","format-standard","has-post-thumbnail","hentry","category-mis-escritos"],"yoast_head":"<!-- This site is optimized with the Yoast SEO plugin v26.0 - https:\/\/yoast.com\/wordpress\/plugins\/seo\/ -->\n<title>Leer m\u00e1s all\u00e1 del titular - MI BLOG<\/title>\n<meta name=\"robots\" content=\"index, follow, max-snippet:-1, max-image-preview:large, max-video-preview:-1\" \/>\n<link rel=\"canonical\" href=\"https:\/\/viniciojarquin.com\/blog\/leer-mas-alla-del-titular\/\" \/>\n<meta property=\"og:locale\" content=\"es_ES\" \/>\n<meta property=\"og:type\" content=\"article\" \/>\n<meta property=\"og:title\" content=\"Leer m\u00e1s all\u00e1 del titular - MI BLOG\" \/>\n<meta property=\"og:description\" content=\"Hoy me encontr\u00e9 con una noticia publicada por La Rep\u00fablica y republicada en redes por Daniel Suchar. El titular dec\u00eda, [&hellip;]\" \/>\n<meta property=\"og:url\" content=\"https:\/\/viniciojarquin.com\/blog\/leer-mas-alla-del-titular\/\" \/>\n<meta property=\"og:site_name\" content=\"MI BLOG\" \/>\n<meta property=\"article:publisher\" content=\"https:\/\/www.facebook.com\/vinicio.jarquin\" \/>\n<meta property=\"article:author\" content=\"https:\/\/www.facebook.com\/vinicio.jarquin\" \/>\n<meta property=\"article:published_time\" content=\"2026-04-23T16:14:23+00:00\" \/>\n<meta property=\"article:modified_time\" content=\"2026-04-27T02:07:31+00:00\" \/>\n<meta property=\"og:image\" content=\"https:\/\/viniciojarquin.com\/blog\/wp-content\/uploads\/2026\/04\/Leer-mas-alla-del-titular.png\" \/>\n\t<meta property=\"og:image:width\" content=\"800\" \/>\n\t<meta property=\"og:image:height\" content=\"533\" \/>\n\t<meta property=\"og:image:type\" content=\"image\/png\" \/>\n<meta name=\"author\" content=\"Vinicio Jarqu\u00edn\" \/>\n<meta name=\"twitter:card\" content=\"summary_large_image\" \/>\n<meta name=\"twitter:label1\" content=\"Escrito por\" \/>\n\t<meta name=\"twitter:data1\" content=\"Vinicio Jarqu\u00edn\" \/>\n\t<meta name=\"twitter:label2\" content=\"Tiempo de lectura\" \/>\n\t<meta name=\"twitter:data2\" content=\"3 minutos\" \/>\n<script type=\"application\/ld+json\" class=\"yoast-schema-graph\">{\"@context\":\"https:\/\/schema.org\",\"@graph\":[{\"@type\":\"Article\",\"@id\":\"https:\/\/viniciojarquin.com\/blog\/leer-mas-alla-del-titular\/#article\",\"isPartOf\":{\"@id\":\"https:\/\/viniciojarquin.com\/blog\/leer-mas-alla-del-titular\/\"},\"author\":{\"name\":\"Vinicio Jarqu\u00edn\",\"@id\":\"https:\/\/viniciojarquin.com\/blog\/#\/schema\/person\/90100c8845ae55462ec0657d3d2f8d3b\"},\"headline\":\"Leer m\u00e1s all\u00e1 del titular\",\"datePublished\":\"2026-04-23T16:14:23+00:00\",\"dateModified\":\"2026-04-27T02:07:31+00:00\",\"mainEntityOfPage\":{\"@id\":\"https:\/\/viniciojarquin.com\/blog\/leer-mas-alla-del-titular\/\"},\"wordCount\":583,\"commentCount\":0,\"publisher\":{\"@id\":\"https:\/\/viniciojarquin.com\/blog\/#\/schema\/person\/90100c8845ae55462ec0657d3d2f8d3b\"},\"image\":{\"@id\":\"https:\/\/viniciojarquin.com\/blog\/leer-mas-alla-del-titular\/#primaryimage\"},\"thumbnailUrl\":\"https:\/\/viniciojarquin.com\/blog\/wp-content\/uploads\/2026\/04\/Leer-mas-alla-del-titular.png\",\"articleSection\":[\"Escritos generales\"],\"inLanguage\":\"es\",\"potentialAction\":[{\"@type\":\"CommentAction\",\"name\":\"Comment\",\"target\":[\"https:\/\/viniciojarquin.com\/blog\/leer-mas-alla-del-titular\/#respond\"]}]},{\"@type\":\"WebPage\",\"@id\":\"https:\/\/viniciojarquin.com\/blog\/leer-mas-alla-del-titular\/\",\"url\":\"https:\/\/viniciojarquin.com\/blog\/leer-mas-alla-del-titular\/\",\"name\":\"Leer m\u00e1s all\u00e1 del titular - MI BLOG\",\"isPartOf\":{\"@id\":\"https:\/\/viniciojarquin.com\/blog\/#website\"},\"primaryImageOfPage\":{\"@id\":\"https:\/\/viniciojarquin.com\/blog\/leer-mas-alla-del-titular\/#primaryimage\"},\"image\":{\"@id\":\"https:\/\/viniciojarquin.com\/blog\/leer-mas-alla-del-titular\/#primaryimage\"},\"thumbnailUrl\":\"https:\/\/viniciojarquin.com\/blog\/wp-content\/uploads\/2026\/04\/Leer-mas-alla-del-titular.png\",\"datePublished\":\"2026-04-23T16:14:23+00:00\",\"dateModified\":\"2026-04-27T02:07:31+00:00\",\"breadcrumb\":{\"@id\":\"https:\/\/viniciojarquin.com\/blog\/leer-mas-alla-del-titular\/#breadcrumb\"},\"inLanguage\":\"es\",\"potentialAction\":[{\"@type\":\"ReadAction\",\"target\":[\"https:\/\/viniciojarquin.com\/blog\/leer-mas-alla-del-titular\/\"]}]},{\"@type\":\"ImageObject\",\"inLanguage\":\"es\",\"@id\":\"https:\/\/viniciojarquin.com\/blog\/leer-mas-alla-del-titular\/#primaryimage\",\"url\":\"https:\/\/viniciojarquin.com\/blog\/wp-content\/uploads\/2026\/04\/Leer-mas-alla-del-titular.png\",\"contentUrl\":\"https:\/\/viniciojarquin.com\/blog\/wp-content\/uploads\/2026\/04\/Leer-mas-alla-del-titular.png\",\"width\":800,\"height\":533},{\"@type\":\"BreadcrumbList\",\"@id\":\"https:\/\/viniciojarquin.com\/blog\/leer-mas-alla-del-titular\/#breadcrumb\",\"itemListElement\":[{\"@type\":\"ListItem\",\"position\":1,\"name\":\"Portada\",\"item\":\"https:\/\/viniciojarquin.com\/blog\/\"},{\"@type\":\"ListItem\",\"position\":2,\"name\":\"Leer m\u00e1s all\u00e1 del titular\"}]},{\"@type\":\"WebSite\",\"@id\":\"https:\/\/viniciojarquin.com\/blog\/#website\",\"url\":\"https:\/\/viniciojarquin.com\/blog\/\",\"name\":\"Vinicio Jarqu\u00edn BLOG\",\"description\":\"\",\"publisher\":{\"@id\":\"https:\/\/viniciojarquin.com\/blog\/#\/schema\/person\/90100c8845ae55462ec0657d3d2f8d3b\"},\"potentialAction\":[{\"@type\":\"SearchAction\",\"target\":{\"@type\":\"EntryPoint\",\"urlTemplate\":\"https:\/\/viniciojarquin.com\/blog\/?s={search_term_string}\"},\"query-input\":{\"@type\":\"PropertyValueSpecification\",\"valueRequired\":true,\"valueName\":\"search_term_string\"}}],\"inLanguage\":\"es\"},{\"@type\":[\"Person\",\"Organization\"],\"@id\":\"https:\/\/viniciojarquin.com\/blog\/#\/schema\/person\/90100c8845ae55462ec0657d3d2f8d3b\",\"name\":\"Vinicio Jarqu\u00edn\",\"image\":{\"@type\":\"ImageObject\",\"inLanguage\":\"es\",\"@id\":\"https:\/\/viniciojarquin.com\/blog\/#\/schema\/person\/image\/\",\"url\":\"https:\/\/viniciojarquin.com\/blog\/wp-content\/uploads\/2024\/10\/Logo-VinicioJarquin-original-400.png\",\"contentUrl\":\"https:\/\/viniciojarquin.com\/blog\/wp-content\/uploads\/2024\/10\/Logo-VinicioJarquin-original-400.png\",\"width\":400,\"height\":130,\"caption\":\"Vinicio Jarqu\u00edn\"},\"logo\":{\"@id\":\"https:\/\/viniciojarquin.com\/blog\/#\/schema\/person\/image\/\"},\"description\":\"Empresario textil, artista pl\u00e1stico, escritor, coach de vida y fot\u00f3grafo.\",\"sameAs\":[\"https:\/\/viniciojarquin.com\/blog\",\"https:\/\/www.facebook.com\/vinicio.jarquin\",\"https:\/\/www.instagram.com\/vinicio_jarquin\/\",\"https:\/\/www.pinterest.com\/vinnyjc\/\",\"https:\/\/www.youtube.com\/@VinicioJarquin\"],\"url\":\"https:\/\/viniciojarquin.com\/blog\/author\/admin_s02au25i\/\"}]}<\/script>\n<!-- \/ Yoast SEO plugin. -->","yoast_head_json":{"title":"Leer m\u00e1s all\u00e1 del titular - MI BLOG","robots":{"index":"index","follow":"follow","max-snippet":"max-snippet:-1","max-image-preview":"max-image-preview:large","max-video-preview":"max-video-preview:-1"},"canonical":"https:\/\/viniciojarquin.com\/blog\/leer-mas-alla-del-titular\/","og_locale":"es_ES","og_type":"article","og_title":"Leer m\u00e1s all\u00e1 del titular - MI BLOG","og_description":"Hoy me encontr\u00e9 con una noticia publicada por La Rep\u00fablica y republicada en redes por Daniel Suchar. El titular dec\u00eda, [&hellip;]","og_url":"https:\/\/viniciojarquin.com\/blog\/leer-mas-alla-del-titular\/","og_site_name":"MI BLOG","article_publisher":"https:\/\/www.facebook.com\/vinicio.jarquin","article_author":"https:\/\/www.facebook.com\/vinicio.jarquin","article_published_time":"2026-04-23T16:14:23+00:00","article_modified_time":"2026-04-27T02:07:31+00:00","og_image":[{"width":800,"height":533,"url":"https:\/\/viniciojarquin.com\/blog\/wp-content\/uploads\/2026\/04\/Leer-mas-alla-del-titular.png","type":"image\/png"}],"author":"Vinicio Jarqu\u00edn","twitter_card":"summary_large_image","twitter_misc":{"Escrito por":"Vinicio Jarqu\u00edn","Tiempo de lectura":"3 minutos"},"schema":{"@context":"https:\/\/schema.org","@graph":[{"@type":"Article","@id":"https:\/\/viniciojarquin.com\/blog\/leer-mas-alla-del-titular\/#article","isPartOf":{"@id":"https:\/\/viniciojarquin.com\/blog\/leer-mas-alla-del-titular\/"},"author":{"name":"Vinicio Jarqu\u00edn","@id":"https:\/\/viniciojarquin.com\/blog\/#\/schema\/person\/90100c8845ae55462ec0657d3d2f8d3b"},"headline":"Leer m\u00e1s all\u00e1 del titular","datePublished":"2026-04-23T16:14:23+00:00","dateModified":"2026-04-27T02:07:31+00:00","mainEntityOfPage":{"@id":"https:\/\/viniciojarquin.com\/blog\/leer-mas-alla-del-titular\/"},"wordCount":583,"commentCount":0,"publisher":{"@id":"https:\/\/viniciojarquin.com\/blog\/#\/schema\/person\/90100c8845ae55462ec0657d3d2f8d3b"},"image":{"@id":"https:\/\/viniciojarquin.com\/blog\/leer-mas-alla-del-titular\/#primaryimage"},"thumbnailUrl":"https:\/\/viniciojarquin.com\/blog\/wp-content\/uploads\/2026\/04\/Leer-mas-alla-del-titular.png","articleSection":["Escritos generales"],"inLanguage":"es","potentialAction":[{"@type":"CommentAction","name":"Comment","target":["https:\/\/viniciojarquin.com\/blog\/leer-mas-alla-del-titular\/#respond"]}]},{"@type":"WebPage","@id":"https:\/\/viniciojarquin.com\/blog\/leer-mas-alla-del-titular\/","url":"https:\/\/viniciojarquin.com\/blog\/leer-mas-alla-del-titular\/","name":"Leer m\u00e1s all\u00e1 del titular - MI BLOG","isPartOf":{"@id":"https:\/\/viniciojarquin.com\/blog\/#website"},"primaryImageOfPage":{"@id":"https:\/\/viniciojarquin.com\/blog\/leer-mas-alla-del-titular\/#primaryimage"},"image":{"@id":"https:\/\/viniciojarquin.com\/blog\/leer-mas-alla-del-titular\/#primaryimage"},"thumbnailUrl":"https:\/\/viniciojarquin.com\/blog\/wp-content\/uploads\/2026\/04\/Leer-mas-alla-del-titular.png","datePublished":"2026-04-23T16:14:23+00:00","dateModified":"2026-04-27T02:07:31+00:00","breadcrumb":{"@id":"https:\/\/viniciojarquin.com\/blog\/leer-mas-alla-del-titular\/#breadcrumb"},"inLanguage":"es","potentialAction":[{"@type":"ReadAction","target":["https:\/\/viniciojarquin.com\/blog\/leer-mas-alla-del-titular\/"]}]},{"@type":"ImageObject","inLanguage":"es","@id":"https:\/\/viniciojarquin.com\/blog\/leer-mas-alla-del-titular\/#primaryimage","url":"https:\/\/viniciojarquin.com\/blog\/wp-content\/uploads\/2026\/04\/Leer-mas-alla-del-titular.png","contentUrl":"https:\/\/viniciojarquin.com\/blog\/wp-content\/uploads\/2026\/04\/Leer-mas-alla-del-titular.png","width":800,"height":533},{"@type":"BreadcrumbList","@id":"https:\/\/viniciojarquin.com\/blog\/leer-mas-alla-del-titular\/#breadcrumb","itemListElement":[{"@type":"ListItem","position":1,"name":"Portada","item":"https:\/\/viniciojarquin.com\/blog\/"},{"@type":"ListItem","position":2,"name":"Leer m\u00e1s all\u00e1 del titular"}]},{"@type":"WebSite","@id":"https:\/\/viniciojarquin.com\/blog\/#website","url":"https:\/\/viniciojarquin.com\/blog\/","name":"Vinicio Jarqu\u00edn BLOG","description":"","publisher":{"@id":"https:\/\/viniciojarquin.com\/blog\/#\/schema\/person\/90100c8845ae55462ec0657d3d2f8d3b"},"potentialAction":[{"@type":"SearchAction","target":{"@type":"EntryPoint","urlTemplate":"https:\/\/viniciojarquin.com\/blog\/?s={search_term_string}"},"query-input":{"@type":"PropertyValueSpecification","valueRequired":true,"valueName":"search_term_string"}}],"inLanguage":"es"},{"@type":["Person","Organization"],"@id":"https:\/\/viniciojarquin.com\/blog\/#\/schema\/person\/90100c8845ae55462ec0657d3d2f8d3b","name":"Vinicio Jarqu\u00edn","image":{"@type":"ImageObject","inLanguage":"es","@id":"https:\/\/viniciojarquin.com\/blog\/#\/schema\/person\/image\/","url":"https:\/\/viniciojarquin.com\/blog\/wp-content\/uploads\/2024\/10\/Logo-VinicioJarquin-original-400.png","contentUrl":"https:\/\/viniciojarquin.com\/blog\/wp-content\/uploads\/2024\/10\/Logo-VinicioJarquin-original-400.png","width":400,"height":130,"caption":"Vinicio Jarqu\u00edn"},"logo":{"@id":"https:\/\/viniciojarquin.com\/blog\/#\/schema\/person\/image\/"},"description":"Empresario textil, artista pl\u00e1stico, escritor, coach de vida y fot\u00f3grafo.","sameAs":["https:\/\/viniciojarquin.com\/blog","https:\/\/www.facebook.com\/vinicio.jarquin","https:\/\/www.instagram.com\/vinicio_jarquin\/","https:\/\/www.pinterest.com\/vinnyjc\/","https:\/\/www.youtube.com\/@VinicioJarquin"],"url":"https:\/\/viniciojarquin.com\/blog\/author\/admin_s02au25i\/"}]}},"blog_post_layout_featured_media_urls":{"thumbnail":["https:\/\/viniciojarquin.com\/blog\/wp-content\/uploads\/2026\/04\/Leer-mas-alla-del-titular-150x150.png",150,150,true],"full":["https:\/\/viniciojarquin.com\/blog\/wp-content\/uploads\/2026\/04\/Leer-mas-alla-del-titular.png",800,533,false]},"categories_names":{"9":{"name":"Escritos generales","link":"https:\/\/viniciojarquin.com\/blog\/category\/mis-escritos\/"}},"tags_names":[],"comments_number":"0","_links":{"self":[{"href":"https:\/\/viniciojarquin.com\/blog\/wp-json\/wp\/v2\/posts\/3510","targetHints":{"allow":["GET"]}}],"collection":[{"href":"https:\/\/viniciojarquin.com\/blog\/wp-json\/wp\/v2\/posts"}],"about":[{"href":"https:\/\/viniciojarquin.com\/blog\/wp-json\/wp\/v2\/types\/post"}],"author":[{"embeddable":true,"href":"https:\/\/viniciojarquin.com\/blog\/wp-json\/wp\/v2\/users\/1"}],"replies":[{"embeddable":true,"href":"https:\/\/viniciojarquin.com\/blog\/wp-json\/wp\/v2\/comments?post=3510"}],"version-history":[{"count":2,"href":"https:\/\/viniciojarquin.com\/blog\/wp-json\/wp\/v2\/posts\/3510\/revisions"}],"predecessor-version":[{"id":3517,"href":"https:\/\/viniciojarquin.com\/blog\/wp-json\/wp\/v2\/posts\/3510\/revisions\/3517"}],"wp:featuredmedia":[{"embeddable":true,"href":"https:\/\/viniciojarquin.com\/blog\/wp-json\/wp\/v2\/media\/3516"}],"wp:attachment":[{"href":"https:\/\/viniciojarquin.com\/blog\/wp-json\/wp\/v2\/media?parent=3510"}],"wp:term":[{"taxonomy":"category","embeddable":true,"href":"https:\/\/viniciojarquin.com\/blog\/wp-json\/wp\/v2\/categories?post=3510"},{"taxonomy":"post_tag","embeddable":true,"href":"https:\/\/viniciojarquin.com\/blog\/wp-json\/wp\/v2\/tags?post=3510"}],"curies":[{"name":"wp","href":"https:\/\/api.w.org\/{rel}","templated":true}]}}