{"id":3520,"date":"2026-04-23T16:40:35","date_gmt":"2026-04-23T16:40:35","guid":{"rendered":"https:\/\/viniciojarquin.com\/blog\/?p=3520"},"modified":"2026-04-23T16:40:37","modified_gmt":"2026-04-23T16:40:37","slug":"cuando-el-ruido-se-vuelve-noticia","status":"publish","type":"post","link":"https:\/\/viniciojarquin.com\/blog\/cuando-el-ruido-se-vuelve-noticia\/","title":{"rendered":"Cuando el ruido se vuelve noticia"},"content":{"rendered":"\n<figure class=\"wp-block-image size-full\"><img decoding=\"async\" width=\"800\" height=\"533\" data-src=\"https:\/\/viniciojarquin.com\/blog\/wp-content\/uploads\/2026\/04\/Cuando-el-ruido-se-vuelve-noticia.png\" alt=\"\" class=\"wp-image-3521 lazyload\" data-srcset=\"https:\/\/viniciojarquin.com\/blog\/wp-content\/uploads\/2026\/04\/Cuando-el-ruido-se-vuelve-noticia.png 800w, https:\/\/viniciojarquin.com\/blog\/wp-content\/uploads\/2026\/04\/Cuando-el-ruido-se-vuelve-noticia-300x200.png 300w, https:\/\/viniciojarquin.com\/blog\/wp-content\/uploads\/2026\/04\/Cuando-el-ruido-se-vuelve-noticia-768x512.png 768w\" data-sizes=\"(max-width: 800px) 100vw, 800px\" src=\"data:image\/svg+xml;base64,PHN2ZyB3aWR0aD0iMSIgaGVpZ2h0PSIxIiB4bWxucz0iaHR0cDovL3d3dy53My5vcmcvMjAwMC9zdmciPjwvc3ZnPg==\" style=\"--smush-placeholder-width: 800px; --smush-placeholder-aspect-ratio: 800\/533;\" \/><\/figure>\n\n\n\n<p>Al parecer hoy es uno de esos d\u00edas en los que todo parece convertirse en noticia: lo relevante, lo discutible, lo opinable\u2026 y tambi\u00e9n lo que, visto con un poco de calma, podr\u00eda no ser m\u00e1s que un momento inc\u00f3modo amplificado. Me encontr\u00e9 con un episodio difundido por la Revista Guana Actual, un medio que, en mi opini\u00f3n, no se caracteriza precisamente por presentar noticias de gran valor o profundidad, donde un periodista, insistente, inc\u00f3modo, incluso majadero para algunos, hac\u00eda lo que, en el fondo, forma parte de su trabajo: preguntar, repreguntar, incomodar si es necesario. No siempre gusta, no siempre se agradece, pero el cuestionamiento es parte del ejercicio period\u00edstico, y en ese sentido, no hay mucho que reprocharle.<\/p>\n\n\n\n<p>La escena toma otro giro cuando la entrevistada, la diputada Gloria Navas, reacciona y lo se\u00f1ala con su bast\u00f3n. Un gesto que, dependiendo de qui\u00e9n lo mire, puede parecer inapropiado, simb\u00f3lico o simplemente una respuesta a la incomodidad del momento. Y hasta ah\u00ed, podr\u00edamos estar frente a un intercambio tenso, humano, imperfecto\u2026 pero no necesariamente extraordinario.<\/p>\n\n\n\n<p>Sin embargo, lo que sigue es lo que termina convirtiendo el episodio en \u201cnoticia\u201d. Desde el estudio, algunos presentadores califican el hecho como una agresi\u00f3n, elevando el tono, cargando la interpretaci\u00f3n, empujando el relato hacia un lugar m\u00e1s intenso del que, a simple vista, parec\u00eda tener. Y entonces, lo que pudo haber sido un momento puntual, casi anecd\u00f3tico, pasa a ser amplificado, discutido, compartido\u2026 y, sobre todo, interpretado desde una emoci\u00f3n m\u00e1s alta.<\/p>\n\n\n\n<p>Y aqu\u00ed es donde vale la pena detenerse un momento, no para se\u00f1alar con dureza, sino para observar con criterio. Porque entre el hecho y la narrativa hay un espacio donde se decide si algo escala\u2026 o si se comprende. Tal vez la diputada reaccion\u00f3 desde la incomodidad. Tal vez el periodista estaba cumpliendo su rol. Tal vez ambos actuaron dentro de lo que, en lo humano, puede ocurrir cuando las tensiones suben un poco. Pero cuando el relato se construye desde la exageraci\u00f3n, cuando se le da una dimensi\u00f3n mayor a lo que realmente fue, el foco deja de estar en el hecho\u2026 y pasa a estar en la reacci\u00f3n que se quiere provocar.<\/p>\n\n\n\n<p>Y eso tambi\u00e9n es parte de lo que consumimos. Porque cuando no hay grandes eventos, cualquier momento puede ser elevado a categor\u00eda de conflicto. Y en ese proceso, se corre el riesgo de perder proporci\u00f3n, de empezar a ver agresi\u00f3n donde hubo incomodidad, de alimentar tensi\u00f3n donde pudo haberse quedado en un intercambio m\u00e1s.<\/p>\n\n\n\n<p>Esto no es una defensa. Es una invitaci\u00f3n a mirar con m\u00e1s calma, a no reaccionar de inmediato a c\u00f3mo nos cuentan las cosas, a darnos el espacio de observar antes de amplificar. Porque no todo lo que se presenta como conflicto lo es, y tal vez, en medio de tanto ruido, elegir bajar la intensidad tambi\u00e9n es una forma de cuidar la conversaci\u00f3n.<\/p>\n\n\n\n<p>Respir\u00e1 un momento, baj\u00e1 el ritmo\u2026 y antes de tomar posici\u00f3n, simplemente observ\u00e1.<\/p>\n","protected":false},"excerpt":{"rendered":"<p>Al parecer hoy es uno de esos d\u00edas en los que todo parece convertirse en noticia: lo relevante, lo discutible, [&hellip;]<\/p>\n","protected":false},"author":1,"featured_media":3521,"comment_status":"open","ping_status":"open","sticky":false,"template":"","format":"standard","meta":{"site-sidebar-layout":"default","site-content-layout":"","ast-site-content-layout":"","site-content-style":"default","site-sidebar-style":"default","ast-global-header-display":"","ast-banner-title-visibility":"","ast-main-header-display":"","ast-hfb-above-header-display":"","ast-hfb-below-header-display":"","ast-hfb-mobile-header-display":"","site-post-title":"","ast-breadcrumbs-content":"","ast-featured-img":"","footer-sml-layout":"","theme-transparent-header-meta":"","adv-header-id-meta":"","stick-header-meta":"","header-above-stick-meta":"","header-main-stick-meta":"","header-below-stick-meta":"","astra-migrate-meta-layouts":"default","ast-page-background-enabled":"default","ast-page-background-meta":{"desktop":{"background-color":"var(--ast-global-color-5)","background-image":"","background-repeat":"repeat","background-position":"center center","background-size":"auto","background-attachment":"scroll","background-type":"","background-media":"","overlay-type":"","overlay-color":"","overlay-opacity":"","overlay-gradient":""},"tablet":{"background-color":"","background-image":"","background-repeat":"repeat","background-position":"center center","background-size":"auto","background-attachment":"scroll","background-type":"","background-media":"","overlay-type":"","overlay-color":"","overlay-opacity":"","overlay-gradient":""},"mobile":{"background-color":"","background-image":"","background-repeat":"repeat","background-position":"center center","background-size":"auto","background-attachment":"scroll","background-type":"","background-media":"","overlay-type":"","overlay-color":"","overlay-opacity":"","overlay-gradient":""}},"ast-content-background-meta":{"desktop":{"background-color":"var(--ast-global-color-4)","background-image":"","background-repeat":"repeat","background-position":"center center","background-size":"auto","background-attachment":"scroll","background-type":"","background-media":"","overlay-type":"","overlay-color":"","overlay-opacity":"","overlay-gradient":""},"tablet":{"background-color":"var(--ast-global-color-4)","background-image":"","background-repeat":"repeat","background-position":"center center","background-size":"auto","background-attachment":"scroll","background-type":"","background-media":"","overlay-type":"","overlay-color":"","overlay-opacity":"","overlay-gradient":""},"mobile":{"background-color":"var(--ast-global-color-4)","background-image":"","background-repeat":"repeat","background-position":"center center","background-size":"auto","background-attachment":"scroll","background-type":"","background-media":"","overlay-type":"","overlay-color":"","overlay-opacity":"","overlay-gradient":""}},"footnotes":""},"categories":[9],"tags":[],"class_list":["post-3520","post","type-post","status-publish","format-standard","has-post-thumbnail","hentry","category-mis-escritos"],"yoast_head":"<!-- This site is optimized with the Yoast SEO plugin v26.0 - https:\/\/yoast.com\/wordpress\/plugins\/seo\/ -->\n<title>Cuando el ruido se vuelve noticia - MI BLOG<\/title>\n<meta name=\"robots\" content=\"index, follow, max-snippet:-1, max-image-preview:large, max-video-preview:-1\" \/>\n<link rel=\"canonical\" href=\"https:\/\/viniciojarquin.com\/blog\/cuando-el-ruido-se-vuelve-noticia\/\" \/>\n<meta property=\"og:locale\" content=\"es_ES\" \/>\n<meta property=\"og:type\" content=\"article\" \/>\n<meta property=\"og:title\" content=\"Cuando el ruido se vuelve noticia - MI BLOG\" \/>\n<meta property=\"og:description\" content=\"Al parecer hoy es uno de esos d\u00edas en los que todo parece convertirse en noticia: lo relevante, lo discutible, [&hellip;]\" \/>\n<meta property=\"og:url\" content=\"https:\/\/viniciojarquin.com\/blog\/cuando-el-ruido-se-vuelve-noticia\/\" \/>\n<meta property=\"og:site_name\" content=\"MI BLOG\" \/>\n<meta property=\"article:publisher\" content=\"https:\/\/www.facebook.com\/vinicio.jarquin\" \/>\n<meta property=\"article:author\" content=\"https:\/\/www.facebook.com\/vinicio.jarquin\" \/>\n<meta property=\"article:published_time\" content=\"2026-04-23T16:40:35+00:00\" \/>\n<meta property=\"article:modified_time\" content=\"2026-04-23T16:40:37+00:00\" \/>\n<meta property=\"og:image\" content=\"https:\/\/viniciojarquin.com\/blog\/wp-content\/uploads\/2026\/04\/Cuando-el-ruido-se-vuelve-noticia.png\" \/>\n\t<meta property=\"og:image:width\" content=\"800\" \/>\n\t<meta property=\"og:image:height\" content=\"533\" \/>\n\t<meta property=\"og:image:type\" content=\"image\/png\" \/>\n<meta name=\"author\" content=\"Vinicio Jarqu\u00edn\" \/>\n<meta name=\"twitter:card\" content=\"summary_large_image\" \/>\n<meta name=\"twitter:label1\" content=\"Escrito por\" \/>\n\t<meta name=\"twitter:data1\" content=\"Vinicio Jarqu\u00edn\" \/>\n\t<meta name=\"twitter:label2\" content=\"Tiempo de lectura\" \/>\n\t<meta name=\"twitter:data2\" content=\"3 minutos\" \/>\n<script type=\"application\/ld+json\" class=\"yoast-schema-graph\">{\"@context\":\"https:\/\/schema.org\",\"@graph\":[{\"@type\":\"Article\",\"@id\":\"https:\/\/viniciojarquin.com\/blog\/cuando-el-ruido-se-vuelve-noticia\/#article\",\"isPartOf\":{\"@id\":\"https:\/\/viniciojarquin.com\/blog\/cuando-el-ruido-se-vuelve-noticia\/\"},\"author\":{\"name\":\"Vinicio Jarqu\u00edn\",\"@id\":\"https:\/\/viniciojarquin.com\/blog\/#\/schema\/person\/90100c8845ae55462ec0657d3d2f8d3b\"},\"headline\":\"Cuando el ruido se vuelve noticia\",\"datePublished\":\"2026-04-23T16:40:35+00:00\",\"dateModified\":\"2026-04-23T16:40:37+00:00\",\"mainEntityOfPage\":{\"@id\":\"https:\/\/viniciojarquin.com\/blog\/cuando-el-ruido-se-vuelve-noticia\/\"},\"wordCount\":538,\"commentCount\":0,\"publisher\":{\"@id\":\"https:\/\/viniciojarquin.com\/blog\/#\/schema\/person\/90100c8845ae55462ec0657d3d2f8d3b\"},\"image\":{\"@id\":\"https:\/\/viniciojarquin.com\/blog\/cuando-el-ruido-se-vuelve-noticia\/#primaryimage\"},\"thumbnailUrl\":\"https:\/\/viniciojarquin.com\/blog\/wp-content\/uploads\/2026\/04\/Cuando-el-ruido-se-vuelve-noticia.png\",\"articleSection\":[\"Escritos generales\"],\"inLanguage\":\"es\",\"potentialAction\":[{\"@type\":\"CommentAction\",\"name\":\"Comment\",\"target\":[\"https:\/\/viniciojarquin.com\/blog\/cuando-el-ruido-se-vuelve-noticia\/#respond\"]}]},{\"@type\":\"WebPage\",\"@id\":\"https:\/\/viniciojarquin.com\/blog\/cuando-el-ruido-se-vuelve-noticia\/\",\"url\":\"https:\/\/viniciojarquin.com\/blog\/cuando-el-ruido-se-vuelve-noticia\/\",\"name\":\"Cuando el ruido se vuelve noticia - MI BLOG\",\"isPartOf\":{\"@id\":\"https:\/\/viniciojarquin.com\/blog\/#website\"},\"primaryImageOfPage\":{\"@id\":\"https:\/\/viniciojarquin.com\/blog\/cuando-el-ruido-se-vuelve-noticia\/#primaryimage\"},\"image\":{\"@id\":\"https:\/\/viniciojarquin.com\/blog\/cuando-el-ruido-se-vuelve-noticia\/#primaryimage\"},\"thumbnailUrl\":\"https:\/\/viniciojarquin.com\/blog\/wp-content\/uploads\/2026\/04\/Cuando-el-ruido-se-vuelve-noticia.png\",\"datePublished\":\"2026-04-23T16:40:35+00:00\",\"dateModified\":\"2026-04-23T16:40:37+00:00\",\"breadcrumb\":{\"@id\":\"https:\/\/viniciojarquin.com\/blog\/cuando-el-ruido-se-vuelve-noticia\/#breadcrumb\"},\"inLanguage\":\"es\",\"potentialAction\":[{\"@type\":\"ReadAction\",\"target\":[\"https:\/\/viniciojarquin.com\/blog\/cuando-el-ruido-se-vuelve-noticia\/\"]}]},{\"@type\":\"ImageObject\",\"inLanguage\":\"es\",\"@id\":\"https:\/\/viniciojarquin.com\/blog\/cuando-el-ruido-se-vuelve-noticia\/#primaryimage\",\"url\":\"https:\/\/viniciojarquin.com\/blog\/wp-content\/uploads\/2026\/04\/Cuando-el-ruido-se-vuelve-noticia.png\",\"contentUrl\":\"https:\/\/viniciojarquin.com\/blog\/wp-content\/uploads\/2026\/04\/Cuando-el-ruido-se-vuelve-noticia.png\",\"width\":800,\"height\":533},{\"@type\":\"BreadcrumbList\",\"@id\":\"https:\/\/viniciojarquin.com\/blog\/cuando-el-ruido-se-vuelve-noticia\/#breadcrumb\",\"itemListElement\":[{\"@type\":\"ListItem\",\"position\":1,\"name\":\"Portada\",\"item\":\"https:\/\/viniciojarquin.com\/blog\/\"},{\"@type\":\"ListItem\",\"position\":2,\"name\":\"Cuando el ruido se vuelve noticia\"}]},{\"@type\":\"WebSite\",\"@id\":\"https:\/\/viniciojarquin.com\/blog\/#website\",\"url\":\"https:\/\/viniciojarquin.com\/blog\/\",\"name\":\"Vinicio Jarqu\u00edn BLOG\",\"description\":\"\",\"publisher\":{\"@id\":\"https:\/\/viniciojarquin.com\/blog\/#\/schema\/person\/90100c8845ae55462ec0657d3d2f8d3b\"},\"potentialAction\":[{\"@type\":\"SearchAction\",\"target\":{\"@type\":\"EntryPoint\",\"urlTemplate\":\"https:\/\/viniciojarquin.com\/blog\/?s={search_term_string}\"},\"query-input\":{\"@type\":\"PropertyValueSpecification\",\"valueRequired\":true,\"valueName\":\"search_term_string\"}}],\"inLanguage\":\"es\"},{\"@type\":[\"Person\",\"Organization\"],\"@id\":\"https:\/\/viniciojarquin.com\/blog\/#\/schema\/person\/90100c8845ae55462ec0657d3d2f8d3b\",\"name\":\"Vinicio Jarqu\u00edn\",\"image\":{\"@type\":\"ImageObject\",\"inLanguage\":\"es\",\"@id\":\"https:\/\/viniciojarquin.com\/blog\/#\/schema\/person\/image\/\",\"url\":\"https:\/\/viniciojarquin.com\/blog\/wp-content\/uploads\/2024\/10\/Logo-VinicioJarquin-original-400.png\",\"contentUrl\":\"https:\/\/viniciojarquin.com\/blog\/wp-content\/uploads\/2024\/10\/Logo-VinicioJarquin-original-400.png\",\"width\":400,\"height\":130,\"caption\":\"Vinicio Jarqu\u00edn\"},\"logo\":{\"@id\":\"https:\/\/viniciojarquin.com\/blog\/#\/schema\/person\/image\/\"},\"description\":\"Empresario textil, artista pl\u00e1stico, escritor, coach de vida y fot\u00f3grafo.\",\"sameAs\":[\"https:\/\/viniciojarquin.com\/blog\",\"https:\/\/www.facebook.com\/vinicio.jarquin\",\"https:\/\/www.instagram.com\/vinicio_jarquin\/\",\"https:\/\/www.pinterest.com\/vinnyjc\/\",\"https:\/\/www.youtube.com\/@VinicioJarquin\"],\"url\":\"https:\/\/viniciojarquin.com\/blog\/author\/admin_s02au25i\/\"}]}<\/script>\n<!-- \/ Yoast SEO plugin. -->","yoast_head_json":{"title":"Cuando el ruido se vuelve noticia - MI BLOG","robots":{"index":"index","follow":"follow","max-snippet":"max-snippet:-1","max-image-preview":"max-image-preview:large","max-video-preview":"max-video-preview:-1"},"canonical":"https:\/\/viniciojarquin.com\/blog\/cuando-el-ruido-se-vuelve-noticia\/","og_locale":"es_ES","og_type":"article","og_title":"Cuando el ruido se vuelve noticia - MI BLOG","og_description":"Al parecer hoy es uno de esos d\u00edas en los que todo parece convertirse en noticia: lo relevante, lo discutible, [&hellip;]","og_url":"https:\/\/viniciojarquin.com\/blog\/cuando-el-ruido-se-vuelve-noticia\/","og_site_name":"MI BLOG","article_publisher":"https:\/\/www.facebook.com\/vinicio.jarquin","article_author":"https:\/\/www.facebook.com\/vinicio.jarquin","article_published_time":"2026-04-23T16:40:35+00:00","article_modified_time":"2026-04-23T16:40:37+00:00","og_image":[{"width":800,"height":533,"url":"https:\/\/viniciojarquin.com\/blog\/wp-content\/uploads\/2026\/04\/Cuando-el-ruido-se-vuelve-noticia.png","type":"image\/png"}],"author":"Vinicio Jarqu\u00edn","twitter_card":"summary_large_image","twitter_misc":{"Escrito por":"Vinicio Jarqu\u00edn","Tiempo de lectura":"3 minutos"},"schema":{"@context":"https:\/\/schema.org","@graph":[{"@type":"Article","@id":"https:\/\/viniciojarquin.com\/blog\/cuando-el-ruido-se-vuelve-noticia\/#article","isPartOf":{"@id":"https:\/\/viniciojarquin.com\/blog\/cuando-el-ruido-se-vuelve-noticia\/"},"author":{"name":"Vinicio Jarqu\u00edn","@id":"https:\/\/viniciojarquin.com\/blog\/#\/schema\/person\/90100c8845ae55462ec0657d3d2f8d3b"},"headline":"Cuando el ruido se vuelve noticia","datePublished":"2026-04-23T16:40:35+00:00","dateModified":"2026-04-23T16:40:37+00:00","mainEntityOfPage":{"@id":"https:\/\/viniciojarquin.com\/blog\/cuando-el-ruido-se-vuelve-noticia\/"},"wordCount":538,"commentCount":0,"publisher":{"@id":"https:\/\/viniciojarquin.com\/blog\/#\/schema\/person\/90100c8845ae55462ec0657d3d2f8d3b"},"image":{"@id":"https:\/\/viniciojarquin.com\/blog\/cuando-el-ruido-se-vuelve-noticia\/#primaryimage"},"thumbnailUrl":"https:\/\/viniciojarquin.com\/blog\/wp-content\/uploads\/2026\/04\/Cuando-el-ruido-se-vuelve-noticia.png","articleSection":["Escritos generales"],"inLanguage":"es","potentialAction":[{"@type":"CommentAction","name":"Comment","target":["https:\/\/viniciojarquin.com\/blog\/cuando-el-ruido-se-vuelve-noticia\/#respond"]}]},{"@type":"WebPage","@id":"https:\/\/viniciojarquin.com\/blog\/cuando-el-ruido-se-vuelve-noticia\/","url":"https:\/\/viniciojarquin.com\/blog\/cuando-el-ruido-se-vuelve-noticia\/","name":"Cuando el ruido se vuelve noticia - MI BLOG","isPartOf":{"@id":"https:\/\/viniciojarquin.com\/blog\/#website"},"primaryImageOfPage":{"@id":"https:\/\/viniciojarquin.com\/blog\/cuando-el-ruido-se-vuelve-noticia\/#primaryimage"},"image":{"@id":"https:\/\/viniciojarquin.com\/blog\/cuando-el-ruido-se-vuelve-noticia\/#primaryimage"},"thumbnailUrl":"https:\/\/viniciojarquin.com\/blog\/wp-content\/uploads\/2026\/04\/Cuando-el-ruido-se-vuelve-noticia.png","datePublished":"2026-04-23T16:40:35+00:00","dateModified":"2026-04-23T16:40:37+00:00","breadcrumb":{"@id":"https:\/\/viniciojarquin.com\/blog\/cuando-el-ruido-se-vuelve-noticia\/#breadcrumb"},"inLanguage":"es","potentialAction":[{"@type":"ReadAction","target":["https:\/\/viniciojarquin.com\/blog\/cuando-el-ruido-se-vuelve-noticia\/"]}]},{"@type":"ImageObject","inLanguage":"es","@id":"https:\/\/viniciojarquin.com\/blog\/cuando-el-ruido-se-vuelve-noticia\/#primaryimage","url":"https:\/\/viniciojarquin.com\/blog\/wp-content\/uploads\/2026\/04\/Cuando-el-ruido-se-vuelve-noticia.png","contentUrl":"https:\/\/viniciojarquin.com\/blog\/wp-content\/uploads\/2026\/04\/Cuando-el-ruido-se-vuelve-noticia.png","width":800,"height":533},{"@type":"BreadcrumbList","@id":"https:\/\/viniciojarquin.com\/blog\/cuando-el-ruido-se-vuelve-noticia\/#breadcrumb","itemListElement":[{"@type":"ListItem","position":1,"name":"Portada","item":"https:\/\/viniciojarquin.com\/blog\/"},{"@type":"ListItem","position":2,"name":"Cuando el ruido se vuelve noticia"}]},{"@type":"WebSite","@id":"https:\/\/viniciojarquin.com\/blog\/#website","url":"https:\/\/viniciojarquin.com\/blog\/","name":"Vinicio Jarqu\u00edn BLOG","description":"","publisher":{"@id":"https:\/\/viniciojarquin.com\/blog\/#\/schema\/person\/90100c8845ae55462ec0657d3d2f8d3b"},"potentialAction":[{"@type":"SearchAction","target":{"@type":"EntryPoint","urlTemplate":"https:\/\/viniciojarquin.com\/blog\/?s={search_term_string}"},"query-input":{"@type":"PropertyValueSpecification","valueRequired":true,"valueName":"search_term_string"}}],"inLanguage":"es"},{"@type":["Person","Organization"],"@id":"https:\/\/viniciojarquin.com\/blog\/#\/schema\/person\/90100c8845ae55462ec0657d3d2f8d3b","name":"Vinicio Jarqu\u00edn","image":{"@type":"ImageObject","inLanguage":"es","@id":"https:\/\/viniciojarquin.com\/blog\/#\/schema\/person\/image\/","url":"https:\/\/viniciojarquin.com\/blog\/wp-content\/uploads\/2024\/10\/Logo-VinicioJarquin-original-400.png","contentUrl":"https:\/\/viniciojarquin.com\/blog\/wp-content\/uploads\/2024\/10\/Logo-VinicioJarquin-original-400.png","width":400,"height":130,"caption":"Vinicio Jarqu\u00edn"},"logo":{"@id":"https:\/\/viniciojarquin.com\/blog\/#\/schema\/person\/image\/"},"description":"Empresario textil, artista pl\u00e1stico, escritor, coach de vida y fot\u00f3grafo.","sameAs":["https:\/\/viniciojarquin.com\/blog","https:\/\/www.facebook.com\/vinicio.jarquin","https:\/\/www.instagram.com\/vinicio_jarquin\/","https:\/\/www.pinterest.com\/vinnyjc\/","https:\/\/www.youtube.com\/@VinicioJarquin"],"url":"https:\/\/viniciojarquin.com\/blog\/author\/admin_s02au25i\/"}]}},"blog_post_layout_featured_media_urls":{"thumbnail":["https:\/\/viniciojarquin.com\/blog\/wp-content\/uploads\/2026\/04\/Cuando-el-ruido-se-vuelve-noticia-150x150.png",150,150,true],"full":["https:\/\/viniciojarquin.com\/blog\/wp-content\/uploads\/2026\/04\/Cuando-el-ruido-se-vuelve-noticia.png",800,533,false]},"categories_names":{"9":{"name":"Escritos generales","link":"https:\/\/viniciojarquin.com\/blog\/category\/mis-escritos\/"}},"tags_names":[],"comments_number":"0","_links":{"self":[{"href":"https:\/\/viniciojarquin.com\/blog\/wp-json\/wp\/v2\/posts\/3520","targetHints":{"allow":["GET"]}}],"collection":[{"href":"https:\/\/viniciojarquin.com\/blog\/wp-json\/wp\/v2\/posts"}],"about":[{"href":"https:\/\/viniciojarquin.com\/blog\/wp-json\/wp\/v2\/types\/post"}],"author":[{"embeddable":true,"href":"https:\/\/viniciojarquin.com\/blog\/wp-json\/wp\/v2\/users\/1"}],"replies":[{"embeddable":true,"href":"https:\/\/viniciojarquin.com\/blog\/wp-json\/wp\/v2\/comments?post=3520"}],"version-history":[{"count":1,"href":"https:\/\/viniciojarquin.com\/blog\/wp-json\/wp\/v2\/posts\/3520\/revisions"}],"predecessor-version":[{"id":3522,"href":"https:\/\/viniciojarquin.com\/blog\/wp-json\/wp\/v2\/posts\/3520\/revisions\/3522"}],"wp:featuredmedia":[{"embeddable":true,"href":"https:\/\/viniciojarquin.com\/blog\/wp-json\/wp\/v2\/media\/3521"}],"wp:attachment":[{"href":"https:\/\/viniciojarquin.com\/blog\/wp-json\/wp\/v2\/media?parent=3520"}],"wp:term":[{"taxonomy":"category","embeddable":true,"href":"https:\/\/viniciojarquin.com\/blog\/wp-json\/wp\/v2\/categories?post=3520"},{"taxonomy":"post_tag","embeddable":true,"href":"https:\/\/viniciojarquin.com\/blog\/wp-json\/wp\/v2\/tags?post=3520"}],"curies":[{"name":"wp","href":"https:\/\/api.w.org\/{rel}","templated":true}]}}