{"id":3540,"date":"2026-04-24T22:57:41","date_gmt":"2026-04-24T22:57:41","guid":{"rendered":"https:\/\/viniciojarquin.com\/blog\/?p=3540"},"modified":"2026-04-25T13:59:24","modified_gmt":"2026-04-25T13:59:24","slug":"el-poder-cuando-todavia-es-promesa","status":"publish","type":"post","link":"https:\/\/viniciojarquin.com\/blog\/el-poder-cuando-todavia-es-promesa\/","title":{"rendered":"El poder cuando todav\u00eda es promesa"},"content":{"rendered":"\n<p>Disfrutando una tarde con Rafael \u201cFello\u201d Vargas, Diputado electo del PLN.<\/p>\n\n\n\n<figure class=\"wp-block-image size-full\"><img decoding=\"async\" width=\"800\" height=\"533\" data-src=\"https:\/\/viniciojarquin.com\/blog\/wp-content\/uploads\/2026\/04\/El-poder-cuando-todavia-es-promesa.png\" alt=\"\" class=\"wp-image-3541 lazyload\" data-srcset=\"https:\/\/viniciojarquin.com\/blog\/wp-content\/uploads\/2026\/04\/El-poder-cuando-todavia-es-promesa.png 800w, https:\/\/viniciojarquin.com\/blog\/wp-content\/uploads\/2026\/04\/El-poder-cuando-todavia-es-promesa-300x200.png 300w, https:\/\/viniciojarquin.com\/blog\/wp-content\/uploads\/2026\/04\/El-poder-cuando-todavia-es-promesa-768x512.png 768w\" data-sizes=\"(max-width: 800px) 100vw, 800px\" src=\"data:image\/svg+xml;base64,PHN2ZyB3aWR0aD0iMSIgaGVpZ2h0PSIxIiB4bWxucz0iaHR0cDovL3d3dy53My5vcmcvMjAwMC9zdmciPjwvc3ZnPg==\" style=\"--smush-placeholder-width: 800px; --smush-placeholder-aspect-ratio: 800\/533;\" \/><\/figure>\n\n\n\n<p>Hay encuentros que no se sienten como una entrevista, sino como una pausa en medio del ruido. Un espacio donde alguien, por un momento, deja de ser el cargo que est\u00e1 por asumir y vuelve a ser simplemente persona. As\u00ed se sinti\u00f3 esta conversaci\u00f3n con Rafael \u00abFello\u00bb Vargas, en un momento muy particular de su vida: justo antes de entrar a la Asamblea Legislativa, cuando el poder todav\u00eda no ha sido ejercido\u2026 pero ya empieza a respirarse.<\/p>\n\n\n\n<p>Lleg\u00f3 puntual. Y no es un detalle menor. En un pa\u00eds donde la impuntualidad a veces se normaliza, la puntualidad habla. Y habla incluso antes de que la persona diga una sola palabra. Su presencia tambi\u00e9n dec\u00eda cosas. Un cuidado evidente en su forma de vestir, en los tonos, en los detalles, en la coherencia de su imagen. No era ostentaci\u00f3n, era intenci\u00f3n. Como si entendiera que la forma tambi\u00e9n comunica fondo. Como si supiera que la primera narrativa que uno construye no es la que dice\u2026 sino la que proyecta. Pero lo interesante empez\u00f3 despu\u00e9s.<\/p>\n\n\n\n<p>Le pregunt\u00e9 c\u00f3mo estaba. No qu\u00e9 pensaba, no qu\u00e9 propon\u00eda. C\u00f3mo estaba. Y la respuesta no fue pol\u00edtica, fue humana. Est\u00e1 emocionado, s\u00ed. Pero tambi\u00e9n est\u00e1 ansioso. No ansioso desde el miedo, sino desde la urgencia de empezar. Como alguien que siente que tiene algo que hacer\u2026 y que el tiempo ya empez\u00f3 a correr.<\/p>\n\n\n\n<p>Cuando hablamos del momento en que se confirm\u00f3 su elecci\u00f3n, no apareci\u00f3 el discurso triunfalista que uno podr\u00eda esperar. Apareci\u00f3 una mezcla m\u00e1s honesta: alegr\u00eda y tristeza. Alegr\u00eda por la oportunidad de servir, tristeza porque hubiera querido que el resultado presidencial fuera distinto. Esa convivencia de emociones, lejos de debilitarlo, lo vuelve m\u00e1s real. Porque la vida no es una emoci\u00f3n pura. La vida es mezcla.<\/p>\n\n\n\n<p>Hay algo en \u00e9l que llama la atenci\u00f3n: cuando habla de ciertos temas, especialmente de su mam\u00e1, cambia. Su sonrisa no es la misma sonrisa. Es una sonrisa que viene de otro lugar, m\u00e1s profundo, m\u00e1s \u00edntimo. Y ah\u00ed uno empieza a entender que no todo en \u00e9l es discurso. Hay vivencias activas, no archivadas. No est\u00e1 repitiendo lo que recuerda, est\u00e1 reconstruyendo lo que siente mientras lo dice. Hay introspecci\u00f3n en tiempo real. Hay di\u00e1logo interno visible. Escucha. Y eso, en pol\u00edtica, no es tan com\u00fan como deber\u00eda ser.<\/p>\n\n\n\n<p>Cuando se le plantea algo que no comparte, su cuerpo se adelanta, se activa, se posiciona. Defiende. Pero cuando algo le hace sentido, aunque no lo hubiera pensado antes, se relaja, se recuesta, recibe. No se aferra a tener raz\u00f3n, se permite revisar. Y eso, en un espacio como la Asamblea Legislativa, puede marcar diferencias importantes.<\/p>\n\n\n\n<p>Hablamos de la percepci\u00f3n que tiene la ciudadan\u00eda sobre los diputados. No la evade. La reconoce. Le duele. Y esa palabra \u2014dolor\u2014 no es menor. Porque hay quienes reaccionan a esa percepci\u00f3n con distancia o con desprecio. \u00c9l reacciona con tristeza. Y eso puede ser una puerta\u2026 o un riesgo. Porque el dolor, bien gestionado, acerca. Mal gestionado, endurece.<\/p>\n\n\n\n<p>Dice no tener miedo, pero s\u00ed incertidumbre. Y la incertidumbre, bien entendida, es una forma de humildad. Es reconocer que no todo est\u00e1 bajo control. Que hay variables que no dependen de uno. Que el poder no es dominio absoluto, sino tambi\u00e9n aprendizaje constante.<\/p>\n\n\n\n<p>En alg\u00fan momento, la conversaci\u00f3n se movi\u00f3 hacia algo que a m\u00ed me interesa profundamente: c\u00f3mo el poder act\u00faa sobre las personas. No como un concepto abstracto, sino como una experiencia viva. Y ah\u00ed apareci\u00f3 algo que me pareci\u00f3 valioso. No desde una respuesta te\u00f3rica, sino desde su forma de procesar lo que se le preguntaba. No respond\u00eda de inmediato. Se deten\u00eda. Revisaba. Como si fuera hacia adentro a buscar la respuesta antes de decirla. No era rapidez. Era honestidad en construcci\u00f3n.<\/p>\n\n\n\n<p>Me habl\u00f3 de sus cuatro fuentes para tomar decisiones: dos amigos de muchos a\u00f1os, su hijo mayor y aquello que le d\u00e9 paz espiritual. Esa \u00faltima, para \u00e9l, no es decorativa. Es central. Hay una dimensi\u00f3n espiritual clara en su forma de entender la vida. Dios y la Virgen no aparecen como referencia cultural, sino como gu\u00eda real. Y eso, independientemente de las creencias de cada uno, define una forma de actuar.<\/p>\n\n\n\n<p>Tiene seis hijos y dos nietos. Y eso tambi\u00e9n pesa. No en el discurso, sino en la forma en que mira lo que viene. Porque cuando alguien tiene ra\u00edces, las decisiones no son solo individuales. Son familiares, generacionales.<\/p>\n\n\n\n<p>Hablamos de algo que pocas veces se dice as\u00ed de claro: que un diputado puede \u201cganar\u201d de tres formas. Logrando que sus proyectos se aprueben, construyendo acuerdos que permitan avanzar proyectos de otros, o frenando iniciativas que considera perjudiciales. Y las tres, en su lectura, son victorias. Esa visi\u00f3n amplia del rol legislativo es interesante, porque rompe con la idea de que solo se gana cuando uno impone.<\/p>\n\n\n\n<p>Hay en \u00e9l una intenci\u00f3n evidente de construir, de respetar, de acordar. Y si esa intenci\u00f3n logra sostenerse en el tiempo \u2014que es donde el poder realmente prueba a las personas\u2014 podr\u00eda convertirse en una de sus mayores fortalezas.<\/p>\n\n\n\n<p>En alg\u00fan momento le habl\u00e9 de su \u201csuperpoder\u201d. No como halago vac\u00edo, sino como lectura inicial. Y lo que apareci\u00f3 fue esto: transparencia. No como discurso, sino como sensaci\u00f3n. Esa posibilidad de que otros conf\u00eden en su palabra. De que, si acuerda algo, lo sostenga. En pol\u00edtica, eso no es menor. Eso es capital.<\/p>\n\n\n\n<p>No hablamos de proyectos espec\u00edficos. Y fue intencional. Porque antes de entender lo que alguien quiere hacer, me interesa entender qui\u00e9n es mientras lo quiere hacer.<\/p>\n\n\n\n<p>Al final, m\u00e1s que una entrevista, fue una conversaci\u00f3n que dej\u00f3 ganas de seguir. De esas que uno no quiere cerrar, pero la agenda obliga. Qued\u00f3 abierta la puerta para volver a vernos, esta vez incluso con nuestras parejas, en un contexto m\u00e1s relajado. Y eso dice algo tambi\u00e9n: cuando la conversaci\u00f3n es genuina, trasciende el momento.<\/p>\n\n\n\n<p>Le dije algo que suelo decir en estos encuentros: que me gustar\u00eda escribir desde la admiraci\u00f3n, desde esa sensaci\u00f3n de haber encontrado algo valioso en la otra persona. No s\u00e9 si lograr\u00e9 que todo un pa\u00eds sienta lo mismo. Pero s\u00ed puedo decir, con honestidad, que el tiempo compartido con \u00e9l fue grato. Y que hay algo en su forma de estar que invita a seguir observando.<\/p>\n\n\n\n<p>Tal vez el verdadero an\u00e1lisis no sea lo que har\u00e1 en la Asamblea Legislativa\u2026 sino qui\u00e9n ser\u00e1 mientras est\u00e9 ah\u00ed.<\/p>\n\n\n\n<p>Porque el poder, al final, no solo se ejerce. El poder\u2026 se revela.<\/p>\n","protected":false},"excerpt":{"rendered":"<p>Disfrutando una tarde con Rafael \u201cFello\u201d Vargas, Diputado electo del PLN. Hay encuentros que no se sienten como una entrevista, [&hellip;]<\/p>\n","protected":false},"author":1,"featured_media":3541,"comment_status":"open","ping_status":"open","sticky":false,"template":"","format":"standard","meta":{"site-sidebar-layout":"default","site-content-layout":"","ast-site-content-layout":"","site-content-style":"default","site-sidebar-style":"default","ast-global-header-display":"","ast-banner-title-visibility":"","ast-main-header-display":"","ast-hfb-above-header-display":"","ast-hfb-below-header-display":"","ast-hfb-mobile-header-display":"","site-post-title":"","ast-breadcrumbs-content":"","ast-featured-img":"","footer-sml-layout":"","theme-transparent-header-meta":"","adv-header-id-meta":"","stick-header-meta":"","header-above-stick-meta":"","header-main-stick-meta":"","header-below-stick-meta":"","astra-migrate-meta-layouts":"default","ast-page-background-enabled":"default","ast-page-background-meta":{"desktop":{"background-color":"var(--ast-global-color-5)","background-image":"","background-repeat":"repeat","background-position":"center center","background-size":"auto","background-attachment":"scroll","background-type":"","background-media":"","overlay-type":"","overlay-color":"","overlay-opacity":"","overlay-gradient":""},"tablet":{"background-color":"","background-image":"","background-repeat":"repeat","background-position":"center center","background-size":"auto","background-attachment":"scroll","background-type":"","background-media":"","overlay-type":"","overlay-color":"","overlay-opacity":"","overlay-gradient":""},"mobile":{"background-color":"","background-image":"","background-repeat":"repeat","background-position":"center center","background-size":"auto","background-attachment":"scroll","background-type":"","background-media":"","overlay-type":"","overlay-color":"","overlay-opacity":"","overlay-gradient":""}},"ast-content-background-meta":{"desktop":{"background-color":"var(--ast-global-color-4)","background-image":"","background-repeat":"repeat","background-position":"center center","background-size":"auto","background-attachment":"scroll","background-type":"","background-media":"","overlay-type":"","overlay-color":"","overlay-opacity":"","overlay-gradient":""},"tablet":{"background-color":"var(--ast-global-color-4)","background-image":"","background-repeat":"repeat","background-position":"center center","background-size":"auto","background-attachment":"scroll","background-type":"","background-media":"","overlay-type":"","overlay-color":"","overlay-opacity":"","overlay-gradient":""},"mobile":{"background-color":"var(--ast-global-color-4)","background-image":"","background-repeat":"repeat","background-position":"center center","background-size":"auto","background-attachment":"scroll","background-type":"","background-media":"","overlay-type":"","overlay-color":"","overlay-opacity":"","overlay-gradient":""}},"footnotes":""},"categories":[1],"tags":[],"class_list":["post-3540","post","type-post","status-publish","format-standard","has-post-thumbnail","hentry","category-uncategorized"],"yoast_head":"<!-- This site is optimized with the Yoast SEO plugin v26.0 - https:\/\/yoast.com\/wordpress\/plugins\/seo\/ -->\n<title>El poder cuando todav\u00eda es promesa - MI BLOG<\/title>\n<meta name=\"robots\" content=\"index, follow, max-snippet:-1, max-image-preview:large, max-video-preview:-1\" \/>\n<link rel=\"canonical\" href=\"https:\/\/viniciojarquin.com\/blog\/el-poder-cuando-todavia-es-promesa\/\" \/>\n<meta property=\"og:locale\" content=\"es_ES\" \/>\n<meta property=\"og:type\" content=\"article\" \/>\n<meta property=\"og:title\" content=\"El poder cuando todav\u00eda es promesa - MI BLOG\" \/>\n<meta property=\"og:description\" content=\"Disfrutando una tarde con Rafael \u201cFello\u201d Vargas, Diputado electo del PLN. Hay encuentros que no se sienten como una entrevista, [&hellip;]\" \/>\n<meta property=\"og:url\" content=\"https:\/\/viniciojarquin.com\/blog\/el-poder-cuando-todavia-es-promesa\/\" \/>\n<meta property=\"og:site_name\" content=\"MI BLOG\" \/>\n<meta property=\"article:publisher\" content=\"https:\/\/www.facebook.com\/vinicio.jarquin\" \/>\n<meta property=\"article:author\" content=\"https:\/\/www.facebook.com\/vinicio.jarquin\" \/>\n<meta property=\"article:published_time\" content=\"2026-04-24T22:57:41+00:00\" \/>\n<meta property=\"article:modified_time\" content=\"2026-04-25T13:59:24+00:00\" \/>\n<meta property=\"og:image\" content=\"https:\/\/viniciojarquin.com\/blog\/wp-content\/uploads\/2026\/04\/El-poder-cuando-todavia-es-promesa.png\" \/>\n\t<meta property=\"og:image:width\" content=\"800\" \/>\n\t<meta property=\"og:image:height\" content=\"533\" \/>\n\t<meta property=\"og:image:type\" content=\"image\/png\" \/>\n<meta name=\"author\" content=\"Vinicio Jarqu\u00edn\" \/>\n<meta name=\"twitter:card\" content=\"summary_large_image\" \/>\n<meta name=\"twitter:label1\" content=\"Escrito por\" \/>\n\t<meta name=\"twitter:data1\" content=\"Vinicio Jarqu\u00edn\" \/>\n\t<meta name=\"twitter:label2\" content=\"Tiempo de lectura\" \/>\n\t<meta name=\"twitter:data2\" content=\"6 minutos\" \/>\n<script type=\"application\/ld+json\" class=\"yoast-schema-graph\">{\"@context\":\"https:\/\/schema.org\",\"@graph\":[{\"@type\":\"Article\",\"@id\":\"https:\/\/viniciojarquin.com\/blog\/el-poder-cuando-todavia-es-promesa\/#article\",\"isPartOf\":{\"@id\":\"https:\/\/viniciojarquin.com\/blog\/el-poder-cuando-todavia-es-promesa\/\"},\"author\":{\"name\":\"Vinicio Jarqu\u00edn\",\"@id\":\"https:\/\/viniciojarquin.com\/blog\/#\/schema\/person\/90100c8845ae55462ec0657d3d2f8d3b\"},\"headline\":\"El poder cuando todav\u00eda es promesa\",\"datePublished\":\"2026-04-24T22:57:41+00:00\",\"dateModified\":\"2026-04-25T13:59:24+00:00\",\"mainEntityOfPage\":{\"@id\":\"https:\/\/viniciojarquin.com\/blog\/el-poder-cuando-todavia-es-promesa\/\"},\"wordCount\":1166,\"commentCount\":0,\"publisher\":{\"@id\":\"https:\/\/viniciojarquin.com\/blog\/#\/schema\/person\/90100c8845ae55462ec0657d3d2f8d3b\"},\"image\":{\"@id\":\"https:\/\/viniciojarquin.com\/blog\/el-poder-cuando-todavia-es-promesa\/#primaryimage\"},\"thumbnailUrl\":\"https:\/\/viniciojarquin.com\/blog\/wp-content\/uploads\/2026\/04\/El-poder-cuando-todavia-es-promesa.png\",\"articleSection\":[\"Uncategorized\"],\"inLanguage\":\"es\",\"potentialAction\":[{\"@type\":\"CommentAction\",\"name\":\"Comment\",\"target\":[\"https:\/\/viniciojarquin.com\/blog\/el-poder-cuando-todavia-es-promesa\/#respond\"]}]},{\"@type\":\"WebPage\",\"@id\":\"https:\/\/viniciojarquin.com\/blog\/el-poder-cuando-todavia-es-promesa\/\",\"url\":\"https:\/\/viniciojarquin.com\/blog\/el-poder-cuando-todavia-es-promesa\/\",\"name\":\"El poder cuando todav\u00eda es promesa - MI BLOG\",\"isPartOf\":{\"@id\":\"https:\/\/viniciojarquin.com\/blog\/#website\"},\"primaryImageOfPage\":{\"@id\":\"https:\/\/viniciojarquin.com\/blog\/el-poder-cuando-todavia-es-promesa\/#primaryimage\"},\"image\":{\"@id\":\"https:\/\/viniciojarquin.com\/blog\/el-poder-cuando-todavia-es-promesa\/#primaryimage\"},\"thumbnailUrl\":\"https:\/\/viniciojarquin.com\/blog\/wp-content\/uploads\/2026\/04\/El-poder-cuando-todavia-es-promesa.png\",\"datePublished\":\"2026-04-24T22:57:41+00:00\",\"dateModified\":\"2026-04-25T13:59:24+00:00\",\"breadcrumb\":{\"@id\":\"https:\/\/viniciojarquin.com\/blog\/el-poder-cuando-todavia-es-promesa\/#breadcrumb\"},\"inLanguage\":\"es\",\"potentialAction\":[{\"@type\":\"ReadAction\",\"target\":[\"https:\/\/viniciojarquin.com\/blog\/el-poder-cuando-todavia-es-promesa\/\"]}]},{\"@type\":\"ImageObject\",\"inLanguage\":\"es\",\"@id\":\"https:\/\/viniciojarquin.com\/blog\/el-poder-cuando-todavia-es-promesa\/#primaryimage\",\"url\":\"https:\/\/viniciojarquin.com\/blog\/wp-content\/uploads\/2026\/04\/El-poder-cuando-todavia-es-promesa.png\",\"contentUrl\":\"https:\/\/viniciojarquin.com\/blog\/wp-content\/uploads\/2026\/04\/El-poder-cuando-todavia-es-promesa.png\",\"width\":800,\"height\":533},{\"@type\":\"BreadcrumbList\",\"@id\":\"https:\/\/viniciojarquin.com\/blog\/el-poder-cuando-todavia-es-promesa\/#breadcrumb\",\"itemListElement\":[{\"@type\":\"ListItem\",\"position\":1,\"name\":\"Portada\",\"item\":\"https:\/\/viniciojarquin.com\/blog\/\"},{\"@type\":\"ListItem\",\"position\":2,\"name\":\"El poder cuando todav\u00eda es promesa\"}]},{\"@type\":\"WebSite\",\"@id\":\"https:\/\/viniciojarquin.com\/blog\/#website\",\"url\":\"https:\/\/viniciojarquin.com\/blog\/\",\"name\":\"Vinicio Jarqu\u00edn BLOG\",\"description\":\"\",\"publisher\":{\"@id\":\"https:\/\/viniciojarquin.com\/blog\/#\/schema\/person\/90100c8845ae55462ec0657d3d2f8d3b\"},\"potentialAction\":[{\"@type\":\"SearchAction\",\"target\":{\"@type\":\"EntryPoint\",\"urlTemplate\":\"https:\/\/viniciojarquin.com\/blog\/?s={search_term_string}\"},\"query-input\":{\"@type\":\"PropertyValueSpecification\",\"valueRequired\":true,\"valueName\":\"search_term_string\"}}],\"inLanguage\":\"es\"},{\"@type\":[\"Person\",\"Organization\"],\"@id\":\"https:\/\/viniciojarquin.com\/blog\/#\/schema\/person\/90100c8845ae55462ec0657d3d2f8d3b\",\"name\":\"Vinicio Jarqu\u00edn\",\"image\":{\"@type\":\"ImageObject\",\"inLanguage\":\"es\",\"@id\":\"https:\/\/viniciojarquin.com\/blog\/#\/schema\/person\/image\/\",\"url\":\"https:\/\/viniciojarquin.com\/blog\/wp-content\/uploads\/2024\/10\/Logo-VinicioJarquin-original-400.png\",\"contentUrl\":\"https:\/\/viniciojarquin.com\/blog\/wp-content\/uploads\/2024\/10\/Logo-VinicioJarquin-original-400.png\",\"width\":400,\"height\":130,\"caption\":\"Vinicio Jarqu\u00edn\"},\"logo\":{\"@id\":\"https:\/\/viniciojarquin.com\/blog\/#\/schema\/person\/image\/\"},\"description\":\"Empresario textil, artista pl\u00e1stico, escritor, coach de vida y fot\u00f3grafo.\",\"sameAs\":[\"https:\/\/viniciojarquin.com\/blog\",\"https:\/\/www.facebook.com\/vinicio.jarquin\",\"https:\/\/www.instagram.com\/vinicio_jarquin\/\",\"https:\/\/www.pinterest.com\/vinnyjc\/\",\"https:\/\/www.youtube.com\/@VinicioJarquin\"],\"url\":\"https:\/\/viniciojarquin.com\/blog\/author\/admin_s02au25i\/\"}]}<\/script>\n<!-- \/ Yoast SEO plugin. -->","yoast_head_json":{"title":"El poder cuando todav\u00eda es promesa - MI BLOG","robots":{"index":"index","follow":"follow","max-snippet":"max-snippet:-1","max-image-preview":"max-image-preview:large","max-video-preview":"max-video-preview:-1"},"canonical":"https:\/\/viniciojarquin.com\/blog\/el-poder-cuando-todavia-es-promesa\/","og_locale":"es_ES","og_type":"article","og_title":"El poder cuando todav\u00eda es promesa - MI BLOG","og_description":"Disfrutando una tarde con Rafael \u201cFello\u201d Vargas, Diputado electo del PLN. Hay encuentros que no se sienten como una entrevista, [&hellip;]","og_url":"https:\/\/viniciojarquin.com\/blog\/el-poder-cuando-todavia-es-promesa\/","og_site_name":"MI BLOG","article_publisher":"https:\/\/www.facebook.com\/vinicio.jarquin","article_author":"https:\/\/www.facebook.com\/vinicio.jarquin","article_published_time":"2026-04-24T22:57:41+00:00","article_modified_time":"2026-04-25T13:59:24+00:00","og_image":[{"width":800,"height":533,"url":"https:\/\/viniciojarquin.com\/blog\/wp-content\/uploads\/2026\/04\/El-poder-cuando-todavia-es-promesa.png","type":"image\/png"}],"author":"Vinicio Jarqu\u00edn","twitter_card":"summary_large_image","twitter_misc":{"Escrito por":"Vinicio Jarqu\u00edn","Tiempo de lectura":"6 minutos"},"schema":{"@context":"https:\/\/schema.org","@graph":[{"@type":"Article","@id":"https:\/\/viniciojarquin.com\/blog\/el-poder-cuando-todavia-es-promesa\/#article","isPartOf":{"@id":"https:\/\/viniciojarquin.com\/blog\/el-poder-cuando-todavia-es-promesa\/"},"author":{"name":"Vinicio Jarqu\u00edn","@id":"https:\/\/viniciojarquin.com\/blog\/#\/schema\/person\/90100c8845ae55462ec0657d3d2f8d3b"},"headline":"El poder cuando todav\u00eda es promesa","datePublished":"2026-04-24T22:57:41+00:00","dateModified":"2026-04-25T13:59:24+00:00","mainEntityOfPage":{"@id":"https:\/\/viniciojarquin.com\/blog\/el-poder-cuando-todavia-es-promesa\/"},"wordCount":1166,"commentCount":0,"publisher":{"@id":"https:\/\/viniciojarquin.com\/blog\/#\/schema\/person\/90100c8845ae55462ec0657d3d2f8d3b"},"image":{"@id":"https:\/\/viniciojarquin.com\/blog\/el-poder-cuando-todavia-es-promesa\/#primaryimage"},"thumbnailUrl":"https:\/\/viniciojarquin.com\/blog\/wp-content\/uploads\/2026\/04\/El-poder-cuando-todavia-es-promesa.png","articleSection":["Uncategorized"],"inLanguage":"es","potentialAction":[{"@type":"CommentAction","name":"Comment","target":["https:\/\/viniciojarquin.com\/blog\/el-poder-cuando-todavia-es-promesa\/#respond"]}]},{"@type":"WebPage","@id":"https:\/\/viniciojarquin.com\/blog\/el-poder-cuando-todavia-es-promesa\/","url":"https:\/\/viniciojarquin.com\/blog\/el-poder-cuando-todavia-es-promesa\/","name":"El poder cuando todav\u00eda es promesa - MI BLOG","isPartOf":{"@id":"https:\/\/viniciojarquin.com\/blog\/#website"},"primaryImageOfPage":{"@id":"https:\/\/viniciojarquin.com\/blog\/el-poder-cuando-todavia-es-promesa\/#primaryimage"},"image":{"@id":"https:\/\/viniciojarquin.com\/blog\/el-poder-cuando-todavia-es-promesa\/#primaryimage"},"thumbnailUrl":"https:\/\/viniciojarquin.com\/blog\/wp-content\/uploads\/2026\/04\/El-poder-cuando-todavia-es-promesa.png","datePublished":"2026-04-24T22:57:41+00:00","dateModified":"2026-04-25T13:59:24+00:00","breadcrumb":{"@id":"https:\/\/viniciojarquin.com\/blog\/el-poder-cuando-todavia-es-promesa\/#breadcrumb"},"inLanguage":"es","potentialAction":[{"@type":"ReadAction","target":["https:\/\/viniciojarquin.com\/blog\/el-poder-cuando-todavia-es-promesa\/"]}]},{"@type":"ImageObject","inLanguage":"es","@id":"https:\/\/viniciojarquin.com\/blog\/el-poder-cuando-todavia-es-promesa\/#primaryimage","url":"https:\/\/viniciojarquin.com\/blog\/wp-content\/uploads\/2026\/04\/El-poder-cuando-todavia-es-promesa.png","contentUrl":"https:\/\/viniciojarquin.com\/blog\/wp-content\/uploads\/2026\/04\/El-poder-cuando-todavia-es-promesa.png","width":800,"height":533},{"@type":"BreadcrumbList","@id":"https:\/\/viniciojarquin.com\/blog\/el-poder-cuando-todavia-es-promesa\/#breadcrumb","itemListElement":[{"@type":"ListItem","position":1,"name":"Portada","item":"https:\/\/viniciojarquin.com\/blog\/"},{"@type":"ListItem","position":2,"name":"El poder cuando todav\u00eda es promesa"}]},{"@type":"WebSite","@id":"https:\/\/viniciojarquin.com\/blog\/#website","url":"https:\/\/viniciojarquin.com\/blog\/","name":"Vinicio Jarqu\u00edn BLOG","description":"","publisher":{"@id":"https:\/\/viniciojarquin.com\/blog\/#\/schema\/person\/90100c8845ae55462ec0657d3d2f8d3b"},"potentialAction":[{"@type":"SearchAction","target":{"@type":"EntryPoint","urlTemplate":"https:\/\/viniciojarquin.com\/blog\/?s={search_term_string}"},"query-input":{"@type":"PropertyValueSpecification","valueRequired":true,"valueName":"search_term_string"}}],"inLanguage":"es"},{"@type":["Person","Organization"],"@id":"https:\/\/viniciojarquin.com\/blog\/#\/schema\/person\/90100c8845ae55462ec0657d3d2f8d3b","name":"Vinicio Jarqu\u00edn","image":{"@type":"ImageObject","inLanguage":"es","@id":"https:\/\/viniciojarquin.com\/blog\/#\/schema\/person\/image\/","url":"https:\/\/viniciojarquin.com\/blog\/wp-content\/uploads\/2024\/10\/Logo-VinicioJarquin-original-400.png","contentUrl":"https:\/\/viniciojarquin.com\/blog\/wp-content\/uploads\/2024\/10\/Logo-VinicioJarquin-original-400.png","width":400,"height":130,"caption":"Vinicio Jarqu\u00edn"},"logo":{"@id":"https:\/\/viniciojarquin.com\/blog\/#\/schema\/person\/image\/"},"description":"Empresario textil, artista pl\u00e1stico, escritor, coach de vida y fot\u00f3grafo.","sameAs":["https:\/\/viniciojarquin.com\/blog","https:\/\/www.facebook.com\/vinicio.jarquin","https:\/\/www.instagram.com\/vinicio_jarquin\/","https:\/\/www.pinterest.com\/vinnyjc\/","https:\/\/www.youtube.com\/@VinicioJarquin"],"url":"https:\/\/viniciojarquin.com\/blog\/author\/admin_s02au25i\/"}]}},"blog_post_layout_featured_media_urls":{"thumbnail":["https:\/\/viniciojarquin.com\/blog\/wp-content\/uploads\/2026\/04\/El-poder-cuando-todavia-es-promesa-150x150.png",150,150,true],"full":["https:\/\/viniciojarquin.com\/blog\/wp-content\/uploads\/2026\/04\/El-poder-cuando-todavia-es-promesa.png",800,533,false]},"categories_names":{"1":{"name":"Uncategorized","link":"https:\/\/viniciojarquin.com\/blog\/category\/uncategorized\/"}},"tags_names":[],"comments_number":"0","_links":{"self":[{"href":"https:\/\/viniciojarquin.com\/blog\/wp-json\/wp\/v2\/posts\/3540","targetHints":{"allow":["GET"]}}],"collection":[{"href":"https:\/\/viniciojarquin.com\/blog\/wp-json\/wp\/v2\/posts"}],"about":[{"href":"https:\/\/viniciojarquin.com\/blog\/wp-json\/wp\/v2\/types\/post"}],"author":[{"embeddable":true,"href":"https:\/\/viniciojarquin.com\/blog\/wp-json\/wp\/v2\/users\/1"}],"replies":[{"embeddable":true,"href":"https:\/\/viniciojarquin.com\/blog\/wp-json\/wp\/v2\/comments?post=3540"}],"version-history":[{"count":3,"href":"https:\/\/viniciojarquin.com\/blog\/wp-json\/wp\/v2\/posts\/3540\/revisions"}],"predecessor-version":[{"id":3545,"href":"https:\/\/viniciojarquin.com\/blog\/wp-json\/wp\/v2\/posts\/3540\/revisions\/3545"}],"wp:featuredmedia":[{"embeddable":true,"href":"https:\/\/viniciojarquin.com\/blog\/wp-json\/wp\/v2\/media\/3541"}],"wp:attachment":[{"href":"https:\/\/viniciojarquin.com\/blog\/wp-json\/wp\/v2\/media?parent=3540"}],"wp:term":[{"taxonomy":"category","embeddable":true,"href":"https:\/\/viniciojarquin.com\/blog\/wp-json\/wp\/v2\/categories?post=3540"},{"taxonomy":"post_tag","embeddable":true,"href":"https:\/\/viniciojarquin.com\/blog\/wp-json\/wp\/v2\/tags?post=3540"}],"curies":[{"name":"wp","href":"https:\/\/api.w.org\/{rel}","templated":true}]}}