{"id":3546,"date":"2026-04-26T05:56:19","date_gmt":"2026-04-26T05:56:19","guid":{"rendered":"https:\/\/viniciojarquin.com\/blog\/?p=3546"},"modified":"2026-04-26T05:56:21","modified_gmt":"2026-04-26T05:56:21","slug":"el-invierno-que-no-parecia-tener-fin","status":"publish","type":"post","link":"https:\/\/viniciojarquin.com\/blog\/el-invierno-que-no-parecia-tener-fin\/","title":{"rendered":"El invierno que no parec\u00eda tener fin"},"content":{"rendered":"\n<figure class=\"wp-block-image size-full\"><img decoding=\"async\" width=\"800\" height=\"533\" data-src=\"https:\/\/viniciojarquin.com\/blog\/wp-content\/uploads\/2026\/04\/El-invierno-que-no-parecia-tener-fin.png\" alt=\"\" class=\"wp-image-3550 lazyload\" data-srcset=\"https:\/\/viniciojarquin.com\/blog\/wp-content\/uploads\/2026\/04\/El-invierno-que-no-parecia-tener-fin.png 800w, https:\/\/viniciojarquin.com\/blog\/wp-content\/uploads\/2026\/04\/El-invierno-que-no-parecia-tener-fin-300x200.png 300w, https:\/\/viniciojarquin.com\/blog\/wp-content\/uploads\/2026\/04\/El-invierno-que-no-parecia-tener-fin-768x512.png 768w\" data-sizes=\"(max-width: 800px) 100vw, 800px\" src=\"data:image\/svg+xml;base64,PHN2ZyB3aWR0aD0iMSIgaGVpZ2h0PSIxIiB4bWxucz0iaHR0cDovL3d3dy53My5vcmcvMjAwMC9zdmciPjwvc3ZnPg==\" style=\"--smush-placeholder-width: 800px; --smush-placeholder-aspect-ratio: 800\/533;\" \/><\/figure>\n\n\n\n<p>Hay momentos en la vida \u2014y tambi\u00e9n en los pa\u00edses\u2014 en los que el tiempo deja de sentirse como una secuencia de d\u00edas y se convierte en una sensaci\u00f3n. Una atm\u00f3sfera. Un clima que no se mide con term\u00f3metros, sino con el \u00e1nimo de la gente.<\/p>\n\n\n\n<p>Hay inviernos que no llegan de golpe. No anuncian su entrada con tormentas violentas, sino con peque\u00f1os cambios que al inicio parecen normales. Una decisi\u00f3n aqu\u00ed, una palabra all\u00e1, un gesto que incomoda pero que se deja pasar. Y poco a poco, casi sin darnos cuenta, todo empieza a sentirse distinto. M\u00e1s fr\u00edo. M\u00e1s tenso. M\u00e1s distante.<\/p>\n\n\n\n<p>No es que la vida desaparezca. Sigue ah\u00ed. La gente sigue trabajando, riendo, encontr\u00e1ndose. Pero algo cambia. Como si debajo de todo eso hubiera una capa invisible que limita, que enfr\u00eda, que hace que todo florezca menos.<\/p>\n\n\n\n<p>En <em>The Chronicles of Narnia<\/em>, el invierno no era solo una estaci\u00f3n. Era una condici\u00f3n sostenida en el tiempo. Un \u201csiempre invierno\u201d que no permit\u00eda que la primavera llegara. Y sin embargo, incluso en ese escenario, hab\u00eda algo que no pod\u00edan congelar: la expectativa. La sensaci\u00f3n de que, en alg\u00fan momento, algo ten\u00eda que cambiar.<\/p>\n\n\n\n<p>Y es curioso\u2026 porque cuando uno est\u00e1 dentro del invierno, cuesta imaginar la primavera. Cuesta creer que los \u00e1rboles vuelvan a florecer cuando todo lo que ves son ramas secas. Cuesta confiar en el calor cuando el fr\u00edo se volvi\u00f3 costumbre.<\/p>\n\n\n\n<p>Pero hay algo que el invierno nunca logra borrar del todo: la memoria de lo que es florecer.<\/p>\n\n\n\n<p>Esa memoria vive en las conversaciones, en los silencios inc\u00f3modos, en las preguntas que empiezan a surgir. Vive en la gente que observa, que siente, que no termina de adaptarse a la frialdad como si fuera lo normal. Vive en quienes, incluso sin decirlo en voz alta, saben que esto no es permanente.<\/p>\n\n\n\n<p>Porque ning\u00fan invierno lo es.<\/p>\n\n\n\n<p>Y tal vez lo m\u00e1s importante no es preguntarse cu\u00e1ndo llegar\u00e1 la primavera, sino reconocer cu\u00e1ndo empieza. Porque la primavera no llega el d\u00eda que todo est\u00e1 resuelto. Empieza mucho antes. Empieza en lo invisible. En peque\u00f1as decisiones. En nuevas formas de mirar. En una conciencia que se despierta poco a poco.<\/p>\n\n\n\n<p>Empieza cuando dejamos de normalizar el fr\u00edo. Empieza cuando volvemos a recordar c\u00f3mo se siente el calor. Y entonces, sin hacer mucho ruido, algo cambia. No de golpe. No de forma espectacular. Pero cambia.<\/p>\n\n\n\n<p>Porque los ciclos no se detienen. Porque la vida, incluso cuando parece dormida, sigue trabajando debajo de la superficie. Porque siempre hay un momento en que lo que estaba contenido encuentra una forma de salir.<\/p>\n\n\n\n<p>Y cuando eso pasa\u2026 no hay invierno que lo detenga. Tal vez no lo veas hoy con claridad. Tal vez a\u00fan haga fr\u00edo. Pero si prest\u00e1s atenci\u00f3n\u2026 hay se\u00f1ales. Siempre las hay.<\/p>\n","protected":false},"excerpt":{"rendered":"<p>Hay momentos en la vida \u2014y tambi\u00e9n en los pa\u00edses\u2014 en los que el tiempo deja de sentirse como una [&hellip;]<\/p>\n","protected":false},"author":1,"featured_media":3550,"comment_status":"open","ping_status":"open","sticky":false,"template":"","format":"standard","meta":{"site-sidebar-layout":"default","site-content-layout":"","ast-site-content-layout":"","site-content-style":"default","site-sidebar-style":"default","ast-global-header-display":"","ast-banner-title-visibility":"","ast-main-header-display":"","ast-hfb-above-header-display":"","ast-hfb-below-header-display":"","ast-hfb-mobile-header-display":"","site-post-title":"","ast-breadcrumbs-content":"","ast-featured-img":"","footer-sml-layout":"","theme-transparent-header-meta":"","adv-header-id-meta":"","stick-header-meta":"","header-above-stick-meta":"","header-main-stick-meta":"","header-below-stick-meta":"","astra-migrate-meta-layouts":"default","ast-page-background-enabled":"default","ast-page-background-meta":{"desktop":{"background-color":"var(--ast-global-color-5)","background-image":"","background-repeat":"repeat","background-position":"center center","background-size":"auto","background-attachment":"scroll","background-type":"","background-media":"","overlay-type":"","overlay-color":"","overlay-opacity":"","overlay-gradient":""},"tablet":{"background-color":"","background-image":"","background-repeat":"repeat","background-position":"center center","background-size":"auto","background-attachment":"scroll","background-type":"","background-media":"","overlay-type":"","overlay-color":"","overlay-opacity":"","overlay-gradient":""},"mobile":{"background-color":"","background-image":"","background-repeat":"repeat","background-position":"center center","background-size":"auto","background-attachment":"scroll","background-type":"","background-media":"","overlay-type":"","overlay-color":"","overlay-opacity":"","overlay-gradient":""}},"ast-content-background-meta":{"desktop":{"background-color":"var(--ast-global-color-4)","background-image":"","background-repeat":"repeat","background-position":"center center","background-size":"auto","background-attachment":"scroll","background-type":"","background-media":"","overlay-type":"","overlay-color":"","overlay-opacity":"","overlay-gradient":""},"tablet":{"background-color":"var(--ast-global-color-4)","background-image":"","background-repeat":"repeat","background-position":"center center","background-size":"auto","background-attachment":"scroll","background-type":"","background-media":"","overlay-type":"","overlay-color":"","overlay-opacity":"","overlay-gradient":""},"mobile":{"background-color":"var(--ast-global-color-4)","background-image":"","background-repeat":"repeat","background-position":"center center","background-size":"auto","background-attachment":"scroll","background-type":"","background-media":"","overlay-type":"","overlay-color":"","overlay-opacity":"","overlay-gradient":""}},"footnotes":""},"categories":[9],"tags":[],"class_list":["post-3546","post","type-post","status-publish","format-standard","has-post-thumbnail","hentry","category-mis-escritos"],"yoast_head":"<!-- This site is optimized with the Yoast SEO plugin v26.0 - https:\/\/yoast.com\/wordpress\/plugins\/seo\/ -->\n<title>El invierno que no parec\u00eda tener fin - MI BLOG<\/title>\n<meta name=\"robots\" content=\"index, follow, max-snippet:-1, max-image-preview:large, max-video-preview:-1\" \/>\n<link rel=\"canonical\" href=\"https:\/\/viniciojarquin.com\/blog\/el-invierno-que-no-parecia-tener-fin\/\" \/>\n<meta property=\"og:locale\" content=\"es_ES\" \/>\n<meta property=\"og:type\" content=\"article\" \/>\n<meta property=\"og:title\" content=\"El invierno que no parec\u00eda tener fin - MI BLOG\" \/>\n<meta property=\"og:description\" content=\"Hay momentos en la vida \u2014y tambi\u00e9n en los pa\u00edses\u2014 en los que el tiempo deja de sentirse como una [&hellip;]\" \/>\n<meta property=\"og:url\" content=\"https:\/\/viniciojarquin.com\/blog\/el-invierno-que-no-parecia-tener-fin\/\" \/>\n<meta property=\"og:site_name\" content=\"MI BLOG\" \/>\n<meta property=\"article:publisher\" content=\"https:\/\/www.facebook.com\/vinicio.jarquin\" \/>\n<meta property=\"article:author\" content=\"https:\/\/www.facebook.com\/vinicio.jarquin\" \/>\n<meta property=\"article:published_time\" content=\"2026-04-26T05:56:19+00:00\" \/>\n<meta property=\"article:modified_time\" content=\"2026-04-26T05:56:21+00:00\" \/>\n<meta property=\"og:image\" content=\"https:\/\/viniciojarquin.com\/blog\/wp-content\/uploads\/2026\/04\/El-invierno-que-no-parecia-tener-fin.png\" \/>\n\t<meta property=\"og:image:width\" content=\"800\" \/>\n\t<meta property=\"og:image:height\" content=\"533\" \/>\n\t<meta property=\"og:image:type\" content=\"image\/png\" \/>\n<meta name=\"author\" content=\"Vinicio Jarqu\u00edn\" \/>\n<meta name=\"twitter:card\" content=\"summary_large_image\" \/>\n<meta name=\"twitter:label1\" content=\"Escrito por\" \/>\n\t<meta name=\"twitter:data1\" content=\"Vinicio Jarqu\u00edn\" \/>\n\t<meta name=\"twitter:label2\" content=\"Tiempo de lectura\" \/>\n\t<meta name=\"twitter:data2\" content=\"3 minutos\" \/>\n<script type=\"application\/ld+json\" class=\"yoast-schema-graph\">{\"@context\":\"https:\/\/schema.org\",\"@graph\":[{\"@type\":\"Article\",\"@id\":\"https:\/\/viniciojarquin.com\/blog\/el-invierno-que-no-parecia-tener-fin\/#article\",\"isPartOf\":{\"@id\":\"https:\/\/viniciojarquin.com\/blog\/el-invierno-que-no-parecia-tener-fin\/\"},\"author\":{\"name\":\"Vinicio Jarqu\u00edn\",\"@id\":\"https:\/\/viniciojarquin.com\/blog\/#\/schema\/person\/90100c8845ae55462ec0657d3d2f8d3b\"},\"headline\":\"El invierno que no parec\u00eda tener fin\",\"datePublished\":\"2026-04-26T05:56:19+00:00\",\"dateModified\":\"2026-04-26T05:56:21+00:00\",\"mainEntityOfPage\":{\"@id\":\"https:\/\/viniciojarquin.com\/blog\/el-invierno-que-no-parecia-tener-fin\/\"},\"wordCount\":510,\"commentCount\":0,\"publisher\":{\"@id\":\"https:\/\/viniciojarquin.com\/blog\/#\/schema\/person\/90100c8845ae55462ec0657d3d2f8d3b\"},\"image\":{\"@id\":\"https:\/\/viniciojarquin.com\/blog\/el-invierno-que-no-parecia-tener-fin\/#primaryimage\"},\"thumbnailUrl\":\"https:\/\/viniciojarquin.com\/blog\/wp-content\/uploads\/2026\/04\/El-invierno-que-no-parecia-tener-fin.png\",\"articleSection\":[\"Escritos generales\"],\"inLanguage\":\"es\",\"potentialAction\":[{\"@type\":\"CommentAction\",\"name\":\"Comment\",\"target\":[\"https:\/\/viniciojarquin.com\/blog\/el-invierno-que-no-parecia-tener-fin\/#respond\"]}]},{\"@type\":\"WebPage\",\"@id\":\"https:\/\/viniciojarquin.com\/blog\/el-invierno-que-no-parecia-tener-fin\/\",\"url\":\"https:\/\/viniciojarquin.com\/blog\/el-invierno-que-no-parecia-tener-fin\/\",\"name\":\"El invierno que no parec\u00eda tener fin - MI BLOG\",\"isPartOf\":{\"@id\":\"https:\/\/viniciojarquin.com\/blog\/#website\"},\"primaryImageOfPage\":{\"@id\":\"https:\/\/viniciojarquin.com\/blog\/el-invierno-que-no-parecia-tener-fin\/#primaryimage\"},\"image\":{\"@id\":\"https:\/\/viniciojarquin.com\/blog\/el-invierno-que-no-parecia-tener-fin\/#primaryimage\"},\"thumbnailUrl\":\"https:\/\/viniciojarquin.com\/blog\/wp-content\/uploads\/2026\/04\/El-invierno-que-no-parecia-tener-fin.png\",\"datePublished\":\"2026-04-26T05:56:19+00:00\",\"dateModified\":\"2026-04-26T05:56:21+00:00\",\"breadcrumb\":{\"@id\":\"https:\/\/viniciojarquin.com\/blog\/el-invierno-que-no-parecia-tener-fin\/#breadcrumb\"},\"inLanguage\":\"es\",\"potentialAction\":[{\"@type\":\"ReadAction\",\"target\":[\"https:\/\/viniciojarquin.com\/blog\/el-invierno-que-no-parecia-tener-fin\/\"]}]},{\"@type\":\"ImageObject\",\"inLanguage\":\"es\",\"@id\":\"https:\/\/viniciojarquin.com\/blog\/el-invierno-que-no-parecia-tener-fin\/#primaryimage\",\"url\":\"https:\/\/viniciojarquin.com\/blog\/wp-content\/uploads\/2026\/04\/El-invierno-que-no-parecia-tener-fin.png\",\"contentUrl\":\"https:\/\/viniciojarquin.com\/blog\/wp-content\/uploads\/2026\/04\/El-invierno-que-no-parecia-tener-fin.png\",\"width\":800,\"height\":533},{\"@type\":\"BreadcrumbList\",\"@id\":\"https:\/\/viniciojarquin.com\/blog\/el-invierno-que-no-parecia-tener-fin\/#breadcrumb\",\"itemListElement\":[{\"@type\":\"ListItem\",\"position\":1,\"name\":\"Portada\",\"item\":\"https:\/\/viniciojarquin.com\/blog\/\"},{\"@type\":\"ListItem\",\"position\":2,\"name\":\"El invierno que no parec\u00eda tener fin\"}]},{\"@type\":\"WebSite\",\"@id\":\"https:\/\/viniciojarquin.com\/blog\/#website\",\"url\":\"https:\/\/viniciojarquin.com\/blog\/\",\"name\":\"Vinicio Jarqu\u00edn BLOG\",\"description\":\"\",\"publisher\":{\"@id\":\"https:\/\/viniciojarquin.com\/blog\/#\/schema\/person\/90100c8845ae55462ec0657d3d2f8d3b\"},\"potentialAction\":[{\"@type\":\"SearchAction\",\"target\":{\"@type\":\"EntryPoint\",\"urlTemplate\":\"https:\/\/viniciojarquin.com\/blog\/?s={search_term_string}\"},\"query-input\":{\"@type\":\"PropertyValueSpecification\",\"valueRequired\":true,\"valueName\":\"search_term_string\"}}],\"inLanguage\":\"es\"},{\"@type\":[\"Person\",\"Organization\"],\"@id\":\"https:\/\/viniciojarquin.com\/blog\/#\/schema\/person\/90100c8845ae55462ec0657d3d2f8d3b\",\"name\":\"Vinicio Jarqu\u00edn\",\"image\":{\"@type\":\"ImageObject\",\"inLanguage\":\"es\",\"@id\":\"https:\/\/viniciojarquin.com\/blog\/#\/schema\/person\/image\/\",\"url\":\"https:\/\/viniciojarquin.com\/blog\/wp-content\/uploads\/2024\/10\/Logo-VinicioJarquin-original-400.png\",\"contentUrl\":\"https:\/\/viniciojarquin.com\/blog\/wp-content\/uploads\/2024\/10\/Logo-VinicioJarquin-original-400.png\",\"width\":400,\"height\":130,\"caption\":\"Vinicio Jarqu\u00edn\"},\"logo\":{\"@id\":\"https:\/\/viniciojarquin.com\/blog\/#\/schema\/person\/image\/\"},\"description\":\"Empresario textil, artista pl\u00e1stico, escritor, coach de vida y fot\u00f3grafo.\",\"sameAs\":[\"https:\/\/viniciojarquin.com\/blog\",\"https:\/\/www.facebook.com\/vinicio.jarquin\",\"https:\/\/www.instagram.com\/vinicio_jarquin\/\",\"https:\/\/www.pinterest.com\/vinnyjc\/\",\"https:\/\/www.youtube.com\/@VinicioJarquin\"],\"url\":\"https:\/\/viniciojarquin.com\/blog\/author\/admin_s02au25i\/\"}]}<\/script>\n<!-- \/ Yoast SEO plugin. -->","yoast_head_json":{"title":"El invierno que no parec\u00eda tener fin - MI BLOG","robots":{"index":"index","follow":"follow","max-snippet":"max-snippet:-1","max-image-preview":"max-image-preview:large","max-video-preview":"max-video-preview:-1"},"canonical":"https:\/\/viniciojarquin.com\/blog\/el-invierno-que-no-parecia-tener-fin\/","og_locale":"es_ES","og_type":"article","og_title":"El invierno que no parec\u00eda tener fin - MI BLOG","og_description":"Hay momentos en la vida \u2014y tambi\u00e9n en los pa\u00edses\u2014 en los que el tiempo deja de sentirse como una [&hellip;]","og_url":"https:\/\/viniciojarquin.com\/blog\/el-invierno-que-no-parecia-tener-fin\/","og_site_name":"MI BLOG","article_publisher":"https:\/\/www.facebook.com\/vinicio.jarquin","article_author":"https:\/\/www.facebook.com\/vinicio.jarquin","article_published_time":"2026-04-26T05:56:19+00:00","article_modified_time":"2026-04-26T05:56:21+00:00","og_image":[{"width":800,"height":533,"url":"https:\/\/viniciojarquin.com\/blog\/wp-content\/uploads\/2026\/04\/El-invierno-que-no-parecia-tener-fin.png","type":"image\/png"}],"author":"Vinicio Jarqu\u00edn","twitter_card":"summary_large_image","twitter_misc":{"Escrito por":"Vinicio Jarqu\u00edn","Tiempo de lectura":"3 minutos"},"schema":{"@context":"https:\/\/schema.org","@graph":[{"@type":"Article","@id":"https:\/\/viniciojarquin.com\/blog\/el-invierno-que-no-parecia-tener-fin\/#article","isPartOf":{"@id":"https:\/\/viniciojarquin.com\/blog\/el-invierno-que-no-parecia-tener-fin\/"},"author":{"name":"Vinicio Jarqu\u00edn","@id":"https:\/\/viniciojarquin.com\/blog\/#\/schema\/person\/90100c8845ae55462ec0657d3d2f8d3b"},"headline":"El invierno que no parec\u00eda tener fin","datePublished":"2026-04-26T05:56:19+00:00","dateModified":"2026-04-26T05:56:21+00:00","mainEntityOfPage":{"@id":"https:\/\/viniciojarquin.com\/blog\/el-invierno-que-no-parecia-tener-fin\/"},"wordCount":510,"commentCount":0,"publisher":{"@id":"https:\/\/viniciojarquin.com\/blog\/#\/schema\/person\/90100c8845ae55462ec0657d3d2f8d3b"},"image":{"@id":"https:\/\/viniciojarquin.com\/blog\/el-invierno-que-no-parecia-tener-fin\/#primaryimage"},"thumbnailUrl":"https:\/\/viniciojarquin.com\/blog\/wp-content\/uploads\/2026\/04\/El-invierno-que-no-parecia-tener-fin.png","articleSection":["Escritos generales"],"inLanguage":"es","potentialAction":[{"@type":"CommentAction","name":"Comment","target":["https:\/\/viniciojarquin.com\/blog\/el-invierno-que-no-parecia-tener-fin\/#respond"]}]},{"@type":"WebPage","@id":"https:\/\/viniciojarquin.com\/blog\/el-invierno-que-no-parecia-tener-fin\/","url":"https:\/\/viniciojarquin.com\/blog\/el-invierno-que-no-parecia-tener-fin\/","name":"El invierno que no parec\u00eda tener fin - MI BLOG","isPartOf":{"@id":"https:\/\/viniciojarquin.com\/blog\/#website"},"primaryImageOfPage":{"@id":"https:\/\/viniciojarquin.com\/blog\/el-invierno-que-no-parecia-tener-fin\/#primaryimage"},"image":{"@id":"https:\/\/viniciojarquin.com\/blog\/el-invierno-que-no-parecia-tener-fin\/#primaryimage"},"thumbnailUrl":"https:\/\/viniciojarquin.com\/blog\/wp-content\/uploads\/2026\/04\/El-invierno-que-no-parecia-tener-fin.png","datePublished":"2026-04-26T05:56:19+00:00","dateModified":"2026-04-26T05:56:21+00:00","breadcrumb":{"@id":"https:\/\/viniciojarquin.com\/blog\/el-invierno-que-no-parecia-tener-fin\/#breadcrumb"},"inLanguage":"es","potentialAction":[{"@type":"ReadAction","target":["https:\/\/viniciojarquin.com\/blog\/el-invierno-que-no-parecia-tener-fin\/"]}]},{"@type":"ImageObject","inLanguage":"es","@id":"https:\/\/viniciojarquin.com\/blog\/el-invierno-que-no-parecia-tener-fin\/#primaryimage","url":"https:\/\/viniciojarquin.com\/blog\/wp-content\/uploads\/2026\/04\/El-invierno-que-no-parecia-tener-fin.png","contentUrl":"https:\/\/viniciojarquin.com\/blog\/wp-content\/uploads\/2026\/04\/El-invierno-que-no-parecia-tener-fin.png","width":800,"height":533},{"@type":"BreadcrumbList","@id":"https:\/\/viniciojarquin.com\/blog\/el-invierno-que-no-parecia-tener-fin\/#breadcrumb","itemListElement":[{"@type":"ListItem","position":1,"name":"Portada","item":"https:\/\/viniciojarquin.com\/blog\/"},{"@type":"ListItem","position":2,"name":"El invierno que no parec\u00eda tener fin"}]},{"@type":"WebSite","@id":"https:\/\/viniciojarquin.com\/blog\/#website","url":"https:\/\/viniciojarquin.com\/blog\/","name":"Vinicio Jarqu\u00edn BLOG","description":"","publisher":{"@id":"https:\/\/viniciojarquin.com\/blog\/#\/schema\/person\/90100c8845ae55462ec0657d3d2f8d3b"},"potentialAction":[{"@type":"SearchAction","target":{"@type":"EntryPoint","urlTemplate":"https:\/\/viniciojarquin.com\/blog\/?s={search_term_string}"},"query-input":{"@type":"PropertyValueSpecification","valueRequired":true,"valueName":"search_term_string"}}],"inLanguage":"es"},{"@type":["Person","Organization"],"@id":"https:\/\/viniciojarquin.com\/blog\/#\/schema\/person\/90100c8845ae55462ec0657d3d2f8d3b","name":"Vinicio Jarqu\u00edn","image":{"@type":"ImageObject","inLanguage":"es","@id":"https:\/\/viniciojarquin.com\/blog\/#\/schema\/person\/image\/","url":"https:\/\/viniciojarquin.com\/blog\/wp-content\/uploads\/2024\/10\/Logo-VinicioJarquin-original-400.png","contentUrl":"https:\/\/viniciojarquin.com\/blog\/wp-content\/uploads\/2024\/10\/Logo-VinicioJarquin-original-400.png","width":400,"height":130,"caption":"Vinicio Jarqu\u00edn"},"logo":{"@id":"https:\/\/viniciojarquin.com\/blog\/#\/schema\/person\/image\/"},"description":"Empresario textil, artista pl\u00e1stico, escritor, coach de vida y fot\u00f3grafo.","sameAs":["https:\/\/viniciojarquin.com\/blog","https:\/\/www.facebook.com\/vinicio.jarquin","https:\/\/www.instagram.com\/vinicio_jarquin\/","https:\/\/www.pinterest.com\/vinnyjc\/","https:\/\/www.youtube.com\/@VinicioJarquin"],"url":"https:\/\/viniciojarquin.com\/blog\/author\/admin_s02au25i\/"}]}},"blog_post_layout_featured_media_urls":{"thumbnail":["https:\/\/viniciojarquin.com\/blog\/wp-content\/uploads\/2026\/04\/El-invierno-que-no-parecia-tener-fin-150x150.png",150,150,true],"full":["https:\/\/viniciojarquin.com\/blog\/wp-content\/uploads\/2026\/04\/El-invierno-que-no-parecia-tener-fin.png",800,533,false]},"categories_names":{"9":{"name":"Escritos generales","link":"https:\/\/viniciojarquin.com\/blog\/category\/mis-escritos\/"}},"tags_names":[],"comments_number":"0","_links":{"self":[{"href":"https:\/\/viniciojarquin.com\/blog\/wp-json\/wp\/v2\/posts\/3546","targetHints":{"allow":["GET"]}}],"collection":[{"href":"https:\/\/viniciojarquin.com\/blog\/wp-json\/wp\/v2\/posts"}],"about":[{"href":"https:\/\/viniciojarquin.com\/blog\/wp-json\/wp\/v2\/types\/post"}],"author":[{"embeddable":true,"href":"https:\/\/viniciojarquin.com\/blog\/wp-json\/wp\/v2\/users\/1"}],"replies":[{"embeddable":true,"href":"https:\/\/viniciojarquin.com\/blog\/wp-json\/wp\/v2\/comments?post=3546"}],"version-history":[{"count":1,"href":"https:\/\/viniciojarquin.com\/blog\/wp-json\/wp\/v2\/posts\/3546\/revisions"}],"predecessor-version":[{"id":3551,"href":"https:\/\/viniciojarquin.com\/blog\/wp-json\/wp\/v2\/posts\/3546\/revisions\/3551"}],"wp:featuredmedia":[{"embeddable":true,"href":"https:\/\/viniciojarquin.com\/blog\/wp-json\/wp\/v2\/media\/3550"}],"wp:attachment":[{"href":"https:\/\/viniciojarquin.com\/blog\/wp-json\/wp\/v2\/media?parent=3546"}],"wp:term":[{"taxonomy":"category","embeddable":true,"href":"https:\/\/viniciojarquin.com\/blog\/wp-json\/wp\/v2\/categories?post=3546"},{"taxonomy":"post_tag","embeddable":true,"href":"https:\/\/viniciojarquin.com\/blog\/wp-json\/wp\/v2\/tags?post=3546"}],"curies":[{"name":"wp","href":"https:\/\/api.w.org\/{rel}","templated":true}]}}