{"id":3552,"date":"2026-04-26T06:02:08","date_gmt":"2026-04-26T06:02:08","guid":{"rendered":"https:\/\/viniciojarquin.com\/blog\/?p=3552"},"modified":"2026-04-26T06:02:11","modified_gmt":"2026-04-26T06:02:11","slug":"cuando-las-palabras-construyen-mitos","status":"publish","type":"post","link":"https:\/\/viniciojarquin.com\/blog\/cuando-las-palabras-construyen-mitos\/","title":{"rendered":"Cuando las palabras construyen mitos"},"content":{"rendered":"\n<figure class=\"wp-block-image size-full\"><img decoding=\"async\" width=\"800\" height=\"533\" data-src=\"https:\/\/viniciojarquin.com\/blog\/wp-content\/uploads\/2026\/04\/Cuando-las-palabras-construyen-mitos.png\" alt=\"\" class=\"wp-image-3553 lazyload\" data-srcset=\"https:\/\/viniciojarquin.com\/blog\/wp-content\/uploads\/2026\/04\/Cuando-las-palabras-construyen-mitos.png 800w, https:\/\/viniciojarquin.com\/blog\/wp-content\/uploads\/2026\/04\/Cuando-las-palabras-construyen-mitos-300x200.png 300w, https:\/\/viniciojarquin.com\/blog\/wp-content\/uploads\/2026\/04\/Cuando-las-palabras-construyen-mitos-768x512.png 768w\" data-sizes=\"(max-width: 800px) 100vw, 800px\" src=\"data:image\/svg+xml;base64,PHN2ZyB3aWR0aD0iMSIgaGVpZ2h0PSIxIiB4bWxucz0iaHR0cDovL3d3dy53My5vcmcvMjAwMC9zdmciPjwvc3ZnPg==\" style=\"--smush-placeholder-width: 800px; --smush-placeholder-aspect-ratio: 800\/533;\" \/><\/figure>\n\n\n\n<p>Hay discursos que no solo informan, sino que moldean emociones, elevan figuras y, en algunos casos, intentan instalar verdades antes de que la realidad tenga tiempo de confirmarlas. El reciente mensaje del presidente Rodrigo Chaves sobre la presidenta Laura Fern\u00e1ndez es uno de esos casos. No por su contenido pol\u00edtico expl\u00edcito, sino por la forma en que est\u00e1 construido: cargado de simbolismo, de espiritualidad, de historia\u2026 y de una intenci\u00f3n clara de dejar una narrativa sembrada.<\/p>\n\n\n\n<p>\u201cYo me voy en paz. Le doy gracias a Dios que nos ilumin\u00f3 a ustedes a elegir a quien yo sigo repitiendo y repitiendo, ser\u00e1 la mejor presidente de la historia de Costa Rica despu\u00e9s de Juanito Mora. Perd\u00f3n que la ponga de segunda, se\u00f1ora. Y la raz\u00f3n, do\u00f1a Laura, es que yo no quisiera que tuvieran que probar el material de que usted est\u00e1 hecha con violencia. Yo s\u00e9 que usted fue la escogencia de un pueblo iluminado por Dios. Eso me hace irme en paz, tranquilo, orgulloso. Yo me voy.\u201d<\/p>\n\n\n\n<p>Cuando uno escucha esto por primera vez, puede sentirse incluso conmovido. Hay algo profundamente humano en alguien que dice que se va en paz, que agradece a Dios, que expresa esperanza en quien contin\u00faa. Pero cuando uno baja el ritmo, respira, y vuelve a leerlo con calma\u2026 aparecen otras capas.<\/p>\n\n\n\n<p>El discurso no solo agradece. Legitima. No solo apoya. Consagra.<\/p>\n\n\n\n<p>Cuando el presidente introduce a Dios como quien \u201cilumin\u00f3 al pueblo\u201d para elegir, est\u00e1 colocando esa decisi\u00f3n en un plano superior, casi incuestionable. No es solo una elecci\u00f3n democr\u00e1tica, es una elecci\u00f3n divina. Y eso, aunque suene noble, reduce el espacio para el an\u00e1lisis cr\u00edtico, porque \u00bfqui\u00e9n se atreve a cuestionar algo que se presenta como voluntad de Dios?<\/p>\n\n\n\n<p>Luego viene la comparaci\u00f3n. No cualquier comparaci\u00f3n, sino una con Juan Rafael Mora Porras, conocido popularmente como Juanito Mora. Y aqu\u00ed es donde el discurso deja de ser emocional para convertirse en estructuralmente potente. Mora no es una figura cualquiera en la historia costarricense. Es s\u00edmbolo de defensa nacional, de liderazgo en crisis, de una guerra que defini\u00f3 identidad. Es una figura que no solo se recuerda: se siente.<\/p>\n\n\n\n<p>Pero ah\u00ed mismo nace la pregunta inc\u00f3moda, la que no siempre se formula en voz alta: \u00bfes v\u00e1lida esa comparaci\u00f3n?<\/p>\n\n\n\n<p>Porque comparar a alguien que apenas inicia su mandato con alguien que lider\u00f3 la Campa\u00f1a Nacional de 1856-1857 es, en el mejor de los casos, una anticipaci\u00f3n optimista\u2026 y en el peor, una construcci\u00f3n narrativa que busca instalar grandeza antes de que exista evidencia.<\/p>\n\n\n\n<p>Y no, Laura Fern\u00e1ndez no se parece a Juanito Mora. No porque sea mejor o peor. Sino porque las circunstancias que los rodean son radicalmente distintas. Mora fue probado en un contexto de guerra, de amenaza externa concreta, de decisiones que implicaban vida o muerte para un pa\u00eds entero. Su liderazgo se construy\u00f3 en la acci\u00f3n, en el conflicto, en la historia viva. Laura Fern\u00e1ndez, en cambio, inicia su camino en un contexto democr\u00e1tico, institucional, complejo, s\u00ed\u2026 pero completamente distinto.<\/p>\n\n\n\n<p>Decir que alguien ser\u00e1 la mejor presidenta despu\u00e9s de Mora no es una descripci\u00f3n. Es una declaraci\u00f3n de fe.<\/p>\n\n\n\n<p>Y ah\u00ed es donde el discurso se vuelve interesante\u2026 y delicado.<\/p>\n\n\n\n<p>Porque tambi\u00e9n introduce una idea sutil pero poderosa: \u201cno quisiera que tuvieran que probar el material con violencia\u201d. Es una frase que sugiere fortaleza, pero tambi\u00e9n deja entrever una amenaza impl\u00edcita, como si el pa\u00eds estuviera al borde de necesitar esa dureza. Sin decirlo directamente, instala una narrativa de riesgo futuro que justifica la figura fuerte en el presente.<\/p>\n\n\n\n<p>Finalmente, el cierre: \u201cyo me voy en paz\u201d. Esa frase no solo habla de tranquilidad personal. Es una forma de transferir confianza. De decir: cumpl\u00ed, entrego esto en buenas manos, y me retiro con la certeza de que lo que viene ser\u00e1 correcto.<\/p>\n\n\n\n<p>Pero un pa\u00eds no se construye con certezas heredadas. Se construye con vigilancia, con criterio, con responsabilidad compartida.<\/p>\n\n\n\n<p>Laura Fern\u00e1ndez no necesita ser la pr\u00f3xima Juanito Mora. No necesita ser elevada a ese nivel para gobernar bien. De hecho, cargarla con ese peso simb\u00f3lico puede ser m\u00e1s una carga que un honor. Porque cuando se construyen figuras tan altas desde el inicio, el margen para ser humana, para equivocarse, para aprender\u2026 se reduce peligrosamente.<\/p>\n\n\n\n<p>Tal vez la pregunta no es si ella ser\u00e1 la mejor despu\u00e9s de Mora.<\/p>\n\n\n\n<p>Tal vez la pregunta es si nosotros, como ciudadanos, seremos lo suficientemente conscientes para no necesitar h\u00e9roes antes de tiempo.<\/p>\n","protected":false},"excerpt":{"rendered":"<p>Hay discursos que no solo informan, sino que moldean emociones, elevan figuras y, en algunos casos, intentan instalar verdades antes [&hellip;]<\/p>\n","protected":false},"author":1,"featured_media":3553,"comment_status":"open","ping_status":"open","sticky":false,"template":"","format":"standard","meta":{"site-sidebar-layout":"default","site-content-layout":"","ast-site-content-layout":"","site-content-style":"default","site-sidebar-style":"default","ast-global-header-display":"","ast-banner-title-visibility":"","ast-main-header-display":"","ast-hfb-above-header-display":"","ast-hfb-below-header-display":"","ast-hfb-mobile-header-display":"","site-post-title":"","ast-breadcrumbs-content":"","ast-featured-img":"","footer-sml-layout":"","theme-transparent-header-meta":"","adv-header-id-meta":"","stick-header-meta":"","header-above-stick-meta":"","header-main-stick-meta":"","header-below-stick-meta":"","astra-migrate-meta-layouts":"default","ast-page-background-enabled":"default","ast-page-background-meta":{"desktop":{"background-color":"var(--ast-global-color-5)","background-image":"","background-repeat":"repeat","background-position":"center center","background-size":"auto","background-attachment":"scroll","background-type":"","background-media":"","overlay-type":"","overlay-color":"","overlay-opacity":"","overlay-gradient":""},"tablet":{"background-color":"","background-image":"","background-repeat":"repeat","background-position":"center center","background-size":"auto","background-attachment":"scroll","background-type":"","background-media":"","overlay-type":"","overlay-color":"","overlay-opacity":"","overlay-gradient":""},"mobile":{"background-color":"","background-image":"","background-repeat":"repeat","background-position":"center center","background-size":"auto","background-attachment":"scroll","background-type":"","background-media":"","overlay-type":"","overlay-color":"","overlay-opacity":"","overlay-gradient":""}},"ast-content-background-meta":{"desktop":{"background-color":"var(--ast-global-color-4)","background-image":"","background-repeat":"repeat","background-position":"center center","background-size":"auto","background-attachment":"scroll","background-type":"","background-media":"","overlay-type":"","overlay-color":"","overlay-opacity":"","overlay-gradient":""},"tablet":{"background-color":"var(--ast-global-color-4)","background-image":"","background-repeat":"repeat","background-position":"center center","background-size":"auto","background-attachment":"scroll","background-type":"","background-media":"","overlay-type":"","overlay-color":"","overlay-opacity":"","overlay-gradient":""},"mobile":{"background-color":"var(--ast-global-color-4)","background-image":"","background-repeat":"repeat","background-position":"center center","background-size":"auto","background-attachment":"scroll","background-type":"","background-media":"","overlay-type":"","overlay-color":"","overlay-opacity":"","overlay-gradient":""}},"footnotes":""},"categories":[9],"tags":[],"class_list":["post-3552","post","type-post","status-publish","format-standard","has-post-thumbnail","hentry","category-mis-escritos"],"yoast_head":"<!-- This site is optimized with the Yoast SEO plugin v26.0 - https:\/\/yoast.com\/wordpress\/plugins\/seo\/ -->\n<title>Cuando las palabras construyen mitos - MI BLOG<\/title>\n<meta name=\"robots\" content=\"index, follow, max-snippet:-1, max-image-preview:large, max-video-preview:-1\" \/>\n<link rel=\"canonical\" href=\"https:\/\/viniciojarquin.com\/blog\/cuando-las-palabras-construyen-mitos\/\" \/>\n<meta property=\"og:locale\" content=\"es_ES\" \/>\n<meta property=\"og:type\" content=\"article\" \/>\n<meta property=\"og:title\" content=\"Cuando las palabras construyen mitos - MI BLOG\" \/>\n<meta property=\"og:description\" content=\"Hay discursos que no solo informan, sino que moldean emociones, elevan figuras y, en algunos casos, intentan instalar verdades antes [&hellip;]\" \/>\n<meta property=\"og:url\" content=\"https:\/\/viniciojarquin.com\/blog\/cuando-las-palabras-construyen-mitos\/\" \/>\n<meta property=\"og:site_name\" content=\"MI BLOG\" \/>\n<meta property=\"article:publisher\" content=\"https:\/\/www.facebook.com\/vinicio.jarquin\" \/>\n<meta property=\"article:author\" content=\"https:\/\/www.facebook.com\/vinicio.jarquin\" \/>\n<meta property=\"article:published_time\" content=\"2026-04-26T06:02:08+00:00\" \/>\n<meta property=\"article:modified_time\" content=\"2026-04-26T06:02:11+00:00\" \/>\n<meta property=\"og:image\" content=\"https:\/\/viniciojarquin.com\/blog\/wp-content\/uploads\/2026\/04\/Cuando-las-palabras-construyen-mitos.png\" \/>\n\t<meta property=\"og:image:width\" content=\"800\" \/>\n\t<meta property=\"og:image:height\" content=\"533\" \/>\n\t<meta property=\"og:image:type\" content=\"image\/png\" \/>\n<meta name=\"author\" content=\"Vinicio Jarqu\u00edn\" \/>\n<meta name=\"twitter:card\" content=\"summary_large_image\" \/>\n<meta name=\"twitter:label1\" content=\"Escrito por\" \/>\n\t<meta name=\"twitter:data1\" content=\"Vinicio Jarqu\u00edn\" \/>\n\t<meta name=\"twitter:label2\" content=\"Tiempo de lectura\" \/>\n\t<meta name=\"twitter:data2\" content=\"4 minutos\" \/>\n<script type=\"application\/ld+json\" class=\"yoast-schema-graph\">{\"@context\":\"https:\/\/schema.org\",\"@graph\":[{\"@type\":\"Article\",\"@id\":\"https:\/\/viniciojarquin.com\/blog\/cuando-las-palabras-construyen-mitos\/#article\",\"isPartOf\":{\"@id\":\"https:\/\/viniciojarquin.com\/blog\/cuando-las-palabras-construyen-mitos\/\"},\"author\":{\"name\":\"Vinicio Jarqu\u00edn\",\"@id\":\"https:\/\/viniciojarquin.com\/blog\/#\/schema\/person\/90100c8845ae55462ec0657d3d2f8d3b\"},\"headline\":\"Cuando las palabras construyen mitos\",\"datePublished\":\"2026-04-26T06:02:08+00:00\",\"dateModified\":\"2026-04-26T06:02:11+00:00\",\"mainEntityOfPage\":{\"@id\":\"https:\/\/viniciojarquin.com\/blog\/cuando-las-palabras-construyen-mitos\/\"},\"wordCount\":790,\"commentCount\":0,\"publisher\":{\"@id\":\"https:\/\/viniciojarquin.com\/blog\/#\/schema\/person\/90100c8845ae55462ec0657d3d2f8d3b\"},\"image\":{\"@id\":\"https:\/\/viniciojarquin.com\/blog\/cuando-las-palabras-construyen-mitos\/#primaryimage\"},\"thumbnailUrl\":\"https:\/\/viniciojarquin.com\/blog\/wp-content\/uploads\/2026\/04\/Cuando-las-palabras-construyen-mitos.png\",\"articleSection\":[\"Escritos generales\"],\"inLanguage\":\"es\",\"potentialAction\":[{\"@type\":\"CommentAction\",\"name\":\"Comment\",\"target\":[\"https:\/\/viniciojarquin.com\/blog\/cuando-las-palabras-construyen-mitos\/#respond\"]}]},{\"@type\":\"WebPage\",\"@id\":\"https:\/\/viniciojarquin.com\/blog\/cuando-las-palabras-construyen-mitos\/\",\"url\":\"https:\/\/viniciojarquin.com\/blog\/cuando-las-palabras-construyen-mitos\/\",\"name\":\"Cuando las palabras construyen mitos - MI BLOG\",\"isPartOf\":{\"@id\":\"https:\/\/viniciojarquin.com\/blog\/#website\"},\"primaryImageOfPage\":{\"@id\":\"https:\/\/viniciojarquin.com\/blog\/cuando-las-palabras-construyen-mitos\/#primaryimage\"},\"image\":{\"@id\":\"https:\/\/viniciojarquin.com\/blog\/cuando-las-palabras-construyen-mitos\/#primaryimage\"},\"thumbnailUrl\":\"https:\/\/viniciojarquin.com\/blog\/wp-content\/uploads\/2026\/04\/Cuando-las-palabras-construyen-mitos.png\",\"datePublished\":\"2026-04-26T06:02:08+00:00\",\"dateModified\":\"2026-04-26T06:02:11+00:00\",\"breadcrumb\":{\"@id\":\"https:\/\/viniciojarquin.com\/blog\/cuando-las-palabras-construyen-mitos\/#breadcrumb\"},\"inLanguage\":\"es\",\"potentialAction\":[{\"@type\":\"ReadAction\",\"target\":[\"https:\/\/viniciojarquin.com\/blog\/cuando-las-palabras-construyen-mitos\/\"]}]},{\"@type\":\"ImageObject\",\"inLanguage\":\"es\",\"@id\":\"https:\/\/viniciojarquin.com\/blog\/cuando-las-palabras-construyen-mitos\/#primaryimage\",\"url\":\"https:\/\/viniciojarquin.com\/blog\/wp-content\/uploads\/2026\/04\/Cuando-las-palabras-construyen-mitos.png\",\"contentUrl\":\"https:\/\/viniciojarquin.com\/blog\/wp-content\/uploads\/2026\/04\/Cuando-las-palabras-construyen-mitos.png\",\"width\":800,\"height\":533},{\"@type\":\"BreadcrumbList\",\"@id\":\"https:\/\/viniciojarquin.com\/blog\/cuando-las-palabras-construyen-mitos\/#breadcrumb\",\"itemListElement\":[{\"@type\":\"ListItem\",\"position\":1,\"name\":\"Portada\",\"item\":\"https:\/\/viniciojarquin.com\/blog\/\"},{\"@type\":\"ListItem\",\"position\":2,\"name\":\"Cuando las palabras construyen mitos\"}]},{\"@type\":\"WebSite\",\"@id\":\"https:\/\/viniciojarquin.com\/blog\/#website\",\"url\":\"https:\/\/viniciojarquin.com\/blog\/\",\"name\":\"Vinicio Jarqu\u00edn BLOG\",\"description\":\"\",\"publisher\":{\"@id\":\"https:\/\/viniciojarquin.com\/blog\/#\/schema\/person\/90100c8845ae55462ec0657d3d2f8d3b\"},\"potentialAction\":[{\"@type\":\"SearchAction\",\"target\":{\"@type\":\"EntryPoint\",\"urlTemplate\":\"https:\/\/viniciojarquin.com\/blog\/?s={search_term_string}\"},\"query-input\":{\"@type\":\"PropertyValueSpecification\",\"valueRequired\":true,\"valueName\":\"search_term_string\"}}],\"inLanguage\":\"es\"},{\"@type\":[\"Person\",\"Organization\"],\"@id\":\"https:\/\/viniciojarquin.com\/blog\/#\/schema\/person\/90100c8845ae55462ec0657d3d2f8d3b\",\"name\":\"Vinicio Jarqu\u00edn\",\"image\":{\"@type\":\"ImageObject\",\"inLanguage\":\"es\",\"@id\":\"https:\/\/viniciojarquin.com\/blog\/#\/schema\/person\/image\/\",\"url\":\"https:\/\/viniciojarquin.com\/blog\/wp-content\/uploads\/2024\/10\/Logo-VinicioJarquin-original-400.png\",\"contentUrl\":\"https:\/\/viniciojarquin.com\/blog\/wp-content\/uploads\/2024\/10\/Logo-VinicioJarquin-original-400.png\",\"width\":400,\"height\":130,\"caption\":\"Vinicio Jarqu\u00edn\"},\"logo\":{\"@id\":\"https:\/\/viniciojarquin.com\/blog\/#\/schema\/person\/image\/\"},\"description\":\"Empresario textil, artista pl\u00e1stico, escritor, coach de vida y fot\u00f3grafo.\",\"sameAs\":[\"https:\/\/viniciojarquin.com\/blog\",\"https:\/\/www.facebook.com\/vinicio.jarquin\",\"https:\/\/www.instagram.com\/vinicio_jarquin\/\",\"https:\/\/www.pinterest.com\/vinnyjc\/\",\"https:\/\/www.youtube.com\/@VinicioJarquin\"],\"url\":\"https:\/\/viniciojarquin.com\/blog\/author\/admin_s02au25i\/\"}]}<\/script>\n<!-- \/ Yoast SEO plugin. -->","yoast_head_json":{"title":"Cuando las palabras construyen mitos - MI BLOG","robots":{"index":"index","follow":"follow","max-snippet":"max-snippet:-1","max-image-preview":"max-image-preview:large","max-video-preview":"max-video-preview:-1"},"canonical":"https:\/\/viniciojarquin.com\/blog\/cuando-las-palabras-construyen-mitos\/","og_locale":"es_ES","og_type":"article","og_title":"Cuando las palabras construyen mitos - MI BLOG","og_description":"Hay discursos que no solo informan, sino que moldean emociones, elevan figuras y, en algunos casos, intentan instalar verdades antes [&hellip;]","og_url":"https:\/\/viniciojarquin.com\/blog\/cuando-las-palabras-construyen-mitos\/","og_site_name":"MI BLOG","article_publisher":"https:\/\/www.facebook.com\/vinicio.jarquin","article_author":"https:\/\/www.facebook.com\/vinicio.jarquin","article_published_time":"2026-04-26T06:02:08+00:00","article_modified_time":"2026-04-26T06:02:11+00:00","og_image":[{"width":800,"height":533,"url":"https:\/\/viniciojarquin.com\/blog\/wp-content\/uploads\/2026\/04\/Cuando-las-palabras-construyen-mitos.png","type":"image\/png"}],"author":"Vinicio Jarqu\u00edn","twitter_card":"summary_large_image","twitter_misc":{"Escrito por":"Vinicio Jarqu\u00edn","Tiempo de lectura":"4 minutos"},"schema":{"@context":"https:\/\/schema.org","@graph":[{"@type":"Article","@id":"https:\/\/viniciojarquin.com\/blog\/cuando-las-palabras-construyen-mitos\/#article","isPartOf":{"@id":"https:\/\/viniciojarquin.com\/blog\/cuando-las-palabras-construyen-mitos\/"},"author":{"name":"Vinicio Jarqu\u00edn","@id":"https:\/\/viniciojarquin.com\/blog\/#\/schema\/person\/90100c8845ae55462ec0657d3d2f8d3b"},"headline":"Cuando las palabras construyen mitos","datePublished":"2026-04-26T06:02:08+00:00","dateModified":"2026-04-26T06:02:11+00:00","mainEntityOfPage":{"@id":"https:\/\/viniciojarquin.com\/blog\/cuando-las-palabras-construyen-mitos\/"},"wordCount":790,"commentCount":0,"publisher":{"@id":"https:\/\/viniciojarquin.com\/blog\/#\/schema\/person\/90100c8845ae55462ec0657d3d2f8d3b"},"image":{"@id":"https:\/\/viniciojarquin.com\/blog\/cuando-las-palabras-construyen-mitos\/#primaryimage"},"thumbnailUrl":"https:\/\/viniciojarquin.com\/blog\/wp-content\/uploads\/2026\/04\/Cuando-las-palabras-construyen-mitos.png","articleSection":["Escritos generales"],"inLanguage":"es","potentialAction":[{"@type":"CommentAction","name":"Comment","target":["https:\/\/viniciojarquin.com\/blog\/cuando-las-palabras-construyen-mitos\/#respond"]}]},{"@type":"WebPage","@id":"https:\/\/viniciojarquin.com\/blog\/cuando-las-palabras-construyen-mitos\/","url":"https:\/\/viniciojarquin.com\/blog\/cuando-las-palabras-construyen-mitos\/","name":"Cuando las palabras construyen mitos - MI BLOG","isPartOf":{"@id":"https:\/\/viniciojarquin.com\/blog\/#website"},"primaryImageOfPage":{"@id":"https:\/\/viniciojarquin.com\/blog\/cuando-las-palabras-construyen-mitos\/#primaryimage"},"image":{"@id":"https:\/\/viniciojarquin.com\/blog\/cuando-las-palabras-construyen-mitos\/#primaryimage"},"thumbnailUrl":"https:\/\/viniciojarquin.com\/blog\/wp-content\/uploads\/2026\/04\/Cuando-las-palabras-construyen-mitos.png","datePublished":"2026-04-26T06:02:08+00:00","dateModified":"2026-04-26T06:02:11+00:00","breadcrumb":{"@id":"https:\/\/viniciojarquin.com\/blog\/cuando-las-palabras-construyen-mitos\/#breadcrumb"},"inLanguage":"es","potentialAction":[{"@type":"ReadAction","target":["https:\/\/viniciojarquin.com\/blog\/cuando-las-palabras-construyen-mitos\/"]}]},{"@type":"ImageObject","inLanguage":"es","@id":"https:\/\/viniciojarquin.com\/blog\/cuando-las-palabras-construyen-mitos\/#primaryimage","url":"https:\/\/viniciojarquin.com\/blog\/wp-content\/uploads\/2026\/04\/Cuando-las-palabras-construyen-mitos.png","contentUrl":"https:\/\/viniciojarquin.com\/blog\/wp-content\/uploads\/2026\/04\/Cuando-las-palabras-construyen-mitos.png","width":800,"height":533},{"@type":"BreadcrumbList","@id":"https:\/\/viniciojarquin.com\/blog\/cuando-las-palabras-construyen-mitos\/#breadcrumb","itemListElement":[{"@type":"ListItem","position":1,"name":"Portada","item":"https:\/\/viniciojarquin.com\/blog\/"},{"@type":"ListItem","position":2,"name":"Cuando las palabras construyen mitos"}]},{"@type":"WebSite","@id":"https:\/\/viniciojarquin.com\/blog\/#website","url":"https:\/\/viniciojarquin.com\/blog\/","name":"Vinicio Jarqu\u00edn BLOG","description":"","publisher":{"@id":"https:\/\/viniciojarquin.com\/blog\/#\/schema\/person\/90100c8845ae55462ec0657d3d2f8d3b"},"potentialAction":[{"@type":"SearchAction","target":{"@type":"EntryPoint","urlTemplate":"https:\/\/viniciojarquin.com\/blog\/?s={search_term_string}"},"query-input":{"@type":"PropertyValueSpecification","valueRequired":true,"valueName":"search_term_string"}}],"inLanguage":"es"},{"@type":["Person","Organization"],"@id":"https:\/\/viniciojarquin.com\/blog\/#\/schema\/person\/90100c8845ae55462ec0657d3d2f8d3b","name":"Vinicio Jarqu\u00edn","image":{"@type":"ImageObject","inLanguage":"es","@id":"https:\/\/viniciojarquin.com\/blog\/#\/schema\/person\/image\/","url":"https:\/\/viniciojarquin.com\/blog\/wp-content\/uploads\/2024\/10\/Logo-VinicioJarquin-original-400.png","contentUrl":"https:\/\/viniciojarquin.com\/blog\/wp-content\/uploads\/2024\/10\/Logo-VinicioJarquin-original-400.png","width":400,"height":130,"caption":"Vinicio Jarqu\u00edn"},"logo":{"@id":"https:\/\/viniciojarquin.com\/blog\/#\/schema\/person\/image\/"},"description":"Empresario textil, artista pl\u00e1stico, escritor, coach de vida y fot\u00f3grafo.","sameAs":["https:\/\/viniciojarquin.com\/blog","https:\/\/www.facebook.com\/vinicio.jarquin","https:\/\/www.instagram.com\/vinicio_jarquin\/","https:\/\/www.pinterest.com\/vinnyjc\/","https:\/\/www.youtube.com\/@VinicioJarquin"],"url":"https:\/\/viniciojarquin.com\/blog\/author\/admin_s02au25i\/"}]}},"blog_post_layout_featured_media_urls":{"thumbnail":["https:\/\/viniciojarquin.com\/blog\/wp-content\/uploads\/2026\/04\/Cuando-las-palabras-construyen-mitos-150x150.png",150,150,true],"full":["https:\/\/viniciojarquin.com\/blog\/wp-content\/uploads\/2026\/04\/Cuando-las-palabras-construyen-mitos.png",800,533,false]},"categories_names":{"9":{"name":"Escritos generales","link":"https:\/\/viniciojarquin.com\/blog\/category\/mis-escritos\/"}},"tags_names":[],"comments_number":"0","_links":{"self":[{"href":"https:\/\/viniciojarquin.com\/blog\/wp-json\/wp\/v2\/posts\/3552","targetHints":{"allow":["GET"]}}],"collection":[{"href":"https:\/\/viniciojarquin.com\/blog\/wp-json\/wp\/v2\/posts"}],"about":[{"href":"https:\/\/viniciojarquin.com\/blog\/wp-json\/wp\/v2\/types\/post"}],"author":[{"embeddable":true,"href":"https:\/\/viniciojarquin.com\/blog\/wp-json\/wp\/v2\/users\/1"}],"replies":[{"embeddable":true,"href":"https:\/\/viniciojarquin.com\/blog\/wp-json\/wp\/v2\/comments?post=3552"}],"version-history":[{"count":1,"href":"https:\/\/viniciojarquin.com\/blog\/wp-json\/wp\/v2\/posts\/3552\/revisions"}],"predecessor-version":[{"id":3554,"href":"https:\/\/viniciojarquin.com\/blog\/wp-json\/wp\/v2\/posts\/3552\/revisions\/3554"}],"wp:featuredmedia":[{"embeddable":true,"href":"https:\/\/viniciojarquin.com\/blog\/wp-json\/wp\/v2\/media\/3553"}],"wp:attachment":[{"href":"https:\/\/viniciojarquin.com\/blog\/wp-json\/wp\/v2\/media?parent=3552"}],"wp:term":[{"taxonomy":"category","embeddable":true,"href":"https:\/\/viniciojarquin.com\/blog\/wp-json\/wp\/v2\/categories?post=3552"},{"taxonomy":"post_tag","embeddable":true,"href":"https:\/\/viniciojarquin.com\/blog\/wp-json\/wp\/v2\/tags?post=3552"}],"curies":[{"name":"wp","href":"https:\/\/api.w.org\/{rel}","templated":true}]}}