{"id":3564,"date":"2026-04-26T06:21:53","date_gmt":"2026-04-26T06:21:53","guid":{"rendered":"https:\/\/viniciojarquin.com\/blog\/?p=3564"},"modified":"2026-04-27T01:40:36","modified_gmt":"2026-04-27T01:40:36","slug":"cuando-una-conversacion-abre-mas-de-lo-que-cierra","status":"publish","type":"post","link":"https:\/\/viniciojarquin.com\/blog\/cuando-una-conversacion-abre-mas-de-lo-que-cierra\/","title":{"rendered":"Cuando una conversaci\u00f3n abre m\u00e1s de lo que cierra"},"content":{"rendered":"\n<figure class=\"wp-block-image size-full\"><img decoding=\"async\" width=\"800\" height=\"533\" data-src=\"https:\/\/viniciojarquin.com\/blog\/wp-content\/uploads\/2026\/04\/Cuando-la-conversacion-abre-mas-de-lo-que-cierra.png\" alt=\"\" class=\"wp-image-3570 lazyload\" data-srcset=\"https:\/\/viniciojarquin.com\/blog\/wp-content\/uploads\/2026\/04\/Cuando-la-conversacion-abre-mas-de-lo-que-cierra.png 800w, https:\/\/viniciojarquin.com\/blog\/wp-content\/uploads\/2026\/04\/Cuando-la-conversacion-abre-mas-de-lo-que-cierra-300x200.png 300w, https:\/\/viniciojarquin.com\/blog\/wp-content\/uploads\/2026\/04\/Cuando-la-conversacion-abre-mas-de-lo-que-cierra-768x512.png 768w\" data-sizes=\"(max-width: 800px) 100vw, 800px\" src=\"data:image\/svg+xml;base64,PHN2ZyB3aWR0aD0iMSIgaGVpZ2h0PSIxIiB4bWxucz0iaHR0cDovL3d3dy53My5vcmcvMjAwMC9zdmciPjwvc3ZnPg==\" style=\"--smush-placeholder-width: 800px; --smush-placeholder-aspect-ratio: 800\/533;\" \/><\/figure>\n\n\n\n<p>Esta ma\u00f1ana, mientras esperaba ser atendido para un procedimiento m\u00e9dico, me sent\u00e9 cerca de un se\u00f1or que empez\u00f3 a hablar de temas nacionales. Poco a poco, la conversaci\u00f3n fue entrando en pol\u00edtica, como suele pasar cuando hay tiempo y espacio para conversar. Yo decid\u00ed mantenerme en mi l\u00ednea, desde la neutralidad, pero tambi\u00e9n desde una visi\u00f3n democr\u00e1tica y transparente. \u00c9l empez\u00f3 a opinar de los candidatos, y r\u00e1pidamente pude darme cuenta de que hab\u00eda votado por el oficialismo. No era algo que me incomodara. Seguimos hablando. Coment\u00f3 de varios candidatos con tono cr\u00edtico, de todos, excepto de do\u00f1a Laura. Notoriamente ten\u00eda una inclinaci\u00f3n clara. Y en ese momento le dije algo simple: que todos los candidatos tienen fortalezas y debilidades, que algunos perdieron, s\u00ed, pero que en muchos casos no es solo que alguien pierde, sino que alguien gana. Le expliqu\u00e9 que, desde mi punto de vista, don \u00c1lvaro Ramos no perdi\u00f3 las elecciones, sino que do\u00f1a Laura las gan\u00f3. No era su momento, tal vez. Ella conect\u00f3 m\u00e1s, movi\u00f3 m\u00e1s gente.<\/p>\n\n\n\n<p>En ese punto, el se\u00f1or solt\u00f3 una frase que cambi\u00f3 el tono de la conversaci\u00f3n. Dijo: \u201cde ese tontico ni me hable\u201d. Y ah\u00ed algo dentro de m\u00ed reaccion\u00f3. Lo interrump\u00ed, con firmeza, pero sin perder el respeto. Le ped\u00ed que me dejara decir algo. \u00c9l intent\u00f3 restarle importancia, diciendo que era una expresi\u00f3n sin mayor fondo. Pero no. Le insist\u00ed. Le dije que yo no estaba hablando desde una preferencia pol\u00edtica, que nadie sab\u00eda por qui\u00e9n hab\u00eda votado, que mi posici\u00f3n es defender lo que considero justo. Que as\u00ed como he defendido a distintas figuras p\u00fablicas, tambi\u00e9n pod\u00eda hacerlo en ese momento. Y entonces le dije algo que no era para confrontarlo, sino para poner un punto sobre la mesa: que referirse as\u00ed a una persona con una formaci\u00f3n y un recorrido acad\u00e9mico tan amplio no era justo. Que hay niveles de preparaci\u00f3n, de esfuerzo, de historia personal, que merecen al menos respeto en la forma en que hablamos. No era el momento pol\u00edtico para esa persona, pero eso no le quitaba lo que es.<\/p>\n\n\n\n<p>La conversaci\u00f3n continu\u00f3. Cambiamos de tema por un momento, pero luego regresamos a lo pol\u00edtico. Yo fui dejando comentarios, algunos se\u00f1alando aspectos que, desde mi punto de vista, no eran responsabilidad directa del presidente actual. En ning\u00fan momento \u00e9l logr\u00f3 ubicarme pol\u00edticamente. Me pregunt\u00f3 a qu\u00e9 me dedicaba, le habl\u00e9 del movimiento, pero nunca le dije por qui\u00e9n vot\u00e9 ni cu\u00e1l era mi posici\u00f3n ideol\u00f3gica. Y eso, curiosamente, parec\u00eda incomodarlo m\u00e1s que una postura clara. Porque cuando uno no encaja en un bando, se vuelve m\u00e1s dif\u00edcil de leer.<\/p>\n\n\n\n<p>En alg\u00fan momento le dije que esperaba que do\u00f1a Laura hiciera un buen gobierno. \u00c9l coincidi\u00f3. Y ah\u00ed apareci\u00f3 un punto interesante: m\u00e1s all\u00e1 de las diferencias, hab\u00eda una esperanza compartida. Pero luego la conversaci\u00f3n dio un giro m\u00e1s profundo. Le mencion\u00e9 que, en el escenario actual, al oficialismo le bastar\u00eda convencer a siete diputados para alcanzar ciertos niveles de decisi\u00f3n importantes. \u00c9l me respondi\u00f3 que eso era muy f\u00e1cil. Y entonces le plante\u00e9 una posibilidad. Le dije: imag\u00ednese que esos siete votos se consiguen, se impulsa una constituyente, se modifica la Constituci\u00f3n, y con ese cambio se habilita el regreso del presidente en 2030, con condiciones que le permitan quedarse m\u00e1s all\u00e1. En ese momento, el se\u00f1or se qued\u00f3 en silencio. Abri\u00f3 los ojos y dijo: \u201ccaramba\u201d.<\/p>\n\n\n\n<p>Y le respond\u00ed: exacto, caramba.<\/p>\n\n\n\n<p>Porque a veces lo que falta no es informaci\u00f3n, sino perspectiva. No es mala intenci\u00f3n, es falta de dimensi\u00f3n. Ese momento no fue para ganar una discusi\u00f3n. Fue para mostrar un escenario. Para ampliar la mirada. Para que, por un instante, dejara de hablar desde la simpat\u00eda y empezara a observar desde las posibles consecuencias.<\/p>\n\n\n\n<p>Despu\u00e9s de eso, el silencio fue distinto. M\u00e1s consciente. M\u00e1s presente. Y ah\u00ed es donde nace la reflexi\u00f3n.<\/p>\n\n\n\n<p>No todo el mundo habla desde el conocimiento completo de lo que apoya. Muchas veces hablamos desde la emoci\u00f3n, desde la afinidad, desde lo que sentimos correcto en ese momento. Y eso es humano. Pero tambi\u00e9n es peligroso cuando no nos damos el espacio de cuestionar, de profundizar, de ver m\u00e1s all\u00e1 de lo inmediato.<\/p>\n\n\n\n<p>Porque no se trata de tener raz\u00f3n. Se trata de entender el impacto. Y quiz\u00e1, en medio de una conversaci\u00f3n cualquiera, en una sala de espera, la vida nos pone frente a alguien no para convencerlo\u2026 sino para que ambos podamos ver un poco m\u00e1s claro.<\/p>\n\n\n\n<p>Tal vez eso tambi\u00e9n es ciudadan\u00eda. Y tal vez, cuando logramos detenernos un momento, bajar el impulso y mirar con m\u00e1s amplitud, algo dentro de nosotros tambi\u00e9n se ordena.<\/p>\n\n\n\n<p>Y desde ah\u00ed\u2026 la conversaci\u00f3n ya no pesa igual.<\/p>\n","protected":false},"excerpt":{"rendered":"<p>Esta ma\u00f1ana, mientras esperaba ser atendido para un procedimiento m\u00e9dico, me sent\u00e9 cerca de un se\u00f1or que empez\u00f3 a hablar [&hellip;]<\/p>\n","protected":false},"author":1,"featured_media":3570,"comment_status":"open","ping_status":"open","sticky":false,"template":"","format":"standard","meta":{"site-sidebar-layout":"default","site-content-layout":"","ast-site-content-layout":"","site-content-style":"default","site-sidebar-style":"default","ast-global-header-display":"","ast-banner-title-visibility":"","ast-main-header-display":"","ast-hfb-above-header-display":"","ast-hfb-below-header-display":"","ast-hfb-mobile-header-display":"","site-post-title":"","ast-breadcrumbs-content":"","ast-featured-img":"","footer-sml-layout":"","theme-transparent-header-meta":"","adv-header-id-meta":"","stick-header-meta":"","header-above-stick-meta":"","header-main-stick-meta":"","header-below-stick-meta":"","astra-migrate-meta-layouts":"default","ast-page-background-enabled":"default","ast-page-background-meta":{"desktop":{"background-color":"var(--ast-global-color-5)","background-image":"","background-repeat":"repeat","background-position":"center center","background-size":"auto","background-attachment":"scroll","background-type":"","background-media":"","overlay-type":"","overlay-color":"","overlay-opacity":"","overlay-gradient":""},"tablet":{"background-color":"","background-image":"","background-repeat":"repeat","background-position":"center center","background-size":"auto","background-attachment":"scroll","background-type":"","background-media":"","overlay-type":"","overlay-color":"","overlay-opacity":"","overlay-gradient":""},"mobile":{"background-color":"","background-image":"","background-repeat":"repeat","background-position":"center center","background-size":"auto","background-attachment":"scroll","background-type":"","background-media":"","overlay-type":"","overlay-color":"","overlay-opacity":"","overlay-gradient":""}},"ast-content-background-meta":{"desktop":{"background-color":"var(--ast-global-color-4)","background-image":"","background-repeat":"repeat","background-position":"center center","background-size":"auto","background-attachment":"scroll","background-type":"","background-media":"","overlay-type":"","overlay-color":"","overlay-opacity":"","overlay-gradient":""},"tablet":{"background-color":"var(--ast-global-color-4)","background-image":"","background-repeat":"repeat","background-position":"center center","background-size":"auto","background-attachment":"scroll","background-type":"","background-media":"","overlay-type":"","overlay-color":"","overlay-opacity":"","overlay-gradient":""},"mobile":{"background-color":"var(--ast-global-color-4)","background-image":"","background-repeat":"repeat","background-position":"center center","background-size":"auto","background-attachment":"scroll","background-type":"","background-media":"","overlay-type":"","overlay-color":"","overlay-opacity":"","overlay-gradient":""}},"footnotes":""},"categories":[9],"tags":[],"class_list":["post-3564","post","type-post","status-publish","format-standard","has-post-thumbnail","hentry","category-mis-escritos"],"yoast_head":"<!-- This site is optimized with the Yoast SEO plugin v26.0 - https:\/\/yoast.com\/wordpress\/plugins\/seo\/ -->\n<title>Cuando una conversaci\u00f3n abre m\u00e1s de lo que cierra - MI BLOG<\/title>\n<meta name=\"robots\" content=\"index, follow, max-snippet:-1, max-image-preview:large, max-video-preview:-1\" \/>\n<link rel=\"canonical\" href=\"https:\/\/viniciojarquin.com\/blog\/cuando-una-conversacion-abre-mas-de-lo-que-cierra\/\" \/>\n<meta property=\"og:locale\" content=\"es_ES\" \/>\n<meta property=\"og:type\" content=\"article\" \/>\n<meta property=\"og:title\" content=\"Cuando una conversaci\u00f3n abre m\u00e1s de lo que cierra - MI BLOG\" \/>\n<meta property=\"og:description\" content=\"Esta ma\u00f1ana, mientras esperaba ser atendido para un procedimiento m\u00e9dico, me sent\u00e9 cerca de un se\u00f1or que empez\u00f3 a hablar [&hellip;]\" \/>\n<meta property=\"og:url\" content=\"https:\/\/viniciojarquin.com\/blog\/cuando-una-conversacion-abre-mas-de-lo-que-cierra\/\" \/>\n<meta property=\"og:site_name\" content=\"MI BLOG\" \/>\n<meta property=\"article:publisher\" content=\"https:\/\/www.facebook.com\/vinicio.jarquin\" \/>\n<meta property=\"article:author\" content=\"https:\/\/www.facebook.com\/vinicio.jarquin\" \/>\n<meta property=\"article:published_time\" content=\"2026-04-26T06:21:53+00:00\" \/>\n<meta property=\"article:modified_time\" content=\"2026-04-27T01:40:36+00:00\" \/>\n<meta property=\"og:image\" content=\"https:\/\/viniciojarquin.com\/blog\/wp-content\/uploads\/2026\/04\/Cuando-la-conversacion-abre-mas-de-lo-que-cierra.png\" \/>\n\t<meta property=\"og:image:width\" content=\"800\" \/>\n\t<meta property=\"og:image:height\" content=\"533\" \/>\n\t<meta property=\"og:image:type\" content=\"image\/png\" \/>\n<meta name=\"author\" content=\"Vinicio Jarqu\u00edn\" \/>\n<meta name=\"twitter:card\" content=\"summary_large_image\" \/>\n<meta name=\"twitter:label1\" content=\"Escrito por\" \/>\n\t<meta name=\"twitter:data1\" content=\"Vinicio Jarqu\u00edn\" \/>\n\t<meta name=\"twitter:label2\" content=\"Tiempo de lectura\" \/>\n\t<meta name=\"twitter:data2\" content=\"4 minutos\" \/>\n<script type=\"application\/ld+json\" class=\"yoast-schema-graph\">{\"@context\":\"https:\/\/schema.org\",\"@graph\":[{\"@type\":\"Article\",\"@id\":\"https:\/\/viniciojarquin.com\/blog\/cuando-una-conversacion-abre-mas-de-lo-que-cierra\/#article\",\"isPartOf\":{\"@id\":\"https:\/\/viniciojarquin.com\/blog\/cuando-una-conversacion-abre-mas-de-lo-que-cierra\/\"},\"author\":{\"name\":\"Vinicio Jarqu\u00edn\",\"@id\":\"https:\/\/viniciojarquin.com\/blog\/#\/schema\/person\/90100c8845ae55462ec0657d3d2f8d3b\"},\"headline\":\"Cuando una conversaci\u00f3n abre m\u00e1s de lo que cierra\",\"datePublished\":\"2026-04-26T06:21:53+00:00\",\"dateModified\":\"2026-04-27T01:40:36+00:00\",\"mainEntityOfPage\":{\"@id\":\"https:\/\/viniciojarquin.com\/blog\/cuando-una-conversacion-abre-mas-de-lo-que-cierra\/\"},\"wordCount\":871,\"commentCount\":0,\"publisher\":{\"@id\":\"https:\/\/viniciojarquin.com\/blog\/#\/schema\/person\/90100c8845ae55462ec0657d3d2f8d3b\"},\"image\":{\"@id\":\"https:\/\/viniciojarquin.com\/blog\/cuando-una-conversacion-abre-mas-de-lo-que-cierra\/#primaryimage\"},\"thumbnailUrl\":\"https:\/\/viniciojarquin.com\/blog\/wp-content\/uploads\/2026\/04\/Cuando-la-conversacion-abre-mas-de-lo-que-cierra.png\",\"articleSection\":[\"Escritos generales\"],\"inLanguage\":\"es\",\"potentialAction\":[{\"@type\":\"CommentAction\",\"name\":\"Comment\",\"target\":[\"https:\/\/viniciojarquin.com\/blog\/cuando-una-conversacion-abre-mas-de-lo-que-cierra\/#respond\"]}]},{\"@type\":\"WebPage\",\"@id\":\"https:\/\/viniciojarquin.com\/blog\/cuando-una-conversacion-abre-mas-de-lo-que-cierra\/\",\"url\":\"https:\/\/viniciojarquin.com\/blog\/cuando-una-conversacion-abre-mas-de-lo-que-cierra\/\",\"name\":\"Cuando una conversaci\u00f3n abre m\u00e1s de lo que cierra - MI BLOG\",\"isPartOf\":{\"@id\":\"https:\/\/viniciojarquin.com\/blog\/#website\"},\"primaryImageOfPage\":{\"@id\":\"https:\/\/viniciojarquin.com\/blog\/cuando-una-conversacion-abre-mas-de-lo-que-cierra\/#primaryimage\"},\"image\":{\"@id\":\"https:\/\/viniciojarquin.com\/blog\/cuando-una-conversacion-abre-mas-de-lo-que-cierra\/#primaryimage\"},\"thumbnailUrl\":\"https:\/\/viniciojarquin.com\/blog\/wp-content\/uploads\/2026\/04\/Cuando-la-conversacion-abre-mas-de-lo-que-cierra.png\",\"datePublished\":\"2026-04-26T06:21:53+00:00\",\"dateModified\":\"2026-04-27T01:40:36+00:00\",\"breadcrumb\":{\"@id\":\"https:\/\/viniciojarquin.com\/blog\/cuando-una-conversacion-abre-mas-de-lo-que-cierra\/#breadcrumb\"},\"inLanguage\":\"es\",\"potentialAction\":[{\"@type\":\"ReadAction\",\"target\":[\"https:\/\/viniciojarquin.com\/blog\/cuando-una-conversacion-abre-mas-de-lo-que-cierra\/\"]}]},{\"@type\":\"ImageObject\",\"inLanguage\":\"es\",\"@id\":\"https:\/\/viniciojarquin.com\/blog\/cuando-una-conversacion-abre-mas-de-lo-que-cierra\/#primaryimage\",\"url\":\"https:\/\/viniciojarquin.com\/blog\/wp-content\/uploads\/2026\/04\/Cuando-la-conversacion-abre-mas-de-lo-que-cierra.png\",\"contentUrl\":\"https:\/\/viniciojarquin.com\/blog\/wp-content\/uploads\/2026\/04\/Cuando-la-conversacion-abre-mas-de-lo-que-cierra.png\",\"width\":800,\"height\":533},{\"@type\":\"BreadcrumbList\",\"@id\":\"https:\/\/viniciojarquin.com\/blog\/cuando-una-conversacion-abre-mas-de-lo-que-cierra\/#breadcrumb\",\"itemListElement\":[{\"@type\":\"ListItem\",\"position\":1,\"name\":\"Portada\",\"item\":\"https:\/\/viniciojarquin.com\/blog\/\"},{\"@type\":\"ListItem\",\"position\":2,\"name\":\"Cuando una conversaci\u00f3n abre m\u00e1s de lo que cierra\"}]},{\"@type\":\"WebSite\",\"@id\":\"https:\/\/viniciojarquin.com\/blog\/#website\",\"url\":\"https:\/\/viniciojarquin.com\/blog\/\",\"name\":\"Vinicio Jarqu\u00edn BLOG\",\"description\":\"\",\"publisher\":{\"@id\":\"https:\/\/viniciojarquin.com\/blog\/#\/schema\/person\/90100c8845ae55462ec0657d3d2f8d3b\"},\"potentialAction\":[{\"@type\":\"SearchAction\",\"target\":{\"@type\":\"EntryPoint\",\"urlTemplate\":\"https:\/\/viniciojarquin.com\/blog\/?s={search_term_string}\"},\"query-input\":{\"@type\":\"PropertyValueSpecification\",\"valueRequired\":true,\"valueName\":\"search_term_string\"}}],\"inLanguage\":\"es\"},{\"@type\":[\"Person\",\"Organization\"],\"@id\":\"https:\/\/viniciojarquin.com\/blog\/#\/schema\/person\/90100c8845ae55462ec0657d3d2f8d3b\",\"name\":\"Vinicio Jarqu\u00edn\",\"image\":{\"@type\":\"ImageObject\",\"inLanguage\":\"es\",\"@id\":\"https:\/\/viniciojarquin.com\/blog\/#\/schema\/person\/image\/\",\"url\":\"https:\/\/viniciojarquin.com\/blog\/wp-content\/uploads\/2024\/10\/Logo-VinicioJarquin-original-400.png\",\"contentUrl\":\"https:\/\/viniciojarquin.com\/blog\/wp-content\/uploads\/2024\/10\/Logo-VinicioJarquin-original-400.png\",\"width\":400,\"height\":130,\"caption\":\"Vinicio Jarqu\u00edn\"},\"logo\":{\"@id\":\"https:\/\/viniciojarquin.com\/blog\/#\/schema\/person\/image\/\"},\"description\":\"Empresario textil, artista pl\u00e1stico, escritor, coach de vida y fot\u00f3grafo.\",\"sameAs\":[\"https:\/\/viniciojarquin.com\/blog\",\"https:\/\/www.facebook.com\/vinicio.jarquin\",\"https:\/\/www.instagram.com\/vinicio_jarquin\/\",\"https:\/\/www.pinterest.com\/vinnyjc\/\",\"https:\/\/www.youtube.com\/@VinicioJarquin\"],\"url\":\"https:\/\/viniciojarquin.com\/blog\/author\/admin_s02au25i\/\"}]}<\/script>\n<!-- \/ Yoast SEO plugin. -->","yoast_head_json":{"title":"Cuando una conversaci\u00f3n abre m\u00e1s de lo que cierra - MI BLOG","robots":{"index":"index","follow":"follow","max-snippet":"max-snippet:-1","max-image-preview":"max-image-preview:large","max-video-preview":"max-video-preview:-1"},"canonical":"https:\/\/viniciojarquin.com\/blog\/cuando-una-conversacion-abre-mas-de-lo-que-cierra\/","og_locale":"es_ES","og_type":"article","og_title":"Cuando una conversaci\u00f3n abre m\u00e1s de lo que cierra - MI BLOG","og_description":"Esta ma\u00f1ana, mientras esperaba ser atendido para un procedimiento m\u00e9dico, me sent\u00e9 cerca de un se\u00f1or que empez\u00f3 a hablar [&hellip;]","og_url":"https:\/\/viniciojarquin.com\/blog\/cuando-una-conversacion-abre-mas-de-lo-que-cierra\/","og_site_name":"MI BLOG","article_publisher":"https:\/\/www.facebook.com\/vinicio.jarquin","article_author":"https:\/\/www.facebook.com\/vinicio.jarquin","article_published_time":"2026-04-26T06:21:53+00:00","article_modified_time":"2026-04-27T01:40:36+00:00","og_image":[{"width":800,"height":533,"url":"https:\/\/viniciojarquin.com\/blog\/wp-content\/uploads\/2026\/04\/Cuando-la-conversacion-abre-mas-de-lo-que-cierra.png","type":"image\/png"}],"author":"Vinicio Jarqu\u00edn","twitter_card":"summary_large_image","twitter_misc":{"Escrito por":"Vinicio Jarqu\u00edn","Tiempo de lectura":"4 minutos"},"schema":{"@context":"https:\/\/schema.org","@graph":[{"@type":"Article","@id":"https:\/\/viniciojarquin.com\/blog\/cuando-una-conversacion-abre-mas-de-lo-que-cierra\/#article","isPartOf":{"@id":"https:\/\/viniciojarquin.com\/blog\/cuando-una-conversacion-abre-mas-de-lo-que-cierra\/"},"author":{"name":"Vinicio Jarqu\u00edn","@id":"https:\/\/viniciojarquin.com\/blog\/#\/schema\/person\/90100c8845ae55462ec0657d3d2f8d3b"},"headline":"Cuando una conversaci\u00f3n abre m\u00e1s de lo que cierra","datePublished":"2026-04-26T06:21:53+00:00","dateModified":"2026-04-27T01:40:36+00:00","mainEntityOfPage":{"@id":"https:\/\/viniciojarquin.com\/blog\/cuando-una-conversacion-abre-mas-de-lo-que-cierra\/"},"wordCount":871,"commentCount":0,"publisher":{"@id":"https:\/\/viniciojarquin.com\/blog\/#\/schema\/person\/90100c8845ae55462ec0657d3d2f8d3b"},"image":{"@id":"https:\/\/viniciojarquin.com\/blog\/cuando-una-conversacion-abre-mas-de-lo-que-cierra\/#primaryimage"},"thumbnailUrl":"https:\/\/viniciojarquin.com\/blog\/wp-content\/uploads\/2026\/04\/Cuando-la-conversacion-abre-mas-de-lo-que-cierra.png","articleSection":["Escritos generales"],"inLanguage":"es","potentialAction":[{"@type":"CommentAction","name":"Comment","target":["https:\/\/viniciojarquin.com\/blog\/cuando-una-conversacion-abre-mas-de-lo-que-cierra\/#respond"]}]},{"@type":"WebPage","@id":"https:\/\/viniciojarquin.com\/blog\/cuando-una-conversacion-abre-mas-de-lo-que-cierra\/","url":"https:\/\/viniciojarquin.com\/blog\/cuando-una-conversacion-abre-mas-de-lo-que-cierra\/","name":"Cuando una conversaci\u00f3n abre m\u00e1s de lo que cierra - MI BLOG","isPartOf":{"@id":"https:\/\/viniciojarquin.com\/blog\/#website"},"primaryImageOfPage":{"@id":"https:\/\/viniciojarquin.com\/blog\/cuando-una-conversacion-abre-mas-de-lo-que-cierra\/#primaryimage"},"image":{"@id":"https:\/\/viniciojarquin.com\/blog\/cuando-una-conversacion-abre-mas-de-lo-que-cierra\/#primaryimage"},"thumbnailUrl":"https:\/\/viniciojarquin.com\/blog\/wp-content\/uploads\/2026\/04\/Cuando-la-conversacion-abre-mas-de-lo-que-cierra.png","datePublished":"2026-04-26T06:21:53+00:00","dateModified":"2026-04-27T01:40:36+00:00","breadcrumb":{"@id":"https:\/\/viniciojarquin.com\/blog\/cuando-una-conversacion-abre-mas-de-lo-que-cierra\/#breadcrumb"},"inLanguage":"es","potentialAction":[{"@type":"ReadAction","target":["https:\/\/viniciojarquin.com\/blog\/cuando-una-conversacion-abre-mas-de-lo-que-cierra\/"]}]},{"@type":"ImageObject","inLanguage":"es","@id":"https:\/\/viniciojarquin.com\/blog\/cuando-una-conversacion-abre-mas-de-lo-que-cierra\/#primaryimage","url":"https:\/\/viniciojarquin.com\/blog\/wp-content\/uploads\/2026\/04\/Cuando-la-conversacion-abre-mas-de-lo-que-cierra.png","contentUrl":"https:\/\/viniciojarquin.com\/blog\/wp-content\/uploads\/2026\/04\/Cuando-la-conversacion-abre-mas-de-lo-que-cierra.png","width":800,"height":533},{"@type":"BreadcrumbList","@id":"https:\/\/viniciojarquin.com\/blog\/cuando-una-conversacion-abre-mas-de-lo-que-cierra\/#breadcrumb","itemListElement":[{"@type":"ListItem","position":1,"name":"Portada","item":"https:\/\/viniciojarquin.com\/blog\/"},{"@type":"ListItem","position":2,"name":"Cuando una conversaci\u00f3n abre m\u00e1s de lo que cierra"}]},{"@type":"WebSite","@id":"https:\/\/viniciojarquin.com\/blog\/#website","url":"https:\/\/viniciojarquin.com\/blog\/","name":"Vinicio Jarqu\u00edn BLOG","description":"","publisher":{"@id":"https:\/\/viniciojarquin.com\/blog\/#\/schema\/person\/90100c8845ae55462ec0657d3d2f8d3b"},"potentialAction":[{"@type":"SearchAction","target":{"@type":"EntryPoint","urlTemplate":"https:\/\/viniciojarquin.com\/blog\/?s={search_term_string}"},"query-input":{"@type":"PropertyValueSpecification","valueRequired":true,"valueName":"search_term_string"}}],"inLanguage":"es"},{"@type":["Person","Organization"],"@id":"https:\/\/viniciojarquin.com\/blog\/#\/schema\/person\/90100c8845ae55462ec0657d3d2f8d3b","name":"Vinicio Jarqu\u00edn","image":{"@type":"ImageObject","inLanguage":"es","@id":"https:\/\/viniciojarquin.com\/blog\/#\/schema\/person\/image\/","url":"https:\/\/viniciojarquin.com\/blog\/wp-content\/uploads\/2024\/10\/Logo-VinicioJarquin-original-400.png","contentUrl":"https:\/\/viniciojarquin.com\/blog\/wp-content\/uploads\/2024\/10\/Logo-VinicioJarquin-original-400.png","width":400,"height":130,"caption":"Vinicio Jarqu\u00edn"},"logo":{"@id":"https:\/\/viniciojarquin.com\/blog\/#\/schema\/person\/image\/"},"description":"Empresario textil, artista pl\u00e1stico, escritor, coach de vida y fot\u00f3grafo.","sameAs":["https:\/\/viniciojarquin.com\/blog","https:\/\/www.facebook.com\/vinicio.jarquin","https:\/\/www.instagram.com\/vinicio_jarquin\/","https:\/\/www.pinterest.com\/vinnyjc\/","https:\/\/www.youtube.com\/@VinicioJarquin"],"url":"https:\/\/viniciojarquin.com\/blog\/author\/admin_s02au25i\/"}]}},"blog_post_layout_featured_media_urls":{"thumbnail":["https:\/\/viniciojarquin.com\/blog\/wp-content\/uploads\/2026\/04\/Cuando-la-conversacion-abre-mas-de-lo-que-cierra-150x150.png",150,150,true],"full":["https:\/\/viniciojarquin.com\/blog\/wp-content\/uploads\/2026\/04\/Cuando-la-conversacion-abre-mas-de-lo-que-cierra.png",800,533,false]},"categories_names":{"9":{"name":"Escritos generales","link":"https:\/\/viniciojarquin.com\/blog\/category\/mis-escritos\/"}},"tags_names":[],"comments_number":"0","_links":{"self":[{"href":"https:\/\/viniciojarquin.com\/blog\/wp-json\/wp\/v2\/posts\/3564","targetHints":{"allow":["GET"]}}],"collection":[{"href":"https:\/\/viniciojarquin.com\/blog\/wp-json\/wp\/v2\/posts"}],"about":[{"href":"https:\/\/viniciojarquin.com\/blog\/wp-json\/wp\/v2\/types\/post"}],"author":[{"embeddable":true,"href":"https:\/\/viniciojarquin.com\/blog\/wp-json\/wp\/v2\/users\/1"}],"replies":[{"embeddable":true,"href":"https:\/\/viniciojarquin.com\/blog\/wp-json\/wp\/v2\/comments?post=3564"}],"version-history":[{"count":2,"href":"https:\/\/viniciojarquin.com\/blog\/wp-json\/wp\/v2\/posts\/3564\/revisions"}],"predecessor-version":[{"id":3571,"href":"https:\/\/viniciojarquin.com\/blog\/wp-json\/wp\/v2\/posts\/3564\/revisions\/3571"}],"wp:featuredmedia":[{"embeddable":true,"href":"https:\/\/viniciojarquin.com\/blog\/wp-json\/wp\/v2\/media\/3570"}],"wp:attachment":[{"href":"https:\/\/viniciojarquin.com\/blog\/wp-json\/wp\/v2\/media?parent=3564"}],"wp:term":[{"taxonomy":"category","embeddable":true,"href":"https:\/\/viniciojarquin.com\/blog\/wp-json\/wp\/v2\/categories?post=3564"},{"taxonomy":"post_tag","embeddable":true,"href":"https:\/\/viniciojarquin.com\/blog\/wp-json\/wp\/v2\/tags?post=3564"}],"curies":[{"name":"wp","href":"https:\/\/api.w.org\/{rel}","templated":true}]}}