{"id":3566,"date":"2026-04-26T06:22:56","date_gmt":"2026-04-26T06:22:56","guid":{"rendered":"https:\/\/viniciojarquin.com\/blog\/?p=3566"},"modified":"2026-04-27T01:39:47","modified_gmt":"2026-04-27T01:39:47","slug":"cuando-la-tristeza-tambien-tiene-algo-que-decir","status":"publish","type":"post","link":"https:\/\/viniciojarquin.com\/blog\/cuando-la-tristeza-tambien-tiene-algo-que-decir\/","title":{"rendered":"Cuando la tristeza tambi\u00e9n tiene algo que decir"},"content":{"rendered":"\n<figure class=\"wp-block-image size-full\"><img decoding=\"async\" width=\"800\" height=\"533\" data-src=\"https:\/\/viniciojarquin.com\/blog\/wp-content\/uploads\/2026\/04\/Cuando-la-tristeza-tiene-algo-que-decir.png\" alt=\"\" class=\"wp-image-3568 lazyload\" data-srcset=\"https:\/\/viniciojarquin.com\/blog\/wp-content\/uploads\/2026\/04\/Cuando-la-tristeza-tiene-algo-que-decir.png 800w, https:\/\/viniciojarquin.com\/blog\/wp-content\/uploads\/2026\/04\/Cuando-la-tristeza-tiene-algo-que-decir-300x200.png 300w, https:\/\/viniciojarquin.com\/blog\/wp-content\/uploads\/2026\/04\/Cuando-la-tristeza-tiene-algo-que-decir-768x512.png 768w\" data-sizes=\"(max-width: 800px) 100vw, 800px\" src=\"data:image\/svg+xml;base64,PHN2ZyB3aWR0aD0iMSIgaGVpZ2h0PSIxIiB4bWxucz0iaHR0cDovL3d3dy53My5vcmcvMjAwMC9zdmciPjwvc3ZnPg==\" style=\"--smush-placeholder-width: 800px; --smush-placeholder-aspect-ratio: 800\/533;\" \/><\/figure>\n\n\n\n<p>Hay d\u00edas en los que uno est\u00e1 triste. Hoy estoy triste. Y lo digo sin drama, sin exageraci\u00f3n, sin perder el centro. Estoy apaciguado, estoy en orden, estoy en calma, estoy en paz\u2026 pero estoy triste. Porque hay momentos en los que lo que uno observa, lo que uno siente que est\u00e1 pasando, no se resuelve con argumentos ni con posturas. Se siente. Y hoy, se siente as\u00ed.<\/p>\n\n\n\n<p>Durante los \u00faltimos a\u00f1os hemos visto algo que, visto con distancia, resulta dif\u00edcil de ignorar. Ataques constantes. A la prensa, a la iglesia, a emisoras de radio, a otros poderes de la Rep\u00fablica, a instituciones, a expresidentes, a agricultores, a universidades. A casi todo lo que, en alg\u00fan momento, represent\u00f3 una estructura, una referencia o un punto de equilibrio dentro del pa\u00eds. Y cada ataque encontraba eco. Aplauso. Celebraci\u00f3n. Como si la intensidad de la cr\u00edtica validara su contenido, como si el volumen reemplazara el an\u00e1lisis.<\/p>\n\n\n\n<p>Y uno observa\u2026 y empieza a ver un patr\u00f3n.<\/p>\n\n\n\n<p>No se trata de un desacuerdo puntual, ni de una cr\u00edtica aislada. Cuando desde un mismo punto salen tantos cuestionamientos hacia tantos lugares distintos, hay un denominador com\u00fan que no se puede ignorar. Y aun as\u00ed, se sigui\u00f3. Los ataques no se detuvieron con las elecciones. Continuaron. Hacia los poderes, hacia diputados electos, hacia magistrados, hacia la Contralora, hacia la Defensora. Y en cada noticia, en cada publicaci\u00f3n, aparecen comentarios que no solo respaldan, sino que celebran.<\/p>\n\n\n\n<p>Y ah\u00ed es donde algo se mueve por dentro.<\/p>\n\n\n\n<p>Porque no es solo lo que se dice desde arriba\u2026 es lo que se sostiene desde abajo.<\/p>\n\n\n\n<p>Hay quienes lo ven como una lucha, como una forma de \u201crescatar\u201d algo. Hay quienes sienten que todav\u00eda hay esperanza de salvar la patria. Y en medio de todo eso, me encuentro hoy con una pregunta que no es c\u00f3moda, pero es honesta: \u00bfy si lo que creemos que estamos defendiendo ya cambi\u00f3? \u00bfy si lo que sentimos que estamos sosteniendo ya no es lo mismo?<\/p>\n\n\n\n<p>No lo afirmo.<\/p>\n\n\n\n<p>Lo pregunto.<\/p>\n\n\n\n<p>Porque hay un punto donde uno deja de discutir hacia afuera y empieza a observar hacia adentro. Y ah\u00ed aparece esta tristeza. No como derrota, no como rendici\u00f3n, sino como una forma de procesar lo que se est\u00e1 viendo. Como un espacio donde uno reconoce que no todo se puede cambiar desde la palabra, que no todo se puede convencer, que no todo se puede corregir.<\/p>\n\n\n\n<p>Y entonces aparece otra posibilidad.<\/p>\n\n\n\n<p>La de apaciguar.<\/p>\n\n\n\n<p>No como evasi\u00f3n, sino como elecci\u00f3n.<\/p>\n\n\n\n<p>No pelear todo. No responder todo. No entrar en todos los comentarios donde claramente no hay espacio para escuchar. No porque uno no tenga argumentos, sino porque entiende que no siempre hay disposici\u00f3n del otro lado. Y forzar eso, muchas veces, solo desgasta.<\/p>\n\n\n\n<p>Desde las c\u00fapulas se habla de continuidad. Del presente\u2026 y del 2030. Y hay quienes lo celebran, quienes lo repiten, quienes lo proyectan hacia adelante como algo positivo. Y s\u00ed, uno podr\u00eda reaccionar, cuestionar, se\u00f1alar. Pero hoy no me nace desde ah\u00ed.<\/p>\n\n\n\n<p>Hoy me nace desde otro lugar.<\/p>\n\n\n\n<p>Desde el silencio que queda despu\u00e9s de ver todo esto.<\/p>\n\n\n\n<p>Desde la pausa que se instala cuando uno entiende que no todo lo que duele se resuelve hablando m\u00e1s fuerte.<\/p>\n\n\n\n<p>Y tal vez, aunque incomode decirlo, tambi\u00e9n desde aceptar que hay cosas que no dependen de uno.<\/p>\n\n\n\n<p>Pero s\u00ed hay algo que sigue dependiendo.<\/p>\n\n\n\n<p>C\u00f3mo te par\u00e1s vos frente a todo esto.<\/p>\n\n\n\n<p>Si te llen\u00e1s de ruido\u2026 o si eleg\u00eds sostener la calma.<\/p>\n\n\n\n<p>Si te perd\u00e9s en la reacci\u00f3n\u2026 o si te encontr\u00e1s en la conciencia.<\/p>\n\n\n\n<p>Porque incluso en medio de esta tristeza, hay algo que no se ha perdido.<\/p>\n\n\n\n<p>La capacidad de volver a uno mismo.<\/p>\n\n\n\n<p>Y desde ah\u00ed\u2026 simplemente estar.<\/p>\n","protected":false},"excerpt":{"rendered":"<p>Hay d\u00edas en los que uno est\u00e1 triste. Hoy estoy triste. Y lo digo sin drama, sin exageraci\u00f3n, sin perder [&hellip;]<\/p>\n","protected":false},"author":1,"featured_media":3568,"comment_status":"open","ping_status":"open","sticky":false,"template":"","format":"standard","meta":{"site-sidebar-layout":"default","site-content-layout":"","ast-site-content-layout":"","site-content-style":"default","site-sidebar-style":"default","ast-global-header-display":"","ast-banner-title-visibility":"","ast-main-header-display":"","ast-hfb-above-header-display":"","ast-hfb-below-header-display":"","ast-hfb-mobile-header-display":"","site-post-title":"","ast-breadcrumbs-content":"","ast-featured-img":"","footer-sml-layout":"","theme-transparent-header-meta":"","adv-header-id-meta":"","stick-header-meta":"","header-above-stick-meta":"","header-main-stick-meta":"","header-below-stick-meta":"","astra-migrate-meta-layouts":"default","ast-page-background-enabled":"default","ast-page-background-meta":{"desktop":{"background-color":"var(--ast-global-color-5)","background-image":"","background-repeat":"repeat","background-position":"center center","background-size":"auto","background-attachment":"scroll","background-type":"","background-media":"","overlay-type":"","overlay-color":"","overlay-opacity":"","overlay-gradient":""},"tablet":{"background-color":"","background-image":"","background-repeat":"repeat","background-position":"center center","background-size":"auto","background-attachment":"scroll","background-type":"","background-media":"","overlay-type":"","overlay-color":"","overlay-opacity":"","overlay-gradient":""},"mobile":{"background-color":"","background-image":"","background-repeat":"repeat","background-position":"center center","background-size":"auto","background-attachment":"scroll","background-type":"","background-media":"","overlay-type":"","overlay-color":"","overlay-opacity":"","overlay-gradient":""}},"ast-content-background-meta":{"desktop":{"background-color":"var(--ast-global-color-4)","background-image":"","background-repeat":"repeat","background-position":"center center","background-size":"auto","background-attachment":"scroll","background-type":"","background-media":"","overlay-type":"","overlay-color":"","overlay-opacity":"","overlay-gradient":""},"tablet":{"background-color":"var(--ast-global-color-4)","background-image":"","background-repeat":"repeat","background-position":"center center","background-size":"auto","background-attachment":"scroll","background-type":"","background-media":"","overlay-type":"","overlay-color":"","overlay-opacity":"","overlay-gradient":""},"mobile":{"background-color":"var(--ast-global-color-4)","background-image":"","background-repeat":"repeat","background-position":"center center","background-size":"auto","background-attachment":"scroll","background-type":"","background-media":"","overlay-type":"","overlay-color":"","overlay-opacity":"","overlay-gradient":""}},"footnotes":""},"categories":[9],"tags":[],"class_list":["post-3566","post","type-post","status-publish","format-standard","has-post-thumbnail","hentry","category-mis-escritos"],"yoast_head":"<!-- This site is optimized with the Yoast SEO plugin v26.0 - https:\/\/yoast.com\/wordpress\/plugins\/seo\/ -->\n<title>Cuando la tristeza tambi\u00e9n tiene algo que decir - MI BLOG<\/title>\n<meta name=\"robots\" content=\"index, follow, max-snippet:-1, max-image-preview:large, max-video-preview:-1\" \/>\n<link rel=\"canonical\" href=\"https:\/\/viniciojarquin.com\/blog\/cuando-la-tristeza-tambien-tiene-algo-que-decir\/\" \/>\n<meta property=\"og:locale\" content=\"es_ES\" \/>\n<meta property=\"og:type\" content=\"article\" \/>\n<meta property=\"og:title\" content=\"Cuando la tristeza tambi\u00e9n tiene algo que decir - MI BLOG\" \/>\n<meta property=\"og:description\" content=\"Hay d\u00edas en los que uno est\u00e1 triste. Hoy estoy triste. Y lo digo sin drama, sin exageraci\u00f3n, sin perder [&hellip;]\" \/>\n<meta property=\"og:url\" content=\"https:\/\/viniciojarquin.com\/blog\/cuando-la-tristeza-tambien-tiene-algo-que-decir\/\" \/>\n<meta property=\"og:site_name\" content=\"MI BLOG\" \/>\n<meta property=\"article:publisher\" content=\"https:\/\/www.facebook.com\/vinicio.jarquin\" \/>\n<meta property=\"article:author\" content=\"https:\/\/www.facebook.com\/vinicio.jarquin\" \/>\n<meta property=\"article:published_time\" content=\"2026-04-26T06:22:56+00:00\" \/>\n<meta property=\"article:modified_time\" content=\"2026-04-27T01:39:47+00:00\" \/>\n<meta property=\"og:image\" content=\"https:\/\/viniciojarquin.com\/blog\/wp-content\/uploads\/2026\/04\/Cuando-la-tristeza-tiene-algo-que-decir.png\" \/>\n\t<meta property=\"og:image:width\" content=\"800\" \/>\n\t<meta property=\"og:image:height\" content=\"533\" \/>\n\t<meta property=\"og:image:type\" content=\"image\/png\" \/>\n<meta name=\"author\" content=\"Vinicio Jarqu\u00edn\" \/>\n<meta name=\"twitter:card\" content=\"summary_large_image\" \/>\n<meta name=\"twitter:label1\" content=\"Escrito por\" \/>\n\t<meta name=\"twitter:data1\" content=\"Vinicio Jarqu\u00edn\" \/>\n\t<meta name=\"twitter:label2\" content=\"Tiempo de lectura\" \/>\n\t<meta name=\"twitter:data2\" content=\"4 minutos\" \/>\n<script type=\"application\/ld+json\" class=\"yoast-schema-graph\">{\"@context\":\"https:\/\/schema.org\",\"@graph\":[{\"@type\":\"Article\",\"@id\":\"https:\/\/viniciojarquin.com\/blog\/cuando-la-tristeza-tambien-tiene-algo-que-decir\/#article\",\"isPartOf\":{\"@id\":\"https:\/\/viniciojarquin.com\/blog\/cuando-la-tristeza-tambien-tiene-algo-que-decir\/\"},\"author\":{\"name\":\"Vinicio Jarqu\u00edn\",\"@id\":\"https:\/\/viniciojarquin.com\/blog\/#\/schema\/person\/90100c8845ae55462ec0657d3d2f8d3b\"},\"headline\":\"Cuando la tristeza tambi\u00e9n tiene algo que decir\",\"datePublished\":\"2026-04-26T06:22:56+00:00\",\"dateModified\":\"2026-04-27T01:39:47+00:00\",\"mainEntityOfPage\":{\"@id\":\"https:\/\/viniciojarquin.com\/blog\/cuando-la-tristeza-tambien-tiene-algo-que-decir\/\"},\"wordCount\":661,\"commentCount\":0,\"publisher\":{\"@id\":\"https:\/\/viniciojarquin.com\/blog\/#\/schema\/person\/90100c8845ae55462ec0657d3d2f8d3b\"},\"image\":{\"@id\":\"https:\/\/viniciojarquin.com\/blog\/cuando-la-tristeza-tambien-tiene-algo-que-decir\/#primaryimage\"},\"thumbnailUrl\":\"https:\/\/viniciojarquin.com\/blog\/wp-content\/uploads\/2026\/04\/Cuando-la-tristeza-tiene-algo-que-decir.png\",\"articleSection\":[\"Escritos generales\"],\"inLanguage\":\"es\",\"potentialAction\":[{\"@type\":\"CommentAction\",\"name\":\"Comment\",\"target\":[\"https:\/\/viniciojarquin.com\/blog\/cuando-la-tristeza-tambien-tiene-algo-que-decir\/#respond\"]}]},{\"@type\":\"WebPage\",\"@id\":\"https:\/\/viniciojarquin.com\/blog\/cuando-la-tristeza-tambien-tiene-algo-que-decir\/\",\"url\":\"https:\/\/viniciojarquin.com\/blog\/cuando-la-tristeza-tambien-tiene-algo-que-decir\/\",\"name\":\"Cuando la tristeza tambi\u00e9n tiene algo que decir - MI BLOG\",\"isPartOf\":{\"@id\":\"https:\/\/viniciojarquin.com\/blog\/#website\"},\"primaryImageOfPage\":{\"@id\":\"https:\/\/viniciojarquin.com\/blog\/cuando-la-tristeza-tambien-tiene-algo-que-decir\/#primaryimage\"},\"image\":{\"@id\":\"https:\/\/viniciojarquin.com\/blog\/cuando-la-tristeza-tambien-tiene-algo-que-decir\/#primaryimage\"},\"thumbnailUrl\":\"https:\/\/viniciojarquin.com\/blog\/wp-content\/uploads\/2026\/04\/Cuando-la-tristeza-tiene-algo-que-decir.png\",\"datePublished\":\"2026-04-26T06:22:56+00:00\",\"dateModified\":\"2026-04-27T01:39:47+00:00\",\"breadcrumb\":{\"@id\":\"https:\/\/viniciojarquin.com\/blog\/cuando-la-tristeza-tambien-tiene-algo-que-decir\/#breadcrumb\"},\"inLanguage\":\"es\",\"potentialAction\":[{\"@type\":\"ReadAction\",\"target\":[\"https:\/\/viniciojarquin.com\/blog\/cuando-la-tristeza-tambien-tiene-algo-que-decir\/\"]}]},{\"@type\":\"ImageObject\",\"inLanguage\":\"es\",\"@id\":\"https:\/\/viniciojarquin.com\/blog\/cuando-la-tristeza-tambien-tiene-algo-que-decir\/#primaryimage\",\"url\":\"https:\/\/viniciojarquin.com\/blog\/wp-content\/uploads\/2026\/04\/Cuando-la-tristeza-tiene-algo-que-decir.png\",\"contentUrl\":\"https:\/\/viniciojarquin.com\/blog\/wp-content\/uploads\/2026\/04\/Cuando-la-tristeza-tiene-algo-que-decir.png\",\"width\":800,\"height\":533},{\"@type\":\"BreadcrumbList\",\"@id\":\"https:\/\/viniciojarquin.com\/blog\/cuando-la-tristeza-tambien-tiene-algo-que-decir\/#breadcrumb\",\"itemListElement\":[{\"@type\":\"ListItem\",\"position\":1,\"name\":\"Portada\",\"item\":\"https:\/\/viniciojarquin.com\/blog\/\"},{\"@type\":\"ListItem\",\"position\":2,\"name\":\"Cuando la tristeza tambi\u00e9n tiene algo que decir\"}]},{\"@type\":\"WebSite\",\"@id\":\"https:\/\/viniciojarquin.com\/blog\/#website\",\"url\":\"https:\/\/viniciojarquin.com\/blog\/\",\"name\":\"Vinicio Jarqu\u00edn BLOG\",\"description\":\"\",\"publisher\":{\"@id\":\"https:\/\/viniciojarquin.com\/blog\/#\/schema\/person\/90100c8845ae55462ec0657d3d2f8d3b\"},\"potentialAction\":[{\"@type\":\"SearchAction\",\"target\":{\"@type\":\"EntryPoint\",\"urlTemplate\":\"https:\/\/viniciojarquin.com\/blog\/?s={search_term_string}\"},\"query-input\":{\"@type\":\"PropertyValueSpecification\",\"valueRequired\":true,\"valueName\":\"search_term_string\"}}],\"inLanguage\":\"es\"},{\"@type\":[\"Person\",\"Organization\"],\"@id\":\"https:\/\/viniciojarquin.com\/blog\/#\/schema\/person\/90100c8845ae55462ec0657d3d2f8d3b\",\"name\":\"Vinicio Jarqu\u00edn\",\"image\":{\"@type\":\"ImageObject\",\"inLanguage\":\"es\",\"@id\":\"https:\/\/viniciojarquin.com\/blog\/#\/schema\/person\/image\/\",\"url\":\"https:\/\/viniciojarquin.com\/blog\/wp-content\/uploads\/2024\/10\/Logo-VinicioJarquin-original-400.png\",\"contentUrl\":\"https:\/\/viniciojarquin.com\/blog\/wp-content\/uploads\/2024\/10\/Logo-VinicioJarquin-original-400.png\",\"width\":400,\"height\":130,\"caption\":\"Vinicio Jarqu\u00edn\"},\"logo\":{\"@id\":\"https:\/\/viniciojarquin.com\/blog\/#\/schema\/person\/image\/\"},\"description\":\"Empresario textil, artista pl\u00e1stico, escritor, coach de vida y fot\u00f3grafo.\",\"sameAs\":[\"https:\/\/viniciojarquin.com\/blog\",\"https:\/\/www.facebook.com\/vinicio.jarquin\",\"https:\/\/www.instagram.com\/vinicio_jarquin\/\",\"https:\/\/www.pinterest.com\/vinnyjc\/\",\"https:\/\/www.youtube.com\/@VinicioJarquin\"],\"url\":\"https:\/\/viniciojarquin.com\/blog\/author\/admin_s02au25i\/\"}]}<\/script>\n<!-- \/ Yoast SEO plugin. -->","yoast_head_json":{"title":"Cuando la tristeza tambi\u00e9n tiene algo que decir - MI BLOG","robots":{"index":"index","follow":"follow","max-snippet":"max-snippet:-1","max-image-preview":"max-image-preview:large","max-video-preview":"max-video-preview:-1"},"canonical":"https:\/\/viniciojarquin.com\/blog\/cuando-la-tristeza-tambien-tiene-algo-que-decir\/","og_locale":"es_ES","og_type":"article","og_title":"Cuando la tristeza tambi\u00e9n tiene algo que decir - MI BLOG","og_description":"Hay d\u00edas en los que uno est\u00e1 triste. Hoy estoy triste. Y lo digo sin drama, sin exageraci\u00f3n, sin perder [&hellip;]","og_url":"https:\/\/viniciojarquin.com\/blog\/cuando-la-tristeza-tambien-tiene-algo-que-decir\/","og_site_name":"MI BLOG","article_publisher":"https:\/\/www.facebook.com\/vinicio.jarquin","article_author":"https:\/\/www.facebook.com\/vinicio.jarquin","article_published_time":"2026-04-26T06:22:56+00:00","article_modified_time":"2026-04-27T01:39:47+00:00","og_image":[{"width":800,"height":533,"url":"https:\/\/viniciojarquin.com\/blog\/wp-content\/uploads\/2026\/04\/Cuando-la-tristeza-tiene-algo-que-decir.png","type":"image\/png"}],"author":"Vinicio Jarqu\u00edn","twitter_card":"summary_large_image","twitter_misc":{"Escrito por":"Vinicio Jarqu\u00edn","Tiempo de lectura":"4 minutos"},"schema":{"@context":"https:\/\/schema.org","@graph":[{"@type":"Article","@id":"https:\/\/viniciojarquin.com\/blog\/cuando-la-tristeza-tambien-tiene-algo-que-decir\/#article","isPartOf":{"@id":"https:\/\/viniciojarquin.com\/blog\/cuando-la-tristeza-tambien-tiene-algo-que-decir\/"},"author":{"name":"Vinicio Jarqu\u00edn","@id":"https:\/\/viniciojarquin.com\/blog\/#\/schema\/person\/90100c8845ae55462ec0657d3d2f8d3b"},"headline":"Cuando la tristeza tambi\u00e9n tiene algo que decir","datePublished":"2026-04-26T06:22:56+00:00","dateModified":"2026-04-27T01:39:47+00:00","mainEntityOfPage":{"@id":"https:\/\/viniciojarquin.com\/blog\/cuando-la-tristeza-tambien-tiene-algo-que-decir\/"},"wordCount":661,"commentCount":0,"publisher":{"@id":"https:\/\/viniciojarquin.com\/blog\/#\/schema\/person\/90100c8845ae55462ec0657d3d2f8d3b"},"image":{"@id":"https:\/\/viniciojarquin.com\/blog\/cuando-la-tristeza-tambien-tiene-algo-que-decir\/#primaryimage"},"thumbnailUrl":"https:\/\/viniciojarquin.com\/blog\/wp-content\/uploads\/2026\/04\/Cuando-la-tristeza-tiene-algo-que-decir.png","articleSection":["Escritos generales"],"inLanguage":"es","potentialAction":[{"@type":"CommentAction","name":"Comment","target":["https:\/\/viniciojarquin.com\/blog\/cuando-la-tristeza-tambien-tiene-algo-que-decir\/#respond"]}]},{"@type":"WebPage","@id":"https:\/\/viniciojarquin.com\/blog\/cuando-la-tristeza-tambien-tiene-algo-que-decir\/","url":"https:\/\/viniciojarquin.com\/blog\/cuando-la-tristeza-tambien-tiene-algo-que-decir\/","name":"Cuando la tristeza tambi\u00e9n tiene algo que decir - MI BLOG","isPartOf":{"@id":"https:\/\/viniciojarquin.com\/blog\/#website"},"primaryImageOfPage":{"@id":"https:\/\/viniciojarquin.com\/blog\/cuando-la-tristeza-tambien-tiene-algo-que-decir\/#primaryimage"},"image":{"@id":"https:\/\/viniciojarquin.com\/blog\/cuando-la-tristeza-tambien-tiene-algo-que-decir\/#primaryimage"},"thumbnailUrl":"https:\/\/viniciojarquin.com\/blog\/wp-content\/uploads\/2026\/04\/Cuando-la-tristeza-tiene-algo-que-decir.png","datePublished":"2026-04-26T06:22:56+00:00","dateModified":"2026-04-27T01:39:47+00:00","breadcrumb":{"@id":"https:\/\/viniciojarquin.com\/blog\/cuando-la-tristeza-tambien-tiene-algo-que-decir\/#breadcrumb"},"inLanguage":"es","potentialAction":[{"@type":"ReadAction","target":["https:\/\/viniciojarquin.com\/blog\/cuando-la-tristeza-tambien-tiene-algo-que-decir\/"]}]},{"@type":"ImageObject","inLanguage":"es","@id":"https:\/\/viniciojarquin.com\/blog\/cuando-la-tristeza-tambien-tiene-algo-que-decir\/#primaryimage","url":"https:\/\/viniciojarquin.com\/blog\/wp-content\/uploads\/2026\/04\/Cuando-la-tristeza-tiene-algo-que-decir.png","contentUrl":"https:\/\/viniciojarquin.com\/blog\/wp-content\/uploads\/2026\/04\/Cuando-la-tristeza-tiene-algo-que-decir.png","width":800,"height":533},{"@type":"BreadcrumbList","@id":"https:\/\/viniciojarquin.com\/blog\/cuando-la-tristeza-tambien-tiene-algo-que-decir\/#breadcrumb","itemListElement":[{"@type":"ListItem","position":1,"name":"Portada","item":"https:\/\/viniciojarquin.com\/blog\/"},{"@type":"ListItem","position":2,"name":"Cuando la tristeza tambi\u00e9n tiene algo que decir"}]},{"@type":"WebSite","@id":"https:\/\/viniciojarquin.com\/blog\/#website","url":"https:\/\/viniciojarquin.com\/blog\/","name":"Vinicio Jarqu\u00edn BLOG","description":"","publisher":{"@id":"https:\/\/viniciojarquin.com\/blog\/#\/schema\/person\/90100c8845ae55462ec0657d3d2f8d3b"},"potentialAction":[{"@type":"SearchAction","target":{"@type":"EntryPoint","urlTemplate":"https:\/\/viniciojarquin.com\/blog\/?s={search_term_string}"},"query-input":{"@type":"PropertyValueSpecification","valueRequired":true,"valueName":"search_term_string"}}],"inLanguage":"es"},{"@type":["Person","Organization"],"@id":"https:\/\/viniciojarquin.com\/blog\/#\/schema\/person\/90100c8845ae55462ec0657d3d2f8d3b","name":"Vinicio Jarqu\u00edn","image":{"@type":"ImageObject","inLanguage":"es","@id":"https:\/\/viniciojarquin.com\/blog\/#\/schema\/person\/image\/","url":"https:\/\/viniciojarquin.com\/blog\/wp-content\/uploads\/2024\/10\/Logo-VinicioJarquin-original-400.png","contentUrl":"https:\/\/viniciojarquin.com\/blog\/wp-content\/uploads\/2024\/10\/Logo-VinicioJarquin-original-400.png","width":400,"height":130,"caption":"Vinicio Jarqu\u00edn"},"logo":{"@id":"https:\/\/viniciojarquin.com\/blog\/#\/schema\/person\/image\/"},"description":"Empresario textil, artista pl\u00e1stico, escritor, coach de vida y fot\u00f3grafo.","sameAs":["https:\/\/viniciojarquin.com\/blog","https:\/\/www.facebook.com\/vinicio.jarquin","https:\/\/www.instagram.com\/vinicio_jarquin\/","https:\/\/www.pinterest.com\/vinnyjc\/","https:\/\/www.youtube.com\/@VinicioJarquin"],"url":"https:\/\/viniciojarquin.com\/blog\/author\/admin_s02au25i\/"}]}},"blog_post_layout_featured_media_urls":{"thumbnail":["https:\/\/viniciojarquin.com\/blog\/wp-content\/uploads\/2026\/04\/Cuando-la-tristeza-tiene-algo-que-decir-150x150.png",150,150,true],"full":["https:\/\/viniciojarquin.com\/blog\/wp-content\/uploads\/2026\/04\/Cuando-la-tristeza-tiene-algo-que-decir.png",800,533,false]},"categories_names":{"9":{"name":"Escritos generales","link":"https:\/\/viniciojarquin.com\/blog\/category\/mis-escritos\/"}},"tags_names":[],"comments_number":"0","_links":{"self":[{"href":"https:\/\/viniciojarquin.com\/blog\/wp-json\/wp\/v2\/posts\/3566","targetHints":{"allow":["GET"]}}],"collection":[{"href":"https:\/\/viniciojarquin.com\/blog\/wp-json\/wp\/v2\/posts"}],"about":[{"href":"https:\/\/viniciojarquin.com\/blog\/wp-json\/wp\/v2\/types\/post"}],"author":[{"embeddable":true,"href":"https:\/\/viniciojarquin.com\/blog\/wp-json\/wp\/v2\/users\/1"}],"replies":[{"embeddable":true,"href":"https:\/\/viniciojarquin.com\/blog\/wp-json\/wp\/v2\/comments?post=3566"}],"version-history":[{"count":2,"href":"https:\/\/viniciojarquin.com\/blog\/wp-json\/wp\/v2\/posts\/3566\/revisions"}],"predecessor-version":[{"id":3569,"href":"https:\/\/viniciojarquin.com\/blog\/wp-json\/wp\/v2\/posts\/3566\/revisions\/3569"}],"wp:featuredmedia":[{"embeddable":true,"href":"https:\/\/viniciojarquin.com\/blog\/wp-json\/wp\/v2\/media\/3568"}],"wp:attachment":[{"href":"https:\/\/viniciojarquin.com\/blog\/wp-json\/wp\/v2\/media?parent=3566"}],"wp:term":[{"taxonomy":"category","embeddable":true,"href":"https:\/\/viniciojarquin.com\/blog\/wp-json\/wp\/v2\/categories?post=3566"},{"taxonomy":"post_tag","embeddable":true,"href":"https:\/\/viniciojarquin.com\/blog\/wp-json\/wp\/v2\/tags?post=3566"}],"curies":[{"name":"wp","href":"https:\/\/api.w.org\/{rel}","templated":true}]}}