{"id":3578,"date":"2026-04-27T02:24:23","date_gmt":"2026-04-27T02:24:23","guid":{"rendered":"https:\/\/viniciojarquin.com\/blog\/?p=3578"},"modified":"2026-04-27T02:24:24","modified_gmt":"2026-04-27T02:24:24","slug":"cuando-la-voz-ciudadana-empieza-a-apagarse","status":"publish","type":"post","link":"https:\/\/viniciojarquin.com\/blog\/cuando-la-voz-ciudadana-empieza-a-apagarse\/","title":{"rendered":"Cuando la voz ciudadana empieza a apagarse"},"content":{"rendered":"\n<p>Cuando termin\u00f3 la campa\u00f1a electoral, los n\u00fameros eran claros. Do\u00f1a Laura superaba el mill\u00f3n de votos, don \u00c1lvaro Ramos rondaba los ochocientos mil y do\u00f1a Claudia ten\u00eda ciento y resto de mil. En medio de ese escenario pol\u00edtico, desde este espacio hac\u00edamos una broma que, aunque ligera en tono, ten\u00eda algo de verdad en el fondo: Apacigua tu ser interior hab\u00eda alcanzado cerca de seiscientos setenta y cinco mil lectores. Y entonces dec\u00edamos, casi con una sonrisa, que \u00e9ramos la tercera fuerza pol\u00edtica no pol\u00edtica del pa\u00eds.<\/p>\n\n\n\n<p>Pas\u00f3 la efervescencia. Se apagaron los debates encendidos, se bajaron las banderas, se acomodaron los resultados. Los votos quedaron donde quedaron. Y Apacigua, como era natural, tambi\u00e9n encontr\u00f3 su propio punto de equilibrio. Bajamos a unos cuatrocientos cincuenta mil lectores, donde nos hemos mantenido de forma bastante constante. Y si uno quisiera seguir con aquella misma broma, podr\u00eda decir que seguimos siendo esa tercera fuerza no pol\u00edtica. Pero ya sin la adrenalina del momento, la reflexi\u00f3n cambia de tono.<\/p>\n\n\n\n<p>Porque detr\u00e1s de los n\u00fameros hay una intenci\u00f3n. Mi esperanza siempre fue que este espacio, aun sin voto, sin poder formal y sin injerencia directa en los poderes de la Rep\u00fablica, pudiera tener voz. Una voz que sirviera para aplaudir lo que est\u00e1 bien, para cuestionar lo que genera dudas, para investigar, para informar, para apaciguar cuando el pa\u00eds se tensara. Incluso so\u00f1aba \u2014y lo digo sin exageraci\u00f3n\u2014 con que pudi\u00e9ramos facilitar acuerdos, acompa\u00f1ar procesos, asesorar a diputados y a sus equipos, y aportar desde un lugar ciudadano, independiente y sereno.<\/p>\n\n\n\n<p>Sin embargo, esa posibilidad cada d\u00eda se siente m\u00e1s lejana. No porque la gente no est\u00e9. No porque no haya inter\u00e9s. Los n\u00fameros se sostienen, los seguidores crecen. Pero hay una realidad mucho m\u00e1s simple y mucho m\u00e1s cruda: los recursos no est\u00e1n alcanzando. Y cuando los recursos no est\u00e1n, las ideas, por m\u00e1s buenas que sean, empiezan a quedarse en papel o en pantalla.<\/p>\n\n\n\n<p>Ya lo hab\u00eda dicho en alg\u00fan momento. Si Apacigua no encontraba una respuesta m\u00e1s firme de la ciudadan\u00eda para sostenerse, inevitablemente tendr\u00eda que reducir su alcance. Y eso es exactamente lo que ha venido pasando. Reuniones de alto nivel que no se pudieron concretar. Espacios de asesor\u00eda que no se lograron abrir. Puertas que estaban entreabiertas y que, por falta de estructura, simplemente no se pudieron cruzar.<\/p>\n\n\n\n<p>Y hay algo que quiero decir con total honestidad: a m\u00ed me cuesta profundamente salir a pedir dinero. No es algo con lo que me sienta c\u00f3modo. No es algo que me salga natural. Primero, porque el tiempo que eso implica compite directamente con el trabajo que hay que hacer para sostener el contenido. Y segundo, porque no es la forma en la que estoy acostumbrado a construir. Aun as\u00ed, lo intent\u00e9. Hice un llamado claro en un video reciente, diciendo que el futuro del movimiento depender\u00eda de la respuesta que recibiera.<\/p>\n\n\n\n<p>La respuesta lleg\u00f3. Fue positiva. Fue respetuosa. Fue, incluso, alentadora en palabras. Pero fue tibia en acci\u00f3n. Y en estos temas, la diferencia entre una intenci\u00f3n y una acci\u00f3n es la que define si algo vive o se apaga.<\/p>\n\n\n\n<p>Por eso hoy lo digo con la serenidad que caracteriza este espacio: es muy probable que, a partir de pronto, Apacigua se convierta en lo que siempre fue en esencia, pero sin la proyecci\u00f3n que estaba empezando a tomar. Seguir\u00e1n los art\u00edculos. Seguir\u00e1n los comentarios. Seguir\u00e1 la reflexi\u00f3n. Pero dif\u00edcilmente podremos mantener ese otro nivel de participaci\u00f3n, de acompa\u00f1amiento, de incidencia indirecta que se estaba construyendo.<\/p>\n\n\n\n<p>Y s\u00ed, da l\u00e1stima. Porque hab\u00eda \u2014y hay\u2014 un poder c\u00edvico valioso ah\u00ed. Un espacio que no pertenece a ning\u00fan partido, que no responde a intereses ocultos, que intenta observar con calma en medio del ruido. Pero los proyectos ciudadanos tambi\u00e9n necesitan sost\u00e9n. Y cuando ese sost\u00e9n no alcanza, no hay \u00e9pica que lo sostenga por s\u00ed sola.<\/p>\n\n\n\n<p>Tal vez este no es un cierre. Tal vez es solo una pausa obligada. Tal vez, m\u00e1s adelante, las condiciones cambien. O tal vez este sea el alcance real que le corresponde tener a un espacio como este en este momento del pa\u00eds.<\/p>\n\n\n\n<p>Mientras tanto, seguiremos. Con menos. Con lo que hay. Con lo que se pueda. Porque incluso en su forma m\u00e1s simple, en un art\u00edculo, en una idea, en una reflexi\u00f3n, sigue existiendo algo que no deber\u00edamos perder: la intenci\u00f3n de entender, de aportar y de construir, aunque sea desde un lugar m\u00e1s peque\u00f1o.<\/p>\n\n\n\n<p>Y en un momento como el que vive Costa Rica, incluso eso\u2026 ya es algo.<\/p>\n","protected":false},"excerpt":{"rendered":"<p>Cuando termin\u00f3 la campa\u00f1a electoral, los n\u00fameros eran claros. Do\u00f1a Laura superaba el mill\u00f3n de votos, don \u00c1lvaro Ramos rondaba [&hellip;]<\/p>\n","protected":false},"author":1,"featured_media":0,"comment_status":"open","ping_status":"open","sticky":false,"template":"","format":"standard","meta":{"site-sidebar-layout":"default","site-content-layout":"","ast-site-content-layout":"","site-content-style":"default","site-sidebar-style":"default","ast-global-header-display":"","ast-banner-title-visibility":"","ast-main-header-display":"","ast-hfb-above-header-display":"","ast-hfb-below-header-display":"","ast-hfb-mobile-header-display":"","site-post-title":"","ast-breadcrumbs-content":"","ast-featured-img":"","footer-sml-layout":"","theme-transparent-header-meta":"","adv-header-id-meta":"","stick-header-meta":"","header-above-stick-meta":"","header-main-stick-meta":"","header-below-stick-meta":"","astra-migrate-meta-layouts":"default","ast-page-background-enabled":"default","ast-page-background-meta":{"desktop":{"background-color":"var(--ast-global-color-5)","background-image":"","background-repeat":"repeat","background-position":"center center","background-size":"auto","background-attachment":"scroll","background-type":"","background-media":"","overlay-type":"","overlay-color":"","overlay-opacity":"","overlay-gradient":""},"tablet":{"background-color":"","background-image":"","background-repeat":"repeat","background-position":"center center","background-size":"auto","background-attachment":"scroll","background-type":"","background-media":"","overlay-type":"","overlay-color":"","overlay-opacity":"","overlay-gradient":""},"mobile":{"background-color":"","background-image":"","background-repeat":"repeat","background-position":"center center","background-size":"auto","background-attachment":"scroll","background-type":"","background-media":"","overlay-type":"","overlay-color":"","overlay-opacity":"","overlay-gradient":""}},"ast-content-background-meta":{"desktop":{"background-color":"var(--ast-global-color-4)","background-image":"","background-repeat":"repeat","background-position":"center center","background-size":"auto","background-attachment":"scroll","background-type":"","background-media":"","overlay-type":"","overlay-color":"","overlay-opacity":"","overlay-gradient":""},"tablet":{"background-color":"var(--ast-global-color-4)","background-image":"","background-repeat":"repeat","background-position":"center center","background-size":"auto","background-attachment":"scroll","background-type":"","background-media":"","overlay-type":"","overlay-color":"","overlay-opacity":"","overlay-gradient":""},"mobile":{"background-color":"var(--ast-global-color-4)","background-image":"","background-repeat":"repeat","background-position":"center center","background-size":"auto","background-attachment":"scroll","background-type":"","background-media":"","overlay-type":"","overlay-color":"","overlay-opacity":"","overlay-gradient":""}},"footnotes":""},"categories":[9],"tags":[],"class_list":["post-3578","post","type-post","status-publish","format-standard","hentry","category-mis-escritos"],"yoast_head":"<!-- This site is optimized with the Yoast SEO plugin v26.0 - https:\/\/yoast.com\/wordpress\/plugins\/seo\/ -->\n<title>Cuando la voz ciudadana empieza a apagarse - MI BLOG<\/title>\n<meta name=\"robots\" content=\"index, follow, max-snippet:-1, max-image-preview:large, max-video-preview:-1\" \/>\n<link rel=\"canonical\" href=\"https:\/\/viniciojarquin.com\/blog\/cuando-la-voz-ciudadana-empieza-a-apagarse\/\" \/>\n<meta property=\"og:locale\" content=\"es_ES\" \/>\n<meta property=\"og:type\" content=\"article\" \/>\n<meta property=\"og:title\" content=\"Cuando la voz ciudadana empieza a apagarse - MI BLOG\" \/>\n<meta property=\"og:description\" content=\"Cuando termin\u00f3 la campa\u00f1a electoral, los n\u00fameros eran claros. Do\u00f1a Laura superaba el mill\u00f3n de votos, don \u00c1lvaro Ramos rondaba [&hellip;]\" \/>\n<meta property=\"og:url\" content=\"https:\/\/viniciojarquin.com\/blog\/cuando-la-voz-ciudadana-empieza-a-apagarse\/\" \/>\n<meta property=\"og:site_name\" content=\"MI BLOG\" \/>\n<meta property=\"article:publisher\" content=\"https:\/\/www.facebook.com\/vinicio.jarquin\" \/>\n<meta property=\"article:author\" content=\"https:\/\/www.facebook.com\/vinicio.jarquin\" \/>\n<meta property=\"article:published_time\" content=\"2026-04-27T02:24:23+00:00\" \/>\n<meta property=\"article:modified_time\" content=\"2026-04-27T02:24:24+00:00\" \/>\n<meta name=\"author\" content=\"Vinicio Jarqu\u00edn\" \/>\n<meta name=\"twitter:card\" content=\"summary_large_image\" \/>\n<meta name=\"twitter:label1\" content=\"Escrito por\" \/>\n\t<meta name=\"twitter:data1\" content=\"Vinicio Jarqu\u00edn\" \/>\n\t<meta name=\"twitter:label2\" content=\"Tiempo de lectura\" \/>\n\t<meta name=\"twitter:data2\" content=\"4 minutos\" \/>\n<script type=\"application\/ld+json\" class=\"yoast-schema-graph\">{\"@context\":\"https:\/\/schema.org\",\"@graph\":[{\"@type\":\"Article\",\"@id\":\"https:\/\/viniciojarquin.com\/blog\/cuando-la-voz-ciudadana-empieza-a-apagarse\/#article\",\"isPartOf\":{\"@id\":\"https:\/\/viniciojarquin.com\/blog\/cuando-la-voz-ciudadana-empieza-a-apagarse\/\"},\"author\":{\"name\":\"Vinicio Jarqu\u00edn\",\"@id\":\"https:\/\/viniciojarquin.com\/blog\/#\/schema\/person\/90100c8845ae55462ec0657d3d2f8d3b\"},\"headline\":\"Cuando la voz ciudadana empieza a apagarse\",\"datePublished\":\"2026-04-27T02:24:23+00:00\",\"dateModified\":\"2026-04-27T02:24:24+00:00\",\"mainEntityOfPage\":{\"@id\":\"https:\/\/viniciojarquin.com\/blog\/cuando-la-voz-ciudadana-empieza-a-apagarse\/\"},\"wordCount\":833,\"commentCount\":0,\"publisher\":{\"@id\":\"https:\/\/viniciojarquin.com\/blog\/#\/schema\/person\/90100c8845ae55462ec0657d3d2f8d3b\"},\"articleSection\":[\"Escritos generales\"],\"inLanguage\":\"es\",\"potentialAction\":[{\"@type\":\"CommentAction\",\"name\":\"Comment\",\"target\":[\"https:\/\/viniciojarquin.com\/blog\/cuando-la-voz-ciudadana-empieza-a-apagarse\/#respond\"]}]},{\"@type\":\"WebPage\",\"@id\":\"https:\/\/viniciojarquin.com\/blog\/cuando-la-voz-ciudadana-empieza-a-apagarse\/\",\"url\":\"https:\/\/viniciojarquin.com\/blog\/cuando-la-voz-ciudadana-empieza-a-apagarse\/\",\"name\":\"Cuando la voz ciudadana empieza a apagarse - MI BLOG\",\"isPartOf\":{\"@id\":\"https:\/\/viniciojarquin.com\/blog\/#website\"},\"datePublished\":\"2026-04-27T02:24:23+00:00\",\"dateModified\":\"2026-04-27T02:24:24+00:00\",\"breadcrumb\":{\"@id\":\"https:\/\/viniciojarquin.com\/blog\/cuando-la-voz-ciudadana-empieza-a-apagarse\/#breadcrumb\"},\"inLanguage\":\"es\",\"potentialAction\":[{\"@type\":\"ReadAction\",\"target\":[\"https:\/\/viniciojarquin.com\/blog\/cuando-la-voz-ciudadana-empieza-a-apagarse\/\"]}]},{\"@type\":\"BreadcrumbList\",\"@id\":\"https:\/\/viniciojarquin.com\/blog\/cuando-la-voz-ciudadana-empieza-a-apagarse\/#breadcrumb\",\"itemListElement\":[{\"@type\":\"ListItem\",\"position\":1,\"name\":\"Portada\",\"item\":\"https:\/\/viniciojarquin.com\/blog\/\"},{\"@type\":\"ListItem\",\"position\":2,\"name\":\"Cuando la voz ciudadana empieza a apagarse\"}]},{\"@type\":\"WebSite\",\"@id\":\"https:\/\/viniciojarquin.com\/blog\/#website\",\"url\":\"https:\/\/viniciojarquin.com\/blog\/\",\"name\":\"Vinicio Jarqu\u00edn BLOG\",\"description\":\"\",\"publisher\":{\"@id\":\"https:\/\/viniciojarquin.com\/blog\/#\/schema\/person\/90100c8845ae55462ec0657d3d2f8d3b\"},\"potentialAction\":[{\"@type\":\"SearchAction\",\"target\":{\"@type\":\"EntryPoint\",\"urlTemplate\":\"https:\/\/viniciojarquin.com\/blog\/?s={search_term_string}\"},\"query-input\":{\"@type\":\"PropertyValueSpecification\",\"valueRequired\":true,\"valueName\":\"search_term_string\"}}],\"inLanguage\":\"es\"},{\"@type\":[\"Person\",\"Organization\"],\"@id\":\"https:\/\/viniciojarquin.com\/blog\/#\/schema\/person\/90100c8845ae55462ec0657d3d2f8d3b\",\"name\":\"Vinicio Jarqu\u00edn\",\"image\":{\"@type\":\"ImageObject\",\"inLanguage\":\"es\",\"@id\":\"https:\/\/viniciojarquin.com\/blog\/#\/schema\/person\/image\/\",\"url\":\"https:\/\/viniciojarquin.com\/blog\/wp-content\/uploads\/2024\/10\/Logo-VinicioJarquin-original-400.png\",\"contentUrl\":\"https:\/\/viniciojarquin.com\/blog\/wp-content\/uploads\/2024\/10\/Logo-VinicioJarquin-original-400.png\",\"width\":400,\"height\":130,\"caption\":\"Vinicio Jarqu\u00edn\"},\"logo\":{\"@id\":\"https:\/\/viniciojarquin.com\/blog\/#\/schema\/person\/image\/\"},\"description\":\"Empresario textil, artista pl\u00e1stico, escritor, coach de vida y fot\u00f3grafo.\",\"sameAs\":[\"https:\/\/viniciojarquin.com\/blog\",\"https:\/\/www.facebook.com\/vinicio.jarquin\",\"https:\/\/www.instagram.com\/vinicio_jarquin\/\",\"https:\/\/www.pinterest.com\/vinnyjc\/\",\"https:\/\/www.youtube.com\/@VinicioJarquin\"],\"url\":\"https:\/\/viniciojarquin.com\/blog\/author\/admin_s02au25i\/\"}]}<\/script>\n<!-- \/ Yoast SEO plugin. -->","yoast_head_json":{"title":"Cuando la voz ciudadana empieza a apagarse - MI BLOG","robots":{"index":"index","follow":"follow","max-snippet":"max-snippet:-1","max-image-preview":"max-image-preview:large","max-video-preview":"max-video-preview:-1"},"canonical":"https:\/\/viniciojarquin.com\/blog\/cuando-la-voz-ciudadana-empieza-a-apagarse\/","og_locale":"es_ES","og_type":"article","og_title":"Cuando la voz ciudadana empieza a apagarse - MI BLOG","og_description":"Cuando termin\u00f3 la campa\u00f1a electoral, los n\u00fameros eran claros. Do\u00f1a Laura superaba el mill\u00f3n de votos, don \u00c1lvaro Ramos rondaba [&hellip;]","og_url":"https:\/\/viniciojarquin.com\/blog\/cuando-la-voz-ciudadana-empieza-a-apagarse\/","og_site_name":"MI BLOG","article_publisher":"https:\/\/www.facebook.com\/vinicio.jarquin","article_author":"https:\/\/www.facebook.com\/vinicio.jarquin","article_published_time":"2026-04-27T02:24:23+00:00","article_modified_time":"2026-04-27T02:24:24+00:00","author":"Vinicio Jarqu\u00edn","twitter_card":"summary_large_image","twitter_misc":{"Escrito por":"Vinicio Jarqu\u00edn","Tiempo de lectura":"4 minutos"},"schema":{"@context":"https:\/\/schema.org","@graph":[{"@type":"Article","@id":"https:\/\/viniciojarquin.com\/blog\/cuando-la-voz-ciudadana-empieza-a-apagarse\/#article","isPartOf":{"@id":"https:\/\/viniciojarquin.com\/blog\/cuando-la-voz-ciudadana-empieza-a-apagarse\/"},"author":{"name":"Vinicio Jarqu\u00edn","@id":"https:\/\/viniciojarquin.com\/blog\/#\/schema\/person\/90100c8845ae55462ec0657d3d2f8d3b"},"headline":"Cuando la voz ciudadana empieza a apagarse","datePublished":"2026-04-27T02:24:23+00:00","dateModified":"2026-04-27T02:24:24+00:00","mainEntityOfPage":{"@id":"https:\/\/viniciojarquin.com\/blog\/cuando-la-voz-ciudadana-empieza-a-apagarse\/"},"wordCount":833,"commentCount":0,"publisher":{"@id":"https:\/\/viniciojarquin.com\/blog\/#\/schema\/person\/90100c8845ae55462ec0657d3d2f8d3b"},"articleSection":["Escritos generales"],"inLanguage":"es","potentialAction":[{"@type":"CommentAction","name":"Comment","target":["https:\/\/viniciojarquin.com\/blog\/cuando-la-voz-ciudadana-empieza-a-apagarse\/#respond"]}]},{"@type":"WebPage","@id":"https:\/\/viniciojarquin.com\/blog\/cuando-la-voz-ciudadana-empieza-a-apagarse\/","url":"https:\/\/viniciojarquin.com\/blog\/cuando-la-voz-ciudadana-empieza-a-apagarse\/","name":"Cuando la voz ciudadana empieza a apagarse - MI BLOG","isPartOf":{"@id":"https:\/\/viniciojarquin.com\/blog\/#website"},"datePublished":"2026-04-27T02:24:23+00:00","dateModified":"2026-04-27T02:24:24+00:00","breadcrumb":{"@id":"https:\/\/viniciojarquin.com\/blog\/cuando-la-voz-ciudadana-empieza-a-apagarse\/#breadcrumb"},"inLanguage":"es","potentialAction":[{"@type":"ReadAction","target":["https:\/\/viniciojarquin.com\/blog\/cuando-la-voz-ciudadana-empieza-a-apagarse\/"]}]},{"@type":"BreadcrumbList","@id":"https:\/\/viniciojarquin.com\/blog\/cuando-la-voz-ciudadana-empieza-a-apagarse\/#breadcrumb","itemListElement":[{"@type":"ListItem","position":1,"name":"Portada","item":"https:\/\/viniciojarquin.com\/blog\/"},{"@type":"ListItem","position":2,"name":"Cuando la voz ciudadana empieza a apagarse"}]},{"@type":"WebSite","@id":"https:\/\/viniciojarquin.com\/blog\/#website","url":"https:\/\/viniciojarquin.com\/blog\/","name":"Vinicio Jarqu\u00edn BLOG","description":"","publisher":{"@id":"https:\/\/viniciojarquin.com\/blog\/#\/schema\/person\/90100c8845ae55462ec0657d3d2f8d3b"},"potentialAction":[{"@type":"SearchAction","target":{"@type":"EntryPoint","urlTemplate":"https:\/\/viniciojarquin.com\/blog\/?s={search_term_string}"},"query-input":{"@type":"PropertyValueSpecification","valueRequired":true,"valueName":"search_term_string"}}],"inLanguage":"es"},{"@type":["Person","Organization"],"@id":"https:\/\/viniciojarquin.com\/blog\/#\/schema\/person\/90100c8845ae55462ec0657d3d2f8d3b","name":"Vinicio Jarqu\u00edn","image":{"@type":"ImageObject","inLanguage":"es","@id":"https:\/\/viniciojarquin.com\/blog\/#\/schema\/person\/image\/","url":"https:\/\/viniciojarquin.com\/blog\/wp-content\/uploads\/2024\/10\/Logo-VinicioJarquin-original-400.png","contentUrl":"https:\/\/viniciojarquin.com\/blog\/wp-content\/uploads\/2024\/10\/Logo-VinicioJarquin-original-400.png","width":400,"height":130,"caption":"Vinicio Jarqu\u00edn"},"logo":{"@id":"https:\/\/viniciojarquin.com\/blog\/#\/schema\/person\/image\/"},"description":"Empresario textil, artista pl\u00e1stico, escritor, coach de vida y fot\u00f3grafo.","sameAs":["https:\/\/viniciojarquin.com\/blog","https:\/\/www.facebook.com\/vinicio.jarquin","https:\/\/www.instagram.com\/vinicio_jarquin\/","https:\/\/www.pinterest.com\/vinnyjc\/","https:\/\/www.youtube.com\/@VinicioJarquin"],"url":"https:\/\/viniciojarquin.com\/blog\/author\/admin_s02au25i\/"}]}},"blog_post_layout_featured_media_urls":{"thumbnail":"","full":""},"categories_names":{"9":{"name":"Escritos generales","link":"https:\/\/viniciojarquin.com\/blog\/category\/mis-escritos\/"}},"tags_names":[],"comments_number":"0","_links":{"self":[{"href":"https:\/\/viniciojarquin.com\/blog\/wp-json\/wp\/v2\/posts\/3578","targetHints":{"allow":["GET"]}}],"collection":[{"href":"https:\/\/viniciojarquin.com\/blog\/wp-json\/wp\/v2\/posts"}],"about":[{"href":"https:\/\/viniciojarquin.com\/blog\/wp-json\/wp\/v2\/types\/post"}],"author":[{"embeddable":true,"href":"https:\/\/viniciojarquin.com\/blog\/wp-json\/wp\/v2\/users\/1"}],"replies":[{"embeddable":true,"href":"https:\/\/viniciojarquin.com\/blog\/wp-json\/wp\/v2\/comments?post=3578"}],"version-history":[{"count":1,"href":"https:\/\/viniciojarquin.com\/blog\/wp-json\/wp\/v2\/posts\/3578\/revisions"}],"predecessor-version":[{"id":3579,"href":"https:\/\/viniciojarquin.com\/blog\/wp-json\/wp\/v2\/posts\/3578\/revisions\/3579"}],"wp:attachment":[{"href":"https:\/\/viniciojarquin.com\/blog\/wp-json\/wp\/v2\/media?parent=3578"}],"wp:term":[{"taxonomy":"category","embeddable":true,"href":"https:\/\/viniciojarquin.com\/blog\/wp-json\/wp\/v2\/categories?post=3578"},{"taxonomy":"post_tag","embeddable":true,"href":"https:\/\/viniciojarquin.com\/blog\/wp-json\/wp\/v2\/tags?post=3578"}],"curies":[{"name":"wp","href":"https:\/\/api.w.org\/{rel}","templated":true}]}}