{"id":3580,"date":"2026-04-29T04:12:35","date_gmt":"2026-04-29T04:12:35","guid":{"rendered":"https:\/\/viniciojarquin.com\/blog\/?p=3580"},"modified":"2026-04-29T04:18:37","modified_gmt":"2026-04-29T04:18:37","slug":"un-dia-que-parecia-normal-parte-1","status":"publish","type":"post","link":"https:\/\/viniciojarquin.com\/blog\/un-dia-que-parecia-normal-parte-1\/","title":{"rendered":"Un d\u00eda que parec\u00eda normal"},"content":{"rendered":"\n<figure class=\"wp-block-image size-full\"><img decoding=\"async\" width=\"800\" height=\"533\" data-src=\"https:\/\/viniciojarquin.com\/blog\/wp-content\/uploads\/2026\/04\/Un-dia-que-parecia-normal.png\" alt=\"\" class=\"wp-image-3582 lazyload\" data-srcset=\"https:\/\/viniciojarquin.com\/blog\/wp-content\/uploads\/2026\/04\/Un-dia-que-parecia-normal.png 800w, https:\/\/viniciojarquin.com\/blog\/wp-content\/uploads\/2026\/04\/Un-dia-que-parecia-normal-300x200.png 300w, https:\/\/viniciojarquin.com\/blog\/wp-content\/uploads\/2026\/04\/Un-dia-que-parecia-normal-768x512.png 768w\" data-sizes=\"(max-width: 800px) 100vw, 800px\" src=\"data:image\/svg+xml;base64,PHN2ZyB3aWR0aD0iMSIgaGVpZ2h0PSIxIiB4bWxucz0iaHR0cDovL3d3dy53My5vcmcvMjAwMC9zdmciPjwvc3ZnPg==\" style=\"--smush-placeholder-width: 800px; --smush-placeholder-aspect-ratio: 800\/533;\" \/><\/figure>\n\n\n\n<p>Este d\u00eda parec\u00eda un d\u00eda normal. Desde ayer se sent\u00eda as\u00ed, como esos d\u00edas que uno ya tiene m\u00e1s o menos trazados en la mente, sin mayor sorpresa, sin mayor giro. Pero, como suele pasar, todo cambi\u00f3. Y fue, al final, un d\u00eda interesante. De esos que no se planean, pero que dejan algo.<\/p>\n\n\n\n<p>Se los quiero contar.<\/p>\n\n\n\n<p>Ten\u00eda una cita con don Ariel Robles en su despacho en la Asamblea Legislativa, algo que me ilusionaba bastante. Por lo que he visto en redes sociales, en intervenciones y en debates, me parec\u00eda una persona cercana, agradable, alguien con quien val\u00eda la pena sentarse a conversar. Y adem\u00e1s, hay algo personal en esto: a m\u00ed siempre me gusta ir a la Asamblea. Me gusta el ambiente, me gusta lo que representa, me gusta lo que se mueve ah\u00ed adentro. As\u00ed que, de alguna forma, ese d\u00eda juntaba dos cosas que disfruto.<\/p>\n\n\n\n<p>Originalmente la cita era para el lunes. Pero por el tema de la votaci\u00f3n en el plenario \u2014del que hablar\u00e9 en otro art\u00edculo\u2014, don Ariel tuvo que cancelarla y la movi\u00f3 para hoy, con la advertencia de que exist\u00eda la posibilidad de que tambi\u00e9n se tuviera que cancelar. Algo completamente entendible, considerando el contexto.<\/p>\n\n\n\n<p>As\u00ed que, en mi mente, todo segu\u00eda siendo sencillo. Un d\u00eda normal. Llegar, reunirme con \u00e9l unos minutos, conversar, escribir algo y luego compartirlo con ustedes.<\/p>\n\n\n\n<p>Pero no fue as\u00ed de sencillo.<\/p>\n\n\n\n<p>Y entonces la ma\u00f1ana empez\u00f3 distinto. Aparec\u00ed con una sensaci\u00f3n de v\u00e9rtigo, mareado, inc\u00f3modo, de esos momentos en los que uno perfectamente podr\u00eda decidir cancelar todo y quedarse en casa. Y la opci\u00f3n estaba ah\u00ed, clara, disponible. Pod\u00eda cancelar la reuni\u00f3n con don Ariel. Pero no quer\u00eda. No era un tema de obligaci\u00f3n, era una decisi\u00f3n personal. Me tom\u00e9 una pastilla, esper\u00e9 un poco, pero el mareo continuaba. Aun as\u00ed, me fui. Esta vez no manejando, sino en Uber hacia la Asamblea Legislativa, pensando que ser\u00eda el mismo proceso sencillo de siempre: llegar, mostrar la c\u00e9dula, confirmar el registro, entrar, que alg\u00fan asesor me recogiera y subir a la oficina del diputado. Pero no fue as\u00ed.<\/p>\n\n\n\n<p>El sistema estaba fallando. Mi nombre no aparec\u00eda registrado. Pas\u00e9 un buen rato abajo, tratando de resolver algo que normalmente toma minutos. Intent\u00e9 localizar a don Ariel y no lo logr\u00e9 en ese momento. Y en medio de ese peque\u00f1o desorden, apareci\u00f3 algo inesperado. Por alguna raz\u00f3n termin\u00e9 hablando con do\u00f1a Dinorah Barquero. Le expliqu\u00e9 d\u00f3nde estaba y, con una naturalidad que se agradece, autoriz\u00f3 mi ingreso y envi\u00f3 a su asesora por m\u00ed. Termin\u00e9 entrando a la Asamblea, pero no hacia donde originalmente iba, sino hacia su oficina. Ah\u00ed estaba reunida con don \u00d3scar Izquierdo. Dos diputados de Liberaci\u00f3n Nacional. Conversamos un rato, me qued\u00e9 acompa\u00f1\u00e1ndolos mientras almorzaban, ped\u00ed un caf\u00e9, y en medio de esa conversaci\u00f3n que empez\u00f3 como algo circunstancial, se fue volviendo m\u00e1s humana, m\u00e1s cercana, m\u00e1s de esas que no estaban en agenda pero que dejan algo.<\/p>\n\n\n\n<p>En eso logr\u00e9 comunicarme con don Ariel. Me dijo que llegaba en diez minutos. Le respond\u00ed que yo llegar\u00eda en quince. Segu\u00ed conversando un poco m\u00e1s con ellos, en un ambiente bastante ameno, de esos donde uno habla de pol\u00edtica, de pa\u00eds, pero tambi\u00e9n de vida. Quedamos en reunirnos m\u00e1s adelante con m\u00e1s tiempo. Promesas que se hacen, y que ojal\u00e1 se cumplan. Luego me dirig\u00ed a la oficina de don Ariel, y ah\u00ed me encontr\u00e9 con alguien muy distinto al que uno ve en redes sociales, en televisi\u00f3n o en debates. Pero eso, definitivamente, merece su propio espacio. Es otro art\u00edculo.<\/p>\n\n\n\n<p>Al salir de la Asamblea, ya en la puerta, ocurri\u00f3 algo que termin\u00f3 marcando el d\u00eda. Me encontr\u00e9 con un muchacho de 18 a\u00f1os, reci\u00e9n incorporado en el \u00e1rea de comunicaci\u00f3n para los diputados del partido de gobierno. Cruzamos miradas varias veces. Yo estaba en una llamada, la cort\u00e9, y me acerqu\u00e9 a hablar con \u00e9l. Me cont\u00f3 lo que iba a hacer, lo que esperaba, y la conversaci\u00f3n se fue dando con una naturalidad muy bonita. Terminamos hablando de algo m\u00e1s profundo: de c\u00f3mo comportarse, de c\u00f3mo trabajar en un espacio como la Asamblea Legislativa, de la responsabilidad que implica estar ah\u00ed, aunque sea en un rol inicial. Le dije algo que sent\u00ed en ese momento: que m\u00e1s all\u00e1 de qui\u00e9n lo contrat\u00f3, trabajara como costarricense. Que fuera justo con quienes confiaron en \u00e9l, pero tambi\u00e9n justo con la patria. Que cuidara sus valores, que hiciera su trabajo con honestidad, con respeto, con criterio.<\/p>\n\n\n\n<p>Hablamos unos veinte minutos ah\u00ed afuera. Intercambiamos tel\u00e9fonos. Y me qued\u00f3 una sensaci\u00f3n muy clara: eso fue lo m\u00e1s valioso del d\u00eda. Haber aportado, aunque fuera un poco, a alguien que est\u00e1 empezando. Haberle mostrado otra forma de ver el espacio en el que va a trabajar. Haber sembrado, tal vez, una idea distinta en medio de tantas din\u00e1micas.<\/p>\n\n\n\n<p>Yo segu\u00eda mareado. Ped\u00ed el Uber, me recogieron por la parte de atr\u00e1s, regres\u00e9 a casa y me dorm\u00ed una hora y media. Cuando despert\u00e9, el mareo ya no estaba. Como si tambi\u00e9n el cuerpo hubiera decidido cerrar ese cap\u00edtulo. Al salir, vi que el edificio estaba siendo rodeado por polic\u00edas, preparando posibles manifestaciones por las votaciones del d\u00eda. Algo que tambi\u00e9n llam\u00f3 mi atenci\u00f3n fue que la gran mayor\u00eda, por no decir todos, eran mujeres. Pregunt\u00e9 el por qu\u00e9, y me explicaron algo que no sab\u00eda: que en este tipo de escenarios, cuando puede haber tensi\u00f3n, enviar mujeres suele reducir la agresividad de los manifestantes. Una decisi\u00f3n estrat\u00e9gica, pero tambi\u00e9n interesante desde lo humano.<\/p>\n\n\n\n<p>Fue un d\u00eda que no sali\u00f3 como estaba planeado. Nada fue como deb\u00eda ser. Pero, al final, dej\u00f3 m\u00e1s de lo que esperaba.<\/p>\n\n\n\n<p>Y a veces, en medio del desorden, tambi\u00e9n aparece algo que vale la pena.<\/p>\n\n\n\n<p>Respir\u00e1 un momento.<\/p>\n\n\n\n<p>Y dej\u00e1 que esos d\u00edas, los que no salen como pensabas, tambi\u00e9n te muestren lo que s\u00ed ten\u00eda que pasar.<\/p>\n","protected":false},"excerpt":{"rendered":"<p>Este d\u00eda parec\u00eda un d\u00eda normal. Desde ayer se sent\u00eda as\u00ed, como esos d\u00edas que uno ya tiene m\u00e1s o [&hellip;]<\/p>\n","protected":false},"author":1,"featured_media":3582,"comment_status":"open","ping_status":"open","sticky":false,"template":"","format":"standard","meta":{"site-sidebar-layout":"default","site-content-layout":"","ast-site-content-layout":"","site-content-style":"default","site-sidebar-style":"default","ast-global-header-display":"","ast-banner-title-visibility":"","ast-main-header-display":"","ast-hfb-above-header-display":"","ast-hfb-below-header-display":"","ast-hfb-mobile-header-display":"","site-post-title":"","ast-breadcrumbs-content":"","ast-featured-img":"","footer-sml-layout":"","theme-transparent-header-meta":"","adv-header-id-meta":"","stick-header-meta":"","header-above-stick-meta":"","header-main-stick-meta":"","header-below-stick-meta":"","astra-migrate-meta-layouts":"default","ast-page-background-enabled":"default","ast-page-background-meta":{"desktop":{"background-color":"var(--ast-global-color-5)","background-image":"","background-repeat":"repeat","background-position":"center center","background-size":"auto","background-attachment":"scroll","background-type":"","background-media":"","overlay-type":"","overlay-color":"","overlay-opacity":"","overlay-gradient":""},"tablet":{"background-color":"","background-image":"","background-repeat":"repeat","background-position":"center center","background-size":"auto","background-attachment":"scroll","background-type":"","background-media":"","overlay-type":"","overlay-color":"","overlay-opacity":"","overlay-gradient":""},"mobile":{"background-color":"","background-image":"","background-repeat":"repeat","background-position":"center center","background-size":"auto","background-attachment":"scroll","background-type":"","background-media":"","overlay-type":"","overlay-color":"","overlay-opacity":"","overlay-gradient":""}},"ast-content-background-meta":{"desktop":{"background-color":"var(--ast-global-color-4)","background-image":"","background-repeat":"repeat","background-position":"center center","background-size":"auto","background-attachment":"scroll","background-type":"","background-media":"","overlay-type":"","overlay-color":"","overlay-opacity":"","overlay-gradient":""},"tablet":{"background-color":"var(--ast-global-color-4)","background-image":"","background-repeat":"repeat","background-position":"center center","background-size":"auto","background-attachment":"scroll","background-type":"","background-media":"","overlay-type":"","overlay-color":"","overlay-opacity":"","overlay-gradient":""},"mobile":{"background-color":"var(--ast-global-color-4)","background-image":"","background-repeat":"repeat","background-position":"center center","background-size":"auto","background-attachment":"scroll","background-type":"","background-media":"","overlay-type":"","overlay-color":"","overlay-opacity":"","overlay-gradient":""}},"footnotes":""},"categories":[9],"tags":[],"class_list":["post-3580","post","type-post","status-publish","format-standard","has-post-thumbnail","hentry","category-mis-escritos"],"yoast_head":"<!-- This site is optimized with the Yoast SEO plugin v26.0 - https:\/\/yoast.com\/wordpress\/plugins\/seo\/ -->\n<title>Un d\u00eda que parec\u00eda normal - MI BLOG<\/title>\n<meta name=\"robots\" content=\"index, follow, max-snippet:-1, max-image-preview:large, max-video-preview:-1\" \/>\n<link rel=\"canonical\" href=\"https:\/\/viniciojarquin.com\/blog\/un-dia-que-parecia-normal-parte-1\/\" \/>\n<meta property=\"og:locale\" content=\"es_ES\" \/>\n<meta property=\"og:type\" content=\"article\" \/>\n<meta property=\"og:title\" content=\"Un d\u00eda que parec\u00eda normal - MI BLOG\" \/>\n<meta property=\"og:description\" content=\"Este d\u00eda parec\u00eda un d\u00eda normal. Desde ayer se sent\u00eda as\u00ed, como esos d\u00edas que uno ya tiene m\u00e1s o [&hellip;]\" \/>\n<meta property=\"og:url\" content=\"https:\/\/viniciojarquin.com\/blog\/un-dia-que-parecia-normal-parte-1\/\" \/>\n<meta property=\"og:site_name\" content=\"MI BLOG\" \/>\n<meta property=\"article:publisher\" content=\"https:\/\/www.facebook.com\/vinicio.jarquin\" \/>\n<meta property=\"article:author\" content=\"https:\/\/www.facebook.com\/vinicio.jarquin\" \/>\n<meta property=\"article:published_time\" content=\"2026-04-29T04:12:35+00:00\" \/>\n<meta property=\"article:modified_time\" content=\"2026-04-29T04:18:37+00:00\" \/>\n<meta property=\"og:image\" content=\"https:\/\/viniciojarquin.com\/blog\/wp-content\/uploads\/2026\/04\/Un-dia-que-parecia-normal.png\" \/>\n\t<meta property=\"og:image:width\" content=\"800\" \/>\n\t<meta property=\"og:image:height\" content=\"533\" \/>\n\t<meta property=\"og:image:type\" content=\"image\/png\" \/>\n<meta name=\"author\" content=\"Vinicio Jarqu\u00edn\" \/>\n<meta name=\"twitter:card\" content=\"summary_large_image\" \/>\n<meta name=\"twitter:label1\" content=\"Escrito por\" \/>\n\t<meta name=\"twitter:data1\" content=\"Vinicio Jarqu\u00edn\" \/>\n\t<meta name=\"twitter:label2\" content=\"Tiempo de lectura\" \/>\n\t<meta name=\"twitter:data2\" content=\"5 minutos\" \/>\n<script type=\"application\/ld+json\" class=\"yoast-schema-graph\">{\"@context\":\"https:\/\/schema.org\",\"@graph\":[{\"@type\":\"Article\",\"@id\":\"https:\/\/viniciojarquin.com\/blog\/un-dia-que-parecia-normal-parte-1\/#article\",\"isPartOf\":{\"@id\":\"https:\/\/viniciojarquin.com\/blog\/un-dia-que-parecia-normal-parte-1\/\"},\"author\":{\"name\":\"Vinicio Jarqu\u00edn\",\"@id\":\"https:\/\/viniciojarquin.com\/blog\/#\/schema\/person\/90100c8845ae55462ec0657d3d2f8d3b\"},\"headline\":\"Un d\u00eda que parec\u00eda normal\",\"datePublished\":\"2026-04-29T04:12:35+00:00\",\"dateModified\":\"2026-04-29T04:18:37+00:00\",\"mainEntityOfPage\":{\"@id\":\"https:\/\/viniciojarquin.com\/blog\/un-dia-que-parecia-normal-parte-1\/\"},\"wordCount\":1080,\"commentCount\":0,\"publisher\":{\"@id\":\"https:\/\/viniciojarquin.com\/blog\/#\/schema\/person\/90100c8845ae55462ec0657d3d2f8d3b\"},\"image\":{\"@id\":\"https:\/\/viniciojarquin.com\/blog\/un-dia-que-parecia-normal-parte-1\/#primaryimage\"},\"thumbnailUrl\":\"https:\/\/viniciojarquin.com\/blog\/wp-content\/uploads\/2026\/04\/Un-dia-que-parecia-normal.png\",\"articleSection\":[\"Escritos generales\"],\"inLanguage\":\"es\",\"potentialAction\":[{\"@type\":\"CommentAction\",\"name\":\"Comment\",\"target\":[\"https:\/\/viniciojarquin.com\/blog\/un-dia-que-parecia-normal-parte-1\/#respond\"]}]},{\"@type\":\"WebPage\",\"@id\":\"https:\/\/viniciojarquin.com\/blog\/un-dia-que-parecia-normal-parte-1\/\",\"url\":\"https:\/\/viniciojarquin.com\/blog\/un-dia-que-parecia-normal-parte-1\/\",\"name\":\"Un d\u00eda que parec\u00eda normal - MI BLOG\",\"isPartOf\":{\"@id\":\"https:\/\/viniciojarquin.com\/blog\/#website\"},\"primaryImageOfPage\":{\"@id\":\"https:\/\/viniciojarquin.com\/blog\/un-dia-que-parecia-normal-parte-1\/#primaryimage\"},\"image\":{\"@id\":\"https:\/\/viniciojarquin.com\/blog\/un-dia-que-parecia-normal-parte-1\/#primaryimage\"},\"thumbnailUrl\":\"https:\/\/viniciojarquin.com\/blog\/wp-content\/uploads\/2026\/04\/Un-dia-que-parecia-normal.png\",\"datePublished\":\"2026-04-29T04:12:35+00:00\",\"dateModified\":\"2026-04-29T04:18:37+00:00\",\"breadcrumb\":{\"@id\":\"https:\/\/viniciojarquin.com\/blog\/un-dia-que-parecia-normal-parte-1\/#breadcrumb\"},\"inLanguage\":\"es\",\"potentialAction\":[{\"@type\":\"ReadAction\",\"target\":[\"https:\/\/viniciojarquin.com\/blog\/un-dia-que-parecia-normal-parte-1\/\"]}]},{\"@type\":\"ImageObject\",\"inLanguage\":\"es\",\"@id\":\"https:\/\/viniciojarquin.com\/blog\/un-dia-que-parecia-normal-parte-1\/#primaryimage\",\"url\":\"https:\/\/viniciojarquin.com\/blog\/wp-content\/uploads\/2026\/04\/Un-dia-que-parecia-normal.png\",\"contentUrl\":\"https:\/\/viniciojarquin.com\/blog\/wp-content\/uploads\/2026\/04\/Un-dia-que-parecia-normal.png\",\"width\":800,\"height\":533},{\"@type\":\"BreadcrumbList\",\"@id\":\"https:\/\/viniciojarquin.com\/blog\/un-dia-que-parecia-normal-parte-1\/#breadcrumb\",\"itemListElement\":[{\"@type\":\"ListItem\",\"position\":1,\"name\":\"Portada\",\"item\":\"https:\/\/viniciojarquin.com\/blog\/\"},{\"@type\":\"ListItem\",\"position\":2,\"name\":\"Un d\u00eda que parec\u00eda normal\"}]},{\"@type\":\"WebSite\",\"@id\":\"https:\/\/viniciojarquin.com\/blog\/#website\",\"url\":\"https:\/\/viniciojarquin.com\/blog\/\",\"name\":\"Vinicio Jarqu\u00edn BLOG\",\"description\":\"\",\"publisher\":{\"@id\":\"https:\/\/viniciojarquin.com\/blog\/#\/schema\/person\/90100c8845ae55462ec0657d3d2f8d3b\"},\"potentialAction\":[{\"@type\":\"SearchAction\",\"target\":{\"@type\":\"EntryPoint\",\"urlTemplate\":\"https:\/\/viniciojarquin.com\/blog\/?s={search_term_string}\"},\"query-input\":{\"@type\":\"PropertyValueSpecification\",\"valueRequired\":true,\"valueName\":\"search_term_string\"}}],\"inLanguage\":\"es\"},{\"@type\":[\"Person\",\"Organization\"],\"@id\":\"https:\/\/viniciojarquin.com\/blog\/#\/schema\/person\/90100c8845ae55462ec0657d3d2f8d3b\",\"name\":\"Vinicio Jarqu\u00edn\",\"image\":{\"@type\":\"ImageObject\",\"inLanguage\":\"es\",\"@id\":\"https:\/\/viniciojarquin.com\/blog\/#\/schema\/person\/image\/\",\"url\":\"https:\/\/viniciojarquin.com\/blog\/wp-content\/uploads\/2024\/10\/Logo-VinicioJarquin-original-400.png\",\"contentUrl\":\"https:\/\/viniciojarquin.com\/blog\/wp-content\/uploads\/2024\/10\/Logo-VinicioJarquin-original-400.png\",\"width\":400,\"height\":130,\"caption\":\"Vinicio Jarqu\u00edn\"},\"logo\":{\"@id\":\"https:\/\/viniciojarquin.com\/blog\/#\/schema\/person\/image\/\"},\"description\":\"Empresario textil, artista pl\u00e1stico, escritor, coach de vida y fot\u00f3grafo.\",\"sameAs\":[\"https:\/\/viniciojarquin.com\/blog\",\"https:\/\/www.facebook.com\/vinicio.jarquin\",\"https:\/\/www.instagram.com\/vinicio_jarquin\/\",\"https:\/\/www.pinterest.com\/vinnyjc\/\",\"https:\/\/www.youtube.com\/@VinicioJarquin\"],\"url\":\"https:\/\/viniciojarquin.com\/blog\/author\/admin_s02au25i\/\"}]}<\/script>\n<!-- \/ Yoast SEO plugin. -->","yoast_head_json":{"title":"Un d\u00eda que parec\u00eda normal - MI BLOG","robots":{"index":"index","follow":"follow","max-snippet":"max-snippet:-1","max-image-preview":"max-image-preview:large","max-video-preview":"max-video-preview:-1"},"canonical":"https:\/\/viniciojarquin.com\/blog\/un-dia-que-parecia-normal-parte-1\/","og_locale":"es_ES","og_type":"article","og_title":"Un d\u00eda que parec\u00eda normal - MI BLOG","og_description":"Este d\u00eda parec\u00eda un d\u00eda normal. Desde ayer se sent\u00eda as\u00ed, como esos d\u00edas que uno ya tiene m\u00e1s o [&hellip;]","og_url":"https:\/\/viniciojarquin.com\/blog\/un-dia-que-parecia-normal-parte-1\/","og_site_name":"MI BLOG","article_publisher":"https:\/\/www.facebook.com\/vinicio.jarquin","article_author":"https:\/\/www.facebook.com\/vinicio.jarquin","article_published_time":"2026-04-29T04:12:35+00:00","article_modified_time":"2026-04-29T04:18:37+00:00","og_image":[{"width":800,"height":533,"url":"https:\/\/viniciojarquin.com\/blog\/wp-content\/uploads\/2026\/04\/Un-dia-que-parecia-normal.png","type":"image\/png"}],"author":"Vinicio Jarqu\u00edn","twitter_card":"summary_large_image","twitter_misc":{"Escrito por":"Vinicio Jarqu\u00edn","Tiempo de lectura":"5 minutos"},"schema":{"@context":"https:\/\/schema.org","@graph":[{"@type":"Article","@id":"https:\/\/viniciojarquin.com\/blog\/un-dia-que-parecia-normal-parte-1\/#article","isPartOf":{"@id":"https:\/\/viniciojarquin.com\/blog\/un-dia-que-parecia-normal-parte-1\/"},"author":{"name":"Vinicio Jarqu\u00edn","@id":"https:\/\/viniciojarquin.com\/blog\/#\/schema\/person\/90100c8845ae55462ec0657d3d2f8d3b"},"headline":"Un d\u00eda que parec\u00eda normal","datePublished":"2026-04-29T04:12:35+00:00","dateModified":"2026-04-29T04:18:37+00:00","mainEntityOfPage":{"@id":"https:\/\/viniciojarquin.com\/blog\/un-dia-que-parecia-normal-parte-1\/"},"wordCount":1080,"commentCount":0,"publisher":{"@id":"https:\/\/viniciojarquin.com\/blog\/#\/schema\/person\/90100c8845ae55462ec0657d3d2f8d3b"},"image":{"@id":"https:\/\/viniciojarquin.com\/blog\/un-dia-que-parecia-normal-parte-1\/#primaryimage"},"thumbnailUrl":"https:\/\/viniciojarquin.com\/blog\/wp-content\/uploads\/2026\/04\/Un-dia-que-parecia-normal.png","articleSection":["Escritos generales"],"inLanguage":"es","potentialAction":[{"@type":"CommentAction","name":"Comment","target":["https:\/\/viniciojarquin.com\/blog\/un-dia-que-parecia-normal-parte-1\/#respond"]}]},{"@type":"WebPage","@id":"https:\/\/viniciojarquin.com\/blog\/un-dia-que-parecia-normal-parte-1\/","url":"https:\/\/viniciojarquin.com\/blog\/un-dia-que-parecia-normal-parte-1\/","name":"Un d\u00eda que parec\u00eda normal - MI BLOG","isPartOf":{"@id":"https:\/\/viniciojarquin.com\/blog\/#website"},"primaryImageOfPage":{"@id":"https:\/\/viniciojarquin.com\/blog\/un-dia-que-parecia-normal-parte-1\/#primaryimage"},"image":{"@id":"https:\/\/viniciojarquin.com\/blog\/un-dia-que-parecia-normal-parte-1\/#primaryimage"},"thumbnailUrl":"https:\/\/viniciojarquin.com\/blog\/wp-content\/uploads\/2026\/04\/Un-dia-que-parecia-normal.png","datePublished":"2026-04-29T04:12:35+00:00","dateModified":"2026-04-29T04:18:37+00:00","breadcrumb":{"@id":"https:\/\/viniciojarquin.com\/blog\/un-dia-que-parecia-normal-parte-1\/#breadcrumb"},"inLanguage":"es","potentialAction":[{"@type":"ReadAction","target":["https:\/\/viniciojarquin.com\/blog\/un-dia-que-parecia-normal-parte-1\/"]}]},{"@type":"ImageObject","inLanguage":"es","@id":"https:\/\/viniciojarquin.com\/blog\/un-dia-que-parecia-normal-parte-1\/#primaryimage","url":"https:\/\/viniciojarquin.com\/blog\/wp-content\/uploads\/2026\/04\/Un-dia-que-parecia-normal.png","contentUrl":"https:\/\/viniciojarquin.com\/blog\/wp-content\/uploads\/2026\/04\/Un-dia-que-parecia-normal.png","width":800,"height":533},{"@type":"BreadcrumbList","@id":"https:\/\/viniciojarquin.com\/blog\/un-dia-que-parecia-normal-parte-1\/#breadcrumb","itemListElement":[{"@type":"ListItem","position":1,"name":"Portada","item":"https:\/\/viniciojarquin.com\/blog\/"},{"@type":"ListItem","position":2,"name":"Un d\u00eda que parec\u00eda normal"}]},{"@type":"WebSite","@id":"https:\/\/viniciojarquin.com\/blog\/#website","url":"https:\/\/viniciojarquin.com\/blog\/","name":"Vinicio Jarqu\u00edn BLOG","description":"","publisher":{"@id":"https:\/\/viniciojarquin.com\/blog\/#\/schema\/person\/90100c8845ae55462ec0657d3d2f8d3b"},"potentialAction":[{"@type":"SearchAction","target":{"@type":"EntryPoint","urlTemplate":"https:\/\/viniciojarquin.com\/blog\/?s={search_term_string}"},"query-input":{"@type":"PropertyValueSpecification","valueRequired":true,"valueName":"search_term_string"}}],"inLanguage":"es"},{"@type":["Person","Organization"],"@id":"https:\/\/viniciojarquin.com\/blog\/#\/schema\/person\/90100c8845ae55462ec0657d3d2f8d3b","name":"Vinicio Jarqu\u00edn","image":{"@type":"ImageObject","inLanguage":"es","@id":"https:\/\/viniciojarquin.com\/blog\/#\/schema\/person\/image\/","url":"https:\/\/viniciojarquin.com\/blog\/wp-content\/uploads\/2024\/10\/Logo-VinicioJarquin-original-400.png","contentUrl":"https:\/\/viniciojarquin.com\/blog\/wp-content\/uploads\/2024\/10\/Logo-VinicioJarquin-original-400.png","width":400,"height":130,"caption":"Vinicio Jarqu\u00edn"},"logo":{"@id":"https:\/\/viniciojarquin.com\/blog\/#\/schema\/person\/image\/"},"description":"Empresario textil, artista pl\u00e1stico, escritor, coach de vida y fot\u00f3grafo.","sameAs":["https:\/\/viniciojarquin.com\/blog","https:\/\/www.facebook.com\/vinicio.jarquin","https:\/\/www.instagram.com\/vinicio_jarquin\/","https:\/\/www.pinterest.com\/vinnyjc\/","https:\/\/www.youtube.com\/@VinicioJarquin"],"url":"https:\/\/viniciojarquin.com\/blog\/author\/admin_s02au25i\/"}]}},"blog_post_layout_featured_media_urls":{"thumbnail":["https:\/\/viniciojarquin.com\/blog\/wp-content\/uploads\/2026\/04\/Un-dia-que-parecia-normal-150x150.png",150,150,true],"full":["https:\/\/viniciojarquin.com\/blog\/wp-content\/uploads\/2026\/04\/Un-dia-que-parecia-normal.png",800,533,false]},"categories_names":{"9":{"name":"Escritos generales","link":"https:\/\/viniciojarquin.com\/blog\/category\/mis-escritos\/"}},"tags_names":[],"comments_number":"0","_links":{"self":[{"href":"https:\/\/viniciojarquin.com\/blog\/wp-json\/wp\/v2\/posts\/3580","targetHints":{"allow":["GET"]}}],"collection":[{"href":"https:\/\/viniciojarquin.com\/blog\/wp-json\/wp\/v2\/posts"}],"about":[{"href":"https:\/\/viniciojarquin.com\/blog\/wp-json\/wp\/v2\/types\/post"}],"author":[{"embeddable":true,"href":"https:\/\/viniciojarquin.com\/blog\/wp-json\/wp\/v2\/users\/1"}],"replies":[{"embeddable":true,"href":"https:\/\/viniciojarquin.com\/blog\/wp-json\/wp\/v2\/comments?post=3580"}],"version-history":[{"count":3,"href":"https:\/\/viniciojarquin.com\/blog\/wp-json\/wp\/v2\/posts\/3580\/revisions"}],"predecessor-version":[{"id":3585,"href":"https:\/\/viniciojarquin.com\/blog\/wp-json\/wp\/v2\/posts\/3580\/revisions\/3585"}],"wp:featuredmedia":[{"embeddable":true,"href":"https:\/\/viniciojarquin.com\/blog\/wp-json\/wp\/v2\/media\/3582"}],"wp:attachment":[{"href":"https:\/\/viniciojarquin.com\/blog\/wp-json\/wp\/v2\/media?parent=3580"}],"wp:term":[{"taxonomy":"category","embeddable":true,"href":"https:\/\/viniciojarquin.com\/blog\/wp-json\/wp\/v2\/categories?post=3580"},{"taxonomy":"post_tag","embeddable":true,"href":"https:\/\/viniciojarquin.com\/blog\/wp-json\/wp\/v2\/tags?post=3580"}],"curies":[{"name":"wp","href":"https:\/\/api.w.org\/{rel}","templated":true}]}}